{"id":7695,"date":"2020-02-26T17:36:00","date_gmt":"2020-02-26T16:36:00","guid":{"rendered":"https:\/\/eikonos.com\/?p=7695"},"modified":"2020-02-26T17:36:00","modified_gmt":"2020-02-26T16:36:00","slug":"importancia-sistemes-i-equipaments-audio-i-so","status":"publish","type":"post","link":"https:\/\/eikonos.com\/ca\/blog\/importancia-sistemes-i-equipaments-audio-i-so\/","title":{"rendered":"La import\u00e0ncia dels sistemes i equipaments d\u2019\u00e0udio i so"},"content":{"rendered":"\n<p>Les empreses que realitzen <a href=\"https:\/\/eikonos.com\/ca\/blog\/que-necessites-per-a-organitzar-un-esdeveniment-corporatiu\/\">esdeveniments audiovisuals<\/a> inverteixen molts\nrecursos amb l\u2019objectiu de crear un ambient confortable per als seus convidats.\nEn aquest sentit, el so \u00e9s important en qualsevol esdeveniment gr\u00e0cies a\nl\u2019experi\u00e8ncia integral que pot oferir. <\/p>\n\n\n\n<p>Considerant la mida de la localitzaci\u00f3 i de l\u2019audi\u00e8ncia,\nel prop\u00f2sit de l\u2019esdeveniment, i si \u00e9s en interior o exterior, es necessitaran <strong>amplificadors, micr\u00f2fons i altaveus<\/strong>\nperqu\u00e8 el so sigui clar. La gamma de sistemes disponibles per a diferents aplicacions\n\u00e9s enorme i des d\u2019EIKONOS podem ajudar-te a triar la millor opci\u00f3 per al teu\nesdeveniment. <\/p>\n\n\n\n<p>Quins\nelements s\u00f3n necessaris perqu\u00e8 un sistema de so i \u00e0udio funcioni sense\nproblemes?<\/p>\n\n\n\n<p>Els equipaments de so i \u00e0udio utilitzen m\u00faltiples\ncomponents electr\u00f2nics per a gestionar i transmetre el so. Aix\u00f2 pot afectar i\nproduir brunzits en altres dispositius del <a href=\"https:\/\/eikonos.com\/ca\/portfolio_page\/equips-il%c2%b7luminacio\/\">sistema\nd\u2019il\u00b7luminaci\u00f3<\/a> si s\u2019alimenten de la mateixa font d\u2019energia. Per aquest\nmotiu, \u00e9s recomanable separar les fonts d\u2019energia d\u2019\u00e0udio i il\u00b7luminaci\u00f3 en la\nproducci\u00f3 d\u2019esdeveniments. Tamb\u00e9 \u00e9s necessari realitzar assajos previs per\nassegurar que qualsevol problema pot solucionar-se amb el temps suficient. Amb\nuna mica d\u2019atenci\u00f3 al detall i alguns consells professionals es pot aconseguir\nun so excel\u00b7lent i equilibrat el qual ajudi a real\u00e7ar l\u2019experi\u00e8ncia.<\/p>\n\n\n\n<div style=\"height:40px\" aria-hidden=\"true\" class=\"wp-block-spacer\"><\/div>\n\n\n\n<h2 style=\"color:#f20000;\">Sistemes de monitoratge<\/h2>\n\n\n\n<p>A\nl\u2019escenari els sons sonen molt diferent en comparaci\u00f3 a quan ets a l\u2019audi\u00e8ncia.\nEls monitors, com els sistemes in-ear o les cunyes d\u2019escenari, resolen aquest\nproblema. <\/p>\n\n\n\n<div style=\"height:40px\" aria-hidden=\"true\" class=\"wp-block-spacer\"><\/div>\n\n\n\n<h2 style=\"color:#f20000;\">Micr\u00f2fons<\/h2>\n\n\n\n<p>Hi ha tres tipus b\u00e0sics de micr\u00f2fons: Els <strong>micr\u00f2fons unidireccionals<\/strong>; ideals per a\nveus o petits instruments, els <strong>micr\u00f2fons\nbidireccionals<\/strong>; excel\u00b7lents per a di\u00e0legs entre dues persones, i els <strong>micr\u00f2fons omnidireccionals<\/strong>; capturen l\u2019\u00e0udio\nen un escenari per, per exemple, cors o grans instruments. Tamb\u00e9 hi ha <strong>micr\u00f2fons sense fil de diadema o de solapa<\/strong>\nque deixen les mans lliures.<\/p>\n\n\n\n<div style=\"height:40px\" aria-hidden=\"true\" class=\"wp-block-spacer\"><\/div>\n\n\n\n<h2 style=\"color:#f20000;\">Altaveus<\/h2>\n\n\n\n<p>Els altaveus tenen\nun con de so projectat cap al front. Quan col\u00b7loquem els altaveus a l\u2019extrem\nesquerre i dret d\u2019un escenari, es forma una bretxa de so en el centre. Per a\nevitar aix\u00f2, s\u2019utilitzen sistemes de retard i desbordament per a crear un so\nuniforme en tot l\u2019espai. M\u00e9s volum no vol dir m\u00e9s so si hi ha zones en les\nquals el so no arriba. <\/p>\n\n\n\n<div style=\"height:40px\" aria-hidden=\"true\" class=\"wp-block-spacer\"><\/div>\n\n\n\n<h2 style=\"color:#f20000;\">Amplificadors<\/h2>\n\n\n\n<p>Un amplificador \u00e9s\nun dispositiu electr\u00f2nic que pren un senyal i augmenta la seva pot\u00e8ncia, \u00e9s a\ndir, augmenta l\u2019amplitud. <\/p>\n\n\n\n<p>Els ohms s\u00f3n una\nmesura de resist\u00e8ncia i ens diuen com de resistents s\u00f3n els amplificadors i els\naltaveus respecte a l\u2019electricitat. El m\u00e9s important \u00e9s que els altaveus i els\namplificadors tinguin la mateixa classificaci\u00f3 d\u2019ohms. Per altra banda, la\npot\u00e8ncia es mesura en watts i s\u2019ha d\u2019utilitzar un amplificador un 50% m\u00e9s\npotent que els altaveus. <\/p>\n\n\n\n<div style=\"height:40px\" aria-hidden=\"true\" class=\"wp-block-spacer\"><\/div>\n\n\n\n<h2 style=\"color:#f20000;\">Preamplificador \/ guany<\/h2>\n\n\n\n<p>Un preamplificador\naugmenta el nivell dels senyals i actua sobre la tensi\u00f3 del senyal d\u2019entrada\nconnectat directament als micr\u00f2fons o utilitzant una \u201cserp d\u2019escenari\u201d. S\u2019amplifica\nel micr\u00f2fon utilitzant el potenci\u00f2metre de guany en el preamplificador. Qu\u00e8 \u00e9s exactament\nel guany? Pot considerar-se com la sensibilitat del micr\u00f2fon. Augmenta la\nintensitat del qual el micr\u00f2fon pot \u201cescoltar\u201d i s\u2019utilitza per assignar la\nintensitat apropiada a cada instrument. <\/p>\n\n\n\n<div style=\"height:40px\" aria-hidden=\"true\" class=\"wp-block-spacer\"><\/div>\n\n\n\n<h2 style=\"color:#f20000;\">Processadors de senyal<\/h2>\n\n\n\n<p>Els processadors de\nsenyal s\u00f3n dispositius per augmentar la qualitat del so. Els processadors m\u00e9s\ncomuns permeten ajustos tonals, de greus a aguts o en efectes com el retard i\nla reverberaci\u00f3. <\/p>\n\n\n\n<div style=\"height:40px\" aria-hidden=\"true\" class=\"wp-block-spacer\"><\/div>\n\n\n\n<h2 style=\"color:#f20000;\">Taula de mescles<\/h2>\n\n\n\n<p>El mesclador \u00e9s la base d\u2019operacions per \u201cmesclar\u201d pistes\nmanipulant nivells de volum, enviant feeds o ajustant din\u00e0micament l\u2019equalitzaci\u00f3\nde l\u2019espai. \u00c9s on totes les entrades (micr\u00f2fons, instruments, FX, etc.) es\ncontrolen, es processen i s\u2019encaminen a les sortides apropiades.<\/p>\n\n\n\n<p>A EIKONOS aprenem una cosa nova en cada projecte. Despr\u00e9s\nde molts esdeveniments, disposem de <a href=\"https:\/\/eikonos.com\/ca\/nosaltres\/\">t\u00e8cnics\nd\u2019\u00e0udio<\/a> molt qualificats i competents, aix\u00ed com sistemes i equipaments d\u2019\u00e0udio\ni so de la qualitat m\u00e9s alta. El nostre equip de t\u00e8cnics AV professionals\nentregar\u00e0, configurar\u00e0 i operar\u00e0 tots els nostres equipaments d\u2019\u00e0udio, v\u00eddeo i\nil\u00b7luminaci\u00f3. Tot i que a EIKONOS tamb\u00e9 oferim un servei de <a href=\"https:\/\/eikonos.com\/ca\/portfolio_page\/equips-de-so\/\">lloguer d\u2019equipaments\naudiovisuals<\/a>. <\/p>\n\n\n\n<p>Si necessites assessorament no dubtis a consultar amb l\u2019equip\nd\u2019experts d\u2019EIKONOS. <a href=\"https:\/\/eikonos.com\/ca\/contacte\/\">Parlem!<\/a><\/p>\n\n\n\n<p><\/p>\n","protected":false},"excerpt":{"rendered":"<p>Les empreses que realitzen esdeveniments audiovisuals inverteixen molts recursos amb l\u2019objectiu de crear un ambient&#8230;<\/p>\n","protected":false},"author":6,"featured_media":7681,"comment_status":"open","ping_status":"open","sticky":false,"template":"","format":"standard","meta":{"_acf_changed":false,"footnotes":""},"categories":[1],"tags":[],"class_list":["post-7695","post","type-post","status-publish","format-standard","has-post-thumbnail","hentry","category-sin-categorizar"],"acf":[],"yoast_head":"<!-- This site is optimized with the Yoast SEO plugin v26.3 - https:\/\/yoast.com\/wordpress\/plugins\/seo\/ -->\n<title>La import\u00e0ncia dels sistemes i equipaments d\u2019\u00e0udio i so<\/title>\n<meta name=\"description\" content=\"Descobreix la import\u00e0ncia dels equipaments d&#039;\u00e0udio i so i tots els elements necessaris perqu\u00e8 funcionin sense cap problema.\" \/>\n<meta name=\"robots\" content=\"index, follow, max-snippet:-1, max-image-preview:large, max-video-preview:-1\" \/>\n<link rel=\"canonical\" href=\"https:\/\/eikonos.com\/ca\/blog\/importancia-sistemes-i-equipaments-audio-i-so\/\" \/>\n<meta property=\"og:locale\" content=\"ca_ES\" \/>\n<meta property=\"og:type\" content=\"article\" \/>\n<meta property=\"og:title\" content=\"La import\u00e0ncia dels sistemes i equipaments d\u2019\u00e0udio i so\" \/>\n<meta property=\"og:description\" content=\"Descobreix la import\u00e0ncia dels equipaments d&#039;\u00e0udio i so i tots els elements necessaris perqu\u00e8 funcionin sense cap problema.\" \/>\n<meta property=\"og:url\" content=\"https:\/\/eikonos.com\/ca\/blog\/importancia-sistemes-i-equipaments-audio-i-so\/\" \/>\n<meta property=\"og:site_name\" content=\"EIKONOS\" \/>\n<meta property=\"article:publisher\" content=\"http:\/\/www.facebook.com\/pages\/Eikonos\/176324785746790\" \/>\n<meta property=\"article:published_time\" content=\"2020-02-26T16:36:00+00:00\" \/>\n<meta property=\"og:image\" content=\"https:\/\/eikonos.com\/wp-content\/uploads\/2020\/02\/Equipos-audio-sonido.jpg\" \/>\n\t<meta property=\"og:image:width\" content=\"1006\" \/>\n\t<meta property=\"og:image:height\" content=\"566\" \/>\n\t<meta property=\"og:image:type\" content=\"image\/jpeg\" \/>\n<meta name=\"author\" content=\"Xavi Eikonos\" \/>\n<meta name=\"twitter:card\" content=\"summary_large_image\" \/>\n<meta name=\"twitter:creator\" content=\"@eikonos_sa\" \/>\n<meta name=\"twitter:site\" content=\"@eikonos_sa\" \/>\n<meta name=\"twitter:label1\" content=\"Escrit per\" \/>\n\t<meta name=\"twitter:data1\" content=\"Xavi Eikonos\" \/>\n\t<meta name=\"twitter:label2\" content=\"Temps estimat de lectura\" \/>\n\t<meta name=\"twitter:data2\" content=\"4 minuts\" \/>\n<script type=\"application\/ld+json\" class=\"yoast-schema-graph\">{\"@context\":\"https:\/\/schema.org\",\"@graph\":[{\"@type\":\"Article\",\"@id\":\"https:\/\/eikonos.com\/ca\/blog\/importancia-sistemes-i-equipaments-audio-i-so\/#article\",\"isPartOf\":{\"@id\":\"https:\/\/eikonos.com\/ca\/blog\/importancia-sistemes-i-equipaments-audio-i-so\/\"},\"author\":{\"name\":\"Xavi Eikonos\",\"@id\":\"https:\/\/eikonos.com\/ca\/#\/schema\/person\/82032860cc314d826959b90595a5280a\"},\"headline\":\"La import\u00e0ncia dels sistemes i equipaments d\u2019\u00e0udio i so\",\"datePublished\":\"2020-02-26T16:36:00+00:00\",\"mainEntityOfPage\":{\"@id\":\"https:\/\/eikonos.com\/ca\/blog\/importancia-sistemes-i-equipaments-audio-i-so\/\"},\"wordCount\":762,\"commentCount\":0,\"publisher\":{\"@id\":\"https:\/\/eikonos.com\/ca\/#organization\"},\"image\":{\"@id\":\"https:\/\/eikonos.com\/ca\/blog\/importancia-sistemes-i-equipaments-audio-i-so\/#primaryimage\"},\"thumbnailUrl\":\"https:\/\/eikonos.com\/wp-content\/uploads\/2020\/02\/Equipos-audio-sonido.jpg\",\"articleSection\":[\"Sin categorizar\"],\"inLanguage\":\"ca\",\"potentialAction\":[{\"@type\":\"CommentAction\",\"name\":\"Comment\",\"target\":[\"https:\/\/eikonos.com\/ca\/blog\/importancia-sistemes-i-equipaments-audio-i-so\/#respond\"]}]},{\"@type\":\"WebPage\",\"@id\":\"https:\/\/eikonos.com\/ca\/blog\/importancia-sistemes-i-equipaments-audio-i-so\/\",\"url\":\"https:\/\/eikonos.com\/ca\/blog\/importancia-sistemes-i-equipaments-audio-i-so\/\",\"name\":\"La import\u00e0ncia dels sistemes i equipaments d\u2019\u00e0udio i so\",\"isPartOf\":{\"@id\":\"https:\/\/eikonos.com\/ca\/#website\"},\"primaryImageOfPage\":{\"@id\":\"https:\/\/eikonos.com\/ca\/blog\/importancia-sistemes-i-equipaments-audio-i-so\/#primaryimage\"},\"image\":{\"@id\":\"https:\/\/eikonos.com\/ca\/blog\/importancia-sistemes-i-equipaments-audio-i-so\/#primaryimage\"},\"thumbnailUrl\":\"https:\/\/eikonos.com\/wp-content\/uploads\/2020\/02\/Equipos-audio-sonido.jpg\",\"datePublished\":\"2020-02-26T16:36:00+00:00\",\"description\":\"Descobreix la import\u00e0ncia dels equipaments d'\u00e0udio i so i tots els elements necessaris perqu\u00e8 funcionin sense cap problema.\",\"breadcrumb\":{\"@id\":\"https:\/\/eikonos.com\/ca\/blog\/importancia-sistemes-i-equipaments-audio-i-so\/#breadcrumb\"},\"inLanguage\":\"ca\",\"potentialAction\":[{\"@type\":\"ReadAction\",\"target\":[\"https:\/\/eikonos.com\/ca\/blog\/importancia-sistemes-i-equipaments-audio-i-so\/\"]}]},{\"@type\":\"ImageObject\",\"inLanguage\":\"ca\",\"@id\":\"https:\/\/eikonos.com\/ca\/blog\/importancia-sistemes-i-equipaments-audio-i-so\/#primaryimage\",\"url\":\"https:\/\/eikonos.com\/wp-content\/uploads\/2020\/02\/Equipos-audio-sonido.jpg\",\"contentUrl\":\"https:\/\/eikonos.com\/wp-content\/uploads\/2020\/02\/Equipos-audio-sonido.jpg\",\"width\":1006,\"height\":566,\"caption\":\"Equipos audio y sonido\"},{\"@type\":\"BreadcrumbList\",\"@id\":\"https:\/\/eikonos.com\/ca\/blog\/importancia-sistemes-i-equipaments-audio-i-so\/#breadcrumb\",\"itemListElement\":[{\"@type\":\"ListItem\",\"position\":1,\"name\":\"EIKONOS\",\"item\":\"https:\/\/eikonos.com\/ca\/inici\/\"},{\"@type\":\"ListItem\",\"position\":2,\"name\":\"La import\u00e0ncia dels sistemes i equipaments d\u2019\u00e0udio i so\"}]},{\"@type\":\"WebSite\",\"@id\":\"https:\/\/eikonos.com\/ca\/#website\",\"url\":\"https:\/\/eikonos.com\/ca\/\",\"name\":\"EIKONOS\",\"description\":\"EXPERIENCIA AUDIOVISUAL\",\"publisher\":{\"@id\":\"https:\/\/eikonos.com\/ca\/#organization\"},\"potentialAction\":[{\"@type\":\"SearchAction\",\"target\":{\"@type\":\"EntryPoint\",\"urlTemplate\":\"https:\/\/eikonos.com\/ca\/?s={search_term_string}\"},\"query-input\":{\"@type\":\"PropertyValueSpecification\",\"valueRequired\":true,\"valueName\":\"search_term_string\"}}],\"inLanguage\":\"ca\"},{\"@type\":\"Organization\",\"@id\":\"https:\/\/eikonos.com\/ca\/#organization\",\"name\":\"EIKONOS | Servicios Audiovisuales, eventos y alquiler de equipos\",\"url\":\"https:\/\/eikonos.com\/ca\/\",\"logo\":{\"@type\":\"ImageObject\",\"inLanguage\":\"ca\",\"@id\":\"https:\/\/eikonos.com\/ca\/#\/schema\/logo\/image\/\",\"url\":\"https:\/\/eikonos.com\/wp-content\/uploads\/2020\/08\/logo-color.png\",\"contentUrl\":\"https:\/\/eikonos.com\/wp-content\/uploads\/2020\/08\/logo-color.png\",\"width\":376,\"height\":122,\"caption\":\"EIKONOS | Servicios Audiovisuales, eventos y alquiler de equipos\"},\"image\":{\"@id\":\"https:\/\/eikonos.com\/ca\/#\/schema\/logo\/image\/\"},\"sameAs\":[\"http:\/\/www.facebook.com\/pages\/Eikonos\/176324785746790\",\"https:\/\/x.com\/eikonos_sa\",\"http:\/\/www.linkedin.com\/company\/eikonos\",\"http:\/\/www.youtube.com\/channel\/UC8wcizWaAYbfsuqVf9wIT6w\"]},{\"@type\":\"Person\",\"@id\":\"https:\/\/eikonos.com\/ca\/#\/schema\/person\/82032860cc314d826959b90595a5280a\",\"name\":\"Xavi Eikonos\",\"image\":{\"@type\":\"ImageObject\",\"inLanguage\":\"ca\",\"@id\":\"https:\/\/eikonos.com\/ca\/#\/schema\/person\/image\/\",\"url\":\"https:\/\/secure.gravatar.com\/avatar\/a6c6b51dd0ac6902701aab24a914f6febe1518f94a5ae06db08b3d6107248dfd?s=96&d=mm&r=g\",\"contentUrl\":\"https:\/\/secure.gravatar.com\/avatar\/a6c6b51dd0ac6902701aab24a914f6febe1518f94a5ae06db08b3d6107248dfd?s=96&d=mm&r=g\",\"caption\":\"Xavi Eikonos\"}}]}<\/script>\n<!-- \/ Yoast SEO plugin. -->","yoast_head_json":{"title":"La import\u00e0ncia dels sistemes i equipaments d\u2019\u00e0udio i so","description":"Descobreix la import\u00e0ncia dels equipaments d'\u00e0udio i so i tots els elements necessaris perqu\u00e8 funcionin sense cap problema.","robots":{"index":"index","follow":"follow","max-snippet":"max-snippet:-1","max-image-preview":"max-image-preview:large","max-video-preview":"max-video-preview:-1"},"canonical":"https:\/\/eikonos.com\/ca\/blog\/importancia-sistemes-i-equipaments-audio-i-so\/","og_locale":"ca_ES","og_type":"article","og_title":"La import\u00e0ncia dels sistemes i equipaments d\u2019\u00e0udio i so","og_description":"Descobreix la import\u00e0ncia dels equipaments d'\u00e0udio i so i tots els elements necessaris perqu\u00e8 funcionin sense cap problema.","og_url":"https:\/\/eikonos.com\/ca\/blog\/importancia-sistemes-i-equipaments-audio-i-so\/","og_site_name":"EIKONOS","article_publisher":"http:\/\/www.facebook.com\/pages\/Eikonos\/176324785746790","article_published_time":"2020-02-26T16:36:00+00:00","og_image":[{"width":1006,"height":566,"url":"https:\/\/eikonos.com\/wp-content\/uploads\/2020\/02\/Equipos-audio-sonido.jpg","type":"image\/jpeg"}],"author":"Xavi Eikonos","twitter_card":"summary_large_image","twitter_creator":"@eikonos_sa","twitter_site":"@eikonos_sa","twitter_misc":{"Escrit per":"Xavi Eikonos","Temps estimat de lectura":"4 minuts"},"schema":{"@context":"https:\/\/schema.org","@graph":[{"@type":"Article","@id":"https:\/\/eikonos.com\/ca\/blog\/importancia-sistemes-i-equipaments-audio-i-so\/#article","isPartOf":{"@id":"https:\/\/eikonos.com\/ca\/blog\/importancia-sistemes-i-equipaments-audio-i-so\/"},"author":{"name":"Xavi Eikonos","@id":"https:\/\/eikonos.com\/ca\/#\/schema\/person\/82032860cc314d826959b90595a5280a"},"headline":"La import\u00e0ncia dels sistemes i equipaments d\u2019\u00e0udio i so","datePublished":"2020-02-26T16:36:00+00:00","mainEntityOfPage":{"@id":"https:\/\/eikonos.com\/ca\/blog\/importancia-sistemes-i-equipaments-audio-i-so\/"},"wordCount":762,"commentCount":0,"publisher":{"@id":"https:\/\/eikonos.com\/ca\/#organization"},"image":{"@id":"https:\/\/eikonos.com\/ca\/blog\/importancia-sistemes-i-equipaments-audio-i-so\/#primaryimage"},"thumbnailUrl":"https:\/\/eikonos.com\/wp-content\/uploads\/2020\/02\/Equipos-audio-sonido.jpg","articleSection":["Sin categorizar"],"inLanguage":"ca","potentialAction":[{"@type":"CommentAction","name":"Comment","target":["https:\/\/eikonos.com\/ca\/blog\/importancia-sistemes-i-equipaments-audio-i-so\/#respond"]}]},{"@type":"WebPage","@id":"https:\/\/eikonos.com\/ca\/blog\/importancia-sistemes-i-equipaments-audio-i-so\/","url":"https:\/\/eikonos.com\/ca\/blog\/importancia-sistemes-i-equipaments-audio-i-so\/","name":"La import\u00e0ncia dels sistemes i equipaments d\u2019\u00e0udio i so","isPartOf":{"@id":"https:\/\/eikonos.com\/ca\/#website"},"primaryImageOfPage":{"@id":"https:\/\/eikonos.com\/ca\/blog\/importancia-sistemes-i-equipaments-audio-i-so\/#primaryimage"},"image":{"@id":"https:\/\/eikonos.com\/ca\/blog\/importancia-sistemes-i-equipaments-audio-i-so\/#primaryimage"},"thumbnailUrl":"https:\/\/eikonos.com\/wp-content\/uploads\/2020\/02\/Equipos-audio-sonido.jpg","datePublished":"2020-02-26T16:36:00+00:00","description":"Descobreix la import\u00e0ncia dels equipaments d'\u00e0udio i so i tots els elements necessaris perqu\u00e8 funcionin sense cap problema.","breadcrumb":{"@id":"https:\/\/eikonos.com\/ca\/blog\/importancia-sistemes-i-equipaments-audio-i-so\/#breadcrumb"},"inLanguage":"ca","potentialAction":[{"@type":"ReadAction","target":["https:\/\/eikonos.com\/ca\/blog\/importancia-sistemes-i-equipaments-audio-i-so\/"]}]},{"@type":"ImageObject","inLanguage":"ca","@id":"https:\/\/eikonos.com\/ca\/blog\/importancia-sistemes-i-equipaments-audio-i-so\/#primaryimage","url":"https:\/\/eikonos.com\/wp-content\/uploads\/2020\/02\/Equipos-audio-sonido.jpg","contentUrl":"https:\/\/eikonos.com\/wp-content\/uploads\/2020\/02\/Equipos-audio-sonido.jpg","width":1006,"height":566,"caption":"Equipos audio y sonido"},{"@type":"BreadcrumbList","@id":"https:\/\/eikonos.com\/ca\/blog\/importancia-sistemes-i-equipaments-audio-i-so\/#breadcrumb","itemListElement":[{"@type":"ListItem","position":1,"name":"EIKONOS","item":"https:\/\/eikonos.com\/ca\/inici\/"},{"@type":"ListItem","position":2,"name":"La import\u00e0ncia dels sistemes i equipaments d\u2019\u00e0udio i so"}]},{"@type":"WebSite","@id":"https:\/\/eikonos.com\/ca\/#website","url":"https:\/\/eikonos.com\/ca\/","name":"EIKONOS","description":"EXPERIENCIA AUDIOVISUAL","publisher":{"@id":"https:\/\/eikonos.com\/ca\/#organization"},"potentialAction":[{"@type":"SearchAction","target":{"@type":"EntryPoint","urlTemplate":"https:\/\/eikonos.com\/ca\/?s={search_term_string}"},"query-input":{"@type":"PropertyValueSpecification","valueRequired":true,"valueName":"search_term_string"}}],"inLanguage":"ca"},{"@type":"Organization","@id":"https:\/\/eikonos.com\/ca\/#organization","name":"EIKONOS | Servicios Audiovisuales, eventos y alquiler de equipos","url":"https:\/\/eikonos.com\/ca\/","logo":{"@type":"ImageObject","inLanguage":"ca","@id":"https:\/\/eikonos.com\/ca\/#\/schema\/logo\/image\/","url":"https:\/\/eikonos.com\/wp-content\/uploads\/2020\/08\/logo-color.png","contentUrl":"https:\/\/eikonos.com\/wp-content\/uploads\/2020\/08\/logo-color.png","width":376,"height":122,"caption":"EIKONOS | Servicios Audiovisuales, eventos y alquiler de equipos"},"image":{"@id":"https:\/\/eikonos.com\/ca\/#\/schema\/logo\/image\/"},"sameAs":["http:\/\/www.facebook.com\/pages\/Eikonos\/176324785746790","https:\/\/x.com\/eikonos_sa","http:\/\/www.linkedin.com\/company\/eikonos","http:\/\/www.youtube.com\/channel\/UC8wcizWaAYbfsuqVf9wIT6w"]},{"@type":"Person","@id":"https:\/\/eikonos.com\/ca\/#\/schema\/person\/82032860cc314d826959b90595a5280a","name":"Xavi Eikonos","image":{"@type":"ImageObject","inLanguage":"ca","@id":"https:\/\/eikonos.com\/ca\/#\/schema\/person\/image\/","url":"https:\/\/secure.gravatar.com\/avatar\/a6c6b51dd0ac6902701aab24a914f6febe1518f94a5ae06db08b3d6107248dfd?s=96&d=mm&r=g","contentUrl":"https:\/\/secure.gravatar.com\/avatar\/a6c6b51dd0ac6902701aab24a914f6febe1518f94a5ae06db08b3d6107248dfd?s=96&d=mm&r=g","caption":"Xavi Eikonos"}}]}},"_links":{"self":[{"href":"https:\/\/eikonos.com\/ca\/wp-json\/wp\/v2\/posts\/7695","targetHints":{"allow":["GET"]}}],"collection":[{"href":"https:\/\/eikonos.com\/ca\/wp-json\/wp\/v2\/posts"}],"about":[{"href":"https:\/\/eikonos.com\/ca\/wp-json\/wp\/v2\/types\/post"}],"author":[{"embeddable":true,"href":"https:\/\/eikonos.com\/ca\/wp-json\/wp\/v2\/users\/6"}],"replies":[{"embeddable":true,"href":"https:\/\/eikonos.com\/ca\/wp-json\/wp\/v2\/comments?post=7695"}],"version-history":[{"count":0,"href":"https:\/\/eikonos.com\/ca\/wp-json\/wp\/v2\/posts\/7695\/revisions"}],"wp:featuredmedia":[{"embeddable":true,"href":"https:\/\/eikonos.com\/ca\/wp-json\/wp\/v2\/media\/7681"}],"wp:attachment":[{"href":"https:\/\/eikonos.com\/ca\/wp-json\/wp\/v2\/media?parent=7695"}],"wp:term":[{"taxonomy":"category","embeddable":true,"href":"https:\/\/eikonos.com\/ca\/wp-json\/wp\/v2\/categories?post=7695"},{"taxonomy":"post_tag","embeddable":true,"href":"https:\/\/eikonos.com\/ca\/wp-json\/wp\/v2\/tags?post=7695"}],"curies":[{"name":"wp","href":"https:\/\/api.w.org\/{rel}","templated":true}]}}