{"id":7598,"date":"2020-01-21T16:08:00","date_gmt":"2020-01-21T15:08:00","guid":{"rendered":"https:\/\/eikonos.com\/?p=7598"},"modified":"2020-01-21T16:08:00","modified_gmt":"2020-01-21T15:08:00","slug":"que-necessites-per-a-organitzar-un-esdeveniment-corporatiu","status":"publish","type":"post","link":"https:\/\/eikonos.com\/ca\/blog\/que-necessites-per-a-organitzar-un-esdeveniment-corporatiu\/","title":{"rendered":"Qu\u00e8 necessites per a organitzar un esdeveniment corporatiu?"},"content":{"rendered":"\n<p>Els\nesdeveniments corporatius s\u00f3n indispensables en tot pla de comunicaci\u00f3 i\nm\u00e0rqueting d\u2019una empresa. Els podem utilitzar no nom\u00e9s amb finalitats\ncomercials, sin\u00f3 tamb\u00e9 per a fidelitzar a clients, millorar la relaci\u00f3 dels\ntreballadors, atraure inversors i refor\u00e7ar el comprom\u00eds empresarial quan la\ncompanyia t\u00e9 diferents seus. El fet <a href=\"https:\/\/eikonos.com\/ca\/blog\/necessito-ajuda-per-organitzar-un-esdeveniment-el-que-necessites-es-un-event-planner\/\">d\u2019organitzar un\nesdeveniment corporatiu<\/a> pot convertir-se en un enorme repte; sobretot si es\ntracta d\u2019un projecte d\u2019una persona que no t\u00e9 coneixement de tots els elements a\nconsiderar per a la seva organitzaci\u00f3. <\/p>\n\n\n\n<p>Aquests\nnormalment tenen lloc en determinats moments i, per al seu desenvolupament, pot\naflorar la necessitat <a href=\"https:\/\/eikonos.com\/ca\/serveis\/lloguer-equips\/\">d\u2019equipament audiovisual<\/a> amb el qual cobrir tots\nels requeriments que sorgeixin. Aix\u00ed mateix, per a la seva organitzaci\u00f3 es\nnecessita comptar amb professionals perqu\u00e8 l\u2019esdeveniment sigui tan reeixit com\ns\u2019espera i sigui recordat durant molt de temps. <\/p>\n\n\n\n<div style=\"height:40px\" aria-hidden=\"true\" class=\"wp-block-spacer\"><\/div>\n\n\n\n<h2 style=\"color:#f20000;\">Les claus de l\u2019organitzaci\u00f3 d\u2019esdeveniments i reunions d\u2019empresa  <\/h2>\n\n\n\n<ul class=\"wp-block-list\"><li><strong>So, microfonia i il\u00b7luminaci\u00f3<\/strong><strong>: <\/strong>comptar amb equipament d\u2019\u00faltima\ngeneraci\u00f3 mai ha estat tan f\u00e0cil com ara. Gr\u00e0cies al lloguer d\u2019equipament tenim\na la nostra disposici\u00f3 tecnologia de v\u00eddeo i so la qual seria impensable si\nl\u2019hagu\u00e9ssim de comprar. Tria el millor material de so, microfonia i\nil\u00b7luminaci\u00f3 i no oblidis comptar amb el suport t\u00e8cnic d\u2019un equip amb\nexperi\u00e8ncia que dugui el control dels mateixos durant l\u2019esdeveniment. En alguns\ncasos ser\u00e0 necessari estudiar les capacitats ac\u00fastiques i lum\u00edniques de la\nsala. <strong><\/strong><\/li><li><strong>Format streaming<\/strong><strong>: <\/strong>si\nvols que aquells que no poden assistir al teu esdeveniment segueixin el\nseu desenvolupament, la retransmissi\u00f3 en format streaming \u00e9s gaireb\u00e9 obligada.\nArribar\u00e0s a un p\u00fablic m\u00e9s ampli, aix\u00ed que \u00e9s important que no desaprofitis les\neines del mitj\u00e0 digital per a millora la connexi\u00f3 entre l\u2019empresa i el p\u00fablic.<strong><\/strong><\/li><li><strong>Equipament de traducci\u00f3 simult\u00e0nia<\/strong><strong>: <\/strong>si el teu esdeveniment \u00e9s\ninternacional o alguns dels assistents arriben des d\u2019altres llocs del m\u00f3n, la\nteva millor aliada ser\u00e0 la traducci\u00f3 simult\u00e0nia. Els teus convidats se sentiran\nben atesos i c\u00f2modes tot aconseguint que el missatge que desitges transmetre\narribi de forma adequada a tots els assistents. <strong><\/strong><\/li><li><strong>Equipament de v\u00eddeo<\/strong><strong>: <\/strong>les pantalles de plasma,<a href=\"https:\/\/eikonos.com\/ca\/blog\/videowall-esdeveniments-factors\/\"> videowalls<\/a>, projectors o pantalles LED,\naix\u00ed com taules de mescla i distribu\u00efdors de senyal, s\u00f3n solucions a considerar\na cada esdeveniment. La producci\u00f3 de contingut corporatiu en format v\u00eddeo\ncomporta un sense fi d\u2019avantatges pel que fa a reputaci\u00f3, compet\u00e8ncia i imatge\nde marca. <strong><\/strong><\/li><li><strong>Equip t\u00e8cnic<\/strong><strong>:\n<\/strong>confia en una plantilla de t\u00e8cnics perqu\u00e8 el teu\nesdeveniment sigui de la millor qualitat possible. Els t\u00e8cnics estan capacitats\nper a resoldre qualsevol inconvenient que sorgeixi i s\u00f3n els encarregats de que\nels equipaments funcionin a la perfecci\u00f3 en tot moment. <strong><\/strong><\/li><\/ul>\n\n\n\n<p>Perqu\u00e8 resulti efica\u00e7 i\nrendible, es necessita la intervenci\u00f3 d\u2019un equip de professionals qualificats\nper a organitzar un esdeveniment corporatiu. Si tens algun dubte sobre qu\u00e8\nnecessites, consulta amb <strong>Eikonos<\/strong>.\nM\u00e9s de 30 anys d\u2019experi\u00e8ncia ens avalen. <\/p>\n\n\n\n<p>Vols m\u00e9s info? <a href=\"https:\/\/eikonos.com\/ca\/contacte\/\">Parlem!<\/a><\/p>\n","protected":false},"excerpt":{"rendered":"<p>Els esdeveniments corporatius s\u00f3n indispensables en tot pla de comunicaci\u00f3 i m\u00e0rqueting d\u2019una empresa. Els&#8230;<\/p>\n","protected":false},"author":6,"featured_media":7561,"comment_status":"open","ping_status":"open","sticky":false,"template":"","format":"standard","meta":{"_acf_changed":false,"footnotes":""},"categories":[260],"tags":[],"class_list":["post-7598","post","type-post","status-publish","format-standard","has-post-thumbnail","hentry","category-esdeveniments-audiovisuals"],"acf":[],"yoast_head":"<!-- This site is optimized with the Yoast SEO plugin v26.3 - https:\/\/yoast.com\/wordpress\/plugins\/seo\/ -->\n<title>Qu\u00e8 necessites per a organitzar un esdeveniment corporatiu?<\/title>\n<meta name=\"description\" content=\"Descobreix tot el que es necessita per a organitzar un esdeveniment corporatiu. Indispensables en tot pla de comunicaci\u00f3 i m\u00e0rqueting.\" \/>\n<meta name=\"robots\" content=\"index, follow, max-snippet:-1, max-image-preview:large, max-video-preview:-1\" \/>\n<link rel=\"canonical\" href=\"https:\/\/eikonos.com\/ca\/blog\/que-necessites-per-a-organitzar-un-esdeveniment-corporatiu\/\" \/>\n<meta property=\"og:locale\" content=\"ca_ES\" \/>\n<meta property=\"og:type\" content=\"article\" \/>\n<meta property=\"og:title\" content=\"Qu\u00e8 necessites per a organitzar un esdeveniment corporatiu?\" \/>\n<meta property=\"og:description\" content=\"Descobreix tot el que es necessita per a organitzar un esdeveniment corporatiu. Indispensables en tot pla de comunicaci\u00f3 i m\u00e0rqueting.\" \/>\n<meta property=\"og:url\" content=\"https:\/\/eikonos.com\/ca\/blog\/que-necessites-per-a-organitzar-un-esdeveniment-corporatiu\/\" \/>\n<meta property=\"og:site_name\" content=\"EIKONOS\" \/>\n<meta property=\"article:publisher\" content=\"http:\/\/www.facebook.com\/pages\/Eikonos\/176324785746790\" \/>\n<meta property=\"article:published_time\" content=\"2020-01-21T15:08:00+00:00\" \/>\n<meta property=\"og:image\" content=\"https:\/\/eikonos.com\/wp-content\/uploads\/2020\/01\/evento-corporativo.jpg\" \/>\n\t<meta property=\"og:image:width\" content=\"512\" \/>\n\t<meta property=\"og:image:height\" content=\"288\" \/>\n\t<meta property=\"og:image:type\" content=\"image\/jpeg\" \/>\n<meta name=\"author\" content=\"Xavi Eikonos\" \/>\n<meta name=\"twitter:card\" content=\"summary_large_image\" \/>\n<meta name=\"twitter:creator\" content=\"@eikonos_sa\" \/>\n<meta name=\"twitter:site\" content=\"@eikonos_sa\" \/>\n<meta name=\"twitter:label1\" content=\"Escrit per\" \/>\n\t<meta name=\"twitter:data1\" content=\"Xavi Eikonos\" \/>\n\t<meta name=\"twitter:label2\" content=\"Temps estimat de lectura\" \/>\n\t<meta name=\"twitter:data2\" content=\"3 minuts\" \/>\n<script type=\"application\/ld+json\" class=\"yoast-schema-graph\">{\"@context\":\"https:\/\/schema.org\",\"@graph\":[{\"@type\":\"Article\",\"@id\":\"https:\/\/eikonos.com\/ca\/blog\/que-necessites-per-a-organitzar-un-esdeveniment-corporatiu\/#article\",\"isPartOf\":{\"@id\":\"https:\/\/eikonos.com\/ca\/blog\/que-necessites-per-a-organitzar-un-esdeveniment-corporatiu\/\"},\"author\":{\"name\":\"Xavi Eikonos\",\"@id\":\"https:\/\/eikonos.com\/ca\/#\/schema\/person\/82032860cc314d826959b90595a5280a\"},\"headline\":\"Qu\u00e8 necessites per a organitzar un esdeveniment corporatiu?\",\"datePublished\":\"2020-01-21T15:08:00+00:00\",\"mainEntityOfPage\":{\"@id\":\"https:\/\/eikonos.com\/ca\/blog\/que-necessites-per-a-organitzar-un-esdeveniment-corporatiu\/\"},\"wordCount\":528,\"commentCount\":0,\"publisher\":{\"@id\":\"https:\/\/eikonos.com\/ca\/#organization\"},\"image\":{\"@id\":\"https:\/\/eikonos.com\/ca\/blog\/que-necessites-per-a-organitzar-un-esdeveniment-corporatiu\/#primaryimage\"},\"thumbnailUrl\":\"https:\/\/eikonos.com\/wp-content\/uploads\/2020\/01\/evento-corporativo.jpg\",\"articleSection\":[\"Esdeveniments audiovisuals\"],\"inLanguage\":\"ca\",\"potentialAction\":[{\"@type\":\"CommentAction\",\"name\":\"Comment\",\"target\":[\"https:\/\/eikonos.com\/ca\/blog\/que-necessites-per-a-organitzar-un-esdeveniment-corporatiu\/#respond\"]}]},{\"@type\":\"WebPage\",\"@id\":\"https:\/\/eikonos.com\/ca\/blog\/que-necessites-per-a-organitzar-un-esdeveniment-corporatiu\/\",\"url\":\"https:\/\/eikonos.com\/ca\/blog\/que-necessites-per-a-organitzar-un-esdeveniment-corporatiu\/\",\"name\":\"Qu\u00e8 necessites per a organitzar un esdeveniment corporatiu?\",\"isPartOf\":{\"@id\":\"https:\/\/eikonos.com\/ca\/#website\"},\"primaryImageOfPage\":{\"@id\":\"https:\/\/eikonos.com\/ca\/blog\/que-necessites-per-a-organitzar-un-esdeveniment-corporatiu\/#primaryimage\"},\"image\":{\"@id\":\"https:\/\/eikonos.com\/ca\/blog\/que-necessites-per-a-organitzar-un-esdeveniment-corporatiu\/#primaryimage\"},\"thumbnailUrl\":\"https:\/\/eikonos.com\/wp-content\/uploads\/2020\/01\/evento-corporativo.jpg\",\"datePublished\":\"2020-01-21T15:08:00+00:00\",\"description\":\"Descobreix tot el que es necessita per a organitzar un esdeveniment corporatiu. Indispensables en tot pla de comunicaci\u00f3 i m\u00e0rqueting.\",\"breadcrumb\":{\"@id\":\"https:\/\/eikonos.com\/ca\/blog\/que-necessites-per-a-organitzar-un-esdeveniment-corporatiu\/#breadcrumb\"},\"inLanguage\":\"ca\",\"potentialAction\":[{\"@type\":\"ReadAction\",\"target\":[\"https:\/\/eikonos.com\/ca\/blog\/que-necessites-per-a-organitzar-un-esdeveniment-corporatiu\/\"]}]},{\"@type\":\"ImageObject\",\"inLanguage\":\"ca\",\"@id\":\"https:\/\/eikonos.com\/ca\/blog\/que-necessites-per-a-organitzar-un-esdeveniment-corporatiu\/#primaryimage\",\"url\":\"https:\/\/eikonos.com\/wp-content\/uploads\/2020\/01\/evento-corporativo.jpg\",\"contentUrl\":\"https:\/\/eikonos.com\/wp-content\/uploads\/2020\/01\/evento-corporativo.jpg\",\"width\":512,\"height\":288,\"caption\":\"Equipos necesarios para la organizaci\u00f3n de un evento corporativo.\"},{\"@type\":\"BreadcrumbList\",\"@id\":\"https:\/\/eikonos.com\/ca\/blog\/que-necessites-per-a-organitzar-un-esdeveniment-corporatiu\/#breadcrumb\",\"itemListElement\":[{\"@type\":\"ListItem\",\"position\":1,\"name\":\"EIKONOS\",\"item\":\"https:\/\/eikonos.com\/ca\/inici\/\"},{\"@type\":\"ListItem\",\"position\":2,\"name\":\"Qu\u00e8 necessites per a organitzar un esdeveniment corporatiu?\"}]},{\"@type\":\"WebSite\",\"@id\":\"https:\/\/eikonos.com\/ca\/#website\",\"url\":\"https:\/\/eikonos.com\/ca\/\",\"name\":\"EIKONOS\",\"description\":\"EXPERIENCIA AUDIOVISUAL\",\"publisher\":{\"@id\":\"https:\/\/eikonos.com\/ca\/#organization\"},\"potentialAction\":[{\"@type\":\"SearchAction\",\"target\":{\"@type\":\"EntryPoint\",\"urlTemplate\":\"https:\/\/eikonos.com\/ca\/?s={search_term_string}\"},\"query-input\":{\"@type\":\"PropertyValueSpecification\",\"valueRequired\":true,\"valueName\":\"search_term_string\"}}],\"inLanguage\":\"ca\"},{\"@type\":\"Organization\",\"@id\":\"https:\/\/eikonos.com\/ca\/#organization\",\"name\":\"EIKONOS | Servicios Audiovisuales, eventos y alquiler de equipos\",\"url\":\"https:\/\/eikonos.com\/ca\/\",\"logo\":{\"@type\":\"ImageObject\",\"inLanguage\":\"ca\",\"@id\":\"https:\/\/eikonos.com\/ca\/#\/schema\/logo\/image\/\",\"url\":\"https:\/\/eikonos.com\/wp-content\/uploads\/2020\/08\/logo-color.png\",\"contentUrl\":\"https:\/\/eikonos.com\/wp-content\/uploads\/2020\/08\/logo-color.png\",\"width\":376,\"height\":122,\"caption\":\"EIKONOS | Servicios Audiovisuales, eventos y alquiler de equipos\"},\"image\":{\"@id\":\"https:\/\/eikonos.com\/ca\/#\/schema\/logo\/image\/\"},\"sameAs\":[\"http:\/\/www.facebook.com\/pages\/Eikonos\/176324785746790\",\"https:\/\/x.com\/eikonos_sa\",\"http:\/\/www.linkedin.com\/company\/eikonos\",\"http:\/\/www.youtube.com\/channel\/UC8wcizWaAYbfsuqVf9wIT6w\"]},{\"@type\":\"Person\",\"@id\":\"https:\/\/eikonos.com\/ca\/#\/schema\/person\/82032860cc314d826959b90595a5280a\",\"name\":\"Xavi Eikonos\",\"image\":{\"@type\":\"ImageObject\",\"inLanguage\":\"ca\",\"@id\":\"https:\/\/eikonos.com\/ca\/#\/schema\/person\/image\/\",\"url\":\"https:\/\/secure.gravatar.com\/avatar\/a6c6b51dd0ac6902701aab24a914f6febe1518f94a5ae06db08b3d6107248dfd?s=96&d=mm&r=g\",\"contentUrl\":\"https:\/\/secure.gravatar.com\/avatar\/a6c6b51dd0ac6902701aab24a914f6febe1518f94a5ae06db08b3d6107248dfd?s=96&d=mm&r=g\",\"caption\":\"Xavi Eikonos\"}}]}<\/script>\n<!-- \/ Yoast SEO plugin. -->","yoast_head_json":{"title":"Qu\u00e8 necessites per a organitzar un esdeveniment corporatiu?","description":"Descobreix tot el que es necessita per a organitzar un esdeveniment corporatiu. Indispensables en tot pla de comunicaci\u00f3 i m\u00e0rqueting.","robots":{"index":"index","follow":"follow","max-snippet":"max-snippet:-1","max-image-preview":"max-image-preview:large","max-video-preview":"max-video-preview:-1"},"canonical":"https:\/\/eikonos.com\/ca\/blog\/que-necessites-per-a-organitzar-un-esdeveniment-corporatiu\/","og_locale":"ca_ES","og_type":"article","og_title":"Qu\u00e8 necessites per a organitzar un esdeveniment corporatiu?","og_description":"Descobreix tot el que es necessita per a organitzar un esdeveniment corporatiu. Indispensables en tot pla de comunicaci\u00f3 i m\u00e0rqueting.","og_url":"https:\/\/eikonos.com\/ca\/blog\/que-necessites-per-a-organitzar-un-esdeveniment-corporatiu\/","og_site_name":"EIKONOS","article_publisher":"http:\/\/www.facebook.com\/pages\/Eikonos\/176324785746790","article_published_time":"2020-01-21T15:08:00+00:00","og_image":[{"width":512,"height":288,"url":"https:\/\/eikonos.com\/wp-content\/uploads\/2020\/01\/evento-corporativo.jpg","type":"image\/jpeg"}],"author":"Xavi Eikonos","twitter_card":"summary_large_image","twitter_creator":"@eikonos_sa","twitter_site":"@eikonos_sa","twitter_misc":{"Escrit per":"Xavi Eikonos","Temps estimat de lectura":"3 minuts"},"schema":{"@context":"https:\/\/schema.org","@graph":[{"@type":"Article","@id":"https:\/\/eikonos.com\/ca\/blog\/que-necessites-per-a-organitzar-un-esdeveniment-corporatiu\/#article","isPartOf":{"@id":"https:\/\/eikonos.com\/ca\/blog\/que-necessites-per-a-organitzar-un-esdeveniment-corporatiu\/"},"author":{"name":"Xavi Eikonos","@id":"https:\/\/eikonos.com\/ca\/#\/schema\/person\/82032860cc314d826959b90595a5280a"},"headline":"Qu\u00e8 necessites per a organitzar un esdeveniment corporatiu?","datePublished":"2020-01-21T15:08:00+00:00","mainEntityOfPage":{"@id":"https:\/\/eikonos.com\/ca\/blog\/que-necessites-per-a-organitzar-un-esdeveniment-corporatiu\/"},"wordCount":528,"commentCount":0,"publisher":{"@id":"https:\/\/eikonos.com\/ca\/#organization"},"image":{"@id":"https:\/\/eikonos.com\/ca\/blog\/que-necessites-per-a-organitzar-un-esdeveniment-corporatiu\/#primaryimage"},"thumbnailUrl":"https:\/\/eikonos.com\/wp-content\/uploads\/2020\/01\/evento-corporativo.jpg","articleSection":["Esdeveniments audiovisuals"],"inLanguage":"ca","potentialAction":[{"@type":"CommentAction","name":"Comment","target":["https:\/\/eikonos.com\/ca\/blog\/que-necessites-per-a-organitzar-un-esdeveniment-corporatiu\/#respond"]}]},{"@type":"WebPage","@id":"https:\/\/eikonos.com\/ca\/blog\/que-necessites-per-a-organitzar-un-esdeveniment-corporatiu\/","url":"https:\/\/eikonos.com\/ca\/blog\/que-necessites-per-a-organitzar-un-esdeveniment-corporatiu\/","name":"Qu\u00e8 necessites per a organitzar un esdeveniment corporatiu?","isPartOf":{"@id":"https:\/\/eikonos.com\/ca\/#website"},"primaryImageOfPage":{"@id":"https:\/\/eikonos.com\/ca\/blog\/que-necessites-per-a-organitzar-un-esdeveniment-corporatiu\/#primaryimage"},"image":{"@id":"https:\/\/eikonos.com\/ca\/blog\/que-necessites-per-a-organitzar-un-esdeveniment-corporatiu\/#primaryimage"},"thumbnailUrl":"https:\/\/eikonos.com\/wp-content\/uploads\/2020\/01\/evento-corporativo.jpg","datePublished":"2020-01-21T15:08:00+00:00","description":"Descobreix tot el que es necessita per a organitzar un esdeveniment corporatiu. Indispensables en tot pla de comunicaci\u00f3 i m\u00e0rqueting.","breadcrumb":{"@id":"https:\/\/eikonos.com\/ca\/blog\/que-necessites-per-a-organitzar-un-esdeveniment-corporatiu\/#breadcrumb"},"inLanguage":"ca","potentialAction":[{"@type":"ReadAction","target":["https:\/\/eikonos.com\/ca\/blog\/que-necessites-per-a-organitzar-un-esdeveniment-corporatiu\/"]}]},{"@type":"ImageObject","inLanguage":"ca","@id":"https:\/\/eikonos.com\/ca\/blog\/que-necessites-per-a-organitzar-un-esdeveniment-corporatiu\/#primaryimage","url":"https:\/\/eikonos.com\/wp-content\/uploads\/2020\/01\/evento-corporativo.jpg","contentUrl":"https:\/\/eikonos.com\/wp-content\/uploads\/2020\/01\/evento-corporativo.jpg","width":512,"height":288,"caption":"Equipos necesarios para la organizaci\u00f3n de un evento corporativo."},{"@type":"BreadcrumbList","@id":"https:\/\/eikonos.com\/ca\/blog\/que-necessites-per-a-organitzar-un-esdeveniment-corporatiu\/#breadcrumb","itemListElement":[{"@type":"ListItem","position":1,"name":"EIKONOS","item":"https:\/\/eikonos.com\/ca\/inici\/"},{"@type":"ListItem","position":2,"name":"Qu\u00e8 necessites per a organitzar un esdeveniment corporatiu?"}]},{"@type":"WebSite","@id":"https:\/\/eikonos.com\/ca\/#website","url":"https:\/\/eikonos.com\/ca\/","name":"EIKONOS","description":"EXPERIENCIA AUDIOVISUAL","publisher":{"@id":"https:\/\/eikonos.com\/ca\/#organization"},"potentialAction":[{"@type":"SearchAction","target":{"@type":"EntryPoint","urlTemplate":"https:\/\/eikonos.com\/ca\/?s={search_term_string}"},"query-input":{"@type":"PropertyValueSpecification","valueRequired":true,"valueName":"search_term_string"}}],"inLanguage":"ca"},{"@type":"Organization","@id":"https:\/\/eikonos.com\/ca\/#organization","name":"EIKONOS | Servicios Audiovisuales, eventos y alquiler de equipos","url":"https:\/\/eikonos.com\/ca\/","logo":{"@type":"ImageObject","inLanguage":"ca","@id":"https:\/\/eikonos.com\/ca\/#\/schema\/logo\/image\/","url":"https:\/\/eikonos.com\/wp-content\/uploads\/2020\/08\/logo-color.png","contentUrl":"https:\/\/eikonos.com\/wp-content\/uploads\/2020\/08\/logo-color.png","width":376,"height":122,"caption":"EIKONOS | Servicios Audiovisuales, eventos y alquiler de equipos"},"image":{"@id":"https:\/\/eikonos.com\/ca\/#\/schema\/logo\/image\/"},"sameAs":["http:\/\/www.facebook.com\/pages\/Eikonos\/176324785746790","https:\/\/x.com\/eikonos_sa","http:\/\/www.linkedin.com\/company\/eikonos","http:\/\/www.youtube.com\/channel\/UC8wcizWaAYbfsuqVf9wIT6w"]},{"@type":"Person","@id":"https:\/\/eikonos.com\/ca\/#\/schema\/person\/82032860cc314d826959b90595a5280a","name":"Xavi Eikonos","image":{"@type":"ImageObject","inLanguage":"ca","@id":"https:\/\/eikonos.com\/ca\/#\/schema\/person\/image\/","url":"https:\/\/secure.gravatar.com\/avatar\/a6c6b51dd0ac6902701aab24a914f6febe1518f94a5ae06db08b3d6107248dfd?s=96&d=mm&r=g","contentUrl":"https:\/\/secure.gravatar.com\/avatar\/a6c6b51dd0ac6902701aab24a914f6febe1518f94a5ae06db08b3d6107248dfd?s=96&d=mm&r=g","caption":"Xavi Eikonos"}}]}},"_links":{"self":[{"href":"https:\/\/eikonos.com\/ca\/wp-json\/wp\/v2\/posts\/7598","targetHints":{"allow":["GET"]}}],"collection":[{"href":"https:\/\/eikonos.com\/ca\/wp-json\/wp\/v2\/posts"}],"about":[{"href":"https:\/\/eikonos.com\/ca\/wp-json\/wp\/v2\/types\/post"}],"author":[{"embeddable":true,"href":"https:\/\/eikonos.com\/ca\/wp-json\/wp\/v2\/users\/6"}],"replies":[{"embeddable":true,"href":"https:\/\/eikonos.com\/ca\/wp-json\/wp\/v2\/comments?post=7598"}],"version-history":[{"count":0,"href":"https:\/\/eikonos.com\/ca\/wp-json\/wp\/v2\/posts\/7598\/revisions"}],"wp:featuredmedia":[{"embeddable":true,"href":"https:\/\/eikonos.com\/ca\/wp-json\/wp\/v2\/media\/7561"}],"wp:attachment":[{"href":"https:\/\/eikonos.com\/ca\/wp-json\/wp\/v2\/media?parent=7598"}],"wp:term":[{"taxonomy":"category","embeddable":true,"href":"https:\/\/eikonos.com\/ca\/wp-json\/wp\/v2\/categories?post=7598"},{"taxonomy":"post_tag","embeddable":true,"href":"https:\/\/eikonos.com\/ca\/wp-json\/wp\/v2\/tags?post=7598"}],"curies":[{"name":"wp","href":"https:\/\/api.w.org\/{rel}","templated":true}]}}