{"id":7504,"date":"2019-12-31T12:00:50","date_gmt":"2019-12-31T12:00:50","guid":{"rendered":"https:\/\/eikonos.com\/?p=7504"},"modified":"2024-06-10T19:08:05","modified_gmt":"2024-06-10T19:08:05","slug":"tendencies-audiovisuals-2020","status":"publish","type":"post","link":"https:\/\/eikonos.com\/ca\/blog\/tendencies-audiovisuals-2020\/","title":{"rendered":"Cinc tend\u00e8ncies audiovisuals que ens presenta el 2020"},"content":{"rendered":"\n<p>Avui dia \u00e9s impossible viure al\nmarge de la tecnologia i la innovaci\u00f3, tant en el pla personal com en el\nprofessional. \u00c9s normal que les empreses entenguin la necessitat de comptar amb\naquests elements en la seva estrat\u00e8gia de comunicaci\u00f3 per a projectar la seva\nimatge, donar a con\u00e8ixer el que fan, relacionar-se amb la societat i els seus\ntreballadors i gestionar el seu negoci. Per a aquest pr\u00f2xim any 2020\nl\u2019audiovisual passar\u00e0 a ser l\u2019eix pel que fa a comunicaci\u00f3. El contingut \u00e9s el\nrei, es diu. Per\u00f2, en quin format?<\/p>\n\n\n\n<p>Les <a href=\"https:\/\/eikonos.com\/ca\/blog\/quan-hem-de-recorrer-empresa-integracio-audiovisual\/\">tend\u00e8ncies\naudiovisuals 2020<\/a> vinculades al m\u00f3n dels esdeveniments han evolucionat de manera notable:\nimpacten emocionalment en els assistents tot permetent interactuar amb els\nserveis i\/o productes d\u2019una empresa generant, aix\u00ed, vincles molt importants amb\nles marques<strong>.<\/strong> <\/p>\n\n\n\n<div style=\"height:40px\" aria-hidden=\"true\" class=\"wp-block-spacer\"><\/div>\n\n\n\n<h2 style=\"color:#f20000;\">Tend\u00e8ncies en contingut i suports audiovisuals en el 2020<\/h2>\n\n\n\n\n<ul class=\"wp-block-list\"><li><strong>Projecci\u00f3\nl\u00e0ser<\/strong><strong>: <\/strong>els projectors\nconvencionals amb bombetes de mercuri ja no es fabricaran el 2020 i per aquesta\nra\u00f3 s\u2019han comen\u00e7at a substituir per emissors de l\u00e0ser blaus. Aix\u00f2 comporta\nbeneficis econ\u00f2mics i ecol\u00f2gics, donat que les l\u00e0mpades han de substituir-se\ncada 3.000 hores i els emissors l\u00e0ser despr\u00e9s de 20.000 hores. \u00c9s un bon moment\nper apostar per una forma vers\u00e0til i transportable per a les presentacions i\nesdeveniments corporatius. A Eikonos t\u2019assessorem perqu\u00e8 tri\u00efs el millor model\nper a la teva empresa aix\u00ed com les opcions disponibles pel que fa a <a href=\"https:\/\/eikonos.com\/ca\/serveis\/lloguer-equips\/\">lloguer\nd\u2019equipaments<\/a>. <\/li><li><strong>Resoluci\u00f3\n4K UHD<\/strong><strong>: <\/strong>Quatre vegades\nsuperior a Full HD, els televisors 4K han abaixat el preu i cada vegada s\u00f3n m\u00e9s\nassequibles. Molts <em>smartphones<\/em> graven\nen aquesta resoluci\u00f3 i s\u2019utilitzen de forma habitual en l\u2019\u00e0mbit dom\u00e8stic, aix\u00ed\nque si generes contingut en v\u00eddeo, ja sigui per a projeccions en circuits\ntancats o canals com Youtube, com a empresa no pots utilitzar una tecnologia ja\nobsoleta. El 4K i el Full HD s\u00f3n imprescindibles.<strong><\/strong><\/li><li><strong>Realitat\nvirtual<\/strong><strong>: <\/strong>tend\u00e8ncia en el\nsector audiovisual, suposa un gran canvi en diversos aspectes incloent el\nformat de contingut, el model de negoci i els h\u00e0bits de consum. Es tracta d\u2019una\ntecnologia que permet f\u00e0cilment la interactivitat amb el teu p\u00fablic d\u2019una forma\nvisual i atractiva. La <a href=\"https:\/\/eikonos.com\/ca\/blog\/realitat-virtual-realitat-augmentada-diferencies\/\">realitat\nvirtual<\/a> \u00e9s molt recomanable per a diferenciar-nos de la\ncompet\u00e8ncia i captar f\u00e0cilment l\u2019atenci\u00f3 del p\u00fablic en grans esdeveniments i\nfires. <strong><\/strong><\/li><li><strong>Sense\ncable: <\/strong>els dispositius <em>wireless\n<\/em>milloren l\u2019experi\u00e8ncia tant de l\u2019usuari com del muntatge i s\u00f3n cada vegada\nm\u00e9s populars en el sector audiovisual i tecnol\u00f2gic en general. Faciliten les\ntransmissions mitjan\u00e7ant dispositius i les xarxes socials, tot simplificant\nl\u2019enviament de contingut i facilitant el treball t\u00e8cnic eliminant els cables\nque a banda de ser inc\u00f2modes poden suposar un risc per als treballadors i\nassistents. S\u2019han acabat els cables davant de les c\u00e0meres, per fi!<\/li><li><strong>Streaming: <\/strong>la\nretransmissi\u00f3 en directe est\u00e0 de moda. \u00c9s per aix\u00f2 que les noves funcionalitats\nde les xarxes socials fan que l\u2019emissi\u00f3 de contingut propi en directe es trobi\ncada vegada de forma m\u00e9s accessible. El fet de poder veure TV en streaming \u00e9s un\ndels serveis m\u00e9s contractats i el cavall guanyador en canals com Facebook i\nYoutube. <\/li><\/ul>\n\n\n\n<p>Estem segurs que qualsevol de les cinc tend\u00e8ncies audiovisuals per al 2020\net fascinar\u00e0 i que les voldr\u00e0s implementar en les teves pr\u00f2ximes produccions audiovisuals.\nSi necessites assessorament no dubtis a consultar amb l\u2019equip d\u2019experts\nd\u2019Eikonos. Parlem!<\/p>\n","protected":false},"excerpt":{"rendered":"<p>Avui dia \u00e9s impossible viure al marge de la tecnologia i la innovaci\u00f3, tant en&#8230;<\/p>\n","protected":false},"author":6,"featured_media":7496,"comment_status":"open","ping_status":"open","sticky":false,"template":"","format":"standard","meta":{"_acf_changed":false,"footnotes":""},"categories":[1],"tags":[],"class_list":["post-7504","post","type-post","status-publish","format-standard","has-post-thumbnail","hentry","category-sin-categorizar"],"acf":[],"yoast_head":"<!-- This site is optimized with the Yoast SEO plugin v26.3 - https:\/\/yoast.com\/wordpress\/plugins\/seo\/ -->\n<title>Cinc tend\u00e8ncies audiovisuals que ens presenta el 2020<\/title>\n<meta name=\"description\" content=\"Descobreix les tend\u00e8ncies audiovisuals per aquest 2020 vinculades al m\u00f3n dels esdeveniments que voldr\u00e0s implementar en les produccions audiovisuals.\" \/>\n<meta name=\"robots\" content=\"index, follow, max-snippet:-1, max-image-preview:large, max-video-preview:-1\" \/>\n<link rel=\"canonical\" href=\"https:\/\/eikonos.com\/ca\/blog\/tendencies-audiovisuals-2020\/\" \/>\n<meta property=\"og:locale\" content=\"ca_ES\" \/>\n<meta property=\"og:type\" content=\"article\" \/>\n<meta property=\"og:title\" content=\"Cinc tend\u00e8ncies audiovisuals que ens presenta el 2020\" \/>\n<meta property=\"og:description\" content=\"Descobreix les tend\u00e8ncies audiovisuals per aquest 2020 vinculades al m\u00f3n dels esdeveniments que voldr\u00e0s implementar en les produccions audiovisuals.\" \/>\n<meta property=\"og:url\" content=\"https:\/\/eikonos.com\/ca\/blog\/tendencies-audiovisuals-2020\/\" \/>\n<meta property=\"og:site_name\" content=\"EIKONOS\" \/>\n<meta property=\"article:publisher\" content=\"http:\/\/www.facebook.com\/pages\/Eikonos\/176324785746790\" \/>\n<meta property=\"article:published_time\" content=\"2019-12-31T12:00:50+00:00\" \/>\n<meta property=\"article:modified_time\" content=\"2024-06-10T19:08:05+00:00\" \/>\n<meta property=\"og:image\" content=\"https:\/\/eikonos.com\/wp-content\/uploads\/2020\/01\/cinco-tendencias.jpg\" \/>\n\t<meta property=\"og:image:width\" content=\"724\" \/>\n\t<meta property=\"og:image:height\" content=\"407\" \/>\n\t<meta property=\"og:image:type\" content=\"image\/jpeg\" \/>\n<meta name=\"author\" content=\"Xavi Eikonos\" \/>\n<meta name=\"twitter:card\" content=\"summary_large_image\" \/>\n<meta name=\"twitter:creator\" content=\"@eikonos_sa\" \/>\n<meta name=\"twitter:site\" content=\"@eikonos_sa\" \/>\n<meta name=\"twitter:label1\" content=\"Escrit per\" \/>\n\t<meta name=\"twitter:data1\" content=\"Xavi Eikonos\" \/>\n\t<meta name=\"twitter:label2\" content=\"Temps estimat de lectura\" \/>\n\t<meta name=\"twitter:data2\" content=\"3 minuts\" \/>\n<script type=\"application\/ld+json\" class=\"yoast-schema-graph\">{\"@context\":\"https:\/\/schema.org\",\"@graph\":[{\"@type\":\"Article\",\"@id\":\"https:\/\/eikonos.com\/ca\/blog\/tendencies-audiovisuals-2020\/#article\",\"isPartOf\":{\"@id\":\"https:\/\/eikonos.com\/ca\/blog\/tendencies-audiovisuals-2020\/\"},\"author\":{\"name\":\"Xavi Eikonos\",\"@id\":\"https:\/\/eikonos.com\/ca\/#\/schema\/person\/82032860cc314d826959b90595a5280a\"},\"headline\":\"Cinc tend\u00e8ncies audiovisuals que ens presenta el 2020\",\"datePublished\":\"2019-12-31T12:00:50+00:00\",\"dateModified\":\"2024-06-10T19:08:05+00:00\",\"mainEntityOfPage\":{\"@id\":\"https:\/\/eikonos.com\/ca\/blog\/tendencies-audiovisuals-2020\/\"},\"wordCount\":608,\"commentCount\":0,\"publisher\":{\"@id\":\"https:\/\/eikonos.com\/ca\/#organization\"},\"image\":{\"@id\":\"https:\/\/eikonos.com\/ca\/blog\/tendencies-audiovisuals-2020\/#primaryimage\"},\"thumbnailUrl\":\"https:\/\/eikonos.com\/wp-content\/uploads\/2020\/01\/cinco-tendencias.jpg\",\"articleSection\":[\"Sin categorizar\"],\"inLanguage\":\"ca\",\"potentialAction\":[{\"@type\":\"CommentAction\",\"name\":\"Comment\",\"target\":[\"https:\/\/eikonos.com\/ca\/blog\/tendencies-audiovisuals-2020\/#respond\"]}]},{\"@type\":\"WebPage\",\"@id\":\"https:\/\/eikonos.com\/ca\/blog\/tendencies-audiovisuals-2020\/\",\"url\":\"https:\/\/eikonos.com\/ca\/blog\/tendencies-audiovisuals-2020\/\",\"name\":\"Cinc tend\u00e8ncies audiovisuals que ens presenta el 2020\",\"isPartOf\":{\"@id\":\"https:\/\/eikonos.com\/ca\/#website\"},\"primaryImageOfPage\":{\"@id\":\"https:\/\/eikonos.com\/ca\/blog\/tendencies-audiovisuals-2020\/#primaryimage\"},\"image\":{\"@id\":\"https:\/\/eikonos.com\/ca\/blog\/tendencies-audiovisuals-2020\/#primaryimage\"},\"thumbnailUrl\":\"https:\/\/eikonos.com\/wp-content\/uploads\/2020\/01\/cinco-tendencias.jpg\",\"datePublished\":\"2019-12-31T12:00:50+00:00\",\"dateModified\":\"2024-06-10T19:08:05+00:00\",\"description\":\"Descobreix les tend\u00e8ncies audiovisuals per aquest 2020 vinculades al m\u00f3n dels esdeveniments que voldr\u00e0s implementar en les produccions audiovisuals.\",\"breadcrumb\":{\"@id\":\"https:\/\/eikonos.com\/ca\/blog\/tendencies-audiovisuals-2020\/#breadcrumb\"},\"inLanguage\":\"ca\",\"potentialAction\":[{\"@type\":\"ReadAction\",\"target\":[\"https:\/\/eikonos.com\/ca\/blog\/tendencies-audiovisuals-2020\/\"]}]},{\"@type\":\"ImageObject\",\"inLanguage\":\"ca\",\"@id\":\"https:\/\/eikonos.com\/ca\/blog\/tendencies-audiovisuals-2020\/#primaryimage\",\"url\":\"https:\/\/eikonos.com\/wp-content\/uploads\/2020\/01\/cinco-tendencias.jpg\",\"contentUrl\":\"https:\/\/eikonos.com\/wp-content\/uploads\/2020\/01\/cinco-tendencias.jpg\",\"width\":724,\"height\":407},{\"@type\":\"BreadcrumbList\",\"@id\":\"https:\/\/eikonos.com\/ca\/blog\/tendencies-audiovisuals-2020\/#breadcrumb\",\"itemListElement\":[{\"@type\":\"ListItem\",\"position\":1,\"name\":\"EIKONOS\",\"item\":\"https:\/\/eikonos.com\/ca\/inici\/\"},{\"@type\":\"ListItem\",\"position\":2,\"name\":\"Cinc tend\u00e8ncies audiovisuals que ens presenta el 2020\"}]},{\"@type\":\"WebSite\",\"@id\":\"https:\/\/eikonos.com\/ca\/#website\",\"url\":\"https:\/\/eikonos.com\/ca\/\",\"name\":\"EIKONOS\",\"description\":\"EXPERIENCIA AUDIOVISUAL\",\"publisher\":{\"@id\":\"https:\/\/eikonos.com\/ca\/#organization\"},\"potentialAction\":[{\"@type\":\"SearchAction\",\"target\":{\"@type\":\"EntryPoint\",\"urlTemplate\":\"https:\/\/eikonos.com\/ca\/?s={search_term_string}\"},\"query-input\":{\"@type\":\"PropertyValueSpecification\",\"valueRequired\":true,\"valueName\":\"search_term_string\"}}],\"inLanguage\":\"ca\"},{\"@type\":\"Organization\",\"@id\":\"https:\/\/eikonos.com\/ca\/#organization\",\"name\":\"EIKONOS | Servicios Audiovisuales, eventos y alquiler de equipos\",\"url\":\"https:\/\/eikonos.com\/ca\/\",\"logo\":{\"@type\":\"ImageObject\",\"inLanguage\":\"ca\",\"@id\":\"https:\/\/eikonos.com\/ca\/#\/schema\/logo\/image\/\",\"url\":\"https:\/\/eikonos.com\/wp-content\/uploads\/2020\/08\/logo-color.png\",\"contentUrl\":\"https:\/\/eikonos.com\/wp-content\/uploads\/2020\/08\/logo-color.png\",\"width\":376,\"height\":122,\"caption\":\"EIKONOS | Servicios Audiovisuales, eventos y alquiler de equipos\"},\"image\":{\"@id\":\"https:\/\/eikonos.com\/ca\/#\/schema\/logo\/image\/\"},\"sameAs\":[\"http:\/\/www.facebook.com\/pages\/Eikonos\/176324785746790\",\"https:\/\/x.com\/eikonos_sa\",\"http:\/\/www.linkedin.com\/company\/eikonos\",\"http:\/\/www.youtube.com\/channel\/UC8wcizWaAYbfsuqVf9wIT6w\"]},{\"@type\":\"Person\",\"@id\":\"https:\/\/eikonos.com\/ca\/#\/schema\/person\/82032860cc314d826959b90595a5280a\",\"name\":\"Xavi Eikonos\",\"image\":{\"@type\":\"ImageObject\",\"inLanguage\":\"ca\",\"@id\":\"https:\/\/eikonos.com\/ca\/#\/schema\/person\/image\/\",\"url\":\"https:\/\/secure.gravatar.com\/avatar\/a6c6b51dd0ac6902701aab24a914f6febe1518f94a5ae06db08b3d6107248dfd?s=96&d=mm&r=g\",\"contentUrl\":\"https:\/\/secure.gravatar.com\/avatar\/a6c6b51dd0ac6902701aab24a914f6febe1518f94a5ae06db08b3d6107248dfd?s=96&d=mm&r=g\",\"caption\":\"Xavi Eikonos\"}}]}<\/script>\n<!-- \/ Yoast SEO plugin. -->","yoast_head_json":{"title":"Cinc tend\u00e8ncies audiovisuals que ens presenta el 2020","description":"Descobreix les tend\u00e8ncies audiovisuals per aquest 2020 vinculades al m\u00f3n dels esdeveniments que voldr\u00e0s implementar en les produccions audiovisuals.","robots":{"index":"index","follow":"follow","max-snippet":"max-snippet:-1","max-image-preview":"max-image-preview:large","max-video-preview":"max-video-preview:-1"},"canonical":"https:\/\/eikonos.com\/ca\/blog\/tendencies-audiovisuals-2020\/","og_locale":"ca_ES","og_type":"article","og_title":"Cinc tend\u00e8ncies audiovisuals que ens presenta el 2020","og_description":"Descobreix les tend\u00e8ncies audiovisuals per aquest 2020 vinculades al m\u00f3n dels esdeveniments que voldr\u00e0s implementar en les produccions audiovisuals.","og_url":"https:\/\/eikonos.com\/ca\/blog\/tendencies-audiovisuals-2020\/","og_site_name":"EIKONOS","article_publisher":"http:\/\/www.facebook.com\/pages\/Eikonos\/176324785746790","article_published_time":"2019-12-31T12:00:50+00:00","article_modified_time":"2024-06-10T19:08:05+00:00","og_image":[{"width":724,"height":407,"url":"https:\/\/eikonos.com\/wp-content\/uploads\/2020\/01\/cinco-tendencias.jpg","type":"image\/jpeg"}],"author":"Xavi Eikonos","twitter_card":"summary_large_image","twitter_creator":"@eikonos_sa","twitter_site":"@eikonos_sa","twitter_misc":{"Escrit per":"Xavi Eikonos","Temps estimat de lectura":"3 minuts"},"schema":{"@context":"https:\/\/schema.org","@graph":[{"@type":"Article","@id":"https:\/\/eikonos.com\/ca\/blog\/tendencies-audiovisuals-2020\/#article","isPartOf":{"@id":"https:\/\/eikonos.com\/ca\/blog\/tendencies-audiovisuals-2020\/"},"author":{"name":"Xavi Eikonos","@id":"https:\/\/eikonos.com\/ca\/#\/schema\/person\/82032860cc314d826959b90595a5280a"},"headline":"Cinc tend\u00e8ncies audiovisuals que ens presenta el 2020","datePublished":"2019-12-31T12:00:50+00:00","dateModified":"2024-06-10T19:08:05+00:00","mainEntityOfPage":{"@id":"https:\/\/eikonos.com\/ca\/blog\/tendencies-audiovisuals-2020\/"},"wordCount":608,"commentCount":0,"publisher":{"@id":"https:\/\/eikonos.com\/ca\/#organization"},"image":{"@id":"https:\/\/eikonos.com\/ca\/blog\/tendencies-audiovisuals-2020\/#primaryimage"},"thumbnailUrl":"https:\/\/eikonos.com\/wp-content\/uploads\/2020\/01\/cinco-tendencias.jpg","articleSection":["Sin categorizar"],"inLanguage":"ca","potentialAction":[{"@type":"CommentAction","name":"Comment","target":["https:\/\/eikonos.com\/ca\/blog\/tendencies-audiovisuals-2020\/#respond"]}]},{"@type":"WebPage","@id":"https:\/\/eikonos.com\/ca\/blog\/tendencies-audiovisuals-2020\/","url":"https:\/\/eikonos.com\/ca\/blog\/tendencies-audiovisuals-2020\/","name":"Cinc tend\u00e8ncies audiovisuals que ens presenta el 2020","isPartOf":{"@id":"https:\/\/eikonos.com\/ca\/#website"},"primaryImageOfPage":{"@id":"https:\/\/eikonos.com\/ca\/blog\/tendencies-audiovisuals-2020\/#primaryimage"},"image":{"@id":"https:\/\/eikonos.com\/ca\/blog\/tendencies-audiovisuals-2020\/#primaryimage"},"thumbnailUrl":"https:\/\/eikonos.com\/wp-content\/uploads\/2020\/01\/cinco-tendencias.jpg","datePublished":"2019-12-31T12:00:50+00:00","dateModified":"2024-06-10T19:08:05+00:00","description":"Descobreix les tend\u00e8ncies audiovisuals per aquest 2020 vinculades al m\u00f3n dels esdeveniments que voldr\u00e0s implementar en les produccions audiovisuals.","breadcrumb":{"@id":"https:\/\/eikonos.com\/ca\/blog\/tendencies-audiovisuals-2020\/#breadcrumb"},"inLanguage":"ca","potentialAction":[{"@type":"ReadAction","target":["https:\/\/eikonos.com\/ca\/blog\/tendencies-audiovisuals-2020\/"]}]},{"@type":"ImageObject","inLanguage":"ca","@id":"https:\/\/eikonos.com\/ca\/blog\/tendencies-audiovisuals-2020\/#primaryimage","url":"https:\/\/eikonos.com\/wp-content\/uploads\/2020\/01\/cinco-tendencias.jpg","contentUrl":"https:\/\/eikonos.com\/wp-content\/uploads\/2020\/01\/cinco-tendencias.jpg","width":724,"height":407},{"@type":"BreadcrumbList","@id":"https:\/\/eikonos.com\/ca\/blog\/tendencies-audiovisuals-2020\/#breadcrumb","itemListElement":[{"@type":"ListItem","position":1,"name":"EIKONOS","item":"https:\/\/eikonos.com\/ca\/inici\/"},{"@type":"ListItem","position":2,"name":"Cinc tend\u00e8ncies audiovisuals que ens presenta el 2020"}]},{"@type":"WebSite","@id":"https:\/\/eikonos.com\/ca\/#website","url":"https:\/\/eikonos.com\/ca\/","name":"EIKONOS","description":"EXPERIENCIA AUDIOVISUAL","publisher":{"@id":"https:\/\/eikonos.com\/ca\/#organization"},"potentialAction":[{"@type":"SearchAction","target":{"@type":"EntryPoint","urlTemplate":"https:\/\/eikonos.com\/ca\/?s={search_term_string}"},"query-input":{"@type":"PropertyValueSpecification","valueRequired":true,"valueName":"search_term_string"}}],"inLanguage":"ca"},{"@type":"Organization","@id":"https:\/\/eikonos.com\/ca\/#organization","name":"EIKONOS | Servicios Audiovisuales, eventos y alquiler de equipos","url":"https:\/\/eikonos.com\/ca\/","logo":{"@type":"ImageObject","inLanguage":"ca","@id":"https:\/\/eikonos.com\/ca\/#\/schema\/logo\/image\/","url":"https:\/\/eikonos.com\/wp-content\/uploads\/2020\/08\/logo-color.png","contentUrl":"https:\/\/eikonos.com\/wp-content\/uploads\/2020\/08\/logo-color.png","width":376,"height":122,"caption":"EIKONOS | Servicios Audiovisuales, eventos y alquiler de equipos"},"image":{"@id":"https:\/\/eikonos.com\/ca\/#\/schema\/logo\/image\/"},"sameAs":["http:\/\/www.facebook.com\/pages\/Eikonos\/176324785746790","https:\/\/x.com\/eikonos_sa","http:\/\/www.linkedin.com\/company\/eikonos","http:\/\/www.youtube.com\/channel\/UC8wcizWaAYbfsuqVf9wIT6w"]},{"@type":"Person","@id":"https:\/\/eikonos.com\/ca\/#\/schema\/person\/82032860cc314d826959b90595a5280a","name":"Xavi Eikonos","image":{"@type":"ImageObject","inLanguage":"ca","@id":"https:\/\/eikonos.com\/ca\/#\/schema\/person\/image\/","url":"https:\/\/secure.gravatar.com\/avatar\/a6c6b51dd0ac6902701aab24a914f6febe1518f94a5ae06db08b3d6107248dfd?s=96&d=mm&r=g","contentUrl":"https:\/\/secure.gravatar.com\/avatar\/a6c6b51dd0ac6902701aab24a914f6febe1518f94a5ae06db08b3d6107248dfd?s=96&d=mm&r=g","caption":"Xavi Eikonos"}}]}},"_links":{"self":[{"href":"https:\/\/eikonos.com\/ca\/wp-json\/wp\/v2\/posts\/7504","targetHints":{"allow":["GET"]}}],"collection":[{"href":"https:\/\/eikonos.com\/ca\/wp-json\/wp\/v2\/posts"}],"about":[{"href":"https:\/\/eikonos.com\/ca\/wp-json\/wp\/v2\/types\/post"}],"author":[{"embeddable":true,"href":"https:\/\/eikonos.com\/ca\/wp-json\/wp\/v2\/users\/6"}],"replies":[{"embeddable":true,"href":"https:\/\/eikonos.com\/ca\/wp-json\/wp\/v2\/comments?post=7504"}],"version-history":[{"count":1,"href":"https:\/\/eikonos.com\/ca\/wp-json\/wp\/v2\/posts\/7504\/revisions"}],"predecessor-version":[{"id":12773,"href":"https:\/\/eikonos.com\/ca\/wp-json\/wp\/v2\/posts\/7504\/revisions\/12773"}],"wp:featuredmedia":[{"embeddable":true,"href":"https:\/\/eikonos.com\/ca\/wp-json\/wp\/v2\/media\/7496"}],"wp:attachment":[{"href":"https:\/\/eikonos.com\/ca\/wp-json\/wp\/v2\/media?parent=7504"}],"wp:term":[{"taxonomy":"category","embeddable":true,"href":"https:\/\/eikonos.com\/ca\/wp-json\/wp\/v2\/categories?post=7504"},{"taxonomy":"post_tag","embeddable":true,"href":"https:\/\/eikonos.com\/ca\/wp-json\/wp\/v2\/tags?post=7504"}],"curies":[{"name":"wp","href":"https:\/\/api.w.org\/{rel}","templated":true}]}}