{"id":7308,"date":"2019-12-10T13:29:43","date_gmt":"2019-12-10T12:29:43","guid":{"rendered":"https:\/\/eikonos.com\/?p=7308"},"modified":"2019-12-10T13:29:43","modified_gmt":"2019-12-10T12:29:43","slug":"equipaments-audiovisuals-per-a-sorprendre-en-el-punt-de-venda","status":"publish","type":"post","link":"https:\/\/eikonos.com\/ca\/blog\/equipaments-audiovisuals-per-a-sorprendre-en-el-punt-de-venda\/","title":{"rendered":"Equipaments audiovisuals per a sorprendre en el punt de venda"},"content":{"rendered":"\n<p>Arriba cap\nd\u2019any i toca fer balan\u00e7 de com han anat les accions comercials, aix\u00ed com el\nretorn de les inversions realitzades. Un fet que normalment perdem de vista \u00e9s\nque la forma de gestionar els <a href=\"https:\/\/eikonos.com\/ca\/portfolio_page\/stands\/\">audiovisuals en el punt de\nvenda<\/a> condiciona l\u2019aspecte dels aparadors i interiors de centres\ncomercials, cosa que acaba esdevenint determinant en el volum de vendes i, per\ntant, en els resultats de negoci. <\/p>\n\n\n\n<p>Gr\u00e0cies a\nla tecnologia, els recursos audiovisuals cada vegada s\u00f3n m\u00e9s innovadors i impactants\ni, com a marca, ens veiem obligats a estar al dia de les tend\u00e8ncies del sector\nper aconseguir impactar en el p\u00fablic.&nbsp; Si\nencara no has provat eines d\u2019interacci\u00f3 a trav\u00e9s de la tecnologia 3D, la cartellera\ndigital o la realitat augmentada, \u00e9s el moment de posar fil a l\u2019agulla per\nincloure\u2019l en els pressupostos del nou any. &nbsp;<\/p>\n\n\n\n<p>Els <strong>audiovisuals en el punt de venda<\/strong>\nmilloren l\u2019experi\u00e8ncia del visitant ajudant a que recordin la marca m\u00e9s enll\u00e0\nde l\u2019esdeveniment o fira en el qual s\u2019hagi promocionat. <\/p>\n\n\n\n<div style=\"height:40px\" aria-hidden=\"true\" class=\"wp-block-spacer\"><\/div>\n\n\n\n<h2 style=\"color:#f20000;\">Com captar l\u2019atenci\u00f3 amb audiovisuals en el punt de venda?<\/h2>\n\n\n\n<p>Per a\ncridar l\u2019atenci\u00f3 dels nostres possibles clients hem de recolzar-nos en els equipaments\n<a href=\"https:\/\/eikonos.com\/blog\/com-arribar-mes-audiencia-en-el-teu-stand-o-instal%c2%b7lacio-corporativa-en-fires-2-2\/\">audiovisuals\nper al punt de venda<\/a> tot fent que aquests es converteixin en el nostre\naliat m\u00e9s fidel. S\u2019ha de tenir en consideraci\u00f3 que l\u2019objectiu principal \u00e9s diferenciar-nos\ndels competidors tot aconseguint que les persones prefereixin entrar al nostre\nlocal. <\/p>\n\n\n\n<p>Respecte als equipaments\naudiovisuals per a captar l\u2019atenci\u00f3 de possibles clients, una de les solucions\nestrella s\u00f3n les pantalles interactives. A trav\u00e9s d\u2019elles aconseguim que l\u2019usuari\nes relacioni amb nosaltres de manera indirecta. Oferint una via atractiva per a\nrespondre enquestes, participar en jocs, o facilitar informaci\u00f3 sobre necessitats\npersonals, recopilarem dades que ens ajudaran a prestar un servei m\u00e9s\npersonalitzat. \u00c9s una manera poc intrusiva de presentar els nostres missatges i\ninteractuar amb el p\u00fablic en un entorn en el qual el client \u00e9s el que decideix\nde forma volunt\u00e0ria participar en l\u2019acci\u00f3 que proposem. <\/p>\n\n\n\n<div style=\"height:40px\" aria-hidden=\"true\" class=\"wp-block-spacer\"><\/div>\n\n\n\n<h2 style=\"color:#f20000;\">Avantatges dels equipaments audiovisuals en els punts de venda<\/h2>\n\n\n\n<ul class=\"wp-block-list\"><li>Storytelling. Explicar d\u2019una\nmanera diferent la proposta de la companyia sense ser intrusius. <\/li><li>Captar l\u2019atenci\u00f3 dels\nclients. \u00c9s molt important que el vianant es fixi en el nostre aparador o stand\nperqu\u00e8 prengui la decisi\u00f3 des del primer moment de valorar en profunditat quins\nserveis o productes oferim. Aquesta primera crida a l\u2019acci\u00f3 tan dif\u00edcil d\u2019obtenir,\nes fa m\u00e9s f\u00e0cil si ens recolzem en v\u00eddeos o elements de disseny en pantalles\nLED.<\/li><li>Renovar la imatge de la\nteva empresa tot oferint innovaci\u00f3, frescor i sofisticaci\u00f3. Apostar, per\nexemple, per pantalles de gran format convertir\u00e0 el nostre punt de venda en un\nespai singular que convida a visitar-lo dedicant-li m\u00e9s temps.<\/li><li>Diferenciar-te de la\ncompet\u00e8ncia. En zones comercials molt competitives, hem d\u2019invertir en la nostra\naparen\u00e7a exterior per ser diferents i m\u00e9s impactants. Ho podem resoldre a\ntrav\u00e9s del lloguer d\u2019equipaments i l\u2019assessorament de professionals del sector,\nels quals podran indicar-te les millors opcions per assolir els teus objectius.\n<\/li><\/ul>\n\n\n\n<p>Amb aquests tips per a incloure audiovisuals en el punt de venda podr\u00e0s\natreure els consumidors d\u2019una forma creativa i atractiva. T\u2019agradaria comptar\namb un pressupost personalitzat? <a href=\"https:\/\/eikonos.com\/ca\/contacte\/\">Parlem!<\/a><\/p>\n\n\n\n<p><\/p>\n","protected":false},"excerpt":{"rendered":"<p>Arriba cap d\u2019any i toca fer balan\u00e7 de com han anat les accions comercials, aix\u00ed&#8230;<\/p>\n","protected":false},"author":6,"featured_media":7298,"comment_status":"open","ping_status":"open","sticky":false,"template":"","format":"standard","meta":{"_acf_changed":false,"footnotes":""},"categories":[241],"tags":[],"class_list":["post-7308","post","type-post","status-publish","format-standard","has-post-thumbnail","hentry","category-actualidad"],"acf":[],"yoast_head":"<!-- This site is optimized with the Yoast SEO plugin v26.3 - https:\/\/yoast.com\/wordpress\/plugins\/seo\/ -->\n<title>Audiovisuals per a sorprendre en el punt de venda - Eikonos<\/title>\n<meta name=\"robots\" content=\"index, follow, max-snippet:-1, max-image-preview:large, max-video-preview:-1\" \/>\n<link rel=\"canonical\" href=\"https:\/\/eikonos.com\/ca\/blog\/equipaments-audiovisuals-per-a-sorprendre-en-el-punt-de-venda\/\" \/>\n<meta property=\"og:locale\" content=\"ca_ES\" \/>\n<meta property=\"og:type\" content=\"article\" \/>\n<meta property=\"og:title\" content=\"Audiovisuals per a sorprendre en el punt de venda - Eikonos\" \/>\n<meta property=\"og:description\" content=\"Arriba cap d\u2019any i toca fer balan\u00e7 de com han anat les accions comercials, aix\u00ed...\" \/>\n<meta property=\"og:url\" content=\"https:\/\/eikonos.com\/ca\/blog\/equipaments-audiovisuals-per-a-sorprendre-en-el-punt-de-venda\/\" \/>\n<meta property=\"og:site_name\" content=\"EIKONOS\" \/>\n<meta property=\"article:publisher\" content=\"http:\/\/www.facebook.com\/pages\/Eikonos\/176324785746790\" \/>\n<meta property=\"article:published_time\" content=\"2019-12-10T12:29:43+00:00\" \/>\n<meta property=\"og:image\" content=\"https:\/\/eikonos.com\/wp-content\/uploads\/2019\/12\/audiovisuales-punto-venta-1.jpg\" \/>\n\t<meta property=\"og:image:width\" content=\"724\" \/>\n\t<meta property=\"og:image:height\" content=\"407\" \/>\n\t<meta property=\"og:image:type\" content=\"image\/jpeg\" \/>\n<meta name=\"author\" content=\"Xavi Eikonos\" \/>\n<meta name=\"twitter:card\" content=\"summary_large_image\" \/>\n<meta name=\"twitter:creator\" content=\"@eikonos_sa\" \/>\n<meta name=\"twitter:site\" content=\"@eikonos_sa\" \/>\n<meta name=\"twitter:label1\" content=\"Escrit per\" \/>\n\t<meta name=\"twitter:data1\" content=\"Xavi Eikonos\" \/>\n\t<meta name=\"twitter:label2\" content=\"Temps estimat de lectura\" \/>\n\t<meta name=\"twitter:data2\" content=\"3 minuts\" \/>\n<script type=\"application\/ld+json\" class=\"yoast-schema-graph\">{\"@context\":\"https:\/\/schema.org\",\"@graph\":[{\"@type\":\"Article\",\"@id\":\"https:\/\/eikonos.com\/ca\/blog\/equipaments-audiovisuals-per-a-sorprendre-en-el-punt-de-venda\/#article\",\"isPartOf\":{\"@id\":\"https:\/\/eikonos.com\/ca\/blog\/equipaments-audiovisuals-per-a-sorprendre-en-el-punt-de-venda\/\"},\"author\":{\"name\":\"Xavi Eikonos\",\"@id\":\"https:\/\/eikonos.com\/ca\/#\/schema\/person\/82032860cc314d826959b90595a5280a\"},\"headline\":\"Equipaments audiovisuals per a sorprendre en el punt de venda\",\"datePublished\":\"2019-12-10T12:29:43+00:00\",\"mainEntityOfPage\":{\"@id\":\"https:\/\/eikonos.com\/ca\/blog\/equipaments-audiovisuals-per-a-sorprendre-en-el-punt-de-venda\/\"},\"wordCount\":585,\"commentCount\":0,\"publisher\":{\"@id\":\"https:\/\/eikonos.com\/ca\/#organization\"},\"image\":{\"@id\":\"https:\/\/eikonos.com\/ca\/blog\/equipaments-audiovisuals-per-a-sorprendre-en-el-punt-de-venda\/#primaryimage\"},\"thumbnailUrl\":\"https:\/\/eikonos.com\/wp-content\/uploads\/2019\/12\/audiovisuales-punto-venta-1.jpg\",\"articleSection\":[\"Actualidad\"],\"inLanguage\":\"ca\",\"potentialAction\":[{\"@type\":\"CommentAction\",\"name\":\"Comment\",\"target\":[\"https:\/\/eikonos.com\/ca\/blog\/equipaments-audiovisuals-per-a-sorprendre-en-el-punt-de-venda\/#respond\"]}]},{\"@type\":\"WebPage\",\"@id\":\"https:\/\/eikonos.com\/ca\/blog\/equipaments-audiovisuals-per-a-sorprendre-en-el-punt-de-venda\/\",\"url\":\"https:\/\/eikonos.com\/ca\/blog\/equipaments-audiovisuals-per-a-sorprendre-en-el-punt-de-venda\/\",\"name\":\"Audiovisuals per a sorprendre en el punt de venda - Eikonos\",\"isPartOf\":{\"@id\":\"https:\/\/eikonos.com\/ca\/#website\"},\"primaryImageOfPage\":{\"@id\":\"https:\/\/eikonos.com\/ca\/blog\/equipaments-audiovisuals-per-a-sorprendre-en-el-punt-de-venda\/#primaryimage\"},\"image\":{\"@id\":\"https:\/\/eikonos.com\/ca\/blog\/equipaments-audiovisuals-per-a-sorprendre-en-el-punt-de-venda\/#primaryimage\"},\"thumbnailUrl\":\"https:\/\/eikonos.com\/wp-content\/uploads\/2019\/12\/audiovisuales-punto-venta-1.jpg\",\"datePublished\":\"2019-12-10T12:29:43+00:00\",\"breadcrumb\":{\"@id\":\"https:\/\/eikonos.com\/ca\/blog\/equipaments-audiovisuals-per-a-sorprendre-en-el-punt-de-venda\/#breadcrumb\"},\"inLanguage\":\"ca\",\"potentialAction\":[{\"@type\":\"ReadAction\",\"target\":[\"https:\/\/eikonos.com\/ca\/blog\/equipaments-audiovisuals-per-a-sorprendre-en-el-punt-de-venda\/\"]}]},{\"@type\":\"ImageObject\",\"inLanguage\":\"ca\",\"@id\":\"https:\/\/eikonos.com\/ca\/blog\/equipaments-audiovisuals-per-a-sorprendre-en-el-punt-de-venda\/#primaryimage\",\"url\":\"https:\/\/eikonos.com\/wp-content\/uploads\/2019\/12\/audiovisuales-punto-venta-1.jpg\",\"contentUrl\":\"https:\/\/eikonos.com\/wp-content\/uploads\/2019\/12\/audiovisuales-punto-venta-1.jpg\",\"width\":724,\"height\":407,\"caption\":\"Ventaja de los audiovisuales en el punto de venta.\"},{\"@type\":\"BreadcrumbList\",\"@id\":\"https:\/\/eikonos.com\/ca\/blog\/equipaments-audiovisuals-per-a-sorprendre-en-el-punt-de-venda\/#breadcrumb\",\"itemListElement\":[{\"@type\":\"ListItem\",\"position\":1,\"name\":\"EIKONOS\",\"item\":\"https:\/\/eikonos.com\/ca\/inici\/\"},{\"@type\":\"ListItem\",\"position\":2,\"name\":\"Equipaments audiovisuals per a sorprendre en el punt de venda\"}]},{\"@type\":\"WebSite\",\"@id\":\"https:\/\/eikonos.com\/ca\/#website\",\"url\":\"https:\/\/eikonos.com\/ca\/\",\"name\":\"EIKONOS\",\"description\":\"EXPERIENCIA AUDIOVISUAL\",\"publisher\":{\"@id\":\"https:\/\/eikonos.com\/ca\/#organization\"},\"potentialAction\":[{\"@type\":\"SearchAction\",\"target\":{\"@type\":\"EntryPoint\",\"urlTemplate\":\"https:\/\/eikonos.com\/ca\/?s={search_term_string}\"},\"query-input\":{\"@type\":\"PropertyValueSpecification\",\"valueRequired\":true,\"valueName\":\"search_term_string\"}}],\"inLanguage\":\"ca\"},{\"@type\":\"Organization\",\"@id\":\"https:\/\/eikonos.com\/ca\/#organization\",\"name\":\"EIKONOS | Servicios Audiovisuales, eventos y alquiler de equipos\",\"url\":\"https:\/\/eikonos.com\/ca\/\",\"logo\":{\"@type\":\"ImageObject\",\"inLanguage\":\"ca\",\"@id\":\"https:\/\/eikonos.com\/ca\/#\/schema\/logo\/image\/\",\"url\":\"https:\/\/eikonos.com\/wp-content\/uploads\/2020\/08\/logo-color.png\",\"contentUrl\":\"https:\/\/eikonos.com\/wp-content\/uploads\/2020\/08\/logo-color.png\",\"width\":376,\"height\":122,\"caption\":\"EIKONOS | Servicios Audiovisuales, eventos y alquiler de equipos\"},\"image\":{\"@id\":\"https:\/\/eikonos.com\/ca\/#\/schema\/logo\/image\/\"},\"sameAs\":[\"http:\/\/www.facebook.com\/pages\/Eikonos\/176324785746790\",\"https:\/\/x.com\/eikonos_sa\",\"http:\/\/www.linkedin.com\/company\/eikonos\",\"http:\/\/www.youtube.com\/channel\/UC8wcizWaAYbfsuqVf9wIT6w\"]},{\"@type\":\"Person\",\"@id\":\"https:\/\/eikonos.com\/ca\/#\/schema\/person\/82032860cc314d826959b90595a5280a\",\"name\":\"Xavi Eikonos\",\"image\":{\"@type\":\"ImageObject\",\"inLanguage\":\"ca\",\"@id\":\"https:\/\/eikonos.com\/ca\/#\/schema\/person\/image\/\",\"url\":\"https:\/\/secure.gravatar.com\/avatar\/a6c6b51dd0ac6902701aab24a914f6febe1518f94a5ae06db08b3d6107248dfd?s=96&d=mm&r=g\",\"contentUrl\":\"https:\/\/secure.gravatar.com\/avatar\/a6c6b51dd0ac6902701aab24a914f6febe1518f94a5ae06db08b3d6107248dfd?s=96&d=mm&r=g\",\"caption\":\"Xavi Eikonos\"}}]}<\/script>\n<!-- \/ Yoast SEO plugin. -->","yoast_head_json":{"title":"Audiovisuals per a sorprendre en el punt de venda - Eikonos","robots":{"index":"index","follow":"follow","max-snippet":"max-snippet:-1","max-image-preview":"max-image-preview:large","max-video-preview":"max-video-preview:-1"},"canonical":"https:\/\/eikonos.com\/ca\/blog\/equipaments-audiovisuals-per-a-sorprendre-en-el-punt-de-venda\/","og_locale":"ca_ES","og_type":"article","og_title":"Audiovisuals per a sorprendre en el punt de venda - Eikonos","og_description":"Arriba cap d\u2019any i toca fer balan\u00e7 de com han anat les accions comercials, aix\u00ed...","og_url":"https:\/\/eikonos.com\/ca\/blog\/equipaments-audiovisuals-per-a-sorprendre-en-el-punt-de-venda\/","og_site_name":"EIKONOS","article_publisher":"http:\/\/www.facebook.com\/pages\/Eikonos\/176324785746790","article_published_time":"2019-12-10T12:29:43+00:00","og_image":[{"width":724,"height":407,"url":"https:\/\/eikonos.com\/wp-content\/uploads\/2019\/12\/audiovisuales-punto-venta-1.jpg","type":"image\/jpeg"}],"author":"Xavi Eikonos","twitter_card":"summary_large_image","twitter_creator":"@eikonos_sa","twitter_site":"@eikonos_sa","twitter_misc":{"Escrit per":"Xavi Eikonos","Temps estimat de lectura":"3 minuts"},"schema":{"@context":"https:\/\/schema.org","@graph":[{"@type":"Article","@id":"https:\/\/eikonos.com\/ca\/blog\/equipaments-audiovisuals-per-a-sorprendre-en-el-punt-de-venda\/#article","isPartOf":{"@id":"https:\/\/eikonos.com\/ca\/blog\/equipaments-audiovisuals-per-a-sorprendre-en-el-punt-de-venda\/"},"author":{"name":"Xavi Eikonos","@id":"https:\/\/eikonos.com\/ca\/#\/schema\/person\/82032860cc314d826959b90595a5280a"},"headline":"Equipaments audiovisuals per a sorprendre en el punt de venda","datePublished":"2019-12-10T12:29:43+00:00","mainEntityOfPage":{"@id":"https:\/\/eikonos.com\/ca\/blog\/equipaments-audiovisuals-per-a-sorprendre-en-el-punt-de-venda\/"},"wordCount":585,"commentCount":0,"publisher":{"@id":"https:\/\/eikonos.com\/ca\/#organization"},"image":{"@id":"https:\/\/eikonos.com\/ca\/blog\/equipaments-audiovisuals-per-a-sorprendre-en-el-punt-de-venda\/#primaryimage"},"thumbnailUrl":"https:\/\/eikonos.com\/wp-content\/uploads\/2019\/12\/audiovisuales-punto-venta-1.jpg","articleSection":["Actualidad"],"inLanguage":"ca","potentialAction":[{"@type":"CommentAction","name":"Comment","target":["https:\/\/eikonos.com\/ca\/blog\/equipaments-audiovisuals-per-a-sorprendre-en-el-punt-de-venda\/#respond"]}]},{"@type":"WebPage","@id":"https:\/\/eikonos.com\/ca\/blog\/equipaments-audiovisuals-per-a-sorprendre-en-el-punt-de-venda\/","url":"https:\/\/eikonos.com\/ca\/blog\/equipaments-audiovisuals-per-a-sorprendre-en-el-punt-de-venda\/","name":"Audiovisuals per a sorprendre en el punt de venda - Eikonos","isPartOf":{"@id":"https:\/\/eikonos.com\/ca\/#website"},"primaryImageOfPage":{"@id":"https:\/\/eikonos.com\/ca\/blog\/equipaments-audiovisuals-per-a-sorprendre-en-el-punt-de-venda\/#primaryimage"},"image":{"@id":"https:\/\/eikonos.com\/ca\/blog\/equipaments-audiovisuals-per-a-sorprendre-en-el-punt-de-venda\/#primaryimage"},"thumbnailUrl":"https:\/\/eikonos.com\/wp-content\/uploads\/2019\/12\/audiovisuales-punto-venta-1.jpg","datePublished":"2019-12-10T12:29:43+00:00","breadcrumb":{"@id":"https:\/\/eikonos.com\/ca\/blog\/equipaments-audiovisuals-per-a-sorprendre-en-el-punt-de-venda\/#breadcrumb"},"inLanguage":"ca","potentialAction":[{"@type":"ReadAction","target":["https:\/\/eikonos.com\/ca\/blog\/equipaments-audiovisuals-per-a-sorprendre-en-el-punt-de-venda\/"]}]},{"@type":"ImageObject","inLanguage":"ca","@id":"https:\/\/eikonos.com\/ca\/blog\/equipaments-audiovisuals-per-a-sorprendre-en-el-punt-de-venda\/#primaryimage","url":"https:\/\/eikonos.com\/wp-content\/uploads\/2019\/12\/audiovisuales-punto-venta-1.jpg","contentUrl":"https:\/\/eikonos.com\/wp-content\/uploads\/2019\/12\/audiovisuales-punto-venta-1.jpg","width":724,"height":407,"caption":"Ventaja de los audiovisuales en el punto de venta."},{"@type":"BreadcrumbList","@id":"https:\/\/eikonos.com\/ca\/blog\/equipaments-audiovisuals-per-a-sorprendre-en-el-punt-de-venda\/#breadcrumb","itemListElement":[{"@type":"ListItem","position":1,"name":"EIKONOS","item":"https:\/\/eikonos.com\/ca\/inici\/"},{"@type":"ListItem","position":2,"name":"Equipaments audiovisuals per a sorprendre en el punt de venda"}]},{"@type":"WebSite","@id":"https:\/\/eikonos.com\/ca\/#website","url":"https:\/\/eikonos.com\/ca\/","name":"EIKONOS","description":"EXPERIENCIA AUDIOVISUAL","publisher":{"@id":"https:\/\/eikonos.com\/ca\/#organization"},"potentialAction":[{"@type":"SearchAction","target":{"@type":"EntryPoint","urlTemplate":"https:\/\/eikonos.com\/ca\/?s={search_term_string}"},"query-input":{"@type":"PropertyValueSpecification","valueRequired":true,"valueName":"search_term_string"}}],"inLanguage":"ca"},{"@type":"Organization","@id":"https:\/\/eikonos.com\/ca\/#organization","name":"EIKONOS | Servicios Audiovisuales, eventos y alquiler de equipos","url":"https:\/\/eikonos.com\/ca\/","logo":{"@type":"ImageObject","inLanguage":"ca","@id":"https:\/\/eikonos.com\/ca\/#\/schema\/logo\/image\/","url":"https:\/\/eikonos.com\/wp-content\/uploads\/2020\/08\/logo-color.png","contentUrl":"https:\/\/eikonos.com\/wp-content\/uploads\/2020\/08\/logo-color.png","width":376,"height":122,"caption":"EIKONOS | Servicios Audiovisuales, eventos y alquiler de equipos"},"image":{"@id":"https:\/\/eikonos.com\/ca\/#\/schema\/logo\/image\/"},"sameAs":["http:\/\/www.facebook.com\/pages\/Eikonos\/176324785746790","https:\/\/x.com\/eikonos_sa","http:\/\/www.linkedin.com\/company\/eikonos","http:\/\/www.youtube.com\/channel\/UC8wcizWaAYbfsuqVf9wIT6w"]},{"@type":"Person","@id":"https:\/\/eikonos.com\/ca\/#\/schema\/person\/82032860cc314d826959b90595a5280a","name":"Xavi Eikonos","image":{"@type":"ImageObject","inLanguage":"ca","@id":"https:\/\/eikonos.com\/ca\/#\/schema\/person\/image\/","url":"https:\/\/secure.gravatar.com\/avatar\/a6c6b51dd0ac6902701aab24a914f6febe1518f94a5ae06db08b3d6107248dfd?s=96&d=mm&r=g","contentUrl":"https:\/\/secure.gravatar.com\/avatar\/a6c6b51dd0ac6902701aab24a914f6febe1518f94a5ae06db08b3d6107248dfd?s=96&d=mm&r=g","caption":"Xavi Eikonos"}}]}},"_links":{"self":[{"href":"https:\/\/eikonos.com\/ca\/wp-json\/wp\/v2\/posts\/7308","targetHints":{"allow":["GET"]}}],"collection":[{"href":"https:\/\/eikonos.com\/ca\/wp-json\/wp\/v2\/posts"}],"about":[{"href":"https:\/\/eikonos.com\/ca\/wp-json\/wp\/v2\/types\/post"}],"author":[{"embeddable":true,"href":"https:\/\/eikonos.com\/ca\/wp-json\/wp\/v2\/users\/6"}],"replies":[{"embeddable":true,"href":"https:\/\/eikonos.com\/ca\/wp-json\/wp\/v2\/comments?post=7308"}],"version-history":[{"count":0,"href":"https:\/\/eikonos.com\/ca\/wp-json\/wp\/v2\/posts\/7308\/revisions"}],"wp:featuredmedia":[{"embeddable":true,"href":"https:\/\/eikonos.com\/ca\/wp-json\/wp\/v2\/media\/7298"}],"wp:attachment":[{"href":"https:\/\/eikonos.com\/ca\/wp-json\/wp\/v2\/media?parent=7308"}],"wp:term":[{"taxonomy":"category","embeddable":true,"href":"https:\/\/eikonos.com\/ca\/wp-json\/wp\/v2\/categories?post=7308"},{"taxonomy":"post_tag","embeddable":true,"href":"https:\/\/eikonos.com\/ca\/wp-json\/wp\/v2\/tags?post=7308"}],"curies":[{"name":"wp","href":"https:\/\/api.w.org\/{rel}","templated":true}]}}