{"id":7293,"date":"2019-12-03T11:16:46","date_gmt":"2019-12-03T10:16:46","guid":{"rendered":"https:\/\/eikonos.com\/?p=7293"},"modified":"2019-12-03T11:16:46","modified_gmt":"2019-12-03T10:16:46","slug":"quan-hem-de-recorrer-empresa-integracio-audiovisual","status":"publish","type":"post","link":"https:\/\/eikonos.com\/ca\/blog\/quan-hem-de-recorrer-empresa-integracio-audiovisual\/","title":{"rendered":"Quan hem de rec\u00f3rrer a una empresa d\u2019integraci\u00f3 audiovisual?"},"content":{"rendered":"\n<p>Actualment, per a realitzar una campanya de comunicaci\u00f3,\npublicit\u00e0ria o corporativa comptem amb moltes eines gr\u00e0cies a les facilitats\nd\u2019Internet. No s\u00f3n les mateixes, per\u00f2, les necessitats d\u2019una <em>startup<\/em>, que una Pyme o una gran empresa\nen aquesta \u00e0rea. Avui t\u2019expliquem com et pot ajudar una empresa d\u2019integraci\u00f3\naudiovisual a dissenyar una campanya efica\u00e7. <\/p>\n\n\n\n<p>La democratitzaci\u00f3 dels continguts amb l\u2019arribada d\u2019Internet\ni la banda ampla ha condu\u00eft a que comptem amb una infinitat de recursos que ens\najuden amb el disseny gr\u00e0fic. Aix\u00ed i tot, no hi ha res que substitueixi una <a href=\"https:\/\/eikonos.com\/ca\/portfolio_page\/instal%c2%b7lacions-corporatives\/\">empresa d\u2019integraci\u00f3\naudiovisual<\/a> professional quan parlem\nd\u2019aconseguir una campanya reeixida.&nbsp; <\/p>\n\n\n\n<p>Ja no es\ntracta nom\u00e9s de tenir una bona idea i la capacitat de plasmar-la. La integraci\u00f3\naudiovisual requereix <strong>la identificaci\u00f3\nde les necessitats del client<\/strong>, d\u2019acord amb l\u2019espai en el qual es dugui a\nterme el projecte, tot tractant de fer \u00fas dels equipaments i les tecnologies\nm\u00e9s convenients d\u2019acord amb els objectius marcats. <\/p>\n\n\n\n<p>A la\npresentaci\u00f3 d\u2019un esdeveniment, s\u2019ha de tenir una cura especial amb el so, la\nimatge i la il\u00b7luminaci\u00f3. Per aix\u00f2, l\u2019espai ha de comptar amb projectors i <a href=\"https:\/\/eikonos.com\/ca\/blog\/pantalles-led-stands-fires\/\">pantalles LED<\/a> o monitors de plasma,\nentre altres equipaments els quals hauran d\u2019estar completament sincronitzats. <\/p>\n\n\n\n<div style=\"height:40px\" aria-hidden=\"true\" class=\"wp-block-spacer\"><\/div>\n\n\n\n<h2 style=\"color:#f20000;\">Avantatges dels serveis d\u2019integraci\u00f3 audiovisual<\/h2>\n\n\n\n<p>Els serveis\nd\u2019<strong>integraci\u00f3 audiovisual<\/strong> s\u00f3n amplis\ni engloben <strong>v\u00eddeo<\/strong>, <strong>il\u00b7luminaci\u00f3<\/strong>, <strong>so<\/strong>, <strong>control<\/strong>, <strong>adaptacions<\/strong> i <strong>infraestructura<\/strong>, entre d\u2019altres. <\/p>\n\n\n\n<p>Treballar\namb una consultora audiovisual amb experi\u00e8ncia presenta nombrosos avantatges\ntals com:<\/p>\n\n\n\n<ol class=\"wp-block-list\"><li>El client comptar\u00e0 amb el suport d\u2019especialistes qualificats que garanteixin resultats professionals. <\/li><li>Tenir al nostre abast equipament amb la tecnologia m\u00e9s avan\u00e7ada en l\u2019\u00e0mbit audiovisual, gestionats per professionals que saben treure-li el m\u00e0xim profit. <\/li><li>La gesti\u00f3 del material per al teu esdeveniment, incl\u00f2s el <a href=\"https:\/\/eikonos.com\/ca\/serveis\/lloguer-equips\/\">lloguer d\u2019equipaments<\/a>. No nom\u00e9s hem de preocupar-nos d\u2019aquesta tasca sin\u00f3 que evitem despeses importants que poden afectar a la tresoreria i fins i tot al compte de resultats de la companyia. Aix\u00ed mateix, tampoc carreguem el material que utilitzarem de manera residual i que es pot quedar obsolet en poc temps. <\/li><li>Optem a tarifes millors que si hagu\u00e9ssim d\u2019anar a adquirir o llogar equipaments de forma personal. La consultora comptar\u00e0 amb descomptes per volum dels quals ens podem beneficiar i amb els que d\u2019una altra manera no tindr\u00edem acc\u00e9s. <\/li><li>Producci\u00f3 audiovisual. Estrat\u00e8gia de continguts i creaci\u00f3 d\u2019aquests. Inclou quines pantalles hi haur\u00e0 a l\u2019esdeveniment i qu\u00e8 s\u2019emetr\u00e0 en cada una d\u2019elles, els diferents formats, si inclou \u00e0udio o no, continguts interactius, subt\u00edtols, etc\u00e8tera.<\/li><li>Creaci\u00f3 d\u2019experi\u00e8ncies audiovisuals a trav\u00e9s de tecnologies com ara la realitat virtual o la projecci\u00f3 d\u2019imatges. <\/li><li>Disposar de servei t\u00e8cnic abans i durant tot l\u2019esdeveniment. No importa si sorgeixen necessitats concretes de so o imatge en el mateix, donat que comptarem amb professionals capacitats per a resoldre-les sense que suposi la interrupci\u00f3 de l\u2019acte ni afecti la imatge de la nostra companyia. <\/li><\/ol>\n\n\n\n<div style=\"height:40px\" aria-hidden=\"true\" class=\"wp-block-spacer\"><\/div>\n\n\n\n<p>\n\n\n\n\n\n\n\n\n\n\n\n\n\nSi aquest 2020 tens previst organitzar un esdeveniment\ni busques una empresa de confian\u00e7a que tingui cura de tots els detalls, demana\npressupost a Eikonos. <a href=\"https:\/\/eikonos.com\/ca\/contacte\/\">Parlem!<\/a><\/p>\n","protected":false},"excerpt":{"rendered":"<p>Actualment, per a realitzar una campanya de comunicaci\u00f3, publicit\u00e0ria o corporativa comptem amb moltes eines&#8230;<\/p>\n","protected":false},"author":6,"featured_media":7282,"comment_status":"open","ping_status":"open","sticky":false,"template":"","format":"standard","meta":{"_acf_changed":false,"footnotes":""},"categories":[268],"tags":[],"class_list":["post-7293","post","type-post","status-publish","format-standard","has-post-thumbnail","hentry","category-eikonos-ca"],"acf":[],"yoast_head":"<!-- This site is optimized with the Yoast SEO plugin v26.3 - https:\/\/yoast.com\/wordpress\/plugins\/seo\/ -->\n<title>Quan hem de rec\u00f2rrer a una empresa d&#039;integraci\u00f3 audiovisual?<\/title>\n<meta name=\"description\" content=\"Descobreix els avantatges de l&#039;\u00fas de la integraci\u00f3 audiovisual en esdeveniments i com una empresa d&#039;integraci\u00f3 audiovisual pot ajudar-te.\" \/>\n<meta name=\"robots\" content=\"index, follow, max-snippet:-1, max-image-preview:large, max-video-preview:-1\" \/>\n<link rel=\"canonical\" href=\"https:\/\/eikonos.com\/ca\/blog\/quan-hem-de-recorrer-empresa-integracio-audiovisual\/\" \/>\n<meta property=\"og:locale\" content=\"ca_ES\" \/>\n<meta property=\"og:type\" content=\"article\" \/>\n<meta property=\"og:title\" content=\"Quan hem de rec\u00f2rrer a una empresa d&#039;integraci\u00f3 audiovisual?\" \/>\n<meta property=\"og:description\" content=\"Descobreix els avantatges de l&#039;\u00fas de la integraci\u00f3 audiovisual en esdeveniments i com una empresa d&#039;integraci\u00f3 audiovisual pot ajudar-te.\" \/>\n<meta property=\"og:url\" content=\"https:\/\/eikonos.com\/ca\/blog\/quan-hem-de-recorrer-empresa-integracio-audiovisual\/\" \/>\n<meta property=\"og:site_name\" content=\"EIKONOS\" \/>\n<meta property=\"article:publisher\" content=\"http:\/\/www.facebook.com\/pages\/Eikonos\/176324785746790\" \/>\n<meta property=\"article:published_time\" content=\"2019-12-03T10:16:46+00:00\" \/>\n<meta property=\"og:image\" content=\"https:\/\/eikonos.com\/wp-content\/uploads\/2019\/12\/eikonos-blog-1.jpg\" \/>\n\t<meta property=\"og:image:width\" content=\"724\" \/>\n\t<meta property=\"og:image:height\" content=\"407\" \/>\n\t<meta property=\"og:image:type\" content=\"image\/jpeg\" \/>\n<meta name=\"author\" content=\"Xavi Eikonos\" \/>\n<meta name=\"twitter:card\" content=\"summary_large_image\" \/>\n<meta name=\"twitter:creator\" content=\"@eikonos_sa\" \/>\n<meta name=\"twitter:site\" content=\"@eikonos_sa\" \/>\n<meta name=\"twitter:label1\" content=\"Escrit per\" \/>\n\t<meta name=\"twitter:data1\" content=\"Xavi Eikonos\" \/>\n\t<meta name=\"twitter:label2\" content=\"Temps estimat de lectura\" \/>\n\t<meta name=\"twitter:data2\" content=\"3 minuts\" \/>\n<script type=\"application\/ld+json\" class=\"yoast-schema-graph\">{\"@context\":\"https:\/\/schema.org\",\"@graph\":[{\"@type\":\"Article\",\"@id\":\"https:\/\/eikonos.com\/ca\/blog\/quan-hem-de-recorrer-empresa-integracio-audiovisual\/#article\",\"isPartOf\":{\"@id\":\"https:\/\/eikonos.com\/ca\/blog\/quan-hem-de-recorrer-empresa-integracio-audiovisual\/\"},\"author\":{\"name\":\"Xavi Eikonos\",\"@id\":\"https:\/\/eikonos.com\/ca\/#\/schema\/person\/82032860cc314d826959b90595a5280a\"},\"headline\":\"Quan hem de rec\u00f3rrer a una empresa d\u2019integraci\u00f3 audiovisual?\",\"datePublished\":\"2019-12-03T10:16:46+00:00\",\"mainEntityOfPage\":{\"@id\":\"https:\/\/eikonos.com\/ca\/blog\/quan-hem-de-recorrer-empresa-integracio-audiovisual\/\"},\"wordCount\":559,\"commentCount\":0,\"publisher\":{\"@id\":\"https:\/\/eikonos.com\/ca\/#organization\"},\"image\":{\"@id\":\"https:\/\/eikonos.com\/ca\/blog\/quan-hem-de-recorrer-empresa-integracio-audiovisual\/#primaryimage\"},\"thumbnailUrl\":\"https:\/\/eikonos.com\/wp-content\/uploads\/2019\/12\/eikonos-blog-1.jpg\",\"articleSection\":[\"Eikonos\"],\"inLanguage\":\"ca\",\"potentialAction\":[{\"@type\":\"CommentAction\",\"name\":\"Comment\",\"target\":[\"https:\/\/eikonos.com\/ca\/blog\/quan-hem-de-recorrer-empresa-integracio-audiovisual\/#respond\"]}]},{\"@type\":\"WebPage\",\"@id\":\"https:\/\/eikonos.com\/ca\/blog\/quan-hem-de-recorrer-empresa-integracio-audiovisual\/\",\"url\":\"https:\/\/eikonos.com\/ca\/blog\/quan-hem-de-recorrer-empresa-integracio-audiovisual\/\",\"name\":\"Quan hem de rec\u00f2rrer a una empresa d'integraci\u00f3 audiovisual?\",\"isPartOf\":{\"@id\":\"https:\/\/eikonos.com\/ca\/#website\"},\"primaryImageOfPage\":{\"@id\":\"https:\/\/eikonos.com\/ca\/blog\/quan-hem-de-recorrer-empresa-integracio-audiovisual\/#primaryimage\"},\"image\":{\"@id\":\"https:\/\/eikonos.com\/ca\/blog\/quan-hem-de-recorrer-empresa-integracio-audiovisual\/#primaryimage\"},\"thumbnailUrl\":\"https:\/\/eikonos.com\/wp-content\/uploads\/2019\/12\/eikonos-blog-1.jpg\",\"datePublished\":\"2019-12-03T10:16:46+00:00\",\"description\":\"Descobreix els avantatges de l'\u00fas de la integraci\u00f3 audiovisual en esdeveniments i com una empresa d'integraci\u00f3 audiovisual pot ajudar-te.\",\"breadcrumb\":{\"@id\":\"https:\/\/eikonos.com\/ca\/blog\/quan-hem-de-recorrer-empresa-integracio-audiovisual\/#breadcrumb\"},\"inLanguage\":\"ca\",\"potentialAction\":[{\"@type\":\"ReadAction\",\"target\":[\"https:\/\/eikonos.com\/ca\/blog\/quan-hem-de-recorrer-empresa-integracio-audiovisual\/\"]}]},{\"@type\":\"ImageObject\",\"inLanguage\":\"ca\",\"@id\":\"https:\/\/eikonos.com\/ca\/blog\/quan-hem-de-recorrer-empresa-integracio-audiovisual\/#primaryimage\",\"url\":\"https:\/\/eikonos.com\/wp-content\/uploads\/2019\/12\/eikonos-blog-1.jpg\",\"contentUrl\":\"https:\/\/eikonos.com\/wp-content\/uploads\/2019\/12\/eikonos-blog-1.jpg\",\"width\":724,\"height\":407,\"caption\":\"La utilidad de la integraci\u00f3n audiovisual en los eventos.\"},{\"@type\":\"BreadcrumbList\",\"@id\":\"https:\/\/eikonos.com\/ca\/blog\/quan-hem-de-recorrer-empresa-integracio-audiovisual\/#breadcrumb\",\"itemListElement\":[{\"@type\":\"ListItem\",\"position\":1,\"name\":\"EIKONOS\",\"item\":\"https:\/\/eikonos.com\/ca\/inici\/\"},{\"@type\":\"ListItem\",\"position\":2,\"name\":\"Quan hem de rec\u00f3rrer a una empresa d\u2019integraci\u00f3 audiovisual?\"}]},{\"@type\":\"WebSite\",\"@id\":\"https:\/\/eikonos.com\/ca\/#website\",\"url\":\"https:\/\/eikonos.com\/ca\/\",\"name\":\"EIKONOS\",\"description\":\"EXPERIENCIA AUDIOVISUAL\",\"publisher\":{\"@id\":\"https:\/\/eikonos.com\/ca\/#organization\"},\"potentialAction\":[{\"@type\":\"SearchAction\",\"target\":{\"@type\":\"EntryPoint\",\"urlTemplate\":\"https:\/\/eikonos.com\/ca\/?s={search_term_string}\"},\"query-input\":{\"@type\":\"PropertyValueSpecification\",\"valueRequired\":true,\"valueName\":\"search_term_string\"}}],\"inLanguage\":\"ca\"},{\"@type\":\"Organization\",\"@id\":\"https:\/\/eikonos.com\/ca\/#organization\",\"name\":\"EIKONOS | Servicios Audiovisuales, eventos y alquiler de equipos\",\"url\":\"https:\/\/eikonos.com\/ca\/\",\"logo\":{\"@type\":\"ImageObject\",\"inLanguage\":\"ca\",\"@id\":\"https:\/\/eikonos.com\/ca\/#\/schema\/logo\/image\/\",\"url\":\"https:\/\/eikonos.com\/wp-content\/uploads\/2020\/08\/logo-color.png\",\"contentUrl\":\"https:\/\/eikonos.com\/wp-content\/uploads\/2020\/08\/logo-color.png\",\"width\":376,\"height\":122,\"caption\":\"EIKONOS | Servicios Audiovisuales, eventos y alquiler de equipos\"},\"image\":{\"@id\":\"https:\/\/eikonos.com\/ca\/#\/schema\/logo\/image\/\"},\"sameAs\":[\"http:\/\/www.facebook.com\/pages\/Eikonos\/176324785746790\",\"https:\/\/x.com\/eikonos_sa\",\"http:\/\/www.linkedin.com\/company\/eikonos\",\"http:\/\/www.youtube.com\/channel\/UC8wcizWaAYbfsuqVf9wIT6w\"]},{\"@type\":\"Person\",\"@id\":\"https:\/\/eikonos.com\/ca\/#\/schema\/person\/82032860cc314d826959b90595a5280a\",\"name\":\"Xavi Eikonos\",\"image\":{\"@type\":\"ImageObject\",\"inLanguage\":\"ca\",\"@id\":\"https:\/\/eikonos.com\/ca\/#\/schema\/person\/image\/\",\"url\":\"https:\/\/secure.gravatar.com\/avatar\/a6c6b51dd0ac6902701aab24a914f6febe1518f94a5ae06db08b3d6107248dfd?s=96&d=mm&r=g\",\"contentUrl\":\"https:\/\/secure.gravatar.com\/avatar\/a6c6b51dd0ac6902701aab24a914f6febe1518f94a5ae06db08b3d6107248dfd?s=96&d=mm&r=g\",\"caption\":\"Xavi Eikonos\"}}]}<\/script>\n<!-- \/ Yoast SEO plugin. -->","yoast_head_json":{"title":"Quan hem de rec\u00f2rrer a una empresa d'integraci\u00f3 audiovisual?","description":"Descobreix els avantatges de l'\u00fas de la integraci\u00f3 audiovisual en esdeveniments i com una empresa d'integraci\u00f3 audiovisual pot ajudar-te.","robots":{"index":"index","follow":"follow","max-snippet":"max-snippet:-1","max-image-preview":"max-image-preview:large","max-video-preview":"max-video-preview:-1"},"canonical":"https:\/\/eikonos.com\/ca\/blog\/quan-hem-de-recorrer-empresa-integracio-audiovisual\/","og_locale":"ca_ES","og_type":"article","og_title":"Quan hem de rec\u00f2rrer a una empresa d'integraci\u00f3 audiovisual?","og_description":"Descobreix els avantatges de l'\u00fas de la integraci\u00f3 audiovisual en esdeveniments i com una empresa d'integraci\u00f3 audiovisual pot ajudar-te.","og_url":"https:\/\/eikonos.com\/ca\/blog\/quan-hem-de-recorrer-empresa-integracio-audiovisual\/","og_site_name":"EIKONOS","article_publisher":"http:\/\/www.facebook.com\/pages\/Eikonos\/176324785746790","article_published_time":"2019-12-03T10:16:46+00:00","og_image":[{"width":724,"height":407,"url":"https:\/\/eikonos.com\/wp-content\/uploads\/2019\/12\/eikonos-blog-1.jpg","type":"image\/jpeg"}],"author":"Xavi Eikonos","twitter_card":"summary_large_image","twitter_creator":"@eikonos_sa","twitter_site":"@eikonos_sa","twitter_misc":{"Escrit per":"Xavi Eikonos","Temps estimat de lectura":"3 minuts"},"schema":{"@context":"https:\/\/schema.org","@graph":[{"@type":"Article","@id":"https:\/\/eikonos.com\/ca\/blog\/quan-hem-de-recorrer-empresa-integracio-audiovisual\/#article","isPartOf":{"@id":"https:\/\/eikonos.com\/ca\/blog\/quan-hem-de-recorrer-empresa-integracio-audiovisual\/"},"author":{"name":"Xavi Eikonos","@id":"https:\/\/eikonos.com\/ca\/#\/schema\/person\/82032860cc314d826959b90595a5280a"},"headline":"Quan hem de rec\u00f3rrer a una empresa d\u2019integraci\u00f3 audiovisual?","datePublished":"2019-12-03T10:16:46+00:00","mainEntityOfPage":{"@id":"https:\/\/eikonos.com\/ca\/blog\/quan-hem-de-recorrer-empresa-integracio-audiovisual\/"},"wordCount":559,"commentCount":0,"publisher":{"@id":"https:\/\/eikonos.com\/ca\/#organization"},"image":{"@id":"https:\/\/eikonos.com\/ca\/blog\/quan-hem-de-recorrer-empresa-integracio-audiovisual\/#primaryimage"},"thumbnailUrl":"https:\/\/eikonos.com\/wp-content\/uploads\/2019\/12\/eikonos-blog-1.jpg","articleSection":["Eikonos"],"inLanguage":"ca","potentialAction":[{"@type":"CommentAction","name":"Comment","target":["https:\/\/eikonos.com\/ca\/blog\/quan-hem-de-recorrer-empresa-integracio-audiovisual\/#respond"]}]},{"@type":"WebPage","@id":"https:\/\/eikonos.com\/ca\/blog\/quan-hem-de-recorrer-empresa-integracio-audiovisual\/","url":"https:\/\/eikonos.com\/ca\/blog\/quan-hem-de-recorrer-empresa-integracio-audiovisual\/","name":"Quan hem de rec\u00f2rrer a una empresa d'integraci\u00f3 audiovisual?","isPartOf":{"@id":"https:\/\/eikonos.com\/ca\/#website"},"primaryImageOfPage":{"@id":"https:\/\/eikonos.com\/ca\/blog\/quan-hem-de-recorrer-empresa-integracio-audiovisual\/#primaryimage"},"image":{"@id":"https:\/\/eikonos.com\/ca\/blog\/quan-hem-de-recorrer-empresa-integracio-audiovisual\/#primaryimage"},"thumbnailUrl":"https:\/\/eikonos.com\/wp-content\/uploads\/2019\/12\/eikonos-blog-1.jpg","datePublished":"2019-12-03T10:16:46+00:00","description":"Descobreix els avantatges de l'\u00fas de la integraci\u00f3 audiovisual en esdeveniments i com una empresa d'integraci\u00f3 audiovisual pot ajudar-te.","breadcrumb":{"@id":"https:\/\/eikonos.com\/ca\/blog\/quan-hem-de-recorrer-empresa-integracio-audiovisual\/#breadcrumb"},"inLanguage":"ca","potentialAction":[{"@type":"ReadAction","target":["https:\/\/eikonos.com\/ca\/blog\/quan-hem-de-recorrer-empresa-integracio-audiovisual\/"]}]},{"@type":"ImageObject","inLanguage":"ca","@id":"https:\/\/eikonos.com\/ca\/blog\/quan-hem-de-recorrer-empresa-integracio-audiovisual\/#primaryimage","url":"https:\/\/eikonos.com\/wp-content\/uploads\/2019\/12\/eikonos-blog-1.jpg","contentUrl":"https:\/\/eikonos.com\/wp-content\/uploads\/2019\/12\/eikonos-blog-1.jpg","width":724,"height":407,"caption":"La utilidad de la integraci\u00f3n audiovisual en los eventos."},{"@type":"BreadcrumbList","@id":"https:\/\/eikonos.com\/ca\/blog\/quan-hem-de-recorrer-empresa-integracio-audiovisual\/#breadcrumb","itemListElement":[{"@type":"ListItem","position":1,"name":"EIKONOS","item":"https:\/\/eikonos.com\/ca\/inici\/"},{"@type":"ListItem","position":2,"name":"Quan hem de rec\u00f3rrer a una empresa d\u2019integraci\u00f3 audiovisual?"}]},{"@type":"WebSite","@id":"https:\/\/eikonos.com\/ca\/#website","url":"https:\/\/eikonos.com\/ca\/","name":"EIKONOS","description":"EXPERIENCIA AUDIOVISUAL","publisher":{"@id":"https:\/\/eikonos.com\/ca\/#organization"},"potentialAction":[{"@type":"SearchAction","target":{"@type":"EntryPoint","urlTemplate":"https:\/\/eikonos.com\/ca\/?s={search_term_string}"},"query-input":{"@type":"PropertyValueSpecification","valueRequired":true,"valueName":"search_term_string"}}],"inLanguage":"ca"},{"@type":"Organization","@id":"https:\/\/eikonos.com\/ca\/#organization","name":"EIKONOS | Servicios Audiovisuales, eventos y alquiler de equipos","url":"https:\/\/eikonos.com\/ca\/","logo":{"@type":"ImageObject","inLanguage":"ca","@id":"https:\/\/eikonos.com\/ca\/#\/schema\/logo\/image\/","url":"https:\/\/eikonos.com\/wp-content\/uploads\/2020\/08\/logo-color.png","contentUrl":"https:\/\/eikonos.com\/wp-content\/uploads\/2020\/08\/logo-color.png","width":376,"height":122,"caption":"EIKONOS | Servicios Audiovisuales, eventos y alquiler de equipos"},"image":{"@id":"https:\/\/eikonos.com\/ca\/#\/schema\/logo\/image\/"},"sameAs":["http:\/\/www.facebook.com\/pages\/Eikonos\/176324785746790","https:\/\/x.com\/eikonos_sa","http:\/\/www.linkedin.com\/company\/eikonos","http:\/\/www.youtube.com\/channel\/UC8wcizWaAYbfsuqVf9wIT6w"]},{"@type":"Person","@id":"https:\/\/eikonos.com\/ca\/#\/schema\/person\/82032860cc314d826959b90595a5280a","name":"Xavi Eikonos","image":{"@type":"ImageObject","inLanguage":"ca","@id":"https:\/\/eikonos.com\/ca\/#\/schema\/person\/image\/","url":"https:\/\/secure.gravatar.com\/avatar\/a6c6b51dd0ac6902701aab24a914f6febe1518f94a5ae06db08b3d6107248dfd?s=96&d=mm&r=g","contentUrl":"https:\/\/secure.gravatar.com\/avatar\/a6c6b51dd0ac6902701aab24a914f6febe1518f94a5ae06db08b3d6107248dfd?s=96&d=mm&r=g","caption":"Xavi Eikonos"}}]}},"_links":{"self":[{"href":"https:\/\/eikonos.com\/ca\/wp-json\/wp\/v2\/posts\/7293","targetHints":{"allow":["GET"]}}],"collection":[{"href":"https:\/\/eikonos.com\/ca\/wp-json\/wp\/v2\/posts"}],"about":[{"href":"https:\/\/eikonos.com\/ca\/wp-json\/wp\/v2\/types\/post"}],"author":[{"embeddable":true,"href":"https:\/\/eikonos.com\/ca\/wp-json\/wp\/v2\/users\/6"}],"replies":[{"embeddable":true,"href":"https:\/\/eikonos.com\/ca\/wp-json\/wp\/v2\/comments?post=7293"}],"version-history":[{"count":0,"href":"https:\/\/eikonos.com\/ca\/wp-json\/wp\/v2\/posts\/7293\/revisions"}],"wp:featuredmedia":[{"embeddable":true,"href":"https:\/\/eikonos.com\/ca\/wp-json\/wp\/v2\/media\/7282"}],"wp:attachment":[{"href":"https:\/\/eikonos.com\/ca\/wp-json\/wp\/v2\/media?parent=7293"}],"wp:term":[{"taxonomy":"category","embeddable":true,"href":"https:\/\/eikonos.com\/ca\/wp-json\/wp\/v2\/categories?post=7293"},{"taxonomy":"post_tag","embeddable":true,"href":"https:\/\/eikonos.com\/ca\/wp-json\/wp\/v2\/tags?post=7293"}],"curies":[{"name":"wp","href":"https:\/\/api.w.org\/{rel}","templated":true}]}}