{"id":7255,"date":"2019-11-12T16:48:11","date_gmt":"2019-11-12T15:48:11","guid":{"rendered":"https:\/\/eikonos.com\/?p=7255"},"modified":"2019-11-12T16:48:11","modified_gmt":"2019-11-12T15:48:11","slug":"accessoris-audiovisuals-per-a-organitzar-esdeveniment","status":"publish","type":"post","link":"https:\/\/eikonos.com\/ca\/blog\/accessoris-audiovisuals-per-a-organitzar-esdeveniment\/","title":{"rendered":"Accessoris audiovisuals per a organitzar un esdeveniment a la perfecci\u00f3"},"content":{"rendered":"\n<p>L\u2019organitzaci\u00f3 d\u2019un esdeveniment \u00e9s exigent i requereix\nun pla d\u2019actuaci\u00f3 que tingui cura de cada un dels detalls. Aix\u00f2 implica\ngestionar de forma adequada els recursos amb els quals es compta, tant humans,\necon\u00f2mics com de material audiovisual per a l\u2019organitzaci\u00f3 d\u2019un esdeveniment. <\/p>\n\n\n\n<p>Un element\nmolt valorat en fires, congressos i actes corporatius \u00e9s l\u2019\u00fas de la tecnologia\nm\u00e9s actual. Aporta valor i un toc de modernitat i innovaci\u00f3 que dota a la marca\nque aposta per <a href=\"https:\/\/eikonos.com\/ca\/blog\/material-audiovisual-organitzar-esdeveniment-esportiu-memorable\/\">audiovisuals\nper organitzar un esdeveniment<\/a> de refer\u00e8ncia. <\/p>\n\n\n\n<p>Per\u00f2 s\u2019ha\nde tenir en compte que estar al dia de les \u00faltimes novetats en un entorn tan canviant\nno \u00e9s f\u00e0cil. Passa el mateix quan s\u2019ha de prendre una decisi\u00f3 de si comprar\nnous accessoris o optar pel lloguer <a href=\"https:\/\/eikonos.com\/ca\/serveis\/lloguer-equips\/\">d\u2019equipament.<\/a><\/p>\n\n\n\n<p>T\u2019ajudem a\nprendre la millor decisi\u00f3 per al teu negoci amb aquestes directrius que milloraran\nla percepci\u00f3 que el visitant i l\u2019usuari final tenen de l\u2019esdeveniment. &nbsp;<\/p>\n\n\n\n<div style=\"height:40px\" aria-hidden=\"true\" class=\"wp-block-spacer\"><\/div>\n\n\n\n<h2 style=\"color:#f20000;\">Com encertar quan escollim solucions audiovisuals per a un esdeveniment<\/h2>\n\n\n\n<p><strong>Il\u00b7luminaci\u00f3 amb efectes: <\/strong>la il\u00b7luminaci\u00f3 d\u2019estands\ni espais \u00e9s tan important que \u00e9s capa\u00e7 de projectar emocions. No t\u00e9 res a veure\nun lloc amb una il\u00b7luminaci\u00f3 amb llum blanca molt potent que no pas una \u00e0rea\namb llum indirecte que generi un ambient c\u00e0lid. <\/p>\n\n\n\n<p>Podem jugar\namb la llum per a crear diferents zones dins d\u2019un mateix espai sense requerir\nenvans, aix\u00ed com fer \u00fas de tend\u00e8ncies com garlandes, boles LED i l\u00e0ser, entre altres\nefectes. <\/p>\n\n\n\n<p><strong>Il\u00b7luminaci\u00f3 amb projectors sense cables: <\/strong>les llumin\u00e0ries LED sense\ncable s\u00f3n f\u00e0cils d\u2019instal\u00b7lar, sent perfecte per a poder jugar creant l\u2019ambient\ndesitjat. Ens poden ser molt \u00fatils en la decoraci\u00f3 d\u2019exteriors, fa\u00e7anes i zones\nverdes. <\/p>\n\n\n\n<p><strong>Equipaments de so: <\/strong>s\u2019ha de tenir en consideraci\u00f3 si\nl\u2019esdeveniment se celebra en un espai tancat o a l\u2019aire lliure aix\u00ed com el\nnombre de persones que hi assistiran. Recorda que la pot\u00e8ncia del so ser\u00e0\ndiferent d\u2019acord amb la quantitat d\u2019assistents. Existeixen tantes solucions en\naquest sector com et puguis imaginar. S\u2019haur\u00e0 de tenir en compte micr\u00f2fons,\naltaveus, megafonia, seguretat en el recinte, entre d\u2019altres. El millor \u00e9s\nconfiar en experts en so que ens donin suport abans i durant l\u2019acte per\ngarantir que no fallar\u00e0 res. Deixa\u2019ns les teves dades i un consultor d\u2019Eikonos\ncontactar\u00e0 amb tu per donar-te una <a href=\"https:\/\/eikonos.com\/ca\/portfolio_page\/equips-de-so\/\">soluci\u00f3\npersonalitzada en so.<\/a> <\/p>\n\n\n\n<p><strong>Equipaments de comunicaci\u00f3:\n<\/strong>normalment ens preocupem per l\u2019\u00fas d\u2019equipaments\npunters, tot deixant de banda el que es refereix a equipaments de comunicaci\u00f3\ncom Walkie Talkies o els sistemes intercom, indispensables si l\u2019esdeveniment a\norganitzar compta amb certa magnitud i es necessita una coordinaci\u00f3 en escena. <\/p>\n\n\n\n<p>El millor consell que et podem donar \u00e9s que no has de deixar res a l\u2019atzar\ni que si no saps exactament qu\u00e8 contractar o quins serveis llogar, el m\u00e9s\nconvenient \u00e9s que posis tot en mans de professionals i que destaquis la teva\ncompet\u00e8ncia amb <strong>accessoris audiovisuals <\/strong>en\nl\u2019organitzaci\u00f3 d\u2019un esdeveniment. A Eikonos comptem amb un equip amb d\u00e8cades d\u2019experi\u00e8ncia.\n<a href=\"https:\/\/eikonos.com\/ca\/contacte\/\">Parlem!<\/a><\/p>\n","protected":false},"excerpt":{"rendered":"<p>L\u2019organitzaci\u00f3 d\u2019un esdeveniment \u00e9s exigent i requereix un pla d\u2019actuaci\u00f3 que tingui cura de cada&#8230;<\/p>\n","protected":false},"author":6,"featured_media":7244,"comment_status":"open","ping_status":"open","sticky":false,"template":"","format":"standard","meta":{"_acf_changed":false,"footnotes":""},"categories":[260],"tags":[],"class_list":["post-7255","post","type-post","status-publish","format-standard","has-post-thumbnail","hentry","category-esdeveniments-audiovisuals"],"acf":[],"yoast_head":"<!-- This site is optimized with the Yoast SEO plugin v26.3 - https:\/\/yoast.com\/wordpress\/plugins\/seo\/ -->\n<title>Accessoris audiovisuals per a organitzar un esdeveniment - Eikonos<\/title>\n<meta name=\"description\" content=\"T\u2019ajudem a prendre la millor decisi\u00f3 per al teu negoci amb aquestes directrius que milloraran la percepci\u00f3 que el visitant t\u00e9 de l\u2019esdeveniment.\" \/>\n<meta name=\"robots\" content=\"index, follow, max-snippet:-1, max-image-preview:large, max-video-preview:-1\" \/>\n<link rel=\"canonical\" href=\"https:\/\/eikonos.com\/ca\/blog\/accessoris-audiovisuals-per-a-organitzar-esdeveniment\/\" \/>\n<meta property=\"og:locale\" content=\"ca_ES\" \/>\n<meta property=\"og:type\" content=\"article\" \/>\n<meta property=\"og:title\" content=\"Accessoris audiovisuals per a organitzar un esdeveniment - Eikonos\" \/>\n<meta property=\"og:description\" content=\"T\u2019ajudem a prendre la millor decisi\u00f3 per al teu negoci amb aquestes directrius que milloraran la percepci\u00f3 que el visitant t\u00e9 de l\u2019esdeveniment.\" \/>\n<meta property=\"og:url\" content=\"https:\/\/eikonos.com\/ca\/blog\/accessoris-audiovisuals-per-a-organitzar-esdeveniment\/\" \/>\n<meta property=\"og:site_name\" content=\"EIKONOS\" \/>\n<meta property=\"article:publisher\" content=\"http:\/\/www.facebook.com\/pages\/Eikonos\/176324785746790\" \/>\n<meta property=\"article:published_time\" content=\"2019-11-12T15:48:11+00:00\" \/>\n<meta property=\"og:image\" content=\"https:\/\/eikonos.com\/wp-content\/uploads\/2019\/11\/Accesorios-audiovisuales-1.jpg\" \/>\n\t<meta property=\"og:image:width\" content=\"724\" \/>\n\t<meta property=\"og:image:height\" content=\"407\" \/>\n\t<meta property=\"og:image:type\" content=\"image\/jpeg\" \/>\n<meta name=\"author\" content=\"Xavi Eikonos\" \/>\n<meta name=\"twitter:card\" content=\"summary_large_image\" \/>\n<meta name=\"twitter:creator\" content=\"@eikonos_sa\" \/>\n<meta name=\"twitter:site\" content=\"@eikonos_sa\" \/>\n<meta name=\"twitter:label1\" content=\"Escrit per\" \/>\n\t<meta name=\"twitter:data1\" content=\"Xavi Eikonos\" \/>\n\t<meta name=\"twitter:label2\" content=\"Temps estimat de lectura\" \/>\n\t<meta name=\"twitter:data2\" content=\"3 minuts\" \/>\n<script type=\"application\/ld+json\" class=\"yoast-schema-graph\">{\"@context\":\"https:\/\/schema.org\",\"@graph\":[{\"@type\":\"Article\",\"@id\":\"https:\/\/eikonos.com\/ca\/blog\/accessoris-audiovisuals-per-a-organitzar-esdeveniment\/#article\",\"isPartOf\":{\"@id\":\"https:\/\/eikonos.com\/ca\/blog\/accessoris-audiovisuals-per-a-organitzar-esdeveniment\/\"},\"author\":{\"name\":\"Xavi Eikonos\",\"@id\":\"https:\/\/eikonos.com\/ca\/#\/schema\/person\/82032860cc314d826959b90595a5280a\"},\"headline\":\"Accessoris audiovisuals per a organitzar un esdeveniment a la perfecci\u00f3\",\"datePublished\":\"2019-11-12T15:48:11+00:00\",\"mainEntityOfPage\":{\"@id\":\"https:\/\/eikonos.com\/ca\/blog\/accessoris-audiovisuals-per-a-organitzar-esdeveniment\/\"},\"wordCount\":553,\"commentCount\":0,\"publisher\":{\"@id\":\"https:\/\/eikonos.com\/ca\/#organization\"},\"image\":{\"@id\":\"https:\/\/eikonos.com\/ca\/blog\/accessoris-audiovisuals-per-a-organitzar-esdeveniment\/#primaryimage\"},\"thumbnailUrl\":\"https:\/\/eikonos.com\/wp-content\/uploads\/2019\/11\/Accesorios-audiovisuales-1.jpg\",\"articleSection\":[\"Esdeveniments audiovisuals\"],\"inLanguage\":\"ca\",\"potentialAction\":[{\"@type\":\"CommentAction\",\"name\":\"Comment\",\"target\":[\"https:\/\/eikonos.com\/ca\/blog\/accessoris-audiovisuals-per-a-organitzar-esdeveniment\/#respond\"]}]},{\"@type\":\"WebPage\",\"@id\":\"https:\/\/eikonos.com\/ca\/blog\/accessoris-audiovisuals-per-a-organitzar-esdeveniment\/\",\"url\":\"https:\/\/eikonos.com\/ca\/blog\/accessoris-audiovisuals-per-a-organitzar-esdeveniment\/\",\"name\":\"Accessoris audiovisuals per a organitzar un esdeveniment - Eikonos\",\"isPartOf\":{\"@id\":\"https:\/\/eikonos.com\/ca\/#website\"},\"primaryImageOfPage\":{\"@id\":\"https:\/\/eikonos.com\/ca\/blog\/accessoris-audiovisuals-per-a-organitzar-esdeveniment\/#primaryimage\"},\"image\":{\"@id\":\"https:\/\/eikonos.com\/ca\/blog\/accessoris-audiovisuals-per-a-organitzar-esdeveniment\/#primaryimage\"},\"thumbnailUrl\":\"https:\/\/eikonos.com\/wp-content\/uploads\/2019\/11\/Accesorios-audiovisuales-1.jpg\",\"datePublished\":\"2019-11-12T15:48:11+00:00\",\"description\":\"T\u2019ajudem a prendre la millor decisi\u00f3 per al teu negoci amb aquestes directrius que milloraran la percepci\u00f3 que el visitant t\u00e9 de l\u2019esdeveniment.\",\"breadcrumb\":{\"@id\":\"https:\/\/eikonos.com\/ca\/blog\/accessoris-audiovisuals-per-a-organitzar-esdeveniment\/#breadcrumb\"},\"inLanguage\":\"ca\",\"potentialAction\":[{\"@type\":\"ReadAction\",\"target\":[\"https:\/\/eikonos.com\/ca\/blog\/accessoris-audiovisuals-per-a-organitzar-esdeveniment\/\"]}]},{\"@type\":\"ImageObject\",\"inLanguage\":\"ca\",\"@id\":\"https:\/\/eikonos.com\/ca\/blog\/accessoris-audiovisuals-per-a-organitzar-esdeveniment\/#primaryimage\",\"url\":\"https:\/\/eikonos.com\/wp-content\/uploads\/2019\/11\/Accesorios-audiovisuales-1.jpg\",\"contentUrl\":\"https:\/\/eikonos.com\/wp-content\/uploads\/2019\/11\/Accesorios-audiovisuales-1.jpg\",\"width\":724,\"height\":407,\"caption\":\"Evento con accesorios audiovisuales\"},{\"@type\":\"BreadcrumbList\",\"@id\":\"https:\/\/eikonos.com\/ca\/blog\/accessoris-audiovisuals-per-a-organitzar-esdeveniment\/#breadcrumb\",\"itemListElement\":[{\"@type\":\"ListItem\",\"position\":1,\"name\":\"EIKONOS\",\"item\":\"https:\/\/eikonos.com\/ca\/inici\/\"},{\"@type\":\"ListItem\",\"position\":2,\"name\":\"Accessoris audiovisuals per a organitzar un esdeveniment a la perfecci\u00f3\"}]},{\"@type\":\"WebSite\",\"@id\":\"https:\/\/eikonos.com\/ca\/#website\",\"url\":\"https:\/\/eikonos.com\/ca\/\",\"name\":\"EIKONOS\",\"description\":\"EXPERIENCIA AUDIOVISUAL\",\"publisher\":{\"@id\":\"https:\/\/eikonos.com\/ca\/#organization\"},\"potentialAction\":[{\"@type\":\"SearchAction\",\"target\":{\"@type\":\"EntryPoint\",\"urlTemplate\":\"https:\/\/eikonos.com\/ca\/?s={search_term_string}\"},\"query-input\":{\"@type\":\"PropertyValueSpecification\",\"valueRequired\":true,\"valueName\":\"search_term_string\"}}],\"inLanguage\":\"ca\"},{\"@type\":\"Organization\",\"@id\":\"https:\/\/eikonos.com\/ca\/#organization\",\"name\":\"EIKONOS | Servicios Audiovisuales, eventos y alquiler de equipos\",\"url\":\"https:\/\/eikonos.com\/ca\/\",\"logo\":{\"@type\":\"ImageObject\",\"inLanguage\":\"ca\",\"@id\":\"https:\/\/eikonos.com\/ca\/#\/schema\/logo\/image\/\",\"url\":\"https:\/\/eikonos.com\/wp-content\/uploads\/2020\/08\/logo-color.png\",\"contentUrl\":\"https:\/\/eikonos.com\/wp-content\/uploads\/2020\/08\/logo-color.png\",\"width\":376,\"height\":122,\"caption\":\"EIKONOS | Servicios Audiovisuales, eventos y alquiler de equipos\"},\"image\":{\"@id\":\"https:\/\/eikonos.com\/ca\/#\/schema\/logo\/image\/\"},\"sameAs\":[\"http:\/\/www.facebook.com\/pages\/Eikonos\/176324785746790\",\"https:\/\/x.com\/eikonos_sa\",\"http:\/\/www.linkedin.com\/company\/eikonos\",\"http:\/\/www.youtube.com\/channel\/UC8wcizWaAYbfsuqVf9wIT6w\"]},{\"@type\":\"Person\",\"@id\":\"https:\/\/eikonos.com\/ca\/#\/schema\/person\/82032860cc314d826959b90595a5280a\",\"name\":\"Xavi Eikonos\",\"image\":{\"@type\":\"ImageObject\",\"inLanguage\":\"ca\",\"@id\":\"https:\/\/eikonos.com\/ca\/#\/schema\/person\/image\/\",\"url\":\"https:\/\/secure.gravatar.com\/avatar\/a6c6b51dd0ac6902701aab24a914f6febe1518f94a5ae06db08b3d6107248dfd?s=96&d=mm&r=g\",\"contentUrl\":\"https:\/\/secure.gravatar.com\/avatar\/a6c6b51dd0ac6902701aab24a914f6febe1518f94a5ae06db08b3d6107248dfd?s=96&d=mm&r=g\",\"caption\":\"Xavi Eikonos\"}}]}<\/script>\n<!-- \/ Yoast SEO plugin. -->","yoast_head_json":{"title":"Accessoris audiovisuals per a organitzar un esdeveniment - Eikonos","description":"T\u2019ajudem a prendre la millor decisi\u00f3 per al teu negoci amb aquestes directrius que milloraran la percepci\u00f3 que el visitant t\u00e9 de l\u2019esdeveniment.","robots":{"index":"index","follow":"follow","max-snippet":"max-snippet:-1","max-image-preview":"max-image-preview:large","max-video-preview":"max-video-preview:-1"},"canonical":"https:\/\/eikonos.com\/ca\/blog\/accessoris-audiovisuals-per-a-organitzar-esdeveniment\/","og_locale":"ca_ES","og_type":"article","og_title":"Accessoris audiovisuals per a organitzar un esdeveniment - Eikonos","og_description":"T\u2019ajudem a prendre la millor decisi\u00f3 per al teu negoci amb aquestes directrius que milloraran la percepci\u00f3 que el visitant t\u00e9 de l\u2019esdeveniment.","og_url":"https:\/\/eikonos.com\/ca\/blog\/accessoris-audiovisuals-per-a-organitzar-esdeveniment\/","og_site_name":"EIKONOS","article_publisher":"http:\/\/www.facebook.com\/pages\/Eikonos\/176324785746790","article_published_time":"2019-11-12T15:48:11+00:00","og_image":[{"width":724,"height":407,"url":"https:\/\/eikonos.com\/wp-content\/uploads\/2019\/11\/Accesorios-audiovisuales-1.jpg","type":"image\/jpeg"}],"author":"Xavi Eikonos","twitter_card":"summary_large_image","twitter_creator":"@eikonos_sa","twitter_site":"@eikonos_sa","twitter_misc":{"Escrit per":"Xavi Eikonos","Temps estimat de lectura":"3 minuts"},"schema":{"@context":"https:\/\/schema.org","@graph":[{"@type":"Article","@id":"https:\/\/eikonos.com\/ca\/blog\/accessoris-audiovisuals-per-a-organitzar-esdeveniment\/#article","isPartOf":{"@id":"https:\/\/eikonos.com\/ca\/blog\/accessoris-audiovisuals-per-a-organitzar-esdeveniment\/"},"author":{"name":"Xavi Eikonos","@id":"https:\/\/eikonos.com\/ca\/#\/schema\/person\/82032860cc314d826959b90595a5280a"},"headline":"Accessoris audiovisuals per a organitzar un esdeveniment a la perfecci\u00f3","datePublished":"2019-11-12T15:48:11+00:00","mainEntityOfPage":{"@id":"https:\/\/eikonos.com\/ca\/blog\/accessoris-audiovisuals-per-a-organitzar-esdeveniment\/"},"wordCount":553,"commentCount":0,"publisher":{"@id":"https:\/\/eikonos.com\/ca\/#organization"},"image":{"@id":"https:\/\/eikonos.com\/ca\/blog\/accessoris-audiovisuals-per-a-organitzar-esdeveniment\/#primaryimage"},"thumbnailUrl":"https:\/\/eikonos.com\/wp-content\/uploads\/2019\/11\/Accesorios-audiovisuales-1.jpg","articleSection":["Esdeveniments audiovisuals"],"inLanguage":"ca","potentialAction":[{"@type":"CommentAction","name":"Comment","target":["https:\/\/eikonos.com\/ca\/blog\/accessoris-audiovisuals-per-a-organitzar-esdeveniment\/#respond"]}]},{"@type":"WebPage","@id":"https:\/\/eikonos.com\/ca\/blog\/accessoris-audiovisuals-per-a-organitzar-esdeveniment\/","url":"https:\/\/eikonos.com\/ca\/blog\/accessoris-audiovisuals-per-a-organitzar-esdeveniment\/","name":"Accessoris audiovisuals per a organitzar un esdeveniment - Eikonos","isPartOf":{"@id":"https:\/\/eikonos.com\/ca\/#website"},"primaryImageOfPage":{"@id":"https:\/\/eikonos.com\/ca\/blog\/accessoris-audiovisuals-per-a-organitzar-esdeveniment\/#primaryimage"},"image":{"@id":"https:\/\/eikonos.com\/ca\/blog\/accessoris-audiovisuals-per-a-organitzar-esdeveniment\/#primaryimage"},"thumbnailUrl":"https:\/\/eikonos.com\/wp-content\/uploads\/2019\/11\/Accesorios-audiovisuales-1.jpg","datePublished":"2019-11-12T15:48:11+00:00","description":"T\u2019ajudem a prendre la millor decisi\u00f3 per al teu negoci amb aquestes directrius que milloraran la percepci\u00f3 que el visitant t\u00e9 de l\u2019esdeveniment.","breadcrumb":{"@id":"https:\/\/eikonos.com\/ca\/blog\/accessoris-audiovisuals-per-a-organitzar-esdeveniment\/#breadcrumb"},"inLanguage":"ca","potentialAction":[{"@type":"ReadAction","target":["https:\/\/eikonos.com\/ca\/blog\/accessoris-audiovisuals-per-a-organitzar-esdeveniment\/"]}]},{"@type":"ImageObject","inLanguage":"ca","@id":"https:\/\/eikonos.com\/ca\/blog\/accessoris-audiovisuals-per-a-organitzar-esdeveniment\/#primaryimage","url":"https:\/\/eikonos.com\/wp-content\/uploads\/2019\/11\/Accesorios-audiovisuales-1.jpg","contentUrl":"https:\/\/eikonos.com\/wp-content\/uploads\/2019\/11\/Accesorios-audiovisuales-1.jpg","width":724,"height":407,"caption":"Evento con accesorios audiovisuales"},{"@type":"BreadcrumbList","@id":"https:\/\/eikonos.com\/ca\/blog\/accessoris-audiovisuals-per-a-organitzar-esdeveniment\/#breadcrumb","itemListElement":[{"@type":"ListItem","position":1,"name":"EIKONOS","item":"https:\/\/eikonos.com\/ca\/inici\/"},{"@type":"ListItem","position":2,"name":"Accessoris audiovisuals per a organitzar un esdeveniment a la perfecci\u00f3"}]},{"@type":"WebSite","@id":"https:\/\/eikonos.com\/ca\/#website","url":"https:\/\/eikonos.com\/ca\/","name":"EIKONOS","description":"EXPERIENCIA AUDIOVISUAL","publisher":{"@id":"https:\/\/eikonos.com\/ca\/#organization"},"potentialAction":[{"@type":"SearchAction","target":{"@type":"EntryPoint","urlTemplate":"https:\/\/eikonos.com\/ca\/?s={search_term_string}"},"query-input":{"@type":"PropertyValueSpecification","valueRequired":true,"valueName":"search_term_string"}}],"inLanguage":"ca"},{"@type":"Organization","@id":"https:\/\/eikonos.com\/ca\/#organization","name":"EIKONOS | Servicios Audiovisuales, eventos y alquiler de equipos","url":"https:\/\/eikonos.com\/ca\/","logo":{"@type":"ImageObject","inLanguage":"ca","@id":"https:\/\/eikonos.com\/ca\/#\/schema\/logo\/image\/","url":"https:\/\/eikonos.com\/wp-content\/uploads\/2020\/08\/logo-color.png","contentUrl":"https:\/\/eikonos.com\/wp-content\/uploads\/2020\/08\/logo-color.png","width":376,"height":122,"caption":"EIKONOS | Servicios Audiovisuales, eventos y alquiler de equipos"},"image":{"@id":"https:\/\/eikonos.com\/ca\/#\/schema\/logo\/image\/"},"sameAs":["http:\/\/www.facebook.com\/pages\/Eikonos\/176324785746790","https:\/\/x.com\/eikonos_sa","http:\/\/www.linkedin.com\/company\/eikonos","http:\/\/www.youtube.com\/channel\/UC8wcizWaAYbfsuqVf9wIT6w"]},{"@type":"Person","@id":"https:\/\/eikonos.com\/ca\/#\/schema\/person\/82032860cc314d826959b90595a5280a","name":"Xavi Eikonos","image":{"@type":"ImageObject","inLanguage":"ca","@id":"https:\/\/eikonos.com\/ca\/#\/schema\/person\/image\/","url":"https:\/\/secure.gravatar.com\/avatar\/a6c6b51dd0ac6902701aab24a914f6febe1518f94a5ae06db08b3d6107248dfd?s=96&d=mm&r=g","contentUrl":"https:\/\/secure.gravatar.com\/avatar\/a6c6b51dd0ac6902701aab24a914f6febe1518f94a5ae06db08b3d6107248dfd?s=96&d=mm&r=g","caption":"Xavi Eikonos"}}]}},"_links":{"self":[{"href":"https:\/\/eikonos.com\/ca\/wp-json\/wp\/v2\/posts\/7255","targetHints":{"allow":["GET"]}}],"collection":[{"href":"https:\/\/eikonos.com\/ca\/wp-json\/wp\/v2\/posts"}],"about":[{"href":"https:\/\/eikonos.com\/ca\/wp-json\/wp\/v2\/types\/post"}],"author":[{"embeddable":true,"href":"https:\/\/eikonos.com\/ca\/wp-json\/wp\/v2\/users\/6"}],"replies":[{"embeddable":true,"href":"https:\/\/eikonos.com\/ca\/wp-json\/wp\/v2\/comments?post=7255"}],"version-history":[{"count":0,"href":"https:\/\/eikonos.com\/ca\/wp-json\/wp\/v2\/posts\/7255\/revisions"}],"wp:featuredmedia":[{"embeddable":true,"href":"https:\/\/eikonos.com\/ca\/wp-json\/wp\/v2\/media\/7244"}],"wp:attachment":[{"href":"https:\/\/eikonos.com\/ca\/wp-json\/wp\/v2\/media?parent=7255"}],"wp:term":[{"taxonomy":"category","embeddable":true,"href":"https:\/\/eikonos.com\/ca\/wp-json\/wp\/v2\/categories?post=7255"},{"taxonomy":"post_tag","embeddable":true,"href":"https:\/\/eikonos.com\/ca\/wp-json\/wp\/v2\/tags?post=7255"}],"curies":[{"name":"wp","href":"https:\/\/api.w.org\/{rel}","templated":true}]}}