{"id":7239,"date":"2019-11-05T17:37:28","date_gmt":"2019-11-05T16:37:28","guid":{"rendered":"https:\/\/eikonos.com\/?p=7239"},"modified":"2019-11-05T17:37:28","modified_gmt":"2019-11-05T16:37:28","slug":"pantalles-transparents-en-aparadors","status":"publish","type":"post","link":"https:\/\/eikonos.com\/ca\/blog\/pantalles-transparents-en-aparadors\/","title":{"rendered":"Pantalles transparents, una revoluci\u00f3 per a l\u2019aparadorisme"},"content":{"rendered":"\n<p>La democratitzaci\u00f3\nd\u2019Internet i els continguts ha suposat tota una revoluci\u00f3 en l\u2019entorn\naudiovisual. On abans hi havia nom\u00e9s pocs professionals amb el coneixement\nnecessari per crear peces de disseny gr\u00e0fic, imatges o v\u00eddeos, ara ens trobem\namb milions de persones individuals creant des del seu propi ordinador, m\u00f2bil o\ntablet. <\/p>\n\n\n\n<p>Aix\u00f2 fa que l\u2019usuari\n<strong>consumidor sigui cada vegada m\u00e9s exigent<\/strong>\ni plantegi un repte per a les corporacions que cada vegada ho tenen m\u00e9s\ncomplicat per destacar per sobre de la compet\u00e8ncia. <\/p>\n\n\n\n<p>Quan traslladem\naquesta problem\u00e0tica al context del comer\u00e7 a peu de carrer, destaca el com\ntreballem els aparadors per captar la primera atenci\u00f3. \u00c9s imprescindible perqu\u00e8\nel vianant acabi entrant per la porta tot adquirint algun producte de la nostra\noferta. <\/p>\n\n\n\n<p>Tal\ncom coment\u00e0vem abans, <strong>els aparadors\ntamb\u00e9 han evolucionat<\/strong> i ja no nom\u00e9s es treballa amb maniquins i elements\nest\u00e0tics, sin\u00f3 que els suports audiovisuals s\u2019han obert pas, cosa que de mica\nen mica es va consolidant. <\/p>\n\n\n\n<p>\n\n\u00c9s aqu\u00ed on entren en acci\u00f3 les <strong>pantalles transparents de LED\u2019s per aparadors<\/strong>, que ens ajuden a refor\u00e7ar els nostres claims i missatges, a m\u00e9s d\u2019aportar modernitat, frescor, estatus y luxe, entre d\u2019altres, tot contribuint d\u2019aquesta manera a l\u2019augment de les vendes d\u2019un establiment. \n\n<\/p>\n\n\n\n<div style=\"height:40px\" aria-hidden=\"true\" class=\"wp-block-spacer\"><\/div>\n\n\n\n<h2 style=\"color:#f20000;\">El poder de l\u2019aparadorisme i la seva influ\u00e8ncia en les vendes<\/h2>\n\n\n\n<p>Un aparador mancat d\u2019il\u00b7luminaci\u00f3 tindr\u00e0 moltes dificultats per\nconnectar amb el client. Les <strong><a href=\"https:\/\/eikonos.com\/ca\/blog\/pantalles-transparents-esdeveniments-atractiu-audiovisual\/\">pantalles\ntransparents<\/a><\/strong> ens multipliquen les\npossibilitats de treure profit a un aparador limitat per l\u2019espai i els recursos\necon\u00f2mics. <\/p>\n\n\n\n<p>Aix\u00ed, gr\u00e0cies a les pantalles LED podem projectar tantes campanyes estacionals com desitgem, destacar ofertes, comunicar nous llan\u00e7aments o reproduir v\u00eddeos corporatius.<\/p>\n\n\n\n<p>No cal ser una gran cadena per a poder incorporar-les. Un comer\u00e7 petit pot accedir a aquesta tecnologia sense\ngrans inversions. Aix\u00ed mateix, les marques consolidades o que comptin amb\ndiversos establiments, poden incloure-les en el seu estilisme i aix\u00ed unificar\nla imatge de marca sense haver d\u2019imprimir p\u00f2sters i cartellera de manera\nindividual cada vegada que es renova una campanya. <\/p>\n\n\n\n<p>Alguns dels\ncomer\u00e7os en els quals les pantalles transparents en aparadors tenen rellev\u00e0ncia\ns\u00f3n: <\/p>\n\n\n\n<ul class=\"wp-block-list\"><li>Comer\u00e7os de<em> retail<\/em><\/li><li>Farm\u00e0cies<\/li><li>Oficines banc\u00e0ries<\/li><li>Immobili\u00e0ries<\/li><li>Serveis jur\u00eddics<\/li><\/ul>\n\n\n\n<div style=\"height:40px\" aria-hidden=\"true\" class=\"wp-block-spacer\"><\/div>\n\n\n\n<h2 style=\"color:#f20000;\">Per qu\u00e8 incloure pantalles transparents en un aparador<\/h2>\n\n\n\n<ul class=\"wp-block-list\"><li>S\u00f3n lleugeres.<\/li><li>S\u00f3n est\u00e8tiques: com\nque no s\u00f3n opaques, no bloquegen el que hi ha darrere. Aporten profunditat i\nens deixen seguir jugant amb altres opcions de l\u2019aparador. <\/li><li>Comuniquen\ninformaci\u00f3 escrita i visual amb nitidesa. <\/li><li>S\u00f3n funcionals: les\npodem tenir connectades 24h els 365 dies de l\u2019any. No importa que el comer\u00e7\nestigui tancat perqu\u00e8 la pantalla LED seguir\u00e0 impactant en els vianants..<\/li><li>S\u00f3n vers\u00e0tils: n\u2019hi\nha de moltes mides i es poden adaptar a cada aparador. Tamb\u00e9 les podem\nutilitzar fins i tot en fires i altres <a href=\"https:\/\/eikonos.com\/ca\/portfolio_page\/convencions-esdeveniments-i-comunicacio-corporativa\/\">esdeveniments\ncorporatius<\/a>. <\/li><li>F\u00e0cils de col\u00b7locar\ni d\u2019actualitzar.<\/li><li>S\u00f3n econ\u00f2miques a\nmig termini donat que substitueixen altres elements que hem d\u2019imprimir de forma\nreiterada.<\/li><li>S\u00f3n respectuoses\namb el medi ambient. .<\/li><\/ul>\n\n\n\n<p>A l\u2019hora de dissenyar\nel teu aparador, tingues en compte que els usuaris reben milions d\u2019imatges i\nest\u00edmuls. Considera incorporar una pantalla LED transparent per a destacar d\u2019una\nforma diferent entre la compet\u00e8ncia.<\/p>\n\n\n\n<div style=\"height:40px\" aria-hidden=\"true\" class=\"wp-block-spacer\"><\/div>\n\n\n\n<p><strong>Vols m\u00e9s informaci\u00f3\nsobre suports i creaci\u00f3 de continguts?<\/strong><\/p>\n\n\n\n<p><a href=\"https:\/\/eikonos.com\/ca\/contacte\/\">Parlem!<\/a><\/p>\n","protected":false},"excerpt":{"rendered":"<p>La democratitzaci\u00f3 d\u2019Internet i els continguts ha suposat tota una revoluci\u00f3 en l\u2019entorn audiovisual. On&#8230;<\/p>\n","protected":false},"author":6,"featured_media":7228,"comment_status":"open","ping_status":"open","sticky":false,"template":"","format":"standard","meta":{"_acf_changed":false,"footnotes":""},"categories":[241],"tags":[],"class_list":["post-7239","post","type-post","status-publish","format-standard","has-post-thumbnail","hentry","category-actualidad"],"acf":[],"yoast_head":"<!-- This site is optimized with the Yoast SEO plugin v26.3 - https:\/\/yoast.com\/wordpress\/plugins\/seo\/ -->\n<title>Les pantalles transparents revolucionen els aparadors - Eikonos<\/title>\n<meta name=\"description\" content=\"Per qu\u00e8 utilitzar pantalles transparents en aparadors? Et mostrem les avantatges de les pantalles transparents. Dona-li visibilitat al teu negoci!\" \/>\n<meta name=\"robots\" content=\"index, follow, max-snippet:-1, max-image-preview:large, max-video-preview:-1\" \/>\n<link rel=\"canonical\" href=\"https:\/\/eikonos.com\/ca\/blog\/pantalles-transparents-en-aparadors\/\" \/>\n<meta property=\"og:locale\" content=\"ca_ES\" \/>\n<meta property=\"og:type\" content=\"article\" \/>\n<meta property=\"og:title\" content=\"Les pantalles transparents revolucionen els aparadors - Eikonos\" \/>\n<meta property=\"og:description\" content=\"Per qu\u00e8 utilitzar pantalles transparents en aparadors? Et mostrem les avantatges de les pantalles transparents. Dona-li visibilitat al teu negoci!\" \/>\n<meta property=\"og:url\" content=\"https:\/\/eikonos.com\/ca\/blog\/pantalles-transparents-en-aparadors\/\" \/>\n<meta property=\"og:site_name\" content=\"EIKONOS\" \/>\n<meta property=\"article:publisher\" content=\"http:\/\/www.facebook.com\/pages\/Eikonos\/176324785746790\" \/>\n<meta property=\"article:published_time\" content=\"2019-11-05T16:37:28+00:00\" \/>\n<meta property=\"og:image\" content=\"https:\/\/eikonos.com\/wp-content\/uploads\/2019\/11\/escaparates_transparentes-1.jpg\" \/>\n\t<meta property=\"og:image:width\" content=\"724\" \/>\n\t<meta property=\"og:image:height\" content=\"407\" \/>\n\t<meta property=\"og:image:type\" content=\"image\/jpeg\" \/>\n<meta name=\"author\" content=\"Xavi Eikonos\" \/>\n<meta name=\"twitter:card\" content=\"summary_large_image\" \/>\n<meta name=\"twitter:creator\" content=\"@eikonos_sa\" \/>\n<meta name=\"twitter:site\" content=\"@eikonos_sa\" \/>\n<meta name=\"twitter:label1\" content=\"Escrit per\" \/>\n\t<meta name=\"twitter:data1\" content=\"Xavi Eikonos\" \/>\n\t<meta name=\"twitter:label2\" content=\"Temps estimat de lectura\" \/>\n\t<meta name=\"twitter:data2\" content=\"3 minuts\" \/>\n<script type=\"application\/ld+json\" class=\"yoast-schema-graph\">{\"@context\":\"https:\/\/schema.org\",\"@graph\":[{\"@type\":\"Article\",\"@id\":\"https:\/\/eikonos.com\/ca\/blog\/pantalles-transparents-en-aparadors\/#article\",\"isPartOf\":{\"@id\":\"https:\/\/eikonos.com\/ca\/blog\/pantalles-transparents-en-aparadors\/\"},\"author\":{\"name\":\"Xavi Eikonos\",\"@id\":\"https:\/\/eikonos.com\/ca\/#\/schema\/person\/82032860cc314d826959b90595a5280a\"},\"headline\":\"Pantalles transparents, una revoluci\u00f3 per a l\u2019aparadorisme\",\"datePublished\":\"2019-11-05T16:37:28+00:00\",\"mainEntityOfPage\":{\"@id\":\"https:\/\/eikonos.com\/ca\/blog\/pantalles-transparents-en-aparadors\/\"},\"wordCount\":594,\"commentCount\":0,\"publisher\":{\"@id\":\"https:\/\/eikonos.com\/ca\/#organization\"},\"image\":{\"@id\":\"https:\/\/eikonos.com\/ca\/blog\/pantalles-transparents-en-aparadors\/#primaryimage\"},\"thumbnailUrl\":\"https:\/\/eikonos.com\/wp-content\/uploads\/2019\/11\/escaparates_transparentes-1.jpg\",\"articleSection\":[\"Actualidad\"],\"inLanguage\":\"ca\",\"potentialAction\":[{\"@type\":\"CommentAction\",\"name\":\"Comment\",\"target\":[\"https:\/\/eikonos.com\/ca\/blog\/pantalles-transparents-en-aparadors\/#respond\"]}]},{\"@type\":\"WebPage\",\"@id\":\"https:\/\/eikonos.com\/ca\/blog\/pantalles-transparents-en-aparadors\/\",\"url\":\"https:\/\/eikonos.com\/ca\/blog\/pantalles-transparents-en-aparadors\/\",\"name\":\"Les pantalles transparents revolucionen els aparadors - Eikonos\",\"isPartOf\":{\"@id\":\"https:\/\/eikonos.com\/ca\/#website\"},\"primaryImageOfPage\":{\"@id\":\"https:\/\/eikonos.com\/ca\/blog\/pantalles-transparents-en-aparadors\/#primaryimage\"},\"image\":{\"@id\":\"https:\/\/eikonos.com\/ca\/blog\/pantalles-transparents-en-aparadors\/#primaryimage\"},\"thumbnailUrl\":\"https:\/\/eikonos.com\/wp-content\/uploads\/2019\/11\/escaparates_transparentes-1.jpg\",\"datePublished\":\"2019-11-05T16:37:28+00:00\",\"description\":\"Per qu\u00e8 utilitzar pantalles transparents en aparadors? Et mostrem les avantatges de les pantalles transparents. Dona-li visibilitat al teu negoci!\",\"breadcrumb\":{\"@id\":\"https:\/\/eikonos.com\/ca\/blog\/pantalles-transparents-en-aparadors\/#breadcrumb\"},\"inLanguage\":\"ca\",\"potentialAction\":[{\"@type\":\"ReadAction\",\"target\":[\"https:\/\/eikonos.com\/ca\/blog\/pantalles-transparents-en-aparadors\/\"]}]},{\"@type\":\"ImageObject\",\"inLanguage\":\"ca\",\"@id\":\"https:\/\/eikonos.com\/ca\/blog\/pantalles-transparents-en-aparadors\/#primaryimage\",\"url\":\"https:\/\/eikonos.com\/wp-content\/uploads\/2019\/11\/escaparates_transparentes-1.jpg\",\"contentUrl\":\"https:\/\/eikonos.com\/wp-content\/uploads\/2019\/11\/escaparates_transparentes-1.jpg\",\"width\":724,\"height\":407},{\"@type\":\"BreadcrumbList\",\"@id\":\"https:\/\/eikonos.com\/ca\/blog\/pantalles-transparents-en-aparadors\/#breadcrumb\",\"itemListElement\":[{\"@type\":\"ListItem\",\"position\":1,\"name\":\"EIKONOS\",\"item\":\"https:\/\/eikonos.com\/ca\/inici\/\"},{\"@type\":\"ListItem\",\"position\":2,\"name\":\"Pantalles transparents, una revoluci\u00f3 per a l\u2019aparadorisme\"}]},{\"@type\":\"WebSite\",\"@id\":\"https:\/\/eikonos.com\/ca\/#website\",\"url\":\"https:\/\/eikonos.com\/ca\/\",\"name\":\"EIKONOS\",\"description\":\"EXPERIENCIA AUDIOVISUAL\",\"publisher\":{\"@id\":\"https:\/\/eikonos.com\/ca\/#organization\"},\"potentialAction\":[{\"@type\":\"SearchAction\",\"target\":{\"@type\":\"EntryPoint\",\"urlTemplate\":\"https:\/\/eikonos.com\/ca\/?s={search_term_string}\"},\"query-input\":{\"@type\":\"PropertyValueSpecification\",\"valueRequired\":true,\"valueName\":\"search_term_string\"}}],\"inLanguage\":\"ca\"},{\"@type\":\"Organization\",\"@id\":\"https:\/\/eikonos.com\/ca\/#organization\",\"name\":\"EIKONOS | Servicios Audiovisuales, eventos y alquiler de equipos\",\"url\":\"https:\/\/eikonos.com\/ca\/\",\"logo\":{\"@type\":\"ImageObject\",\"inLanguage\":\"ca\",\"@id\":\"https:\/\/eikonos.com\/ca\/#\/schema\/logo\/image\/\",\"url\":\"https:\/\/eikonos.com\/wp-content\/uploads\/2020\/08\/logo-color.png\",\"contentUrl\":\"https:\/\/eikonos.com\/wp-content\/uploads\/2020\/08\/logo-color.png\",\"width\":376,\"height\":122,\"caption\":\"EIKONOS | Servicios Audiovisuales, eventos y alquiler de equipos\"},\"image\":{\"@id\":\"https:\/\/eikonos.com\/ca\/#\/schema\/logo\/image\/\"},\"sameAs\":[\"http:\/\/www.facebook.com\/pages\/Eikonos\/176324785746790\",\"https:\/\/x.com\/eikonos_sa\",\"http:\/\/www.linkedin.com\/company\/eikonos\",\"http:\/\/www.youtube.com\/channel\/UC8wcizWaAYbfsuqVf9wIT6w\"]},{\"@type\":\"Person\",\"@id\":\"https:\/\/eikonos.com\/ca\/#\/schema\/person\/82032860cc314d826959b90595a5280a\",\"name\":\"Xavi Eikonos\",\"image\":{\"@type\":\"ImageObject\",\"inLanguage\":\"ca\",\"@id\":\"https:\/\/eikonos.com\/ca\/#\/schema\/person\/image\/\",\"url\":\"https:\/\/secure.gravatar.com\/avatar\/a6c6b51dd0ac6902701aab24a914f6febe1518f94a5ae06db08b3d6107248dfd?s=96&d=mm&r=g\",\"contentUrl\":\"https:\/\/secure.gravatar.com\/avatar\/a6c6b51dd0ac6902701aab24a914f6febe1518f94a5ae06db08b3d6107248dfd?s=96&d=mm&r=g\",\"caption\":\"Xavi Eikonos\"}}]}<\/script>\n<!-- \/ Yoast SEO plugin. -->","yoast_head_json":{"title":"Les pantalles transparents revolucionen els aparadors - Eikonos","description":"Per qu\u00e8 utilitzar pantalles transparents en aparadors? Et mostrem les avantatges de les pantalles transparents. Dona-li visibilitat al teu negoci!","robots":{"index":"index","follow":"follow","max-snippet":"max-snippet:-1","max-image-preview":"max-image-preview:large","max-video-preview":"max-video-preview:-1"},"canonical":"https:\/\/eikonos.com\/ca\/blog\/pantalles-transparents-en-aparadors\/","og_locale":"ca_ES","og_type":"article","og_title":"Les pantalles transparents revolucionen els aparadors - Eikonos","og_description":"Per qu\u00e8 utilitzar pantalles transparents en aparadors? Et mostrem les avantatges de les pantalles transparents. Dona-li visibilitat al teu negoci!","og_url":"https:\/\/eikonos.com\/ca\/blog\/pantalles-transparents-en-aparadors\/","og_site_name":"EIKONOS","article_publisher":"http:\/\/www.facebook.com\/pages\/Eikonos\/176324785746790","article_published_time":"2019-11-05T16:37:28+00:00","og_image":[{"width":724,"height":407,"url":"https:\/\/eikonos.com\/wp-content\/uploads\/2019\/11\/escaparates_transparentes-1.jpg","type":"image\/jpeg"}],"author":"Xavi Eikonos","twitter_card":"summary_large_image","twitter_creator":"@eikonos_sa","twitter_site":"@eikonos_sa","twitter_misc":{"Escrit per":"Xavi Eikonos","Temps estimat de lectura":"3 minuts"},"schema":{"@context":"https:\/\/schema.org","@graph":[{"@type":"Article","@id":"https:\/\/eikonos.com\/ca\/blog\/pantalles-transparents-en-aparadors\/#article","isPartOf":{"@id":"https:\/\/eikonos.com\/ca\/blog\/pantalles-transparents-en-aparadors\/"},"author":{"name":"Xavi Eikonos","@id":"https:\/\/eikonos.com\/ca\/#\/schema\/person\/82032860cc314d826959b90595a5280a"},"headline":"Pantalles transparents, una revoluci\u00f3 per a l\u2019aparadorisme","datePublished":"2019-11-05T16:37:28+00:00","mainEntityOfPage":{"@id":"https:\/\/eikonos.com\/ca\/blog\/pantalles-transparents-en-aparadors\/"},"wordCount":594,"commentCount":0,"publisher":{"@id":"https:\/\/eikonos.com\/ca\/#organization"},"image":{"@id":"https:\/\/eikonos.com\/ca\/blog\/pantalles-transparents-en-aparadors\/#primaryimage"},"thumbnailUrl":"https:\/\/eikonos.com\/wp-content\/uploads\/2019\/11\/escaparates_transparentes-1.jpg","articleSection":["Actualidad"],"inLanguage":"ca","potentialAction":[{"@type":"CommentAction","name":"Comment","target":["https:\/\/eikonos.com\/ca\/blog\/pantalles-transparents-en-aparadors\/#respond"]}]},{"@type":"WebPage","@id":"https:\/\/eikonos.com\/ca\/blog\/pantalles-transparents-en-aparadors\/","url":"https:\/\/eikonos.com\/ca\/blog\/pantalles-transparents-en-aparadors\/","name":"Les pantalles transparents revolucionen els aparadors - Eikonos","isPartOf":{"@id":"https:\/\/eikonos.com\/ca\/#website"},"primaryImageOfPage":{"@id":"https:\/\/eikonos.com\/ca\/blog\/pantalles-transparents-en-aparadors\/#primaryimage"},"image":{"@id":"https:\/\/eikonos.com\/ca\/blog\/pantalles-transparents-en-aparadors\/#primaryimage"},"thumbnailUrl":"https:\/\/eikonos.com\/wp-content\/uploads\/2019\/11\/escaparates_transparentes-1.jpg","datePublished":"2019-11-05T16:37:28+00:00","description":"Per qu\u00e8 utilitzar pantalles transparents en aparadors? Et mostrem les avantatges de les pantalles transparents. Dona-li visibilitat al teu negoci!","breadcrumb":{"@id":"https:\/\/eikonos.com\/ca\/blog\/pantalles-transparents-en-aparadors\/#breadcrumb"},"inLanguage":"ca","potentialAction":[{"@type":"ReadAction","target":["https:\/\/eikonos.com\/ca\/blog\/pantalles-transparents-en-aparadors\/"]}]},{"@type":"ImageObject","inLanguage":"ca","@id":"https:\/\/eikonos.com\/ca\/blog\/pantalles-transparents-en-aparadors\/#primaryimage","url":"https:\/\/eikonos.com\/wp-content\/uploads\/2019\/11\/escaparates_transparentes-1.jpg","contentUrl":"https:\/\/eikonos.com\/wp-content\/uploads\/2019\/11\/escaparates_transparentes-1.jpg","width":724,"height":407},{"@type":"BreadcrumbList","@id":"https:\/\/eikonos.com\/ca\/blog\/pantalles-transparents-en-aparadors\/#breadcrumb","itemListElement":[{"@type":"ListItem","position":1,"name":"EIKONOS","item":"https:\/\/eikonos.com\/ca\/inici\/"},{"@type":"ListItem","position":2,"name":"Pantalles transparents, una revoluci\u00f3 per a l\u2019aparadorisme"}]},{"@type":"WebSite","@id":"https:\/\/eikonos.com\/ca\/#website","url":"https:\/\/eikonos.com\/ca\/","name":"EIKONOS","description":"EXPERIENCIA AUDIOVISUAL","publisher":{"@id":"https:\/\/eikonos.com\/ca\/#organization"},"potentialAction":[{"@type":"SearchAction","target":{"@type":"EntryPoint","urlTemplate":"https:\/\/eikonos.com\/ca\/?s={search_term_string}"},"query-input":{"@type":"PropertyValueSpecification","valueRequired":true,"valueName":"search_term_string"}}],"inLanguage":"ca"},{"@type":"Organization","@id":"https:\/\/eikonos.com\/ca\/#organization","name":"EIKONOS | Servicios Audiovisuales, eventos y alquiler de equipos","url":"https:\/\/eikonos.com\/ca\/","logo":{"@type":"ImageObject","inLanguage":"ca","@id":"https:\/\/eikonos.com\/ca\/#\/schema\/logo\/image\/","url":"https:\/\/eikonos.com\/wp-content\/uploads\/2020\/08\/logo-color.png","contentUrl":"https:\/\/eikonos.com\/wp-content\/uploads\/2020\/08\/logo-color.png","width":376,"height":122,"caption":"EIKONOS | Servicios Audiovisuales, eventos y alquiler de equipos"},"image":{"@id":"https:\/\/eikonos.com\/ca\/#\/schema\/logo\/image\/"},"sameAs":["http:\/\/www.facebook.com\/pages\/Eikonos\/176324785746790","https:\/\/x.com\/eikonos_sa","http:\/\/www.linkedin.com\/company\/eikonos","http:\/\/www.youtube.com\/channel\/UC8wcizWaAYbfsuqVf9wIT6w"]},{"@type":"Person","@id":"https:\/\/eikonos.com\/ca\/#\/schema\/person\/82032860cc314d826959b90595a5280a","name":"Xavi Eikonos","image":{"@type":"ImageObject","inLanguage":"ca","@id":"https:\/\/eikonos.com\/ca\/#\/schema\/person\/image\/","url":"https:\/\/secure.gravatar.com\/avatar\/a6c6b51dd0ac6902701aab24a914f6febe1518f94a5ae06db08b3d6107248dfd?s=96&d=mm&r=g","contentUrl":"https:\/\/secure.gravatar.com\/avatar\/a6c6b51dd0ac6902701aab24a914f6febe1518f94a5ae06db08b3d6107248dfd?s=96&d=mm&r=g","caption":"Xavi Eikonos"}}]}},"_links":{"self":[{"href":"https:\/\/eikonos.com\/ca\/wp-json\/wp\/v2\/posts\/7239","targetHints":{"allow":["GET"]}}],"collection":[{"href":"https:\/\/eikonos.com\/ca\/wp-json\/wp\/v2\/posts"}],"about":[{"href":"https:\/\/eikonos.com\/ca\/wp-json\/wp\/v2\/types\/post"}],"author":[{"embeddable":true,"href":"https:\/\/eikonos.com\/ca\/wp-json\/wp\/v2\/users\/6"}],"replies":[{"embeddable":true,"href":"https:\/\/eikonos.com\/ca\/wp-json\/wp\/v2\/comments?post=7239"}],"version-history":[{"count":0,"href":"https:\/\/eikonos.com\/ca\/wp-json\/wp\/v2\/posts\/7239\/revisions"}],"wp:featuredmedia":[{"embeddable":true,"href":"https:\/\/eikonos.com\/ca\/wp-json\/wp\/v2\/media\/7228"}],"wp:attachment":[{"href":"https:\/\/eikonos.com\/ca\/wp-json\/wp\/v2\/media?parent=7239"}],"wp:term":[{"taxonomy":"category","embeddable":true,"href":"https:\/\/eikonos.com\/ca\/wp-json\/wp\/v2\/categories?post=7239"},{"taxonomy":"post_tag","embeddable":true,"href":"https:\/\/eikonos.com\/ca\/wp-json\/wp\/v2\/tags?post=7239"}],"curies":[{"name":"wp","href":"https:\/\/api.w.org\/{rel}","templated":true}]}}