{"id":7190,"date":"2019-10-24T15:36:10","date_gmt":"2019-10-24T13:36:10","guid":{"rendered":"https:\/\/eikonos.com\/?p=7190"},"modified":"2019-10-24T15:36:10","modified_gmt":"2019-10-24T13:36:10","slug":"organitzar-esdeveniment-audiovisual-social","status":"publish","type":"post","link":"https:\/\/eikonos.com\/ca\/blog\/organitzar-esdeveniment-audiovisual-social\/","title":{"rendered":"Passos per organitzar un esdeveniment social"},"content":{"rendered":"\n<p>Tots\naquells que es dediquen a l\u2019<a href=\"https:\/\/eikonos.com\/ca\/serveis\/esdeveniments-audiovisuals\/\">organitzaci\u00f3\nd\u2019esdeveniments audiovisuals<\/a>, aix\u00ed com aquelles persones que per motius de\nfeina o d\u2019una manera privada han hagut <strong>d\u2019organitzar\nun esdeveniment social<\/strong> en algun moment, saben el complicat que \u00e9s que tot\nsurti perfecte.<\/p>\n\n\n\n<p>Per\u00f2 si els\nesdeveniments exigeixen alguna cosa \u00e9s precisament aix\u00f2, que no hi hagi cabuda\nper l\u2019error o el dubte. Abans de la cita hem de tenir el control de cada\nelement: invitacions, accessos, senyal\u00edstica, staff, material audiovisual&#8230;<\/p>\n\n\n\n<p>Per fer m\u00e9s\nf\u00e0cil la tasca <a href=\"https:\/\/eikonos.com\/blog\/5-consejos-para-organizar-un-evento-audiovisual-de-exito\/\">d\u2019organitzar\namb \u00e8xit un esdeveniment audiovisual<\/a> de car\u00e0cter social <strong>hem preparat una checklist b\u00e0sica <\/strong>que\nval la pena tenir a m\u00e0 per repassar abans del gran moment. <\/p>\n\n\n\n<div style=\"height:40px\" aria-hidden=\"true\" class=\"wp-block-spacer\"><\/div>\n\n\n\n<h2 style=\"color:#f20000;\">Passos per a l\u2019organitzaci\u00f3 d\u2019un esdeveniment social<\/h2>\n\n\n\n<p>Abans de\nres, hem de definir amb el nostre equip els objectius de l\u2019esdeveniment. A qui\nens dirigim, qu\u00e8 busquem i quin missatge volem llan\u00e7ar. <\/p>\n\n\n\n<p>Pel que fa\na l\u2019antelaci\u00f3 amb la qual hem de comen\u00e7ar a organitzar cada detall, dependr\u00e0 de\nfactors com ara: el concepte, la localitzaci\u00f3, el tipus d\u2019espai o el nombre d\u2019assistents.\n&nbsp;<\/p>\n\n\n\n<p><strong>1. Definici\u00f3 de l\u2019objectiu:<\/strong> pensa en una fita a aconseguir que motivi l\u2019organitzaci\u00f3 de l\u2019esdeveniment. Has de determinar quin \u00e9s el concepte que defineix la jornada i li dona sentit. <\/p>\n\n\n\n<p><strong>2. <\/strong><strong>Planifica\namb el temps suficient: <\/strong>tria quin \u00e9s l\u2019espai m\u00e9s idoni per la cita. S\u2019haur\u00e0 de prendre la decisi\u00f3\nde si es fa en interior o exterior i quina quantitat de p\u00fablic albergar\u00e0.\nValora les teves pr\u00f2pies oficines com a empla\u00e7ament si tens un espai\ndisponible, ja que servir\u00e0 com a perfecte aparador per mostrar la teva empresa\ni, a m\u00e9s, pot estalviar despeses importants. <\/p>\n\n\n\n<p><strong>3. Contracta una empresa especialitzada<\/strong>. Llevat que\ncomptis amb un <em>background<\/em> brillant en\ngesti\u00f3 d\u2019esdeveniments, el m\u00e9s recomanable \u00e9s externalitzar el servei a una\ncompanyia amb experi\u00e8ncia. A <a href=\"https:\/\/eikonos.com\/ca\/serveis\/esdeveniments-audiovisuals\/\">Eikonos ens\navalen m\u00e9s de 30 anys d\u2019experi\u00e8ncia<\/a> gestionant actes i congressos. Demana\ninformaci\u00f3 i t\u2019assessorarem. <\/p>\n\n\n\n<p><strong>4.<\/strong> <strong>Material audiovisual<\/strong>. En un entorn en el qual preval la tecnologia, no escatimis en eines d\u2019\u00e0udio\ni imatge d\u2019\u00faltima generaci\u00f3, mostrant la millor cara de la teva companyia.\nContempla el <a href=\"https:\/\/eikonos.com\/ca\/serveis\/lloguer-equips\/\">lloguer d\u2019equipament<\/a>\nsi \u00e9s necessari. <\/p>\n\n\n\n<p><strong>5. Tingues\ncura de cada detall<\/strong>: catering, sponsors, personal, merchandising\u2026 Cuida els teus assistents\nabans, durant i despr\u00e9s de l\u2019acte. Recorda que sense ells l\u2019esdeveniment no t\u00e9\nsentit. <\/p>\n\n\n\n<p><strong>6. Enriqueix l\u2019esdeveniment:\n<\/strong>crea\nactivitats relacionades amb la causa social, motiva als assistents, proposa\nalgun programa de recaptaci\u00f3 de fons per a una organitzaci\u00f3 vinculada al motiu\nsocial&#8230;<\/p>\n\n\n\n<div style=\"height:40px\" aria-hidden=\"true\" class=\"wp-block-spacer\"><\/div>\n\n\n\n<h4 class=\"wp-block-heading\"><strong>Vols organitzar un esdeveniment audiovisual de car\u00e0cter social?<\/strong><\/h4>\n\n\n\n<p><a href=\"https:\/\/eikonos.com\/ca\/contacte\/\">Contacta\u2019ns!<\/a><\/p>\n","protected":false},"excerpt":{"rendered":"<p>Tots aquells que es dediquen a l\u2019organitzaci\u00f3 d\u2019esdeveniments audiovisuals, aix\u00ed com aquelles persones que per&#8230;<\/p>\n","protected":false},"author":6,"featured_media":0,"comment_status":"open","ping_status":"open","sticky":false,"template":"","format":"standard","meta":{"_acf_changed":false,"footnotes":""},"categories":[241],"tags":[],"class_list":["post-7190","post","type-post","status-publish","format-standard","hentry","category-actualidad"],"acf":[],"yoast_head":"<!-- This site is optimized with the Yoast SEO plugin v26.3 - https:\/\/yoast.com\/wordpress\/plugins\/seo\/ -->\n<title>Passos per organitzar un esdeveniment social | EIKONOS<\/title>\n<meta name=\"robots\" content=\"index, follow, max-snippet:-1, max-image-preview:large, max-video-preview:-1\" \/>\n<link rel=\"canonical\" href=\"https:\/\/eikonos.com\/ca\/blog\/organitzar-esdeveniment-audiovisual-social\/\" \/>\n<meta property=\"og:locale\" content=\"ca_ES\" \/>\n<meta property=\"og:type\" content=\"article\" \/>\n<meta property=\"og:title\" content=\"Passos per organitzar un esdeveniment social | EIKONOS\" \/>\n<meta property=\"og:description\" content=\"Tots aquells que es dediquen a l\u2019organitzaci\u00f3 d\u2019esdeveniments audiovisuals, aix\u00ed com aquelles persones que per...\" \/>\n<meta property=\"og:url\" content=\"https:\/\/eikonos.com\/ca\/blog\/organitzar-esdeveniment-audiovisual-social\/\" \/>\n<meta property=\"og:site_name\" content=\"EIKONOS\" \/>\n<meta property=\"article:publisher\" content=\"http:\/\/www.facebook.com\/pages\/Eikonos\/176324785746790\" \/>\n<meta property=\"article:published_time\" content=\"2019-10-24T13:36:10+00:00\" \/>\n<meta name=\"author\" content=\"Xavi Eikonos\" \/>\n<meta name=\"twitter:card\" content=\"summary_large_image\" \/>\n<meta name=\"twitter:creator\" content=\"@eikonos_sa\" \/>\n<meta name=\"twitter:site\" content=\"@eikonos_sa\" \/>\n<meta name=\"twitter:label1\" content=\"Escrit per\" \/>\n\t<meta name=\"twitter:data1\" content=\"Xavi Eikonos\" \/>\n\t<meta name=\"twitter:label2\" content=\"Temps estimat de lectura\" \/>\n\t<meta name=\"twitter:data2\" content=\"2 minuts\" \/>\n<script type=\"application\/ld+json\" class=\"yoast-schema-graph\">{\"@context\":\"https:\/\/schema.org\",\"@graph\":[{\"@type\":\"Article\",\"@id\":\"https:\/\/eikonos.com\/ca\/blog\/organitzar-esdeveniment-audiovisual-social\/#article\",\"isPartOf\":{\"@id\":\"https:\/\/eikonos.com\/ca\/blog\/organitzar-esdeveniment-audiovisual-social\/\"},\"author\":{\"name\":\"Xavi Eikonos\",\"@id\":\"https:\/\/eikonos.com\/ca\/#\/schema\/person\/82032860cc314d826959b90595a5280a\"},\"headline\":\"Passos per organitzar un esdeveniment social\",\"datePublished\":\"2019-10-24T13:36:10+00:00\",\"mainEntityOfPage\":{\"@id\":\"https:\/\/eikonos.com\/ca\/blog\/organitzar-esdeveniment-audiovisual-social\/\"},\"wordCount\":460,\"commentCount\":0,\"publisher\":{\"@id\":\"https:\/\/eikonos.com\/ca\/#organization\"},\"articleSection\":[\"Actualidad\"],\"inLanguage\":\"ca\",\"potentialAction\":[{\"@type\":\"CommentAction\",\"name\":\"Comment\",\"target\":[\"https:\/\/eikonos.com\/ca\/blog\/organitzar-esdeveniment-audiovisual-social\/#respond\"]}]},{\"@type\":\"WebPage\",\"@id\":\"https:\/\/eikonos.com\/ca\/blog\/organitzar-esdeveniment-audiovisual-social\/\",\"url\":\"https:\/\/eikonos.com\/ca\/blog\/organitzar-esdeveniment-audiovisual-social\/\",\"name\":\"Passos per organitzar un esdeveniment social | EIKONOS\",\"isPartOf\":{\"@id\":\"https:\/\/eikonos.com\/ca\/#website\"},\"datePublished\":\"2019-10-24T13:36:10+00:00\",\"breadcrumb\":{\"@id\":\"https:\/\/eikonos.com\/ca\/blog\/organitzar-esdeveniment-audiovisual-social\/#breadcrumb\"},\"inLanguage\":\"ca\",\"potentialAction\":[{\"@type\":\"ReadAction\",\"target\":[\"https:\/\/eikonos.com\/ca\/blog\/organitzar-esdeveniment-audiovisual-social\/\"]}]},{\"@type\":\"BreadcrumbList\",\"@id\":\"https:\/\/eikonos.com\/ca\/blog\/organitzar-esdeveniment-audiovisual-social\/#breadcrumb\",\"itemListElement\":[{\"@type\":\"ListItem\",\"position\":1,\"name\":\"EIKONOS\",\"item\":\"https:\/\/eikonos.com\/ca\/inici\/\"},{\"@type\":\"ListItem\",\"position\":2,\"name\":\"Passos per organitzar un esdeveniment social\"}]},{\"@type\":\"WebSite\",\"@id\":\"https:\/\/eikonos.com\/ca\/#website\",\"url\":\"https:\/\/eikonos.com\/ca\/\",\"name\":\"EIKONOS\",\"description\":\"EXPERIENCIA AUDIOVISUAL\",\"publisher\":{\"@id\":\"https:\/\/eikonos.com\/ca\/#organization\"},\"potentialAction\":[{\"@type\":\"SearchAction\",\"target\":{\"@type\":\"EntryPoint\",\"urlTemplate\":\"https:\/\/eikonos.com\/ca\/?s={search_term_string}\"},\"query-input\":{\"@type\":\"PropertyValueSpecification\",\"valueRequired\":true,\"valueName\":\"search_term_string\"}}],\"inLanguage\":\"ca\"},{\"@type\":\"Organization\",\"@id\":\"https:\/\/eikonos.com\/ca\/#organization\",\"name\":\"EIKONOS | Servicios Audiovisuales, eventos y alquiler de equipos\",\"url\":\"https:\/\/eikonos.com\/ca\/\",\"logo\":{\"@type\":\"ImageObject\",\"inLanguage\":\"ca\",\"@id\":\"https:\/\/eikonos.com\/ca\/#\/schema\/logo\/image\/\",\"url\":\"https:\/\/eikonos.com\/wp-content\/uploads\/2020\/08\/logo-color.png\",\"contentUrl\":\"https:\/\/eikonos.com\/wp-content\/uploads\/2020\/08\/logo-color.png\",\"width\":376,\"height\":122,\"caption\":\"EIKONOS | Servicios Audiovisuales, eventos y alquiler de equipos\"},\"image\":{\"@id\":\"https:\/\/eikonos.com\/ca\/#\/schema\/logo\/image\/\"},\"sameAs\":[\"http:\/\/www.facebook.com\/pages\/Eikonos\/176324785746790\",\"https:\/\/x.com\/eikonos_sa\",\"http:\/\/www.linkedin.com\/company\/eikonos\",\"http:\/\/www.youtube.com\/channel\/UC8wcizWaAYbfsuqVf9wIT6w\"]},{\"@type\":\"Person\",\"@id\":\"https:\/\/eikonos.com\/ca\/#\/schema\/person\/82032860cc314d826959b90595a5280a\",\"name\":\"Xavi Eikonos\",\"image\":{\"@type\":\"ImageObject\",\"inLanguage\":\"ca\",\"@id\":\"https:\/\/eikonos.com\/ca\/#\/schema\/person\/image\/\",\"url\":\"https:\/\/secure.gravatar.com\/avatar\/a6c6b51dd0ac6902701aab24a914f6febe1518f94a5ae06db08b3d6107248dfd?s=96&d=mm&r=g\",\"contentUrl\":\"https:\/\/secure.gravatar.com\/avatar\/a6c6b51dd0ac6902701aab24a914f6febe1518f94a5ae06db08b3d6107248dfd?s=96&d=mm&r=g\",\"caption\":\"Xavi Eikonos\"}}]}<\/script>\n<!-- \/ Yoast SEO plugin. -->","yoast_head_json":{"title":"Passos per organitzar un esdeveniment social | EIKONOS","robots":{"index":"index","follow":"follow","max-snippet":"max-snippet:-1","max-image-preview":"max-image-preview:large","max-video-preview":"max-video-preview:-1"},"canonical":"https:\/\/eikonos.com\/ca\/blog\/organitzar-esdeveniment-audiovisual-social\/","og_locale":"ca_ES","og_type":"article","og_title":"Passos per organitzar un esdeveniment social | EIKONOS","og_description":"Tots aquells que es dediquen a l\u2019organitzaci\u00f3 d\u2019esdeveniments audiovisuals, aix\u00ed com aquelles persones que per...","og_url":"https:\/\/eikonos.com\/ca\/blog\/organitzar-esdeveniment-audiovisual-social\/","og_site_name":"EIKONOS","article_publisher":"http:\/\/www.facebook.com\/pages\/Eikonos\/176324785746790","article_published_time":"2019-10-24T13:36:10+00:00","author":"Xavi Eikonos","twitter_card":"summary_large_image","twitter_creator":"@eikonos_sa","twitter_site":"@eikonos_sa","twitter_misc":{"Escrit per":"Xavi Eikonos","Temps estimat de lectura":"2 minuts"},"schema":{"@context":"https:\/\/schema.org","@graph":[{"@type":"Article","@id":"https:\/\/eikonos.com\/ca\/blog\/organitzar-esdeveniment-audiovisual-social\/#article","isPartOf":{"@id":"https:\/\/eikonos.com\/ca\/blog\/organitzar-esdeveniment-audiovisual-social\/"},"author":{"name":"Xavi Eikonos","@id":"https:\/\/eikonos.com\/ca\/#\/schema\/person\/82032860cc314d826959b90595a5280a"},"headline":"Passos per organitzar un esdeveniment social","datePublished":"2019-10-24T13:36:10+00:00","mainEntityOfPage":{"@id":"https:\/\/eikonos.com\/ca\/blog\/organitzar-esdeveniment-audiovisual-social\/"},"wordCount":460,"commentCount":0,"publisher":{"@id":"https:\/\/eikonos.com\/ca\/#organization"},"articleSection":["Actualidad"],"inLanguage":"ca","potentialAction":[{"@type":"CommentAction","name":"Comment","target":["https:\/\/eikonos.com\/ca\/blog\/organitzar-esdeveniment-audiovisual-social\/#respond"]}]},{"@type":"WebPage","@id":"https:\/\/eikonos.com\/ca\/blog\/organitzar-esdeveniment-audiovisual-social\/","url":"https:\/\/eikonos.com\/ca\/blog\/organitzar-esdeveniment-audiovisual-social\/","name":"Passos per organitzar un esdeveniment social | EIKONOS","isPartOf":{"@id":"https:\/\/eikonos.com\/ca\/#website"},"datePublished":"2019-10-24T13:36:10+00:00","breadcrumb":{"@id":"https:\/\/eikonos.com\/ca\/blog\/organitzar-esdeveniment-audiovisual-social\/#breadcrumb"},"inLanguage":"ca","potentialAction":[{"@type":"ReadAction","target":["https:\/\/eikonos.com\/ca\/blog\/organitzar-esdeveniment-audiovisual-social\/"]}]},{"@type":"BreadcrumbList","@id":"https:\/\/eikonos.com\/ca\/blog\/organitzar-esdeveniment-audiovisual-social\/#breadcrumb","itemListElement":[{"@type":"ListItem","position":1,"name":"EIKONOS","item":"https:\/\/eikonos.com\/ca\/inici\/"},{"@type":"ListItem","position":2,"name":"Passos per organitzar un esdeveniment social"}]},{"@type":"WebSite","@id":"https:\/\/eikonos.com\/ca\/#website","url":"https:\/\/eikonos.com\/ca\/","name":"EIKONOS","description":"EXPERIENCIA AUDIOVISUAL","publisher":{"@id":"https:\/\/eikonos.com\/ca\/#organization"},"potentialAction":[{"@type":"SearchAction","target":{"@type":"EntryPoint","urlTemplate":"https:\/\/eikonos.com\/ca\/?s={search_term_string}"},"query-input":{"@type":"PropertyValueSpecification","valueRequired":true,"valueName":"search_term_string"}}],"inLanguage":"ca"},{"@type":"Organization","@id":"https:\/\/eikonos.com\/ca\/#organization","name":"EIKONOS | Servicios Audiovisuales, eventos y alquiler de equipos","url":"https:\/\/eikonos.com\/ca\/","logo":{"@type":"ImageObject","inLanguage":"ca","@id":"https:\/\/eikonos.com\/ca\/#\/schema\/logo\/image\/","url":"https:\/\/eikonos.com\/wp-content\/uploads\/2020\/08\/logo-color.png","contentUrl":"https:\/\/eikonos.com\/wp-content\/uploads\/2020\/08\/logo-color.png","width":376,"height":122,"caption":"EIKONOS | Servicios Audiovisuales, eventos y alquiler de equipos"},"image":{"@id":"https:\/\/eikonos.com\/ca\/#\/schema\/logo\/image\/"},"sameAs":["http:\/\/www.facebook.com\/pages\/Eikonos\/176324785746790","https:\/\/x.com\/eikonos_sa","http:\/\/www.linkedin.com\/company\/eikonos","http:\/\/www.youtube.com\/channel\/UC8wcizWaAYbfsuqVf9wIT6w"]},{"@type":"Person","@id":"https:\/\/eikonos.com\/ca\/#\/schema\/person\/82032860cc314d826959b90595a5280a","name":"Xavi Eikonos","image":{"@type":"ImageObject","inLanguage":"ca","@id":"https:\/\/eikonos.com\/ca\/#\/schema\/person\/image\/","url":"https:\/\/secure.gravatar.com\/avatar\/a6c6b51dd0ac6902701aab24a914f6febe1518f94a5ae06db08b3d6107248dfd?s=96&d=mm&r=g","contentUrl":"https:\/\/secure.gravatar.com\/avatar\/a6c6b51dd0ac6902701aab24a914f6febe1518f94a5ae06db08b3d6107248dfd?s=96&d=mm&r=g","caption":"Xavi Eikonos"}}]}},"_links":{"self":[{"href":"https:\/\/eikonos.com\/ca\/wp-json\/wp\/v2\/posts\/7190","targetHints":{"allow":["GET"]}}],"collection":[{"href":"https:\/\/eikonos.com\/ca\/wp-json\/wp\/v2\/posts"}],"about":[{"href":"https:\/\/eikonos.com\/ca\/wp-json\/wp\/v2\/types\/post"}],"author":[{"embeddable":true,"href":"https:\/\/eikonos.com\/ca\/wp-json\/wp\/v2\/users\/6"}],"replies":[{"embeddable":true,"href":"https:\/\/eikonos.com\/ca\/wp-json\/wp\/v2\/comments?post=7190"}],"version-history":[{"count":0,"href":"https:\/\/eikonos.com\/ca\/wp-json\/wp\/v2\/posts\/7190\/revisions"}],"wp:attachment":[{"href":"https:\/\/eikonos.com\/ca\/wp-json\/wp\/v2\/media?parent=7190"}],"wp:term":[{"taxonomy":"category","embeddable":true,"href":"https:\/\/eikonos.com\/ca\/wp-json\/wp\/v2\/categories?post=7190"},{"taxonomy":"post_tag","embeddable":true,"href":"https:\/\/eikonos.com\/ca\/wp-json\/wp\/v2\/tags?post=7190"}],"curies":[{"name":"wp","href":"https:\/\/api.w.org\/{rel}","templated":true}]}}