{"id":7143,"date":"2019-10-08T17:31:16","date_gmt":"2019-10-08T15:31:16","guid":{"rendered":"https:\/\/eikonos.com\/?p=7143"},"modified":"2019-10-08T17:31:16","modified_gmt":"2019-10-08T15:31:16","slug":"realitat-augmentada-educacio-tecnologia","status":"publish","type":"post","link":"https:\/\/eikonos.com\/ca\/blog\/realitat-augmentada-educacio-tecnologia\/","title":{"rendered":"Realitat augmentada en l&#8217;educaci\u00f3: tecnologia per l\u2019aprenentatge"},"content":{"rendered":"\n<p>Vivim moments en els quals els continguts ens bombardegen a trav\u00e9s d&#8217;una multitud de canals: mitjans, televisi\u00f3, publicitat, cartelleria\u2026 per no parlar d\u2019Internet i de les xarxes socials. <\/p>\n\n\n\n<p>Per a les ag\u00e8ncies i empreses de comunicaci\u00f3, captar l\u2019atenci\u00f3 del p\u00fablic\nsuposa tot un repte, donat que est\u00e0 exposat a una gran quantitat d\u2019est\u00edmuls. Si\nens referim als joves, el cas esdev\u00e9 fins i tot m\u00e9s complicat, sobretot pel fet\nque s\u00f3n nadius digitals. De fet, en el cas de l\u2019educaci\u00f3, els docents han d\u2019esbrinar\nno nom\u00e9s com captar l\u2019inter\u00e8s del seu alumnat, sin\u00f3 tamb\u00e9 com mantenir-lo en el\ntemps. <\/p>\n\n\n\n<p>L\u2019\u00fas de <a href=\"https:\/\/eikonos.com\/ca\/portfolio_page\/realitat-augmentada\/\">tecnologia audiovisual aplicada en aquest entorn<\/a> resulta \u00fatil i eficient, com s\u2019ha demostrat amb l\u2019aplicaci\u00f3 de la realitat augmentada en l\u2019educaci\u00f3. <\/p>\n\n\n\n<p>La\nrealitat augmentada permet ampliar informaci\u00f3 a partir d\u2019elements virtuals\naplicats sobre el m\u00f3n f\u00edsic. <\/p>\n\n\n\n<p>La\ntecnologia permet que els educadors puguin inventar una infinitat d\u2019escenaris d\u2019aprenentatge\nsense haver de sortir de l\u2019aula, combinant de manera fascinant coneixement i\nentreteniment.<\/p>\n\n\n\n<div style=\"height:40px\" aria-hidden=\"true\" class=\"wp-block-spacer\"><\/div>\n\n\n\n<h2 style=\"color:#f20000;\">Realitat augmentada en el sector de l\u2019educaci\u00f3<\/h2>\n\n\n\n<p>Fent \u00fas de l\u2019<a href=\"https:\/\/eikonos.com\/ca\/blog\/realitat-virtual-realitat-augmentada-diferencies\/\">RA<\/a> (realitat augmentada) es potencia la forma de transmissi\u00f3 d\u2019informaci\u00f3 i s\u2019obre una infinitat de possibilitats. Per\u00f2, com? Per exemple, sobreposant capes a un mapa, afegint elements a la geografia, veient com funcionen els \u00f2rgans del cos\u2026 De fet, alguns museus s\u2019han adonat del potencial d\u2019aquesta tecnologia i ja l\u2019han integrat a les seves exposicions per oferir una experi\u00e8ncia m\u00e9s estimulant i immersiva als seus visitants. <\/p>\n\n\n\n<p>Aquesta tecnologia no nom\u00e9s potencia el car\u00e0cter l\u00fadic i motivacional dels estudiants, sin\u00f3 que tamb\u00e9 aporta altres beneficis:<\/p>\n\n\n\n<ul class=\"wp-block-list\"><li><strong>Els alumnes se senten c\u00f2modes<\/strong> <strong>amb la tecnologia<\/strong>, que normalment no abunda a les aules. Aquest \u201cgap\u201d que existeix entre la seva rutina i la dels col\u00b7legis es pot salvar amb l\u2019aplicaci\u00f3 de la realitat augmentada. <\/li><li><strong>Captant millor la seva atenci\u00f3<\/strong>, es facilita que l\u2019alumne aprengui m\u00e9s i millor. Ret\u00e9 la informaci\u00f3 de manera molt visual i d\u2019aquesta manera sortim de l\u2019escenari dels textos mon\u00f2tons tot passant a viure experi\u00e8ncies. <\/li><li><strong>Millora la participaci\u00f3 de l\u2019alumne<\/strong> a l\u2019aula gr\u00e0cies a la combinaci\u00f3 d\u2019informaci\u00f3 i entreteniment. Els joves se senten com si fossin a un joc m\u00e9s que no pas a una aula, cosa que per ells resulta divertit i am\u00e8.<\/li><li><strong>Permet l\u2019adaptaci\u00f3 a qualsevol nivell educatiu o contingut<\/strong>, tot respectant els diferents ritmes d\u2019aprenentatge. <\/li><li><strong>Desenvolupa la curiositat<\/strong>, afavorint la indagaci\u00f3 i l\u2019inter\u00e8s per con\u00e8ixer m\u00e9s sobre un tema. <\/li><li><strong>De forma pionera, <\/strong>les emocions agafen protagonisme mentre els alumnes aprenen. Ho aconseguim gr\u00e0cies al fet que els estudiants poden veure i sentir moments hist\u00f2rics o situacions que abans els costava d\u2019imaginar, per\u00f2 que ara poden viure en primera persona. <\/li><li>Tenim l\u2019avantatge de comptar amb el <a href=\"https:\/\/eikonos.com\/ca\/blog\/multiplicar-sensacions-realitat-augmentada\/\">factor sorpresa<\/a>, molt f\u00e0cil d\u2019aconseguir amb aquesta tecnologia. <\/li><\/ul>\n\n\n\n<p>Com podem veure, l\u2019\u00fas d\u2019aquesta tecnologia, cada vegada\nm\u00e9s present en el sector de l\u2019educaci\u00f3 i en constant evoluci\u00f3, pot suposar\nenormes beneficis i possibilitats il\u00b7limitades mentre facilita l\u2019aprenentatge. <\/p>\n","protected":false},"excerpt":{"rendered":"<p>Vivim moments en els quals els continguts ens bombardegen a trav\u00e9s d&#8217;una multitud de canals:&#8230;<\/p>\n","protected":false},"author":6,"featured_media":7136,"comment_status":"open","ping_status":"open","sticky":false,"template":"","format":"standard","meta":{"_acf_changed":false,"footnotes":""},"categories":[344],"tags":[],"class_list":["post-7143","post","type-post","status-publish","format-standard","has-post-thumbnail","hentry","category-actualitat"],"acf":[],"yoast_head":"<!-- This site is optimized with the Yoast SEO plugin v26.3 - https:\/\/yoast.com\/wordpress\/plugins\/seo\/ -->\n<title>Realitat Augmentada en l&#039;educaci\u00f3: | EIKONOS<\/title>\n<meta name=\"description\" content=\"La realitat augmentada en l&#039;educaci\u00f3 ha incrementat el seu \u00fas. Descubreix les avantatges d&#039;utilitzar les \u00faltimes tecnologies per l&#039;aprenentatge.\" \/>\n<meta name=\"robots\" content=\"index, follow, max-snippet:-1, max-image-preview:large, max-video-preview:-1\" \/>\n<link rel=\"canonical\" href=\"https:\/\/eikonos.com\/ca\/blog\/realitat-augmentada-educacio-tecnologia\/\" \/>\n<meta property=\"og:locale\" content=\"ca_ES\" \/>\n<meta property=\"og:type\" content=\"article\" \/>\n<meta property=\"og:title\" content=\"Realitat Augmentada en l&#039;educaci\u00f3: | EIKONOS\" \/>\n<meta property=\"og:description\" content=\"La realitat augmentada en l&#039;educaci\u00f3 ha incrementat el seu \u00fas. Descubreix les avantatges d&#039;utilitzar les \u00faltimes tecnologies per l&#039;aprenentatge.\" \/>\n<meta property=\"og:url\" content=\"https:\/\/eikonos.com\/ca\/blog\/realitat-augmentada-educacio-tecnologia\/\" \/>\n<meta property=\"og:site_name\" content=\"EIKONOS\" \/>\n<meta property=\"article:publisher\" content=\"http:\/\/www.facebook.com\/pages\/Eikonos\/176324785746790\" \/>\n<meta property=\"article:published_time\" content=\"2019-10-08T15:31:16+00:00\" \/>\n<meta property=\"og:image\" content=\"https:\/\/eikonos.com\/wp-content\/uploads\/2019\/10\/eikonos-VR-1.jpg\" \/>\n\t<meta property=\"og:image:width\" content=\"724\" \/>\n\t<meta property=\"og:image:height\" content=\"407\" \/>\n\t<meta property=\"og:image:type\" content=\"image\/jpeg\" \/>\n<meta name=\"author\" content=\"Xavi Eikonos\" \/>\n<meta name=\"twitter:card\" content=\"summary_large_image\" \/>\n<meta name=\"twitter:creator\" content=\"@eikonos_sa\" \/>\n<meta name=\"twitter:site\" content=\"@eikonos_sa\" \/>\n<meta name=\"twitter:label1\" content=\"Escrit per\" \/>\n\t<meta name=\"twitter:data1\" content=\"Xavi Eikonos\" \/>\n\t<meta name=\"twitter:label2\" content=\"Temps estimat de lectura\" \/>\n\t<meta name=\"twitter:data2\" content=\"3 minuts\" \/>\n<script type=\"application\/ld+json\" class=\"yoast-schema-graph\">{\"@context\":\"https:\/\/schema.org\",\"@graph\":[{\"@type\":\"Article\",\"@id\":\"https:\/\/eikonos.com\/ca\/blog\/realitat-augmentada-educacio-tecnologia\/#article\",\"isPartOf\":{\"@id\":\"https:\/\/eikonos.com\/ca\/blog\/realitat-augmentada-educacio-tecnologia\/\"},\"author\":{\"name\":\"Xavi Eikonos\",\"@id\":\"https:\/\/eikonos.com\/ca\/#\/schema\/person\/82032860cc314d826959b90595a5280a\"},\"headline\":\"Realitat augmentada en l&#8217;educaci\u00f3: tecnologia per l\u2019aprenentatge\",\"datePublished\":\"2019-10-08T15:31:16+00:00\",\"mainEntityOfPage\":{\"@id\":\"https:\/\/eikonos.com\/ca\/blog\/realitat-augmentada-educacio-tecnologia\/\"},\"wordCount\":554,\"commentCount\":0,\"publisher\":{\"@id\":\"https:\/\/eikonos.com\/ca\/#organization\"},\"image\":{\"@id\":\"https:\/\/eikonos.com\/ca\/blog\/realitat-augmentada-educacio-tecnologia\/#primaryimage\"},\"thumbnailUrl\":\"https:\/\/eikonos.com\/wp-content\/uploads\/2019\/10\/eikonos-VR-1.jpg\",\"articleSection\":[\"Actualitat\"],\"inLanguage\":\"ca\",\"potentialAction\":[{\"@type\":\"CommentAction\",\"name\":\"Comment\",\"target\":[\"https:\/\/eikonos.com\/ca\/blog\/realitat-augmentada-educacio-tecnologia\/#respond\"]}]},{\"@type\":\"WebPage\",\"@id\":\"https:\/\/eikonos.com\/ca\/blog\/realitat-augmentada-educacio-tecnologia\/\",\"url\":\"https:\/\/eikonos.com\/ca\/blog\/realitat-augmentada-educacio-tecnologia\/\",\"name\":\"Realitat Augmentada en l'educaci\u00f3: | EIKONOS\",\"isPartOf\":{\"@id\":\"https:\/\/eikonos.com\/ca\/#website\"},\"primaryImageOfPage\":{\"@id\":\"https:\/\/eikonos.com\/ca\/blog\/realitat-augmentada-educacio-tecnologia\/#primaryimage\"},\"image\":{\"@id\":\"https:\/\/eikonos.com\/ca\/blog\/realitat-augmentada-educacio-tecnologia\/#primaryimage\"},\"thumbnailUrl\":\"https:\/\/eikonos.com\/wp-content\/uploads\/2019\/10\/eikonos-VR-1.jpg\",\"datePublished\":\"2019-10-08T15:31:16+00:00\",\"description\":\"La realitat augmentada en l'educaci\u00f3 ha incrementat el seu \u00fas. Descubreix les avantatges d'utilitzar les \u00faltimes tecnologies per l'aprenentatge.\",\"breadcrumb\":{\"@id\":\"https:\/\/eikonos.com\/ca\/blog\/realitat-augmentada-educacio-tecnologia\/#breadcrumb\"},\"inLanguage\":\"ca\",\"potentialAction\":[{\"@type\":\"ReadAction\",\"target\":[\"https:\/\/eikonos.com\/ca\/blog\/realitat-augmentada-educacio-tecnologia\/\"]}]},{\"@type\":\"ImageObject\",\"inLanguage\":\"ca\",\"@id\":\"https:\/\/eikonos.com\/ca\/blog\/realitat-augmentada-educacio-tecnologia\/#primaryimage\",\"url\":\"https:\/\/eikonos.com\/wp-content\/uploads\/2019\/10\/eikonos-VR-1.jpg\",\"contentUrl\":\"https:\/\/eikonos.com\/wp-content\/uploads\/2019\/10\/eikonos-VR-1.jpg\",\"width\":724,\"height\":407,\"caption\":\"realidad aumentada educaci\u00f3n\"},{\"@type\":\"BreadcrumbList\",\"@id\":\"https:\/\/eikonos.com\/ca\/blog\/realitat-augmentada-educacio-tecnologia\/#breadcrumb\",\"itemListElement\":[{\"@type\":\"ListItem\",\"position\":1,\"name\":\"EIKONOS\",\"item\":\"https:\/\/eikonos.com\/ca\/inici\/\"},{\"@type\":\"ListItem\",\"position\":2,\"name\":\"Realitat augmentada en l&#8217;educaci\u00f3: tecnologia per l\u2019aprenentatge\"}]},{\"@type\":\"WebSite\",\"@id\":\"https:\/\/eikonos.com\/ca\/#website\",\"url\":\"https:\/\/eikonos.com\/ca\/\",\"name\":\"EIKONOS\",\"description\":\"EXPERIENCIA AUDIOVISUAL\",\"publisher\":{\"@id\":\"https:\/\/eikonos.com\/ca\/#organization\"},\"potentialAction\":[{\"@type\":\"SearchAction\",\"target\":{\"@type\":\"EntryPoint\",\"urlTemplate\":\"https:\/\/eikonos.com\/ca\/?s={search_term_string}\"},\"query-input\":{\"@type\":\"PropertyValueSpecification\",\"valueRequired\":true,\"valueName\":\"search_term_string\"}}],\"inLanguage\":\"ca\"},{\"@type\":\"Organization\",\"@id\":\"https:\/\/eikonos.com\/ca\/#organization\",\"name\":\"EIKONOS | Servicios Audiovisuales, eventos y alquiler de equipos\",\"url\":\"https:\/\/eikonos.com\/ca\/\",\"logo\":{\"@type\":\"ImageObject\",\"inLanguage\":\"ca\",\"@id\":\"https:\/\/eikonos.com\/ca\/#\/schema\/logo\/image\/\",\"url\":\"https:\/\/eikonos.com\/wp-content\/uploads\/2020\/08\/logo-color.png\",\"contentUrl\":\"https:\/\/eikonos.com\/wp-content\/uploads\/2020\/08\/logo-color.png\",\"width\":376,\"height\":122,\"caption\":\"EIKONOS | Servicios Audiovisuales, eventos y alquiler de equipos\"},\"image\":{\"@id\":\"https:\/\/eikonos.com\/ca\/#\/schema\/logo\/image\/\"},\"sameAs\":[\"http:\/\/www.facebook.com\/pages\/Eikonos\/176324785746790\",\"https:\/\/x.com\/eikonos_sa\",\"http:\/\/www.linkedin.com\/company\/eikonos\",\"http:\/\/www.youtube.com\/channel\/UC8wcizWaAYbfsuqVf9wIT6w\"]},{\"@type\":\"Person\",\"@id\":\"https:\/\/eikonos.com\/ca\/#\/schema\/person\/82032860cc314d826959b90595a5280a\",\"name\":\"Xavi Eikonos\",\"image\":{\"@type\":\"ImageObject\",\"inLanguage\":\"ca\",\"@id\":\"https:\/\/eikonos.com\/ca\/#\/schema\/person\/image\/\",\"url\":\"https:\/\/secure.gravatar.com\/avatar\/a6c6b51dd0ac6902701aab24a914f6febe1518f94a5ae06db08b3d6107248dfd?s=96&d=mm&r=g\",\"contentUrl\":\"https:\/\/secure.gravatar.com\/avatar\/a6c6b51dd0ac6902701aab24a914f6febe1518f94a5ae06db08b3d6107248dfd?s=96&d=mm&r=g\",\"caption\":\"Xavi Eikonos\"}}]}<\/script>\n<!-- \/ Yoast SEO plugin. -->","yoast_head_json":{"title":"Realitat Augmentada en l'educaci\u00f3: | EIKONOS","description":"La realitat augmentada en l'educaci\u00f3 ha incrementat el seu \u00fas. Descubreix les avantatges d'utilitzar les \u00faltimes tecnologies per l'aprenentatge.","robots":{"index":"index","follow":"follow","max-snippet":"max-snippet:-1","max-image-preview":"max-image-preview:large","max-video-preview":"max-video-preview:-1"},"canonical":"https:\/\/eikonos.com\/ca\/blog\/realitat-augmentada-educacio-tecnologia\/","og_locale":"ca_ES","og_type":"article","og_title":"Realitat Augmentada en l'educaci\u00f3: | EIKONOS","og_description":"La realitat augmentada en l'educaci\u00f3 ha incrementat el seu \u00fas. Descubreix les avantatges d'utilitzar les \u00faltimes tecnologies per l'aprenentatge.","og_url":"https:\/\/eikonos.com\/ca\/blog\/realitat-augmentada-educacio-tecnologia\/","og_site_name":"EIKONOS","article_publisher":"http:\/\/www.facebook.com\/pages\/Eikonos\/176324785746790","article_published_time":"2019-10-08T15:31:16+00:00","og_image":[{"width":724,"height":407,"url":"https:\/\/eikonos.com\/wp-content\/uploads\/2019\/10\/eikonos-VR-1.jpg","type":"image\/jpeg"}],"author":"Xavi Eikonos","twitter_card":"summary_large_image","twitter_creator":"@eikonos_sa","twitter_site":"@eikonos_sa","twitter_misc":{"Escrit per":"Xavi Eikonos","Temps estimat de lectura":"3 minuts"},"schema":{"@context":"https:\/\/schema.org","@graph":[{"@type":"Article","@id":"https:\/\/eikonos.com\/ca\/blog\/realitat-augmentada-educacio-tecnologia\/#article","isPartOf":{"@id":"https:\/\/eikonos.com\/ca\/blog\/realitat-augmentada-educacio-tecnologia\/"},"author":{"name":"Xavi Eikonos","@id":"https:\/\/eikonos.com\/ca\/#\/schema\/person\/82032860cc314d826959b90595a5280a"},"headline":"Realitat augmentada en l&#8217;educaci\u00f3: tecnologia per l\u2019aprenentatge","datePublished":"2019-10-08T15:31:16+00:00","mainEntityOfPage":{"@id":"https:\/\/eikonos.com\/ca\/blog\/realitat-augmentada-educacio-tecnologia\/"},"wordCount":554,"commentCount":0,"publisher":{"@id":"https:\/\/eikonos.com\/ca\/#organization"},"image":{"@id":"https:\/\/eikonos.com\/ca\/blog\/realitat-augmentada-educacio-tecnologia\/#primaryimage"},"thumbnailUrl":"https:\/\/eikonos.com\/wp-content\/uploads\/2019\/10\/eikonos-VR-1.jpg","articleSection":["Actualitat"],"inLanguage":"ca","potentialAction":[{"@type":"CommentAction","name":"Comment","target":["https:\/\/eikonos.com\/ca\/blog\/realitat-augmentada-educacio-tecnologia\/#respond"]}]},{"@type":"WebPage","@id":"https:\/\/eikonos.com\/ca\/blog\/realitat-augmentada-educacio-tecnologia\/","url":"https:\/\/eikonos.com\/ca\/blog\/realitat-augmentada-educacio-tecnologia\/","name":"Realitat Augmentada en l'educaci\u00f3: | EIKONOS","isPartOf":{"@id":"https:\/\/eikonos.com\/ca\/#website"},"primaryImageOfPage":{"@id":"https:\/\/eikonos.com\/ca\/blog\/realitat-augmentada-educacio-tecnologia\/#primaryimage"},"image":{"@id":"https:\/\/eikonos.com\/ca\/blog\/realitat-augmentada-educacio-tecnologia\/#primaryimage"},"thumbnailUrl":"https:\/\/eikonos.com\/wp-content\/uploads\/2019\/10\/eikonos-VR-1.jpg","datePublished":"2019-10-08T15:31:16+00:00","description":"La realitat augmentada en l'educaci\u00f3 ha incrementat el seu \u00fas. Descubreix les avantatges d'utilitzar les \u00faltimes tecnologies per l'aprenentatge.","breadcrumb":{"@id":"https:\/\/eikonos.com\/ca\/blog\/realitat-augmentada-educacio-tecnologia\/#breadcrumb"},"inLanguage":"ca","potentialAction":[{"@type":"ReadAction","target":["https:\/\/eikonos.com\/ca\/blog\/realitat-augmentada-educacio-tecnologia\/"]}]},{"@type":"ImageObject","inLanguage":"ca","@id":"https:\/\/eikonos.com\/ca\/blog\/realitat-augmentada-educacio-tecnologia\/#primaryimage","url":"https:\/\/eikonos.com\/wp-content\/uploads\/2019\/10\/eikonos-VR-1.jpg","contentUrl":"https:\/\/eikonos.com\/wp-content\/uploads\/2019\/10\/eikonos-VR-1.jpg","width":724,"height":407,"caption":"realidad aumentada educaci\u00f3n"},{"@type":"BreadcrumbList","@id":"https:\/\/eikonos.com\/ca\/blog\/realitat-augmentada-educacio-tecnologia\/#breadcrumb","itemListElement":[{"@type":"ListItem","position":1,"name":"EIKONOS","item":"https:\/\/eikonos.com\/ca\/inici\/"},{"@type":"ListItem","position":2,"name":"Realitat augmentada en l&#8217;educaci\u00f3: tecnologia per l\u2019aprenentatge"}]},{"@type":"WebSite","@id":"https:\/\/eikonos.com\/ca\/#website","url":"https:\/\/eikonos.com\/ca\/","name":"EIKONOS","description":"EXPERIENCIA AUDIOVISUAL","publisher":{"@id":"https:\/\/eikonos.com\/ca\/#organization"},"potentialAction":[{"@type":"SearchAction","target":{"@type":"EntryPoint","urlTemplate":"https:\/\/eikonos.com\/ca\/?s={search_term_string}"},"query-input":{"@type":"PropertyValueSpecification","valueRequired":true,"valueName":"search_term_string"}}],"inLanguage":"ca"},{"@type":"Organization","@id":"https:\/\/eikonos.com\/ca\/#organization","name":"EIKONOS | Servicios Audiovisuales, eventos y alquiler de equipos","url":"https:\/\/eikonos.com\/ca\/","logo":{"@type":"ImageObject","inLanguage":"ca","@id":"https:\/\/eikonos.com\/ca\/#\/schema\/logo\/image\/","url":"https:\/\/eikonos.com\/wp-content\/uploads\/2020\/08\/logo-color.png","contentUrl":"https:\/\/eikonos.com\/wp-content\/uploads\/2020\/08\/logo-color.png","width":376,"height":122,"caption":"EIKONOS | Servicios Audiovisuales, eventos y alquiler de equipos"},"image":{"@id":"https:\/\/eikonos.com\/ca\/#\/schema\/logo\/image\/"},"sameAs":["http:\/\/www.facebook.com\/pages\/Eikonos\/176324785746790","https:\/\/x.com\/eikonos_sa","http:\/\/www.linkedin.com\/company\/eikonos","http:\/\/www.youtube.com\/channel\/UC8wcizWaAYbfsuqVf9wIT6w"]},{"@type":"Person","@id":"https:\/\/eikonos.com\/ca\/#\/schema\/person\/82032860cc314d826959b90595a5280a","name":"Xavi Eikonos","image":{"@type":"ImageObject","inLanguage":"ca","@id":"https:\/\/eikonos.com\/ca\/#\/schema\/person\/image\/","url":"https:\/\/secure.gravatar.com\/avatar\/a6c6b51dd0ac6902701aab24a914f6febe1518f94a5ae06db08b3d6107248dfd?s=96&d=mm&r=g","contentUrl":"https:\/\/secure.gravatar.com\/avatar\/a6c6b51dd0ac6902701aab24a914f6febe1518f94a5ae06db08b3d6107248dfd?s=96&d=mm&r=g","caption":"Xavi Eikonos"}}]}},"_links":{"self":[{"href":"https:\/\/eikonos.com\/ca\/wp-json\/wp\/v2\/posts\/7143","targetHints":{"allow":["GET"]}}],"collection":[{"href":"https:\/\/eikonos.com\/ca\/wp-json\/wp\/v2\/posts"}],"about":[{"href":"https:\/\/eikonos.com\/ca\/wp-json\/wp\/v2\/types\/post"}],"author":[{"embeddable":true,"href":"https:\/\/eikonos.com\/ca\/wp-json\/wp\/v2\/users\/6"}],"replies":[{"embeddable":true,"href":"https:\/\/eikonos.com\/ca\/wp-json\/wp\/v2\/comments?post=7143"}],"version-history":[{"count":0,"href":"https:\/\/eikonos.com\/ca\/wp-json\/wp\/v2\/posts\/7143\/revisions"}],"wp:featuredmedia":[{"embeddable":true,"href":"https:\/\/eikonos.com\/ca\/wp-json\/wp\/v2\/media\/7136"}],"wp:attachment":[{"href":"https:\/\/eikonos.com\/ca\/wp-json\/wp\/v2\/media?parent=7143"}],"wp:term":[{"taxonomy":"category","embeddable":true,"href":"https:\/\/eikonos.com\/ca\/wp-json\/wp\/v2\/categories?post=7143"},{"taxonomy":"post_tag","embeddable":true,"href":"https:\/\/eikonos.com\/ca\/wp-json\/wp\/v2\/tags?post=7143"}],"curies":[{"name":"wp","href":"https:\/\/api.w.org\/{rel}","templated":true}]}}