{"id":7128,"date":"2019-10-01T16:29:42","date_gmt":"2019-10-01T14:29:42","guid":{"rendered":"https:\/\/eikonos.com\/?p=7128"},"modified":"2019-10-01T16:29:42","modified_gmt":"2019-10-01T14:29:42","slug":"triar-equipament-so-alta-qualitat-2","status":"publish","type":"post","link":"https:\/\/eikonos.com\/ca\/blog\/triar-equipament-so-alta-qualitat-2\/","title":{"rendered":"Claus per triar un equipament de so d&#8217;alta qualitat"},"content":{"rendered":"\n<p>De les tres disciplines audiovisuals per esdeveniments: il\u00b7luminaci\u00f3, v\u00eddeo i so, aquesta \u00faltima \u00e9s la que, en molts casos, t\u00e9 la menor consideraci\u00f3 tant en pressupost com en plantejament. Moltes persones cauen en l\u2019error de donar-li m\u00e9s import\u00e0ncia als elements visuals quan, de fet, l\u2019\u00e0udio \u00e9s absolutament determinant per aconseguir un resultat final satisfactori.  <\/p>\n\n\n\n<p>\n\nD\u2019aquesta manera, no hem de perdre de vista el fet que el so \u00e9s clau per a que el nostre esdeveniment sigui reeixit i, per tant, hem de donar-li el valor i dedicaci\u00f3 que es mereix.  \n\n<\/p>\n\n\n\n<p>Per aix\u00f2, volem explicar-te les claus a tenir en compte a l\u2019hora d\u2019escollir <a href=\"https:\/\/eikonos.com\/ca\/portfolio_page\/equips-de-so\/\">l\u2019equipament de so m\u00e9s adequat<\/a> i, aix\u00ed, evitar imprevistos f\u00e0cilment solucionables que podrien posar en risc el correcte desenvolupament de l\u2019esdeveniment.  <\/p>\n\n\n\n<div style=\"height:40px\" aria-hidden=\"true\" class=\"wp-block-spacer\"><\/div>\n\n\n\n<h2 style=\"color:#f20000;\">La import\u00e0ncia de triar un equipament de so d\u2019alta qualitat<\/h2>\n\n\n\n<p>\n\nEl so \u00e9s un est\u00edmul extern que genera una percepci\u00f3 en el cervell. Aquesta percepci\u00f3 pot canviar de forma radical depenent de la qualitat de l\u2019equipament d\u2019\u00e0udio que utilitzem. Tot all\u00f2 que estem veient pot ser molt diferent i, aquesta difer\u00e8ncia, la genera el so i la seva correcta adequaci\u00f3 amb els altres elements de l\u2019<a href=\"https:\/\/eikonos.com\/ca\/serveis\/esdeveniments-audiovisuals\/\">esdeveniment<\/a>. \n\n<\/p>\n\n\n\n<p>\n\nPer aquests motius, has de triar un equipament de so d\u2019alta qualitat amb prou potencial per satisfer les necessitats de l\u2019esdeveniment. Has d\u2019utilitzar-lo com una eina per crear un ambient coherent i harmoni\u00f3s, que cre\u00ef sensacions i capti l\u2019atenci\u00f3 de tots els espectadors. A m\u00e9s, \u00e9s molt important que el missatge que transmeti sigui totalment intel\u00b7ligible. \n\n<\/p>\n\n\n\n<p>Depenent de si un <a href=\"https:\/\/eikonos.com\/ca\/blog\/material-audiovisual-necessito-organitzar-esdeveniment-exterior\/\">esdeveniment se celebra en exterior<\/a> o interior, s\u2019han de tenir en compte diferents variables per escollir correctament el sistema i posicionament m\u00e9s convenients.&nbsp; <\/p>\n\n\n\n<p>\u00c9s&nbsp; per aix\u00f2 que hem d\u2019analitzar amb deteniment les caracter\u00edstiques i particularitats del espai, ja que poden ser decisives per decantar-se per un tipus d\u2019equipament de so o un altre.   <\/p>\n\n\n\n<div style=\"height:40px\" aria-hidden=\"true\" class=\"wp-block-spacer\"><\/div>\n\n\n\n<h2 style=\"color:#f20000;\">Equipaments de so per interior<\/h2>\n\n\n\n<p>Si el teu esdeveniment \u00e9s en un espai tancat, la pot\u00e8ncia haur\u00e0 d\u2019adaptar-se a aquest de forma coherent.   <\/p>\n\n\n\n<p>\n\nElements en els quals no pensem a ull nu com la quantitat de mobiliari, la seva disposici\u00f3 o l\u2019al\u00e7ada dels sostres poden ser decisius per determinar l\u2019equipament de so que m\u00e9s ens convingui.  \n\n<\/p>\n\n\n\n<div style=\"height:40px\" aria-hidden=\"true\" class=\"wp-block-spacer\"><\/div>\n\n\n\n<h2 style=\"color:#f20000;\">Equipaments de so per exterior<\/h2>\n\n\n\n<p>Tant si el teu esdeveniment se celebra en un recinte semicobert com a cel obert, has de tenir en compte que el so podr\u00e0 patir variacions de qualitat a causa de factors com: <\/p>\n\n\n\n<ul class=\"wp-block-list\"><li>Condicions ambientals (el vent, la temperatura, la humitat&#8230;)<\/li><li>Contaminaci\u00f3 ac\u00fastica aliena a l\u2019esdeveniment<\/li><li>Nombre d\u2019assistents &nbsp;(determinar\u00e0 l\u2019\u00e0rea que hem d\u2019arribar a cobrir)<\/li><\/ul>\n\n\n\n<p>Per aix\u00f2, necessitem un equipament amb sistemes Line Array que tinguin la capacitat de fer arribar el so en condicions \u00f2ptimes per tota l\u2019\u00e0rea de p\u00fablic. <\/p>\n\n\n\n<div style=\"height:40px\" aria-hidden=\"true\" class=\"wp-block-spacer\"><\/div>\n\n\n\n<h2 style=\"color:#f20000;\">Com triar l&#8217;equipament de so d&#8217;alta qualitat m\u00e9s adequat?<\/h2>\n\n\n\n<p>Una vegada hagis determinat si l\u2019esdeveniment se celebrar\u00e0 en un espai interior o exterior, has de fer-te una s\u00e8rie de preguntes addicionals abans d\u2019escollir l\u2019equipament de so que s\u2019adapti millor a les teves necessitats i circumst\u00e0ncies.  <\/p>\n\n\n\n<ul class=\"wp-block-list\"><li><strong>Quina mida t\u00e9 el <em>venue<\/em> de l\u2019esdeveniment? <\/strong>Segons la mida de la sala on es col\u00b7locar\u00e0 l\u2019equipament, haur\u00e0s de triar uns altaveus m\u00e9s grans i potents o uns altres m\u00e9s petits i de menor pot\u00e8ncia. Es fa evident, doncs, que necessitarem un equipament amb m\u00e9s o menys abast depenent de les dimensions de l\u2019espai en el qual es far\u00e0 l\u2019esdeveniment.<\/li><\/ul>\n\n\n\n<ul class=\"wp-block-list\"><li><strong>Disposici\u00f3 i elements del lloc on s\u2019instal\u00b7lar\u00e0 l\u2019equipament. <\/strong>Important! Podem trobar-nos amb barreres naturals al so o altres elements que canvien la percepci\u00f3 i l\u2019apreciaci\u00f3 d\u2019aquest. S\u2019han de tenir molt clars aquells elements que estaran presents i el seu possible efecte sobre la qualitat del so. <\/li><\/ul>\n\n\n\n<ul class=\"wp-block-list\"><li><strong>Ubicaci\u00f3 dels altaveus. <\/strong>Paral\u00b7lelament als elements de la sala, haur\u00e0s de decidir el lloc m\u00e9s adequat on col\u00b7locar els diversos dispositius de so. Aquesta decisi\u00f3 anir\u00e0 alineada amb la cerca de la m\u00e0xima qualitat d\u2019\u00e0udio possible i la certesa que el so s\u2019escolta correctament des de tots els punts de la sala. A m\u00e9s, s\u2019ha de tenir en compte la disposici\u00f3 y la col\u00b7locaci\u00f3 del cablejat dels elements de l\u2019equipament de so a l\u2019hora d\u2019instal\u00b7lar-los, per evitar problemes t\u00e8cnics o log\u00edstics. <\/li><\/ul>\n\n\n\n<ul class=\"wp-block-list\"><li><strong>El t\u00e8cnic i la taula de so. <\/strong>Han d\u2019estar en un espai ampli que permeti al t\u00e8cnic treballar c\u00f2modament i apreciar en tot moment la qualitat de l\u2019\u00e0udio perqu\u00e8 pugui realitzar les modificacions i correccions que vegi convenients abans i durant l\u2019esdeveniment. <a href=\"https:\/\/eikonos.com\/ca\/portfolio_page\/realitzacions-en-directe\/\">La figura del t\u00e8cnic<\/a> de so, doncs, \u00e9s b\u00e0sica per poder solucionar qualsevol problema que sorgeixi in situ. <\/li><\/ul>\n\n\n\n<p>Si vols assegurar els millors resultats, confia\nen empreses que realitzen esdeveniments audiovisuals perqu\u00e8 t\u2019assessorin sobre\nquin equipament de so \u00e9s l\u2019\u00f2ptim pel teu esdeveniment i deixa que se\u2019n facin\nc\u00e0rrec de tot. <\/p>\n\n\n\n<p><a href=\"https:\/\/eikonos.com\/ca\/contacte\/\">Contacta\namb nosaltres<\/a>!<\/p>\n","protected":false},"excerpt":{"rendered":"<p>De les tres disciplines audiovisuals per esdeveniments: il\u00b7luminaci\u00f3, v\u00eddeo i so, aquesta \u00faltima \u00e9s la&#8230;<\/p>\n","protected":false},"author":6,"featured_media":7109,"comment_status":"open","ping_status":"open","sticky":false,"template":"","format":"standard","meta":{"_acf_changed":false,"footnotes":""},"categories":[262],"tags":[],"class_list":["post-7128","post","type-post","status-publish","format-standard","has-post-thumbnail","hentry","category-lloguer-dequips"],"acf":[],"yoast_head":"<!-- This site is optimized with the Yoast SEO plugin v26.3 - https:\/\/yoast.com\/wordpress\/plugins\/seo\/ -->\n<title>Triar equipament de so d&#039;alta qualitat| EIKONOS<\/title>\n<meta name=\"description\" content=\"Volem explicar-te les claus a tenir en compte a l&#039;hora d&#039;escollir l&#039;equipament de so d&#039;alta qualitat m\u00e9s adequat i, aix\u00ed, evitar imprevistos\" \/>\n<meta name=\"robots\" content=\"index, follow, max-snippet:-1, max-image-preview:large, max-video-preview:-1\" \/>\n<link rel=\"canonical\" href=\"https:\/\/eikonos.com\/ca\/blog\/triar-equipament-so-alta-qualitat-2\/\" \/>\n<meta property=\"og:locale\" content=\"ca_ES\" \/>\n<meta property=\"og:type\" content=\"article\" \/>\n<meta property=\"og:title\" content=\"Triar equipament de so d&#039;alta qualitat| EIKONOS\" \/>\n<meta property=\"og:description\" content=\"Volem explicar-te les claus a tenir en compte a l&#039;hora d&#039;escollir l&#039;equipament de so d&#039;alta qualitat m\u00e9s adequat i, aix\u00ed, evitar imprevistos\" \/>\n<meta property=\"og:url\" content=\"https:\/\/eikonos.com\/ca\/blog\/triar-equipament-so-alta-qualitat-2\/\" \/>\n<meta property=\"og:site_name\" content=\"EIKONOS\" \/>\n<meta property=\"article:publisher\" content=\"http:\/\/www.facebook.com\/pages\/Eikonos\/176324785746790\" \/>\n<meta property=\"article:published_time\" content=\"2019-10-01T14:29:42+00:00\" \/>\n<meta property=\"og:image\" content=\"https:\/\/eikonos.com\/wp-content\/uploads\/2019\/10\/equipos-sonido-eikonos_-2.jpg\" \/>\n\t<meta property=\"og:image:width\" content=\"724\" \/>\n\t<meta property=\"og:image:height\" content=\"407\" \/>\n\t<meta property=\"og:image:type\" content=\"image\/jpeg\" \/>\n<meta name=\"author\" content=\"Xavi Eikonos\" \/>\n<meta name=\"twitter:card\" content=\"summary_large_image\" \/>\n<meta name=\"twitter:creator\" content=\"@eikonos_sa\" \/>\n<meta name=\"twitter:site\" content=\"@eikonos_sa\" \/>\n<meta name=\"twitter:label1\" content=\"Escrit per\" \/>\n\t<meta name=\"twitter:data1\" content=\"Xavi Eikonos\" \/>\n\t<meta name=\"twitter:label2\" content=\"Temps estimat de lectura\" \/>\n\t<meta name=\"twitter:data2\" content=\"4 minuts\" \/>\n<script type=\"application\/ld+json\" class=\"yoast-schema-graph\">{\"@context\":\"https:\/\/schema.org\",\"@graph\":[{\"@type\":\"Article\",\"@id\":\"https:\/\/eikonos.com\/ca\/blog\/triar-equipament-so-alta-qualitat-2\/#article\",\"isPartOf\":{\"@id\":\"https:\/\/eikonos.com\/ca\/blog\/triar-equipament-so-alta-qualitat-2\/\"},\"author\":{\"name\":\"Xavi Eikonos\",\"@id\":\"https:\/\/eikonos.com\/ca\/#\/schema\/person\/82032860cc314d826959b90595a5280a\"},\"headline\":\"Claus per triar un equipament de so d&#8217;alta qualitat\",\"datePublished\":\"2019-10-01T14:29:42+00:00\",\"mainEntityOfPage\":{\"@id\":\"https:\/\/eikonos.com\/ca\/blog\/triar-equipament-so-alta-qualitat-2\/\"},\"wordCount\":884,\"commentCount\":0,\"publisher\":{\"@id\":\"https:\/\/eikonos.com\/ca\/#organization\"},\"image\":{\"@id\":\"https:\/\/eikonos.com\/ca\/blog\/triar-equipament-so-alta-qualitat-2\/#primaryimage\"},\"thumbnailUrl\":\"https:\/\/eikonos.com\/wp-content\/uploads\/2019\/10\/equipos-sonido-eikonos_-2.jpg\",\"articleSection\":[\"Lloguer d'equips\"],\"inLanguage\":\"ca\",\"potentialAction\":[{\"@type\":\"CommentAction\",\"name\":\"Comment\",\"target\":[\"https:\/\/eikonos.com\/ca\/blog\/triar-equipament-so-alta-qualitat-2\/#respond\"]}]},{\"@type\":\"WebPage\",\"@id\":\"https:\/\/eikonos.com\/ca\/blog\/triar-equipament-so-alta-qualitat-2\/\",\"url\":\"https:\/\/eikonos.com\/ca\/blog\/triar-equipament-so-alta-qualitat-2\/\",\"name\":\"Triar equipament de so d'alta qualitat| EIKONOS\",\"isPartOf\":{\"@id\":\"https:\/\/eikonos.com\/ca\/#website\"},\"primaryImageOfPage\":{\"@id\":\"https:\/\/eikonos.com\/ca\/blog\/triar-equipament-so-alta-qualitat-2\/#primaryimage\"},\"image\":{\"@id\":\"https:\/\/eikonos.com\/ca\/blog\/triar-equipament-so-alta-qualitat-2\/#primaryimage\"},\"thumbnailUrl\":\"https:\/\/eikonos.com\/wp-content\/uploads\/2019\/10\/equipos-sonido-eikonos_-2.jpg\",\"datePublished\":\"2019-10-01T14:29:42+00:00\",\"description\":\"Volem explicar-te les claus a tenir en compte a l'hora d'escollir l'equipament de so d'alta qualitat m\u00e9s adequat i, aix\u00ed, evitar imprevistos\",\"breadcrumb\":{\"@id\":\"https:\/\/eikonos.com\/ca\/blog\/triar-equipament-so-alta-qualitat-2\/#breadcrumb\"},\"inLanguage\":\"ca\",\"potentialAction\":[{\"@type\":\"ReadAction\",\"target\":[\"https:\/\/eikonos.com\/ca\/blog\/triar-equipament-so-alta-qualitat-2\/\"]}]},{\"@type\":\"ImageObject\",\"inLanguage\":\"ca\",\"@id\":\"https:\/\/eikonos.com\/ca\/blog\/triar-equipament-so-alta-qualitat-2\/#primaryimage\",\"url\":\"https:\/\/eikonos.com\/wp-content\/uploads\/2019\/10\/equipos-sonido-eikonos_-2.jpg\",\"contentUrl\":\"https:\/\/eikonos.com\/wp-content\/uploads\/2019\/10\/equipos-sonido-eikonos_-2.jpg\",\"width\":724,\"height\":407,\"caption\":\"elegir equipo sonido alta calidad\"},{\"@type\":\"BreadcrumbList\",\"@id\":\"https:\/\/eikonos.com\/ca\/blog\/triar-equipament-so-alta-qualitat-2\/#breadcrumb\",\"itemListElement\":[{\"@type\":\"ListItem\",\"position\":1,\"name\":\"EIKONOS\",\"item\":\"https:\/\/eikonos.com\/ca\/inici\/\"},{\"@type\":\"ListItem\",\"position\":2,\"name\":\"Claus per triar un equipament de so d&#8217;alta qualitat\"}]},{\"@type\":\"WebSite\",\"@id\":\"https:\/\/eikonos.com\/ca\/#website\",\"url\":\"https:\/\/eikonos.com\/ca\/\",\"name\":\"EIKONOS\",\"description\":\"EXPERIENCIA AUDIOVISUAL\",\"publisher\":{\"@id\":\"https:\/\/eikonos.com\/ca\/#organization\"},\"potentialAction\":[{\"@type\":\"SearchAction\",\"target\":{\"@type\":\"EntryPoint\",\"urlTemplate\":\"https:\/\/eikonos.com\/ca\/?s={search_term_string}\"},\"query-input\":{\"@type\":\"PropertyValueSpecification\",\"valueRequired\":true,\"valueName\":\"search_term_string\"}}],\"inLanguage\":\"ca\"},{\"@type\":\"Organization\",\"@id\":\"https:\/\/eikonos.com\/ca\/#organization\",\"name\":\"EIKONOS | Servicios Audiovisuales, eventos y alquiler de equipos\",\"url\":\"https:\/\/eikonos.com\/ca\/\",\"logo\":{\"@type\":\"ImageObject\",\"inLanguage\":\"ca\",\"@id\":\"https:\/\/eikonos.com\/ca\/#\/schema\/logo\/image\/\",\"url\":\"https:\/\/eikonos.com\/wp-content\/uploads\/2020\/08\/logo-color.png\",\"contentUrl\":\"https:\/\/eikonos.com\/wp-content\/uploads\/2020\/08\/logo-color.png\",\"width\":376,\"height\":122,\"caption\":\"EIKONOS | Servicios Audiovisuales, eventos y alquiler de equipos\"},\"image\":{\"@id\":\"https:\/\/eikonos.com\/ca\/#\/schema\/logo\/image\/\"},\"sameAs\":[\"http:\/\/www.facebook.com\/pages\/Eikonos\/176324785746790\",\"https:\/\/x.com\/eikonos_sa\",\"http:\/\/www.linkedin.com\/company\/eikonos\",\"http:\/\/www.youtube.com\/channel\/UC8wcizWaAYbfsuqVf9wIT6w\"]},{\"@type\":\"Person\",\"@id\":\"https:\/\/eikonos.com\/ca\/#\/schema\/person\/82032860cc314d826959b90595a5280a\",\"name\":\"Xavi Eikonos\",\"image\":{\"@type\":\"ImageObject\",\"inLanguage\":\"ca\",\"@id\":\"https:\/\/eikonos.com\/ca\/#\/schema\/person\/image\/\",\"url\":\"https:\/\/secure.gravatar.com\/avatar\/a6c6b51dd0ac6902701aab24a914f6febe1518f94a5ae06db08b3d6107248dfd?s=96&d=mm&r=g\",\"contentUrl\":\"https:\/\/secure.gravatar.com\/avatar\/a6c6b51dd0ac6902701aab24a914f6febe1518f94a5ae06db08b3d6107248dfd?s=96&d=mm&r=g\",\"caption\":\"Xavi Eikonos\"}}]}<\/script>\n<!-- \/ Yoast SEO plugin. -->","yoast_head_json":{"title":"Triar equipament de so d'alta qualitat| EIKONOS","description":"Volem explicar-te les claus a tenir en compte a l'hora d'escollir l'equipament de so d'alta qualitat m\u00e9s adequat i, aix\u00ed, evitar imprevistos","robots":{"index":"index","follow":"follow","max-snippet":"max-snippet:-1","max-image-preview":"max-image-preview:large","max-video-preview":"max-video-preview:-1"},"canonical":"https:\/\/eikonos.com\/ca\/blog\/triar-equipament-so-alta-qualitat-2\/","og_locale":"ca_ES","og_type":"article","og_title":"Triar equipament de so d'alta qualitat| EIKONOS","og_description":"Volem explicar-te les claus a tenir en compte a l'hora d'escollir l'equipament de so d'alta qualitat m\u00e9s adequat i, aix\u00ed, evitar imprevistos","og_url":"https:\/\/eikonos.com\/ca\/blog\/triar-equipament-so-alta-qualitat-2\/","og_site_name":"EIKONOS","article_publisher":"http:\/\/www.facebook.com\/pages\/Eikonos\/176324785746790","article_published_time":"2019-10-01T14:29:42+00:00","og_image":[{"width":724,"height":407,"url":"https:\/\/eikonos.com\/wp-content\/uploads\/2019\/10\/equipos-sonido-eikonos_-2.jpg","type":"image\/jpeg"}],"author":"Xavi Eikonos","twitter_card":"summary_large_image","twitter_creator":"@eikonos_sa","twitter_site":"@eikonos_sa","twitter_misc":{"Escrit per":"Xavi Eikonos","Temps estimat de lectura":"4 minuts"},"schema":{"@context":"https:\/\/schema.org","@graph":[{"@type":"Article","@id":"https:\/\/eikonos.com\/ca\/blog\/triar-equipament-so-alta-qualitat-2\/#article","isPartOf":{"@id":"https:\/\/eikonos.com\/ca\/blog\/triar-equipament-so-alta-qualitat-2\/"},"author":{"name":"Xavi Eikonos","@id":"https:\/\/eikonos.com\/ca\/#\/schema\/person\/82032860cc314d826959b90595a5280a"},"headline":"Claus per triar un equipament de so d&#8217;alta qualitat","datePublished":"2019-10-01T14:29:42+00:00","mainEntityOfPage":{"@id":"https:\/\/eikonos.com\/ca\/blog\/triar-equipament-so-alta-qualitat-2\/"},"wordCount":884,"commentCount":0,"publisher":{"@id":"https:\/\/eikonos.com\/ca\/#organization"},"image":{"@id":"https:\/\/eikonos.com\/ca\/blog\/triar-equipament-so-alta-qualitat-2\/#primaryimage"},"thumbnailUrl":"https:\/\/eikonos.com\/wp-content\/uploads\/2019\/10\/equipos-sonido-eikonos_-2.jpg","articleSection":["Lloguer d'equips"],"inLanguage":"ca","potentialAction":[{"@type":"CommentAction","name":"Comment","target":["https:\/\/eikonos.com\/ca\/blog\/triar-equipament-so-alta-qualitat-2\/#respond"]}]},{"@type":"WebPage","@id":"https:\/\/eikonos.com\/ca\/blog\/triar-equipament-so-alta-qualitat-2\/","url":"https:\/\/eikonos.com\/ca\/blog\/triar-equipament-so-alta-qualitat-2\/","name":"Triar equipament de so d'alta qualitat| EIKONOS","isPartOf":{"@id":"https:\/\/eikonos.com\/ca\/#website"},"primaryImageOfPage":{"@id":"https:\/\/eikonos.com\/ca\/blog\/triar-equipament-so-alta-qualitat-2\/#primaryimage"},"image":{"@id":"https:\/\/eikonos.com\/ca\/blog\/triar-equipament-so-alta-qualitat-2\/#primaryimage"},"thumbnailUrl":"https:\/\/eikonos.com\/wp-content\/uploads\/2019\/10\/equipos-sonido-eikonos_-2.jpg","datePublished":"2019-10-01T14:29:42+00:00","description":"Volem explicar-te les claus a tenir en compte a l'hora d'escollir l'equipament de so d'alta qualitat m\u00e9s adequat i, aix\u00ed, evitar imprevistos","breadcrumb":{"@id":"https:\/\/eikonos.com\/ca\/blog\/triar-equipament-so-alta-qualitat-2\/#breadcrumb"},"inLanguage":"ca","potentialAction":[{"@type":"ReadAction","target":["https:\/\/eikonos.com\/ca\/blog\/triar-equipament-so-alta-qualitat-2\/"]}]},{"@type":"ImageObject","inLanguage":"ca","@id":"https:\/\/eikonos.com\/ca\/blog\/triar-equipament-so-alta-qualitat-2\/#primaryimage","url":"https:\/\/eikonos.com\/wp-content\/uploads\/2019\/10\/equipos-sonido-eikonos_-2.jpg","contentUrl":"https:\/\/eikonos.com\/wp-content\/uploads\/2019\/10\/equipos-sonido-eikonos_-2.jpg","width":724,"height":407,"caption":"elegir equipo sonido alta calidad"},{"@type":"BreadcrumbList","@id":"https:\/\/eikonos.com\/ca\/blog\/triar-equipament-so-alta-qualitat-2\/#breadcrumb","itemListElement":[{"@type":"ListItem","position":1,"name":"EIKONOS","item":"https:\/\/eikonos.com\/ca\/inici\/"},{"@type":"ListItem","position":2,"name":"Claus per triar un equipament de so d&#8217;alta qualitat"}]},{"@type":"WebSite","@id":"https:\/\/eikonos.com\/ca\/#website","url":"https:\/\/eikonos.com\/ca\/","name":"EIKONOS","description":"EXPERIENCIA AUDIOVISUAL","publisher":{"@id":"https:\/\/eikonos.com\/ca\/#organization"},"potentialAction":[{"@type":"SearchAction","target":{"@type":"EntryPoint","urlTemplate":"https:\/\/eikonos.com\/ca\/?s={search_term_string}"},"query-input":{"@type":"PropertyValueSpecification","valueRequired":true,"valueName":"search_term_string"}}],"inLanguage":"ca"},{"@type":"Organization","@id":"https:\/\/eikonos.com\/ca\/#organization","name":"EIKONOS | Servicios Audiovisuales, eventos y alquiler de equipos","url":"https:\/\/eikonos.com\/ca\/","logo":{"@type":"ImageObject","inLanguage":"ca","@id":"https:\/\/eikonos.com\/ca\/#\/schema\/logo\/image\/","url":"https:\/\/eikonos.com\/wp-content\/uploads\/2020\/08\/logo-color.png","contentUrl":"https:\/\/eikonos.com\/wp-content\/uploads\/2020\/08\/logo-color.png","width":376,"height":122,"caption":"EIKONOS | Servicios Audiovisuales, eventos y alquiler de equipos"},"image":{"@id":"https:\/\/eikonos.com\/ca\/#\/schema\/logo\/image\/"},"sameAs":["http:\/\/www.facebook.com\/pages\/Eikonos\/176324785746790","https:\/\/x.com\/eikonos_sa","http:\/\/www.linkedin.com\/company\/eikonos","http:\/\/www.youtube.com\/channel\/UC8wcizWaAYbfsuqVf9wIT6w"]},{"@type":"Person","@id":"https:\/\/eikonos.com\/ca\/#\/schema\/person\/82032860cc314d826959b90595a5280a","name":"Xavi Eikonos","image":{"@type":"ImageObject","inLanguage":"ca","@id":"https:\/\/eikonos.com\/ca\/#\/schema\/person\/image\/","url":"https:\/\/secure.gravatar.com\/avatar\/a6c6b51dd0ac6902701aab24a914f6febe1518f94a5ae06db08b3d6107248dfd?s=96&d=mm&r=g","contentUrl":"https:\/\/secure.gravatar.com\/avatar\/a6c6b51dd0ac6902701aab24a914f6febe1518f94a5ae06db08b3d6107248dfd?s=96&d=mm&r=g","caption":"Xavi Eikonos"}}]}},"_links":{"self":[{"href":"https:\/\/eikonos.com\/ca\/wp-json\/wp\/v2\/posts\/7128","targetHints":{"allow":["GET"]}}],"collection":[{"href":"https:\/\/eikonos.com\/ca\/wp-json\/wp\/v2\/posts"}],"about":[{"href":"https:\/\/eikonos.com\/ca\/wp-json\/wp\/v2\/types\/post"}],"author":[{"embeddable":true,"href":"https:\/\/eikonos.com\/ca\/wp-json\/wp\/v2\/users\/6"}],"replies":[{"embeddable":true,"href":"https:\/\/eikonos.com\/ca\/wp-json\/wp\/v2\/comments?post=7128"}],"version-history":[{"count":0,"href":"https:\/\/eikonos.com\/ca\/wp-json\/wp\/v2\/posts\/7128\/revisions"}],"wp:featuredmedia":[{"embeddable":true,"href":"https:\/\/eikonos.com\/ca\/wp-json\/wp\/v2\/media\/7109"}],"wp:attachment":[{"href":"https:\/\/eikonos.com\/ca\/wp-json\/wp\/v2\/media?parent=7128"}],"wp:term":[{"taxonomy":"category","embeddable":true,"href":"https:\/\/eikonos.com\/ca\/wp-json\/wp\/v2\/categories?post=7128"},{"taxonomy":"post_tag","embeddable":true,"href":"https:\/\/eikonos.com\/ca\/wp-json\/wp\/v2\/tags?post=7128"}],"curies":[{"name":"wp","href":"https:\/\/api.w.org\/{rel}","templated":true}]}}