{"id":7079,"date":"2019-09-10T10:21:21","date_gmt":"2019-09-10T08:21:21","guid":{"rendered":"https:\/\/eikonos.com\/?p=7079"},"modified":"2019-09-10T10:21:21","modified_gmt":"2019-09-10T08:21:21","slug":"errors-lloguer-material-audiovisual","status":"publish","type":"post","link":"https:\/\/eikonos.com\/ca\/blog\/errors-lloguer-material-audiovisual\/","title":{"rendered":"Errors a evitar sobre el lloguer de material audiovisual"},"content":{"rendered":"\n<p>El lloguer de material audiovisual per un esdeveniment pot semblar f\u00e0cil\nper\u00f2, res m\u00e9s lluny de la realitat. Donada la gran quantitat d\u2019oferta del\nmercat i la velocitat a la qual avan\u00e7a la tecnologia, es requereix <a href=\"https:\/\/eikonos.com\/ca\/nosaltres\/\">assessorament professional<\/a> per\nsaber els errors a evitar en el lloguer de material audiovisual. <\/p>\n\n\n\n<p>No series\nel primer que es confia en el muntatge, que no sap delegar, manipulaci\u00f3 inapropiada\nd\u2019equipaments de so, projectors que no serveixen per una sala de reunions o\ndeixar la gesti\u00f3 de micr\u00f2fons en mans inexpertes. Tot aix\u00f2, pot crear el caos\ndurant una pon\u00e8ncia o exposici\u00f3.<\/p>\n\n\n\n<p>En aquell\nmoment no hi ha gaire a fer, a no ser que haguem contractat la <a href=\"https:\/\/eikonos.com\/ca\/serveis\/lloguer-equips\/\">assist\u00e8ncia d\u2019un equip de\nt\u00e8cnics<\/a> amb experi\u00e8ncia. <\/p>\n\n\n\n<p>A Eikonos t\u2019ajudem a definir el <strong>material audiovisual<\/strong> que necessites. Aix\u00ed nom\u00e9s t\u2019haur\u00e0s de preocupar pel control de l\u2019esdeveniment i de que tot surti segons el que s\u2019ha planejat. <\/p>\n\n\n\n<div style=\"height:40px\" aria-hidden=\"true\" class=\"wp-block-spacer\"><\/div>\n\n\n\n<h2 style=\"color:#f20000;\">Errors m\u00e9s comuns en el lloguer de material audiovisual<\/h2>\n\n\n\n<ul class=\"wp-block-list\"><li><strong>Abs\u00e8ncia de signatura d\u2019un contracte<\/strong>: quan s\u2019efectua el lloguer de material audiovisual, moltes vegades s\u2019obvia l\u2019elaboraci\u00f3 d\u2019un document on es determini en detall el tipus d\u2019equipament i durant quant de temps ser\u00e0 utilitzat. En molts casos prevalen les presses que no ajuden quan hi ha un desperfecte en el material que no hav\u00edem vist o sorgeix un contratemps i desconeixem les conseq\u00fc\u00e8ncies.<\/li><\/ul>\n\n\n\n<ul class=\"wp-block-list\"><li><strong>No tenir un pressupost definit<\/strong>: determina de quants diners disposes pel lloguer de material audiovisual. Tal com tens molt clares les partides pressupost\u00e0ries per altres aspectes com el m\u00e0rqueting, personal, lloguer del local, decoraci\u00f3, ponents&#8230; inclou des del principi el cost del material. <\/li><\/ul>\n\n\n\n<div style=\"height:40px\" aria-hidden=\"true\" class=\"wp-block-spacer\"><\/div>\n\n\n\n<p>Els productes\naudiovisuals, com les llums, el so o les imatges influeixen directament en les\nemocions aix\u00ed que no s\u2019ha de subestimar el material audiovisual, perqu\u00e8 d\u2019ell\ndependr\u00e0 en part l\u2019\u00e8xit de l\u2019esdeveniment i la percepci\u00f3 que el p\u00fablic o els\nclients tenen d\u2019aquest, i de la teva marca. <\/p>\n\n\n\n<ul class=\"wp-block-list\"><li><strong>Triar la primera empresa<\/strong>: generalment es fa la contractaci\u00f3 del lloguer a la primera empresa que ens recomanen tot i que no sabem si realment s\u2019ajusta a les nostres necessitats. Estudia altres possibilitats del mercat, consulta els anys d\u2019experi\u00e8ncia que aquesta porta en el mon de la producci\u00f3 d\u2019esdeveniments, amb quin tipus de clients ha operat, l\u2019envergadura dels esdeveniments en els quals ha participat&#8230;<\/li><\/ul>\n\n\n\n<ul class=\"wp-block-list\"><li><strong>Triar el m\u00e9s barat<\/strong>. De la mateixa manera que mai escolliries una sala d\u2019actes pel preu, no prenguis la decisi\u00f3 d\u2019aquesta manera quan parlem de lloguer de material. Dins el m\u00f3n de la tecnologia, comptem amb un ventall molt gran de possibilitats. Tampoc es tracta de triar el m\u00e9s car, sin\u00f3 de saber escollir la millor soluci\u00f3 a les nostres necessitats. En aix\u00f2 influeix el tipus d\u2019esdeveniment, la mida, nombre d\u2019assistents, si \u00e9s en un espai tancat o a l\u2019aire lliure, &nbsp;si necessitem traductors, si hi haur\u00e0 ponents, la mida de les pantalles\u2026<\/li><\/ul>\n\n\n\n<p>Tens dubtes i t\u2019agradaria comptar amb una valoraci\u00f3 professional? Parlem-ne!<\/p>\n","protected":false},"excerpt":{"rendered":"<p>El lloguer de material audiovisual per un esdeveniment pot semblar f\u00e0cil per\u00f2, res m\u00e9s lluny&#8230;<\/p>\n","protected":false},"author":6,"featured_media":7072,"comment_status":"open","ping_status":"open","sticky":false,"template":"","format":"standard","meta":{"_acf_changed":false,"footnotes":""},"categories":[262],"tags":[],"class_list":["post-7079","post","type-post","status-publish","format-standard","has-post-thumbnail","hentry","category-lloguer-dequips"],"acf":[],"yoast_head":"<!-- This site is optimized with the Yoast SEO plugin v26.3 - https:\/\/yoast.com\/wordpress\/plugins\/seo\/ -->\n<title>Lloguer material audiovisual| EIKONOS<\/title>\n<meta name=\"description\" content=\"Donada la gran quantitat d&#039;oferta al mercat, es requereix assessorament professional per evitar errors en el lloguer de material audiovisual.\" \/>\n<meta name=\"robots\" content=\"index, follow, max-snippet:-1, max-image-preview:large, max-video-preview:-1\" \/>\n<link rel=\"canonical\" href=\"https:\/\/eikonos.com\/ca\/blog\/errors-lloguer-material-audiovisual\/\" \/>\n<meta property=\"og:locale\" content=\"ca_ES\" \/>\n<meta property=\"og:type\" content=\"article\" \/>\n<meta property=\"og:title\" content=\"Lloguer material audiovisual| EIKONOS\" \/>\n<meta property=\"og:description\" content=\"Donada la gran quantitat d&#039;oferta al mercat, es requereix assessorament professional per evitar errors en el lloguer de material audiovisual.\" \/>\n<meta property=\"og:url\" content=\"https:\/\/eikonos.com\/ca\/blog\/errors-lloguer-material-audiovisual\/\" \/>\n<meta property=\"og:site_name\" content=\"EIKONOS\" \/>\n<meta property=\"article:publisher\" content=\"http:\/\/www.facebook.com\/pages\/Eikonos\/176324785746790\" \/>\n<meta property=\"article:published_time\" content=\"2019-09-10T08:21:21+00:00\" \/>\n<meta property=\"og:image\" content=\"https:\/\/eikonos.com\/wp-content\/uploads\/2019\/09\/errores-alquiler-material-audiovisual-1.jpg\" \/>\n\t<meta property=\"og:image:width\" content=\"724\" \/>\n\t<meta property=\"og:image:height\" content=\"407\" \/>\n\t<meta property=\"og:image:type\" content=\"image\/jpeg\" \/>\n<meta name=\"author\" content=\"Xavi Eikonos\" \/>\n<meta name=\"twitter:card\" content=\"summary_large_image\" \/>\n<meta name=\"twitter:creator\" content=\"@eikonos_sa\" \/>\n<meta name=\"twitter:site\" content=\"@eikonos_sa\" \/>\n<meta name=\"twitter:label1\" content=\"Escrit per\" \/>\n\t<meta name=\"twitter:data1\" content=\"Xavi Eikonos\" \/>\n\t<meta name=\"twitter:label2\" content=\"Temps estimat de lectura\" \/>\n\t<meta name=\"twitter:data2\" content=\"3 minuts\" \/>\n<script type=\"application\/ld+json\" class=\"yoast-schema-graph\">{\"@context\":\"https:\/\/schema.org\",\"@graph\":[{\"@type\":\"Article\",\"@id\":\"https:\/\/eikonos.com\/ca\/blog\/errors-lloguer-material-audiovisual\/#article\",\"isPartOf\":{\"@id\":\"https:\/\/eikonos.com\/ca\/blog\/errors-lloguer-material-audiovisual\/\"},\"author\":{\"name\":\"Xavi Eikonos\",\"@id\":\"https:\/\/eikonos.com\/ca\/#\/schema\/person\/82032860cc314d826959b90595a5280a\"},\"headline\":\"Errors a evitar sobre el lloguer de material audiovisual\",\"datePublished\":\"2019-09-10T08:21:21+00:00\",\"mainEntityOfPage\":{\"@id\":\"https:\/\/eikonos.com\/ca\/blog\/errors-lloguer-material-audiovisual\/\"},\"wordCount\":539,\"commentCount\":0,\"publisher\":{\"@id\":\"https:\/\/eikonos.com\/ca\/#organization\"},\"image\":{\"@id\":\"https:\/\/eikonos.com\/ca\/blog\/errors-lloguer-material-audiovisual\/#primaryimage\"},\"thumbnailUrl\":\"https:\/\/eikonos.com\/wp-content\/uploads\/2019\/09\/errores-alquiler-material-audiovisual-1.jpg\",\"articleSection\":[\"Lloguer d'equips\"],\"inLanguage\":\"ca\",\"potentialAction\":[{\"@type\":\"CommentAction\",\"name\":\"Comment\",\"target\":[\"https:\/\/eikonos.com\/ca\/blog\/errors-lloguer-material-audiovisual\/#respond\"]}]},{\"@type\":\"WebPage\",\"@id\":\"https:\/\/eikonos.com\/ca\/blog\/errors-lloguer-material-audiovisual\/\",\"url\":\"https:\/\/eikonos.com\/ca\/blog\/errors-lloguer-material-audiovisual\/\",\"name\":\"Lloguer material audiovisual| EIKONOS\",\"isPartOf\":{\"@id\":\"https:\/\/eikonos.com\/ca\/#website\"},\"primaryImageOfPage\":{\"@id\":\"https:\/\/eikonos.com\/ca\/blog\/errors-lloguer-material-audiovisual\/#primaryimage\"},\"image\":{\"@id\":\"https:\/\/eikonos.com\/ca\/blog\/errors-lloguer-material-audiovisual\/#primaryimage\"},\"thumbnailUrl\":\"https:\/\/eikonos.com\/wp-content\/uploads\/2019\/09\/errores-alquiler-material-audiovisual-1.jpg\",\"datePublished\":\"2019-09-10T08:21:21+00:00\",\"description\":\"Donada la gran quantitat d'oferta al mercat, es requereix assessorament professional per evitar errors en el lloguer de material audiovisual.\",\"breadcrumb\":{\"@id\":\"https:\/\/eikonos.com\/ca\/blog\/errors-lloguer-material-audiovisual\/#breadcrumb\"},\"inLanguage\":\"ca\",\"potentialAction\":[{\"@type\":\"ReadAction\",\"target\":[\"https:\/\/eikonos.com\/ca\/blog\/errors-lloguer-material-audiovisual\/\"]}]},{\"@type\":\"ImageObject\",\"inLanguage\":\"ca\",\"@id\":\"https:\/\/eikonos.com\/ca\/blog\/errors-lloguer-material-audiovisual\/#primaryimage\",\"url\":\"https:\/\/eikonos.com\/wp-content\/uploads\/2019\/09\/errores-alquiler-material-audiovisual-1.jpg\",\"contentUrl\":\"https:\/\/eikonos.com\/wp-content\/uploads\/2019\/09\/errores-alquiler-material-audiovisual-1.jpg\",\"width\":724,\"height\":407,\"caption\":\"errores alquiler material audiovisual\"},{\"@type\":\"BreadcrumbList\",\"@id\":\"https:\/\/eikonos.com\/ca\/blog\/errors-lloguer-material-audiovisual\/#breadcrumb\",\"itemListElement\":[{\"@type\":\"ListItem\",\"position\":1,\"name\":\"EIKONOS\",\"item\":\"https:\/\/eikonos.com\/ca\/inici\/\"},{\"@type\":\"ListItem\",\"position\":2,\"name\":\"Errors a evitar sobre el lloguer de material audiovisual\"}]},{\"@type\":\"WebSite\",\"@id\":\"https:\/\/eikonos.com\/ca\/#website\",\"url\":\"https:\/\/eikonos.com\/ca\/\",\"name\":\"EIKONOS\",\"description\":\"EXPERIENCIA AUDIOVISUAL\",\"publisher\":{\"@id\":\"https:\/\/eikonos.com\/ca\/#organization\"},\"potentialAction\":[{\"@type\":\"SearchAction\",\"target\":{\"@type\":\"EntryPoint\",\"urlTemplate\":\"https:\/\/eikonos.com\/ca\/?s={search_term_string}\"},\"query-input\":{\"@type\":\"PropertyValueSpecification\",\"valueRequired\":true,\"valueName\":\"search_term_string\"}}],\"inLanguage\":\"ca\"},{\"@type\":\"Organization\",\"@id\":\"https:\/\/eikonos.com\/ca\/#organization\",\"name\":\"EIKONOS | Servicios Audiovisuales, eventos y alquiler de equipos\",\"url\":\"https:\/\/eikonos.com\/ca\/\",\"logo\":{\"@type\":\"ImageObject\",\"inLanguage\":\"ca\",\"@id\":\"https:\/\/eikonos.com\/ca\/#\/schema\/logo\/image\/\",\"url\":\"https:\/\/eikonos.com\/wp-content\/uploads\/2020\/08\/logo-color.png\",\"contentUrl\":\"https:\/\/eikonos.com\/wp-content\/uploads\/2020\/08\/logo-color.png\",\"width\":376,\"height\":122,\"caption\":\"EIKONOS | Servicios Audiovisuales, eventos y alquiler de equipos\"},\"image\":{\"@id\":\"https:\/\/eikonos.com\/ca\/#\/schema\/logo\/image\/\"},\"sameAs\":[\"http:\/\/www.facebook.com\/pages\/Eikonos\/176324785746790\",\"https:\/\/x.com\/eikonos_sa\",\"http:\/\/www.linkedin.com\/company\/eikonos\",\"http:\/\/www.youtube.com\/channel\/UC8wcizWaAYbfsuqVf9wIT6w\"]},{\"@type\":\"Person\",\"@id\":\"https:\/\/eikonos.com\/ca\/#\/schema\/person\/82032860cc314d826959b90595a5280a\",\"name\":\"Xavi Eikonos\",\"image\":{\"@type\":\"ImageObject\",\"inLanguage\":\"ca\",\"@id\":\"https:\/\/eikonos.com\/ca\/#\/schema\/person\/image\/\",\"url\":\"https:\/\/secure.gravatar.com\/avatar\/a6c6b51dd0ac6902701aab24a914f6febe1518f94a5ae06db08b3d6107248dfd?s=96&d=mm&r=g\",\"contentUrl\":\"https:\/\/secure.gravatar.com\/avatar\/a6c6b51dd0ac6902701aab24a914f6febe1518f94a5ae06db08b3d6107248dfd?s=96&d=mm&r=g\",\"caption\":\"Xavi Eikonos\"}}]}<\/script>\n<!-- \/ Yoast SEO plugin. -->","yoast_head_json":{"title":"Lloguer material audiovisual| EIKONOS","description":"Donada la gran quantitat d'oferta al mercat, es requereix assessorament professional per evitar errors en el lloguer de material audiovisual.","robots":{"index":"index","follow":"follow","max-snippet":"max-snippet:-1","max-image-preview":"max-image-preview:large","max-video-preview":"max-video-preview:-1"},"canonical":"https:\/\/eikonos.com\/ca\/blog\/errors-lloguer-material-audiovisual\/","og_locale":"ca_ES","og_type":"article","og_title":"Lloguer material audiovisual| EIKONOS","og_description":"Donada la gran quantitat d'oferta al mercat, es requereix assessorament professional per evitar errors en el lloguer de material audiovisual.","og_url":"https:\/\/eikonos.com\/ca\/blog\/errors-lloguer-material-audiovisual\/","og_site_name":"EIKONOS","article_publisher":"http:\/\/www.facebook.com\/pages\/Eikonos\/176324785746790","article_published_time":"2019-09-10T08:21:21+00:00","og_image":[{"width":724,"height":407,"url":"https:\/\/eikonos.com\/wp-content\/uploads\/2019\/09\/errores-alquiler-material-audiovisual-1.jpg","type":"image\/jpeg"}],"author":"Xavi Eikonos","twitter_card":"summary_large_image","twitter_creator":"@eikonos_sa","twitter_site":"@eikonos_sa","twitter_misc":{"Escrit per":"Xavi Eikonos","Temps estimat de lectura":"3 minuts"},"schema":{"@context":"https:\/\/schema.org","@graph":[{"@type":"Article","@id":"https:\/\/eikonos.com\/ca\/blog\/errors-lloguer-material-audiovisual\/#article","isPartOf":{"@id":"https:\/\/eikonos.com\/ca\/blog\/errors-lloguer-material-audiovisual\/"},"author":{"name":"Xavi Eikonos","@id":"https:\/\/eikonos.com\/ca\/#\/schema\/person\/82032860cc314d826959b90595a5280a"},"headline":"Errors a evitar sobre el lloguer de material audiovisual","datePublished":"2019-09-10T08:21:21+00:00","mainEntityOfPage":{"@id":"https:\/\/eikonos.com\/ca\/blog\/errors-lloguer-material-audiovisual\/"},"wordCount":539,"commentCount":0,"publisher":{"@id":"https:\/\/eikonos.com\/ca\/#organization"},"image":{"@id":"https:\/\/eikonos.com\/ca\/blog\/errors-lloguer-material-audiovisual\/#primaryimage"},"thumbnailUrl":"https:\/\/eikonos.com\/wp-content\/uploads\/2019\/09\/errores-alquiler-material-audiovisual-1.jpg","articleSection":["Lloguer d'equips"],"inLanguage":"ca","potentialAction":[{"@type":"CommentAction","name":"Comment","target":["https:\/\/eikonos.com\/ca\/blog\/errors-lloguer-material-audiovisual\/#respond"]}]},{"@type":"WebPage","@id":"https:\/\/eikonos.com\/ca\/blog\/errors-lloguer-material-audiovisual\/","url":"https:\/\/eikonos.com\/ca\/blog\/errors-lloguer-material-audiovisual\/","name":"Lloguer material audiovisual| EIKONOS","isPartOf":{"@id":"https:\/\/eikonos.com\/ca\/#website"},"primaryImageOfPage":{"@id":"https:\/\/eikonos.com\/ca\/blog\/errors-lloguer-material-audiovisual\/#primaryimage"},"image":{"@id":"https:\/\/eikonos.com\/ca\/blog\/errors-lloguer-material-audiovisual\/#primaryimage"},"thumbnailUrl":"https:\/\/eikonos.com\/wp-content\/uploads\/2019\/09\/errores-alquiler-material-audiovisual-1.jpg","datePublished":"2019-09-10T08:21:21+00:00","description":"Donada la gran quantitat d'oferta al mercat, es requereix assessorament professional per evitar errors en el lloguer de material audiovisual.","breadcrumb":{"@id":"https:\/\/eikonos.com\/ca\/blog\/errors-lloguer-material-audiovisual\/#breadcrumb"},"inLanguage":"ca","potentialAction":[{"@type":"ReadAction","target":["https:\/\/eikonos.com\/ca\/blog\/errors-lloguer-material-audiovisual\/"]}]},{"@type":"ImageObject","inLanguage":"ca","@id":"https:\/\/eikonos.com\/ca\/blog\/errors-lloguer-material-audiovisual\/#primaryimage","url":"https:\/\/eikonos.com\/wp-content\/uploads\/2019\/09\/errores-alquiler-material-audiovisual-1.jpg","contentUrl":"https:\/\/eikonos.com\/wp-content\/uploads\/2019\/09\/errores-alquiler-material-audiovisual-1.jpg","width":724,"height":407,"caption":"errores alquiler material audiovisual"},{"@type":"BreadcrumbList","@id":"https:\/\/eikonos.com\/ca\/blog\/errors-lloguer-material-audiovisual\/#breadcrumb","itemListElement":[{"@type":"ListItem","position":1,"name":"EIKONOS","item":"https:\/\/eikonos.com\/ca\/inici\/"},{"@type":"ListItem","position":2,"name":"Errors a evitar sobre el lloguer de material audiovisual"}]},{"@type":"WebSite","@id":"https:\/\/eikonos.com\/ca\/#website","url":"https:\/\/eikonos.com\/ca\/","name":"EIKONOS","description":"EXPERIENCIA AUDIOVISUAL","publisher":{"@id":"https:\/\/eikonos.com\/ca\/#organization"},"potentialAction":[{"@type":"SearchAction","target":{"@type":"EntryPoint","urlTemplate":"https:\/\/eikonos.com\/ca\/?s={search_term_string}"},"query-input":{"@type":"PropertyValueSpecification","valueRequired":true,"valueName":"search_term_string"}}],"inLanguage":"ca"},{"@type":"Organization","@id":"https:\/\/eikonos.com\/ca\/#organization","name":"EIKONOS | Servicios Audiovisuales, eventos y alquiler de equipos","url":"https:\/\/eikonos.com\/ca\/","logo":{"@type":"ImageObject","inLanguage":"ca","@id":"https:\/\/eikonos.com\/ca\/#\/schema\/logo\/image\/","url":"https:\/\/eikonos.com\/wp-content\/uploads\/2020\/08\/logo-color.png","contentUrl":"https:\/\/eikonos.com\/wp-content\/uploads\/2020\/08\/logo-color.png","width":376,"height":122,"caption":"EIKONOS | Servicios Audiovisuales, eventos y alquiler de equipos"},"image":{"@id":"https:\/\/eikonos.com\/ca\/#\/schema\/logo\/image\/"},"sameAs":["http:\/\/www.facebook.com\/pages\/Eikonos\/176324785746790","https:\/\/x.com\/eikonos_sa","http:\/\/www.linkedin.com\/company\/eikonos","http:\/\/www.youtube.com\/channel\/UC8wcizWaAYbfsuqVf9wIT6w"]},{"@type":"Person","@id":"https:\/\/eikonos.com\/ca\/#\/schema\/person\/82032860cc314d826959b90595a5280a","name":"Xavi Eikonos","image":{"@type":"ImageObject","inLanguage":"ca","@id":"https:\/\/eikonos.com\/ca\/#\/schema\/person\/image\/","url":"https:\/\/secure.gravatar.com\/avatar\/a6c6b51dd0ac6902701aab24a914f6febe1518f94a5ae06db08b3d6107248dfd?s=96&d=mm&r=g","contentUrl":"https:\/\/secure.gravatar.com\/avatar\/a6c6b51dd0ac6902701aab24a914f6febe1518f94a5ae06db08b3d6107248dfd?s=96&d=mm&r=g","caption":"Xavi Eikonos"}}]}},"_links":{"self":[{"href":"https:\/\/eikonos.com\/ca\/wp-json\/wp\/v2\/posts\/7079","targetHints":{"allow":["GET"]}}],"collection":[{"href":"https:\/\/eikonos.com\/ca\/wp-json\/wp\/v2\/posts"}],"about":[{"href":"https:\/\/eikonos.com\/ca\/wp-json\/wp\/v2\/types\/post"}],"author":[{"embeddable":true,"href":"https:\/\/eikonos.com\/ca\/wp-json\/wp\/v2\/users\/6"}],"replies":[{"embeddable":true,"href":"https:\/\/eikonos.com\/ca\/wp-json\/wp\/v2\/comments?post=7079"}],"version-history":[{"count":0,"href":"https:\/\/eikonos.com\/ca\/wp-json\/wp\/v2\/posts\/7079\/revisions"}],"wp:featuredmedia":[{"embeddable":true,"href":"https:\/\/eikonos.com\/ca\/wp-json\/wp\/v2\/media\/7072"}],"wp:attachment":[{"href":"https:\/\/eikonos.com\/ca\/wp-json\/wp\/v2\/media?parent=7079"}],"wp:term":[{"taxonomy":"category","embeddable":true,"href":"https:\/\/eikonos.com\/ca\/wp-json\/wp\/v2\/categories?post=7079"},{"taxonomy":"post_tag","embeddable":true,"href":"https:\/\/eikonos.com\/ca\/wp-json\/wp\/v2\/tags?post=7079"}],"curies":[{"name":"wp","href":"https:\/\/api.w.org\/{rel}","templated":true}]}}