{"id":7061,"date":"2019-09-03T16:11:52","date_gmt":"2019-09-03T14:11:52","guid":{"rendered":"https:\/\/eikonos.com\/?p=7061"},"modified":"2019-09-03T16:11:52","modified_gmt":"2019-09-03T14:11:52","slug":"emetre-esdeveniment-empresarial-streaming","status":"publish","type":"post","link":"https:\/\/eikonos.com\/ca\/blog\/emetre-esdeveniment-empresarial-streaming\/","title":{"rendered":"Per qu\u00e8 haig d\u2019emetre un esdeveniment empresarial en streaming?"},"content":{"rendered":"\n<p>Els\nesdeveniments corporatius continuen sent un imprescindible en les agendes del\nnou curs empresarial. Generen confian\u00e7a i ajuden a divulgar les nostres bondats\ni a vendre productes. \u00c9s una manera seriosa i respectable de relacionar-nos amb\ndistribu\u00efdors, prove\u00efdors i clients. Per\u00f2 els temps han canviat i, emetre un\nesdeveniment empresarial en streaming, ens ajudar\u00e0 a arribar a tothom amb un\nsol click.<\/p>\n\n\n\n<p>Igual que\nen un acte a nivell presencial, en una emissi\u00f3 digital no podem deixar res per\nfer, compte sempre amb professionals amb experi\u00e8ncia en <a href=\"https:\/\/eikonos.com\/ca\/portfolio_page\/streaming\/\">streaming per a\nesdeveniments empresarials<\/a> perqu\u00e8 no s\u2019escapi cap detall.<\/p>\n\n\n\n<p>L\u2019emissi\u00f3 d\u2019un\n<strong>esdeveniment empresarial via streaming<\/strong>\nens d\u00f3na l\u2019oportunitat d\u2019ampliar d\u2019una manera significativa la pres\u00e8ncia online\nde la nostra empresa i\/o marca, aix\u00ed com l\u2019audi\u00e8ncia dels nostres continguts.<\/p>\n\n\n\n<p>Planteja el <strong>streaming com un canal de comunicaci\u00f3 rentable i efectiu<\/strong>, ja que a m\u00e9s de ser possible realitzar-lo amb un cost assequible, si arribem a ser prou creatius ens pot oferir molt\u00edssimes possibilitats de personalitzaci\u00f3. Ara b\u00e9, si l\u2019esdeveniment \u00e9s dut a terme per una empresa que brindi <a href=\"https:\/\/eikonos.com\/ca\/serveis\/lloguer-equips\/\">serveis de streaming professional<\/a> i es realitza una campanya de difusi\u00f3 pr\u00e8via, \u00e9s m\u00e9s f\u00e0cil que els continguts arribin a m\u00e9s n\u00ednxols. <\/p>\n\n\n\n<div style=\"height:40px\" aria-hidden=\"true\" class=\"wp-block-spacer\"><\/div>\n\n\n\n<h2 style=\"color:#f20000;\">Raons per a emetre un esdeveniment empresarial en streaming<\/h2>\n\n\n\n<ul class=\"wp-block-list\"><li><strong>Major impacte i abast: <\/strong>quan emets el teu esdeveniment\nempresarial en streaming augmentes el seu impacte, la seva difusi\u00f3 i el n\u00famero\nde la seva audi\u00e8ncia, la qual cosa es tradueix en un major abast. Gr\u00e0cies a les\nxarxes socials i el seu poder de segmentaci\u00f3, podem augmentar l\u2019abast publicant\nprimer l\u2019esdeveniment a la nostra fan page i despr\u00e9s promocionar-la. Aix\u00ed,\ntenim l\u2019oportunitat d\u2019obrir nous n\u00ednxols de mercat, arribar a p\u00fablics d\u2019altres\nedats o incidir en la nostra audi\u00e8ncia actual a trav\u00e9s de missatges\npersonalitzats i remarketing.<\/li><li><strong>Interaccions:<\/strong> el simple fet de compartir la transmissi\u00f3 del teu\nesdeveniment en xarxes socials permet que puguin fer comentaris en directe,\nconversar i establir una conversa de tu a tu que amb altres canals publicitaris\n\u00e9s impossible d\u2019aconseguir.<\/li><li><strong>Prolonga la vida de l\u2019esdeveniment<\/strong>: pots reemetre l\u2019esdeveniment,\ndonar l\u2019oportunitat que es vegi en diferit, enviar un enlla\u00e7 per mailing&#8230; en\ndefinitiva, la gravaci\u00f3 t\u00e9 vida m\u00e9s enll\u00e0 de l\u2019acte en si. <\/li><li><strong>F\u00e0cil accessibilitat<\/strong>: al teu esdeveniment pot veure\u2019s\nen qualsevol part del m\u00f3n. Digues ad\u00e9u a les barreres geogr\u00e0fiques que et limitaven\nfins ara.<\/li><li><strong>Possible rendibilitzaci\u00f3 del contingut<\/strong>: les empreses poden introduir\nanuncis i fins i tot cobrar per subscripci\u00f3 o drets de transmissi\u00f3 en altres\nllocs webs que es trobin interessats en compartir el contingut de l\u2019esdeveniment.<\/li><\/ul>\n\n\n\n<p>Ara que ja coneixes algunes\ndels <a href=\"https:\/\/eikonos.com\/ca\/?p=4416\">avantatges d\u2019emetre un\nesdeveniment empresarial en streaming<\/a>, no tens excuses per a no comen\u00e7ar a\nfer \u00fas d\u2019aquesta eina de comunicaci\u00f3 tan potent.<\/p>\n\n\n\n<p><strong>Vols m\u00e9s informaci\u00f3 sobre solucions tecnol\u00f2giques i tarifes? <\/strong><\/p>\n\n\n\n<p><a href=\"https:\/\/eikonos.com\/ca\/\"><em>Parlem! <\/em><\/a><\/p>\n","protected":false},"excerpt":{"rendered":"<p>Els esdeveniments corporatius continuen sent un imprescindible en les agendes del nou curs empresarial. Generen&#8230;<\/p>\n","protected":false},"author":6,"featured_media":7051,"comment_status":"open","ping_status":"open","sticky":false,"template":"","format":"standard","meta":{"_acf_changed":false,"footnotes":""},"categories":[338],"tags":[],"class_list":["post-7061","post","type-post","status-publish","format-standard","has-post-thumbnail","hentry","category-tendencies"],"acf":[],"yoast_head":"<!-- This site is optimized with the Yoast SEO plugin v26.3 - https:\/\/yoast.com\/wordpress\/plugins\/seo\/ -->\n<title>Emetre esdeveniments empresarials en streaming<\/title>\n<meta name=\"description\" content=\"Emetre els esdeveniments empresarials en streaming, ens ajudar\u00e0 a arribar a tot el m\u00f3n amb un sol click. A m\u00e9s, ajuda a divulgar la teva marca o negoci.\" \/>\n<meta name=\"robots\" content=\"index, follow, max-snippet:-1, max-image-preview:large, max-video-preview:-1\" \/>\n<link rel=\"canonical\" href=\"https:\/\/eikonos.com\/ca\/blog\/emetre-esdeveniment-empresarial-streaming\/\" \/>\n<meta property=\"og:locale\" content=\"ca_ES\" \/>\n<meta property=\"og:type\" content=\"article\" \/>\n<meta property=\"og:title\" content=\"Emetre esdeveniments empresarials en streaming\" \/>\n<meta property=\"og:description\" content=\"Emetre els esdeveniments empresarials en streaming, ens ajudar\u00e0 a arribar a tot el m\u00f3n amb un sol click. A m\u00e9s, ajuda a divulgar la teva marca o negoci.\" \/>\n<meta property=\"og:url\" content=\"https:\/\/eikonos.com\/ca\/blog\/emetre-esdeveniment-empresarial-streaming\/\" \/>\n<meta property=\"og:site_name\" content=\"EIKONOS\" \/>\n<meta property=\"article:publisher\" content=\"http:\/\/www.facebook.com\/pages\/Eikonos\/176324785746790\" \/>\n<meta property=\"article:published_time\" content=\"2019-09-03T14:11:52+00:00\" \/>\n<meta property=\"og:image\" content=\"https:\/\/eikonos.com\/wp-content\/uploads\/2019\/09\/emitir-video-empresarial-streaming-1.jpg\" \/>\n\t<meta property=\"og:image:width\" content=\"724\" \/>\n\t<meta property=\"og:image:height\" content=\"407\" \/>\n\t<meta property=\"og:image:type\" content=\"image\/jpeg\" \/>\n<meta name=\"author\" content=\"Xavi Eikonos\" \/>\n<meta name=\"twitter:card\" content=\"summary_large_image\" \/>\n<meta name=\"twitter:creator\" content=\"@eikonos_sa\" \/>\n<meta name=\"twitter:site\" content=\"@eikonos_sa\" \/>\n<meta name=\"twitter:label1\" content=\"Escrit per\" \/>\n\t<meta name=\"twitter:data1\" content=\"Xavi Eikonos\" \/>\n\t<meta name=\"twitter:label2\" content=\"Temps estimat de lectura\" \/>\n\t<meta name=\"twitter:data2\" content=\"3 minuts\" \/>\n<script type=\"application\/ld+json\" class=\"yoast-schema-graph\">{\"@context\":\"https:\/\/schema.org\",\"@graph\":[{\"@type\":\"Article\",\"@id\":\"https:\/\/eikonos.com\/ca\/blog\/emetre-esdeveniment-empresarial-streaming\/#article\",\"isPartOf\":{\"@id\":\"https:\/\/eikonos.com\/ca\/blog\/emetre-esdeveniment-empresarial-streaming\/\"},\"author\":{\"name\":\"Xavi Eikonos\",\"@id\":\"https:\/\/eikonos.com\/ca\/#\/schema\/person\/82032860cc314d826959b90595a5280a\"},\"headline\":\"Per qu\u00e8 haig d\u2019emetre un esdeveniment empresarial en streaming?\",\"datePublished\":\"2019-09-03T14:11:52+00:00\",\"mainEntityOfPage\":{\"@id\":\"https:\/\/eikonos.com\/ca\/blog\/emetre-esdeveniment-empresarial-streaming\/\"},\"wordCount\":520,\"commentCount\":0,\"publisher\":{\"@id\":\"https:\/\/eikonos.com\/ca\/#organization\"},\"image\":{\"@id\":\"https:\/\/eikonos.com\/ca\/blog\/emetre-esdeveniment-empresarial-streaming\/#primaryimage\"},\"thumbnailUrl\":\"https:\/\/eikonos.com\/wp-content\/uploads\/2019\/09\/emitir-video-empresarial-streaming-1.jpg\",\"articleSection\":[\"Tend\u00e8ncies\"],\"inLanguage\":\"ca\",\"potentialAction\":[{\"@type\":\"CommentAction\",\"name\":\"Comment\",\"target\":[\"https:\/\/eikonos.com\/ca\/blog\/emetre-esdeveniment-empresarial-streaming\/#respond\"]}]},{\"@type\":\"WebPage\",\"@id\":\"https:\/\/eikonos.com\/ca\/blog\/emetre-esdeveniment-empresarial-streaming\/\",\"url\":\"https:\/\/eikonos.com\/ca\/blog\/emetre-esdeveniment-empresarial-streaming\/\",\"name\":\"Emetre esdeveniments empresarials en streaming\",\"isPartOf\":{\"@id\":\"https:\/\/eikonos.com\/ca\/#website\"},\"primaryImageOfPage\":{\"@id\":\"https:\/\/eikonos.com\/ca\/blog\/emetre-esdeveniment-empresarial-streaming\/#primaryimage\"},\"image\":{\"@id\":\"https:\/\/eikonos.com\/ca\/blog\/emetre-esdeveniment-empresarial-streaming\/#primaryimage\"},\"thumbnailUrl\":\"https:\/\/eikonos.com\/wp-content\/uploads\/2019\/09\/emitir-video-empresarial-streaming-1.jpg\",\"datePublished\":\"2019-09-03T14:11:52+00:00\",\"description\":\"Emetre els esdeveniments empresarials en streaming, ens ajudar\u00e0 a arribar a tot el m\u00f3n amb un sol click. A m\u00e9s, ajuda a divulgar la teva marca o negoci.\",\"breadcrumb\":{\"@id\":\"https:\/\/eikonos.com\/ca\/blog\/emetre-esdeveniment-empresarial-streaming\/#breadcrumb\"},\"inLanguage\":\"ca\",\"potentialAction\":[{\"@type\":\"ReadAction\",\"target\":[\"https:\/\/eikonos.com\/ca\/blog\/emetre-esdeveniment-empresarial-streaming\/\"]}]},{\"@type\":\"ImageObject\",\"inLanguage\":\"ca\",\"@id\":\"https:\/\/eikonos.com\/ca\/blog\/emetre-esdeveniment-empresarial-streaming\/#primaryimage\",\"url\":\"https:\/\/eikonos.com\/wp-content\/uploads\/2019\/09\/emitir-video-empresarial-streaming-1.jpg\",\"contentUrl\":\"https:\/\/eikonos.com\/wp-content\/uploads\/2019\/09\/emitir-video-empresarial-streaming-1.jpg\",\"width\":724,\"height\":407,\"caption\":\"emitir video empresarial streaming\"},{\"@type\":\"BreadcrumbList\",\"@id\":\"https:\/\/eikonos.com\/ca\/blog\/emetre-esdeveniment-empresarial-streaming\/#breadcrumb\",\"itemListElement\":[{\"@type\":\"ListItem\",\"position\":1,\"name\":\"EIKONOS\",\"item\":\"https:\/\/eikonos.com\/ca\/inici\/\"},{\"@type\":\"ListItem\",\"position\":2,\"name\":\"Per qu\u00e8 haig d\u2019emetre un esdeveniment empresarial en streaming?\"}]},{\"@type\":\"WebSite\",\"@id\":\"https:\/\/eikonos.com\/ca\/#website\",\"url\":\"https:\/\/eikonos.com\/ca\/\",\"name\":\"EIKONOS\",\"description\":\"EXPERIENCIA AUDIOVISUAL\",\"publisher\":{\"@id\":\"https:\/\/eikonos.com\/ca\/#organization\"},\"potentialAction\":[{\"@type\":\"SearchAction\",\"target\":{\"@type\":\"EntryPoint\",\"urlTemplate\":\"https:\/\/eikonos.com\/ca\/?s={search_term_string}\"},\"query-input\":{\"@type\":\"PropertyValueSpecification\",\"valueRequired\":true,\"valueName\":\"search_term_string\"}}],\"inLanguage\":\"ca\"},{\"@type\":\"Organization\",\"@id\":\"https:\/\/eikonos.com\/ca\/#organization\",\"name\":\"EIKONOS | Servicios Audiovisuales, eventos y alquiler de equipos\",\"url\":\"https:\/\/eikonos.com\/ca\/\",\"logo\":{\"@type\":\"ImageObject\",\"inLanguage\":\"ca\",\"@id\":\"https:\/\/eikonos.com\/ca\/#\/schema\/logo\/image\/\",\"url\":\"https:\/\/eikonos.com\/wp-content\/uploads\/2020\/08\/logo-color.png\",\"contentUrl\":\"https:\/\/eikonos.com\/wp-content\/uploads\/2020\/08\/logo-color.png\",\"width\":376,\"height\":122,\"caption\":\"EIKONOS | Servicios Audiovisuales, eventos y alquiler de equipos\"},\"image\":{\"@id\":\"https:\/\/eikonos.com\/ca\/#\/schema\/logo\/image\/\"},\"sameAs\":[\"http:\/\/www.facebook.com\/pages\/Eikonos\/176324785746790\",\"https:\/\/x.com\/eikonos_sa\",\"http:\/\/www.linkedin.com\/company\/eikonos\",\"http:\/\/www.youtube.com\/channel\/UC8wcizWaAYbfsuqVf9wIT6w\"]},{\"@type\":\"Person\",\"@id\":\"https:\/\/eikonos.com\/ca\/#\/schema\/person\/82032860cc314d826959b90595a5280a\",\"name\":\"Xavi Eikonos\",\"image\":{\"@type\":\"ImageObject\",\"inLanguage\":\"ca\",\"@id\":\"https:\/\/eikonos.com\/ca\/#\/schema\/person\/image\/\",\"url\":\"https:\/\/secure.gravatar.com\/avatar\/a6c6b51dd0ac6902701aab24a914f6febe1518f94a5ae06db08b3d6107248dfd?s=96&d=mm&r=g\",\"contentUrl\":\"https:\/\/secure.gravatar.com\/avatar\/a6c6b51dd0ac6902701aab24a914f6febe1518f94a5ae06db08b3d6107248dfd?s=96&d=mm&r=g\",\"caption\":\"Xavi Eikonos\"}}]}<\/script>\n<!-- \/ Yoast SEO plugin. -->","yoast_head_json":{"title":"Emetre esdeveniments empresarials en streaming","description":"Emetre els esdeveniments empresarials en streaming, ens ajudar\u00e0 a arribar a tot el m\u00f3n amb un sol click. A m\u00e9s, ajuda a divulgar la teva marca o negoci.","robots":{"index":"index","follow":"follow","max-snippet":"max-snippet:-1","max-image-preview":"max-image-preview:large","max-video-preview":"max-video-preview:-1"},"canonical":"https:\/\/eikonos.com\/ca\/blog\/emetre-esdeveniment-empresarial-streaming\/","og_locale":"ca_ES","og_type":"article","og_title":"Emetre esdeveniments empresarials en streaming","og_description":"Emetre els esdeveniments empresarials en streaming, ens ajudar\u00e0 a arribar a tot el m\u00f3n amb un sol click. A m\u00e9s, ajuda a divulgar la teva marca o negoci.","og_url":"https:\/\/eikonos.com\/ca\/blog\/emetre-esdeveniment-empresarial-streaming\/","og_site_name":"EIKONOS","article_publisher":"http:\/\/www.facebook.com\/pages\/Eikonos\/176324785746790","article_published_time":"2019-09-03T14:11:52+00:00","og_image":[{"width":724,"height":407,"url":"https:\/\/eikonos.com\/wp-content\/uploads\/2019\/09\/emitir-video-empresarial-streaming-1.jpg","type":"image\/jpeg"}],"author":"Xavi Eikonos","twitter_card":"summary_large_image","twitter_creator":"@eikonos_sa","twitter_site":"@eikonos_sa","twitter_misc":{"Escrit per":"Xavi Eikonos","Temps estimat de lectura":"3 minuts"},"schema":{"@context":"https:\/\/schema.org","@graph":[{"@type":"Article","@id":"https:\/\/eikonos.com\/ca\/blog\/emetre-esdeveniment-empresarial-streaming\/#article","isPartOf":{"@id":"https:\/\/eikonos.com\/ca\/blog\/emetre-esdeveniment-empresarial-streaming\/"},"author":{"name":"Xavi Eikonos","@id":"https:\/\/eikonos.com\/ca\/#\/schema\/person\/82032860cc314d826959b90595a5280a"},"headline":"Per qu\u00e8 haig d\u2019emetre un esdeveniment empresarial en streaming?","datePublished":"2019-09-03T14:11:52+00:00","mainEntityOfPage":{"@id":"https:\/\/eikonos.com\/ca\/blog\/emetre-esdeveniment-empresarial-streaming\/"},"wordCount":520,"commentCount":0,"publisher":{"@id":"https:\/\/eikonos.com\/ca\/#organization"},"image":{"@id":"https:\/\/eikonos.com\/ca\/blog\/emetre-esdeveniment-empresarial-streaming\/#primaryimage"},"thumbnailUrl":"https:\/\/eikonos.com\/wp-content\/uploads\/2019\/09\/emitir-video-empresarial-streaming-1.jpg","articleSection":["Tend\u00e8ncies"],"inLanguage":"ca","potentialAction":[{"@type":"CommentAction","name":"Comment","target":["https:\/\/eikonos.com\/ca\/blog\/emetre-esdeveniment-empresarial-streaming\/#respond"]}]},{"@type":"WebPage","@id":"https:\/\/eikonos.com\/ca\/blog\/emetre-esdeveniment-empresarial-streaming\/","url":"https:\/\/eikonos.com\/ca\/blog\/emetre-esdeveniment-empresarial-streaming\/","name":"Emetre esdeveniments empresarials en streaming","isPartOf":{"@id":"https:\/\/eikonos.com\/ca\/#website"},"primaryImageOfPage":{"@id":"https:\/\/eikonos.com\/ca\/blog\/emetre-esdeveniment-empresarial-streaming\/#primaryimage"},"image":{"@id":"https:\/\/eikonos.com\/ca\/blog\/emetre-esdeveniment-empresarial-streaming\/#primaryimage"},"thumbnailUrl":"https:\/\/eikonos.com\/wp-content\/uploads\/2019\/09\/emitir-video-empresarial-streaming-1.jpg","datePublished":"2019-09-03T14:11:52+00:00","description":"Emetre els esdeveniments empresarials en streaming, ens ajudar\u00e0 a arribar a tot el m\u00f3n amb un sol click. A m\u00e9s, ajuda a divulgar la teva marca o negoci.","breadcrumb":{"@id":"https:\/\/eikonos.com\/ca\/blog\/emetre-esdeveniment-empresarial-streaming\/#breadcrumb"},"inLanguage":"ca","potentialAction":[{"@type":"ReadAction","target":["https:\/\/eikonos.com\/ca\/blog\/emetre-esdeveniment-empresarial-streaming\/"]}]},{"@type":"ImageObject","inLanguage":"ca","@id":"https:\/\/eikonos.com\/ca\/blog\/emetre-esdeveniment-empresarial-streaming\/#primaryimage","url":"https:\/\/eikonos.com\/wp-content\/uploads\/2019\/09\/emitir-video-empresarial-streaming-1.jpg","contentUrl":"https:\/\/eikonos.com\/wp-content\/uploads\/2019\/09\/emitir-video-empresarial-streaming-1.jpg","width":724,"height":407,"caption":"emitir video empresarial streaming"},{"@type":"BreadcrumbList","@id":"https:\/\/eikonos.com\/ca\/blog\/emetre-esdeveniment-empresarial-streaming\/#breadcrumb","itemListElement":[{"@type":"ListItem","position":1,"name":"EIKONOS","item":"https:\/\/eikonos.com\/ca\/inici\/"},{"@type":"ListItem","position":2,"name":"Per qu\u00e8 haig d\u2019emetre un esdeveniment empresarial en streaming?"}]},{"@type":"WebSite","@id":"https:\/\/eikonos.com\/ca\/#website","url":"https:\/\/eikonos.com\/ca\/","name":"EIKONOS","description":"EXPERIENCIA AUDIOVISUAL","publisher":{"@id":"https:\/\/eikonos.com\/ca\/#organization"},"potentialAction":[{"@type":"SearchAction","target":{"@type":"EntryPoint","urlTemplate":"https:\/\/eikonos.com\/ca\/?s={search_term_string}"},"query-input":{"@type":"PropertyValueSpecification","valueRequired":true,"valueName":"search_term_string"}}],"inLanguage":"ca"},{"@type":"Organization","@id":"https:\/\/eikonos.com\/ca\/#organization","name":"EIKONOS | Servicios Audiovisuales, eventos y alquiler de equipos","url":"https:\/\/eikonos.com\/ca\/","logo":{"@type":"ImageObject","inLanguage":"ca","@id":"https:\/\/eikonos.com\/ca\/#\/schema\/logo\/image\/","url":"https:\/\/eikonos.com\/wp-content\/uploads\/2020\/08\/logo-color.png","contentUrl":"https:\/\/eikonos.com\/wp-content\/uploads\/2020\/08\/logo-color.png","width":376,"height":122,"caption":"EIKONOS | Servicios Audiovisuales, eventos y alquiler de equipos"},"image":{"@id":"https:\/\/eikonos.com\/ca\/#\/schema\/logo\/image\/"},"sameAs":["http:\/\/www.facebook.com\/pages\/Eikonos\/176324785746790","https:\/\/x.com\/eikonos_sa","http:\/\/www.linkedin.com\/company\/eikonos","http:\/\/www.youtube.com\/channel\/UC8wcizWaAYbfsuqVf9wIT6w"]},{"@type":"Person","@id":"https:\/\/eikonos.com\/ca\/#\/schema\/person\/82032860cc314d826959b90595a5280a","name":"Xavi Eikonos","image":{"@type":"ImageObject","inLanguage":"ca","@id":"https:\/\/eikonos.com\/ca\/#\/schema\/person\/image\/","url":"https:\/\/secure.gravatar.com\/avatar\/a6c6b51dd0ac6902701aab24a914f6febe1518f94a5ae06db08b3d6107248dfd?s=96&d=mm&r=g","contentUrl":"https:\/\/secure.gravatar.com\/avatar\/a6c6b51dd0ac6902701aab24a914f6febe1518f94a5ae06db08b3d6107248dfd?s=96&d=mm&r=g","caption":"Xavi Eikonos"}}]}},"_links":{"self":[{"href":"https:\/\/eikonos.com\/ca\/wp-json\/wp\/v2\/posts\/7061","targetHints":{"allow":["GET"]}}],"collection":[{"href":"https:\/\/eikonos.com\/ca\/wp-json\/wp\/v2\/posts"}],"about":[{"href":"https:\/\/eikonos.com\/ca\/wp-json\/wp\/v2\/types\/post"}],"author":[{"embeddable":true,"href":"https:\/\/eikonos.com\/ca\/wp-json\/wp\/v2\/users\/6"}],"replies":[{"embeddable":true,"href":"https:\/\/eikonos.com\/ca\/wp-json\/wp\/v2\/comments?post=7061"}],"version-history":[{"count":0,"href":"https:\/\/eikonos.com\/ca\/wp-json\/wp\/v2\/posts\/7061\/revisions"}],"wp:featuredmedia":[{"embeddable":true,"href":"https:\/\/eikonos.com\/ca\/wp-json\/wp\/v2\/media\/7051"}],"wp:attachment":[{"href":"https:\/\/eikonos.com\/ca\/wp-json\/wp\/v2\/media?parent=7061"}],"wp:term":[{"taxonomy":"category","embeddable":true,"href":"https:\/\/eikonos.com\/ca\/wp-json\/wp\/v2\/categories?post=7061"},{"taxonomy":"post_tag","embeddable":true,"href":"https:\/\/eikonos.com\/ca\/wp-json\/wp\/v2\/tags?post=7061"}],"curies":[{"name":"wp","href":"https:\/\/api.w.org\/{rel}","templated":true}]}}