{"id":6984,"date":"2019-08-06T17:17:05","date_gmt":"2019-08-06T15:17:05","guid":{"rendered":"https:\/\/eikonos.com\/?p=6984"},"modified":"2019-08-06T17:17:05","modified_gmt":"2019-08-06T15:17:05","slug":"pantalles-led-stands-fires","status":"publish","type":"post","link":"https:\/\/eikonos.com\/ca\/blog\/pantalles-led-stands-fires\/","title":{"rendered":"Pantalles LED per a stands que ajuden a captar l\u2019atenci\u00f3 en fires"},"content":{"rendered":"\n<p>Atreure l\u2019atenci\u00f3 del p\u00fablic en un stand, amb la sofisticaci\u00f3 del <a href=\"https:\/\/eikonos.com\/ca\/blog\/tendencies-produccio-continguts-audiovisuales\/\">contingut visual<\/a>, \u00e9s tot un repte en els temps que corren. De res ens serveix haver triat en una fira un espai excel\u00b7lent, si despr\u00e9s no arribem a donar la talla amb el nostre expositor o no tenim idea de com treure el millor partit al valor de la nostra marca amb solucions audiovisuals com les pantalles de LED.<\/p>\n\n\n\n<p>Avui dia ja no nom\u00e9s n\u2019hi ha prou amb estar present, ara hem de ser capa\u00e7os d\u2019explicar una hist\u00f2ria. Per a aix\u00f2, hem de confiar en un equip que ens ajudi a dissenyar el stand i comptar amb les solucions tecnol\u00f2giques d\u2019\u00faltima generaci\u00f3, on no poden faltar les <strong>pantalles LED per a stands<\/strong>.<\/p>\n\n\n\n<p>Les fires ja no s\u00f3n el que eren, tamb\u00e9 han canviat molt en les dues \u00faltimes d\u00e8cades, per\u00f2 continuen sent un imprescindible en els pressupostos de m\u00e0rqueting i comunicaci\u00f3. Arran de que les audi\u00e8ncies s\u2019han professionalitzat, les assist\u00e8ncies no s\u00f3n tan massives com abans, encara que segueixen sent el millor moment per a contactar amb prove\u00efdors, distribu\u00efdors i ampliar la xarxa de contactes. <\/p>\n\n\n\n<p>A aix\u00f2 li afegim que la compet\u00e8ncia hi segueix sent, pel que no podem menysprear el seu poder. Ara b\u00e9, per a aconseguir aquesta comesa, quina millor manera d\u2019aconseguir-ho que incorporant un equip audiovisual complet amb l\u2019ajuda d\u2019experts.<\/p>\n\n\n\n<div style=\"height:40px\" aria-hidden=\"true\" class=\"wp-block-spacer\"><\/div>\n\n\n\n<h2 style=\"color:#f20000;\">Quin contingut mostrar en les pantalles LED per a stands?<\/h2>\n\n\n\n<p>Gr\u00e0cies a la nitidesa que ofereixen les pantalles LED i la seva capacitat de \u201cmodelar-se\u201d per a crear escenaris d\u2019imatges com vulguem, el seu punt fort radica en el contingut que emetem. Els <a href=\"https:\/\/eikonos.com\/ca\/blog\/us-aplicacions-lloguer-pantalla-led-stands\/\">usos i aplicacions de les pantalles LED<\/a> poden emetre els seg\u00fcents tipus de v\u00eddeo: <\/p>\n\n\n\n<ul class=\"wp-block-list\"><li><strong>V\u00eddeos corporatius: <\/strong>s\u00f3n aquells v\u00eddeos que parlen de la nostra marca i mostren qui som, quins s\u00f3n els nostres valors, com est\u00e0 format l\u2019equip d\u2019experts, fites m\u00e9s importants i fins i tot testimonis que expliquen la seva experi\u00e8ncia treballant amb nosaltres.<\/li><li><strong>V\u00eddeos de producte: <\/strong>poden ser llan\u00e7aments, mostres dels nostres productes estrella, la millor gamma o col\u00b7lecci\u00f3&#8230;<\/li><li><strong>V\u00eddeo news amb subt\u00edtols: <\/strong>aquest tipus de v\u00eddeo mostren not\u00edcies relacionades amb el nostre mercat, amb subt\u00edtols perqu\u00e8 els assistents a l\u2019esdeveniment puguin llegir el que s\u2019est\u00e0 emetent.<\/li><li><strong>Entrevistes subtitulades: <\/strong>s\u00f3n entrevistes on els protagonistes s\u00f3n els responsables de departament, gerents, clients&#8230;<\/li><li><strong>Reportatges sobre l\u2019empresa:\u00a0 <\/strong>aquest tipus de reportatges ajuden a aportar confian\u00e7a ja que es mostra el dia a dia de l\u2019empresa, l\u2019activitat econ\u00f2mica principal, etc. Poder ser reportatges que recopilin diferents v\u00eddeos emesos en diferents mitjans de comunicaci\u00f3.<\/li><li><strong>Replicar el nostre millor contingut de xarxes socials: <\/strong>una altra forma de reflectir la nostra identitat i discurs corporatiu pot ser un v\u00eddeo a mida de r\u00e8plica amb imatges, frases, infografies, gifs, v\u00eddeos, tuits.. de xarxes socials.<\/li><li><strong>Missatges est\u00e0tics: <\/strong>si no \u00e9s possible disposar d\u2019altres formats de material gr\u00e0fic, poden ser d\u2019ajuda per a vestir el stand. No obstant aix\u00f2, s\u00f3n els m\u00e9s assossegats. <\/li><li><strong>Promocions: <\/strong>a m\u00e9s de v\u00eddeos corporatius, podem incloure descomptes espec\u00edfics que fem per a l\u2019esdeveniment i que ens ajudin a atreure tr\u00e0fic al stand. <\/li><\/ul>\n\n\n\n<div style=\"height:40px\" aria-hidden=\"true\" class=\"wp-block-spacer\"><\/div>\n\n\n\n<p>El format i el contingut mostrat en la pantalla LED per a stands dependr\u00e0 de diversos factors, com els objectius que es busquen en la fira o els recursos disponibles de l\u2019empresa. <\/p>\n\n\n\n<p>No oblidis comptar amb l\u2019ajuda d\u2019una empresa experta en equips audiovisuals com Eikonos.  <\/p>\n\n\n\n<p><a href=\"https:\/\/eikonos.com\/ca\/\"><em>Parlem! <\/em><\/a><\/p>\n","protected":false},"excerpt":{"rendered":"<p>Atreure l\u2019atenci\u00f3 del p\u00fablic en un stand, amb la sofisticaci\u00f3 del contingut visual, \u00e9s tot&#8230;<\/p>\n","protected":false},"author":6,"featured_media":6955,"comment_status":"open","ping_status":"open","sticky":false,"template":"","format":"standard","meta":{"_acf_changed":false,"footnotes":""},"categories":[257],"tags":[],"class_list":["post-6984","post","type-post","status-publish","format-standard","has-post-thumbnail","hentry","category-creacio-de-continguts"],"acf":[],"yoast_head":"<!-- This site is optimized with the Yoast SEO plugin v26.3 - https:\/\/yoast.com\/wordpress\/plugins\/seo\/ -->\n<title>Pantalles LED per a stands que ajuden a captar l\u2019atenci\u00f3 en fires<\/title>\n<meta name=\"description\" content=\"Atreure l\u2019atenci\u00f3 del p\u00fablic amb pantalles LED per a stands, amb la sofisticaci\u00f3 del contingut visual, \u00e9s tot un repte en els temps que corren.\" \/>\n<meta name=\"robots\" content=\"index, follow, max-snippet:-1, max-image-preview:large, max-video-preview:-1\" \/>\n<link rel=\"canonical\" href=\"https:\/\/eikonos.com\/ca\/blog\/pantalles-led-stands-fires\/\" \/>\n<meta property=\"og:locale\" content=\"ca_ES\" \/>\n<meta property=\"og:type\" content=\"article\" \/>\n<meta property=\"og:title\" content=\"Pantalles LED per a stands que ajuden a captar l\u2019atenci\u00f3 en fires\" \/>\n<meta property=\"og:description\" content=\"Atreure l\u2019atenci\u00f3 del p\u00fablic amb pantalles LED per a stands, amb la sofisticaci\u00f3 del contingut visual, \u00e9s tot un repte en els temps que corren.\" \/>\n<meta property=\"og:url\" content=\"https:\/\/eikonos.com\/ca\/blog\/pantalles-led-stands-fires\/\" \/>\n<meta property=\"og:site_name\" content=\"EIKONOS\" \/>\n<meta property=\"article:publisher\" content=\"http:\/\/www.facebook.com\/pages\/Eikonos\/176324785746790\" \/>\n<meta property=\"article:published_time\" content=\"2019-08-06T15:17:05+00:00\" \/>\n<meta property=\"og:image\" content=\"https:\/\/eikonos.com\/wp-content\/uploads\/2019\/08\/pantallas-led-stands-234-1.jpg\" \/>\n\t<meta property=\"og:image:width\" content=\"724\" \/>\n\t<meta property=\"og:image:height\" content=\"484\" \/>\n\t<meta property=\"og:image:type\" content=\"image\/jpeg\" \/>\n<meta name=\"author\" content=\"Xavi Eikonos\" \/>\n<meta name=\"twitter:card\" content=\"summary_large_image\" \/>\n<meta name=\"twitter:creator\" content=\"@eikonos_sa\" \/>\n<meta name=\"twitter:site\" content=\"@eikonos_sa\" \/>\n<meta name=\"twitter:label1\" content=\"Escrit per\" \/>\n\t<meta name=\"twitter:data1\" content=\"Xavi Eikonos\" \/>\n\t<meta name=\"twitter:label2\" content=\"Temps estimat de lectura\" \/>\n\t<meta name=\"twitter:data2\" content=\"3 minuts\" \/>\n<script type=\"application\/ld+json\" class=\"yoast-schema-graph\">{\"@context\":\"https:\/\/schema.org\",\"@graph\":[{\"@type\":\"Article\",\"@id\":\"https:\/\/eikonos.com\/ca\/blog\/pantalles-led-stands-fires\/#article\",\"isPartOf\":{\"@id\":\"https:\/\/eikonos.com\/ca\/blog\/pantalles-led-stands-fires\/\"},\"author\":{\"name\":\"Xavi Eikonos\",\"@id\":\"https:\/\/eikonos.com\/ca\/#\/schema\/person\/82032860cc314d826959b90595a5280a\"},\"headline\":\"Pantalles LED per a stands que ajuden a captar l\u2019atenci\u00f3 en fires\",\"datePublished\":\"2019-08-06T15:17:05+00:00\",\"mainEntityOfPage\":{\"@id\":\"https:\/\/eikonos.com\/ca\/blog\/pantalles-led-stands-fires\/\"},\"wordCount\":636,\"commentCount\":0,\"publisher\":{\"@id\":\"https:\/\/eikonos.com\/ca\/#organization\"},\"image\":{\"@id\":\"https:\/\/eikonos.com\/ca\/blog\/pantalles-led-stands-fires\/#primaryimage\"},\"thumbnailUrl\":\"https:\/\/eikonos.com\/wp-content\/uploads\/2019\/08\/pantallas-led-stands-234-1.jpg\",\"articleSection\":[\"Creaci\u00f3 de continguts\"],\"inLanguage\":\"ca\",\"potentialAction\":[{\"@type\":\"CommentAction\",\"name\":\"Comment\",\"target\":[\"https:\/\/eikonos.com\/ca\/blog\/pantalles-led-stands-fires\/#respond\"]}]},{\"@type\":\"WebPage\",\"@id\":\"https:\/\/eikonos.com\/ca\/blog\/pantalles-led-stands-fires\/\",\"url\":\"https:\/\/eikonos.com\/ca\/blog\/pantalles-led-stands-fires\/\",\"name\":\"Pantalles LED per a stands que ajuden a captar l\u2019atenci\u00f3 en fires\",\"isPartOf\":{\"@id\":\"https:\/\/eikonos.com\/ca\/#website\"},\"primaryImageOfPage\":{\"@id\":\"https:\/\/eikonos.com\/ca\/blog\/pantalles-led-stands-fires\/#primaryimage\"},\"image\":{\"@id\":\"https:\/\/eikonos.com\/ca\/blog\/pantalles-led-stands-fires\/#primaryimage\"},\"thumbnailUrl\":\"https:\/\/eikonos.com\/wp-content\/uploads\/2019\/08\/pantallas-led-stands-234-1.jpg\",\"datePublished\":\"2019-08-06T15:17:05+00:00\",\"description\":\"Atreure l\u2019atenci\u00f3 del p\u00fablic amb pantalles LED per a stands, amb la sofisticaci\u00f3 del contingut visual, \u00e9s tot un repte en els temps que corren.\",\"breadcrumb\":{\"@id\":\"https:\/\/eikonos.com\/ca\/blog\/pantalles-led-stands-fires\/#breadcrumb\"},\"inLanguage\":\"ca\",\"potentialAction\":[{\"@type\":\"ReadAction\",\"target\":[\"https:\/\/eikonos.com\/ca\/blog\/pantalles-led-stands-fires\/\"]}]},{\"@type\":\"ImageObject\",\"inLanguage\":\"ca\",\"@id\":\"https:\/\/eikonos.com\/ca\/blog\/pantalles-led-stands-fires\/#primaryimage\",\"url\":\"https:\/\/eikonos.com\/wp-content\/uploads\/2019\/08\/pantallas-led-stands-234-1.jpg\",\"contentUrl\":\"https:\/\/eikonos.com\/wp-content\/uploads\/2019\/08\/pantallas-led-stands-234-1.jpg\",\"width\":724,\"height\":484,\"caption\":\"pantallas led para stands\"},{\"@type\":\"BreadcrumbList\",\"@id\":\"https:\/\/eikonos.com\/ca\/blog\/pantalles-led-stands-fires\/#breadcrumb\",\"itemListElement\":[{\"@type\":\"ListItem\",\"position\":1,\"name\":\"EIKONOS\",\"item\":\"https:\/\/eikonos.com\/ca\/inici\/\"},{\"@type\":\"ListItem\",\"position\":2,\"name\":\"Pantalles LED per a stands que ajuden a captar l\u2019atenci\u00f3 en fires\"}]},{\"@type\":\"WebSite\",\"@id\":\"https:\/\/eikonos.com\/ca\/#website\",\"url\":\"https:\/\/eikonos.com\/ca\/\",\"name\":\"EIKONOS\",\"description\":\"EXPERIENCIA AUDIOVISUAL\",\"publisher\":{\"@id\":\"https:\/\/eikonos.com\/ca\/#organization\"},\"potentialAction\":[{\"@type\":\"SearchAction\",\"target\":{\"@type\":\"EntryPoint\",\"urlTemplate\":\"https:\/\/eikonos.com\/ca\/?s={search_term_string}\"},\"query-input\":{\"@type\":\"PropertyValueSpecification\",\"valueRequired\":true,\"valueName\":\"search_term_string\"}}],\"inLanguage\":\"ca\"},{\"@type\":\"Organization\",\"@id\":\"https:\/\/eikonos.com\/ca\/#organization\",\"name\":\"EIKONOS | Servicios Audiovisuales, eventos y alquiler de equipos\",\"url\":\"https:\/\/eikonos.com\/ca\/\",\"logo\":{\"@type\":\"ImageObject\",\"inLanguage\":\"ca\",\"@id\":\"https:\/\/eikonos.com\/ca\/#\/schema\/logo\/image\/\",\"url\":\"https:\/\/eikonos.com\/wp-content\/uploads\/2020\/08\/logo-color.png\",\"contentUrl\":\"https:\/\/eikonos.com\/wp-content\/uploads\/2020\/08\/logo-color.png\",\"width\":376,\"height\":122,\"caption\":\"EIKONOS | Servicios Audiovisuales, eventos y alquiler de equipos\"},\"image\":{\"@id\":\"https:\/\/eikonos.com\/ca\/#\/schema\/logo\/image\/\"},\"sameAs\":[\"http:\/\/www.facebook.com\/pages\/Eikonos\/176324785746790\",\"https:\/\/x.com\/eikonos_sa\",\"http:\/\/www.linkedin.com\/company\/eikonos\",\"http:\/\/www.youtube.com\/channel\/UC8wcizWaAYbfsuqVf9wIT6w\"]},{\"@type\":\"Person\",\"@id\":\"https:\/\/eikonos.com\/ca\/#\/schema\/person\/82032860cc314d826959b90595a5280a\",\"name\":\"Xavi Eikonos\",\"image\":{\"@type\":\"ImageObject\",\"inLanguage\":\"ca\",\"@id\":\"https:\/\/eikonos.com\/ca\/#\/schema\/person\/image\/\",\"url\":\"https:\/\/secure.gravatar.com\/avatar\/a6c6b51dd0ac6902701aab24a914f6febe1518f94a5ae06db08b3d6107248dfd?s=96&d=mm&r=g\",\"contentUrl\":\"https:\/\/secure.gravatar.com\/avatar\/a6c6b51dd0ac6902701aab24a914f6febe1518f94a5ae06db08b3d6107248dfd?s=96&d=mm&r=g\",\"caption\":\"Xavi Eikonos\"}}]}<\/script>\n<!-- \/ Yoast SEO plugin. -->","yoast_head_json":{"title":"Pantalles LED per a stands que ajuden a captar l\u2019atenci\u00f3 en fires","description":"Atreure l\u2019atenci\u00f3 del p\u00fablic amb pantalles LED per a stands, amb la sofisticaci\u00f3 del contingut visual, \u00e9s tot un repte en els temps que corren.","robots":{"index":"index","follow":"follow","max-snippet":"max-snippet:-1","max-image-preview":"max-image-preview:large","max-video-preview":"max-video-preview:-1"},"canonical":"https:\/\/eikonos.com\/ca\/blog\/pantalles-led-stands-fires\/","og_locale":"ca_ES","og_type":"article","og_title":"Pantalles LED per a stands que ajuden a captar l\u2019atenci\u00f3 en fires","og_description":"Atreure l\u2019atenci\u00f3 del p\u00fablic amb pantalles LED per a stands, amb la sofisticaci\u00f3 del contingut visual, \u00e9s tot un repte en els temps que corren.","og_url":"https:\/\/eikonos.com\/ca\/blog\/pantalles-led-stands-fires\/","og_site_name":"EIKONOS","article_publisher":"http:\/\/www.facebook.com\/pages\/Eikonos\/176324785746790","article_published_time":"2019-08-06T15:17:05+00:00","og_image":[{"width":724,"height":484,"url":"https:\/\/eikonos.com\/wp-content\/uploads\/2019\/08\/pantallas-led-stands-234-1.jpg","type":"image\/jpeg"}],"author":"Xavi Eikonos","twitter_card":"summary_large_image","twitter_creator":"@eikonos_sa","twitter_site":"@eikonos_sa","twitter_misc":{"Escrit per":"Xavi Eikonos","Temps estimat de lectura":"3 minuts"},"schema":{"@context":"https:\/\/schema.org","@graph":[{"@type":"Article","@id":"https:\/\/eikonos.com\/ca\/blog\/pantalles-led-stands-fires\/#article","isPartOf":{"@id":"https:\/\/eikonos.com\/ca\/blog\/pantalles-led-stands-fires\/"},"author":{"name":"Xavi Eikonos","@id":"https:\/\/eikonos.com\/ca\/#\/schema\/person\/82032860cc314d826959b90595a5280a"},"headline":"Pantalles LED per a stands que ajuden a captar l\u2019atenci\u00f3 en fires","datePublished":"2019-08-06T15:17:05+00:00","mainEntityOfPage":{"@id":"https:\/\/eikonos.com\/ca\/blog\/pantalles-led-stands-fires\/"},"wordCount":636,"commentCount":0,"publisher":{"@id":"https:\/\/eikonos.com\/ca\/#organization"},"image":{"@id":"https:\/\/eikonos.com\/ca\/blog\/pantalles-led-stands-fires\/#primaryimage"},"thumbnailUrl":"https:\/\/eikonos.com\/wp-content\/uploads\/2019\/08\/pantallas-led-stands-234-1.jpg","articleSection":["Creaci\u00f3 de continguts"],"inLanguage":"ca","potentialAction":[{"@type":"CommentAction","name":"Comment","target":["https:\/\/eikonos.com\/ca\/blog\/pantalles-led-stands-fires\/#respond"]}]},{"@type":"WebPage","@id":"https:\/\/eikonos.com\/ca\/blog\/pantalles-led-stands-fires\/","url":"https:\/\/eikonos.com\/ca\/blog\/pantalles-led-stands-fires\/","name":"Pantalles LED per a stands que ajuden a captar l\u2019atenci\u00f3 en fires","isPartOf":{"@id":"https:\/\/eikonos.com\/ca\/#website"},"primaryImageOfPage":{"@id":"https:\/\/eikonos.com\/ca\/blog\/pantalles-led-stands-fires\/#primaryimage"},"image":{"@id":"https:\/\/eikonos.com\/ca\/blog\/pantalles-led-stands-fires\/#primaryimage"},"thumbnailUrl":"https:\/\/eikonos.com\/wp-content\/uploads\/2019\/08\/pantallas-led-stands-234-1.jpg","datePublished":"2019-08-06T15:17:05+00:00","description":"Atreure l\u2019atenci\u00f3 del p\u00fablic amb pantalles LED per a stands, amb la sofisticaci\u00f3 del contingut visual, \u00e9s tot un repte en els temps que corren.","breadcrumb":{"@id":"https:\/\/eikonos.com\/ca\/blog\/pantalles-led-stands-fires\/#breadcrumb"},"inLanguage":"ca","potentialAction":[{"@type":"ReadAction","target":["https:\/\/eikonos.com\/ca\/blog\/pantalles-led-stands-fires\/"]}]},{"@type":"ImageObject","inLanguage":"ca","@id":"https:\/\/eikonos.com\/ca\/blog\/pantalles-led-stands-fires\/#primaryimage","url":"https:\/\/eikonos.com\/wp-content\/uploads\/2019\/08\/pantallas-led-stands-234-1.jpg","contentUrl":"https:\/\/eikonos.com\/wp-content\/uploads\/2019\/08\/pantallas-led-stands-234-1.jpg","width":724,"height":484,"caption":"pantallas led para stands"},{"@type":"BreadcrumbList","@id":"https:\/\/eikonos.com\/ca\/blog\/pantalles-led-stands-fires\/#breadcrumb","itemListElement":[{"@type":"ListItem","position":1,"name":"EIKONOS","item":"https:\/\/eikonos.com\/ca\/inici\/"},{"@type":"ListItem","position":2,"name":"Pantalles LED per a stands que ajuden a captar l\u2019atenci\u00f3 en fires"}]},{"@type":"WebSite","@id":"https:\/\/eikonos.com\/ca\/#website","url":"https:\/\/eikonos.com\/ca\/","name":"EIKONOS","description":"EXPERIENCIA AUDIOVISUAL","publisher":{"@id":"https:\/\/eikonos.com\/ca\/#organization"},"potentialAction":[{"@type":"SearchAction","target":{"@type":"EntryPoint","urlTemplate":"https:\/\/eikonos.com\/ca\/?s={search_term_string}"},"query-input":{"@type":"PropertyValueSpecification","valueRequired":true,"valueName":"search_term_string"}}],"inLanguage":"ca"},{"@type":"Organization","@id":"https:\/\/eikonos.com\/ca\/#organization","name":"EIKONOS | Servicios Audiovisuales, eventos y alquiler de equipos","url":"https:\/\/eikonos.com\/ca\/","logo":{"@type":"ImageObject","inLanguage":"ca","@id":"https:\/\/eikonos.com\/ca\/#\/schema\/logo\/image\/","url":"https:\/\/eikonos.com\/wp-content\/uploads\/2020\/08\/logo-color.png","contentUrl":"https:\/\/eikonos.com\/wp-content\/uploads\/2020\/08\/logo-color.png","width":376,"height":122,"caption":"EIKONOS | Servicios Audiovisuales, eventos y alquiler de equipos"},"image":{"@id":"https:\/\/eikonos.com\/ca\/#\/schema\/logo\/image\/"},"sameAs":["http:\/\/www.facebook.com\/pages\/Eikonos\/176324785746790","https:\/\/x.com\/eikonos_sa","http:\/\/www.linkedin.com\/company\/eikonos","http:\/\/www.youtube.com\/channel\/UC8wcizWaAYbfsuqVf9wIT6w"]},{"@type":"Person","@id":"https:\/\/eikonos.com\/ca\/#\/schema\/person\/82032860cc314d826959b90595a5280a","name":"Xavi Eikonos","image":{"@type":"ImageObject","inLanguage":"ca","@id":"https:\/\/eikonos.com\/ca\/#\/schema\/person\/image\/","url":"https:\/\/secure.gravatar.com\/avatar\/a6c6b51dd0ac6902701aab24a914f6febe1518f94a5ae06db08b3d6107248dfd?s=96&d=mm&r=g","contentUrl":"https:\/\/secure.gravatar.com\/avatar\/a6c6b51dd0ac6902701aab24a914f6febe1518f94a5ae06db08b3d6107248dfd?s=96&d=mm&r=g","caption":"Xavi Eikonos"}}]}},"_links":{"self":[{"href":"https:\/\/eikonos.com\/ca\/wp-json\/wp\/v2\/posts\/6984","targetHints":{"allow":["GET"]}}],"collection":[{"href":"https:\/\/eikonos.com\/ca\/wp-json\/wp\/v2\/posts"}],"about":[{"href":"https:\/\/eikonos.com\/ca\/wp-json\/wp\/v2\/types\/post"}],"author":[{"embeddable":true,"href":"https:\/\/eikonos.com\/ca\/wp-json\/wp\/v2\/users\/6"}],"replies":[{"embeddable":true,"href":"https:\/\/eikonos.com\/ca\/wp-json\/wp\/v2\/comments?post=6984"}],"version-history":[{"count":0,"href":"https:\/\/eikonos.com\/ca\/wp-json\/wp\/v2\/posts\/6984\/revisions"}],"wp:featuredmedia":[{"embeddable":true,"href":"https:\/\/eikonos.com\/ca\/wp-json\/wp\/v2\/media\/6955"}],"wp:attachment":[{"href":"https:\/\/eikonos.com\/ca\/wp-json\/wp\/v2\/media?parent=6984"}],"wp:term":[{"taxonomy":"category","embeddable":true,"href":"https:\/\/eikonos.com\/ca\/wp-json\/wp\/v2\/categories?post=6984"},{"taxonomy":"post_tag","embeddable":true,"href":"https:\/\/eikonos.com\/ca\/wp-json\/wp\/v2\/tags?post=6984"}],"curies":[{"name":"wp","href":"https:\/\/api.w.org\/{rel}","templated":true}]}}