{"id":6941,"date":"2019-07-02T12:49:05","date_gmt":"2019-07-02T10:49:05","guid":{"rendered":"https:\/\/eikonos.com\/?p=6941"},"modified":"2023-01-30T19:17:49","modified_gmt":"2023-01-30T19:17:49","slug":"diferencies-tecnica-timelapse-hyperlapse","status":"publish","type":"post","link":"https:\/\/eikonos.com\/ca\/blog\/diferencies-tecnica-timelapse-hyperlapse\/","title":{"rendered":"Difer\u00e8ncies entre la t\u00e8cnica del timelapse i el hyperlapse"},"content":{"rendered":"\r\n<p>Els m\u00f2bils i la tecnologia audiovisual d\u2019\u00faltima generaci\u00f3 fan que cada vegada sigui m\u00e9s com\u00fa topar-nos amb v\u00eddeos realitzats amb la <strong>t\u00e8cnica del timelapse<\/strong>. De la mateixa manera, ens trobem amb una altra t\u00e8cnica que ens pot sonar igual per\u00f2 no ho \u00e9s. Parlem del <strong>hyperlapse<\/strong>. Encara no coneixes quina \u00e9s cadascuna? Pren nota!<\/p>\r\n\r\n\r\n\r\n<div class=\"wp-block-spacer\" style=\"height: 40px;\" aria-hidden=\"true\">\u00a0<\/div>\r\n\r\n\r\n\r\n<h2 style=\"color: #f20000;\">La t\u00e8cnica del Timelapse<\/h2>\r\n\r\n\r\n\r\n<p><a href=\"https:\/\/eikonos.com\/ca\/portfolio_page\/timelapse\/\">Amb el timelapse<\/a>, la c\u00e0mera es troba est\u00e0tica o es mobilitzada en curta dist\u00e0ncia i la velocitat de l\u2019acci\u00f3 que gravem \u00e9s accelerada per la tecnologia. Aquestes curtes dist\u00e0ncies a les quals fem refer\u00e8ncia, generalment, impliquen moviments verticals o horitzontals sobre l\u2019eix de la c\u00e0mera, o b\u00e9 la utilitzaci\u00f3 de petites <em>dollys<\/em> o sliders que permeten dur a terme moviment limitats de l\u2019equip de gravaci\u00f3.<\/p>\r\n\r\n\r\n\r\n<p>El <strong>timelapse<\/strong> el podem crear a partir de fotos o de v\u00eddeos. Si triem la primera opci\u00f3, treballarem amb conjunt de dispars en un lloc fix i obtingut de forma consecutiva en un interval de temps determinat. Quan ho accelerem, es crea un v\u00eddeo de gran bellesa, que fa les del\u00edcies de qui ho visualitza. Segur que alguna vegada ho has fet personalment o t\u2019ho han compartit a trav\u00e9s del Smartphone. El conjunt visual que es crea no t\u00e9 rival, sempre capta l\u2019atenci\u00f3 i per a v\u00eddeos corporatius, musicals, esportius o fires, val la pena integrar-ho perqu\u00e8 l\u2019efecte sorpresa el tenim assegurat.<\/p>\r\n\r\n\r\n\r\n<div class=\"wp-block-spacer\" style=\"height: 40px;\" aria-hidden=\"true\">\u00a0<\/div>\r\n\r\n\r\n\r\n<h2 style=\"color: #f20000;\">La t\u00e8cnica del Hyperlapse<\/h2>\r\n\r\n\r\n\r\n<p>Pel que fa al <strong>Hyperlapse<\/strong>, no presenta limitacions per a la seva realitzaci\u00f3 pel que la c\u00e0mera es pot despla\u00e7ar a dist\u00e0ncies considerables, passar entre les multituds i creuar desnivells de terreny. Aix\u00f2 permet que creem moviment complexos o fa canvis d\u2019angle de la c\u00e0mera. Es pot dir que aquesta t\u00e8cnica \u00e9s similar al timelapse per\u00f2 amb una m\u00e9s \u00e0mplia gamma de moviments de c\u00e0mera.<\/p>\r\n\r\n\r\n\r\n<p>Per dur a terme un <strong>hyperlapse<\/strong> b\u00e0sicament el que s\u2019ha de fer \u00e9s el mateix que <a href=\"https:\/\/eikonos.com\/ca\/blog\/guia-basica-passos-timelapse-professional\/\">quan es fa un timelapse<\/a>, per\u00f2 fent \u00fas del moviment corporal o gravant diferents angles. Al estar en moviment, no tenim la certesa de l\u2019instant en el quan fer els dispars amb la c\u00e0mera, s\u2019haur\u00e0 de realitzar tot de forma manual, tant el dispar com la pr\u00f2pia acci\u00f3 del moviment.<\/p>\r\n\r\n\r\n\r\n<div class=\"wp-block-spacer\" style=\"height: 40px;\" aria-hidden=\"true\">\u00a0<\/div>\r\n\r\n\r\n\r\n<h2 style=\"color: #f20000;\">Timelapse i hyperlapse en v\u00eddeos d\u2019empresa<\/h2>\r\n\r\n\r\n\r\n<p>Encara que totes dues t\u00e8cniques van n\u00e9ixer en el camp del cinema i la fotografia, la seva democratitzaci\u00f3 fa que les puguem portar a tantes escenes com se\u2019ns ocorrin. Ofereixen un efecte visual espectacular si gravem, per exemple:<\/p>\r\n\r\n\r\n\r\n<ul class=\"wp-block-list\">\r\n<li>Cues d\u2019acc\u00e9s a esdeveniments<\/li>\r\n<li>Concerts, espectacles musicals i esportius<\/li>\r\n<li>Entrades a meta<\/li>\r\n<li>Pirot\u00e8cnia o jocs de llum<\/li>\r\n<li>Moviment dels visitants d\u2019una fira<\/li>\r\n<li>La \u201cvida\u201d d\u2019un stand en un esdeveniment corporatiu<\/li>\r\n<li>Congressos<\/li>\r\n<\/ul>\r\n\r\n\r\n\r\n<p>Les aplicacions de la t\u00e8cnica del timelapse i hyperlapse a nivell corporatiu s\u00f3n pr\u00e0cticament il\u00b7limitades. Per\u00f2 no et conformis amb una gravaci\u00f3 amateur. El v\u00eddeo corporatiu requereix d\u2019una professionalitat i serietat que la teva marca demana, i les gravacions del timelapse o hyperlapse han d\u2019estar al mateix nivell. Confia en una empresa amb experi\u00e8ncia com Eikonos. Consulta\u2019ns i et contactar\u00e0 el nostre equip d\u2019assessors. <strong><em>Parlem!<\/em><\/strong><\/p>\r\n\r\n\r\n\r\n<figure class=\"wp-block-image\"><a href=\"https:\/\/eikonos.com\/ca\/serveis\/creacio-de-continguts\/\"><img loading=\"lazy\" decoding=\"async\" width=\"741\" height=\"250\" class=\"wp-image-6250\" src=\"https:\/\/eikonos.com\/wp-content\/uploads\/2019\/03\/eikonos-cta-creacio-contingut-1.jpg\" alt=\"EIKONOS creaci\u00f3 de continguts\" srcset=\"https:\/\/eikonos.com\/wp-content\/uploads\/2019\/03\/eikonos-cta-creacio-contingut-1.jpg 741w, https:\/\/eikonos.com\/wp-content\/uploads\/2019\/03\/eikonos-cta-creacio-contingut-1-300x101.jpg 300w\" sizes=\"auto, (max-width: 741px) 100vw, 741px\" \/><\/a><\/figure>\r\n","protected":false},"excerpt":{"rendered":"<p>Els m\u00f2bils i la tecnologia audiovisual d\u2019\u00faltima generaci\u00f3 fan que cada vegada sigui m\u00e9s com\u00fa&#8230;<\/p>\n","protected":false},"author":6,"featured_media":6935,"comment_status":"open","ping_status":"open","sticky":false,"template":"","format":"standard","meta":{"_acf_changed":false,"footnotes":""},"categories":[1],"tags":[],"class_list":["post-6941","post","type-post","status-publish","format-standard","has-post-thumbnail","hentry","category-sin-categorizar"],"acf":[],"yoast_head":"<!-- This site is optimized with the Yoast SEO plugin v26.3 - https:\/\/yoast.com\/wordpress\/plugins\/seo\/ -->\n<title>Difer\u00e8ncies entre la t\u00e8cnica del timelapse i el hyperlapse<\/title>\n<meta name=\"description\" content=\"La t\u00e8cnica del timelapse \u00e9s un dels formats estrella per a festivals de m\u00fasica i esdeveniments. Coneixes la difer\u00e8ncia entre timelapse i hyperlapse?\" \/>\n<meta name=\"robots\" content=\"index, follow, max-snippet:-1, max-image-preview:large, max-video-preview:-1\" \/>\n<link rel=\"canonical\" href=\"https:\/\/eikonos.com\/ca\/blog\/diferencies-tecnica-timelapse-hyperlapse\/\" \/>\n<meta property=\"og:locale\" content=\"ca_ES\" \/>\n<meta property=\"og:type\" content=\"article\" \/>\n<meta property=\"og:title\" content=\"Difer\u00e8ncies entre la t\u00e8cnica del timelapse i el hyperlapse\" \/>\n<meta property=\"og:description\" content=\"La t\u00e8cnica del timelapse \u00e9s un dels formats estrella per a festivals de m\u00fasica i esdeveniments. Coneixes la difer\u00e8ncia entre timelapse i hyperlapse?\" \/>\n<meta property=\"og:url\" content=\"https:\/\/eikonos.com\/ca\/blog\/diferencies-tecnica-timelapse-hyperlapse\/\" \/>\n<meta property=\"og:site_name\" content=\"EIKONOS\" \/>\n<meta property=\"article:publisher\" content=\"http:\/\/www.facebook.com\/pages\/Eikonos\/176324785746790\" \/>\n<meta property=\"article:published_time\" content=\"2019-07-02T10:49:05+00:00\" \/>\n<meta property=\"article:modified_time\" content=\"2023-01-30T19:17:49+00:00\" \/>\n<meta property=\"og:image\" content=\"https:\/\/eikonos.com\/wp-content\/uploads\/2019\/07\/tecnica-timelapse-2.jpg\" \/>\n\t<meta property=\"og:image:width\" content=\"724\" \/>\n\t<meta property=\"og:image:height\" content=\"432\" \/>\n\t<meta property=\"og:image:type\" content=\"image\/jpeg\" \/>\n<meta name=\"author\" content=\"Xavi Eikonos\" \/>\n<meta name=\"twitter:card\" content=\"summary_large_image\" \/>\n<meta name=\"twitter:creator\" content=\"@eikonos_sa\" \/>\n<meta name=\"twitter:site\" content=\"@eikonos_sa\" \/>\n<meta name=\"twitter:label1\" content=\"Escrit per\" \/>\n\t<meta name=\"twitter:data1\" content=\"Xavi Eikonos\" \/>\n\t<meta name=\"twitter:label2\" content=\"Temps estimat de lectura\" \/>\n\t<meta name=\"twitter:data2\" content=\"3 minuts\" \/>\n<script type=\"application\/ld+json\" class=\"yoast-schema-graph\">{\"@context\":\"https:\/\/schema.org\",\"@graph\":[{\"@type\":\"Article\",\"@id\":\"https:\/\/eikonos.com\/ca\/blog\/diferencies-tecnica-timelapse-hyperlapse\/#article\",\"isPartOf\":{\"@id\":\"https:\/\/eikonos.com\/ca\/blog\/diferencies-tecnica-timelapse-hyperlapse\/\"},\"author\":{\"name\":\"Xavi Eikonos\",\"@id\":\"https:\/\/eikonos.com\/ca\/#\/schema\/person\/82032860cc314d826959b90595a5280a\"},\"headline\":\"Difer\u00e8ncies entre la t\u00e8cnica del timelapse i el hyperlapse\",\"datePublished\":\"2019-07-02T10:49:05+00:00\",\"dateModified\":\"2023-01-30T19:17:49+00:00\",\"mainEntityOfPage\":{\"@id\":\"https:\/\/eikonos.com\/ca\/blog\/diferencies-tecnica-timelapse-hyperlapse\/\"},\"wordCount\":570,\"commentCount\":0,\"publisher\":{\"@id\":\"https:\/\/eikonos.com\/ca\/#organization\"},\"image\":{\"@id\":\"https:\/\/eikonos.com\/ca\/blog\/diferencies-tecnica-timelapse-hyperlapse\/#primaryimage\"},\"thumbnailUrl\":\"https:\/\/eikonos.com\/wp-content\/uploads\/2019\/07\/tecnica-timelapse-2.jpg\",\"articleSection\":[\"Sin categorizar\"],\"inLanguage\":\"ca\",\"potentialAction\":[{\"@type\":\"CommentAction\",\"name\":\"Comment\",\"target\":[\"https:\/\/eikonos.com\/ca\/blog\/diferencies-tecnica-timelapse-hyperlapse\/#respond\"]}]},{\"@type\":\"WebPage\",\"@id\":\"https:\/\/eikonos.com\/ca\/blog\/diferencies-tecnica-timelapse-hyperlapse\/\",\"url\":\"https:\/\/eikonos.com\/ca\/blog\/diferencies-tecnica-timelapse-hyperlapse\/\",\"name\":\"Difer\u00e8ncies entre la t\u00e8cnica del timelapse i el hyperlapse\",\"isPartOf\":{\"@id\":\"https:\/\/eikonos.com\/ca\/#website\"},\"primaryImageOfPage\":{\"@id\":\"https:\/\/eikonos.com\/ca\/blog\/diferencies-tecnica-timelapse-hyperlapse\/#primaryimage\"},\"image\":{\"@id\":\"https:\/\/eikonos.com\/ca\/blog\/diferencies-tecnica-timelapse-hyperlapse\/#primaryimage\"},\"thumbnailUrl\":\"https:\/\/eikonos.com\/wp-content\/uploads\/2019\/07\/tecnica-timelapse-2.jpg\",\"datePublished\":\"2019-07-02T10:49:05+00:00\",\"dateModified\":\"2023-01-30T19:17:49+00:00\",\"description\":\"La t\u00e8cnica del timelapse \u00e9s un dels formats estrella per a festivals de m\u00fasica i esdeveniments. Coneixes la difer\u00e8ncia entre timelapse i hyperlapse?\",\"breadcrumb\":{\"@id\":\"https:\/\/eikonos.com\/ca\/blog\/diferencies-tecnica-timelapse-hyperlapse\/#breadcrumb\"},\"inLanguage\":\"ca\",\"potentialAction\":[{\"@type\":\"ReadAction\",\"target\":[\"https:\/\/eikonos.com\/ca\/blog\/diferencies-tecnica-timelapse-hyperlapse\/\"]}]},{\"@type\":\"ImageObject\",\"inLanguage\":\"ca\",\"@id\":\"https:\/\/eikonos.com\/ca\/blog\/diferencies-tecnica-timelapse-hyperlapse\/#primaryimage\",\"url\":\"https:\/\/eikonos.com\/wp-content\/uploads\/2019\/07\/tecnica-timelapse-2.jpg\",\"contentUrl\":\"https:\/\/eikonos.com\/wp-content\/uploads\/2019\/07\/tecnica-timelapse-2.jpg\",\"width\":724,\"height\":432,\"caption\":\"t\u00e9cnica del timelapse\"},{\"@type\":\"BreadcrumbList\",\"@id\":\"https:\/\/eikonos.com\/ca\/blog\/diferencies-tecnica-timelapse-hyperlapse\/#breadcrumb\",\"itemListElement\":[{\"@type\":\"ListItem\",\"position\":1,\"name\":\"EIKONOS\",\"item\":\"https:\/\/eikonos.com\/ca\/inici\/\"},{\"@type\":\"ListItem\",\"position\":2,\"name\":\"Difer\u00e8ncies entre la t\u00e8cnica del timelapse i el hyperlapse\"}]},{\"@type\":\"WebSite\",\"@id\":\"https:\/\/eikonos.com\/ca\/#website\",\"url\":\"https:\/\/eikonos.com\/ca\/\",\"name\":\"EIKONOS\",\"description\":\"EXPERIENCIA AUDIOVISUAL\",\"publisher\":{\"@id\":\"https:\/\/eikonos.com\/ca\/#organization\"},\"potentialAction\":[{\"@type\":\"SearchAction\",\"target\":{\"@type\":\"EntryPoint\",\"urlTemplate\":\"https:\/\/eikonos.com\/ca\/?s={search_term_string}\"},\"query-input\":{\"@type\":\"PropertyValueSpecification\",\"valueRequired\":true,\"valueName\":\"search_term_string\"}}],\"inLanguage\":\"ca\"},{\"@type\":\"Organization\",\"@id\":\"https:\/\/eikonos.com\/ca\/#organization\",\"name\":\"EIKONOS | Servicios Audiovisuales, eventos y alquiler de equipos\",\"url\":\"https:\/\/eikonos.com\/ca\/\",\"logo\":{\"@type\":\"ImageObject\",\"inLanguage\":\"ca\",\"@id\":\"https:\/\/eikonos.com\/ca\/#\/schema\/logo\/image\/\",\"url\":\"https:\/\/eikonos.com\/wp-content\/uploads\/2020\/08\/logo-color.png\",\"contentUrl\":\"https:\/\/eikonos.com\/wp-content\/uploads\/2020\/08\/logo-color.png\",\"width\":376,\"height\":122,\"caption\":\"EIKONOS | Servicios Audiovisuales, eventos y alquiler de equipos\"},\"image\":{\"@id\":\"https:\/\/eikonos.com\/ca\/#\/schema\/logo\/image\/\"},\"sameAs\":[\"http:\/\/www.facebook.com\/pages\/Eikonos\/176324785746790\",\"https:\/\/x.com\/eikonos_sa\",\"http:\/\/www.linkedin.com\/company\/eikonos\",\"http:\/\/www.youtube.com\/channel\/UC8wcizWaAYbfsuqVf9wIT6w\"]},{\"@type\":\"Person\",\"@id\":\"https:\/\/eikonos.com\/ca\/#\/schema\/person\/82032860cc314d826959b90595a5280a\",\"name\":\"Xavi Eikonos\",\"image\":{\"@type\":\"ImageObject\",\"inLanguage\":\"ca\",\"@id\":\"https:\/\/eikonos.com\/ca\/#\/schema\/person\/image\/\",\"url\":\"https:\/\/secure.gravatar.com\/avatar\/a6c6b51dd0ac6902701aab24a914f6febe1518f94a5ae06db08b3d6107248dfd?s=96&d=mm&r=g\",\"contentUrl\":\"https:\/\/secure.gravatar.com\/avatar\/a6c6b51dd0ac6902701aab24a914f6febe1518f94a5ae06db08b3d6107248dfd?s=96&d=mm&r=g\",\"caption\":\"Xavi Eikonos\"}}]}<\/script>\n<!-- \/ Yoast SEO plugin. -->","yoast_head_json":{"title":"Difer\u00e8ncies entre la t\u00e8cnica del timelapse i el hyperlapse","description":"La t\u00e8cnica del timelapse \u00e9s un dels formats estrella per a festivals de m\u00fasica i esdeveniments. Coneixes la difer\u00e8ncia entre timelapse i hyperlapse?","robots":{"index":"index","follow":"follow","max-snippet":"max-snippet:-1","max-image-preview":"max-image-preview:large","max-video-preview":"max-video-preview:-1"},"canonical":"https:\/\/eikonos.com\/ca\/blog\/diferencies-tecnica-timelapse-hyperlapse\/","og_locale":"ca_ES","og_type":"article","og_title":"Difer\u00e8ncies entre la t\u00e8cnica del timelapse i el hyperlapse","og_description":"La t\u00e8cnica del timelapse \u00e9s un dels formats estrella per a festivals de m\u00fasica i esdeveniments. Coneixes la difer\u00e8ncia entre timelapse i hyperlapse?","og_url":"https:\/\/eikonos.com\/ca\/blog\/diferencies-tecnica-timelapse-hyperlapse\/","og_site_name":"EIKONOS","article_publisher":"http:\/\/www.facebook.com\/pages\/Eikonos\/176324785746790","article_published_time":"2019-07-02T10:49:05+00:00","article_modified_time":"2023-01-30T19:17:49+00:00","og_image":[{"width":724,"height":432,"url":"https:\/\/eikonos.com\/wp-content\/uploads\/2019\/07\/tecnica-timelapse-2.jpg","type":"image\/jpeg"}],"author":"Xavi Eikonos","twitter_card":"summary_large_image","twitter_creator":"@eikonos_sa","twitter_site":"@eikonos_sa","twitter_misc":{"Escrit per":"Xavi Eikonos","Temps estimat de lectura":"3 minuts"},"schema":{"@context":"https:\/\/schema.org","@graph":[{"@type":"Article","@id":"https:\/\/eikonos.com\/ca\/blog\/diferencies-tecnica-timelapse-hyperlapse\/#article","isPartOf":{"@id":"https:\/\/eikonos.com\/ca\/blog\/diferencies-tecnica-timelapse-hyperlapse\/"},"author":{"name":"Xavi Eikonos","@id":"https:\/\/eikonos.com\/ca\/#\/schema\/person\/82032860cc314d826959b90595a5280a"},"headline":"Difer\u00e8ncies entre la t\u00e8cnica del timelapse i el hyperlapse","datePublished":"2019-07-02T10:49:05+00:00","dateModified":"2023-01-30T19:17:49+00:00","mainEntityOfPage":{"@id":"https:\/\/eikonos.com\/ca\/blog\/diferencies-tecnica-timelapse-hyperlapse\/"},"wordCount":570,"commentCount":0,"publisher":{"@id":"https:\/\/eikonos.com\/ca\/#organization"},"image":{"@id":"https:\/\/eikonos.com\/ca\/blog\/diferencies-tecnica-timelapse-hyperlapse\/#primaryimage"},"thumbnailUrl":"https:\/\/eikonos.com\/wp-content\/uploads\/2019\/07\/tecnica-timelapse-2.jpg","articleSection":["Sin categorizar"],"inLanguage":"ca","potentialAction":[{"@type":"CommentAction","name":"Comment","target":["https:\/\/eikonos.com\/ca\/blog\/diferencies-tecnica-timelapse-hyperlapse\/#respond"]}]},{"@type":"WebPage","@id":"https:\/\/eikonos.com\/ca\/blog\/diferencies-tecnica-timelapse-hyperlapse\/","url":"https:\/\/eikonos.com\/ca\/blog\/diferencies-tecnica-timelapse-hyperlapse\/","name":"Difer\u00e8ncies entre la t\u00e8cnica del timelapse i el hyperlapse","isPartOf":{"@id":"https:\/\/eikonos.com\/ca\/#website"},"primaryImageOfPage":{"@id":"https:\/\/eikonos.com\/ca\/blog\/diferencies-tecnica-timelapse-hyperlapse\/#primaryimage"},"image":{"@id":"https:\/\/eikonos.com\/ca\/blog\/diferencies-tecnica-timelapse-hyperlapse\/#primaryimage"},"thumbnailUrl":"https:\/\/eikonos.com\/wp-content\/uploads\/2019\/07\/tecnica-timelapse-2.jpg","datePublished":"2019-07-02T10:49:05+00:00","dateModified":"2023-01-30T19:17:49+00:00","description":"La t\u00e8cnica del timelapse \u00e9s un dels formats estrella per a festivals de m\u00fasica i esdeveniments. Coneixes la difer\u00e8ncia entre timelapse i hyperlapse?","breadcrumb":{"@id":"https:\/\/eikonos.com\/ca\/blog\/diferencies-tecnica-timelapse-hyperlapse\/#breadcrumb"},"inLanguage":"ca","potentialAction":[{"@type":"ReadAction","target":["https:\/\/eikonos.com\/ca\/blog\/diferencies-tecnica-timelapse-hyperlapse\/"]}]},{"@type":"ImageObject","inLanguage":"ca","@id":"https:\/\/eikonos.com\/ca\/blog\/diferencies-tecnica-timelapse-hyperlapse\/#primaryimage","url":"https:\/\/eikonos.com\/wp-content\/uploads\/2019\/07\/tecnica-timelapse-2.jpg","contentUrl":"https:\/\/eikonos.com\/wp-content\/uploads\/2019\/07\/tecnica-timelapse-2.jpg","width":724,"height":432,"caption":"t\u00e9cnica del timelapse"},{"@type":"BreadcrumbList","@id":"https:\/\/eikonos.com\/ca\/blog\/diferencies-tecnica-timelapse-hyperlapse\/#breadcrumb","itemListElement":[{"@type":"ListItem","position":1,"name":"EIKONOS","item":"https:\/\/eikonos.com\/ca\/inici\/"},{"@type":"ListItem","position":2,"name":"Difer\u00e8ncies entre la t\u00e8cnica del timelapse i el hyperlapse"}]},{"@type":"WebSite","@id":"https:\/\/eikonos.com\/ca\/#website","url":"https:\/\/eikonos.com\/ca\/","name":"EIKONOS","description":"EXPERIENCIA AUDIOVISUAL","publisher":{"@id":"https:\/\/eikonos.com\/ca\/#organization"},"potentialAction":[{"@type":"SearchAction","target":{"@type":"EntryPoint","urlTemplate":"https:\/\/eikonos.com\/ca\/?s={search_term_string}"},"query-input":{"@type":"PropertyValueSpecification","valueRequired":true,"valueName":"search_term_string"}}],"inLanguage":"ca"},{"@type":"Organization","@id":"https:\/\/eikonos.com\/ca\/#organization","name":"EIKONOS | Servicios Audiovisuales, eventos y alquiler de equipos","url":"https:\/\/eikonos.com\/ca\/","logo":{"@type":"ImageObject","inLanguage":"ca","@id":"https:\/\/eikonos.com\/ca\/#\/schema\/logo\/image\/","url":"https:\/\/eikonos.com\/wp-content\/uploads\/2020\/08\/logo-color.png","contentUrl":"https:\/\/eikonos.com\/wp-content\/uploads\/2020\/08\/logo-color.png","width":376,"height":122,"caption":"EIKONOS | Servicios Audiovisuales, eventos y alquiler de equipos"},"image":{"@id":"https:\/\/eikonos.com\/ca\/#\/schema\/logo\/image\/"},"sameAs":["http:\/\/www.facebook.com\/pages\/Eikonos\/176324785746790","https:\/\/x.com\/eikonos_sa","http:\/\/www.linkedin.com\/company\/eikonos","http:\/\/www.youtube.com\/channel\/UC8wcizWaAYbfsuqVf9wIT6w"]},{"@type":"Person","@id":"https:\/\/eikonos.com\/ca\/#\/schema\/person\/82032860cc314d826959b90595a5280a","name":"Xavi Eikonos","image":{"@type":"ImageObject","inLanguage":"ca","@id":"https:\/\/eikonos.com\/ca\/#\/schema\/person\/image\/","url":"https:\/\/secure.gravatar.com\/avatar\/a6c6b51dd0ac6902701aab24a914f6febe1518f94a5ae06db08b3d6107248dfd?s=96&d=mm&r=g","contentUrl":"https:\/\/secure.gravatar.com\/avatar\/a6c6b51dd0ac6902701aab24a914f6febe1518f94a5ae06db08b3d6107248dfd?s=96&d=mm&r=g","caption":"Xavi Eikonos"}}]}},"_links":{"self":[{"href":"https:\/\/eikonos.com\/ca\/wp-json\/wp\/v2\/posts\/6941","targetHints":{"allow":["GET"]}}],"collection":[{"href":"https:\/\/eikonos.com\/ca\/wp-json\/wp\/v2\/posts"}],"about":[{"href":"https:\/\/eikonos.com\/ca\/wp-json\/wp\/v2\/types\/post"}],"author":[{"embeddable":true,"href":"https:\/\/eikonos.com\/ca\/wp-json\/wp\/v2\/users\/6"}],"replies":[{"embeddable":true,"href":"https:\/\/eikonos.com\/ca\/wp-json\/wp\/v2\/comments?post=6941"}],"version-history":[{"count":1,"href":"https:\/\/eikonos.com\/ca\/wp-json\/wp\/v2\/posts\/6941\/revisions"}],"predecessor-version":[{"id":9790,"href":"https:\/\/eikonos.com\/ca\/wp-json\/wp\/v2\/posts\/6941\/revisions\/9790"}],"wp:featuredmedia":[{"embeddable":true,"href":"https:\/\/eikonos.com\/ca\/wp-json\/wp\/v2\/media\/6935"}],"wp:attachment":[{"href":"https:\/\/eikonos.com\/ca\/wp-json\/wp\/v2\/media?parent=6941"}],"wp:term":[{"taxonomy":"category","embeddable":true,"href":"https:\/\/eikonos.com\/ca\/wp-json\/wp\/v2\/categories?post=6941"},{"taxonomy":"post_tag","embeddable":true,"href":"https:\/\/eikonos.com\/ca\/wp-json\/wp\/v2\/tags?post=6941"}],"curies":[{"name":"wp","href":"https:\/\/api.w.org\/{rel}","templated":true}]}}