{"id":6890,"date":"2019-06-11T16:30:26","date_gmt":"2019-06-11T14:30:26","guid":{"rendered":"https:\/\/eikonos.com\/?p=6890"},"modified":"2019-06-11T16:30:26","modified_gmt":"2019-06-11T14:30:26","slug":"reforca-comunicacio-empresa-equips-audiovisuals","status":"publish","type":"post","link":"https:\/\/eikonos.com\/ca\/blog\/reforca-comunicacio-empresa-equips-audiovisuals\/","title":{"rendered":"Refor\u00e7a la comunicaci\u00f3 de la teva marca amb equips audiovisuals"},"content":{"rendered":"\n<p> Mai ens cansarem de destacar la import\u00e0ncia que t\u00e9 per a les empreses la comunicaci\u00f3. Una marca es pot comunicar en diverses ocasions i de moltes maneres, per\u00f2 el que est\u00e0 clar que no pot faltar \u00e9s el contingut audiovisual. V\u00eddeos, infografies, videonews&#8230; L\u2019usuari cada vegada consumeix m\u00e9s informaci\u00f3 visual en canals socials i plataformes ja siguin de pagament o no, i com a empresa no podem obviar que hem de crear contingut de valor i apostar per la inversi\u00f3 en equips audiovisuals per a empreses.  <\/p>\n\n\n\n<div style=\"height:40px\" aria-hidden=\"true\" class=\"wp-block-spacer\"><\/div>\n\n\n\n<h2 style=\"color:#ff0000;\">Com es comunica la marca amb el p\u00fablic<\/h2>\n\n\n\n<p>Amb l\u2019auge de les tecnologies, \u00e9s de summa import\u00e0ncia estar present en xarxes socials o qualsevol plataforma digital. La forma de comunicar ha de ser \u00e0gil, amb un <a href=\"https:\/\/eikonos.com\/ca\/blog\/com-crear-comunitat-esdeveniment-esportiu\/\">llenguatge adaptat o cada audi\u00e8ncia que ens permeti crear comunitat<\/a>, i no tindria res que veure el com ens dirigim a joves a Instagram que a un p\u00fablic adult en un circuit tancat de televisi\u00f3.  <\/p>\n\n\n\n<p>Saber qui ens escolta i entendre les seves motivacions ha d\u2019estar en la nostra estrat\u00e8gia de m\u00e0rqueting, comunicaci\u00f3 i publicitat i tamb\u00e9 influir\u00e0 en els recursos que dediquem a producci\u00f3 audiovisual. <\/p>\n\n\n\n<div style=\"height:40px\" aria-hidden=\"true\" class=\"wp-block-spacer\"><\/div>\n\n\n\n<h2 style=\"color:#ff0000;\">Recursos audiovisuals per a refor\u00e7ar la comunicaci\u00f3<\/h2>\n\n\n\n<p><strong>V\u00eddeos corporatius<\/strong>. Molt \u00fatils per la quantitat d\u2019usos que els hi podem donar. Per a esdeveniments, fires, presentacions formals amb clients, amb socis, xarxes socials, web&#8230;<\/p>\n\n\n\n<p><strong>V\u00eddeo not\u00edcies<\/strong>. S\u00f3n l\u2019alternativa al\ncontingut escrit en webs i blogs. Molt habitual en xarxes socials, especialment\nen formats curt de Facebook i Instagram. Entre les seves bondats destaca que\ns\u00f3n breus, emocionals, d\u2019actualitat i inclouen subt\u00edtols, la qual cosa facilita\nla seva visualitzaci\u00f3 des de qualsevol dispositiu, ja tinguem el so activat o\nno.<\/p>\n\n\n\n<p><strong>Il\u00b7lustracions<\/strong>. El format de moda que\naglutina milions de seguidors en xarxes socials. Les il\u00b7lustracionsens ajuden a contar hist\u00f2ries des de\npersonatges creats a mida, emotius, amb humor, molt pr\u00f2xims&#8230; El seu color,\ntipografies, vivor, fa que sigui un must en qualsevol estrat\u00e8gia de continguts.<\/p>\n\n\n\n<p><strong>Infografies<\/strong>. Les podem publicar en format din\u00e0mic o est\u00e0tic per\u00f2, sigui com sigui, resumeixen molta informaci\u00f3 en poc espai, la qual cosa ens ajuda a comunicar idees complexes d\u2019un cop d\u2019ull.<\/p>\n\n\n\n<p><strong>Podcast<\/strong>. El contingut \u00e9s el rei, tamb\u00e9 quan s\u2019emet com a \u00e0udio. El sorgiment de plataformes de podcast ha expandit la seva popularitat i acceptaci\u00f3 entre el p\u00fablic. <\/p>\n\n\n\n<div style=\"height:40px\" aria-hidden=\"true\" class=\"wp-block-spacer\"><\/div>\n\n\n\n<blockquote style=\"text-align:center; color=\" #ff0000;\"=\"\" class=\"wp-block-quote\"><p><strong><em>El contingut audiovisual facilita que el p\u00fablic reconegui una marca, augmenti l\u2019abast, el engagement i ajudi a aconseguir objectius.<\/em><\/strong><\/p><\/blockquote>\n\n\n\n<div style=\"height:40px\" aria-hidden=\"true\" class=\"wp-block-spacer\"><\/div>\n\n\n\n<p>Tot aix\u00f2 no seria possible sense l\u2019experi\u00e8ncia d\u2019un equip de disseny gr\u00e0fic, productors, editors i muntadors. A aix\u00f2 cal afegir la necessitat d\u2019un equip audiovisual d\u2019\u00faltima generaci\u00f3 que, o b\u00e9 podem integrar a l\u2019empresa, o llogar de forma puntual en funci\u00f3 de les necessitats de cada moment.<\/p>\n\n\n\n<div style=\"height:40px\" aria-hidden=\"true\" class=\"wp-block-spacer\"><\/div>\n\n\n\n<p>A <strong>Eikonos<\/strong> posem a la teva disposici\u00f3 a un <a href=\"https:\/\/eikonos.com\/ca\/nosaltres\/\">equip de professionals amb d\u00e8cades d\u2019experi\u00e8ncia<\/a>, preparats per a donar suport a la teva estrat\u00e8gia en qualsevol de les seves fases. Des d\u2019ajudar-te a muntar un departament audiovisual des de zero fins a recolzar-te a temps complet en un esdeveniment per a garantir tota la part de so, il\u00b7luminaci\u00f3 i audiovisuals. <strong><em>Parlem!<\/em><\/strong> &nbsp;&nbsp;<\/p>\n\n\n\n<ul class=\"wp-block-gallery columns-1 is-cropped wp-block-gallery-1 is-layout-flex wp-block-gallery-is-layout-flex\"><li class=\"blocks-gallery-item\"><figure><img loading=\"lazy\" decoding=\"async\" width=\"741\" height=\"250\" src=\"https:\/\/eikonos.com\/wp-content\/uploads\/2018\/12\/eikonos-cta-equips-audiovisuals-de-lloguer-1.png\" alt=\"Eikonos instal\u00b7lacions audiovisuals fixes\" data-id=\"6055\" data-link=\"https:\/\/eikonos.com\/ca\/blog\/equips-audiovisuals-realitzar-videoconferencia-exit\/eikonos-cta-equips-audiovisuals-de-lloguer\/\" class=\"wp-image-6055\" srcset=\"https:\/\/eikonos.com\/wp-content\/uploads\/2018\/12\/eikonos-cta-equips-audiovisuals-de-lloguer-1.png 741w, https:\/\/eikonos.com\/wp-content\/uploads\/2018\/12\/eikonos-cta-equips-audiovisuals-de-lloguer-1-300x101.png 300w\" sizes=\"auto, (max-width: 741px) 100vw, 741px\" \/><\/figure><\/li><\/ul>\n","protected":false},"excerpt":{"rendered":"<p>Mai ens cansarem de destacar la import\u00e0ncia que t\u00e9 per a les empreses la comunicaci\u00f3&#8230;.<\/p>\n","protected":false},"author":6,"featured_media":6858,"comment_status":"open","ping_status":"open","sticky":false,"template":"","format":"standard","meta":{"_acf_changed":false,"footnotes":""},"categories":[268],"tags":[],"class_list":["post-6890","post","type-post","status-publish","format-standard","has-post-thumbnail","hentry","category-eikonos-ca"],"acf":[],"yoast_head":"<!-- This site is optimized with the Yoast SEO plugin v26.3 - https:\/\/yoast.com\/wordpress\/plugins\/seo\/ -->\n<title>Refor\u00e7a la comunicaci\u00f3 de la teva marca amb equips audiovisuals<\/title>\n<meta name=\"description\" content=\"V\u00eddeos corporatius, infografies, podcasts...Descobreix els equips audiovisuals per a empreses ideals per a millorar la comunicaci\u00f3 de la teva marca.\" \/>\n<meta name=\"robots\" content=\"index, follow, max-snippet:-1, max-image-preview:large, max-video-preview:-1\" \/>\n<link rel=\"canonical\" href=\"https:\/\/eikonos.com\/ca\/blog\/reforca-comunicacio-empresa-equips-audiovisuals\/\" \/>\n<meta property=\"og:locale\" content=\"ca_ES\" \/>\n<meta property=\"og:type\" content=\"article\" \/>\n<meta property=\"og:title\" content=\"Refor\u00e7a la comunicaci\u00f3 de la teva marca amb equips audiovisuals\" \/>\n<meta property=\"og:description\" content=\"V\u00eddeos corporatius, infografies, podcasts...Descobreix els equips audiovisuals per a empreses ideals per a millorar la comunicaci\u00f3 de la teva marca.\" \/>\n<meta property=\"og:url\" content=\"https:\/\/eikonos.com\/ca\/blog\/reforca-comunicacio-empresa-equips-audiovisuals\/\" \/>\n<meta property=\"og:site_name\" content=\"EIKONOS\" \/>\n<meta property=\"article:publisher\" content=\"http:\/\/www.facebook.com\/pages\/Eikonos\/176324785746790\" \/>\n<meta property=\"article:published_time\" content=\"2019-06-11T14:30:26+00:00\" \/>\n<meta property=\"og:image\" content=\"https:\/\/eikonos.com\/wp-content\/uploads\/2019\/07\/equipos-audiovisuales-empresas-2.jpg\" \/>\n\t<meta property=\"og:image:width\" content=\"724\" \/>\n\t<meta property=\"og:image:height\" content=\"432\" \/>\n\t<meta property=\"og:image:type\" content=\"image\/jpeg\" \/>\n<meta name=\"author\" content=\"Xavi Eikonos\" \/>\n<meta name=\"twitter:card\" content=\"summary_large_image\" \/>\n<meta name=\"twitter:creator\" content=\"@eikonos_sa\" \/>\n<meta name=\"twitter:site\" content=\"@eikonos_sa\" \/>\n<meta name=\"twitter:label1\" content=\"Escrit per\" \/>\n\t<meta name=\"twitter:data1\" content=\"Xavi Eikonos\" \/>\n\t<meta name=\"twitter:label2\" content=\"Temps estimat de lectura\" \/>\n\t<meta name=\"twitter:data2\" content=\"2 minuts\" \/>\n<script type=\"application\/ld+json\" class=\"yoast-schema-graph\">{\"@context\":\"https:\/\/schema.org\",\"@graph\":[{\"@type\":\"Article\",\"@id\":\"https:\/\/eikonos.com\/ca\/blog\/reforca-comunicacio-empresa-equips-audiovisuals\/#article\",\"isPartOf\":{\"@id\":\"https:\/\/eikonos.com\/ca\/blog\/reforca-comunicacio-empresa-equips-audiovisuals\/\"},\"author\":{\"name\":\"Xavi Eikonos\",\"@id\":\"https:\/\/eikonos.com\/ca\/#\/schema\/person\/82032860cc314d826959b90595a5280a\"},\"headline\":\"Refor\u00e7a la comunicaci\u00f3 de la teva marca amb equips audiovisuals\",\"datePublished\":\"2019-06-11T14:30:26+00:00\",\"mainEntityOfPage\":{\"@id\":\"https:\/\/eikonos.com\/ca\/blog\/reforca-comunicacio-empresa-equips-audiovisuals\/\"},\"wordCount\":424,\"commentCount\":0,\"publisher\":{\"@id\":\"https:\/\/eikonos.com\/ca\/#organization\"},\"image\":{\"@id\":\"https:\/\/eikonos.com\/ca\/blog\/reforca-comunicacio-empresa-equips-audiovisuals\/#primaryimage\"},\"thumbnailUrl\":\"https:\/\/eikonos.com\/wp-content\/uploads\/2019\/07\/equipos-audiovisuales-empresas-2.jpg\",\"articleSection\":[\"Eikonos\"],\"inLanguage\":\"ca\",\"potentialAction\":[{\"@type\":\"CommentAction\",\"name\":\"Comment\",\"target\":[\"https:\/\/eikonos.com\/ca\/blog\/reforca-comunicacio-empresa-equips-audiovisuals\/#respond\"]}]},{\"@type\":\"WebPage\",\"@id\":\"https:\/\/eikonos.com\/ca\/blog\/reforca-comunicacio-empresa-equips-audiovisuals\/\",\"url\":\"https:\/\/eikonos.com\/ca\/blog\/reforca-comunicacio-empresa-equips-audiovisuals\/\",\"name\":\"Refor\u00e7a la comunicaci\u00f3 de la teva marca amb equips audiovisuals\",\"isPartOf\":{\"@id\":\"https:\/\/eikonos.com\/ca\/#website\"},\"primaryImageOfPage\":{\"@id\":\"https:\/\/eikonos.com\/ca\/blog\/reforca-comunicacio-empresa-equips-audiovisuals\/#primaryimage\"},\"image\":{\"@id\":\"https:\/\/eikonos.com\/ca\/blog\/reforca-comunicacio-empresa-equips-audiovisuals\/#primaryimage\"},\"thumbnailUrl\":\"https:\/\/eikonos.com\/wp-content\/uploads\/2019\/07\/equipos-audiovisuales-empresas-2.jpg\",\"datePublished\":\"2019-06-11T14:30:26+00:00\",\"description\":\"V\u00eddeos corporatius, infografies, podcasts...Descobreix els equips audiovisuals per a empreses ideals per a millorar la comunicaci\u00f3 de la teva marca.\",\"breadcrumb\":{\"@id\":\"https:\/\/eikonos.com\/ca\/blog\/reforca-comunicacio-empresa-equips-audiovisuals\/#breadcrumb\"},\"inLanguage\":\"ca\",\"potentialAction\":[{\"@type\":\"ReadAction\",\"target\":[\"https:\/\/eikonos.com\/ca\/blog\/reforca-comunicacio-empresa-equips-audiovisuals\/\"]}]},{\"@type\":\"ImageObject\",\"inLanguage\":\"ca\",\"@id\":\"https:\/\/eikonos.com\/ca\/blog\/reforca-comunicacio-empresa-equips-audiovisuals\/#primaryimage\",\"url\":\"https:\/\/eikonos.com\/wp-content\/uploads\/2019\/07\/equipos-audiovisuales-empresas-2.jpg\",\"contentUrl\":\"https:\/\/eikonos.com\/wp-content\/uploads\/2019\/07\/equipos-audiovisuales-empresas-2.jpg\",\"width\":724,\"height\":432,\"caption\":\"equipos audiovisuales para empresas\"},{\"@type\":\"BreadcrumbList\",\"@id\":\"https:\/\/eikonos.com\/ca\/blog\/reforca-comunicacio-empresa-equips-audiovisuals\/#breadcrumb\",\"itemListElement\":[{\"@type\":\"ListItem\",\"position\":1,\"name\":\"EIKONOS\",\"item\":\"https:\/\/eikonos.com\/ca\/inici\/\"},{\"@type\":\"ListItem\",\"position\":2,\"name\":\"Refor\u00e7a la comunicaci\u00f3 de la teva marca amb equips audiovisuals\"}]},{\"@type\":\"WebSite\",\"@id\":\"https:\/\/eikonos.com\/ca\/#website\",\"url\":\"https:\/\/eikonos.com\/ca\/\",\"name\":\"EIKONOS\",\"description\":\"EXPERIENCIA AUDIOVISUAL\",\"publisher\":{\"@id\":\"https:\/\/eikonos.com\/ca\/#organization\"},\"potentialAction\":[{\"@type\":\"SearchAction\",\"target\":{\"@type\":\"EntryPoint\",\"urlTemplate\":\"https:\/\/eikonos.com\/ca\/?s={search_term_string}\"},\"query-input\":{\"@type\":\"PropertyValueSpecification\",\"valueRequired\":true,\"valueName\":\"search_term_string\"}}],\"inLanguage\":\"ca\"},{\"@type\":\"Organization\",\"@id\":\"https:\/\/eikonos.com\/ca\/#organization\",\"name\":\"EIKONOS | Servicios Audiovisuales, eventos y alquiler de equipos\",\"url\":\"https:\/\/eikonos.com\/ca\/\",\"logo\":{\"@type\":\"ImageObject\",\"inLanguage\":\"ca\",\"@id\":\"https:\/\/eikonos.com\/ca\/#\/schema\/logo\/image\/\",\"url\":\"https:\/\/eikonos.com\/wp-content\/uploads\/2020\/08\/logo-color.png\",\"contentUrl\":\"https:\/\/eikonos.com\/wp-content\/uploads\/2020\/08\/logo-color.png\",\"width\":376,\"height\":122,\"caption\":\"EIKONOS | Servicios Audiovisuales, eventos y alquiler de equipos\"},\"image\":{\"@id\":\"https:\/\/eikonos.com\/ca\/#\/schema\/logo\/image\/\"},\"sameAs\":[\"http:\/\/www.facebook.com\/pages\/Eikonos\/176324785746790\",\"https:\/\/x.com\/eikonos_sa\",\"http:\/\/www.linkedin.com\/company\/eikonos\",\"http:\/\/www.youtube.com\/channel\/UC8wcizWaAYbfsuqVf9wIT6w\"]},{\"@type\":\"Person\",\"@id\":\"https:\/\/eikonos.com\/ca\/#\/schema\/person\/82032860cc314d826959b90595a5280a\",\"name\":\"Xavi Eikonos\",\"image\":{\"@type\":\"ImageObject\",\"inLanguage\":\"ca\",\"@id\":\"https:\/\/eikonos.com\/ca\/#\/schema\/person\/image\/\",\"url\":\"https:\/\/secure.gravatar.com\/avatar\/a6c6b51dd0ac6902701aab24a914f6febe1518f94a5ae06db08b3d6107248dfd?s=96&d=mm&r=g\",\"contentUrl\":\"https:\/\/secure.gravatar.com\/avatar\/a6c6b51dd0ac6902701aab24a914f6febe1518f94a5ae06db08b3d6107248dfd?s=96&d=mm&r=g\",\"caption\":\"Xavi Eikonos\"}}]}<\/script>\n<!-- \/ Yoast SEO plugin. -->","yoast_head_json":{"title":"Refor\u00e7a la comunicaci\u00f3 de la teva marca amb equips audiovisuals","description":"V\u00eddeos corporatius, infografies, podcasts...Descobreix els equips audiovisuals per a empreses ideals per a millorar la comunicaci\u00f3 de la teva marca.","robots":{"index":"index","follow":"follow","max-snippet":"max-snippet:-1","max-image-preview":"max-image-preview:large","max-video-preview":"max-video-preview:-1"},"canonical":"https:\/\/eikonos.com\/ca\/blog\/reforca-comunicacio-empresa-equips-audiovisuals\/","og_locale":"ca_ES","og_type":"article","og_title":"Refor\u00e7a la comunicaci\u00f3 de la teva marca amb equips audiovisuals","og_description":"V\u00eddeos corporatius, infografies, podcasts...Descobreix els equips audiovisuals per a empreses ideals per a millorar la comunicaci\u00f3 de la teva marca.","og_url":"https:\/\/eikonos.com\/ca\/blog\/reforca-comunicacio-empresa-equips-audiovisuals\/","og_site_name":"EIKONOS","article_publisher":"http:\/\/www.facebook.com\/pages\/Eikonos\/176324785746790","article_published_time":"2019-06-11T14:30:26+00:00","og_image":[{"width":724,"height":432,"url":"https:\/\/eikonos.com\/wp-content\/uploads\/2019\/07\/equipos-audiovisuales-empresas-2.jpg","type":"image\/jpeg"}],"author":"Xavi Eikonos","twitter_card":"summary_large_image","twitter_creator":"@eikonos_sa","twitter_site":"@eikonos_sa","twitter_misc":{"Escrit per":"Xavi Eikonos","Temps estimat de lectura":"2 minuts"},"schema":{"@context":"https:\/\/schema.org","@graph":[{"@type":"Article","@id":"https:\/\/eikonos.com\/ca\/blog\/reforca-comunicacio-empresa-equips-audiovisuals\/#article","isPartOf":{"@id":"https:\/\/eikonos.com\/ca\/blog\/reforca-comunicacio-empresa-equips-audiovisuals\/"},"author":{"name":"Xavi Eikonos","@id":"https:\/\/eikonos.com\/ca\/#\/schema\/person\/82032860cc314d826959b90595a5280a"},"headline":"Refor\u00e7a la comunicaci\u00f3 de la teva marca amb equips audiovisuals","datePublished":"2019-06-11T14:30:26+00:00","mainEntityOfPage":{"@id":"https:\/\/eikonos.com\/ca\/blog\/reforca-comunicacio-empresa-equips-audiovisuals\/"},"wordCount":424,"commentCount":0,"publisher":{"@id":"https:\/\/eikonos.com\/ca\/#organization"},"image":{"@id":"https:\/\/eikonos.com\/ca\/blog\/reforca-comunicacio-empresa-equips-audiovisuals\/#primaryimage"},"thumbnailUrl":"https:\/\/eikonos.com\/wp-content\/uploads\/2019\/07\/equipos-audiovisuales-empresas-2.jpg","articleSection":["Eikonos"],"inLanguage":"ca","potentialAction":[{"@type":"CommentAction","name":"Comment","target":["https:\/\/eikonos.com\/ca\/blog\/reforca-comunicacio-empresa-equips-audiovisuals\/#respond"]}]},{"@type":"WebPage","@id":"https:\/\/eikonos.com\/ca\/blog\/reforca-comunicacio-empresa-equips-audiovisuals\/","url":"https:\/\/eikonos.com\/ca\/blog\/reforca-comunicacio-empresa-equips-audiovisuals\/","name":"Refor\u00e7a la comunicaci\u00f3 de la teva marca amb equips audiovisuals","isPartOf":{"@id":"https:\/\/eikonos.com\/ca\/#website"},"primaryImageOfPage":{"@id":"https:\/\/eikonos.com\/ca\/blog\/reforca-comunicacio-empresa-equips-audiovisuals\/#primaryimage"},"image":{"@id":"https:\/\/eikonos.com\/ca\/blog\/reforca-comunicacio-empresa-equips-audiovisuals\/#primaryimage"},"thumbnailUrl":"https:\/\/eikonos.com\/wp-content\/uploads\/2019\/07\/equipos-audiovisuales-empresas-2.jpg","datePublished":"2019-06-11T14:30:26+00:00","description":"V\u00eddeos corporatius, infografies, podcasts...Descobreix els equips audiovisuals per a empreses ideals per a millorar la comunicaci\u00f3 de la teva marca.","breadcrumb":{"@id":"https:\/\/eikonos.com\/ca\/blog\/reforca-comunicacio-empresa-equips-audiovisuals\/#breadcrumb"},"inLanguage":"ca","potentialAction":[{"@type":"ReadAction","target":["https:\/\/eikonos.com\/ca\/blog\/reforca-comunicacio-empresa-equips-audiovisuals\/"]}]},{"@type":"ImageObject","inLanguage":"ca","@id":"https:\/\/eikonos.com\/ca\/blog\/reforca-comunicacio-empresa-equips-audiovisuals\/#primaryimage","url":"https:\/\/eikonos.com\/wp-content\/uploads\/2019\/07\/equipos-audiovisuales-empresas-2.jpg","contentUrl":"https:\/\/eikonos.com\/wp-content\/uploads\/2019\/07\/equipos-audiovisuales-empresas-2.jpg","width":724,"height":432,"caption":"equipos audiovisuales para empresas"},{"@type":"BreadcrumbList","@id":"https:\/\/eikonos.com\/ca\/blog\/reforca-comunicacio-empresa-equips-audiovisuals\/#breadcrumb","itemListElement":[{"@type":"ListItem","position":1,"name":"EIKONOS","item":"https:\/\/eikonos.com\/ca\/inici\/"},{"@type":"ListItem","position":2,"name":"Refor\u00e7a la comunicaci\u00f3 de la teva marca amb equips audiovisuals"}]},{"@type":"WebSite","@id":"https:\/\/eikonos.com\/ca\/#website","url":"https:\/\/eikonos.com\/ca\/","name":"EIKONOS","description":"EXPERIENCIA AUDIOVISUAL","publisher":{"@id":"https:\/\/eikonos.com\/ca\/#organization"},"potentialAction":[{"@type":"SearchAction","target":{"@type":"EntryPoint","urlTemplate":"https:\/\/eikonos.com\/ca\/?s={search_term_string}"},"query-input":{"@type":"PropertyValueSpecification","valueRequired":true,"valueName":"search_term_string"}}],"inLanguage":"ca"},{"@type":"Organization","@id":"https:\/\/eikonos.com\/ca\/#organization","name":"EIKONOS | Servicios Audiovisuales, eventos y alquiler de equipos","url":"https:\/\/eikonos.com\/ca\/","logo":{"@type":"ImageObject","inLanguage":"ca","@id":"https:\/\/eikonos.com\/ca\/#\/schema\/logo\/image\/","url":"https:\/\/eikonos.com\/wp-content\/uploads\/2020\/08\/logo-color.png","contentUrl":"https:\/\/eikonos.com\/wp-content\/uploads\/2020\/08\/logo-color.png","width":376,"height":122,"caption":"EIKONOS | Servicios Audiovisuales, eventos y alquiler de equipos"},"image":{"@id":"https:\/\/eikonos.com\/ca\/#\/schema\/logo\/image\/"},"sameAs":["http:\/\/www.facebook.com\/pages\/Eikonos\/176324785746790","https:\/\/x.com\/eikonos_sa","http:\/\/www.linkedin.com\/company\/eikonos","http:\/\/www.youtube.com\/channel\/UC8wcizWaAYbfsuqVf9wIT6w"]},{"@type":"Person","@id":"https:\/\/eikonos.com\/ca\/#\/schema\/person\/82032860cc314d826959b90595a5280a","name":"Xavi Eikonos","image":{"@type":"ImageObject","inLanguage":"ca","@id":"https:\/\/eikonos.com\/ca\/#\/schema\/person\/image\/","url":"https:\/\/secure.gravatar.com\/avatar\/a6c6b51dd0ac6902701aab24a914f6febe1518f94a5ae06db08b3d6107248dfd?s=96&d=mm&r=g","contentUrl":"https:\/\/secure.gravatar.com\/avatar\/a6c6b51dd0ac6902701aab24a914f6febe1518f94a5ae06db08b3d6107248dfd?s=96&d=mm&r=g","caption":"Xavi Eikonos"}}]}},"_links":{"self":[{"href":"https:\/\/eikonos.com\/ca\/wp-json\/wp\/v2\/posts\/6890","targetHints":{"allow":["GET"]}}],"collection":[{"href":"https:\/\/eikonos.com\/ca\/wp-json\/wp\/v2\/posts"}],"about":[{"href":"https:\/\/eikonos.com\/ca\/wp-json\/wp\/v2\/types\/post"}],"author":[{"embeddable":true,"href":"https:\/\/eikonos.com\/ca\/wp-json\/wp\/v2\/users\/6"}],"replies":[{"embeddable":true,"href":"https:\/\/eikonos.com\/ca\/wp-json\/wp\/v2\/comments?post=6890"}],"version-history":[{"count":0,"href":"https:\/\/eikonos.com\/ca\/wp-json\/wp\/v2\/posts\/6890\/revisions"}],"wp:featuredmedia":[{"embeddable":true,"href":"https:\/\/eikonos.com\/ca\/wp-json\/wp\/v2\/media\/6858"}],"wp:attachment":[{"href":"https:\/\/eikonos.com\/ca\/wp-json\/wp\/v2\/media?parent=6890"}],"wp:term":[{"taxonomy":"category","embeddable":true,"href":"https:\/\/eikonos.com\/ca\/wp-json\/wp\/v2\/categories?post=6890"},{"taxonomy":"post_tag","embeddable":true,"href":"https:\/\/eikonos.com\/ca\/wp-json\/wp\/v2\/tags?post=6890"}],"curies":[{"name":"wp","href":"https:\/\/api.w.org\/{rel}","templated":true}]}}