{"id":6880,"date":"2019-06-04T13:29:03","date_gmt":"2019-06-04T11:29:03","guid":{"rendered":"https:\/\/eikonos.com\/?p=6880"},"modified":"2019-06-04T13:29:03","modified_gmt":"2019-06-04T11:29:03","slug":"sistemes-equips-gestio-continguts-composicio-imatge","status":"publish","type":"post","link":"https:\/\/eikonos.com\/ca\/blog\/sistemes-equips-gestio-continguts-composicio-imatge\/","title":{"rendered":"Sistemes i equips de gesti\u00f3 de continguts i composici\u00f3 d\u2019imatge"},"content":{"rendered":"\n<p>La tecnologia\nha revolucionat la forma en la qual treballem. Amb ella van arribar noves\nformes de comunicar-nos, la immediatesa de tasques i, sobre tot,\nl\u2019automatitzaci\u00f3 de treballs repetitius i que no aportaven valor a la cadena.<\/p>\n\n\n\n<p>El sector\naudiovisual no s\u2019ha escapat, i els nous softwares inclouen funcionalitats que\nfa nom\u00e9s dues d\u00e8cades ens resultaries impossible d\u2019imaginar. L\u2019adaptaci\u00f3 als\nnous sistemes ha portat impl\u00edcit la necessitat d\u2019una professionalitzaci\u00f3 del\nsector i ha crescut en rellev\u00e0ncia el fet de tenir equips t\u00e8cnics molt ben\nformats per a treure el m\u00e0xim partit als nous equips de gesti\u00f3 de continguts.<\/p>\n\n\n\n<p>Avui parlem de les novetats del mercat i de les seves particularitats.<\/p>\n\n\n\n<div style=\"height:40px\" aria-hidden=\"true\" class=\"wp-block-spacer\"><\/div>\n\n\n\n<h2 style=\"color:#ff0000;\">Equips de gesti\u00f3 de continguts i gesti\u00f3 d\u2019imatge<\/h2>\n\n\n\n<p>Comencem amb <strong>Christie Spyder X20<\/strong>. <a href=\"https:\/\/eikonos.com\/ca\/portfolio_page\/sistemes-de-control\/\">Aquest sistema de control<\/a> ofereix la combinaci\u00f3 d\u2019un processador de v\u00eddeo amb la flexibilitat que t\u00e9 una matriu de commutaci\u00f3 de v\u00eddeo. Permet convertir de forma f\u00e0cil una senyal a qualsevol combinaci\u00f3 de dispositius de visualitzaci\u00f3.<\/p>\n\n\n\n<p>Amb ell es\npoden manejar diverses pantalles amb qualsevol combinaci\u00f3 d\u2019aplicacions de\npantalla ampla, \u00fanica i multi-pantalla combinades, aconseguint m\u00e9s brillo, imatge\nde millor qualitat i resoluci\u00f3.<\/p>\n\n\n\n<p>Pel que fa\nals efectes visuals creatius, no importa l\u2019entrada que sigui, donat que podr\u00e0\nfuncionar com a un canal natiu d\u2019alta resoluci\u00f3, PIP escalat, fons calat o canal\nclau en qualsevol que sigui la pantalla del sistema.<\/p>\n\n\n\n<p>El <strong>Christie Spyder X20<\/strong> d\u00f3na a l\u2019usuari un ample de banda de 20 mega p\u00edxels per a 16 capes de v\u00eddeo de combinacions, mescles, finestres i escales sense restriccions. Tot aix\u00f2 juntament amb efectes de fotogrames clau per a capacitats de programaci\u00f3 de contingut din\u00e0mic en entorns de v\u00eddeo en viu i pre-programats. <\/p>\n\n\n\n<p>Entre els seus avantatges destaca que \u00e9s de f\u00e0cil implementaci\u00f3 i instal\u00b7laci\u00f3 junt amb tots els components en una unitat, redueix visiblement la quantitat de caixes, cables i espai en rack que pot necessitar. Aix\u00ed mateix, es poden agregar entrades, sortides i p\u00edxels amb capacitats potents d\u2019expensi\u00f3 que permeten que les entrades\/sortides d\u2019altres sistemes Christie Spyder contribueixin a un sol espai de p\u00edxels. <\/p>\n\n\n\n<div style=\"height:40px\" aria-hidden=\"true\" class=\"wp-block-spacer\"><\/div>\n\n\n\n<h2 style=\"color:#ff0000;\">Sistemes de gesti\u00f3 de continguts<\/h2>\n\n\n\n<p>Pel que fa\nal <strong>sistema de gesti\u00f3 de continguts <\/strong>&nbsp;destaca el <strong>Dataton Wachout 7.0<\/strong>. Aquest software de reproducci\u00f3 de continguts\nmulti-pantalla. Pr\u00e8via programaci\u00f3, determina les destinacions de les diferents\nsenyals, els seus temps de durada, efectes i transicions entre unes i altres.<\/p>\n\n\n\n<p>Addicionalment,\nel <strong>Dataton Wachout 7.0 <\/strong>compta amb\nuna \u00e0mplia capacitat de control de la geometria de la imatge. \u00c9s rellevant\ndonat que ajuda a realitzar els ajustos necessaris de la projecci\u00f3, facilitant\nd\u2019aquesta manera el poder adaptar-la a superf\u00edcies que no s\u00f3n planes com poden\nser cantonades, cercles, etc.<\/p>\n\n\n\n<p>Tamb\u00e9 \u00e9s una excel\u00b7lent opci\u00f3 per a <a href=\"https:\/\/eikonos.com\/ca\/blog\/installacions-interactives-museus-exposicions\/\">instal\u00b7lacions fixes o moment\u00e0nies com els museus<\/a>, stands o esdeveniments on no es necessitin fer molts canvis en directe, sent ideal quan es necessiten reproduccions del show d\u2019imatge d\u2019una forma cont\u00ednua i completament automatitzada. <\/p>\n\n\n\n<div style=\"height:40px\" aria-hidden=\"true\" class=\"wp-block-spacer\"><\/div>\n\n\n\n<p>Vols m\u00e9s informaci\u00f3 o detalls sobre els equips de gesti\u00f3 de contingut? <strong><em>Parlem!<\/em><\/strong><\/p>\n\n\n\n<figure class=\"wp-block-image\"><a href=\"https:\/\/eikonos.com\/ca\/serveis\/creacio-de-continguts\/\"><img loading=\"lazy\" decoding=\"async\" width=\"741\" height=\"250\" src=\"https:\/\/eikonos.com\/wp-content\/uploads\/2019\/03\/eikonos-cta-creacio-contingut-1.jpg\" alt=\"EIKONOS Creaci\u00f3 de continguts\" class=\"wp-image-6250\" srcset=\"https:\/\/eikonos.com\/wp-content\/uploads\/2019\/03\/eikonos-cta-creacio-contingut-1.jpg 741w, https:\/\/eikonos.com\/wp-content\/uploads\/2019\/03\/eikonos-cta-creacio-contingut-1-300x101.jpg 300w\" sizes=\"auto, (max-width: 741px) 100vw, 741px\" \/><\/a><\/figure>\n","protected":false},"excerpt":{"rendered":"<p>La tecnologia ha revolucionat la forma en la qual treballem. Amb ella van arribar noves&#8230;<\/p>\n","protected":false},"author":6,"featured_media":6852,"comment_status":"open","ping_status":"open","sticky":false,"template":"","format":"standard","meta":{"_acf_changed":false,"footnotes":""},"categories":[257],"tags":[],"class_list":["post-6880","post","type-post","status-publish","format-standard","has-post-thumbnail","hentry","category-creacio-de-continguts"],"acf":[],"yoast_head":"<!-- This site is optimized with the Yoast SEO plugin v26.3 - https:\/\/yoast.com\/wordpress\/plugins\/seo\/ -->\n<title>Sistemes i equips de gesti\u00f3 de continguts i composici\u00f3 d\u2019imatge | EIKONOS<\/title>\n<meta name=\"description\" content=\"Descobreix com treure el m\u00e0xim partit als nous equips de gesti\u00f3 de continguts i comptar amb un equip audiovisual de qualitat\" \/>\n<meta name=\"robots\" content=\"index, follow, max-snippet:-1, max-image-preview:large, max-video-preview:-1\" \/>\n<link rel=\"canonical\" href=\"https:\/\/eikonos.com\/ca\/blog\/sistemes-equips-gestio-continguts-composicio-imatge\/\" \/>\n<meta property=\"og:locale\" content=\"ca_ES\" \/>\n<meta property=\"og:type\" content=\"article\" \/>\n<meta property=\"og:title\" content=\"Sistemes i equips de gesti\u00f3 de continguts i composici\u00f3 d\u2019imatge | EIKONOS\" \/>\n<meta property=\"og:description\" content=\"Descobreix com treure el m\u00e0xim partit als nous equips de gesti\u00f3 de continguts i comptar amb un equip audiovisual de qualitat\" \/>\n<meta property=\"og:url\" content=\"https:\/\/eikonos.com\/ca\/blog\/sistemes-equips-gestio-continguts-composicio-imatge\/\" \/>\n<meta property=\"og:site_name\" content=\"EIKONOS\" \/>\n<meta property=\"article:publisher\" content=\"http:\/\/www.facebook.com\/pages\/Eikonos\/176324785746790\" \/>\n<meta property=\"article:published_time\" content=\"2019-06-04T11:29:03+00:00\" \/>\n<meta property=\"og:image\" content=\"https:\/\/eikonos.com\/wp-content\/uploads\/2019\/07\/equipos-gestion-contenidos-2.jpg\" \/>\n\t<meta property=\"og:image:width\" content=\"724\" \/>\n\t<meta property=\"og:image:height\" content=\"432\" \/>\n\t<meta property=\"og:image:type\" content=\"image\/jpeg\" \/>\n<meta name=\"author\" content=\"Xavi Eikonos\" \/>\n<meta name=\"twitter:card\" content=\"summary_large_image\" \/>\n<meta name=\"twitter:creator\" content=\"@eikonos_sa\" \/>\n<meta name=\"twitter:site\" content=\"@eikonos_sa\" \/>\n<meta name=\"twitter:label1\" content=\"Escrit per\" \/>\n\t<meta name=\"twitter:data1\" content=\"Xavi Eikonos\" \/>\n\t<meta name=\"twitter:label2\" content=\"Temps estimat de lectura\" \/>\n\t<meta name=\"twitter:data2\" content=\"3 minuts\" \/>\n<script type=\"application\/ld+json\" class=\"yoast-schema-graph\">{\"@context\":\"https:\/\/schema.org\",\"@graph\":[{\"@type\":\"Article\",\"@id\":\"https:\/\/eikonos.com\/ca\/blog\/sistemes-equips-gestio-continguts-composicio-imatge\/#article\",\"isPartOf\":{\"@id\":\"https:\/\/eikonos.com\/ca\/blog\/sistemes-equips-gestio-continguts-composicio-imatge\/\"},\"author\":{\"name\":\"Xavi Eikonos\",\"@id\":\"https:\/\/eikonos.com\/ca\/#\/schema\/person\/82032860cc314d826959b90595a5280a\"},\"headline\":\"Sistemes i equips de gesti\u00f3 de continguts i composici\u00f3 d\u2019imatge\",\"datePublished\":\"2019-06-04T11:29:03+00:00\",\"mainEntityOfPage\":{\"@id\":\"https:\/\/eikonos.com\/ca\/blog\/sistemes-equips-gestio-continguts-composicio-imatge\/\"},\"wordCount\":542,\"commentCount\":0,\"publisher\":{\"@id\":\"https:\/\/eikonos.com\/ca\/#organization\"},\"image\":{\"@id\":\"https:\/\/eikonos.com\/ca\/blog\/sistemes-equips-gestio-continguts-composicio-imatge\/#primaryimage\"},\"thumbnailUrl\":\"https:\/\/eikonos.com\/wp-content\/uploads\/2019\/07\/equipos-gestion-contenidos-2.jpg\",\"articleSection\":[\"Creaci\u00f3 de continguts\"],\"inLanguage\":\"ca\",\"potentialAction\":[{\"@type\":\"CommentAction\",\"name\":\"Comment\",\"target\":[\"https:\/\/eikonos.com\/ca\/blog\/sistemes-equips-gestio-continguts-composicio-imatge\/#respond\"]}]},{\"@type\":\"WebPage\",\"@id\":\"https:\/\/eikonos.com\/ca\/blog\/sistemes-equips-gestio-continguts-composicio-imatge\/\",\"url\":\"https:\/\/eikonos.com\/ca\/blog\/sistemes-equips-gestio-continguts-composicio-imatge\/\",\"name\":\"Sistemes i equips de gesti\u00f3 de continguts i composici\u00f3 d\u2019imatge | EIKONOS\",\"isPartOf\":{\"@id\":\"https:\/\/eikonos.com\/ca\/#website\"},\"primaryImageOfPage\":{\"@id\":\"https:\/\/eikonos.com\/ca\/blog\/sistemes-equips-gestio-continguts-composicio-imatge\/#primaryimage\"},\"image\":{\"@id\":\"https:\/\/eikonos.com\/ca\/blog\/sistemes-equips-gestio-continguts-composicio-imatge\/#primaryimage\"},\"thumbnailUrl\":\"https:\/\/eikonos.com\/wp-content\/uploads\/2019\/07\/equipos-gestion-contenidos-2.jpg\",\"datePublished\":\"2019-06-04T11:29:03+00:00\",\"description\":\"Descobreix com treure el m\u00e0xim partit als nous equips de gesti\u00f3 de continguts i comptar amb un equip audiovisual de qualitat\",\"breadcrumb\":{\"@id\":\"https:\/\/eikonos.com\/ca\/blog\/sistemes-equips-gestio-continguts-composicio-imatge\/#breadcrumb\"},\"inLanguage\":\"ca\",\"potentialAction\":[{\"@type\":\"ReadAction\",\"target\":[\"https:\/\/eikonos.com\/ca\/blog\/sistemes-equips-gestio-continguts-composicio-imatge\/\"]}]},{\"@type\":\"ImageObject\",\"inLanguage\":\"ca\",\"@id\":\"https:\/\/eikonos.com\/ca\/blog\/sistemes-equips-gestio-continguts-composicio-imatge\/#primaryimage\",\"url\":\"https:\/\/eikonos.com\/wp-content\/uploads\/2019\/07\/equipos-gestion-contenidos-2.jpg\",\"contentUrl\":\"https:\/\/eikonos.com\/wp-content\/uploads\/2019\/07\/equipos-gestion-contenidos-2.jpg\",\"width\":724,\"height\":432,\"caption\":\"equipos de gesti\u00f3n de contenidos\"},{\"@type\":\"BreadcrumbList\",\"@id\":\"https:\/\/eikonos.com\/ca\/blog\/sistemes-equips-gestio-continguts-composicio-imatge\/#breadcrumb\",\"itemListElement\":[{\"@type\":\"ListItem\",\"position\":1,\"name\":\"EIKONOS\",\"item\":\"https:\/\/eikonos.com\/ca\/inici\/\"},{\"@type\":\"ListItem\",\"position\":2,\"name\":\"Sistemes i equips de gesti\u00f3 de continguts i composici\u00f3 d\u2019imatge\"}]},{\"@type\":\"WebSite\",\"@id\":\"https:\/\/eikonos.com\/ca\/#website\",\"url\":\"https:\/\/eikonos.com\/ca\/\",\"name\":\"EIKONOS\",\"description\":\"EXPERIENCIA AUDIOVISUAL\",\"publisher\":{\"@id\":\"https:\/\/eikonos.com\/ca\/#organization\"},\"potentialAction\":[{\"@type\":\"SearchAction\",\"target\":{\"@type\":\"EntryPoint\",\"urlTemplate\":\"https:\/\/eikonos.com\/ca\/?s={search_term_string}\"},\"query-input\":{\"@type\":\"PropertyValueSpecification\",\"valueRequired\":true,\"valueName\":\"search_term_string\"}}],\"inLanguage\":\"ca\"},{\"@type\":\"Organization\",\"@id\":\"https:\/\/eikonos.com\/ca\/#organization\",\"name\":\"EIKONOS | Servicios Audiovisuales, eventos y alquiler de equipos\",\"url\":\"https:\/\/eikonos.com\/ca\/\",\"logo\":{\"@type\":\"ImageObject\",\"inLanguage\":\"ca\",\"@id\":\"https:\/\/eikonos.com\/ca\/#\/schema\/logo\/image\/\",\"url\":\"https:\/\/eikonos.com\/wp-content\/uploads\/2020\/08\/logo-color.png\",\"contentUrl\":\"https:\/\/eikonos.com\/wp-content\/uploads\/2020\/08\/logo-color.png\",\"width\":376,\"height\":122,\"caption\":\"EIKONOS | Servicios Audiovisuales, eventos y alquiler de equipos\"},\"image\":{\"@id\":\"https:\/\/eikonos.com\/ca\/#\/schema\/logo\/image\/\"},\"sameAs\":[\"http:\/\/www.facebook.com\/pages\/Eikonos\/176324785746790\",\"https:\/\/x.com\/eikonos_sa\",\"http:\/\/www.linkedin.com\/company\/eikonos\",\"http:\/\/www.youtube.com\/channel\/UC8wcizWaAYbfsuqVf9wIT6w\"]},{\"@type\":\"Person\",\"@id\":\"https:\/\/eikonos.com\/ca\/#\/schema\/person\/82032860cc314d826959b90595a5280a\",\"name\":\"Xavi Eikonos\",\"image\":{\"@type\":\"ImageObject\",\"inLanguage\":\"ca\",\"@id\":\"https:\/\/eikonos.com\/ca\/#\/schema\/person\/image\/\",\"url\":\"https:\/\/secure.gravatar.com\/avatar\/a6c6b51dd0ac6902701aab24a914f6febe1518f94a5ae06db08b3d6107248dfd?s=96&d=mm&r=g\",\"contentUrl\":\"https:\/\/secure.gravatar.com\/avatar\/a6c6b51dd0ac6902701aab24a914f6febe1518f94a5ae06db08b3d6107248dfd?s=96&d=mm&r=g\",\"caption\":\"Xavi Eikonos\"}}]}<\/script>\n<!-- \/ Yoast SEO plugin. -->","yoast_head_json":{"title":"Sistemes i equips de gesti\u00f3 de continguts i composici\u00f3 d\u2019imatge | EIKONOS","description":"Descobreix com treure el m\u00e0xim partit als nous equips de gesti\u00f3 de continguts i comptar amb un equip audiovisual de qualitat","robots":{"index":"index","follow":"follow","max-snippet":"max-snippet:-1","max-image-preview":"max-image-preview:large","max-video-preview":"max-video-preview:-1"},"canonical":"https:\/\/eikonos.com\/ca\/blog\/sistemes-equips-gestio-continguts-composicio-imatge\/","og_locale":"ca_ES","og_type":"article","og_title":"Sistemes i equips de gesti\u00f3 de continguts i composici\u00f3 d\u2019imatge | EIKONOS","og_description":"Descobreix com treure el m\u00e0xim partit als nous equips de gesti\u00f3 de continguts i comptar amb un equip audiovisual de qualitat","og_url":"https:\/\/eikonos.com\/ca\/blog\/sistemes-equips-gestio-continguts-composicio-imatge\/","og_site_name":"EIKONOS","article_publisher":"http:\/\/www.facebook.com\/pages\/Eikonos\/176324785746790","article_published_time":"2019-06-04T11:29:03+00:00","og_image":[{"width":724,"height":432,"url":"https:\/\/eikonos.com\/wp-content\/uploads\/2019\/07\/equipos-gestion-contenidos-2.jpg","type":"image\/jpeg"}],"author":"Xavi Eikonos","twitter_card":"summary_large_image","twitter_creator":"@eikonos_sa","twitter_site":"@eikonos_sa","twitter_misc":{"Escrit per":"Xavi Eikonos","Temps estimat de lectura":"3 minuts"},"schema":{"@context":"https:\/\/schema.org","@graph":[{"@type":"Article","@id":"https:\/\/eikonos.com\/ca\/blog\/sistemes-equips-gestio-continguts-composicio-imatge\/#article","isPartOf":{"@id":"https:\/\/eikonos.com\/ca\/blog\/sistemes-equips-gestio-continguts-composicio-imatge\/"},"author":{"name":"Xavi Eikonos","@id":"https:\/\/eikonos.com\/ca\/#\/schema\/person\/82032860cc314d826959b90595a5280a"},"headline":"Sistemes i equips de gesti\u00f3 de continguts i composici\u00f3 d\u2019imatge","datePublished":"2019-06-04T11:29:03+00:00","mainEntityOfPage":{"@id":"https:\/\/eikonos.com\/ca\/blog\/sistemes-equips-gestio-continguts-composicio-imatge\/"},"wordCount":542,"commentCount":0,"publisher":{"@id":"https:\/\/eikonos.com\/ca\/#organization"},"image":{"@id":"https:\/\/eikonos.com\/ca\/blog\/sistemes-equips-gestio-continguts-composicio-imatge\/#primaryimage"},"thumbnailUrl":"https:\/\/eikonos.com\/wp-content\/uploads\/2019\/07\/equipos-gestion-contenidos-2.jpg","articleSection":["Creaci\u00f3 de continguts"],"inLanguage":"ca","potentialAction":[{"@type":"CommentAction","name":"Comment","target":["https:\/\/eikonos.com\/ca\/blog\/sistemes-equips-gestio-continguts-composicio-imatge\/#respond"]}]},{"@type":"WebPage","@id":"https:\/\/eikonos.com\/ca\/blog\/sistemes-equips-gestio-continguts-composicio-imatge\/","url":"https:\/\/eikonos.com\/ca\/blog\/sistemes-equips-gestio-continguts-composicio-imatge\/","name":"Sistemes i equips de gesti\u00f3 de continguts i composici\u00f3 d\u2019imatge | EIKONOS","isPartOf":{"@id":"https:\/\/eikonos.com\/ca\/#website"},"primaryImageOfPage":{"@id":"https:\/\/eikonos.com\/ca\/blog\/sistemes-equips-gestio-continguts-composicio-imatge\/#primaryimage"},"image":{"@id":"https:\/\/eikonos.com\/ca\/blog\/sistemes-equips-gestio-continguts-composicio-imatge\/#primaryimage"},"thumbnailUrl":"https:\/\/eikonos.com\/wp-content\/uploads\/2019\/07\/equipos-gestion-contenidos-2.jpg","datePublished":"2019-06-04T11:29:03+00:00","description":"Descobreix com treure el m\u00e0xim partit als nous equips de gesti\u00f3 de continguts i comptar amb un equip audiovisual de qualitat","breadcrumb":{"@id":"https:\/\/eikonos.com\/ca\/blog\/sistemes-equips-gestio-continguts-composicio-imatge\/#breadcrumb"},"inLanguage":"ca","potentialAction":[{"@type":"ReadAction","target":["https:\/\/eikonos.com\/ca\/blog\/sistemes-equips-gestio-continguts-composicio-imatge\/"]}]},{"@type":"ImageObject","inLanguage":"ca","@id":"https:\/\/eikonos.com\/ca\/blog\/sistemes-equips-gestio-continguts-composicio-imatge\/#primaryimage","url":"https:\/\/eikonos.com\/wp-content\/uploads\/2019\/07\/equipos-gestion-contenidos-2.jpg","contentUrl":"https:\/\/eikonos.com\/wp-content\/uploads\/2019\/07\/equipos-gestion-contenidos-2.jpg","width":724,"height":432,"caption":"equipos de gesti\u00f3n de contenidos"},{"@type":"BreadcrumbList","@id":"https:\/\/eikonos.com\/ca\/blog\/sistemes-equips-gestio-continguts-composicio-imatge\/#breadcrumb","itemListElement":[{"@type":"ListItem","position":1,"name":"EIKONOS","item":"https:\/\/eikonos.com\/ca\/inici\/"},{"@type":"ListItem","position":2,"name":"Sistemes i equips de gesti\u00f3 de continguts i composici\u00f3 d\u2019imatge"}]},{"@type":"WebSite","@id":"https:\/\/eikonos.com\/ca\/#website","url":"https:\/\/eikonos.com\/ca\/","name":"EIKONOS","description":"EXPERIENCIA AUDIOVISUAL","publisher":{"@id":"https:\/\/eikonos.com\/ca\/#organization"},"potentialAction":[{"@type":"SearchAction","target":{"@type":"EntryPoint","urlTemplate":"https:\/\/eikonos.com\/ca\/?s={search_term_string}"},"query-input":{"@type":"PropertyValueSpecification","valueRequired":true,"valueName":"search_term_string"}}],"inLanguage":"ca"},{"@type":"Organization","@id":"https:\/\/eikonos.com\/ca\/#organization","name":"EIKONOS | Servicios Audiovisuales, eventos y alquiler de equipos","url":"https:\/\/eikonos.com\/ca\/","logo":{"@type":"ImageObject","inLanguage":"ca","@id":"https:\/\/eikonos.com\/ca\/#\/schema\/logo\/image\/","url":"https:\/\/eikonos.com\/wp-content\/uploads\/2020\/08\/logo-color.png","contentUrl":"https:\/\/eikonos.com\/wp-content\/uploads\/2020\/08\/logo-color.png","width":376,"height":122,"caption":"EIKONOS | Servicios Audiovisuales, eventos y alquiler de equipos"},"image":{"@id":"https:\/\/eikonos.com\/ca\/#\/schema\/logo\/image\/"},"sameAs":["http:\/\/www.facebook.com\/pages\/Eikonos\/176324785746790","https:\/\/x.com\/eikonos_sa","http:\/\/www.linkedin.com\/company\/eikonos","http:\/\/www.youtube.com\/channel\/UC8wcizWaAYbfsuqVf9wIT6w"]},{"@type":"Person","@id":"https:\/\/eikonos.com\/ca\/#\/schema\/person\/82032860cc314d826959b90595a5280a","name":"Xavi Eikonos","image":{"@type":"ImageObject","inLanguage":"ca","@id":"https:\/\/eikonos.com\/ca\/#\/schema\/person\/image\/","url":"https:\/\/secure.gravatar.com\/avatar\/a6c6b51dd0ac6902701aab24a914f6febe1518f94a5ae06db08b3d6107248dfd?s=96&d=mm&r=g","contentUrl":"https:\/\/secure.gravatar.com\/avatar\/a6c6b51dd0ac6902701aab24a914f6febe1518f94a5ae06db08b3d6107248dfd?s=96&d=mm&r=g","caption":"Xavi Eikonos"}}]}},"_links":{"self":[{"href":"https:\/\/eikonos.com\/ca\/wp-json\/wp\/v2\/posts\/6880","targetHints":{"allow":["GET"]}}],"collection":[{"href":"https:\/\/eikonos.com\/ca\/wp-json\/wp\/v2\/posts"}],"about":[{"href":"https:\/\/eikonos.com\/ca\/wp-json\/wp\/v2\/types\/post"}],"author":[{"embeddable":true,"href":"https:\/\/eikonos.com\/ca\/wp-json\/wp\/v2\/users\/6"}],"replies":[{"embeddable":true,"href":"https:\/\/eikonos.com\/ca\/wp-json\/wp\/v2\/comments?post=6880"}],"version-history":[{"count":0,"href":"https:\/\/eikonos.com\/ca\/wp-json\/wp\/v2\/posts\/6880\/revisions"}],"wp:featuredmedia":[{"embeddable":true,"href":"https:\/\/eikonos.com\/ca\/wp-json\/wp\/v2\/media\/6852"}],"wp:attachment":[{"href":"https:\/\/eikonos.com\/ca\/wp-json\/wp\/v2\/media?parent=6880"}],"wp:term":[{"taxonomy":"category","embeddable":true,"href":"https:\/\/eikonos.com\/ca\/wp-json\/wp\/v2\/categories?post=6880"},{"taxonomy":"post_tag","embeddable":true,"href":"https:\/\/eikonos.com\/ca\/wp-json\/wp\/v2\/tags?post=6880"}],"curies":[{"name":"wp","href":"https:\/\/api.w.org\/{rel}","templated":true}]}}