{"id":6871,"date":"2019-05-28T12:57:25","date_gmt":"2019-05-28T10:57:25","guid":{"rendered":"https:\/\/eikonos.com\/?p=6871"},"modified":"2019-05-28T12:57:25","modified_gmt":"2019-05-28T10:57:25","slug":"claus-organitzar-roadshow-marca","status":"publish","type":"post","link":"https:\/\/eikonos.com\/ca\/blog\/claus-organitzar-roadshow-marca\/","title":{"rendered":"6 claus per a organitzar un roadshow per a la teva marca"},"content":{"rendered":"\n<p>Una de les\nregles d\u2019or del m\u00e0rqueting \u00e9s <strong>\u201cestar on\nest\u00e0 el nostre objectiu\u201d<\/strong> i el <a href=\"https:\/\/eikonos.com\/ca\/portfolio_page\/roadshow\/\">roadshow (tour\npromocional)<\/a> forma part de les activitats que potencien l\u2019empatia i\nfaciliten la connexi\u00f3 amb els clients.<\/p>\n\n\n\n<p>Estar junt a la nostra audi\u00e8ncia genera un clima inigualable, dif\u00edcil d\u2019aconseguir amb qualsevol altre format de comunicaci\u00f3. L\u2019objectiu del roadshow \u00e9s atraure l\u2019atenci\u00f3 de la gent abans, durant i despr\u00e9s d\u2019un esdeveniment.  <\/p>\n\n\n\n<p>Tots ho tenim en ment i pot ser molt interessant incloure en el nostre pr\u00f2xim pla d\u2019actuacions per\u00f2, com organitzar un roadshow en un oce\u00e0 d\u2019ofertes comercials i marques on cada dia \u00e9s m\u00e9s dif\u00edcil destacar? <\/p>\n\n\n\n<div style=\"height:40px\" aria-hidden=\"true\" class=\"wp-block-spacer\"><\/div>\n\n\n\n<h2 style=\"color: #ff0000;\">Com organitzar un roadshow per a aconseguir objectius de marca<\/h2>\n\n\n\n<p><strong>Objectius<\/strong>. Es fa impossible comen\u00e7ar una activitat promocional si no es t\u00e9 clar el que es busca. Per aix\u00f2 \u00e9s tan important la <strong>planificaci\u00f3 detalladament<\/strong>. Inclou identificar els missatges a comunicar, cuidar els fullets i\/o l\u2019ocupaci\u00f3 de la via p\u00fablica en els diferents municipis pels quals passar\u00e0 el tour. Tanmateix, s\u2019han d\u2019identificar les \u00e0rees a on el target es trobi m\u00e9s concentrar i com ens aproparem a ells. \u00c9s m\u00e9s f\u00e0cil si confies en un prove\u00efdor especialitzar en activitats de <em>field marketing<\/em>.<\/p>\n\n\n\n<figure class=\"wp-block-image\"><img loading=\"lazy\" decoding=\"async\" width=\"600\" height=\"350\" src=\"https:\/\/eikonos.com\/wp-content\/uploads\/2019\/07\/roadshow-marcas-2.jpg\" alt=\"organizar un roadshow\" class=\"wp-image-6843\" srcset=\"https:\/\/eikonos.com\/wp-content\/uploads\/2019\/07\/roadshow-marcas-2.jpg 600w, https:\/\/eikonos.com\/wp-content\/uploads\/2019\/07\/roadshow-marcas-2-300x175.jpg 300w\" sizes=\"auto, (max-width: 600px) 100vw, 600px\" \/><\/figure>\n\n\n\n<div style=\"height:40px\" aria-hidden=\"true\" class=\"wp-block-spacer\"><\/div>\n\n\n\n<p><strong>Team Leader<\/strong>: ens referim a l\u2019ambaixador de la marca i persona que la representa durant la gira des de tots els punts de vista. Ha de tenir les habilitats necess\u00e0ries, aix\u00ed com saber gestionar la classe d\u2019activitat que s\u2019estar\u00e0 duent a cap durant el recorregut. La seva tasca \u00e9s informar de l\u2019esdeveniment i actuar com a mediador entre e client final (o potencial) i l\u2019empresa. <\/p>\n\n\n\n<p><strong>Staff<\/strong>: el personal ha de con\u00e8ixer a la\nperfecci\u00f3 totes les activitats que es realitzaran. No obstant aix\u00f2, val la pena\nfer una bona selecci\u00f3 i que mostrin obertament la seva vinculaci\u00f3 amb els\nvalors de la marca, els seus productes i\/o serveis i els missatges de\ncomunicaci\u00f3, entre altres. <\/p>\n\n\n\n<p><strong>Material corporatiu: <\/strong>es recomana comptar amb\nmerchandising. No regalis detalls que passin desapercebuts, no vulguis tirar\nels diners. Com qualsevol canal de m\u00e0rqueting, els elements corporatius que\nutilitzem per a regalar han d\u2019apropar-nos al client de la forma correcta i\ngenerant l\u2019experi\u00e8ncia adequada. Un bon detall \u00e9s un bon record.<\/p>\n\n\n\n<p><strong>C\u00e0tering<\/strong>: no hi ha un bon roadshow que es pre\u00ef sense el seu apetible c\u00e0tering. Sigues gener\u00f3s i adequa la teva proposta a l\u2019edat, moda i expectatives de la teva audi\u00e8ncia. El p\u00fablic pot ser molt divers aix\u00ed que tingues en compte variants com menjar vegetari\u00e0, sense gluten i amb control d\u2019al\u00b7l\u00e8rgens.&nbsp; <\/p>\n\n\n\n<p><strong>Equip t\u00e8cnic<\/strong>: res d\u2019aix\u00f2 ser\u00e0 possible sense un equip t\u00e8cnic preparat que garanteixi que l\u2019execuci\u00f3 del roadshow sigui impecable. En Eikonos contem amb professionals amb d\u00e8cades d\u2019experi\u00e8ncia en aquesta l\u00ednia, tant en mat\u00e8ria de suport audiovisual per a roadshows, com en assist\u00e8ncia t\u00e8cnica durant tot l\u2019esdeveniment, lloguer d\u2019equips, muntatge, etc\u00e8tera. <\/p>\n\n\n\n<div style=\"height:40px\" aria-hidden=\"true\" class=\"wp-block-spacer\"><\/div>\n\n\n\n<p>Ara que ja saps com <a href=\"https:\/\/eikonos.com\/ca\/blog\/recursos-audiovisuals-en-el-teu-roadshow-per-promocionar-la-marca\/\">organitzar un roadshow per a promocionar el teu negoci<\/a>, nom\u00e9s et queda incloure-ho en l\u2019estrat\u00e8gia de m\u00e0rqueting. Vols un pressupost personalitzat i una proposta adhoc per al teu projecte? <strong><em>Parlem!<\/em><\/strong><\/p>\n\n\n\n<figure class=\"wp-block-image\"><img loading=\"lazy\" decoding=\"async\" width=\"741\" height=\"250\" src=\"https:\/\/eikonos.com\/wp-content\/uploads\/2019\/01\/eikonos-cta-organitzacio-esdeveniments-audiovisuals-1.png\" alt=\"EIKONOS serveis audiovisuals per a esdeveniments\" class=\"wp-image-6099\" srcset=\"https:\/\/eikonos.com\/wp-content\/uploads\/2019\/01\/eikonos-cta-organitzacio-esdeveniments-audiovisuals-1.png 741w, https:\/\/eikonos.com\/wp-content\/uploads\/2019\/01\/eikonos-cta-organitzacio-esdeveniments-audiovisuals-1-300x101.png 300w\" sizes=\"auto, (max-width: 741px) 100vw, 741px\" \/><\/figure>\n","protected":false},"excerpt":{"rendered":"<p>Una de les regles d\u2019or del m\u00e0rqueting \u00e9s \u201cestar on est\u00e0 el nostre objectiu\u201d i&#8230;<\/p>\n","protected":false},"author":6,"featured_media":6837,"comment_status":"open","ping_status":"open","sticky":false,"template":"","format":"standard","meta":{"_acf_changed":false,"footnotes":""},"categories":[268],"tags":[],"class_list":["post-6871","post","type-post","status-publish","format-standard","has-post-thumbnail","hentry","category-eikonos-ca"],"acf":[],"yoast_head":"<!-- This site is optimized with the Yoast SEO plugin v26.3 - https:\/\/yoast.com\/wordpress\/plugins\/seo\/ -->\n<title>6 claus per a organitzar un roadshow per a la teva marca | Eikonos<\/title>\n<meta name=\"description\" content=\"Saps com organitzar un roadshow? Descobreix el potencial d&#039;aquesta t\u00e8cnica per a incloure-la en el teu pla d&#039;acci\u00f3 per a promocionar la teva marca.\" \/>\n<meta name=\"robots\" content=\"index, follow, max-snippet:-1, max-image-preview:large, max-video-preview:-1\" \/>\n<link rel=\"canonical\" href=\"https:\/\/eikonos.com\/ca\/blog\/claus-organitzar-roadshow-marca\/\" \/>\n<meta property=\"og:locale\" content=\"ca_ES\" \/>\n<meta property=\"og:type\" content=\"article\" \/>\n<meta property=\"og:title\" content=\"6 claus per a organitzar un roadshow per a la teva marca | Eikonos\" \/>\n<meta property=\"og:description\" content=\"Saps com organitzar un roadshow? Descobreix el potencial d&#039;aquesta t\u00e8cnica per a incloure-la en el teu pla d&#039;acci\u00f3 per a promocionar la teva marca.\" \/>\n<meta property=\"og:url\" content=\"https:\/\/eikonos.com\/ca\/blog\/claus-organitzar-roadshow-marca\/\" \/>\n<meta property=\"og:site_name\" content=\"EIKONOS\" \/>\n<meta property=\"article:publisher\" content=\"http:\/\/www.facebook.com\/pages\/Eikonos\/176324785746790\" \/>\n<meta property=\"article:published_time\" content=\"2019-05-28T10:57:25+00:00\" \/>\n<meta property=\"og:image\" content=\"https:\/\/eikonos.com\/wp-content\/uploads\/2019\/07\/como-organizar-roadshow-2.jpg\" \/>\n\t<meta property=\"og:image:width\" content=\"724\" \/>\n\t<meta property=\"og:image:height\" content=\"432\" \/>\n\t<meta property=\"og:image:type\" content=\"image\/jpeg\" \/>\n<meta name=\"author\" content=\"Xavi Eikonos\" \/>\n<meta name=\"twitter:card\" content=\"summary_large_image\" \/>\n<meta name=\"twitter:creator\" content=\"@eikonos_sa\" \/>\n<meta name=\"twitter:site\" content=\"@eikonos_sa\" \/>\n<meta name=\"twitter:label1\" content=\"Escrit per\" \/>\n\t<meta name=\"twitter:data1\" content=\"Xavi Eikonos\" \/>\n\t<meta name=\"twitter:label2\" content=\"Temps estimat de lectura\" \/>\n\t<meta name=\"twitter:data2\" content=\"3 minuts\" \/>\n<script type=\"application\/ld+json\" class=\"yoast-schema-graph\">{\"@context\":\"https:\/\/schema.org\",\"@graph\":[{\"@type\":\"Article\",\"@id\":\"https:\/\/eikonos.com\/ca\/blog\/claus-organitzar-roadshow-marca\/#article\",\"isPartOf\":{\"@id\":\"https:\/\/eikonos.com\/ca\/blog\/claus-organitzar-roadshow-marca\/\"},\"author\":{\"name\":\"Xavi Eikonos\",\"@id\":\"https:\/\/eikonos.com\/ca\/#\/schema\/person\/82032860cc314d826959b90595a5280a\"},\"headline\":\"6 claus per a organitzar un roadshow per a la teva marca\",\"datePublished\":\"2019-05-28T10:57:25+00:00\",\"mainEntityOfPage\":{\"@id\":\"https:\/\/eikonos.com\/ca\/blog\/claus-organitzar-roadshow-marca\/\"},\"wordCount\":573,\"commentCount\":0,\"publisher\":{\"@id\":\"https:\/\/eikonos.com\/ca\/#organization\"},\"image\":{\"@id\":\"https:\/\/eikonos.com\/ca\/blog\/claus-organitzar-roadshow-marca\/#primaryimage\"},\"thumbnailUrl\":\"https:\/\/eikonos.com\/wp-content\/uploads\/2019\/07\/como-organizar-roadshow-2.jpg\",\"articleSection\":[\"Eikonos\"],\"inLanguage\":\"ca\",\"potentialAction\":[{\"@type\":\"CommentAction\",\"name\":\"Comment\",\"target\":[\"https:\/\/eikonos.com\/ca\/blog\/claus-organitzar-roadshow-marca\/#respond\"]}]},{\"@type\":\"WebPage\",\"@id\":\"https:\/\/eikonos.com\/ca\/blog\/claus-organitzar-roadshow-marca\/\",\"url\":\"https:\/\/eikonos.com\/ca\/blog\/claus-organitzar-roadshow-marca\/\",\"name\":\"6 claus per a organitzar un roadshow per a la teva marca | Eikonos\",\"isPartOf\":{\"@id\":\"https:\/\/eikonos.com\/ca\/#website\"},\"primaryImageOfPage\":{\"@id\":\"https:\/\/eikonos.com\/ca\/blog\/claus-organitzar-roadshow-marca\/#primaryimage\"},\"image\":{\"@id\":\"https:\/\/eikonos.com\/ca\/blog\/claus-organitzar-roadshow-marca\/#primaryimage\"},\"thumbnailUrl\":\"https:\/\/eikonos.com\/wp-content\/uploads\/2019\/07\/como-organizar-roadshow-2.jpg\",\"datePublished\":\"2019-05-28T10:57:25+00:00\",\"description\":\"Saps com organitzar un roadshow? Descobreix el potencial d'aquesta t\u00e8cnica per a incloure-la en el teu pla d'acci\u00f3 per a promocionar la teva marca.\",\"breadcrumb\":{\"@id\":\"https:\/\/eikonos.com\/ca\/blog\/claus-organitzar-roadshow-marca\/#breadcrumb\"},\"inLanguage\":\"ca\",\"potentialAction\":[{\"@type\":\"ReadAction\",\"target\":[\"https:\/\/eikonos.com\/ca\/blog\/claus-organitzar-roadshow-marca\/\"]}]},{\"@type\":\"ImageObject\",\"inLanguage\":\"ca\",\"@id\":\"https:\/\/eikonos.com\/ca\/blog\/claus-organitzar-roadshow-marca\/#primaryimage\",\"url\":\"https:\/\/eikonos.com\/wp-content\/uploads\/2019\/07\/como-organizar-roadshow-2.jpg\",\"contentUrl\":\"https:\/\/eikonos.com\/wp-content\/uploads\/2019\/07\/como-organizar-roadshow-2.jpg\",\"width\":724,\"height\":432,\"caption\":\"c\u00f3mo organizar un roadshow\"},{\"@type\":\"BreadcrumbList\",\"@id\":\"https:\/\/eikonos.com\/ca\/blog\/claus-organitzar-roadshow-marca\/#breadcrumb\",\"itemListElement\":[{\"@type\":\"ListItem\",\"position\":1,\"name\":\"EIKONOS\",\"item\":\"https:\/\/eikonos.com\/ca\/inici\/\"},{\"@type\":\"ListItem\",\"position\":2,\"name\":\"6 claus per a organitzar un roadshow per a la teva marca\"}]},{\"@type\":\"WebSite\",\"@id\":\"https:\/\/eikonos.com\/ca\/#website\",\"url\":\"https:\/\/eikonos.com\/ca\/\",\"name\":\"EIKONOS\",\"description\":\"EXPERIENCIA AUDIOVISUAL\",\"publisher\":{\"@id\":\"https:\/\/eikonos.com\/ca\/#organization\"},\"potentialAction\":[{\"@type\":\"SearchAction\",\"target\":{\"@type\":\"EntryPoint\",\"urlTemplate\":\"https:\/\/eikonos.com\/ca\/?s={search_term_string}\"},\"query-input\":{\"@type\":\"PropertyValueSpecification\",\"valueRequired\":true,\"valueName\":\"search_term_string\"}}],\"inLanguage\":\"ca\"},{\"@type\":\"Organization\",\"@id\":\"https:\/\/eikonos.com\/ca\/#organization\",\"name\":\"EIKONOS | Servicios Audiovisuales, eventos y alquiler de equipos\",\"url\":\"https:\/\/eikonos.com\/ca\/\",\"logo\":{\"@type\":\"ImageObject\",\"inLanguage\":\"ca\",\"@id\":\"https:\/\/eikonos.com\/ca\/#\/schema\/logo\/image\/\",\"url\":\"https:\/\/eikonos.com\/wp-content\/uploads\/2020\/08\/logo-color.png\",\"contentUrl\":\"https:\/\/eikonos.com\/wp-content\/uploads\/2020\/08\/logo-color.png\",\"width\":376,\"height\":122,\"caption\":\"EIKONOS | Servicios Audiovisuales, eventos y alquiler de equipos\"},\"image\":{\"@id\":\"https:\/\/eikonos.com\/ca\/#\/schema\/logo\/image\/\"},\"sameAs\":[\"http:\/\/www.facebook.com\/pages\/Eikonos\/176324785746790\",\"https:\/\/x.com\/eikonos_sa\",\"http:\/\/www.linkedin.com\/company\/eikonos\",\"http:\/\/www.youtube.com\/channel\/UC8wcizWaAYbfsuqVf9wIT6w\"]},{\"@type\":\"Person\",\"@id\":\"https:\/\/eikonos.com\/ca\/#\/schema\/person\/82032860cc314d826959b90595a5280a\",\"name\":\"Xavi Eikonos\",\"image\":{\"@type\":\"ImageObject\",\"inLanguage\":\"ca\",\"@id\":\"https:\/\/eikonos.com\/ca\/#\/schema\/person\/image\/\",\"url\":\"https:\/\/secure.gravatar.com\/avatar\/a6c6b51dd0ac6902701aab24a914f6febe1518f94a5ae06db08b3d6107248dfd?s=96&d=mm&r=g\",\"contentUrl\":\"https:\/\/secure.gravatar.com\/avatar\/a6c6b51dd0ac6902701aab24a914f6febe1518f94a5ae06db08b3d6107248dfd?s=96&d=mm&r=g\",\"caption\":\"Xavi Eikonos\"}}]}<\/script>\n<!-- \/ Yoast SEO plugin. -->","yoast_head_json":{"title":"6 claus per a organitzar un roadshow per a la teva marca | Eikonos","description":"Saps com organitzar un roadshow? Descobreix el potencial d'aquesta t\u00e8cnica per a incloure-la en el teu pla d'acci\u00f3 per a promocionar la teva marca.","robots":{"index":"index","follow":"follow","max-snippet":"max-snippet:-1","max-image-preview":"max-image-preview:large","max-video-preview":"max-video-preview:-1"},"canonical":"https:\/\/eikonos.com\/ca\/blog\/claus-organitzar-roadshow-marca\/","og_locale":"ca_ES","og_type":"article","og_title":"6 claus per a organitzar un roadshow per a la teva marca | Eikonos","og_description":"Saps com organitzar un roadshow? Descobreix el potencial d'aquesta t\u00e8cnica per a incloure-la en el teu pla d'acci\u00f3 per a promocionar la teva marca.","og_url":"https:\/\/eikonos.com\/ca\/blog\/claus-organitzar-roadshow-marca\/","og_site_name":"EIKONOS","article_publisher":"http:\/\/www.facebook.com\/pages\/Eikonos\/176324785746790","article_published_time":"2019-05-28T10:57:25+00:00","og_image":[{"width":724,"height":432,"url":"https:\/\/eikonos.com\/wp-content\/uploads\/2019\/07\/como-organizar-roadshow-2.jpg","type":"image\/jpeg"}],"author":"Xavi Eikonos","twitter_card":"summary_large_image","twitter_creator":"@eikonos_sa","twitter_site":"@eikonos_sa","twitter_misc":{"Escrit per":"Xavi Eikonos","Temps estimat de lectura":"3 minuts"},"schema":{"@context":"https:\/\/schema.org","@graph":[{"@type":"Article","@id":"https:\/\/eikonos.com\/ca\/blog\/claus-organitzar-roadshow-marca\/#article","isPartOf":{"@id":"https:\/\/eikonos.com\/ca\/blog\/claus-organitzar-roadshow-marca\/"},"author":{"name":"Xavi Eikonos","@id":"https:\/\/eikonos.com\/ca\/#\/schema\/person\/82032860cc314d826959b90595a5280a"},"headline":"6 claus per a organitzar un roadshow per a la teva marca","datePublished":"2019-05-28T10:57:25+00:00","mainEntityOfPage":{"@id":"https:\/\/eikonos.com\/ca\/blog\/claus-organitzar-roadshow-marca\/"},"wordCount":573,"commentCount":0,"publisher":{"@id":"https:\/\/eikonos.com\/ca\/#organization"},"image":{"@id":"https:\/\/eikonos.com\/ca\/blog\/claus-organitzar-roadshow-marca\/#primaryimage"},"thumbnailUrl":"https:\/\/eikonos.com\/wp-content\/uploads\/2019\/07\/como-organizar-roadshow-2.jpg","articleSection":["Eikonos"],"inLanguage":"ca","potentialAction":[{"@type":"CommentAction","name":"Comment","target":["https:\/\/eikonos.com\/ca\/blog\/claus-organitzar-roadshow-marca\/#respond"]}]},{"@type":"WebPage","@id":"https:\/\/eikonos.com\/ca\/blog\/claus-organitzar-roadshow-marca\/","url":"https:\/\/eikonos.com\/ca\/blog\/claus-organitzar-roadshow-marca\/","name":"6 claus per a organitzar un roadshow per a la teva marca | Eikonos","isPartOf":{"@id":"https:\/\/eikonos.com\/ca\/#website"},"primaryImageOfPage":{"@id":"https:\/\/eikonos.com\/ca\/blog\/claus-organitzar-roadshow-marca\/#primaryimage"},"image":{"@id":"https:\/\/eikonos.com\/ca\/blog\/claus-organitzar-roadshow-marca\/#primaryimage"},"thumbnailUrl":"https:\/\/eikonos.com\/wp-content\/uploads\/2019\/07\/como-organizar-roadshow-2.jpg","datePublished":"2019-05-28T10:57:25+00:00","description":"Saps com organitzar un roadshow? Descobreix el potencial d'aquesta t\u00e8cnica per a incloure-la en el teu pla d'acci\u00f3 per a promocionar la teva marca.","breadcrumb":{"@id":"https:\/\/eikonos.com\/ca\/blog\/claus-organitzar-roadshow-marca\/#breadcrumb"},"inLanguage":"ca","potentialAction":[{"@type":"ReadAction","target":["https:\/\/eikonos.com\/ca\/blog\/claus-organitzar-roadshow-marca\/"]}]},{"@type":"ImageObject","inLanguage":"ca","@id":"https:\/\/eikonos.com\/ca\/blog\/claus-organitzar-roadshow-marca\/#primaryimage","url":"https:\/\/eikonos.com\/wp-content\/uploads\/2019\/07\/como-organizar-roadshow-2.jpg","contentUrl":"https:\/\/eikonos.com\/wp-content\/uploads\/2019\/07\/como-organizar-roadshow-2.jpg","width":724,"height":432,"caption":"c\u00f3mo organizar un roadshow"},{"@type":"BreadcrumbList","@id":"https:\/\/eikonos.com\/ca\/blog\/claus-organitzar-roadshow-marca\/#breadcrumb","itemListElement":[{"@type":"ListItem","position":1,"name":"EIKONOS","item":"https:\/\/eikonos.com\/ca\/inici\/"},{"@type":"ListItem","position":2,"name":"6 claus per a organitzar un roadshow per a la teva marca"}]},{"@type":"WebSite","@id":"https:\/\/eikonos.com\/ca\/#website","url":"https:\/\/eikonos.com\/ca\/","name":"EIKONOS","description":"EXPERIENCIA AUDIOVISUAL","publisher":{"@id":"https:\/\/eikonos.com\/ca\/#organization"},"potentialAction":[{"@type":"SearchAction","target":{"@type":"EntryPoint","urlTemplate":"https:\/\/eikonos.com\/ca\/?s={search_term_string}"},"query-input":{"@type":"PropertyValueSpecification","valueRequired":true,"valueName":"search_term_string"}}],"inLanguage":"ca"},{"@type":"Organization","@id":"https:\/\/eikonos.com\/ca\/#organization","name":"EIKONOS | Servicios Audiovisuales, eventos y alquiler de equipos","url":"https:\/\/eikonos.com\/ca\/","logo":{"@type":"ImageObject","inLanguage":"ca","@id":"https:\/\/eikonos.com\/ca\/#\/schema\/logo\/image\/","url":"https:\/\/eikonos.com\/wp-content\/uploads\/2020\/08\/logo-color.png","contentUrl":"https:\/\/eikonos.com\/wp-content\/uploads\/2020\/08\/logo-color.png","width":376,"height":122,"caption":"EIKONOS | Servicios Audiovisuales, eventos y alquiler de equipos"},"image":{"@id":"https:\/\/eikonos.com\/ca\/#\/schema\/logo\/image\/"},"sameAs":["http:\/\/www.facebook.com\/pages\/Eikonos\/176324785746790","https:\/\/x.com\/eikonos_sa","http:\/\/www.linkedin.com\/company\/eikonos","http:\/\/www.youtube.com\/channel\/UC8wcizWaAYbfsuqVf9wIT6w"]},{"@type":"Person","@id":"https:\/\/eikonos.com\/ca\/#\/schema\/person\/82032860cc314d826959b90595a5280a","name":"Xavi Eikonos","image":{"@type":"ImageObject","inLanguage":"ca","@id":"https:\/\/eikonos.com\/ca\/#\/schema\/person\/image\/","url":"https:\/\/secure.gravatar.com\/avatar\/a6c6b51dd0ac6902701aab24a914f6febe1518f94a5ae06db08b3d6107248dfd?s=96&d=mm&r=g","contentUrl":"https:\/\/secure.gravatar.com\/avatar\/a6c6b51dd0ac6902701aab24a914f6febe1518f94a5ae06db08b3d6107248dfd?s=96&d=mm&r=g","caption":"Xavi Eikonos"}}]}},"_links":{"self":[{"href":"https:\/\/eikonos.com\/ca\/wp-json\/wp\/v2\/posts\/6871","targetHints":{"allow":["GET"]}}],"collection":[{"href":"https:\/\/eikonos.com\/ca\/wp-json\/wp\/v2\/posts"}],"about":[{"href":"https:\/\/eikonos.com\/ca\/wp-json\/wp\/v2\/types\/post"}],"author":[{"embeddable":true,"href":"https:\/\/eikonos.com\/ca\/wp-json\/wp\/v2\/users\/6"}],"replies":[{"embeddable":true,"href":"https:\/\/eikonos.com\/ca\/wp-json\/wp\/v2\/comments?post=6871"}],"version-history":[{"count":0,"href":"https:\/\/eikonos.com\/ca\/wp-json\/wp\/v2\/posts\/6871\/revisions"}],"wp:featuredmedia":[{"embeddable":true,"href":"https:\/\/eikonos.com\/ca\/wp-json\/wp\/v2\/media\/6837"}],"wp:attachment":[{"href":"https:\/\/eikonos.com\/ca\/wp-json\/wp\/v2\/media?parent=6871"}],"wp:term":[{"taxonomy":"category","embeddable":true,"href":"https:\/\/eikonos.com\/ca\/wp-json\/wp\/v2\/categories?post=6871"},{"taxonomy":"post_tag","embeddable":true,"href":"https:\/\/eikonos.com\/ca\/wp-json\/wp\/v2\/tags?post=6871"}],"curies":[{"name":"wp","href":"https:\/\/api.w.org\/{rel}","templated":true}]}}