{"id":6456,"date":"2019-05-14T15:36:03","date_gmt":"2019-05-14T13:36:03","guid":{"rendered":"https:\/\/eikonos.com\/?p=6456"},"modified":"2019-05-14T15:36:03","modified_gmt":"2019-05-14T13:36:03","slug":"material-audiovisual-necessito-organitzar-esdeveniment-exterior","status":"publish","type":"post","link":"https:\/\/eikonos.com\/ca\/blog\/material-audiovisual-necessito-organitzar-esdeveniment-exterior\/","title":{"rendered":"Quin material audiovisual necessito per a organitzar un esdeveniment exterior?"},"content":{"rendered":"<p>L\u2019organitzaci\u00f3 d\u2019un esdeveniment requereix d\u2019una cuidada estrat\u00e8gica per\u00f2 si a m\u00e9s la cita \u00e9s en el exterior, afegim un extra de dificultat que ve donada, sobretot, per la il\u00b7luminaci\u00f3 i el so.<\/p>\n<p>Si ja tens clara la localitzaci\u00f3 de l\u2019esdeveniment en el qual est\u00e0s involucrat, el seg\u00fcent pas recomanat \u00e9s contactar amb una empresa especialitzada en audiovisuals, com \u00e9s el cas d\u2019Eikonos, per a posar sobre paper totes les oportunitats que ens presenta l\u2019entorn, aix\u00ed com les limitacions i triar el millor material audiovisual per a esdeveniment exterior.<\/p>\n<p>Per sort, en el mercat existeixen sofisticades solucions en pantalles que faran que, fins i tot en dif\u00edcils condicions lum\u00edniques, es pugui veure el contingut que pretenem mostrar amb el contrast adequat. Agafa nota d\u2019aquestes <a href=\"https:\/\/eikonos.com\/ca\/serveis\/esdeveniments-audiovisuals\/\">soluciones audiovisuals per a esdeveniments<\/a> exteriors!<\/p>\n<p>&nbsp;<\/p>\n<h2><span style=\"color: #ff0000;\">Checklist de material audiovisual per a esdeveniments exteriors<\/span><\/h2>\n<p><strong>Triar les pantalles adequades: <\/strong>el primer \u00e9s saber diferenciar entre les pantalles LEDs per a exteriors o interiors. En segon lloc, hem de con\u00e8ixer la dist\u00e0ncia que hi haur\u00e0 entre la pantalla i els espectadors i el tipus de projecci\u00f3 que tindr\u00e0 la pantalla, aix\u00ed com els projectors i altres equips auxiliars que necessitarem.<\/p>\n<p>Si optes per equips d\u2019\u00faltima generaci\u00f3, valora el lloguer de pantalles LEDs, o fins i tot &nbsp;l\u2019opci\u00f3 de <a href=\"https:\/\/eikonos.com\/ca\/blog\/perque-llogar-pantallas-led-amb-remolc-es-ideal-per-esdeveniments-en-exteriors\/\">llogar pantalles LED amb remolc<\/a>, si busques alguna cosa m\u00e9s c\u00f2moda. Evitar\u00e0s inc\u00f3rrer en costos innecessaris i a assumir material molt car al qual traur\u00e0s poc partit. La pr\u00f2pia empresa que et gestioni el lloguer assumir\u00e0 el seu transport i col\u00b7locaci\u00f3. D\u2019aquesta manera tamb\u00e9 garanteixes que arriba en perfectes condicions, cosa que no sempre podem controlar quan tenim el material en magatzems de l\u2019oficina, manipulats per gent inexperta, trasllats d\u2019un punt a un altre amb embalatges deficients, etc\u00e8tera.<\/p>\n<p>Per la teva part, haur\u00e0s de tenir ben definit qu\u00e8 vols comunicar i projectar, podent externalitzar en un equip de disseny gr\u00e0fic el seu muntatge. En alguns casos necessitar\u00e0s v\u00eddeos de gran format, en uns altres casos retolaci\u00f3, imatges, adaptacions de v\u00eddeos corporatius, publicitats&#8230; Ser\u00e0 important que es vegi en alta qualitat perqu\u00e8 no hi ha res pitjor que projectar un contingut i que aparegui pixelat o a baixa qualitat. Tot el que emets parla de la teva marca i organitzaci\u00f3.<\/p>\n<p><strong>El so, un altre element a mimar: <\/strong>de la mateixa manera que cada soluci\u00f3 en imatge \u00e9s un m\u00f3n, amb l\u2019\u00e0udio \u00e9s semblant. En funci\u00f3 de la finalitat de l\u2019esdeveniment, si hi ha escenaris, el tipus de p\u00fablic, etc\u00e8tera, necessitarem uns elements o uns altres. De manera general, inclou en el teu checklist micr\u00f2fons, altaveus i confirma que la part de megafonia est\u00e0 correctament resolta. D\u2019ella depenen els sistemes d\u2019avisos i seguretat.<\/p>\n<p>Pensa que el teu p\u00fablic, independentment de la seva edat, compta amb sofisticats dispositius que ofereixen un \u00e0udio i una imatge de qualitat HD en molts casos. Com a organitzador, no pots tenir un nivell inferior a ells, si no vols decebre.<\/p>\n<p>Si necessites organitzar una cita a l\u2019aire lliure, a Eikonos t\u2019ajudem.<\/p>\n<p>Ens encarreguem de proporcionar-te tot tipus de material audiovisual per a esdeveniments exteriors i disposem d\u2019un ampli equip de t\u00e8cnics especialitzats, amb d\u00e8cades d\u2019anys d\u2019experi\u00e8ncia. <strong><em>Parlem!<\/em> <\/strong><\/p>\n<p>&nbsp;<\/p>\n<p><a href=\"https:\/\/eikonos.com\/ca\/serveis\/lloguer-equips\/\"><img loading=\"lazy\" decoding=\"async\" class=\"aligncenter wp-image-6055 size-full\" title=\"Equips audiovisuals de lloguer amb Eikonos \" src=\"https:\/\/eikonos.com\/wp-content\/uploads\/2018\/12\/eikonos-cta-equips-audiovisuals-de-lloguer-1.png\" alt=\"Equips audiovisuals de lloguer amb Eikonos \" width=\"741\" height=\"250\" srcset=\"https:\/\/eikonos.com\/wp-content\/uploads\/2018\/12\/eikonos-cta-equips-audiovisuals-de-lloguer-1.png 741w, https:\/\/eikonos.com\/wp-content\/uploads\/2018\/12\/eikonos-cta-equips-audiovisuals-de-lloguer-1-300x101.png 300w\" sizes=\"auto, (max-width: 741px) 100vw, 741px\" \/><\/a><\/p>\n","protected":false},"excerpt":{"rendered":"<p>L\u2019organitzaci\u00f3 d\u2019un esdeveniment requereix d\u2019una cuidada estrat\u00e8gica per\u00f2 si a m\u00e9s la cita \u00e9s en&#8230;<\/p>\n","protected":false},"author":6,"featured_media":6443,"comment_status":"open","ping_status":"open","sticky":false,"template":"","format":"standard","meta":{"_acf_changed":false,"footnotes":""},"categories":[262],"tags":[],"class_list":["post-6456","post","type-post","status-publish","format-standard","has-post-thumbnail","hentry","category-lloguer-dequips"],"acf":[],"yoast_head":"<!-- This site is optimized with the Yoast SEO plugin v26.3 - https:\/\/yoast.com\/wordpress\/plugins\/seo\/ -->\n<title>Quin material audiovisual necessito per a un esdeveniment exterior?<\/title>\n<meta name=\"description\" content=\"Necessites ajuda per a organitzar el teu pr\u00f2xim esdeveniment? T&#039;hem preparat un llistat sobre el material audiovisual per a esdeveniments exterior que necessites. Pren nota!\" \/>\n<meta name=\"robots\" content=\"index, follow, max-snippet:-1, max-image-preview:large, max-video-preview:-1\" \/>\n<link rel=\"canonical\" href=\"https:\/\/eikonos.com\/ca\/blog\/material-audiovisual-necessito-organitzar-esdeveniment-exterior\/\" \/>\n<meta property=\"og:locale\" content=\"ca_ES\" \/>\n<meta property=\"og:type\" content=\"article\" \/>\n<meta property=\"og:title\" content=\"Quin material audiovisual necessito per a un esdeveniment exterior?\" \/>\n<meta property=\"og:description\" content=\"Necessites ajuda per a organitzar el teu pr\u00f2xim esdeveniment? T&#039;hem preparat un llistat sobre el material audiovisual per a esdeveniments exterior que necessites. Pren nota!\" \/>\n<meta property=\"og:url\" content=\"https:\/\/eikonos.com\/ca\/blog\/material-audiovisual-necessito-organitzar-esdeveniment-exterior\/\" \/>\n<meta property=\"og:site_name\" content=\"EIKONOS\" \/>\n<meta property=\"article:publisher\" content=\"http:\/\/www.facebook.com\/pages\/Eikonos\/176324785746790\" \/>\n<meta property=\"article:published_time\" content=\"2019-05-14T13:36:03+00:00\" \/>\n<meta property=\"og:image\" content=\"https:\/\/eikonos.com\/wp-content\/uploads\/2019\/06\/material-audiovisual-evento-exterior-1.jpg\" \/>\n\t<meta property=\"og:image:width\" content=\"724\" \/>\n\t<meta property=\"og:image:height\" content=\"432\" \/>\n\t<meta property=\"og:image:type\" content=\"image\/jpeg\" \/>\n<meta name=\"author\" content=\"Xavi Eikonos\" \/>\n<meta name=\"twitter:card\" content=\"summary_large_image\" \/>\n<meta name=\"twitter:creator\" content=\"@eikonos_sa\" \/>\n<meta name=\"twitter:site\" content=\"@eikonos_sa\" \/>\n<meta name=\"twitter:label1\" content=\"Escrit per\" \/>\n\t<meta name=\"twitter:data1\" content=\"Xavi Eikonos\" \/>\n\t<meta name=\"twitter:label2\" content=\"Temps estimat de lectura\" \/>\n\t<meta name=\"twitter:data2\" content=\"3 minuts\" \/>\n<script type=\"application\/ld+json\" class=\"yoast-schema-graph\">{\"@context\":\"https:\/\/schema.org\",\"@graph\":[{\"@type\":\"Article\",\"@id\":\"https:\/\/eikonos.com\/ca\/blog\/material-audiovisual-necessito-organitzar-esdeveniment-exterior\/#article\",\"isPartOf\":{\"@id\":\"https:\/\/eikonos.com\/ca\/blog\/material-audiovisual-necessito-organitzar-esdeveniment-exterior\/\"},\"author\":{\"name\":\"Xavi Eikonos\",\"@id\":\"https:\/\/eikonos.com\/ca\/#\/schema\/person\/82032860cc314d826959b90595a5280a\"},\"headline\":\"Quin material audiovisual necessito per a organitzar un esdeveniment exterior?\",\"datePublished\":\"2019-05-14T13:36:03+00:00\",\"mainEntityOfPage\":{\"@id\":\"https:\/\/eikonos.com\/ca\/blog\/material-audiovisual-necessito-organitzar-esdeveniment-exterior\/\"},\"wordCount\":583,\"commentCount\":0,\"publisher\":{\"@id\":\"https:\/\/eikonos.com\/ca\/#organization\"},\"image\":{\"@id\":\"https:\/\/eikonos.com\/ca\/blog\/material-audiovisual-necessito-organitzar-esdeveniment-exterior\/#primaryimage\"},\"thumbnailUrl\":\"https:\/\/eikonos.com\/wp-content\/uploads\/2019\/06\/material-audiovisual-evento-exterior-1.jpg\",\"articleSection\":[\"Lloguer d'equips\"],\"inLanguage\":\"ca\",\"potentialAction\":[{\"@type\":\"CommentAction\",\"name\":\"Comment\",\"target\":[\"https:\/\/eikonos.com\/ca\/blog\/material-audiovisual-necessito-organitzar-esdeveniment-exterior\/#respond\"]}]},{\"@type\":\"WebPage\",\"@id\":\"https:\/\/eikonos.com\/ca\/blog\/material-audiovisual-necessito-organitzar-esdeveniment-exterior\/\",\"url\":\"https:\/\/eikonos.com\/ca\/blog\/material-audiovisual-necessito-organitzar-esdeveniment-exterior\/\",\"name\":\"Quin material audiovisual necessito per a un esdeveniment exterior?\",\"isPartOf\":{\"@id\":\"https:\/\/eikonos.com\/ca\/#website\"},\"primaryImageOfPage\":{\"@id\":\"https:\/\/eikonos.com\/ca\/blog\/material-audiovisual-necessito-organitzar-esdeveniment-exterior\/#primaryimage\"},\"image\":{\"@id\":\"https:\/\/eikonos.com\/ca\/blog\/material-audiovisual-necessito-organitzar-esdeveniment-exterior\/#primaryimage\"},\"thumbnailUrl\":\"https:\/\/eikonos.com\/wp-content\/uploads\/2019\/06\/material-audiovisual-evento-exterior-1.jpg\",\"datePublished\":\"2019-05-14T13:36:03+00:00\",\"description\":\"Necessites ajuda per a organitzar el teu pr\u00f2xim esdeveniment? T'hem preparat un llistat sobre el material audiovisual per a esdeveniments exterior que necessites. Pren nota!\",\"breadcrumb\":{\"@id\":\"https:\/\/eikonos.com\/ca\/blog\/material-audiovisual-necessito-organitzar-esdeveniment-exterior\/#breadcrumb\"},\"inLanguage\":\"ca\",\"potentialAction\":[{\"@type\":\"ReadAction\",\"target\":[\"https:\/\/eikonos.com\/ca\/blog\/material-audiovisual-necessito-organitzar-esdeveniment-exterior\/\"]}]},{\"@type\":\"ImageObject\",\"inLanguage\":\"ca\",\"@id\":\"https:\/\/eikonos.com\/ca\/blog\/material-audiovisual-necessito-organitzar-esdeveniment-exterior\/#primaryimage\",\"url\":\"https:\/\/eikonos.com\/wp-content\/uploads\/2019\/06\/material-audiovisual-evento-exterior-1.jpg\",\"contentUrl\":\"https:\/\/eikonos.com\/wp-content\/uploads\/2019\/06\/material-audiovisual-evento-exterior-1.jpg\",\"width\":724,\"height\":432,\"caption\":\"material audiovisual para evento exterior\"},{\"@type\":\"BreadcrumbList\",\"@id\":\"https:\/\/eikonos.com\/ca\/blog\/material-audiovisual-necessito-organitzar-esdeveniment-exterior\/#breadcrumb\",\"itemListElement\":[{\"@type\":\"ListItem\",\"position\":1,\"name\":\"EIKONOS\",\"item\":\"https:\/\/eikonos.com\/ca\/inici\/\"},{\"@type\":\"ListItem\",\"position\":2,\"name\":\"Quin material audiovisual necessito per a organitzar un esdeveniment exterior?\"}]},{\"@type\":\"WebSite\",\"@id\":\"https:\/\/eikonos.com\/ca\/#website\",\"url\":\"https:\/\/eikonos.com\/ca\/\",\"name\":\"EIKONOS\",\"description\":\"EXPERIENCIA AUDIOVISUAL\",\"publisher\":{\"@id\":\"https:\/\/eikonos.com\/ca\/#organization\"},\"potentialAction\":[{\"@type\":\"SearchAction\",\"target\":{\"@type\":\"EntryPoint\",\"urlTemplate\":\"https:\/\/eikonos.com\/ca\/?s={search_term_string}\"},\"query-input\":{\"@type\":\"PropertyValueSpecification\",\"valueRequired\":true,\"valueName\":\"search_term_string\"}}],\"inLanguage\":\"ca\"},{\"@type\":\"Organization\",\"@id\":\"https:\/\/eikonos.com\/ca\/#organization\",\"name\":\"EIKONOS | Servicios Audiovisuales, eventos y alquiler de equipos\",\"url\":\"https:\/\/eikonos.com\/ca\/\",\"logo\":{\"@type\":\"ImageObject\",\"inLanguage\":\"ca\",\"@id\":\"https:\/\/eikonos.com\/ca\/#\/schema\/logo\/image\/\",\"url\":\"https:\/\/eikonos.com\/wp-content\/uploads\/2020\/08\/logo-color.png\",\"contentUrl\":\"https:\/\/eikonos.com\/wp-content\/uploads\/2020\/08\/logo-color.png\",\"width\":376,\"height\":122,\"caption\":\"EIKONOS | Servicios Audiovisuales, eventos y alquiler de equipos\"},\"image\":{\"@id\":\"https:\/\/eikonos.com\/ca\/#\/schema\/logo\/image\/\"},\"sameAs\":[\"http:\/\/www.facebook.com\/pages\/Eikonos\/176324785746790\",\"https:\/\/x.com\/eikonos_sa\",\"http:\/\/www.linkedin.com\/company\/eikonos\",\"http:\/\/www.youtube.com\/channel\/UC8wcizWaAYbfsuqVf9wIT6w\"]},{\"@type\":\"Person\",\"@id\":\"https:\/\/eikonos.com\/ca\/#\/schema\/person\/82032860cc314d826959b90595a5280a\",\"name\":\"Xavi Eikonos\",\"image\":{\"@type\":\"ImageObject\",\"inLanguage\":\"ca\",\"@id\":\"https:\/\/eikonos.com\/ca\/#\/schema\/person\/image\/\",\"url\":\"https:\/\/secure.gravatar.com\/avatar\/a6c6b51dd0ac6902701aab24a914f6febe1518f94a5ae06db08b3d6107248dfd?s=96&d=mm&r=g\",\"contentUrl\":\"https:\/\/secure.gravatar.com\/avatar\/a6c6b51dd0ac6902701aab24a914f6febe1518f94a5ae06db08b3d6107248dfd?s=96&d=mm&r=g\",\"caption\":\"Xavi Eikonos\"}}]}<\/script>\n<!-- \/ Yoast SEO plugin. -->","yoast_head_json":{"title":"Quin material audiovisual necessito per a un esdeveniment exterior?","description":"Necessites ajuda per a organitzar el teu pr\u00f2xim esdeveniment? T'hem preparat un llistat sobre el material audiovisual per a esdeveniments exterior que necessites. Pren nota!","robots":{"index":"index","follow":"follow","max-snippet":"max-snippet:-1","max-image-preview":"max-image-preview:large","max-video-preview":"max-video-preview:-1"},"canonical":"https:\/\/eikonos.com\/ca\/blog\/material-audiovisual-necessito-organitzar-esdeveniment-exterior\/","og_locale":"ca_ES","og_type":"article","og_title":"Quin material audiovisual necessito per a un esdeveniment exterior?","og_description":"Necessites ajuda per a organitzar el teu pr\u00f2xim esdeveniment? T'hem preparat un llistat sobre el material audiovisual per a esdeveniments exterior que necessites. Pren nota!","og_url":"https:\/\/eikonos.com\/ca\/blog\/material-audiovisual-necessito-organitzar-esdeveniment-exterior\/","og_site_name":"EIKONOS","article_publisher":"http:\/\/www.facebook.com\/pages\/Eikonos\/176324785746790","article_published_time":"2019-05-14T13:36:03+00:00","og_image":[{"width":724,"height":432,"url":"https:\/\/eikonos.com\/wp-content\/uploads\/2019\/06\/material-audiovisual-evento-exterior-1.jpg","type":"image\/jpeg"}],"author":"Xavi Eikonos","twitter_card":"summary_large_image","twitter_creator":"@eikonos_sa","twitter_site":"@eikonos_sa","twitter_misc":{"Escrit per":"Xavi Eikonos","Temps estimat de lectura":"3 minuts"},"schema":{"@context":"https:\/\/schema.org","@graph":[{"@type":"Article","@id":"https:\/\/eikonos.com\/ca\/blog\/material-audiovisual-necessito-organitzar-esdeveniment-exterior\/#article","isPartOf":{"@id":"https:\/\/eikonos.com\/ca\/blog\/material-audiovisual-necessito-organitzar-esdeveniment-exterior\/"},"author":{"name":"Xavi Eikonos","@id":"https:\/\/eikonos.com\/ca\/#\/schema\/person\/82032860cc314d826959b90595a5280a"},"headline":"Quin material audiovisual necessito per a organitzar un esdeveniment exterior?","datePublished":"2019-05-14T13:36:03+00:00","mainEntityOfPage":{"@id":"https:\/\/eikonos.com\/ca\/blog\/material-audiovisual-necessito-organitzar-esdeveniment-exterior\/"},"wordCount":583,"commentCount":0,"publisher":{"@id":"https:\/\/eikonos.com\/ca\/#organization"},"image":{"@id":"https:\/\/eikonos.com\/ca\/blog\/material-audiovisual-necessito-organitzar-esdeveniment-exterior\/#primaryimage"},"thumbnailUrl":"https:\/\/eikonos.com\/wp-content\/uploads\/2019\/06\/material-audiovisual-evento-exterior-1.jpg","articleSection":["Lloguer d'equips"],"inLanguage":"ca","potentialAction":[{"@type":"CommentAction","name":"Comment","target":["https:\/\/eikonos.com\/ca\/blog\/material-audiovisual-necessito-organitzar-esdeveniment-exterior\/#respond"]}]},{"@type":"WebPage","@id":"https:\/\/eikonos.com\/ca\/blog\/material-audiovisual-necessito-organitzar-esdeveniment-exterior\/","url":"https:\/\/eikonos.com\/ca\/blog\/material-audiovisual-necessito-organitzar-esdeveniment-exterior\/","name":"Quin material audiovisual necessito per a un esdeveniment exterior?","isPartOf":{"@id":"https:\/\/eikonos.com\/ca\/#website"},"primaryImageOfPage":{"@id":"https:\/\/eikonos.com\/ca\/blog\/material-audiovisual-necessito-organitzar-esdeveniment-exterior\/#primaryimage"},"image":{"@id":"https:\/\/eikonos.com\/ca\/blog\/material-audiovisual-necessito-organitzar-esdeveniment-exterior\/#primaryimage"},"thumbnailUrl":"https:\/\/eikonos.com\/wp-content\/uploads\/2019\/06\/material-audiovisual-evento-exterior-1.jpg","datePublished":"2019-05-14T13:36:03+00:00","description":"Necessites ajuda per a organitzar el teu pr\u00f2xim esdeveniment? T'hem preparat un llistat sobre el material audiovisual per a esdeveniments exterior que necessites. Pren nota!","breadcrumb":{"@id":"https:\/\/eikonos.com\/ca\/blog\/material-audiovisual-necessito-organitzar-esdeveniment-exterior\/#breadcrumb"},"inLanguage":"ca","potentialAction":[{"@type":"ReadAction","target":["https:\/\/eikonos.com\/ca\/blog\/material-audiovisual-necessito-organitzar-esdeveniment-exterior\/"]}]},{"@type":"ImageObject","inLanguage":"ca","@id":"https:\/\/eikonos.com\/ca\/blog\/material-audiovisual-necessito-organitzar-esdeveniment-exterior\/#primaryimage","url":"https:\/\/eikonos.com\/wp-content\/uploads\/2019\/06\/material-audiovisual-evento-exterior-1.jpg","contentUrl":"https:\/\/eikonos.com\/wp-content\/uploads\/2019\/06\/material-audiovisual-evento-exterior-1.jpg","width":724,"height":432,"caption":"material audiovisual para evento exterior"},{"@type":"BreadcrumbList","@id":"https:\/\/eikonos.com\/ca\/blog\/material-audiovisual-necessito-organitzar-esdeveniment-exterior\/#breadcrumb","itemListElement":[{"@type":"ListItem","position":1,"name":"EIKONOS","item":"https:\/\/eikonos.com\/ca\/inici\/"},{"@type":"ListItem","position":2,"name":"Quin material audiovisual necessito per a organitzar un esdeveniment exterior?"}]},{"@type":"WebSite","@id":"https:\/\/eikonos.com\/ca\/#website","url":"https:\/\/eikonos.com\/ca\/","name":"EIKONOS","description":"EXPERIENCIA AUDIOVISUAL","publisher":{"@id":"https:\/\/eikonos.com\/ca\/#organization"},"potentialAction":[{"@type":"SearchAction","target":{"@type":"EntryPoint","urlTemplate":"https:\/\/eikonos.com\/ca\/?s={search_term_string}"},"query-input":{"@type":"PropertyValueSpecification","valueRequired":true,"valueName":"search_term_string"}}],"inLanguage":"ca"},{"@type":"Organization","@id":"https:\/\/eikonos.com\/ca\/#organization","name":"EIKONOS | Servicios Audiovisuales, eventos y alquiler de equipos","url":"https:\/\/eikonos.com\/ca\/","logo":{"@type":"ImageObject","inLanguage":"ca","@id":"https:\/\/eikonos.com\/ca\/#\/schema\/logo\/image\/","url":"https:\/\/eikonos.com\/wp-content\/uploads\/2020\/08\/logo-color.png","contentUrl":"https:\/\/eikonos.com\/wp-content\/uploads\/2020\/08\/logo-color.png","width":376,"height":122,"caption":"EIKONOS | Servicios Audiovisuales, eventos y alquiler de equipos"},"image":{"@id":"https:\/\/eikonos.com\/ca\/#\/schema\/logo\/image\/"},"sameAs":["http:\/\/www.facebook.com\/pages\/Eikonos\/176324785746790","https:\/\/x.com\/eikonos_sa","http:\/\/www.linkedin.com\/company\/eikonos","http:\/\/www.youtube.com\/channel\/UC8wcizWaAYbfsuqVf9wIT6w"]},{"@type":"Person","@id":"https:\/\/eikonos.com\/ca\/#\/schema\/person\/82032860cc314d826959b90595a5280a","name":"Xavi Eikonos","image":{"@type":"ImageObject","inLanguage":"ca","@id":"https:\/\/eikonos.com\/ca\/#\/schema\/person\/image\/","url":"https:\/\/secure.gravatar.com\/avatar\/a6c6b51dd0ac6902701aab24a914f6febe1518f94a5ae06db08b3d6107248dfd?s=96&d=mm&r=g","contentUrl":"https:\/\/secure.gravatar.com\/avatar\/a6c6b51dd0ac6902701aab24a914f6febe1518f94a5ae06db08b3d6107248dfd?s=96&d=mm&r=g","caption":"Xavi Eikonos"}}]}},"_links":{"self":[{"href":"https:\/\/eikonos.com\/ca\/wp-json\/wp\/v2\/posts\/6456","targetHints":{"allow":["GET"]}}],"collection":[{"href":"https:\/\/eikonos.com\/ca\/wp-json\/wp\/v2\/posts"}],"about":[{"href":"https:\/\/eikonos.com\/ca\/wp-json\/wp\/v2\/types\/post"}],"author":[{"embeddable":true,"href":"https:\/\/eikonos.com\/ca\/wp-json\/wp\/v2\/users\/6"}],"replies":[{"embeddable":true,"href":"https:\/\/eikonos.com\/ca\/wp-json\/wp\/v2\/comments?post=6456"}],"version-history":[{"count":0,"href":"https:\/\/eikonos.com\/ca\/wp-json\/wp\/v2\/posts\/6456\/revisions"}],"wp:featuredmedia":[{"embeddable":true,"href":"https:\/\/eikonos.com\/ca\/wp-json\/wp\/v2\/media\/6443"}],"wp:attachment":[{"href":"https:\/\/eikonos.com\/ca\/wp-json\/wp\/v2\/media?parent=6456"}],"wp:term":[{"taxonomy":"category","embeddable":true,"href":"https:\/\/eikonos.com\/ca\/wp-json\/wp\/v2\/categories?post=6456"},{"taxonomy":"post_tag","embeddable":true,"href":"https:\/\/eikonos.com\/ca\/wp-json\/wp\/v2\/tags?post=6456"}],"curies":[{"name":"wp","href":"https:\/\/api.w.org\/{rel}","templated":true}]}}