{"id":6447,"date":"2019-05-21T12:26:44","date_gmt":"2019-05-21T10:26:44","guid":{"rendered":"https:\/\/eikonos.com\/?p=6447"},"modified":"2019-05-21T12:26:44","modified_gmt":"2019-05-21T10:26:44","slug":"espectacle-audiovisual-festival-eurovisio-2019","status":"publish","type":"post","link":"https:\/\/eikonos.com\/ca\/blog\/espectacle-audiovisual-festival-eurovisio-2019\/","title":{"rendered":"Aix\u00ed va ser l\u2019espectacle audiovisual del Festival d\u2019Eurovisi\u00f3 2019"},"content":{"rendered":"<p>La Venda de Miki no va obtenir el n\u00famero 1 d\u2019Eurovisi\u00f3 2019 per\u00f2, un any m\u00e9s, vam tornar a gaudir d\u2019un magn\u00edfic espectacle audiovisual, aquest any, amb seu a Tel Aviv (Israel).<\/p>\n<p>Diferent a les edicions anteriors, per aquest <strong>Festival d\u2019Eurovisi\u00f3 2019<\/strong> aquesta cita musical va apostar per presentar una escenografia amb el menor pressupost de les quals es poden recordar. El director de producci\u00f3 t\u00e8cnica d\u2019Eurovisi\u00f3, Ola Melzig, conjuntament amb els directors de la RTP va optar per treballar \u00e0rduament amb empreses locals.<\/p>\n<p>\u00c9s aix\u00ed com <strong>l\u2019escenari va estar mancat de pantalles de v\u00eddeo i fons amb LEDs<\/strong>, per\u00f2 va tornar a <strong>jugar un paper clau la il\u00b7luminaci\u00f3<\/strong>, en la qual van ser utilitzades catorze taules que manejaven m\u00e9s de 152.000 par\u00e0metres de control i 300 universos DMX actius. D\u2019igual manera van ser disposats 24 Follow spots, sent el nombre total de llumin\u00e0ries de 2.632, les quals van necessitar 24 dies de programaci\u00f3 per part dels seus operadors i van ser utilitzats 88 quil\u00f2metres de cablejat.<\/p>\n<p>Seguint amb la tradici\u00f3, aquest festival va comptar amb <strong>l\u2019actuaci\u00f3 dels efectes pirot\u00e8cnics<\/strong>, sent utilitzats a m\u00e9s de les flamarades en moviment, bengales, m\u00e0quines de neu, vent, bombolles de fum&#8230; i m\u00e9s de 50 quilos de confeti.<\/p>\n<h2><span style=\"color: #ff0000;\">Les comunicacions en el festival<\/span><\/h2>\n<p>Com \u00e9s d\u2019esperar, en un espectacle que presenta aquestes dimensions, la <strong>intercomunicaci\u00f3 \u00e9s un punt clau<\/strong>. En aquesta ocasi\u00f3 l\u2019organitzaci\u00f3 del festival va tenir la confian\u00e7a en les solucions de Ridel, qui <strong>va desplegar la matriu digital Artist i 175 panels d\u2019Intercom<\/strong> que van estar <strong>connectats a una xarxa de 20 quilometres de fibra en una topologia d\u2019anell redundant<\/strong>.<\/p>\n<p>Cada bastidor va estar equipat amb una font d\u2019alimentaci\u00f3 redundant, aix\u00ed com una targeta de CPU igualment redundant, estant la majoria dels panells d\u2019intercomunicaci\u00f3 enrutats a trav\u00e9s de MediorNet. Aix\u00ed per a l\u2019establiment de la comunicaci\u00f3 entre els diferents departaments, <strong>es va instal\u00b7lar un sistema de r\u00e0dio anal\u00f2gic basat en Tetra amb mig miler de r\u00e0dios<\/strong>.<\/p>\n<p>Aquest sistema va ser principalment utilitzat per a la producci\u00f3 amb configuraci\u00f3 de canals <strong>semid\u00faplex <\/strong>els quals estaven interconnectats amb el sistema d\u2019intercomunicaci\u00f3 i <strong>s\u00edmplex<\/strong>. El sistema de r\u00e0dio Tetra igualment va ser utilitzat per a la comunicaci\u00f3 amb les unitats m\u00f2bils, managers al backstage, sent en total instal\u00b7lada una estaci\u00f3 base i dues remotes al llarg del recinte, la qual cosa va garantir la cobertura en tot l\u2019espai.<\/p>\n<p>El <strong>sistema de distribuci\u00f3 de senyal MedioNet<\/strong> era un nucli d\u2019enrutament principals (6 frames MetrN Frame) i diverses posicions \u201csat\u00e8l\u00b7lit\u201d dins del recinte, estant connectada cadascuna d\u2019elles als marc dels nucli i comptant cadascun amb un m\u00ednim de dues trames que podrien treballar separades entre si podent aprofitar tot l\u2019ample de la fibra, aix\u00ed com els bastidors, que van estar equipats amb fonts d\u2019alimentaci\u00f3 redundants.<\/p>\n<p>Els periodistes que van cobrir el festival, prop de 2.000, <strong>van disposar de 750 llocs de treball, <a href=\"https:\/\/eikonos.com\/ca\/portfolio_page\/videowalls\/\">videowalls per a l\u2019emissi\u00f3 de v\u00eddeos<\/a> i sales reservades per a les entrevistes<\/strong>. Tamb\u00e9 es va comptar amb la intervenci\u00f3 de dues unitats m\u00f2bils amb configuraci\u00f3 exacta, una de les quals va donar la senyal d\u2019emissi\u00f3, mentre que l\u2019altra, va estar en tot moment llesta per a sortir a l\u2019aire en cas de fallada. Les mateixes estaven connectades a trav\u00e9s d\u2019un anell de fibra \u00f2ptica garantint la redund\u00e0ncia del 100%, mentre que des d\u2019una altra unitat m\u00f2bil es va realitzar la mescla de l\u2019\u00e0udio.<\/p>\n<p>Per dur a terme el festival es va disposar d\u2019una vintena de c\u00e0meres, incloent entre elles una Spider Cam que es trobava en el sostre, dues c\u00e0meres robotitzades sobre travelling als voltants de l\u2019escenari, una grua amb bra\u00e7 de 22 metres, dues grues telesc\u00f2piques, dos Steadycams, varis drons en exteriors i un equip t\u00e8cnic conformat per 60 professionals, van permetre al Festival d&#8217;Eurovisi\u00f3 2019 ser de nou <a href=\"https:\/\/eikonos.com\/blog\/festival-eurovision-2017-un-espectaculo-audiovisual-en-toda-regla\/\">un dels espectacles audiovisuals m\u00e9s esperats<\/a> de l\u2019any.\u00a0<strong><em>Parlem!<\/em><\/strong><\/p>\n<p>&nbsp;<\/p>\n<p><a href=\"https:\/\/eikonos.com\/ca\/serveis\/esdeveniments-audiovisuals\/\"><img loading=\"lazy\" decoding=\"async\" class=\"aligncenter wp-image-6099 size-full\" title=\"EIKONOS serveis audiovisuals per a esdeveniments\" src=\"https:\/\/eikonos.com\/wp-content\/uploads\/2019\/01\/eikonos-cta-organitzacio-esdeveniments-audiovisuals-1.png\" alt=\"EIKONOS serveis audiovisuals per a esdeveniments\" width=\"741\" height=\"250\" srcset=\"https:\/\/eikonos.com\/wp-content\/uploads\/2019\/01\/eikonos-cta-organitzacio-esdeveniments-audiovisuals-1.png 741w, https:\/\/eikonos.com\/wp-content\/uploads\/2019\/01\/eikonos-cta-organitzacio-esdeveniments-audiovisuals-1-300x101.png 300w\" sizes=\"auto, (max-width: 741px) 100vw, 741px\" \/><\/a><\/p>\n","protected":false},"excerpt":{"rendered":"<p>La Venda de Miki no va obtenir el n\u00famero 1 d\u2019Eurovisi\u00f3 2019 per\u00f2, un any&#8230;<\/p>\n","protected":false},"author":6,"featured_media":6453,"comment_status":"open","ping_status":"open","sticky":false,"template":"","format":"standard","meta":{"_acf_changed":false,"footnotes":""},"categories":[260],"tags":[],"class_list":["post-6447","post","type-post","status-publish","format-standard","has-post-thumbnail","hentry","category-esdeveniments-audiovisuals"],"acf":[],"yoast_head":"<!-- This site is optimized with the Yoast SEO plugin v26.3 - https:\/\/yoast.com\/wordpress\/plugins\/seo\/ -->\n<title>Aix\u00ed va ser l\u2019espectacle audiovisual del Festival d\u2019Eurovisi\u00f3 2019<\/title>\n<meta name=\"description\" content=\"T&#039;expliquem tots els detalls d&#039;un dels espectacles m\u00e9s esperats de l&#039;any, el Festival d&#039;Eurovisi\u00f3 2019. El desplegament audiovisual de l&#039;esdeveniment ens va deixar sense paraules!\" \/>\n<meta name=\"robots\" content=\"index, follow, max-snippet:-1, max-image-preview:large, max-video-preview:-1\" \/>\n<link rel=\"canonical\" href=\"https:\/\/eikonos.com\/ca\/blog\/espectacle-audiovisual-festival-eurovisio-2019\/\" \/>\n<meta property=\"og:locale\" content=\"ca_ES\" \/>\n<meta property=\"og:type\" content=\"article\" \/>\n<meta property=\"og:title\" content=\"Aix\u00ed va ser l\u2019espectacle audiovisual del Festival d\u2019Eurovisi\u00f3 2019\" \/>\n<meta property=\"og:description\" content=\"T&#039;expliquem tots els detalls d&#039;un dels espectacles m\u00e9s esperats de l&#039;any, el Festival d&#039;Eurovisi\u00f3 2019. El desplegament audiovisual de l&#039;esdeveniment ens va deixar sense paraules!\" \/>\n<meta property=\"og:url\" content=\"https:\/\/eikonos.com\/ca\/blog\/espectacle-audiovisual-festival-eurovisio-2019\/\" \/>\n<meta property=\"og:site_name\" content=\"EIKONOS\" \/>\n<meta property=\"article:publisher\" content=\"http:\/\/www.facebook.com\/pages\/Eikonos\/176324785746790\" \/>\n<meta property=\"article:published_time\" content=\"2019-05-21T10:26:44+00:00\" \/>\n<meta property=\"og:image\" content=\"https:\/\/eikonos.com\/wp-content\/uploads\/2019\/05\/festival-eurovision-2019-1.jpg\" \/>\n\t<meta property=\"og:image:width\" content=\"724\" \/>\n\t<meta property=\"og:image:height\" content=\"432\" \/>\n\t<meta property=\"og:image:type\" content=\"image\/jpeg\" \/>\n<meta name=\"author\" content=\"Xavi Eikonos\" \/>\n<meta name=\"twitter:card\" content=\"summary_large_image\" \/>\n<meta name=\"twitter:creator\" content=\"@eikonos_sa\" \/>\n<meta name=\"twitter:site\" content=\"@eikonos_sa\" \/>\n<meta name=\"twitter:label1\" content=\"Escrit per\" \/>\n\t<meta name=\"twitter:data1\" content=\"Xavi Eikonos\" \/>\n\t<meta name=\"twitter:label2\" content=\"Temps estimat de lectura\" \/>\n\t<meta name=\"twitter:data2\" content=\"3 minuts\" \/>\n<script type=\"application\/ld+json\" class=\"yoast-schema-graph\">{\"@context\":\"https:\/\/schema.org\",\"@graph\":[{\"@type\":\"Article\",\"@id\":\"https:\/\/eikonos.com\/ca\/blog\/espectacle-audiovisual-festival-eurovisio-2019\/#article\",\"isPartOf\":{\"@id\":\"https:\/\/eikonos.com\/ca\/blog\/espectacle-audiovisual-festival-eurovisio-2019\/\"},\"author\":{\"name\":\"Xavi Eikonos\",\"@id\":\"https:\/\/eikonos.com\/ca\/#\/schema\/person\/82032860cc314d826959b90595a5280a\"},\"headline\":\"Aix\u00ed va ser l\u2019espectacle audiovisual del Festival d\u2019Eurovisi\u00f3 2019\",\"datePublished\":\"2019-05-21T10:26:44+00:00\",\"mainEntityOfPage\":{\"@id\":\"https:\/\/eikonos.com\/ca\/blog\/espectacle-audiovisual-festival-eurovisio-2019\/\"},\"wordCount\":696,\"commentCount\":0,\"publisher\":{\"@id\":\"https:\/\/eikonos.com\/ca\/#organization\"},\"image\":{\"@id\":\"https:\/\/eikonos.com\/ca\/blog\/espectacle-audiovisual-festival-eurovisio-2019\/#primaryimage\"},\"thumbnailUrl\":\"https:\/\/eikonos.com\/wp-content\/uploads\/2019\/05\/festival-eurovision-2019-1.jpg\",\"articleSection\":[\"Esdeveniments audiovisuals\"],\"inLanguage\":\"ca\",\"potentialAction\":[{\"@type\":\"CommentAction\",\"name\":\"Comment\",\"target\":[\"https:\/\/eikonos.com\/ca\/blog\/espectacle-audiovisual-festival-eurovisio-2019\/#respond\"]}]},{\"@type\":\"WebPage\",\"@id\":\"https:\/\/eikonos.com\/ca\/blog\/espectacle-audiovisual-festival-eurovisio-2019\/\",\"url\":\"https:\/\/eikonos.com\/ca\/blog\/espectacle-audiovisual-festival-eurovisio-2019\/\",\"name\":\"Aix\u00ed va ser l\u2019espectacle audiovisual del Festival d\u2019Eurovisi\u00f3 2019\",\"isPartOf\":{\"@id\":\"https:\/\/eikonos.com\/ca\/#website\"},\"primaryImageOfPage\":{\"@id\":\"https:\/\/eikonos.com\/ca\/blog\/espectacle-audiovisual-festival-eurovisio-2019\/#primaryimage\"},\"image\":{\"@id\":\"https:\/\/eikonos.com\/ca\/blog\/espectacle-audiovisual-festival-eurovisio-2019\/#primaryimage\"},\"thumbnailUrl\":\"https:\/\/eikonos.com\/wp-content\/uploads\/2019\/05\/festival-eurovision-2019-1.jpg\",\"datePublished\":\"2019-05-21T10:26:44+00:00\",\"description\":\"T'expliquem tots els detalls d'un dels espectacles m\u00e9s esperats de l'any, el Festival d'Eurovisi\u00f3 2019. El desplegament audiovisual de l'esdeveniment ens va deixar sense paraules!\",\"breadcrumb\":{\"@id\":\"https:\/\/eikonos.com\/ca\/blog\/espectacle-audiovisual-festival-eurovisio-2019\/#breadcrumb\"},\"inLanguage\":\"ca\",\"potentialAction\":[{\"@type\":\"ReadAction\",\"target\":[\"https:\/\/eikonos.com\/ca\/blog\/espectacle-audiovisual-festival-eurovisio-2019\/\"]}]},{\"@type\":\"ImageObject\",\"inLanguage\":\"ca\",\"@id\":\"https:\/\/eikonos.com\/ca\/blog\/espectacle-audiovisual-festival-eurovisio-2019\/#primaryimage\",\"url\":\"https:\/\/eikonos.com\/wp-content\/uploads\/2019\/05\/festival-eurovision-2019-1.jpg\",\"contentUrl\":\"https:\/\/eikonos.com\/wp-content\/uploads\/2019\/05\/festival-eurovision-2019-1.jpg\",\"width\":724,\"height\":432},{\"@type\":\"BreadcrumbList\",\"@id\":\"https:\/\/eikonos.com\/ca\/blog\/espectacle-audiovisual-festival-eurovisio-2019\/#breadcrumb\",\"itemListElement\":[{\"@type\":\"ListItem\",\"position\":1,\"name\":\"EIKONOS\",\"item\":\"https:\/\/eikonos.com\/ca\/inici\/\"},{\"@type\":\"ListItem\",\"position\":2,\"name\":\"Aix\u00ed va ser l\u2019espectacle audiovisual del Festival d\u2019Eurovisi\u00f3 2019\"}]},{\"@type\":\"WebSite\",\"@id\":\"https:\/\/eikonos.com\/ca\/#website\",\"url\":\"https:\/\/eikonos.com\/ca\/\",\"name\":\"EIKONOS\",\"description\":\"EXPERIENCIA AUDIOVISUAL\",\"publisher\":{\"@id\":\"https:\/\/eikonos.com\/ca\/#organization\"},\"potentialAction\":[{\"@type\":\"SearchAction\",\"target\":{\"@type\":\"EntryPoint\",\"urlTemplate\":\"https:\/\/eikonos.com\/ca\/?s={search_term_string}\"},\"query-input\":{\"@type\":\"PropertyValueSpecification\",\"valueRequired\":true,\"valueName\":\"search_term_string\"}}],\"inLanguage\":\"ca\"},{\"@type\":\"Organization\",\"@id\":\"https:\/\/eikonos.com\/ca\/#organization\",\"name\":\"EIKONOS | Servicios Audiovisuales, eventos y alquiler de equipos\",\"url\":\"https:\/\/eikonos.com\/ca\/\",\"logo\":{\"@type\":\"ImageObject\",\"inLanguage\":\"ca\",\"@id\":\"https:\/\/eikonos.com\/ca\/#\/schema\/logo\/image\/\",\"url\":\"https:\/\/eikonos.com\/wp-content\/uploads\/2020\/08\/logo-color.png\",\"contentUrl\":\"https:\/\/eikonos.com\/wp-content\/uploads\/2020\/08\/logo-color.png\",\"width\":376,\"height\":122,\"caption\":\"EIKONOS | Servicios Audiovisuales, eventos y alquiler de equipos\"},\"image\":{\"@id\":\"https:\/\/eikonos.com\/ca\/#\/schema\/logo\/image\/\"},\"sameAs\":[\"http:\/\/www.facebook.com\/pages\/Eikonos\/176324785746790\",\"https:\/\/x.com\/eikonos_sa\",\"http:\/\/www.linkedin.com\/company\/eikonos\",\"http:\/\/www.youtube.com\/channel\/UC8wcizWaAYbfsuqVf9wIT6w\"]},{\"@type\":\"Person\",\"@id\":\"https:\/\/eikonos.com\/ca\/#\/schema\/person\/82032860cc314d826959b90595a5280a\",\"name\":\"Xavi Eikonos\",\"image\":{\"@type\":\"ImageObject\",\"inLanguage\":\"ca\",\"@id\":\"https:\/\/eikonos.com\/ca\/#\/schema\/person\/image\/\",\"url\":\"https:\/\/secure.gravatar.com\/avatar\/a6c6b51dd0ac6902701aab24a914f6febe1518f94a5ae06db08b3d6107248dfd?s=96&d=mm&r=g\",\"contentUrl\":\"https:\/\/secure.gravatar.com\/avatar\/a6c6b51dd0ac6902701aab24a914f6febe1518f94a5ae06db08b3d6107248dfd?s=96&d=mm&r=g\",\"caption\":\"Xavi Eikonos\"}}]}<\/script>\n<!-- \/ Yoast SEO plugin. -->","yoast_head_json":{"title":"Aix\u00ed va ser l\u2019espectacle audiovisual del Festival d\u2019Eurovisi\u00f3 2019","description":"T'expliquem tots els detalls d'un dels espectacles m\u00e9s esperats de l'any, el Festival d'Eurovisi\u00f3 2019. El desplegament audiovisual de l'esdeveniment ens va deixar sense paraules!","robots":{"index":"index","follow":"follow","max-snippet":"max-snippet:-1","max-image-preview":"max-image-preview:large","max-video-preview":"max-video-preview:-1"},"canonical":"https:\/\/eikonos.com\/ca\/blog\/espectacle-audiovisual-festival-eurovisio-2019\/","og_locale":"ca_ES","og_type":"article","og_title":"Aix\u00ed va ser l\u2019espectacle audiovisual del Festival d\u2019Eurovisi\u00f3 2019","og_description":"T'expliquem tots els detalls d'un dels espectacles m\u00e9s esperats de l'any, el Festival d'Eurovisi\u00f3 2019. El desplegament audiovisual de l'esdeveniment ens va deixar sense paraules!","og_url":"https:\/\/eikonos.com\/ca\/blog\/espectacle-audiovisual-festival-eurovisio-2019\/","og_site_name":"EIKONOS","article_publisher":"http:\/\/www.facebook.com\/pages\/Eikonos\/176324785746790","article_published_time":"2019-05-21T10:26:44+00:00","og_image":[{"width":724,"height":432,"url":"https:\/\/eikonos.com\/wp-content\/uploads\/2019\/05\/festival-eurovision-2019-1.jpg","type":"image\/jpeg"}],"author":"Xavi Eikonos","twitter_card":"summary_large_image","twitter_creator":"@eikonos_sa","twitter_site":"@eikonos_sa","twitter_misc":{"Escrit per":"Xavi Eikonos","Temps estimat de lectura":"3 minuts"},"schema":{"@context":"https:\/\/schema.org","@graph":[{"@type":"Article","@id":"https:\/\/eikonos.com\/ca\/blog\/espectacle-audiovisual-festival-eurovisio-2019\/#article","isPartOf":{"@id":"https:\/\/eikonos.com\/ca\/blog\/espectacle-audiovisual-festival-eurovisio-2019\/"},"author":{"name":"Xavi Eikonos","@id":"https:\/\/eikonos.com\/ca\/#\/schema\/person\/82032860cc314d826959b90595a5280a"},"headline":"Aix\u00ed va ser l\u2019espectacle audiovisual del Festival d\u2019Eurovisi\u00f3 2019","datePublished":"2019-05-21T10:26:44+00:00","mainEntityOfPage":{"@id":"https:\/\/eikonos.com\/ca\/blog\/espectacle-audiovisual-festival-eurovisio-2019\/"},"wordCount":696,"commentCount":0,"publisher":{"@id":"https:\/\/eikonos.com\/ca\/#organization"},"image":{"@id":"https:\/\/eikonos.com\/ca\/blog\/espectacle-audiovisual-festival-eurovisio-2019\/#primaryimage"},"thumbnailUrl":"https:\/\/eikonos.com\/wp-content\/uploads\/2019\/05\/festival-eurovision-2019-1.jpg","articleSection":["Esdeveniments audiovisuals"],"inLanguage":"ca","potentialAction":[{"@type":"CommentAction","name":"Comment","target":["https:\/\/eikonos.com\/ca\/blog\/espectacle-audiovisual-festival-eurovisio-2019\/#respond"]}]},{"@type":"WebPage","@id":"https:\/\/eikonos.com\/ca\/blog\/espectacle-audiovisual-festival-eurovisio-2019\/","url":"https:\/\/eikonos.com\/ca\/blog\/espectacle-audiovisual-festival-eurovisio-2019\/","name":"Aix\u00ed va ser l\u2019espectacle audiovisual del Festival d\u2019Eurovisi\u00f3 2019","isPartOf":{"@id":"https:\/\/eikonos.com\/ca\/#website"},"primaryImageOfPage":{"@id":"https:\/\/eikonos.com\/ca\/blog\/espectacle-audiovisual-festival-eurovisio-2019\/#primaryimage"},"image":{"@id":"https:\/\/eikonos.com\/ca\/blog\/espectacle-audiovisual-festival-eurovisio-2019\/#primaryimage"},"thumbnailUrl":"https:\/\/eikonos.com\/wp-content\/uploads\/2019\/05\/festival-eurovision-2019-1.jpg","datePublished":"2019-05-21T10:26:44+00:00","description":"T'expliquem tots els detalls d'un dels espectacles m\u00e9s esperats de l'any, el Festival d'Eurovisi\u00f3 2019. El desplegament audiovisual de l'esdeveniment ens va deixar sense paraules!","breadcrumb":{"@id":"https:\/\/eikonos.com\/ca\/blog\/espectacle-audiovisual-festival-eurovisio-2019\/#breadcrumb"},"inLanguage":"ca","potentialAction":[{"@type":"ReadAction","target":["https:\/\/eikonos.com\/ca\/blog\/espectacle-audiovisual-festival-eurovisio-2019\/"]}]},{"@type":"ImageObject","inLanguage":"ca","@id":"https:\/\/eikonos.com\/ca\/blog\/espectacle-audiovisual-festival-eurovisio-2019\/#primaryimage","url":"https:\/\/eikonos.com\/wp-content\/uploads\/2019\/05\/festival-eurovision-2019-1.jpg","contentUrl":"https:\/\/eikonos.com\/wp-content\/uploads\/2019\/05\/festival-eurovision-2019-1.jpg","width":724,"height":432},{"@type":"BreadcrumbList","@id":"https:\/\/eikonos.com\/ca\/blog\/espectacle-audiovisual-festival-eurovisio-2019\/#breadcrumb","itemListElement":[{"@type":"ListItem","position":1,"name":"EIKONOS","item":"https:\/\/eikonos.com\/ca\/inici\/"},{"@type":"ListItem","position":2,"name":"Aix\u00ed va ser l\u2019espectacle audiovisual del Festival d\u2019Eurovisi\u00f3 2019"}]},{"@type":"WebSite","@id":"https:\/\/eikonos.com\/ca\/#website","url":"https:\/\/eikonos.com\/ca\/","name":"EIKONOS","description":"EXPERIENCIA AUDIOVISUAL","publisher":{"@id":"https:\/\/eikonos.com\/ca\/#organization"},"potentialAction":[{"@type":"SearchAction","target":{"@type":"EntryPoint","urlTemplate":"https:\/\/eikonos.com\/ca\/?s={search_term_string}"},"query-input":{"@type":"PropertyValueSpecification","valueRequired":true,"valueName":"search_term_string"}}],"inLanguage":"ca"},{"@type":"Organization","@id":"https:\/\/eikonos.com\/ca\/#organization","name":"EIKONOS | Servicios Audiovisuales, eventos y alquiler de equipos","url":"https:\/\/eikonos.com\/ca\/","logo":{"@type":"ImageObject","inLanguage":"ca","@id":"https:\/\/eikonos.com\/ca\/#\/schema\/logo\/image\/","url":"https:\/\/eikonos.com\/wp-content\/uploads\/2020\/08\/logo-color.png","contentUrl":"https:\/\/eikonos.com\/wp-content\/uploads\/2020\/08\/logo-color.png","width":376,"height":122,"caption":"EIKONOS | Servicios Audiovisuales, eventos y alquiler de equipos"},"image":{"@id":"https:\/\/eikonos.com\/ca\/#\/schema\/logo\/image\/"},"sameAs":["http:\/\/www.facebook.com\/pages\/Eikonos\/176324785746790","https:\/\/x.com\/eikonos_sa","http:\/\/www.linkedin.com\/company\/eikonos","http:\/\/www.youtube.com\/channel\/UC8wcizWaAYbfsuqVf9wIT6w"]},{"@type":"Person","@id":"https:\/\/eikonos.com\/ca\/#\/schema\/person\/82032860cc314d826959b90595a5280a","name":"Xavi Eikonos","image":{"@type":"ImageObject","inLanguage":"ca","@id":"https:\/\/eikonos.com\/ca\/#\/schema\/person\/image\/","url":"https:\/\/secure.gravatar.com\/avatar\/a6c6b51dd0ac6902701aab24a914f6febe1518f94a5ae06db08b3d6107248dfd?s=96&d=mm&r=g","contentUrl":"https:\/\/secure.gravatar.com\/avatar\/a6c6b51dd0ac6902701aab24a914f6febe1518f94a5ae06db08b3d6107248dfd?s=96&d=mm&r=g","caption":"Xavi Eikonos"}}]}},"_links":{"self":[{"href":"https:\/\/eikonos.com\/ca\/wp-json\/wp\/v2\/posts\/6447","targetHints":{"allow":["GET"]}}],"collection":[{"href":"https:\/\/eikonos.com\/ca\/wp-json\/wp\/v2\/posts"}],"about":[{"href":"https:\/\/eikonos.com\/ca\/wp-json\/wp\/v2\/types\/post"}],"author":[{"embeddable":true,"href":"https:\/\/eikonos.com\/ca\/wp-json\/wp\/v2\/users\/6"}],"replies":[{"embeddable":true,"href":"https:\/\/eikonos.com\/ca\/wp-json\/wp\/v2\/comments?post=6447"}],"version-history":[{"count":0,"href":"https:\/\/eikonos.com\/ca\/wp-json\/wp\/v2\/posts\/6447\/revisions"}],"wp:featuredmedia":[{"embeddable":true,"href":"https:\/\/eikonos.com\/ca\/wp-json\/wp\/v2\/media\/6453"}],"wp:attachment":[{"href":"https:\/\/eikonos.com\/ca\/wp-json\/wp\/v2\/media?parent=6447"}],"wp:term":[{"taxonomy":"category","embeddable":true,"href":"https:\/\/eikonos.com\/ca\/wp-json\/wp\/v2\/categories?post=6447"},{"taxonomy":"post_tag","embeddable":true,"href":"https:\/\/eikonos.com\/ca\/wp-json\/wp\/v2\/tags?post=6447"}],"curies":[{"name":"wp","href":"https:\/\/api.w.org\/{rel}","templated":true}]}}