{"id":6410,"date":"2019-04-16T10:55:46","date_gmt":"2019-04-16T08:55:46","guid":{"rendered":"https:\/\/eikonos.com\/?p=6410"},"modified":"2019-04-16T10:55:46","modified_gmt":"2019-04-16T08:55:46","slug":"millors-installacions-audiovisuals-equipar-comercos","status":"publish","type":"post","link":"https:\/\/eikonos.com\/ca\/blog\/millors-installacions-audiovisuals-equipar-comercos\/","title":{"rendered":"Les millors instal\u00b7lacions audiovisuals per a equipar comer\u00e7os"},"content":{"rendered":"<p>Diuen els experts en psicologia que <strong>nom\u00e9s hi ha una oportunitat per a una primera impressi\u00f3<\/strong> i que \u00e9s molt dif\u00edcil de modificar pel que, davant una entrevista, cita o presentaci\u00f3, la nostra obligaci\u00f3 sempre \u00e9s preparar-nos degudament per a que aquesta s\u2019aproximi el m\u00e0xim possible al que busquem.<\/p>\n<p>En el terreny professional, portat a marques i productes, no hi ha dubte que en molts casos comprem \u201cpels ulls\u201d i el com ens presenten un aparador o el packaging influeix en la percepci\u00f3 que estem veient de l\u2019objecte, preu i desig.<\/p>\n<p>La imatge d\u2019una empresa ho diu tot sobre ella. Si passegem pel carrer i ens topem amb un comer\u00e7 desarreglat, amb vidrieres brutes i amb dificultats per a diferenciar-se de la resta de comer\u00e7os, \u00e9s dif\u00edcil que ens cridi l\u2019atenci\u00f3. Si ens trobem amb un altre local que compte amb una imatge de marca actual, amb un missatge i una identitat atractiva i instal\u00b7lacions audiovisuals per a comer\u00e7os a la vista, \u00e9s m\u00e9s f\u00e0cil que capti la nostra atenci\u00f3 i ens inviti a entrar.<\/p>\n<p>Cada vegada \u00e9s m\u00e9s f\u00e0cil veure com les grans cadenes de roba aposten per botigues grans plenes d\u2019efectes d\u2019\u00e0udio, amb <a href=\"https:\/\/eikonos.com\/ca\/portfolio_page\/equips-il%C2%B7luminacio\/\">bons equips de llum<\/a> i so, especialment aquelles ubicades en el centre de les grans ciutats. Els espais inclouen, sovint, un fil musical i megafonia, enginyeria d\u2019\u00e0udio i condicionament ac\u00fastic. Pel que fa al contingut audiovisual, disposen de videowalls, pantalles, terres i cortines LEDs.<\/p>\n<p>Per\u00f2, <strong>quines s\u00f3n les millors instal\u00b7lacions audiovisuals per a comer\u00e7os?<\/strong><\/p>\n<p>&nbsp;<\/p>\n<p><a href=\"https:\/\/eikonos.com\/ca\/serveis\/instal%C2%B7lacions-fixes\/\"><img loading=\"lazy\" decoding=\"async\" class=\"aligncenter wp-image-6412 size-full\" src=\"https:\/\/eikonos.com\/wp-content\/uploads\/2019\/05\/audiovisuales-comercios-1-1.jpg\" alt=\"Audiovisuals per a comer\u00e7os\" width=\"724\" height=\"432\" srcset=\"https:\/\/eikonos.com\/wp-content\/uploads\/2019\/05\/audiovisuales-comercios-1-1.jpg 724w, https:\/\/eikonos.com\/wp-content\/uploads\/2019\/05\/audiovisuales-comercios-1-1-300x179.jpg 300w\" sizes=\"auto, (max-width: 724px) 100vw, 724px\" \/><\/a><\/p>\n<p>&nbsp;<\/p>\n<h2><span style=\"color: #ff0000;\">Les millors instal\u00b7lacions audiovisuals per a equipar comer\u00e7os<\/span><\/h2>\n<p><strong>T\u00f2tem interactiu<\/strong>. Dissenyat per a crear una connexi\u00f3 amb el client, mantenint una comunicaci\u00f3 din\u00e0mica diferent a les tradicionals que reflecteixen les imatges est\u00e0tiques. A trav\u00e9s d\u2019aquest sistema es donen a con\u00e8ixer continguts per mitj\u00e0 de pantalles LCD i\/o panels LED, fent del <a href=\"https:\/\/eikonos.com\/blog\/totem-interactiu-un-suport-perfecte-per-a-publicitat-i-informacio\/\">t\u00f2tem interactiu un suport publicitari ideal<\/a>.<\/p>\n<p><strong>Pantalles LED. <\/strong>S\u2019ha pogut comprovar que el p\u00fablic presta m\u00e9s atenci\u00f3 a la publicitat din\u00e0mica amb missatges de v\u00eddeo, textos o fotos en moviment i \u00e9s per aix\u00f2 que \u00e9s important la ubicaci\u00f3 de pantalles de LED en els aparadors dels comer\u00e7os. A trav\u00e9s d\u2019elles es presenta contingut de gran tamany, s\u00f3n molt cridaneres i perfectament visibles a plena llum i ofereixen grand\u00e0ries adaptades als aparadors o finestres.<\/p>\n<p><strong>So d\u2019ambient. <\/strong>T\u2019has fixat que depenent del p\u00fablic al qual es dirigeixi cada establiment l\u2019acompanya un tipus de m\u00fasica? Una r\u00e0dio no ser\u00e0 suficient. Hem de comptar amb un <strong>sistema de so<\/strong> adequat per a crear l\u2019ambient que busquem.<\/p>\n<p><strong>Monitors.<\/strong> Serveixen per a mostrar v\u00eddeos corporatius, imatges de passarel\u00b7la, contingut motivacional, etc\u00e8tera. Son molt comuns en negocis de salut, est\u00e8tica&#8230; i tots aquells on el client ha de passar cert temps en una sala d\u2019espera o assegut.<\/p>\n<p>&nbsp;<\/p>\n<p>Destaca sobre la teva compet\u00e8ncia cuidant fins el m\u00e9s m\u00ednim detall. A EIKONOS t\u2019ajudem a treure el m\u00e0xim partit a les teves instal\u00b7lacions audiovisuals per a comer\u00e7os, identificant les seves oportunitats i ajustant les solucions a les teves possibilitats.<\/p>\n<p>No cal ser una gran companyia per a oferir una imatge moderna i actualitzada. De fet, el coneixement personal del teu negoci i audi\u00e8ncia, far\u00e0 que la inversi\u00f3 que realitzis sigui molt m\u00e9s personalitzada i encertada. <strong><em>Parlem!<\/em><\/strong><\/p>\n<p>&nbsp;<\/p>\n<p><a href=\"https:\/\/eikonos.com\/ca\/serveis\/instal%C2%B7lacions-fixes\/\"><img loading=\"lazy\" decoding=\"async\" class=\"aligncenter wp-image-6115 size-full\" title=\"Eikonos instal\u00b7lacions audiovisuals fixes\" src=\"https:\/\/eikonos.com\/wp-content\/uploads\/2019\/01\/CTA_EIKONOS_instalaciones_fijas-CAT-1.png\" alt=\"Eikonos instal\u00b7lacions audiovisuals fixes\" width=\"741\" height=\"250\" srcset=\"https:\/\/eikonos.com\/wp-content\/uploads\/2019\/01\/CTA_EIKONOS_instalaciones_fijas-CAT-1.png 741w, https:\/\/eikonos.com\/wp-content\/uploads\/2019\/01\/CTA_EIKONOS_instalaciones_fijas-CAT-1-300x101.png 300w\" sizes=\"auto, (max-width: 741px) 100vw, 741px\" \/><\/a><\/p>\n","protected":false},"excerpt":{"rendered":"<p>Diuen els experts en psicologia que nom\u00e9s hi ha una oportunitat per a una primera&#8230;<\/p>\n","protected":false},"author":6,"featured_media":6399,"comment_status":"open","ping_status":"open","sticky":false,"template":"","format":"standard","meta":{"_acf_changed":false,"footnotes":""},"categories":[255],"tags":[],"class_list":["post-6410","post","type-post","status-publish","format-standard","has-post-thumbnail","hentry","category-installacions-fixes"],"acf":[],"yoast_head":"<!-- This site is optimized with the Yoast SEO plugin v26.3 - https:\/\/yoast.com\/wordpress\/plugins\/seo\/ -->\n<title>Les millors instal\u00b7lacions audiovisuals per a equipar comer\u00e7os<\/title>\n<meta name=\"description\" content=\"Si vols que el teu comer\u00e7 no passi desapercebut davant la multitud, inverteix en instal\u00b7lacions audiovisuals per a comer\u00e7os. Una soluci\u00f3 audiovisual per a destacar davant la compet\u00e8ncia.\" \/>\n<meta name=\"robots\" content=\"index, follow, max-snippet:-1, max-image-preview:large, max-video-preview:-1\" \/>\n<link rel=\"canonical\" href=\"https:\/\/eikonos.com\/ca\/blog\/millors-installacions-audiovisuals-equipar-comercos\/\" \/>\n<meta property=\"og:locale\" content=\"ca_ES\" \/>\n<meta property=\"og:type\" content=\"article\" \/>\n<meta property=\"og:title\" content=\"Les millors instal\u00b7lacions audiovisuals per a equipar comer\u00e7os\" \/>\n<meta property=\"og:description\" content=\"Si vols que el teu comer\u00e7 no passi desapercebut davant la multitud, inverteix en instal\u00b7lacions audiovisuals per a comer\u00e7os. Una soluci\u00f3 audiovisual per a destacar davant la compet\u00e8ncia.\" \/>\n<meta property=\"og:url\" content=\"https:\/\/eikonos.com\/ca\/blog\/millors-installacions-audiovisuals-equipar-comercos\/\" \/>\n<meta property=\"og:site_name\" content=\"EIKONOS\" \/>\n<meta property=\"article:publisher\" content=\"http:\/\/www.facebook.com\/pages\/Eikonos\/176324785746790\" \/>\n<meta property=\"article:published_time\" content=\"2019-04-16T08:55:46+00:00\" \/>\n<meta property=\"og:image\" content=\"https:\/\/eikonos.com\/wp-content\/uploads\/2019\/05\/instalaciones-audiovisuales-para-comercios-1.jpg\" \/>\n\t<meta property=\"og:image:width\" content=\"724\" \/>\n\t<meta property=\"og:image:height\" content=\"432\" \/>\n\t<meta property=\"og:image:type\" content=\"image\/jpeg\" \/>\n<meta name=\"author\" content=\"Xavi Eikonos\" \/>\n<meta name=\"twitter:card\" content=\"summary_large_image\" \/>\n<meta name=\"twitter:creator\" content=\"@eikonos_sa\" \/>\n<meta name=\"twitter:site\" content=\"@eikonos_sa\" \/>\n<meta name=\"twitter:label1\" content=\"Escrit per\" \/>\n\t<meta name=\"twitter:data1\" content=\"Xavi Eikonos\" \/>\n\t<meta name=\"twitter:label2\" content=\"Temps estimat de lectura\" \/>\n\t<meta name=\"twitter:data2\" content=\"3 minuts\" \/>\n<script type=\"application\/ld+json\" class=\"yoast-schema-graph\">{\"@context\":\"https:\/\/schema.org\",\"@graph\":[{\"@type\":\"Article\",\"@id\":\"https:\/\/eikonos.com\/ca\/blog\/millors-installacions-audiovisuals-equipar-comercos\/#article\",\"isPartOf\":{\"@id\":\"https:\/\/eikonos.com\/ca\/blog\/millors-installacions-audiovisuals-equipar-comercos\/\"},\"author\":{\"name\":\"Xavi Eikonos\",\"@id\":\"https:\/\/eikonos.com\/ca\/#\/schema\/person\/82032860cc314d826959b90595a5280a\"},\"headline\":\"Les millors instal\u00b7lacions audiovisuals per a equipar comer\u00e7os\",\"datePublished\":\"2019-04-16T08:55:46+00:00\",\"mainEntityOfPage\":{\"@id\":\"https:\/\/eikonos.com\/ca\/blog\/millors-installacions-audiovisuals-equipar-comercos\/\"},\"wordCount\":604,\"commentCount\":0,\"publisher\":{\"@id\":\"https:\/\/eikonos.com\/ca\/#organization\"},\"image\":{\"@id\":\"https:\/\/eikonos.com\/ca\/blog\/millors-installacions-audiovisuals-equipar-comercos\/#primaryimage\"},\"thumbnailUrl\":\"https:\/\/eikonos.com\/wp-content\/uploads\/2019\/05\/instalaciones-audiovisuales-para-comercios-1.jpg\",\"articleSection\":[\"Instal\u00b7lacions fixes\"],\"inLanguage\":\"ca\",\"potentialAction\":[{\"@type\":\"CommentAction\",\"name\":\"Comment\",\"target\":[\"https:\/\/eikonos.com\/ca\/blog\/millors-installacions-audiovisuals-equipar-comercos\/#respond\"]}]},{\"@type\":\"WebPage\",\"@id\":\"https:\/\/eikonos.com\/ca\/blog\/millors-installacions-audiovisuals-equipar-comercos\/\",\"url\":\"https:\/\/eikonos.com\/ca\/blog\/millors-installacions-audiovisuals-equipar-comercos\/\",\"name\":\"Les millors instal\u00b7lacions audiovisuals per a equipar comer\u00e7os\",\"isPartOf\":{\"@id\":\"https:\/\/eikonos.com\/ca\/#website\"},\"primaryImageOfPage\":{\"@id\":\"https:\/\/eikonos.com\/ca\/blog\/millors-installacions-audiovisuals-equipar-comercos\/#primaryimage\"},\"image\":{\"@id\":\"https:\/\/eikonos.com\/ca\/blog\/millors-installacions-audiovisuals-equipar-comercos\/#primaryimage\"},\"thumbnailUrl\":\"https:\/\/eikonos.com\/wp-content\/uploads\/2019\/05\/instalaciones-audiovisuales-para-comercios-1.jpg\",\"datePublished\":\"2019-04-16T08:55:46+00:00\",\"description\":\"Si vols que el teu comer\u00e7 no passi desapercebut davant la multitud, inverteix en instal\u00b7lacions audiovisuals per a comer\u00e7os. Una soluci\u00f3 audiovisual per a destacar davant la compet\u00e8ncia.\",\"breadcrumb\":{\"@id\":\"https:\/\/eikonos.com\/ca\/blog\/millors-installacions-audiovisuals-equipar-comercos\/#breadcrumb\"},\"inLanguage\":\"ca\",\"potentialAction\":[{\"@type\":\"ReadAction\",\"target\":[\"https:\/\/eikonos.com\/ca\/blog\/millors-installacions-audiovisuals-equipar-comercos\/\"]}]},{\"@type\":\"ImageObject\",\"inLanguage\":\"ca\",\"@id\":\"https:\/\/eikonos.com\/ca\/blog\/millors-installacions-audiovisuals-equipar-comercos\/#primaryimage\",\"url\":\"https:\/\/eikonos.com\/wp-content\/uploads\/2019\/05\/instalaciones-audiovisuales-para-comercios-1.jpg\",\"contentUrl\":\"https:\/\/eikonos.com\/wp-content\/uploads\/2019\/05\/instalaciones-audiovisuales-para-comercios-1.jpg\",\"width\":724,\"height\":432,\"caption\":\"Instalaciones audiovisuales para comercios\"},{\"@type\":\"BreadcrumbList\",\"@id\":\"https:\/\/eikonos.com\/ca\/blog\/millors-installacions-audiovisuals-equipar-comercos\/#breadcrumb\",\"itemListElement\":[{\"@type\":\"ListItem\",\"position\":1,\"name\":\"EIKONOS\",\"item\":\"https:\/\/eikonos.com\/ca\/inici\/\"},{\"@type\":\"ListItem\",\"position\":2,\"name\":\"Les millors instal\u00b7lacions audiovisuals per a equipar comer\u00e7os\"}]},{\"@type\":\"WebSite\",\"@id\":\"https:\/\/eikonos.com\/ca\/#website\",\"url\":\"https:\/\/eikonos.com\/ca\/\",\"name\":\"EIKONOS\",\"description\":\"EXPERIENCIA AUDIOVISUAL\",\"publisher\":{\"@id\":\"https:\/\/eikonos.com\/ca\/#organization\"},\"potentialAction\":[{\"@type\":\"SearchAction\",\"target\":{\"@type\":\"EntryPoint\",\"urlTemplate\":\"https:\/\/eikonos.com\/ca\/?s={search_term_string}\"},\"query-input\":{\"@type\":\"PropertyValueSpecification\",\"valueRequired\":true,\"valueName\":\"search_term_string\"}}],\"inLanguage\":\"ca\"},{\"@type\":\"Organization\",\"@id\":\"https:\/\/eikonos.com\/ca\/#organization\",\"name\":\"EIKONOS | Servicios Audiovisuales, eventos y alquiler de equipos\",\"url\":\"https:\/\/eikonos.com\/ca\/\",\"logo\":{\"@type\":\"ImageObject\",\"inLanguage\":\"ca\",\"@id\":\"https:\/\/eikonos.com\/ca\/#\/schema\/logo\/image\/\",\"url\":\"https:\/\/eikonos.com\/wp-content\/uploads\/2020\/08\/logo-color.png\",\"contentUrl\":\"https:\/\/eikonos.com\/wp-content\/uploads\/2020\/08\/logo-color.png\",\"width\":376,\"height\":122,\"caption\":\"EIKONOS | Servicios Audiovisuales, eventos y alquiler de equipos\"},\"image\":{\"@id\":\"https:\/\/eikonos.com\/ca\/#\/schema\/logo\/image\/\"},\"sameAs\":[\"http:\/\/www.facebook.com\/pages\/Eikonos\/176324785746790\",\"https:\/\/x.com\/eikonos_sa\",\"http:\/\/www.linkedin.com\/company\/eikonos\",\"http:\/\/www.youtube.com\/channel\/UC8wcizWaAYbfsuqVf9wIT6w\"]},{\"@type\":\"Person\",\"@id\":\"https:\/\/eikonos.com\/ca\/#\/schema\/person\/82032860cc314d826959b90595a5280a\",\"name\":\"Xavi Eikonos\",\"image\":{\"@type\":\"ImageObject\",\"inLanguage\":\"ca\",\"@id\":\"https:\/\/eikonos.com\/ca\/#\/schema\/person\/image\/\",\"url\":\"https:\/\/secure.gravatar.com\/avatar\/a6c6b51dd0ac6902701aab24a914f6febe1518f94a5ae06db08b3d6107248dfd?s=96&d=mm&r=g\",\"contentUrl\":\"https:\/\/secure.gravatar.com\/avatar\/a6c6b51dd0ac6902701aab24a914f6febe1518f94a5ae06db08b3d6107248dfd?s=96&d=mm&r=g\",\"caption\":\"Xavi Eikonos\"}}]}<\/script>\n<!-- \/ Yoast SEO plugin. -->","yoast_head_json":{"title":"Les millors instal\u00b7lacions audiovisuals per a equipar comer\u00e7os","description":"Si vols que el teu comer\u00e7 no passi desapercebut davant la multitud, inverteix en instal\u00b7lacions audiovisuals per a comer\u00e7os. Una soluci\u00f3 audiovisual per a destacar davant la compet\u00e8ncia.","robots":{"index":"index","follow":"follow","max-snippet":"max-snippet:-1","max-image-preview":"max-image-preview:large","max-video-preview":"max-video-preview:-1"},"canonical":"https:\/\/eikonos.com\/ca\/blog\/millors-installacions-audiovisuals-equipar-comercos\/","og_locale":"ca_ES","og_type":"article","og_title":"Les millors instal\u00b7lacions audiovisuals per a equipar comer\u00e7os","og_description":"Si vols que el teu comer\u00e7 no passi desapercebut davant la multitud, inverteix en instal\u00b7lacions audiovisuals per a comer\u00e7os. Una soluci\u00f3 audiovisual per a destacar davant la compet\u00e8ncia.","og_url":"https:\/\/eikonos.com\/ca\/blog\/millors-installacions-audiovisuals-equipar-comercos\/","og_site_name":"EIKONOS","article_publisher":"http:\/\/www.facebook.com\/pages\/Eikonos\/176324785746790","article_published_time":"2019-04-16T08:55:46+00:00","og_image":[{"width":724,"height":432,"url":"https:\/\/eikonos.com\/wp-content\/uploads\/2019\/05\/instalaciones-audiovisuales-para-comercios-1.jpg","type":"image\/jpeg"}],"author":"Xavi Eikonos","twitter_card":"summary_large_image","twitter_creator":"@eikonos_sa","twitter_site":"@eikonos_sa","twitter_misc":{"Escrit per":"Xavi Eikonos","Temps estimat de lectura":"3 minuts"},"schema":{"@context":"https:\/\/schema.org","@graph":[{"@type":"Article","@id":"https:\/\/eikonos.com\/ca\/blog\/millors-installacions-audiovisuals-equipar-comercos\/#article","isPartOf":{"@id":"https:\/\/eikonos.com\/ca\/blog\/millors-installacions-audiovisuals-equipar-comercos\/"},"author":{"name":"Xavi Eikonos","@id":"https:\/\/eikonos.com\/ca\/#\/schema\/person\/82032860cc314d826959b90595a5280a"},"headline":"Les millors instal\u00b7lacions audiovisuals per a equipar comer\u00e7os","datePublished":"2019-04-16T08:55:46+00:00","mainEntityOfPage":{"@id":"https:\/\/eikonos.com\/ca\/blog\/millors-installacions-audiovisuals-equipar-comercos\/"},"wordCount":604,"commentCount":0,"publisher":{"@id":"https:\/\/eikonos.com\/ca\/#organization"},"image":{"@id":"https:\/\/eikonos.com\/ca\/blog\/millors-installacions-audiovisuals-equipar-comercos\/#primaryimage"},"thumbnailUrl":"https:\/\/eikonos.com\/wp-content\/uploads\/2019\/05\/instalaciones-audiovisuales-para-comercios-1.jpg","articleSection":["Instal\u00b7lacions fixes"],"inLanguage":"ca","potentialAction":[{"@type":"CommentAction","name":"Comment","target":["https:\/\/eikonos.com\/ca\/blog\/millors-installacions-audiovisuals-equipar-comercos\/#respond"]}]},{"@type":"WebPage","@id":"https:\/\/eikonos.com\/ca\/blog\/millors-installacions-audiovisuals-equipar-comercos\/","url":"https:\/\/eikonos.com\/ca\/blog\/millors-installacions-audiovisuals-equipar-comercos\/","name":"Les millors instal\u00b7lacions audiovisuals per a equipar comer\u00e7os","isPartOf":{"@id":"https:\/\/eikonos.com\/ca\/#website"},"primaryImageOfPage":{"@id":"https:\/\/eikonos.com\/ca\/blog\/millors-installacions-audiovisuals-equipar-comercos\/#primaryimage"},"image":{"@id":"https:\/\/eikonos.com\/ca\/blog\/millors-installacions-audiovisuals-equipar-comercos\/#primaryimage"},"thumbnailUrl":"https:\/\/eikonos.com\/wp-content\/uploads\/2019\/05\/instalaciones-audiovisuales-para-comercios-1.jpg","datePublished":"2019-04-16T08:55:46+00:00","description":"Si vols que el teu comer\u00e7 no passi desapercebut davant la multitud, inverteix en instal\u00b7lacions audiovisuals per a comer\u00e7os. Una soluci\u00f3 audiovisual per a destacar davant la compet\u00e8ncia.","breadcrumb":{"@id":"https:\/\/eikonos.com\/ca\/blog\/millors-installacions-audiovisuals-equipar-comercos\/#breadcrumb"},"inLanguage":"ca","potentialAction":[{"@type":"ReadAction","target":["https:\/\/eikonos.com\/ca\/blog\/millors-installacions-audiovisuals-equipar-comercos\/"]}]},{"@type":"ImageObject","inLanguage":"ca","@id":"https:\/\/eikonos.com\/ca\/blog\/millors-installacions-audiovisuals-equipar-comercos\/#primaryimage","url":"https:\/\/eikonos.com\/wp-content\/uploads\/2019\/05\/instalaciones-audiovisuales-para-comercios-1.jpg","contentUrl":"https:\/\/eikonos.com\/wp-content\/uploads\/2019\/05\/instalaciones-audiovisuales-para-comercios-1.jpg","width":724,"height":432,"caption":"Instalaciones audiovisuales para comercios"},{"@type":"BreadcrumbList","@id":"https:\/\/eikonos.com\/ca\/blog\/millors-installacions-audiovisuals-equipar-comercos\/#breadcrumb","itemListElement":[{"@type":"ListItem","position":1,"name":"EIKONOS","item":"https:\/\/eikonos.com\/ca\/inici\/"},{"@type":"ListItem","position":2,"name":"Les millors instal\u00b7lacions audiovisuals per a equipar comer\u00e7os"}]},{"@type":"WebSite","@id":"https:\/\/eikonos.com\/ca\/#website","url":"https:\/\/eikonos.com\/ca\/","name":"EIKONOS","description":"EXPERIENCIA AUDIOVISUAL","publisher":{"@id":"https:\/\/eikonos.com\/ca\/#organization"},"potentialAction":[{"@type":"SearchAction","target":{"@type":"EntryPoint","urlTemplate":"https:\/\/eikonos.com\/ca\/?s={search_term_string}"},"query-input":{"@type":"PropertyValueSpecification","valueRequired":true,"valueName":"search_term_string"}}],"inLanguage":"ca"},{"@type":"Organization","@id":"https:\/\/eikonos.com\/ca\/#organization","name":"EIKONOS | Servicios Audiovisuales, eventos y alquiler de equipos","url":"https:\/\/eikonos.com\/ca\/","logo":{"@type":"ImageObject","inLanguage":"ca","@id":"https:\/\/eikonos.com\/ca\/#\/schema\/logo\/image\/","url":"https:\/\/eikonos.com\/wp-content\/uploads\/2020\/08\/logo-color.png","contentUrl":"https:\/\/eikonos.com\/wp-content\/uploads\/2020\/08\/logo-color.png","width":376,"height":122,"caption":"EIKONOS | Servicios Audiovisuales, eventos y alquiler de equipos"},"image":{"@id":"https:\/\/eikonos.com\/ca\/#\/schema\/logo\/image\/"},"sameAs":["http:\/\/www.facebook.com\/pages\/Eikonos\/176324785746790","https:\/\/x.com\/eikonos_sa","http:\/\/www.linkedin.com\/company\/eikonos","http:\/\/www.youtube.com\/channel\/UC8wcizWaAYbfsuqVf9wIT6w"]},{"@type":"Person","@id":"https:\/\/eikonos.com\/ca\/#\/schema\/person\/82032860cc314d826959b90595a5280a","name":"Xavi Eikonos","image":{"@type":"ImageObject","inLanguage":"ca","@id":"https:\/\/eikonos.com\/ca\/#\/schema\/person\/image\/","url":"https:\/\/secure.gravatar.com\/avatar\/a6c6b51dd0ac6902701aab24a914f6febe1518f94a5ae06db08b3d6107248dfd?s=96&d=mm&r=g","contentUrl":"https:\/\/secure.gravatar.com\/avatar\/a6c6b51dd0ac6902701aab24a914f6febe1518f94a5ae06db08b3d6107248dfd?s=96&d=mm&r=g","caption":"Xavi Eikonos"}}]}},"_links":{"self":[{"href":"https:\/\/eikonos.com\/ca\/wp-json\/wp\/v2\/posts\/6410","targetHints":{"allow":["GET"]}}],"collection":[{"href":"https:\/\/eikonos.com\/ca\/wp-json\/wp\/v2\/posts"}],"about":[{"href":"https:\/\/eikonos.com\/ca\/wp-json\/wp\/v2\/types\/post"}],"author":[{"embeddable":true,"href":"https:\/\/eikonos.com\/ca\/wp-json\/wp\/v2\/users\/6"}],"replies":[{"embeddable":true,"href":"https:\/\/eikonos.com\/ca\/wp-json\/wp\/v2\/comments?post=6410"}],"version-history":[{"count":0,"href":"https:\/\/eikonos.com\/ca\/wp-json\/wp\/v2\/posts\/6410\/revisions"}],"wp:featuredmedia":[{"embeddable":true,"href":"https:\/\/eikonos.com\/ca\/wp-json\/wp\/v2\/media\/6399"}],"wp:attachment":[{"href":"https:\/\/eikonos.com\/ca\/wp-json\/wp\/v2\/media?parent=6410"}],"wp:term":[{"taxonomy":"category","embeddable":true,"href":"https:\/\/eikonos.com\/ca\/wp-json\/wp\/v2\/categories?post=6410"},{"taxonomy":"post_tag","embeddable":true,"href":"https:\/\/eikonos.com\/ca\/wp-json\/wp\/v2\/tags?post=6410"}],"curies":[{"name":"wp","href":"https:\/\/api.w.org\/{rel}","templated":true}]}}