{"id":6404,"date":"2019-04-02T11:52:10","date_gmt":"2019-04-02T09:52:10","guid":{"rendered":"https:\/\/eikonos.com\/?p=6404"},"modified":"2019-04-02T11:52:10","modified_gmt":"2019-04-02T09:52:10","slug":"illuminacio-exposicions-museus-triar-font-de-llum","status":"publish","type":"post","link":"https:\/\/eikonos.com\/ca\/blog\/illuminacio-exposicions-museus-triar-font-de-llum\/","title":{"rendered":"Il\u00b7luminaci\u00f3 per a exposicions i museus: com triar la font de llum?"},"content":{"rendered":"<p>La il\u00b7luminaci\u00f3 per a exposicions juga un paper fonamental en l\u2019experi\u00e8ncia dels visitants al museu. Comen\u00e7a des de com ens rep la sala i com l\u2019\u00fas d\u2019intensitats, ombres i \u00e0rees destacades fan que unes obres prevalguin sobre unes altres o que la mirada de l\u2019espectador es dirigeixi al punt que nosaltres desitgem.<\/p>\n<p>&nbsp;<\/p>\n<p><strong>La il\u00b7luminaci\u00f3 per a exposicions juga un rol clau per a:<\/strong><\/p>\n<ul>\n<li>Alterar l\u2019ambient de l\u2019espai.<\/li>\n<li>Dirigir l\u2019atenci\u00f3 del visitant cap a determinades obres.<\/li>\n<li>El subtil joc de llum i foscor pot utilitzar-se com a guia del viatge del visitant des que entra fins que surt.<\/li>\n<\/ul>\n<p>&nbsp;<\/p>\n<h2><span style=\"color: #ff0000;\">Fonts de llum per a exposicions i museus<\/span><\/h2>\n<p>Generalment, en els museus es juga amb la llum natural i l\u2019artificial, no nom\u00e9s per a crear l\u2019atmosfera precisa, sin\u00f3 tamb\u00e9 per a ajudar a la conservaci\u00f3 de les col\u00b7leccions que s\u2019exhibeixen.<\/p>\n<p>Prendre la decisi\u00f3 d\u2019utilitzar un tipus de llum o altre \u00e9s una tasca d\u2019equilibri que ha de respondre de forma adequada a les necessitats de conservaci\u00f3, creant al mateix temps experi\u00e8ncies que estiguin lluny del que \u00e9s convencional i que compleixin amb l\u2019objectiu del museu: que cada col\u00b7lecci\u00f3 sigui un espai de descobriment, exploraci\u00f3 i d\u2019aprenentatge.<\/p>\n<p><strong>L\u2019exc\u00e9s d\u2019il\u00b7luminaci\u00f3 natural <\/strong>s\u2019ha de mitigar per a evitar danyar les peces. \u00c9s per aix\u00f2 que a l\u2019hora de la planificaci\u00f3 i organitzaci\u00f3 dels espais dins d\u2019un museu, generalment s\u2019utilitzen filtres a les finestres.<\/p>\n<p>De la mateixa manera, a vegades es pot fer la <strong>combinaci\u00f3 de la llum natural amb dos tipus d\u2019il\u00b7luminaci\u00f3<\/strong>, el bany de llum a la paret i la incid\u00e8ncia de llum dirigida. D\u2019aquesta manera ressaltem els colors i les formes de les obres, podent eliminar fins i tot ombres de marcs molt voluminosos.<\/p>\n<p>Per\u00f2, <strong>com treure profit dels elements de llum per a aconseguir l\u2019aspecte que busquem?<\/strong> Adaptant els nostres recursos d\u2019il\u00b7luminaci\u00f3 artificial a les diferents mides de les obres, altures a les quals estan penjades les peces, etc\u00e8tera. De fet, \u00e9s habitual utilitzar carrils electrificats a certa dist\u00e0ncia de la paret, per a poder jugar amb els focus. D\u2019aquesta manera, podem introduir la llum des de plans laterals, zenitals o que arribin de manera indirecta.<\/p>\n<p>&nbsp;<\/p>\n<h2><span style=\"color: #ff0000;\">Tipus d&#8217;il\u00b7luminaci\u00f3 per a exposicions<\/span><\/h2>\n<p>En parlar d\u2019<a href=\"https:\/\/eikonos.com\/ca\/portfolio_page\/equips-il%C2%B7luminacio\/\">il\u00b7luminaci\u00f3 per a exposicions<\/a> i museus es poden mencionar els seg\u00fcents tipus:<\/p>\n<ul>\n<li>La <strong>il\u00b7luminaci\u00f3 ambiental<\/strong>. Parlem de la il\u00b7luminaci\u00f3 general, de baixa magnitud, difusa. Evita l\u2019enlluernament i crea un ambient de confort ideal per a admirar les obres exposades.<\/li>\n<li>La <strong>il\u00b7luminaci\u00f3 de relleu<\/strong>. \u00c9s la que permet que els objectes siguin reconeguts tridimensionalment, i l\u2019\u00fas de les ombres per a ressaltar la profunditat de les obres.<\/li>\n<\/ul>\n<p>&nbsp;<\/p>\n<p>No est\u00e0 de m\u00e9s recordar que totes les fonts de llum o focus, emeten calor i poden arribar a aconseguir temperatures altes, per la qual cosa s\u2019han de col\u00b7locar el <strong>m\u00e9s allunyats possible<\/strong> dels objectes per a evitar danys. En el cas de les vitrines, s\u2019han d\u2019utilitzar focus de llum freda, LED i s\u2019ha d\u2019enfocar des de dalt.<\/p>\n<p>&nbsp;<\/p>\n<p>Si comptes amb un projecte muse\u00edstic, confia amb <a href=\"https:\/\/eikonos.com\/blog\/consejos-de-iluminacion-para-exposiciones\/\">experts d\u2019il\u00b7luminaci\u00f3 per aexposicions i museus<\/a>. <strong><em>Parlem!<\/em><\/strong><\/p>\n<p>&nbsp;<\/p>\n<p><a href=\"https:\/\/eikonos.com\/ca\/serveis\/instal%C2%B7lacions-fixes\/\"><img loading=\"lazy\" decoding=\"async\" class=\"aligncenter wp-image-6115 size-full\" title=\"Eikonos instal\u00b7lacions audiovisuals fixes\" src=\"https:\/\/eikonos.com\/wp-content\/uploads\/2019\/01\/CTA_EIKONOS_instalaciones_fijas-CAT-1.png\" alt=\"Eikonos instal\u00b7lacions audiovisuals fixes\" width=\"741\" height=\"250\" srcset=\"https:\/\/eikonos.com\/wp-content\/uploads\/2019\/01\/CTA_EIKONOS_instalaciones_fijas-CAT-1.png 741w, https:\/\/eikonos.com\/wp-content\/uploads\/2019\/01\/CTA_EIKONOS_instalaciones_fijas-CAT-1-300x101.png 300w\" sizes=\"auto, (max-width: 741px) 100vw, 741px\" \/><\/a><\/p>\n","protected":false},"excerpt":{"rendered":"<p>La il\u00b7luminaci\u00f3 per a exposicions juga un paper fonamental en l\u2019experi\u00e8ncia dels visitants al museu&#8230;.<\/p>\n","protected":false},"author":6,"featured_media":6396,"comment_status":"open","ping_status":"open","sticky":false,"template":"","format":"standard","meta":{"_acf_changed":false,"footnotes":""},"categories":[255],"tags":[],"class_list":["post-6404","post","type-post","status-publish","format-standard","has-post-thumbnail","hentry","category-installacions-fixes"],"acf":[],"yoast_head":"<!-- This site is optimized with the Yoast SEO plugin v26.3 - https:\/\/yoast.com\/wordpress\/plugins\/seo\/ -->\n<title>l\u00b7luminaci\u00f3 per a exposicions i museus: com triar la font de llum?<\/title>\n<meta name=\"description\" content=\"Quin paper juga la llum en un projecte muse\u00edstic? Com la il\u00b7luminaci\u00f3 per a exposicions pot crear un canvi en l&#039;espai? Descobreix com les fonts de llum juguen un rol clau per a sorprendre els teus espectadors.\" \/>\n<meta name=\"robots\" content=\"index, follow, max-snippet:-1, max-image-preview:large, max-video-preview:-1\" \/>\n<link rel=\"canonical\" href=\"https:\/\/eikonos.com\/ca\/blog\/illuminacio-exposicions-museus-triar-font-de-llum\/\" \/>\n<meta property=\"og:locale\" content=\"ca_ES\" \/>\n<meta property=\"og:type\" content=\"article\" \/>\n<meta property=\"og:title\" content=\"l\u00b7luminaci\u00f3 per a exposicions i museus: com triar la font de llum?\" \/>\n<meta property=\"og:description\" content=\"Quin paper juga la llum en un projecte muse\u00edstic? Com la il\u00b7luminaci\u00f3 per a exposicions pot crear un canvi en l&#039;espai? Descobreix com les fonts de llum juguen un rol clau per a sorprendre els teus espectadors.\" \/>\n<meta property=\"og:url\" content=\"https:\/\/eikonos.com\/ca\/blog\/illuminacio-exposicions-museus-triar-font-de-llum\/\" \/>\n<meta property=\"og:site_name\" content=\"EIKONOS\" \/>\n<meta property=\"article:publisher\" content=\"http:\/\/www.facebook.com\/pages\/Eikonos\/176324785746790\" \/>\n<meta property=\"article:published_time\" content=\"2019-04-02T09:52:10+00:00\" \/>\n<meta property=\"og:image\" content=\"https:\/\/eikonos.com\/wp-content\/uploads\/2019\/05\/iluminacion-para-exposiciones-1.jpg\" \/>\n\t<meta property=\"og:image:width\" content=\"724\" \/>\n\t<meta property=\"og:image:height\" content=\"432\" \/>\n\t<meta property=\"og:image:type\" content=\"image\/jpeg\" \/>\n<meta name=\"author\" content=\"Xavi Eikonos\" \/>\n<meta name=\"twitter:card\" content=\"summary_large_image\" \/>\n<meta name=\"twitter:creator\" content=\"@eikonos_sa\" \/>\n<meta name=\"twitter:site\" content=\"@eikonos_sa\" \/>\n<meta name=\"twitter:label1\" content=\"Escrit per\" \/>\n\t<meta name=\"twitter:data1\" content=\"Xavi Eikonos\" \/>\n\t<meta name=\"twitter:label2\" content=\"Temps estimat de lectura\" \/>\n\t<meta name=\"twitter:data2\" content=\"3 minuts\" \/>\n<script type=\"application\/ld+json\" class=\"yoast-schema-graph\">{\"@context\":\"https:\/\/schema.org\",\"@graph\":[{\"@type\":\"Article\",\"@id\":\"https:\/\/eikonos.com\/ca\/blog\/illuminacio-exposicions-museus-triar-font-de-llum\/#article\",\"isPartOf\":{\"@id\":\"https:\/\/eikonos.com\/ca\/blog\/illuminacio-exposicions-museus-triar-font-de-llum\/\"},\"author\":{\"name\":\"Xavi Eikonos\",\"@id\":\"https:\/\/eikonos.com\/ca\/#\/schema\/person\/82032860cc314d826959b90595a5280a\"},\"headline\":\"Il\u00b7luminaci\u00f3 per a exposicions i museus: com triar la font de llum?\",\"datePublished\":\"2019-04-02T09:52:10+00:00\",\"mainEntityOfPage\":{\"@id\":\"https:\/\/eikonos.com\/ca\/blog\/illuminacio-exposicions-museus-triar-font-de-llum\/\"},\"wordCount\":579,\"commentCount\":0,\"publisher\":{\"@id\":\"https:\/\/eikonos.com\/ca\/#organization\"},\"image\":{\"@id\":\"https:\/\/eikonos.com\/ca\/blog\/illuminacio-exposicions-museus-triar-font-de-llum\/#primaryimage\"},\"thumbnailUrl\":\"https:\/\/eikonos.com\/wp-content\/uploads\/2019\/05\/iluminacion-para-exposiciones-1.jpg\",\"articleSection\":[\"Instal\u00b7lacions fixes\"],\"inLanguage\":\"ca\",\"potentialAction\":[{\"@type\":\"CommentAction\",\"name\":\"Comment\",\"target\":[\"https:\/\/eikonos.com\/ca\/blog\/illuminacio-exposicions-museus-triar-font-de-llum\/#respond\"]}]},{\"@type\":\"WebPage\",\"@id\":\"https:\/\/eikonos.com\/ca\/blog\/illuminacio-exposicions-museus-triar-font-de-llum\/\",\"url\":\"https:\/\/eikonos.com\/ca\/blog\/illuminacio-exposicions-museus-triar-font-de-llum\/\",\"name\":\"l\u00b7luminaci\u00f3 per a exposicions i museus: com triar la font de llum?\",\"isPartOf\":{\"@id\":\"https:\/\/eikonos.com\/ca\/#website\"},\"primaryImageOfPage\":{\"@id\":\"https:\/\/eikonos.com\/ca\/blog\/illuminacio-exposicions-museus-triar-font-de-llum\/#primaryimage\"},\"image\":{\"@id\":\"https:\/\/eikonos.com\/ca\/blog\/illuminacio-exposicions-museus-triar-font-de-llum\/#primaryimage\"},\"thumbnailUrl\":\"https:\/\/eikonos.com\/wp-content\/uploads\/2019\/05\/iluminacion-para-exposiciones-1.jpg\",\"datePublished\":\"2019-04-02T09:52:10+00:00\",\"description\":\"Quin paper juga la llum en un projecte muse\u00edstic? Com la il\u00b7luminaci\u00f3 per a exposicions pot crear un canvi en l'espai? Descobreix com les fonts de llum juguen un rol clau per a sorprendre els teus espectadors.\",\"breadcrumb\":{\"@id\":\"https:\/\/eikonos.com\/ca\/blog\/illuminacio-exposicions-museus-triar-font-de-llum\/#breadcrumb\"},\"inLanguage\":\"ca\",\"potentialAction\":[{\"@type\":\"ReadAction\",\"target\":[\"https:\/\/eikonos.com\/ca\/blog\/illuminacio-exposicions-museus-triar-font-de-llum\/\"]}]},{\"@type\":\"ImageObject\",\"inLanguage\":\"ca\",\"@id\":\"https:\/\/eikonos.com\/ca\/blog\/illuminacio-exposicions-museus-triar-font-de-llum\/#primaryimage\",\"url\":\"https:\/\/eikonos.com\/wp-content\/uploads\/2019\/05\/iluminacion-para-exposiciones-1.jpg\",\"contentUrl\":\"https:\/\/eikonos.com\/wp-content\/uploads\/2019\/05\/iluminacion-para-exposiciones-1.jpg\",\"width\":724,\"height\":432},{\"@type\":\"BreadcrumbList\",\"@id\":\"https:\/\/eikonos.com\/ca\/blog\/illuminacio-exposicions-museus-triar-font-de-llum\/#breadcrumb\",\"itemListElement\":[{\"@type\":\"ListItem\",\"position\":1,\"name\":\"EIKONOS\",\"item\":\"https:\/\/eikonos.com\/ca\/inici\/\"},{\"@type\":\"ListItem\",\"position\":2,\"name\":\"Il\u00b7luminaci\u00f3 per a exposicions i museus: com triar la font de llum?\"}]},{\"@type\":\"WebSite\",\"@id\":\"https:\/\/eikonos.com\/ca\/#website\",\"url\":\"https:\/\/eikonos.com\/ca\/\",\"name\":\"EIKONOS\",\"description\":\"EXPERIENCIA AUDIOVISUAL\",\"publisher\":{\"@id\":\"https:\/\/eikonos.com\/ca\/#organization\"},\"potentialAction\":[{\"@type\":\"SearchAction\",\"target\":{\"@type\":\"EntryPoint\",\"urlTemplate\":\"https:\/\/eikonos.com\/ca\/?s={search_term_string}\"},\"query-input\":{\"@type\":\"PropertyValueSpecification\",\"valueRequired\":true,\"valueName\":\"search_term_string\"}}],\"inLanguage\":\"ca\"},{\"@type\":\"Organization\",\"@id\":\"https:\/\/eikonos.com\/ca\/#organization\",\"name\":\"EIKONOS | Servicios Audiovisuales, eventos y alquiler de equipos\",\"url\":\"https:\/\/eikonos.com\/ca\/\",\"logo\":{\"@type\":\"ImageObject\",\"inLanguage\":\"ca\",\"@id\":\"https:\/\/eikonos.com\/ca\/#\/schema\/logo\/image\/\",\"url\":\"https:\/\/eikonos.com\/wp-content\/uploads\/2020\/08\/logo-color.png\",\"contentUrl\":\"https:\/\/eikonos.com\/wp-content\/uploads\/2020\/08\/logo-color.png\",\"width\":376,\"height\":122,\"caption\":\"EIKONOS | Servicios Audiovisuales, eventos y alquiler de equipos\"},\"image\":{\"@id\":\"https:\/\/eikonos.com\/ca\/#\/schema\/logo\/image\/\"},\"sameAs\":[\"http:\/\/www.facebook.com\/pages\/Eikonos\/176324785746790\",\"https:\/\/x.com\/eikonos_sa\",\"http:\/\/www.linkedin.com\/company\/eikonos\",\"http:\/\/www.youtube.com\/channel\/UC8wcizWaAYbfsuqVf9wIT6w\"]},{\"@type\":\"Person\",\"@id\":\"https:\/\/eikonos.com\/ca\/#\/schema\/person\/82032860cc314d826959b90595a5280a\",\"name\":\"Xavi Eikonos\",\"image\":{\"@type\":\"ImageObject\",\"inLanguage\":\"ca\",\"@id\":\"https:\/\/eikonos.com\/ca\/#\/schema\/person\/image\/\",\"url\":\"https:\/\/secure.gravatar.com\/avatar\/a6c6b51dd0ac6902701aab24a914f6febe1518f94a5ae06db08b3d6107248dfd?s=96&d=mm&r=g\",\"contentUrl\":\"https:\/\/secure.gravatar.com\/avatar\/a6c6b51dd0ac6902701aab24a914f6febe1518f94a5ae06db08b3d6107248dfd?s=96&d=mm&r=g\",\"caption\":\"Xavi Eikonos\"}}]}<\/script>\n<!-- \/ Yoast SEO plugin. -->","yoast_head_json":{"title":"l\u00b7luminaci\u00f3 per a exposicions i museus: com triar la font de llum?","description":"Quin paper juga la llum en un projecte muse\u00edstic? Com la il\u00b7luminaci\u00f3 per a exposicions pot crear un canvi en l'espai? Descobreix com les fonts de llum juguen un rol clau per a sorprendre els teus espectadors.","robots":{"index":"index","follow":"follow","max-snippet":"max-snippet:-1","max-image-preview":"max-image-preview:large","max-video-preview":"max-video-preview:-1"},"canonical":"https:\/\/eikonos.com\/ca\/blog\/illuminacio-exposicions-museus-triar-font-de-llum\/","og_locale":"ca_ES","og_type":"article","og_title":"l\u00b7luminaci\u00f3 per a exposicions i museus: com triar la font de llum?","og_description":"Quin paper juga la llum en un projecte muse\u00edstic? Com la il\u00b7luminaci\u00f3 per a exposicions pot crear un canvi en l'espai? Descobreix com les fonts de llum juguen un rol clau per a sorprendre els teus espectadors.","og_url":"https:\/\/eikonos.com\/ca\/blog\/illuminacio-exposicions-museus-triar-font-de-llum\/","og_site_name":"EIKONOS","article_publisher":"http:\/\/www.facebook.com\/pages\/Eikonos\/176324785746790","article_published_time":"2019-04-02T09:52:10+00:00","og_image":[{"width":724,"height":432,"url":"https:\/\/eikonos.com\/wp-content\/uploads\/2019\/05\/iluminacion-para-exposiciones-1.jpg","type":"image\/jpeg"}],"author":"Xavi Eikonos","twitter_card":"summary_large_image","twitter_creator":"@eikonos_sa","twitter_site":"@eikonos_sa","twitter_misc":{"Escrit per":"Xavi Eikonos","Temps estimat de lectura":"3 minuts"},"schema":{"@context":"https:\/\/schema.org","@graph":[{"@type":"Article","@id":"https:\/\/eikonos.com\/ca\/blog\/illuminacio-exposicions-museus-triar-font-de-llum\/#article","isPartOf":{"@id":"https:\/\/eikonos.com\/ca\/blog\/illuminacio-exposicions-museus-triar-font-de-llum\/"},"author":{"name":"Xavi Eikonos","@id":"https:\/\/eikonos.com\/ca\/#\/schema\/person\/82032860cc314d826959b90595a5280a"},"headline":"Il\u00b7luminaci\u00f3 per a exposicions i museus: com triar la font de llum?","datePublished":"2019-04-02T09:52:10+00:00","mainEntityOfPage":{"@id":"https:\/\/eikonos.com\/ca\/blog\/illuminacio-exposicions-museus-triar-font-de-llum\/"},"wordCount":579,"commentCount":0,"publisher":{"@id":"https:\/\/eikonos.com\/ca\/#organization"},"image":{"@id":"https:\/\/eikonos.com\/ca\/blog\/illuminacio-exposicions-museus-triar-font-de-llum\/#primaryimage"},"thumbnailUrl":"https:\/\/eikonos.com\/wp-content\/uploads\/2019\/05\/iluminacion-para-exposiciones-1.jpg","articleSection":["Instal\u00b7lacions fixes"],"inLanguage":"ca","potentialAction":[{"@type":"CommentAction","name":"Comment","target":["https:\/\/eikonos.com\/ca\/blog\/illuminacio-exposicions-museus-triar-font-de-llum\/#respond"]}]},{"@type":"WebPage","@id":"https:\/\/eikonos.com\/ca\/blog\/illuminacio-exposicions-museus-triar-font-de-llum\/","url":"https:\/\/eikonos.com\/ca\/blog\/illuminacio-exposicions-museus-triar-font-de-llum\/","name":"l\u00b7luminaci\u00f3 per a exposicions i museus: com triar la font de llum?","isPartOf":{"@id":"https:\/\/eikonos.com\/ca\/#website"},"primaryImageOfPage":{"@id":"https:\/\/eikonos.com\/ca\/blog\/illuminacio-exposicions-museus-triar-font-de-llum\/#primaryimage"},"image":{"@id":"https:\/\/eikonos.com\/ca\/blog\/illuminacio-exposicions-museus-triar-font-de-llum\/#primaryimage"},"thumbnailUrl":"https:\/\/eikonos.com\/wp-content\/uploads\/2019\/05\/iluminacion-para-exposiciones-1.jpg","datePublished":"2019-04-02T09:52:10+00:00","description":"Quin paper juga la llum en un projecte muse\u00edstic? Com la il\u00b7luminaci\u00f3 per a exposicions pot crear un canvi en l'espai? Descobreix com les fonts de llum juguen un rol clau per a sorprendre els teus espectadors.","breadcrumb":{"@id":"https:\/\/eikonos.com\/ca\/blog\/illuminacio-exposicions-museus-triar-font-de-llum\/#breadcrumb"},"inLanguage":"ca","potentialAction":[{"@type":"ReadAction","target":["https:\/\/eikonos.com\/ca\/blog\/illuminacio-exposicions-museus-triar-font-de-llum\/"]}]},{"@type":"ImageObject","inLanguage":"ca","@id":"https:\/\/eikonos.com\/ca\/blog\/illuminacio-exposicions-museus-triar-font-de-llum\/#primaryimage","url":"https:\/\/eikonos.com\/wp-content\/uploads\/2019\/05\/iluminacion-para-exposiciones-1.jpg","contentUrl":"https:\/\/eikonos.com\/wp-content\/uploads\/2019\/05\/iluminacion-para-exposiciones-1.jpg","width":724,"height":432},{"@type":"BreadcrumbList","@id":"https:\/\/eikonos.com\/ca\/blog\/illuminacio-exposicions-museus-triar-font-de-llum\/#breadcrumb","itemListElement":[{"@type":"ListItem","position":1,"name":"EIKONOS","item":"https:\/\/eikonos.com\/ca\/inici\/"},{"@type":"ListItem","position":2,"name":"Il\u00b7luminaci\u00f3 per a exposicions i museus: com triar la font de llum?"}]},{"@type":"WebSite","@id":"https:\/\/eikonos.com\/ca\/#website","url":"https:\/\/eikonos.com\/ca\/","name":"EIKONOS","description":"EXPERIENCIA AUDIOVISUAL","publisher":{"@id":"https:\/\/eikonos.com\/ca\/#organization"},"potentialAction":[{"@type":"SearchAction","target":{"@type":"EntryPoint","urlTemplate":"https:\/\/eikonos.com\/ca\/?s={search_term_string}"},"query-input":{"@type":"PropertyValueSpecification","valueRequired":true,"valueName":"search_term_string"}}],"inLanguage":"ca"},{"@type":"Organization","@id":"https:\/\/eikonos.com\/ca\/#organization","name":"EIKONOS | Servicios Audiovisuales, eventos y alquiler de equipos","url":"https:\/\/eikonos.com\/ca\/","logo":{"@type":"ImageObject","inLanguage":"ca","@id":"https:\/\/eikonos.com\/ca\/#\/schema\/logo\/image\/","url":"https:\/\/eikonos.com\/wp-content\/uploads\/2020\/08\/logo-color.png","contentUrl":"https:\/\/eikonos.com\/wp-content\/uploads\/2020\/08\/logo-color.png","width":376,"height":122,"caption":"EIKONOS | Servicios Audiovisuales, eventos y alquiler de equipos"},"image":{"@id":"https:\/\/eikonos.com\/ca\/#\/schema\/logo\/image\/"},"sameAs":["http:\/\/www.facebook.com\/pages\/Eikonos\/176324785746790","https:\/\/x.com\/eikonos_sa","http:\/\/www.linkedin.com\/company\/eikonos","http:\/\/www.youtube.com\/channel\/UC8wcizWaAYbfsuqVf9wIT6w"]},{"@type":"Person","@id":"https:\/\/eikonos.com\/ca\/#\/schema\/person\/82032860cc314d826959b90595a5280a","name":"Xavi Eikonos","image":{"@type":"ImageObject","inLanguage":"ca","@id":"https:\/\/eikonos.com\/ca\/#\/schema\/person\/image\/","url":"https:\/\/secure.gravatar.com\/avatar\/a6c6b51dd0ac6902701aab24a914f6febe1518f94a5ae06db08b3d6107248dfd?s=96&d=mm&r=g","contentUrl":"https:\/\/secure.gravatar.com\/avatar\/a6c6b51dd0ac6902701aab24a914f6febe1518f94a5ae06db08b3d6107248dfd?s=96&d=mm&r=g","caption":"Xavi Eikonos"}}]}},"_links":{"self":[{"href":"https:\/\/eikonos.com\/ca\/wp-json\/wp\/v2\/posts\/6404","targetHints":{"allow":["GET"]}}],"collection":[{"href":"https:\/\/eikonos.com\/ca\/wp-json\/wp\/v2\/posts"}],"about":[{"href":"https:\/\/eikonos.com\/ca\/wp-json\/wp\/v2\/types\/post"}],"author":[{"embeddable":true,"href":"https:\/\/eikonos.com\/ca\/wp-json\/wp\/v2\/users\/6"}],"replies":[{"embeddable":true,"href":"https:\/\/eikonos.com\/ca\/wp-json\/wp\/v2\/comments?post=6404"}],"version-history":[{"count":0,"href":"https:\/\/eikonos.com\/ca\/wp-json\/wp\/v2\/posts\/6404\/revisions"}],"wp:featuredmedia":[{"embeddable":true,"href":"https:\/\/eikonos.com\/ca\/wp-json\/wp\/v2\/media\/6396"}],"wp:attachment":[{"href":"https:\/\/eikonos.com\/ca\/wp-json\/wp\/v2\/media?parent=6404"}],"wp:term":[{"taxonomy":"category","embeddable":true,"href":"https:\/\/eikonos.com\/ca\/wp-json\/wp\/v2\/categories?post=6404"},{"taxonomy":"post_tag","embeddable":true,"href":"https:\/\/eikonos.com\/ca\/wp-json\/wp\/v2\/tags?post=6404"}],"curies":[{"name":"wp","href":"https:\/\/api.w.org\/{rel}","templated":true}]}}