{"id":6384,"date":"2019-04-23T11:08:17","date_gmt":"2019-04-23T09:08:17","guid":{"rendered":"https:\/\/eikonos.com\/?p=6384"},"modified":"2019-04-23T11:08:17","modified_gmt":"2019-04-23T09:08:17","slug":"avantatges-lloguer-pantalles-led-remolc-esdeveniments","status":"publish","type":"post","link":"https:\/\/eikonos.com\/ca\/blog\/avantatges-lloguer-pantalles-led-remolc-esdeveniments\/","title":{"rendered":"Avantatges del lloguer de pantalles LED amb remolc per a esdeveniments"},"content":{"rendered":"<p>Si el teu objectiu \u00e9s atreure p\u00fablic potencial cap a un esdeveniment, sabr\u00e0s com de complex resulta definir l\u2019estrat\u00e8gia per a destacar enfront de la compet\u00e8ncia i aconseguir les teves metes. Es requereix de molta destresa, estar al dia de les tend\u00e8ncies en m\u00e0rqueting i comptar amb el millor equip.<\/p>\n<p>A tot aix\u00f2 s\u2019uneix el desplegament \u2013dir\u00edem, des de ja, imprescindible- perqu\u00e8 l\u2019espai brilli per la seva oferta a nivell audiovisual. Parlem d\u2019un entorn molt t\u00e8cnic per\u00f2 que \u00e9s capa\u00e7 de quedar en el record de l\u2019espectador. Avui et cometem per qu\u00e8 optar pel lloguer de pantalles LED per a esdeveniments pot ser una magn\u00edfica idea.<\/p>\n<p>&nbsp;<\/p>\n<h2><span style=\"color: #ff0000;\">Pantalles LED per a esdeveniments, un equip vers\u00e0til i adaptable<\/span><\/h2>\n<p>Les <a href=\"https:\/\/eikonos.com\/ca\/blog\/perque-llogar-pantallas-led-amb-remolc-es-ideal-per-esdeveniments-en-exteriors\/\">pantalles LED sobre remolc en exteriors<\/a> s\u00f3n efectives com a reclam dels transe\u00fcnts i conductors que passen a prop. Les promocions realitzades a trav\u00e9s de pantalles LED ofereixen avantatges t\u00e8cnics, per\u00f2 tamb\u00e9 l\u2019oportunitat d\u2019utilitzar contingut de v\u00eddeo. Els nostres remolcs LED, ofereixen l\u2019avantatge que les pantalles LED no tenen, tals com <strong>rapidesa de muntatge<\/strong> (ja que nom\u00e9s s\u2019ha d\u2019elevar la pantalla i llest), p<strong>ossibilitats de personalitzar el cos del remolc amb vinils corporatius<\/strong>, que faciliten la seva integraci\u00f3 visual en l\u2019entorn est\u00e0tic d\u2019un esdeveniment.<\/p>\n<p>Per sort, gr\u00e0cies a la possibilitat de <a href=\"https:\/\/eikonos.com\/ca\/serveis\/lloguer-equips\/\">llogar equips audiovisuals<\/a>, podem exprimir els seus avantatges en el moment exacte que el necessitem: congressos, esdeveniments, fires, festivals orientats a diferents sectors, campanyes de publicitat, gravacions o fins i tot roadshows. Tot aix\u00f2 sense haver de fer front a un gran desemborsament inicial.<\/p>\n<p>Les pantalles LED per a esdeveniments permeten configurar i modificar la grand\u00e0ria de pantalla (connectant una amb l\u2019altra), per la qual cosa s\u00f3n una alternativa summament vers\u00e0til per als professionals del sector audiovisual.<\/p>\n<p>El seu sistema de muntatge modular i la seva electr\u00f2nica intel\u00b7ligent <strong>permeten que puguis adaptar la grand\u00e0ria d\u2019acord a la teva conveni\u00e8ncia<\/strong>. Nom\u00e9s s\u2019han de muntar les cabines el LED que necessitar\u00e0s per a les dimensions que requereixes, el que permet que puguis dividir una pantalla de lloguer gegant en diverses de menor grand\u00e0ria.<\/p>\n<p>&nbsp;<\/p>\n<p>Un altre avantatge que tenen \u00e9s la seva <strong>bona resoluci\u00f3 i la qualitat de la imatge<\/strong> que arriben a brindar, i que gr\u00e0cies a les seves caracter\u00edstiques t\u00e8cniques avan\u00e7ades permeten emetre contingut de v\u00eddeo incl\u00fas a plena llum del sol.<\/p>\n<p>&nbsp;<\/p>\n<h2><span style=\"color: #ff0000;\">Una soluci\u00f3 audiovisual amb grans possibilitats<\/span><\/h2>\n<p>Si necessites el servei de lloguer de pantalles LED per a esdeveniments per a presentar un contingut en diversos llocs diferents, <strong>el millor \u00e9s utilitzar les pantalles m\u00f2bils<\/strong>, ja que s\u00f3n instal\u00b7lades en els remolcs, es poden ajustar la seva altura i pots canviar la seva orientaci\u00f3 d\u2019acord amb les teves necessitats podent girar-les fins a 180\u00b0.<\/p>\n<p>Entre un i altre dest\u00ed no \u00e9s necessari desmantellar-les, pel que un cop muntades les podem moure pel recinte on estiguem o d\u2019una ciutat a una altra. De fet, s\u00f3n molt m\u00e9s f\u00e0cils d\u2019instal\u00b7lar del que creus. Normalment, s\u00f3n de materials lleugers i la seva instal\u00b7laci\u00f3 amb pestells especials i connectors r\u00e0pids fa que el muntatge i desmuntatge de l\u2019estructura sigui r\u00e0pid.<\/p>\n<p>&nbsp;<\/p>\n<p>A Eikonos comptem amb una pantalla amb generador propi, que fa que no depenguem de corrents el\u00e8ctriques externes, que no sabem si tenen pot\u00e8ncia suficient o ens poden donar algun ensurt en directe. Aix\u00f2 fa que puguem moure la pantalla amb el remolc a qualsevol escenari que puguem imaginar, sigui a on sigui.<\/p>\n<p>&nbsp;<\/p>\n<p>Vols m\u00e9s informaci\u00f3 sobre el lloguer de pantalles LED per a esdeveniments? <strong><em>Parlem!<\/em><\/strong><\/p>\n<p>&nbsp;<\/p>\n<p><a href=\"https:\/\/eikonos.com\/ca\/serveis\/lloguer-equips\/\"><img loading=\"lazy\" decoding=\"async\" class=\"aligncenter wp-image-6055 size-full\" title=\"Equips audiovisuals de lloguer amb EIKONOS\" src=\"https:\/\/eikonos.com\/wp-content\/uploads\/2018\/12\/eikonos-cta-equips-audiovisuals-de-lloguer-1.png\" alt=\"Equips audiovisuals de lloguer amb EIKONOS\" width=\"741\" height=\"250\" srcset=\"https:\/\/eikonos.com\/wp-content\/uploads\/2018\/12\/eikonos-cta-equips-audiovisuals-de-lloguer-1.png 741w, https:\/\/eikonos.com\/wp-content\/uploads\/2018\/12\/eikonos-cta-equips-audiovisuals-de-lloguer-1-300x101.png 300w\" sizes=\"auto, (max-width: 741px) 100vw, 741px\" \/><\/a><\/p>\n","protected":false},"excerpt":{"rendered":"<p>Si el teu objectiu \u00e9s atreure p\u00fablic potencial cap a un esdeveniment, sabr\u00e0s com de&#8230;<\/p>\n","protected":false},"author":6,"featured_media":6388,"comment_status":"open","ping_status":"open","sticky":false,"template":"","format":"standard","meta":{"_acf_changed":false,"footnotes":""},"categories":[262],"tags":[],"class_list":["post-6384","post","type-post","status-publish","format-standard","has-post-thumbnail","hentry","category-lloguer-dequips"],"acf":[],"yoast_head":"<!-- This site is optimized with the Yoast SEO plugin v26.3 - https:\/\/yoast.com\/wordpress\/plugins\/seo\/ -->\n<title>Lloguer de pantalles LED amb remolc per a esdeveniments<\/title>\n<meta name=\"description\" content=\"Coneixes totes les possibilitats del lloguer de pantalles LED per a esdeveniments? Descobreix una de les solucions audiovisuals m\u00e9s vers\u00e0tils i adaptables.\" \/>\n<meta name=\"robots\" content=\"index, follow, max-snippet:-1, max-image-preview:large, max-video-preview:-1\" \/>\n<link rel=\"canonical\" href=\"https:\/\/eikonos.com\/ca\/blog\/avantatges-lloguer-pantalles-led-remolc-esdeveniments\/\" \/>\n<meta property=\"og:locale\" content=\"ca_ES\" \/>\n<meta property=\"og:type\" content=\"article\" \/>\n<meta property=\"og:title\" content=\"Lloguer de pantalles LED amb remolc per a esdeveniments\" \/>\n<meta property=\"og:description\" content=\"Coneixes totes les possibilitats del lloguer de pantalles LED per a esdeveniments? Descobreix una de les solucions audiovisuals m\u00e9s vers\u00e0tils i adaptables.\" \/>\n<meta property=\"og:url\" content=\"https:\/\/eikonos.com\/ca\/blog\/avantatges-lloguer-pantalles-led-remolc-esdeveniments\/\" \/>\n<meta property=\"og:site_name\" content=\"EIKONOS\" \/>\n<meta property=\"article:publisher\" content=\"http:\/\/www.facebook.com\/pages\/Eikonos\/176324785746790\" \/>\n<meta property=\"article:published_time\" content=\"2019-04-23T09:08:17+00:00\" \/>\n<meta property=\"og:image\" content=\"https:\/\/eikonos.com\/wp-content\/uploads\/2019\/05\/alquiler-pantallas-led-eventos-1-1.jpg\" \/>\n\t<meta property=\"og:image:width\" content=\"724\" \/>\n\t<meta property=\"og:image:height\" content=\"432\" \/>\n\t<meta property=\"og:image:type\" content=\"image\/jpeg\" \/>\n<meta name=\"author\" content=\"Xavi Eikonos\" \/>\n<meta name=\"twitter:card\" content=\"summary_large_image\" \/>\n<meta name=\"twitter:creator\" content=\"@eikonos_sa\" \/>\n<meta name=\"twitter:site\" content=\"@eikonos_sa\" \/>\n<meta name=\"twitter:label1\" content=\"Escrit per\" \/>\n\t<meta name=\"twitter:data1\" content=\"Xavi Eikonos\" \/>\n\t<meta name=\"twitter:label2\" content=\"Temps estimat de lectura\" \/>\n\t<meta name=\"twitter:data2\" content=\"3 minuts\" \/>\n<script type=\"application\/ld+json\" class=\"yoast-schema-graph\">{\"@context\":\"https:\/\/schema.org\",\"@graph\":[{\"@type\":\"Article\",\"@id\":\"https:\/\/eikonos.com\/ca\/blog\/avantatges-lloguer-pantalles-led-remolc-esdeveniments\/#article\",\"isPartOf\":{\"@id\":\"https:\/\/eikonos.com\/ca\/blog\/avantatges-lloguer-pantalles-led-remolc-esdeveniments\/\"},\"author\":{\"name\":\"Xavi Eikonos\",\"@id\":\"https:\/\/eikonos.com\/ca\/#\/schema\/person\/82032860cc314d826959b90595a5280a\"},\"headline\":\"Avantatges del lloguer de pantalles LED amb remolc per a esdeveniments\",\"datePublished\":\"2019-04-23T09:08:17+00:00\",\"mainEntityOfPage\":{\"@id\":\"https:\/\/eikonos.com\/ca\/blog\/avantatges-lloguer-pantalles-led-remolc-esdeveniments\/\"},\"wordCount\":653,\"commentCount\":0,\"publisher\":{\"@id\":\"https:\/\/eikonos.com\/ca\/#organization\"},\"image\":{\"@id\":\"https:\/\/eikonos.com\/ca\/blog\/avantatges-lloguer-pantalles-led-remolc-esdeveniments\/#primaryimage\"},\"thumbnailUrl\":\"https:\/\/eikonos.com\/wp-content\/uploads\/2019\/05\/alquiler-pantallas-led-eventos-1-1.jpg\",\"articleSection\":[\"Lloguer d'equips\"],\"inLanguage\":\"ca\",\"potentialAction\":[{\"@type\":\"CommentAction\",\"name\":\"Comment\",\"target\":[\"https:\/\/eikonos.com\/ca\/blog\/avantatges-lloguer-pantalles-led-remolc-esdeveniments\/#respond\"]}]},{\"@type\":\"WebPage\",\"@id\":\"https:\/\/eikonos.com\/ca\/blog\/avantatges-lloguer-pantalles-led-remolc-esdeveniments\/\",\"url\":\"https:\/\/eikonos.com\/ca\/blog\/avantatges-lloguer-pantalles-led-remolc-esdeveniments\/\",\"name\":\"Lloguer de pantalles LED amb remolc per a esdeveniments\",\"isPartOf\":{\"@id\":\"https:\/\/eikonos.com\/ca\/#website\"},\"primaryImageOfPage\":{\"@id\":\"https:\/\/eikonos.com\/ca\/blog\/avantatges-lloguer-pantalles-led-remolc-esdeveniments\/#primaryimage\"},\"image\":{\"@id\":\"https:\/\/eikonos.com\/ca\/blog\/avantatges-lloguer-pantalles-led-remolc-esdeveniments\/#primaryimage\"},\"thumbnailUrl\":\"https:\/\/eikonos.com\/wp-content\/uploads\/2019\/05\/alquiler-pantallas-led-eventos-1-1.jpg\",\"datePublished\":\"2019-04-23T09:08:17+00:00\",\"description\":\"Coneixes totes les possibilitats del lloguer de pantalles LED per a esdeveniments? Descobreix una de les solucions audiovisuals m\u00e9s vers\u00e0tils i adaptables.\",\"breadcrumb\":{\"@id\":\"https:\/\/eikonos.com\/ca\/blog\/avantatges-lloguer-pantalles-led-remolc-esdeveniments\/#breadcrumb\"},\"inLanguage\":\"ca\",\"potentialAction\":[{\"@type\":\"ReadAction\",\"target\":[\"https:\/\/eikonos.com\/ca\/blog\/avantatges-lloguer-pantalles-led-remolc-esdeveniments\/\"]}]},{\"@type\":\"ImageObject\",\"inLanguage\":\"ca\",\"@id\":\"https:\/\/eikonos.com\/ca\/blog\/avantatges-lloguer-pantalles-led-remolc-esdeveniments\/#primaryimage\",\"url\":\"https:\/\/eikonos.com\/wp-content\/uploads\/2019\/05\/alquiler-pantallas-led-eventos-1-1.jpg\",\"contentUrl\":\"https:\/\/eikonos.com\/wp-content\/uploads\/2019\/05\/alquiler-pantallas-led-eventos-1-1.jpg\",\"width\":724,\"height\":432},{\"@type\":\"BreadcrumbList\",\"@id\":\"https:\/\/eikonos.com\/ca\/blog\/avantatges-lloguer-pantalles-led-remolc-esdeveniments\/#breadcrumb\",\"itemListElement\":[{\"@type\":\"ListItem\",\"position\":1,\"name\":\"EIKONOS\",\"item\":\"https:\/\/eikonos.com\/ca\/inici\/\"},{\"@type\":\"ListItem\",\"position\":2,\"name\":\"Avantatges del lloguer de pantalles LED amb remolc per a esdeveniments\"}]},{\"@type\":\"WebSite\",\"@id\":\"https:\/\/eikonos.com\/ca\/#website\",\"url\":\"https:\/\/eikonos.com\/ca\/\",\"name\":\"EIKONOS\",\"description\":\"EXPERIENCIA AUDIOVISUAL\",\"publisher\":{\"@id\":\"https:\/\/eikonos.com\/ca\/#organization\"},\"potentialAction\":[{\"@type\":\"SearchAction\",\"target\":{\"@type\":\"EntryPoint\",\"urlTemplate\":\"https:\/\/eikonos.com\/ca\/?s={search_term_string}\"},\"query-input\":{\"@type\":\"PropertyValueSpecification\",\"valueRequired\":true,\"valueName\":\"search_term_string\"}}],\"inLanguage\":\"ca\"},{\"@type\":\"Organization\",\"@id\":\"https:\/\/eikonos.com\/ca\/#organization\",\"name\":\"EIKONOS | Servicios Audiovisuales, eventos y alquiler de equipos\",\"url\":\"https:\/\/eikonos.com\/ca\/\",\"logo\":{\"@type\":\"ImageObject\",\"inLanguage\":\"ca\",\"@id\":\"https:\/\/eikonos.com\/ca\/#\/schema\/logo\/image\/\",\"url\":\"https:\/\/eikonos.com\/wp-content\/uploads\/2020\/08\/logo-color.png\",\"contentUrl\":\"https:\/\/eikonos.com\/wp-content\/uploads\/2020\/08\/logo-color.png\",\"width\":376,\"height\":122,\"caption\":\"EIKONOS | Servicios Audiovisuales, eventos y alquiler de equipos\"},\"image\":{\"@id\":\"https:\/\/eikonos.com\/ca\/#\/schema\/logo\/image\/\"},\"sameAs\":[\"http:\/\/www.facebook.com\/pages\/Eikonos\/176324785746790\",\"https:\/\/x.com\/eikonos_sa\",\"http:\/\/www.linkedin.com\/company\/eikonos\",\"http:\/\/www.youtube.com\/channel\/UC8wcizWaAYbfsuqVf9wIT6w\"]},{\"@type\":\"Person\",\"@id\":\"https:\/\/eikonos.com\/ca\/#\/schema\/person\/82032860cc314d826959b90595a5280a\",\"name\":\"Xavi Eikonos\",\"image\":{\"@type\":\"ImageObject\",\"inLanguage\":\"ca\",\"@id\":\"https:\/\/eikonos.com\/ca\/#\/schema\/person\/image\/\",\"url\":\"https:\/\/secure.gravatar.com\/avatar\/a6c6b51dd0ac6902701aab24a914f6febe1518f94a5ae06db08b3d6107248dfd?s=96&d=mm&r=g\",\"contentUrl\":\"https:\/\/secure.gravatar.com\/avatar\/a6c6b51dd0ac6902701aab24a914f6febe1518f94a5ae06db08b3d6107248dfd?s=96&d=mm&r=g\",\"caption\":\"Xavi Eikonos\"}}]}<\/script>\n<!-- \/ Yoast SEO plugin. -->","yoast_head_json":{"title":"Lloguer de pantalles LED amb remolc per a esdeveniments","description":"Coneixes totes les possibilitats del lloguer de pantalles LED per a esdeveniments? Descobreix una de les solucions audiovisuals m\u00e9s vers\u00e0tils i adaptables.","robots":{"index":"index","follow":"follow","max-snippet":"max-snippet:-1","max-image-preview":"max-image-preview:large","max-video-preview":"max-video-preview:-1"},"canonical":"https:\/\/eikonos.com\/ca\/blog\/avantatges-lloguer-pantalles-led-remolc-esdeveniments\/","og_locale":"ca_ES","og_type":"article","og_title":"Lloguer de pantalles LED amb remolc per a esdeveniments","og_description":"Coneixes totes les possibilitats del lloguer de pantalles LED per a esdeveniments? Descobreix una de les solucions audiovisuals m\u00e9s vers\u00e0tils i adaptables.","og_url":"https:\/\/eikonos.com\/ca\/blog\/avantatges-lloguer-pantalles-led-remolc-esdeveniments\/","og_site_name":"EIKONOS","article_publisher":"http:\/\/www.facebook.com\/pages\/Eikonos\/176324785746790","article_published_time":"2019-04-23T09:08:17+00:00","og_image":[{"width":724,"height":432,"url":"https:\/\/eikonos.com\/wp-content\/uploads\/2019\/05\/alquiler-pantallas-led-eventos-1-1.jpg","type":"image\/jpeg"}],"author":"Xavi Eikonos","twitter_card":"summary_large_image","twitter_creator":"@eikonos_sa","twitter_site":"@eikonos_sa","twitter_misc":{"Escrit per":"Xavi Eikonos","Temps estimat de lectura":"3 minuts"},"schema":{"@context":"https:\/\/schema.org","@graph":[{"@type":"Article","@id":"https:\/\/eikonos.com\/ca\/blog\/avantatges-lloguer-pantalles-led-remolc-esdeveniments\/#article","isPartOf":{"@id":"https:\/\/eikonos.com\/ca\/blog\/avantatges-lloguer-pantalles-led-remolc-esdeveniments\/"},"author":{"name":"Xavi Eikonos","@id":"https:\/\/eikonos.com\/ca\/#\/schema\/person\/82032860cc314d826959b90595a5280a"},"headline":"Avantatges del lloguer de pantalles LED amb remolc per a esdeveniments","datePublished":"2019-04-23T09:08:17+00:00","mainEntityOfPage":{"@id":"https:\/\/eikonos.com\/ca\/blog\/avantatges-lloguer-pantalles-led-remolc-esdeveniments\/"},"wordCount":653,"commentCount":0,"publisher":{"@id":"https:\/\/eikonos.com\/ca\/#organization"},"image":{"@id":"https:\/\/eikonos.com\/ca\/blog\/avantatges-lloguer-pantalles-led-remolc-esdeveniments\/#primaryimage"},"thumbnailUrl":"https:\/\/eikonos.com\/wp-content\/uploads\/2019\/05\/alquiler-pantallas-led-eventos-1-1.jpg","articleSection":["Lloguer d'equips"],"inLanguage":"ca","potentialAction":[{"@type":"CommentAction","name":"Comment","target":["https:\/\/eikonos.com\/ca\/blog\/avantatges-lloguer-pantalles-led-remolc-esdeveniments\/#respond"]}]},{"@type":"WebPage","@id":"https:\/\/eikonos.com\/ca\/blog\/avantatges-lloguer-pantalles-led-remolc-esdeveniments\/","url":"https:\/\/eikonos.com\/ca\/blog\/avantatges-lloguer-pantalles-led-remolc-esdeveniments\/","name":"Lloguer de pantalles LED amb remolc per a esdeveniments","isPartOf":{"@id":"https:\/\/eikonos.com\/ca\/#website"},"primaryImageOfPage":{"@id":"https:\/\/eikonos.com\/ca\/blog\/avantatges-lloguer-pantalles-led-remolc-esdeveniments\/#primaryimage"},"image":{"@id":"https:\/\/eikonos.com\/ca\/blog\/avantatges-lloguer-pantalles-led-remolc-esdeveniments\/#primaryimage"},"thumbnailUrl":"https:\/\/eikonos.com\/wp-content\/uploads\/2019\/05\/alquiler-pantallas-led-eventos-1-1.jpg","datePublished":"2019-04-23T09:08:17+00:00","description":"Coneixes totes les possibilitats del lloguer de pantalles LED per a esdeveniments? Descobreix una de les solucions audiovisuals m\u00e9s vers\u00e0tils i adaptables.","breadcrumb":{"@id":"https:\/\/eikonos.com\/ca\/blog\/avantatges-lloguer-pantalles-led-remolc-esdeveniments\/#breadcrumb"},"inLanguage":"ca","potentialAction":[{"@type":"ReadAction","target":["https:\/\/eikonos.com\/ca\/blog\/avantatges-lloguer-pantalles-led-remolc-esdeveniments\/"]}]},{"@type":"ImageObject","inLanguage":"ca","@id":"https:\/\/eikonos.com\/ca\/blog\/avantatges-lloguer-pantalles-led-remolc-esdeveniments\/#primaryimage","url":"https:\/\/eikonos.com\/wp-content\/uploads\/2019\/05\/alquiler-pantallas-led-eventos-1-1.jpg","contentUrl":"https:\/\/eikonos.com\/wp-content\/uploads\/2019\/05\/alquiler-pantallas-led-eventos-1-1.jpg","width":724,"height":432},{"@type":"BreadcrumbList","@id":"https:\/\/eikonos.com\/ca\/blog\/avantatges-lloguer-pantalles-led-remolc-esdeveniments\/#breadcrumb","itemListElement":[{"@type":"ListItem","position":1,"name":"EIKONOS","item":"https:\/\/eikonos.com\/ca\/inici\/"},{"@type":"ListItem","position":2,"name":"Avantatges del lloguer de pantalles LED amb remolc per a esdeveniments"}]},{"@type":"WebSite","@id":"https:\/\/eikonos.com\/ca\/#website","url":"https:\/\/eikonos.com\/ca\/","name":"EIKONOS","description":"EXPERIENCIA AUDIOVISUAL","publisher":{"@id":"https:\/\/eikonos.com\/ca\/#organization"},"potentialAction":[{"@type":"SearchAction","target":{"@type":"EntryPoint","urlTemplate":"https:\/\/eikonos.com\/ca\/?s={search_term_string}"},"query-input":{"@type":"PropertyValueSpecification","valueRequired":true,"valueName":"search_term_string"}}],"inLanguage":"ca"},{"@type":"Organization","@id":"https:\/\/eikonos.com\/ca\/#organization","name":"EIKONOS | Servicios Audiovisuales, eventos y alquiler de equipos","url":"https:\/\/eikonos.com\/ca\/","logo":{"@type":"ImageObject","inLanguage":"ca","@id":"https:\/\/eikonos.com\/ca\/#\/schema\/logo\/image\/","url":"https:\/\/eikonos.com\/wp-content\/uploads\/2020\/08\/logo-color.png","contentUrl":"https:\/\/eikonos.com\/wp-content\/uploads\/2020\/08\/logo-color.png","width":376,"height":122,"caption":"EIKONOS | Servicios Audiovisuales, eventos y alquiler de equipos"},"image":{"@id":"https:\/\/eikonos.com\/ca\/#\/schema\/logo\/image\/"},"sameAs":["http:\/\/www.facebook.com\/pages\/Eikonos\/176324785746790","https:\/\/x.com\/eikonos_sa","http:\/\/www.linkedin.com\/company\/eikonos","http:\/\/www.youtube.com\/channel\/UC8wcizWaAYbfsuqVf9wIT6w"]},{"@type":"Person","@id":"https:\/\/eikonos.com\/ca\/#\/schema\/person\/82032860cc314d826959b90595a5280a","name":"Xavi Eikonos","image":{"@type":"ImageObject","inLanguage":"ca","@id":"https:\/\/eikonos.com\/ca\/#\/schema\/person\/image\/","url":"https:\/\/secure.gravatar.com\/avatar\/a6c6b51dd0ac6902701aab24a914f6febe1518f94a5ae06db08b3d6107248dfd?s=96&d=mm&r=g","contentUrl":"https:\/\/secure.gravatar.com\/avatar\/a6c6b51dd0ac6902701aab24a914f6febe1518f94a5ae06db08b3d6107248dfd?s=96&d=mm&r=g","caption":"Xavi Eikonos"}}]}},"_links":{"self":[{"href":"https:\/\/eikonos.com\/ca\/wp-json\/wp\/v2\/posts\/6384","targetHints":{"allow":["GET"]}}],"collection":[{"href":"https:\/\/eikonos.com\/ca\/wp-json\/wp\/v2\/posts"}],"about":[{"href":"https:\/\/eikonos.com\/ca\/wp-json\/wp\/v2\/types\/post"}],"author":[{"embeddable":true,"href":"https:\/\/eikonos.com\/ca\/wp-json\/wp\/v2\/users\/6"}],"replies":[{"embeddable":true,"href":"https:\/\/eikonos.com\/ca\/wp-json\/wp\/v2\/comments?post=6384"}],"version-history":[{"count":0,"href":"https:\/\/eikonos.com\/ca\/wp-json\/wp\/v2\/posts\/6384\/revisions"}],"wp:featuredmedia":[{"embeddable":true,"href":"https:\/\/eikonos.com\/ca\/wp-json\/wp\/v2\/media\/6388"}],"wp:attachment":[{"href":"https:\/\/eikonos.com\/ca\/wp-json\/wp\/v2\/media?parent=6384"}],"wp:term":[{"taxonomy":"category","embeddable":true,"href":"https:\/\/eikonos.com\/ca\/wp-json\/wp\/v2\/categories?post=6384"},{"taxonomy":"post_tag","embeddable":true,"href":"https:\/\/eikonos.com\/ca\/wp-json\/wp\/v2\/tags?post=6384"}],"curies":[{"name":"wp","href":"https:\/\/api.w.org\/{rel}","templated":true}]}}