{"id":6342,"date":"2019-04-09T12:04:20","date_gmt":"2019-04-09T10:04:20","guid":{"rendered":"https:\/\/eikonos.com\/?p=6342"},"modified":"2019-04-09T12:04:20","modified_gmt":"2019-04-09T10:04:20","slug":"principis-basics-disseny-grafic-esdeveniments","status":"publish","type":"post","link":"https:\/\/eikonos.com\/ca\/blog\/principis-basics-disseny-grafic-esdeveniments\/","title":{"rendered":"Principis b\u00e0sics del disseny gr\u00e0fic aplicat als esdeveniments"},"content":{"rendered":"<p>La primera impressi\u00f3 \u00e9s de vital import\u00e0ncia, m\u00e9s quan parlem de comunicaci\u00f3 i m\u00e0rqueting. Necessitem aconseguir que aquest primer impacte generi les emocions i reaccions que busquem i nom\u00e9s es pot aconseguir amb una estrat\u00e8gia adequada.<\/p>\n<p>Amb l\u2019arribada d\u2019internet s\u2019han democratitzat les <a href=\"https:\/\/eikonos.com\/ca\/portfolio_page\/disseny-grafic-i-web\/\">eines de disseny gr\u00e0fic<\/a>. Gr\u00e0cies a aix\u00f2, particulars, petites i grans empreses poden oferir el seu contingut de forma visual sense comptar amb un gran equip intern, encara que s\u00ed que \u00e9s cert que el toc que aporta un equip d\u2019experts \u00e9s insuperable. Per aix\u00f2, avui parlarem de qu\u00e8 hem de tenir en compte a l\u2019hora d\u2019integrar el disseny gr\u00e0fic a esdeveniments.<\/p>\n<p>&nbsp;<\/p>\n<h2><span style=\"color: #ff0000;\">Respecta la teva imatge corporativa amb el disseny gr\u00e0fic <\/span><\/h2>\n<p><span style=\"color: #000000;\">Quan parlem d\u2019esdeveniments el disseny t\u00e9 molta import\u00e0ncia ja que aquest fa refer\u00e8ncia a la imatge pr\u00e8via i a l\u2019esquema creat per a l\u2019acte; i si els<\/span> elements t\u00e8cnics, l\u2019escenografia, la il\u00b7luminaci\u00f3 o el so s\u00f3n importants, el disseny tamb\u00e9 ho \u00e9s.<\/p>\n<p>&nbsp;<\/p>\n<h4><strong>Unitat<\/strong><\/h4>\n<p>Hem de buscar sempre que la imatge corporativa de la marca s\u2019apliqui de forma correcta en tots els elements de l\u2019esdeveniment. No nom\u00e9s parlem del logo, que \u00e9s evident, sin\u00f3 de tipografies, taules de color, icones, senyal\u00edstica, etc\u00e8tera.<\/p>\n<p>&nbsp;<\/p>\n<h4><strong>Manual d\u2019identitat corporativa<\/strong><\/h4>\n<p>Tota empresa d\u2019una grand\u00e0ria mitjana compta amb el seu propi manual d\u2019identitat. Aquest recull com s\u2019aplica la marca i totes les excepcions. Aquest segon punt \u00e9s realment important donat que ens ajudar\u00e0 a resoldre totes les dificultats quan sorgeixin. Com aplicar el logotip sobre un color de paret que no esper\u00e0vem? Qu\u00e8 fem en aparadors? Hi ha versi\u00f3 de la marca monocroma, com \u00e9s? Quin \u00e9s el negatiu del nostre logotip? Quines tipografies s\u00f3n les principals? Dissenyarem roba corporativa?<\/p>\n<p>Cada esdeveniment \u00e9s un m\u00f3n i, com treballarem en exteriors, interiors, empla\u00e7aments llogats, etc\u00e8tera; no podrem tenir el control de les est\u00e0ncies com a nosaltres ens agradaria. Per\u00f2 s\u00ed podrem adaptar la imatge corporativa que hem triat per aquell moment de forma adequada seguint les pautes del manual d\u2019identitat.<\/p>\n<p>&nbsp;<\/p>\n<h4><strong>El disseny ha de ser funcional<\/strong><\/h4>\n<p>No \u00e9s estrany que tinguem la temptaci\u00f3 de deixar-nos portar per les modes, les tend\u00e8ncies o les ganes de fer coses molt diferents. Per\u00f2, realment aix\u00f2 ajuda al visitant del nostre esdeveniment o li estem posant m\u00e9s dif\u00edcil? Defineix en les primeres sessions amb el teu equip el missatge que vols projectar, a quin p\u00fablic et dirigeixes i quin to s\u2019ha d\u2019utilitzar. La creativitat art\u00edstica quedar\u00e0 delimitada i ser\u00e0 molt m\u00e9s f\u00e0cil d\u2019executar un correcte disseny gr\u00e0fic.<\/p>\n<p>&nbsp;<\/p>\n<h4><strong>Contracta a professionals<\/strong><\/h4>\n<p>Confia en un equip amb experi\u00e8ncia en <a href=\"https:\/\/eikonos.com\/ca\/blog\/el-disseny-grafic-un-suport-per-transmetre-la-nostra-identitat-en-esdeveniments-corporatius\/\">disseny aplicat als esdeveniments<\/a>. Inclou aquesta partida en el teu pressupost, pensa que professionals com els que trobar\u00e0s a Eikonos t\u2019aporten experi\u00e8ncia de d\u00e8cades en muntatge de stands, creaci\u00f3 de continguts audiovisuals, muntatges, assist\u00e8ncia t\u00e8cnica i tot el que puguis necessitar en un congr\u00e9s o acte, des de que comen\u00e7a fins que ha marxat l\u2019\u00faltim convidat.<\/p>\n<p>&nbsp;<\/p>\n<p>Vols donar valor a la teva marca amb el disseny gr\u00e0fic aplicat als esdeveniments?<em><strong> Parlem!<\/strong><\/em><\/p>\n<p>&nbsp;<\/p>\n<p><a href=\"https:\/\/eikonos.com\/ca\/serveis\/creacio-de-continguts\/\"><img loading=\"lazy\" decoding=\"async\" class=\"aligncenter wp-image-6250 size-full\" title=\"EIKONOS creaci\u00f3 de continguts\" src=\"https:\/\/eikonos.com\/wp-content\/uploads\/2019\/03\/eikonos-cta-creacio-contingut-1.jpg\" alt=\"EIKONOS creaci\u00f3 de continguts\" width=\"741\" height=\"250\" srcset=\"https:\/\/eikonos.com\/wp-content\/uploads\/2019\/03\/eikonos-cta-creacio-contingut-1.jpg 741w, https:\/\/eikonos.com\/wp-content\/uploads\/2019\/03\/eikonos-cta-creacio-contingut-1-300x101.jpg 300w\" sizes=\"auto, (max-width: 741px) 100vw, 741px\" \/><\/a><\/p>\n<p>&nbsp;<\/p>\n","protected":false},"excerpt":{"rendered":"<p>La primera impressi\u00f3 \u00e9s de vital import\u00e0ncia, m\u00e9s quan parlem de comunicaci\u00f3 i m\u00e0rqueting. Necessitem&#8230;<\/p>\n","protected":false},"author":6,"featured_media":6320,"comment_status":"open","ping_status":"open","sticky":false,"template":"","format":"standard","meta":{"_acf_changed":false,"footnotes":""},"categories":[257],"tags":[],"class_list":["post-6342","post","type-post","status-publish","format-standard","has-post-thumbnail","hentry","category-creacio-de-continguts"],"acf":[],"yoast_head":"<!-- This site is optimized with the Yoast SEO plugin v26.3 - https:\/\/yoast.com\/wordpress\/plugins\/seo\/ -->\n<title>Principis b\u00e0sics del disseny gr\u00e0fic aplicat als esdeveniments | EIKONOS<\/title>\n<meta name=\"description\" content=\"Existeixen quatre punts clau del disseny gr\u00e0fic aplicat als esdeveniments que has de tenir en compte si vols respectar la teva imatge corporativa i generar l&#039;impacte desitjat. Descobreix-los en el blog d&#039;EIKONOS.\" \/>\n<meta name=\"robots\" content=\"index, follow, max-snippet:-1, max-image-preview:large, max-video-preview:-1\" \/>\n<link rel=\"canonical\" href=\"https:\/\/eikonos.com\/ca\/blog\/principis-basics-disseny-grafic-esdeveniments\/\" \/>\n<meta property=\"og:locale\" content=\"ca_ES\" \/>\n<meta property=\"og:type\" content=\"article\" \/>\n<meta property=\"og:title\" content=\"Principis b\u00e0sics del disseny gr\u00e0fic aplicat als esdeveniments | EIKONOS\" \/>\n<meta property=\"og:description\" content=\"Existeixen quatre punts clau del disseny gr\u00e0fic aplicat als esdeveniments que has de tenir en compte si vols respectar la teva imatge corporativa i generar l&#039;impacte desitjat. Descobreix-los en el blog d&#039;EIKONOS.\" \/>\n<meta property=\"og:url\" content=\"https:\/\/eikonos.com\/ca\/blog\/principis-basics-disseny-grafic-esdeveniments\/\" \/>\n<meta property=\"og:site_name\" content=\"EIKONOS\" \/>\n<meta property=\"article:publisher\" content=\"http:\/\/www.facebook.com\/pages\/Eikonos\/176324785746790\" \/>\n<meta property=\"article:published_time\" content=\"2019-04-09T10:04:20+00:00\" \/>\n<meta property=\"og:image\" content=\"https:\/\/eikonos.com\/wp-content\/uploads\/2019\/05\/diseno-grafico-eventos-1.jpg\" \/>\n\t<meta property=\"og:image:width\" content=\"724\" \/>\n\t<meta property=\"og:image:height\" content=\"432\" \/>\n\t<meta property=\"og:image:type\" content=\"image\/jpeg\" \/>\n<meta name=\"author\" content=\"Xavi Eikonos\" \/>\n<meta name=\"twitter:card\" content=\"summary_large_image\" \/>\n<meta name=\"twitter:creator\" content=\"@eikonos_sa\" \/>\n<meta name=\"twitter:site\" content=\"@eikonos_sa\" \/>\n<meta name=\"twitter:label1\" content=\"Escrit per\" \/>\n\t<meta name=\"twitter:data1\" content=\"Xavi Eikonos\" \/>\n\t<meta name=\"twitter:label2\" content=\"Temps estimat de lectura\" \/>\n\t<meta name=\"twitter:data2\" content=\"3 minuts\" \/>\n<script type=\"application\/ld+json\" class=\"yoast-schema-graph\">{\"@context\":\"https:\/\/schema.org\",\"@graph\":[{\"@type\":\"Article\",\"@id\":\"https:\/\/eikonos.com\/ca\/blog\/principis-basics-disseny-grafic-esdeveniments\/#article\",\"isPartOf\":{\"@id\":\"https:\/\/eikonos.com\/ca\/blog\/principis-basics-disseny-grafic-esdeveniments\/\"},\"author\":{\"name\":\"Xavi Eikonos\",\"@id\":\"https:\/\/eikonos.com\/ca\/#\/schema\/person\/82032860cc314d826959b90595a5280a\"},\"headline\":\"Principis b\u00e0sics del disseny gr\u00e0fic aplicat als esdeveniments\",\"datePublished\":\"2019-04-09T10:04:20+00:00\",\"mainEntityOfPage\":{\"@id\":\"https:\/\/eikonos.com\/ca\/blog\/principis-basics-disseny-grafic-esdeveniments\/\"},\"wordCount\":571,\"commentCount\":0,\"publisher\":{\"@id\":\"https:\/\/eikonos.com\/ca\/#organization\"},\"image\":{\"@id\":\"https:\/\/eikonos.com\/ca\/blog\/principis-basics-disseny-grafic-esdeveniments\/#primaryimage\"},\"thumbnailUrl\":\"https:\/\/eikonos.com\/wp-content\/uploads\/2019\/05\/diseno-grafico-eventos-1.jpg\",\"articleSection\":[\"Creaci\u00f3 de continguts\"],\"inLanguage\":\"ca\",\"potentialAction\":[{\"@type\":\"CommentAction\",\"name\":\"Comment\",\"target\":[\"https:\/\/eikonos.com\/ca\/blog\/principis-basics-disseny-grafic-esdeveniments\/#respond\"]}]},{\"@type\":\"WebPage\",\"@id\":\"https:\/\/eikonos.com\/ca\/blog\/principis-basics-disseny-grafic-esdeveniments\/\",\"url\":\"https:\/\/eikonos.com\/ca\/blog\/principis-basics-disseny-grafic-esdeveniments\/\",\"name\":\"Principis b\u00e0sics del disseny gr\u00e0fic aplicat als esdeveniments | EIKONOS\",\"isPartOf\":{\"@id\":\"https:\/\/eikonos.com\/ca\/#website\"},\"primaryImageOfPage\":{\"@id\":\"https:\/\/eikonos.com\/ca\/blog\/principis-basics-disseny-grafic-esdeveniments\/#primaryimage\"},\"image\":{\"@id\":\"https:\/\/eikonos.com\/ca\/blog\/principis-basics-disseny-grafic-esdeveniments\/#primaryimage\"},\"thumbnailUrl\":\"https:\/\/eikonos.com\/wp-content\/uploads\/2019\/05\/diseno-grafico-eventos-1.jpg\",\"datePublished\":\"2019-04-09T10:04:20+00:00\",\"description\":\"Existeixen quatre punts clau del disseny gr\u00e0fic aplicat als esdeveniments que has de tenir en compte si vols respectar la teva imatge corporativa i generar l'impacte desitjat. Descobreix-los en el blog d'EIKONOS.\",\"breadcrumb\":{\"@id\":\"https:\/\/eikonos.com\/ca\/blog\/principis-basics-disseny-grafic-esdeveniments\/#breadcrumb\"},\"inLanguage\":\"ca\",\"potentialAction\":[{\"@type\":\"ReadAction\",\"target\":[\"https:\/\/eikonos.com\/ca\/blog\/principis-basics-disseny-grafic-esdeveniments\/\"]}]},{\"@type\":\"ImageObject\",\"inLanguage\":\"ca\",\"@id\":\"https:\/\/eikonos.com\/ca\/blog\/principis-basics-disseny-grafic-esdeveniments\/#primaryimage\",\"url\":\"https:\/\/eikonos.com\/wp-content\/uploads\/2019\/05\/diseno-grafico-eventos-1.jpg\",\"contentUrl\":\"https:\/\/eikonos.com\/wp-content\/uploads\/2019\/05\/diseno-grafico-eventos-1.jpg\",\"width\":724,\"height\":432,\"caption\":\"Dise\u00f1o gr\u00e1fico aplicado a eventos\"},{\"@type\":\"BreadcrumbList\",\"@id\":\"https:\/\/eikonos.com\/ca\/blog\/principis-basics-disseny-grafic-esdeveniments\/#breadcrumb\",\"itemListElement\":[{\"@type\":\"ListItem\",\"position\":1,\"name\":\"EIKONOS\",\"item\":\"https:\/\/eikonos.com\/ca\/inici\/\"},{\"@type\":\"ListItem\",\"position\":2,\"name\":\"Principis b\u00e0sics del disseny gr\u00e0fic aplicat als esdeveniments\"}]},{\"@type\":\"WebSite\",\"@id\":\"https:\/\/eikonos.com\/ca\/#website\",\"url\":\"https:\/\/eikonos.com\/ca\/\",\"name\":\"EIKONOS\",\"description\":\"EXPERIENCIA AUDIOVISUAL\",\"publisher\":{\"@id\":\"https:\/\/eikonos.com\/ca\/#organization\"},\"potentialAction\":[{\"@type\":\"SearchAction\",\"target\":{\"@type\":\"EntryPoint\",\"urlTemplate\":\"https:\/\/eikonos.com\/ca\/?s={search_term_string}\"},\"query-input\":{\"@type\":\"PropertyValueSpecification\",\"valueRequired\":true,\"valueName\":\"search_term_string\"}}],\"inLanguage\":\"ca\"},{\"@type\":\"Organization\",\"@id\":\"https:\/\/eikonos.com\/ca\/#organization\",\"name\":\"EIKONOS | Servicios Audiovisuales, eventos y alquiler de equipos\",\"url\":\"https:\/\/eikonos.com\/ca\/\",\"logo\":{\"@type\":\"ImageObject\",\"inLanguage\":\"ca\",\"@id\":\"https:\/\/eikonos.com\/ca\/#\/schema\/logo\/image\/\",\"url\":\"https:\/\/eikonos.com\/wp-content\/uploads\/2020\/08\/logo-color.png\",\"contentUrl\":\"https:\/\/eikonos.com\/wp-content\/uploads\/2020\/08\/logo-color.png\",\"width\":376,\"height\":122,\"caption\":\"EIKONOS | Servicios Audiovisuales, eventos y alquiler de equipos\"},\"image\":{\"@id\":\"https:\/\/eikonos.com\/ca\/#\/schema\/logo\/image\/\"},\"sameAs\":[\"http:\/\/www.facebook.com\/pages\/Eikonos\/176324785746790\",\"https:\/\/x.com\/eikonos_sa\",\"http:\/\/www.linkedin.com\/company\/eikonos\",\"http:\/\/www.youtube.com\/channel\/UC8wcizWaAYbfsuqVf9wIT6w\"]},{\"@type\":\"Person\",\"@id\":\"https:\/\/eikonos.com\/ca\/#\/schema\/person\/82032860cc314d826959b90595a5280a\",\"name\":\"Xavi Eikonos\",\"image\":{\"@type\":\"ImageObject\",\"inLanguage\":\"ca\",\"@id\":\"https:\/\/eikonos.com\/ca\/#\/schema\/person\/image\/\",\"url\":\"https:\/\/secure.gravatar.com\/avatar\/a6c6b51dd0ac6902701aab24a914f6febe1518f94a5ae06db08b3d6107248dfd?s=96&d=mm&r=g\",\"contentUrl\":\"https:\/\/secure.gravatar.com\/avatar\/a6c6b51dd0ac6902701aab24a914f6febe1518f94a5ae06db08b3d6107248dfd?s=96&d=mm&r=g\",\"caption\":\"Xavi Eikonos\"}}]}<\/script>\n<!-- \/ Yoast SEO plugin. -->","yoast_head_json":{"title":"Principis b\u00e0sics del disseny gr\u00e0fic aplicat als esdeveniments | EIKONOS","description":"Existeixen quatre punts clau del disseny gr\u00e0fic aplicat als esdeveniments que has de tenir en compte si vols respectar la teva imatge corporativa i generar l'impacte desitjat. Descobreix-los en el blog d'EIKONOS.","robots":{"index":"index","follow":"follow","max-snippet":"max-snippet:-1","max-image-preview":"max-image-preview:large","max-video-preview":"max-video-preview:-1"},"canonical":"https:\/\/eikonos.com\/ca\/blog\/principis-basics-disseny-grafic-esdeveniments\/","og_locale":"ca_ES","og_type":"article","og_title":"Principis b\u00e0sics del disseny gr\u00e0fic aplicat als esdeveniments | EIKONOS","og_description":"Existeixen quatre punts clau del disseny gr\u00e0fic aplicat als esdeveniments que has de tenir en compte si vols respectar la teva imatge corporativa i generar l'impacte desitjat. Descobreix-los en el blog d'EIKONOS.","og_url":"https:\/\/eikonos.com\/ca\/blog\/principis-basics-disseny-grafic-esdeveniments\/","og_site_name":"EIKONOS","article_publisher":"http:\/\/www.facebook.com\/pages\/Eikonos\/176324785746790","article_published_time":"2019-04-09T10:04:20+00:00","og_image":[{"width":724,"height":432,"url":"https:\/\/eikonos.com\/wp-content\/uploads\/2019\/05\/diseno-grafico-eventos-1.jpg","type":"image\/jpeg"}],"author":"Xavi Eikonos","twitter_card":"summary_large_image","twitter_creator":"@eikonos_sa","twitter_site":"@eikonos_sa","twitter_misc":{"Escrit per":"Xavi Eikonos","Temps estimat de lectura":"3 minuts"},"schema":{"@context":"https:\/\/schema.org","@graph":[{"@type":"Article","@id":"https:\/\/eikonos.com\/ca\/blog\/principis-basics-disseny-grafic-esdeveniments\/#article","isPartOf":{"@id":"https:\/\/eikonos.com\/ca\/blog\/principis-basics-disseny-grafic-esdeveniments\/"},"author":{"name":"Xavi Eikonos","@id":"https:\/\/eikonos.com\/ca\/#\/schema\/person\/82032860cc314d826959b90595a5280a"},"headline":"Principis b\u00e0sics del disseny gr\u00e0fic aplicat als esdeveniments","datePublished":"2019-04-09T10:04:20+00:00","mainEntityOfPage":{"@id":"https:\/\/eikonos.com\/ca\/blog\/principis-basics-disseny-grafic-esdeveniments\/"},"wordCount":571,"commentCount":0,"publisher":{"@id":"https:\/\/eikonos.com\/ca\/#organization"},"image":{"@id":"https:\/\/eikonos.com\/ca\/blog\/principis-basics-disseny-grafic-esdeveniments\/#primaryimage"},"thumbnailUrl":"https:\/\/eikonos.com\/wp-content\/uploads\/2019\/05\/diseno-grafico-eventos-1.jpg","articleSection":["Creaci\u00f3 de continguts"],"inLanguage":"ca","potentialAction":[{"@type":"CommentAction","name":"Comment","target":["https:\/\/eikonos.com\/ca\/blog\/principis-basics-disseny-grafic-esdeveniments\/#respond"]}]},{"@type":"WebPage","@id":"https:\/\/eikonos.com\/ca\/blog\/principis-basics-disseny-grafic-esdeveniments\/","url":"https:\/\/eikonos.com\/ca\/blog\/principis-basics-disseny-grafic-esdeveniments\/","name":"Principis b\u00e0sics del disseny gr\u00e0fic aplicat als esdeveniments | EIKONOS","isPartOf":{"@id":"https:\/\/eikonos.com\/ca\/#website"},"primaryImageOfPage":{"@id":"https:\/\/eikonos.com\/ca\/blog\/principis-basics-disseny-grafic-esdeveniments\/#primaryimage"},"image":{"@id":"https:\/\/eikonos.com\/ca\/blog\/principis-basics-disseny-grafic-esdeveniments\/#primaryimage"},"thumbnailUrl":"https:\/\/eikonos.com\/wp-content\/uploads\/2019\/05\/diseno-grafico-eventos-1.jpg","datePublished":"2019-04-09T10:04:20+00:00","description":"Existeixen quatre punts clau del disseny gr\u00e0fic aplicat als esdeveniments que has de tenir en compte si vols respectar la teva imatge corporativa i generar l'impacte desitjat. Descobreix-los en el blog d'EIKONOS.","breadcrumb":{"@id":"https:\/\/eikonos.com\/ca\/blog\/principis-basics-disseny-grafic-esdeveniments\/#breadcrumb"},"inLanguage":"ca","potentialAction":[{"@type":"ReadAction","target":["https:\/\/eikonos.com\/ca\/blog\/principis-basics-disseny-grafic-esdeveniments\/"]}]},{"@type":"ImageObject","inLanguage":"ca","@id":"https:\/\/eikonos.com\/ca\/blog\/principis-basics-disseny-grafic-esdeveniments\/#primaryimage","url":"https:\/\/eikonos.com\/wp-content\/uploads\/2019\/05\/diseno-grafico-eventos-1.jpg","contentUrl":"https:\/\/eikonos.com\/wp-content\/uploads\/2019\/05\/diseno-grafico-eventos-1.jpg","width":724,"height":432,"caption":"Dise\u00f1o gr\u00e1fico aplicado a eventos"},{"@type":"BreadcrumbList","@id":"https:\/\/eikonos.com\/ca\/blog\/principis-basics-disseny-grafic-esdeveniments\/#breadcrumb","itemListElement":[{"@type":"ListItem","position":1,"name":"EIKONOS","item":"https:\/\/eikonos.com\/ca\/inici\/"},{"@type":"ListItem","position":2,"name":"Principis b\u00e0sics del disseny gr\u00e0fic aplicat als esdeveniments"}]},{"@type":"WebSite","@id":"https:\/\/eikonos.com\/ca\/#website","url":"https:\/\/eikonos.com\/ca\/","name":"EIKONOS","description":"EXPERIENCIA AUDIOVISUAL","publisher":{"@id":"https:\/\/eikonos.com\/ca\/#organization"},"potentialAction":[{"@type":"SearchAction","target":{"@type":"EntryPoint","urlTemplate":"https:\/\/eikonos.com\/ca\/?s={search_term_string}"},"query-input":{"@type":"PropertyValueSpecification","valueRequired":true,"valueName":"search_term_string"}}],"inLanguage":"ca"},{"@type":"Organization","@id":"https:\/\/eikonos.com\/ca\/#organization","name":"EIKONOS | Servicios Audiovisuales, eventos y alquiler de equipos","url":"https:\/\/eikonos.com\/ca\/","logo":{"@type":"ImageObject","inLanguage":"ca","@id":"https:\/\/eikonos.com\/ca\/#\/schema\/logo\/image\/","url":"https:\/\/eikonos.com\/wp-content\/uploads\/2020\/08\/logo-color.png","contentUrl":"https:\/\/eikonos.com\/wp-content\/uploads\/2020\/08\/logo-color.png","width":376,"height":122,"caption":"EIKONOS | Servicios Audiovisuales, eventos y alquiler de equipos"},"image":{"@id":"https:\/\/eikonos.com\/ca\/#\/schema\/logo\/image\/"},"sameAs":["http:\/\/www.facebook.com\/pages\/Eikonos\/176324785746790","https:\/\/x.com\/eikonos_sa","http:\/\/www.linkedin.com\/company\/eikonos","http:\/\/www.youtube.com\/channel\/UC8wcizWaAYbfsuqVf9wIT6w"]},{"@type":"Person","@id":"https:\/\/eikonos.com\/ca\/#\/schema\/person\/82032860cc314d826959b90595a5280a","name":"Xavi Eikonos","image":{"@type":"ImageObject","inLanguage":"ca","@id":"https:\/\/eikonos.com\/ca\/#\/schema\/person\/image\/","url":"https:\/\/secure.gravatar.com\/avatar\/a6c6b51dd0ac6902701aab24a914f6febe1518f94a5ae06db08b3d6107248dfd?s=96&d=mm&r=g","contentUrl":"https:\/\/secure.gravatar.com\/avatar\/a6c6b51dd0ac6902701aab24a914f6febe1518f94a5ae06db08b3d6107248dfd?s=96&d=mm&r=g","caption":"Xavi Eikonos"}}]}},"_links":{"self":[{"href":"https:\/\/eikonos.com\/ca\/wp-json\/wp\/v2\/posts\/6342","targetHints":{"allow":["GET"]}}],"collection":[{"href":"https:\/\/eikonos.com\/ca\/wp-json\/wp\/v2\/posts"}],"about":[{"href":"https:\/\/eikonos.com\/ca\/wp-json\/wp\/v2\/types\/post"}],"author":[{"embeddable":true,"href":"https:\/\/eikonos.com\/ca\/wp-json\/wp\/v2\/users\/6"}],"replies":[{"embeddable":true,"href":"https:\/\/eikonos.com\/ca\/wp-json\/wp\/v2\/comments?post=6342"}],"version-history":[{"count":0,"href":"https:\/\/eikonos.com\/ca\/wp-json\/wp\/v2\/posts\/6342\/revisions"}],"wp:featuredmedia":[{"embeddable":true,"href":"https:\/\/eikonos.com\/ca\/wp-json\/wp\/v2\/media\/6320"}],"wp:attachment":[{"href":"https:\/\/eikonos.com\/ca\/wp-json\/wp\/v2\/media?parent=6342"}],"wp:term":[{"taxonomy":"category","embeddable":true,"href":"https:\/\/eikonos.com\/ca\/wp-json\/wp\/v2\/categories?post=6342"},{"taxonomy":"post_tag","embeddable":true,"href":"https:\/\/eikonos.com\/ca\/wp-json\/wp\/v2\/tags?post=6342"}],"curies":[{"name":"wp","href":"https:\/\/api.w.org\/{rel}","templated":true}]}}