{"id":6334,"date":"2019-03-12T13:21:33","date_gmt":"2019-03-12T12:21:33","guid":{"rendered":"https:\/\/eikonos.com\/?p=6334"},"modified":"2019-03-12T13:21:33","modified_gmt":"2019-03-12T12:21:33","slug":"com-organitzar-convencio-memorable-sense-errors","status":"publish","type":"post","link":"https:\/\/eikonos.com\/ca\/blog\/com-organitzar-convencio-memorable-sense-errors\/","title":{"rendered":"Com organitzar una convenci\u00f3 memorable sense errors"},"content":{"rendered":"<p>Per a la celebraci\u00f3 d\u2019una convenci\u00f3 resulta necess\u00e0ria una perfecta organitzaci\u00f3. La gesti\u00f3 d\u2019esdeveniments \u00e9s molt exigent i no hi ha espai per a l\u2019error. Qualsevol m\u00ednim detall s\u2019ha de con\u00e8ixer i disposar d\u2019alternatives igualment v\u00e0lides en el cas de requerir-les.<\/p>\n<p>Aconseguir <a href=\"https:\/\/eikonos.com\/blog\/8-pasos-para-organizar-una-convencion-corporativa-de-exito\/\">organitzar una convenci\u00f3<\/a> a la perfecci\u00f3 requereix d\u2019una planificaci\u00f3 estrat\u00e8gica i la definici\u00f3 de les t\u00e0ctiques que executar\u00e0 cada equip de persones implicat: equip de comunicaci\u00f3, equip t\u00e8cnic, log\u00edstica, esponsoritzaci\u00f3&#8230; Fins i tot despr\u00e9s de la trobada, ser\u00e0 important realitzar un seguiment i mesurar els resultats.<\/p>\n<p>Per\u00f2, per on comencem? Com organitzem una convenci\u00f3? Quins passos s\u2019han de seguir?<\/p>\n<p>&nbsp;<\/p>\n<h2><span style=\"color: #ff0000;\">Passos a seguir en l\u2019organitzaci\u00f3 d\u2019una convenci\u00f3<\/span><\/h2>\n<h4><strong>1. Objectius<\/strong><\/h4>\n<p>Abans de res, cal definir qu\u00e8 busquem amb el nostre esdeveniments. Tenir clars els objectius que es persegueixen: fins informatius, comercials, divulgatius, educatius, per a estr\u00e8nyer lla\u00e7os amb l\u2019organitzaci\u00f3, oci&#8230;<\/p>\n<p>&nbsp;<\/p>\n<h4><strong>2. Data i lloc<\/strong><\/h4>\n<p>Un element important que marcar\u00e0 molt les necessitats posteriors \u00e9s si la convenci\u00f3 \u00e9s en un recinte interior o en exterior. La segona opci\u00f3 \u00e9s m\u00e9s agradable i vistosa, especialment en mesos de bon clima, per\u00f2 comporta complicacions a nivell organitzatiu i especialment en mat\u00e8ria audiovisual, ja que haurem de comptar amb pantalles aptes per a exterior i solucions d\u2019\u00e0udio adaptades a l\u2019entorn.<\/p>\n<p>&nbsp;<\/p>\n<h4><strong>3. Quantitat i perfil d\u2019assistents<\/strong><\/h4>\n<p>Si la convenci\u00f3 \u00e9s molt gran, compta que limitar\u00e0s de forma important els espais adaptats per a grans esdeveniments. A aix\u00f2, suma si comptes amb pon\u00e8ncies o no, at\u00e8s que necessitar\u00e0s un lloc per a la seva celebraci\u00f3, escenografia, taules rodones, etc\u00e8tera.<\/p>\n<p>&nbsp;<\/p>\n<h4><strong>4. Solucions tecnol\u00f2giques<\/strong><\/h4>\n<p>L\u2019organitzaci\u00f3 de convencions corporatives generalment requereix de gran quantitat de mitjans audiovisuals per a generar l\u2019impacte que es vol entre els assistents. Busca els millors <a href=\"https:\/\/eikonos.com\/ca\/serveis\/esdeveniments-audiovisuals\/\">experts en esdeveniments audiovisuals<\/a> com \u00e9s el cas d\u2019<strong>Eikonos<\/strong>. Comptem amb 30 anys d\u2019experi\u00e8ncia que es tradueix en seguretat i confian\u00e7a en tot el proc\u00e9s de l\u2019organitzaci\u00f3 de l\u2019esdeveniment.<\/p>\n<p>&nbsp;<\/p>\n<h4><strong>5. Equip t\u00e8cnic<\/strong><\/h4>\n<p>Darrere de qualsevol esdeveniment hi ha un grup de professionals que a trav\u00e9s del seu treball i experi\u00e8ncia aporten els coneixements necessaris perqu\u00e8 cada detall es compleixi sense errors; i un d\u2019aquests detalls \u00e9s la <strong>producci\u00f3 audiovisual. <\/strong>&nbsp;Hem de tenir en compte que tot el que percep l\u2019assistent a l\u2019esdeveniment a trav\u00e9s de la vista i l\u2019o\u00efda, que estigui relacionat de forma directa amb algun sentiment, emoci\u00f3 o sensaci\u00f3 dep\u00e8n totalment d\u2019aquest aspecte.<\/p>\n<p>&nbsp;<\/p>\n<h4><strong>6. Crea un pla d\u2019horaris i activitats<\/strong><\/h4>\n<p>La sincronitzaci\u00f3 \u00e9s un punt clau perqu\u00e8 tot surti b\u00e9. No deixis res a l\u2019atzar i fes totes les proves que siguin pertinents fins a tenir la garantia de que tot est\u00e0 en el seu lloc. Convoca a l\u2019organitzaci\u00f3 per a donar una xerrada t\u00e8cnica pr\u00e8via a l\u2019esdeveniment, coordina al presentador, ponents, qui s\u2019encarregar\u00e0 dels trasllats i el pla de conting\u00e8ncia en cas que falli algun element.<\/p>\n<p>&nbsp;<\/p>\n<p>Tens algun dubte que resoldre sobre com organitzar una convenci\u00f3 o un esdeveniment i disposar del material audiovisual adequat en cada cas? <strong><em>Parlem!<\/em><\/strong><\/p>\n<p>&nbsp;<\/p>\n<p><a href=\"https:\/\/eikonos.com\/ca\/serveis\/esdeveniments-audiovisuals\/\"><img loading=\"lazy\" decoding=\"async\" class=\"aligncenter wp-image-6099 size-full\" title=\"EIKONOS serveis audiovisuals per a esdeveniments\" src=\"https:\/\/eikonos.com\/wp-content\/uploads\/2019\/01\/eikonos-cta-organitzacio-esdeveniments-audiovisuals-1.png\" alt=\"EIKONOS serveis audiovisuals per a esdeveniments\" width=\"741\" height=\"250\" srcset=\"https:\/\/eikonos.com\/wp-content\/uploads\/2019\/01\/eikonos-cta-organitzacio-esdeveniments-audiovisuals-1.png 741w, https:\/\/eikonos.com\/wp-content\/uploads\/2019\/01\/eikonos-cta-organitzacio-esdeveniments-audiovisuals-1-300x101.png 300w\" sizes=\"auto, (max-width: 741px) 100vw, 741px\" \/><\/a><\/p>\n","protected":false},"excerpt":{"rendered":"<p>Per a la celebraci\u00f3 d\u2019una convenci\u00f3 resulta necess\u00e0ria una perfecta organitzaci\u00f3. La gesti\u00f3 d\u2019esdeveniments \u00e9s&#8230;<\/p>\n","protected":false},"author":6,"featured_media":6339,"comment_status":"open","ping_status":"open","sticky":false,"template":"","format":"standard","meta":{"_acf_changed":false,"footnotes":""},"categories":[260],"tags":[],"class_list":["post-6334","post","type-post","status-publish","format-standard","has-post-thumbnail","hentry","category-esdeveniments-audiovisuals"],"acf":[],"yoast_head":"<!-- This site is optimized with the Yoast SEO plugin v26.3 - https:\/\/yoast.com\/wordpress\/plugins\/seo\/ -->\n<title>Com organitzar una convenci\u00f3 memorable sense errors | EIKONOS<\/title>\n<meta name=\"description\" content=\"Descobreix com organitzar una convenci\u00f3 memorable, des de la ideaci\u00f3 fins a la planificaci\u00f3 d&#039;activitats i posada a punt. Pren nota!\" \/>\n<meta name=\"robots\" content=\"index, follow, max-snippet:-1, max-image-preview:large, max-video-preview:-1\" \/>\n<link rel=\"canonical\" href=\"https:\/\/eikonos.com\/ca\/blog\/com-organitzar-convencio-memorable-sense-errors\/\" \/>\n<meta property=\"og:locale\" content=\"ca_ES\" \/>\n<meta property=\"og:type\" content=\"article\" \/>\n<meta property=\"og:title\" content=\"Com organitzar una convenci\u00f3 memorable sense errors | EIKONOS\" \/>\n<meta property=\"og:description\" content=\"Descobreix com organitzar una convenci\u00f3 memorable, des de la ideaci\u00f3 fins a la planificaci\u00f3 d&#039;activitats i posada a punt. Pren nota!\" \/>\n<meta property=\"og:url\" content=\"https:\/\/eikonos.com\/ca\/blog\/com-organitzar-convencio-memorable-sense-errors\/\" \/>\n<meta property=\"og:site_name\" content=\"EIKONOS\" \/>\n<meta property=\"article:publisher\" content=\"http:\/\/www.facebook.com\/pages\/Eikonos\/176324785746790\" \/>\n<meta property=\"article:published_time\" content=\"2019-03-12T12:21:33+00:00\" \/>\n<meta property=\"og:image\" content=\"https:\/\/eikonos.com\/wp-content\/uploads\/2019\/04\/organizar-convencion-1.jpg\" \/>\n\t<meta property=\"og:image:width\" content=\"724\" \/>\n\t<meta property=\"og:image:height\" content=\"432\" \/>\n\t<meta property=\"og:image:type\" content=\"image\/jpeg\" \/>\n<meta name=\"author\" content=\"Xavi Eikonos\" \/>\n<meta name=\"twitter:card\" content=\"summary_large_image\" \/>\n<meta name=\"twitter:creator\" content=\"@eikonos_sa\" \/>\n<meta name=\"twitter:site\" content=\"@eikonos_sa\" \/>\n<meta name=\"twitter:label1\" content=\"Escrit per\" \/>\n\t<meta name=\"twitter:data1\" content=\"Xavi Eikonos\" \/>\n\t<meta name=\"twitter:label2\" content=\"Temps estimat de lectura\" \/>\n\t<meta name=\"twitter:data2\" content=\"3 minuts\" \/>\n<script type=\"application\/ld+json\" class=\"yoast-schema-graph\">{\"@context\":\"https:\/\/schema.org\",\"@graph\":[{\"@type\":\"Article\",\"@id\":\"https:\/\/eikonos.com\/ca\/blog\/com-organitzar-convencio-memorable-sense-errors\/#article\",\"isPartOf\":{\"@id\":\"https:\/\/eikonos.com\/ca\/blog\/com-organitzar-convencio-memorable-sense-errors\/\"},\"author\":{\"name\":\"Xavi Eikonos\",\"@id\":\"https:\/\/eikonos.com\/ca\/#\/schema\/person\/82032860cc314d826959b90595a5280a\"},\"headline\":\"Com organitzar una convenci\u00f3 memorable sense errors\",\"datePublished\":\"2019-03-12T12:21:33+00:00\",\"mainEntityOfPage\":{\"@id\":\"https:\/\/eikonos.com\/ca\/blog\/com-organitzar-convencio-memorable-sense-errors\/\"},\"wordCount\":553,\"commentCount\":0,\"publisher\":{\"@id\":\"https:\/\/eikonos.com\/ca\/#organization\"},\"image\":{\"@id\":\"https:\/\/eikonos.com\/ca\/blog\/com-organitzar-convencio-memorable-sense-errors\/#primaryimage\"},\"thumbnailUrl\":\"https:\/\/eikonos.com\/wp-content\/uploads\/2019\/04\/organizar-convencion-1.jpg\",\"articleSection\":[\"Esdeveniments audiovisuals\"],\"inLanguage\":\"ca\",\"potentialAction\":[{\"@type\":\"CommentAction\",\"name\":\"Comment\",\"target\":[\"https:\/\/eikonos.com\/ca\/blog\/com-organitzar-convencio-memorable-sense-errors\/#respond\"]}]},{\"@type\":\"WebPage\",\"@id\":\"https:\/\/eikonos.com\/ca\/blog\/com-organitzar-convencio-memorable-sense-errors\/\",\"url\":\"https:\/\/eikonos.com\/ca\/blog\/com-organitzar-convencio-memorable-sense-errors\/\",\"name\":\"Com organitzar una convenci\u00f3 memorable sense errors | EIKONOS\",\"isPartOf\":{\"@id\":\"https:\/\/eikonos.com\/ca\/#website\"},\"primaryImageOfPage\":{\"@id\":\"https:\/\/eikonos.com\/ca\/blog\/com-organitzar-convencio-memorable-sense-errors\/#primaryimage\"},\"image\":{\"@id\":\"https:\/\/eikonos.com\/ca\/blog\/com-organitzar-convencio-memorable-sense-errors\/#primaryimage\"},\"thumbnailUrl\":\"https:\/\/eikonos.com\/wp-content\/uploads\/2019\/04\/organizar-convencion-1.jpg\",\"datePublished\":\"2019-03-12T12:21:33+00:00\",\"description\":\"Descobreix com organitzar una convenci\u00f3 memorable, des de la ideaci\u00f3 fins a la planificaci\u00f3 d'activitats i posada a punt. Pren nota!\",\"breadcrumb\":{\"@id\":\"https:\/\/eikonos.com\/ca\/blog\/com-organitzar-convencio-memorable-sense-errors\/#breadcrumb\"},\"inLanguage\":\"ca\",\"potentialAction\":[{\"@type\":\"ReadAction\",\"target\":[\"https:\/\/eikonos.com\/ca\/blog\/com-organitzar-convencio-memorable-sense-errors\/\"]}]},{\"@type\":\"ImageObject\",\"inLanguage\":\"ca\",\"@id\":\"https:\/\/eikonos.com\/ca\/blog\/com-organitzar-convencio-memorable-sense-errors\/#primaryimage\",\"url\":\"https:\/\/eikonos.com\/wp-content\/uploads\/2019\/04\/organizar-convencion-1.jpg\",\"contentUrl\":\"https:\/\/eikonos.com\/wp-content\/uploads\/2019\/04\/organizar-convencion-1.jpg\",\"width\":724,\"height\":432},{\"@type\":\"BreadcrumbList\",\"@id\":\"https:\/\/eikonos.com\/ca\/blog\/com-organitzar-convencio-memorable-sense-errors\/#breadcrumb\",\"itemListElement\":[{\"@type\":\"ListItem\",\"position\":1,\"name\":\"EIKONOS\",\"item\":\"https:\/\/eikonos.com\/ca\/inici\/\"},{\"@type\":\"ListItem\",\"position\":2,\"name\":\"Com organitzar una convenci\u00f3 memorable sense errors\"}]},{\"@type\":\"WebSite\",\"@id\":\"https:\/\/eikonos.com\/ca\/#website\",\"url\":\"https:\/\/eikonos.com\/ca\/\",\"name\":\"EIKONOS\",\"description\":\"EXPERIENCIA AUDIOVISUAL\",\"publisher\":{\"@id\":\"https:\/\/eikonos.com\/ca\/#organization\"},\"potentialAction\":[{\"@type\":\"SearchAction\",\"target\":{\"@type\":\"EntryPoint\",\"urlTemplate\":\"https:\/\/eikonos.com\/ca\/?s={search_term_string}\"},\"query-input\":{\"@type\":\"PropertyValueSpecification\",\"valueRequired\":true,\"valueName\":\"search_term_string\"}}],\"inLanguage\":\"ca\"},{\"@type\":\"Organization\",\"@id\":\"https:\/\/eikonos.com\/ca\/#organization\",\"name\":\"EIKONOS | Servicios Audiovisuales, eventos y alquiler de equipos\",\"url\":\"https:\/\/eikonos.com\/ca\/\",\"logo\":{\"@type\":\"ImageObject\",\"inLanguage\":\"ca\",\"@id\":\"https:\/\/eikonos.com\/ca\/#\/schema\/logo\/image\/\",\"url\":\"https:\/\/eikonos.com\/wp-content\/uploads\/2020\/08\/logo-color.png\",\"contentUrl\":\"https:\/\/eikonos.com\/wp-content\/uploads\/2020\/08\/logo-color.png\",\"width\":376,\"height\":122,\"caption\":\"EIKONOS | Servicios Audiovisuales, eventos y alquiler de equipos\"},\"image\":{\"@id\":\"https:\/\/eikonos.com\/ca\/#\/schema\/logo\/image\/\"},\"sameAs\":[\"http:\/\/www.facebook.com\/pages\/Eikonos\/176324785746790\",\"https:\/\/x.com\/eikonos_sa\",\"http:\/\/www.linkedin.com\/company\/eikonos\",\"http:\/\/www.youtube.com\/channel\/UC8wcizWaAYbfsuqVf9wIT6w\"]},{\"@type\":\"Person\",\"@id\":\"https:\/\/eikonos.com\/ca\/#\/schema\/person\/82032860cc314d826959b90595a5280a\",\"name\":\"Xavi Eikonos\",\"image\":{\"@type\":\"ImageObject\",\"inLanguage\":\"ca\",\"@id\":\"https:\/\/eikonos.com\/ca\/#\/schema\/person\/image\/\",\"url\":\"https:\/\/secure.gravatar.com\/avatar\/a6c6b51dd0ac6902701aab24a914f6febe1518f94a5ae06db08b3d6107248dfd?s=96&d=mm&r=g\",\"contentUrl\":\"https:\/\/secure.gravatar.com\/avatar\/a6c6b51dd0ac6902701aab24a914f6febe1518f94a5ae06db08b3d6107248dfd?s=96&d=mm&r=g\",\"caption\":\"Xavi Eikonos\"}}]}<\/script>\n<!-- \/ Yoast SEO plugin. -->","yoast_head_json":{"title":"Com organitzar una convenci\u00f3 memorable sense errors | EIKONOS","description":"Descobreix com organitzar una convenci\u00f3 memorable, des de la ideaci\u00f3 fins a la planificaci\u00f3 d'activitats i posada a punt. Pren nota!","robots":{"index":"index","follow":"follow","max-snippet":"max-snippet:-1","max-image-preview":"max-image-preview:large","max-video-preview":"max-video-preview:-1"},"canonical":"https:\/\/eikonos.com\/ca\/blog\/com-organitzar-convencio-memorable-sense-errors\/","og_locale":"ca_ES","og_type":"article","og_title":"Com organitzar una convenci\u00f3 memorable sense errors | EIKONOS","og_description":"Descobreix com organitzar una convenci\u00f3 memorable, des de la ideaci\u00f3 fins a la planificaci\u00f3 d'activitats i posada a punt. Pren nota!","og_url":"https:\/\/eikonos.com\/ca\/blog\/com-organitzar-convencio-memorable-sense-errors\/","og_site_name":"EIKONOS","article_publisher":"http:\/\/www.facebook.com\/pages\/Eikonos\/176324785746790","article_published_time":"2019-03-12T12:21:33+00:00","og_image":[{"width":724,"height":432,"url":"https:\/\/eikonos.com\/wp-content\/uploads\/2019\/04\/organizar-convencion-1.jpg","type":"image\/jpeg"}],"author":"Xavi Eikonos","twitter_card":"summary_large_image","twitter_creator":"@eikonos_sa","twitter_site":"@eikonos_sa","twitter_misc":{"Escrit per":"Xavi Eikonos","Temps estimat de lectura":"3 minuts"},"schema":{"@context":"https:\/\/schema.org","@graph":[{"@type":"Article","@id":"https:\/\/eikonos.com\/ca\/blog\/com-organitzar-convencio-memorable-sense-errors\/#article","isPartOf":{"@id":"https:\/\/eikonos.com\/ca\/blog\/com-organitzar-convencio-memorable-sense-errors\/"},"author":{"name":"Xavi Eikonos","@id":"https:\/\/eikonos.com\/ca\/#\/schema\/person\/82032860cc314d826959b90595a5280a"},"headline":"Com organitzar una convenci\u00f3 memorable sense errors","datePublished":"2019-03-12T12:21:33+00:00","mainEntityOfPage":{"@id":"https:\/\/eikonos.com\/ca\/blog\/com-organitzar-convencio-memorable-sense-errors\/"},"wordCount":553,"commentCount":0,"publisher":{"@id":"https:\/\/eikonos.com\/ca\/#organization"},"image":{"@id":"https:\/\/eikonos.com\/ca\/blog\/com-organitzar-convencio-memorable-sense-errors\/#primaryimage"},"thumbnailUrl":"https:\/\/eikonos.com\/wp-content\/uploads\/2019\/04\/organizar-convencion-1.jpg","articleSection":["Esdeveniments audiovisuals"],"inLanguage":"ca","potentialAction":[{"@type":"CommentAction","name":"Comment","target":["https:\/\/eikonos.com\/ca\/blog\/com-organitzar-convencio-memorable-sense-errors\/#respond"]}]},{"@type":"WebPage","@id":"https:\/\/eikonos.com\/ca\/blog\/com-organitzar-convencio-memorable-sense-errors\/","url":"https:\/\/eikonos.com\/ca\/blog\/com-organitzar-convencio-memorable-sense-errors\/","name":"Com organitzar una convenci\u00f3 memorable sense errors | EIKONOS","isPartOf":{"@id":"https:\/\/eikonos.com\/ca\/#website"},"primaryImageOfPage":{"@id":"https:\/\/eikonos.com\/ca\/blog\/com-organitzar-convencio-memorable-sense-errors\/#primaryimage"},"image":{"@id":"https:\/\/eikonos.com\/ca\/blog\/com-organitzar-convencio-memorable-sense-errors\/#primaryimage"},"thumbnailUrl":"https:\/\/eikonos.com\/wp-content\/uploads\/2019\/04\/organizar-convencion-1.jpg","datePublished":"2019-03-12T12:21:33+00:00","description":"Descobreix com organitzar una convenci\u00f3 memorable, des de la ideaci\u00f3 fins a la planificaci\u00f3 d'activitats i posada a punt. Pren nota!","breadcrumb":{"@id":"https:\/\/eikonos.com\/ca\/blog\/com-organitzar-convencio-memorable-sense-errors\/#breadcrumb"},"inLanguage":"ca","potentialAction":[{"@type":"ReadAction","target":["https:\/\/eikonos.com\/ca\/blog\/com-organitzar-convencio-memorable-sense-errors\/"]}]},{"@type":"ImageObject","inLanguage":"ca","@id":"https:\/\/eikonos.com\/ca\/blog\/com-organitzar-convencio-memorable-sense-errors\/#primaryimage","url":"https:\/\/eikonos.com\/wp-content\/uploads\/2019\/04\/organizar-convencion-1.jpg","contentUrl":"https:\/\/eikonos.com\/wp-content\/uploads\/2019\/04\/organizar-convencion-1.jpg","width":724,"height":432},{"@type":"BreadcrumbList","@id":"https:\/\/eikonos.com\/ca\/blog\/com-organitzar-convencio-memorable-sense-errors\/#breadcrumb","itemListElement":[{"@type":"ListItem","position":1,"name":"EIKONOS","item":"https:\/\/eikonos.com\/ca\/inici\/"},{"@type":"ListItem","position":2,"name":"Com organitzar una convenci\u00f3 memorable sense errors"}]},{"@type":"WebSite","@id":"https:\/\/eikonos.com\/ca\/#website","url":"https:\/\/eikonos.com\/ca\/","name":"EIKONOS","description":"EXPERIENCIA AUDIOVISUAL","publisher":{"@id":"https:\/\/eikonos.com\/ca\/#organization"},"potentialAction":[{"@type":"SearchAction","target":{"@type":"EntryPoint","urlTemplate":"https:\/\/eikonos.com\/ca\/?s={search_term_string}"},"query-input":{"@type":"PropertyValueSpecification","valueRequired":true,"valueName":"search_term_string"}}],"inLanguage":"ca"},{"@type":"Organization","@id":"https:\/\/eikonos.com\/ca\/#organization","name":"EIKONOS | Servicios Audiovisuales, eventos y alquiler de equipos","url":"https:\/\/eikonos.com\/ca\/","logo":{"@type":"ImageObject","inLanguage":"ca","@id":"https:\/\/eikonos.com\/ca\/#\/schema\/logo\/image\/","url":"https:\/\/eikonos.com\/wp-content\/uploads\/2020\/08\/logo-color.png","contentUrl":"https:\/\/eikonos.com\/wp-content\/uploads\/2020\/08\/logo-color.png","width":376,"height":122,"caption":"EIKONOS | Servicios Audiovisuales, eventos y alquiler de equipos"},"image":{"@id":"https:\/\/eikonos.com\/ca\/#\/schema\/logo\/image\/"},"sameAs":["http:\/\/www.facebook.com\/pages\/Eikonos\/176324785746790","https:\/\/x.com\/eikonos_sa","http:\/\/www.linkedin.com\/company\/eikonos","http:\/\/www.youtube.com\/channel\/UC8wcizWaAYbfsuqVf9wIT6w"]},{"@type":"Person","@id":"https:\/\/eikonos.com\/ca\/#\/schema\/person\/82032860cc314d826959b90595a5280a","name":"Xavi Eikonos","image":{"@type":"ImageObject","inLanguage":"ca","@id":"https:\/\/eikonos.com\/ca\/#\/schema\/person\/image\/","url":"https:\/\/secure.gravatar.com\/avatar\/a6c6b51dd0ac6902701aab24a914f6febe1518f94a5ae06db08b3d6107248dfd?s=96&d=mm&r=g","contentUrl":"https:\/\/secure.gravatar.com\/avatar\/a6c6b51dd0ac6902701aab24a914f6febe1518f94a5ae06db08b3d6107248dfd?s=96&d=mm&r=g","caption":"Xavi Eikonos"}}]}},"_links":{"self":[{"href":"https:\/\/eikonos.com\/ca\/wp-json\/wp\/v2\/posts\/6334","targetHints":{"allow":["GET"]}}],"collection":[{"href":"https:\/\/eikonos.com\/ca\/wp-json\/wp\/v2\/posts"}],"about":[{"href":"https:\/\/eikonos.com\/ca\/wp-json\/wp\/v2\/types\/post"}],"author":[{"embeddable":true,"href":"https:\/\/eikonos.com\/ca\/wp-json\/wp\/v2\/users\/6"}],"replies":[{"embeddable":true,"href":"https:\/\/eikonos.com\/ca\/wp-json\/wp\/v2\/comments?post=6334"}],"version-history":[{"count":0,"href":"https:\/\/eikonos.com\/ca\/wp-json\/wp\/v2\/posts\/6334\/revisions"}],"wp:featuredmedia":[{"embeddable":true,"href":"https:\/\/eikonos.com\/ca\/wp-json\/wp\/v2\/media\/6339"}],"wp:attachment":[{"href":"https:\/\/eikonos.com\/ca\/wp-json\/wp\/v2\/media?parent=6334"}],"wp:term":[{"taxonomy":"category","embeddable":true,"href":"https:\/\/eikonos.com\/ca\/wp-json\/wp\/v2\/categories?post=6334"},{"taxonomy":"post_tag","embeddable":true,"href":"https:\/\/eikonos.com\/ca\/wp-json\/wp\/v2\/tags?post=6334"}],"curies":[{"name":"wp","href":"https:\/\/api.w.org\/{rel}","templated":true}]}}