{"id":6307,"date":"2019-03-19T13:30:57","date_gmt":"2019-03-19T12:30:57","guid":{"rendered":"https:\/\/eikonos.com\/?p=6307"},"modified":"2019-03-19T13:30:57","modified_gmt":"2019-03-19T12:30:57","slug":"realitat-augmentada-aplicada-campanyes-publicitat","status":"publish","type":"post","link":"https:\/\/eikonos.com\/ca\/blog\/realitat-augmentada-aplicada-campanyes-publicitat\/","title":{"rendered":"Realitat augmentada aplicada a campanyes de publicitat"},"content":{"rendered":"<p>La realitat augmentada en publicitat t\u00e9 el seu forat com a recurs enormement atractiu que cada vegada desperta m\u00e9s inter\u00e8s en anunciants i usuaris. I en el m\u00f3n dels esdeveniments tamb\u00e9 t\u00e9 cabuda.<\/p>\n<p>Les previsions d\u2019inversi\u00f3 en formats digitals segueixen a l\u2019al\u00e7a i \u00e9s en aquest camp on solucions com la <a href=\"https:\/\/eikonos.com\/ca\/portfolio_page\/realitat-augmentada\/\">realitat augmentada en el sector publicitari<\/a> cobren sentit. El v\u00eddeo online i les xarxes socials es presenten com els millors canals per a arribar de forma segmentada a les audi\u00e8ncies per\u00f2, com destacar en un espai saturat de publicitat i on el consum de continguts es fa a tal velocitat?<\/p>\n<p>Mitjan\u00e7ant la realitat augmentada en publicitat es pot arribar a oferir una \u00e0mplia gamma d\u2019aplicacions noves en els dispositius m\u00f2bils, a trav\u00e9s de les quals brindar al client la possibilitat d\u2019interactuar.<\/p>\n<p>D\u2019igual forma, <a href=\"https:\/\/eikonos.com\/ca\/blog\/usos-i-aplicacions-de-la-realitat-augmentada-en-publicitat\/\">aquest format es pot aplicar en diferents suports publicitaris<\/a> com a tanques i lones publicit\u00e0ries, revistes i premsa, cat\u00e0legs, banderoles i altres suports habituals en fires, on els hi podem treure molt de partit.<\/p>\n<p>Sens dubte, una de les oportunitats que ens ofereix la realitat augmentada \u00e9s aconseguir que una campanya es faci viral. En definitiva, que parlin de nosaltres. D\u2019altra banda, vinculem la nostra marca a la innovaci\u00f3 i accedim al p\u00fablic de manera molt m\u00e9s natural i com si d\u2019un joc es tract\u00e9s.<\/p>\n<p>&nbsp;<\/p>\n<h2><span style=\"color: #ff0000;\">Com treure partit de la realitat augmentada en publicitat<\/span><\/h2>\n<ol>\n<li>Captar <strong>nous usuaris, <\/strong>poder llan\u00e7ar nous productes o modificar els actuals.<\/li>\n<li><strong>Posar en valor la marca<\/strong>. Associar-nos a qualitats com la innovaci\u00f3.<\/li>\n<li>Incrementar la <strong>freq\u00fc\u00e8ncia en l\u2019\u00fas del producte<\/strong>.<\/li>\n<li>Millorar la <strong>percepci\u00f3 de l\u2019usuari <\/strong>sobre la companyia.<\/li>\n<li>Obtenir <strong>comandes i compres <\/strong>de manera instant\u00e0nia. A trav\u00e9s de la publicitat amb realitat augmentada podem portar a l\u2019usuari a una botiga online a on comprar amb un sol clic.<\/li>\n<li><strong>Sofisticar productes <\/strong>associats a campanyes anal\u00f2giques. Per exemple, donar vida a anuncis d\u2019exposicions en museus o pisos a la venda en immobili\u00e0ries.<\/li>\n<li>Proposar una <strong>experi\u00e8ncia irrepetible<\/strong> per a l\u2019usuari.<\/li>\n<\/ol>\n<p>&nbsp;<\/p>\n<p><img loading=\"lazy\" decoding=\"async\" class=\"aligncenter wp-image-6302 size-full\" src=\"https:\/\/eikonos.com\/wp-content\/uploads\/2019\/04\/realidad-aumentada-publicidad-marketing-1.jpg\" alt=\"Realitat augmentada en publicitat i m\u00e0rqueting\" width=\"724\" height=\"432\" srcset=\"https:\/\/eikonos.com\/wp-content\/uploads\/2019\/04\/realidad-aumentada-publicidad-marketing-1.jpg 724w, https:\/\/eikonos.com\/wp-content\/uploads\/2019\/04\/realidad-aumentada-publicidad-marketing-1-300x179.jpg 300w\" sizes=\"auto, (max-width: 724px) 100vw, 724px\" \/><\/p>\n<p>&nbsp;<\/p>\n<h2><span style=\"color: #ff0000;\">Alguns sectors on s\u2019aplica la realitat augmentada amb \u00e8xit<\/span><\/h2>\n<ul>\n<li><strong>M<\/strong><strong>useus i art. <\/strong>Aportant explicacions o donant vida a les obres que veiem en l\u2019entorn que ens envolta.<\/li>\n<li><strong>Decoraci\u00f3<\/strong>. Animant mobles i visualitzant com quedarien en el nostre sal\u00f3 o espai que desitgem redecorar.<\/li>\n<li><strong>Centres comercials<\/strong>. Incorporant elements que completen l\u2019espai on ens movem.<\/li>\n<li><strong>Joguines<\/strong>. Amb el nostre m\u00f2bil podem recrear com jugar amb el producte que estem adquirint. \u00c9s una forma d\u2019identificar si \u00e9s el que busquem i altres aplicacions que li podem donar i no se\u2019ns havia ocorregut. El mateix per a recrear puzles, per exemple.<\/li>\n<li><strong>Cinema i documentals<\/strong>. Superposant personatges i elements a determinades escenes.<\/li>\n<li><strong>Bellesa i moda<\/strong>. Gr\u00e0cies a la realitat augmentada ens avancem a com ens queda determinat maquillatge, tall de cabell i outfit.<\/li>\n<li><strong>Cotxes<\/strong>. Veure l\u2019interior d\u2019un model des d\u2019un anunci d\u2019una revista.<\/li>\n<\/ul>\n<p>&nbsp;<\/p>\n<p>En Eikonos t\u2019ajudem a apostar per la transformaci\u00f3 digital, encarregant-nos de totes les fases del proc\u00e9s de creaci\u00f3 de continguts. Per suposat, alineats amb els objectius de comunicaci\u00f3, m\u00e0rqueting i vendes!<\/p>\n<p>Et donem idees i t\u2019assessorem sobre accions impactants com la realitat augmentada en publicitat. <strong><em>Parlem<\/em><\/strong><strong><em>!<\/em><\/strong><\/p>\n<p><a href=\"https:\/\/eikonos.com\/ca\/serveis\/creacio-de-continguts\/\"><img loading=\"lazy\" decoding=\"async\" class=\"aligncenter wp-image-6250 size-full\" title=\"EIKONOS creaci\u00f3 de continguts\" src=\"https:\/\/eikonos.com\/wp-content\/uploads\/2019\/03\/eikonos-cta-creacio-contingut-1.jpg\" alt=\"EIKONOS creaci\u00f3 de continguts\" width=\"741\" height=\"250\" srcset=\"https:\/\/eikonos.com\/wp-content\/uploads\/2019\/03\/eikonos-cta-creacio-contingut-1.jpg 741w, https:\/\/eikonos.com\/wp-content\/uploads\/2019\/03\/eikonos-cta-creacio-contingut-1-300x101.jpg 300w\" sizes=\"auto, (max-width: 741px) 100vw, 741px\" \/><\/a><\/p>\n","protected":false},"excerpt":{"rendered":"<p>La realitat augmentada en publicitat t\u00e9 el seu forat com a recurs enormement atractiu que&#8230;<\/p>\n","protected":false},"author":6,"featured_media":6301,"comment_status":"open","ping_status":"open","sticky":false,"template":"","format":"standard","meta":{"_acf_changed":false,"footnotes":""},"categories":[257],"tags":[],"class_list":["post-6307","post","type-post","status-publish","format-standard","has-post-thumbnail","hentry","category-creacio-de-continguts"],"acf":[],"yoast_head":"<!-- This site is optimized with the Yoast SEO plugin v26.3 - https:\/\/yoast.com\/wordpress\/plugins\/seo\/ -->\n<title>Realitat augmentada aplicada a campanyes de publicitat<\/title>\n<meta name=\"description\" content=\"Com podem treure-li partit a la realitat augmentada en publicitat? Coneix les 7 claus i descobreix alguns dels sectors on ja s&#039;aplica aquest format amb \u00e8xit.\" \/>\n<meta name=\"robots\" content=\"index, follow, max-snippet:-1, max-image-preview:large, max-video-preview:-1\" \/>\n<link rel=\"canonical\" href=\"https:\/\/eikonos.com\/ca\/blog\/realitat-augmentada-aplicada-campanyes-publicitat\/\" \/>\n<meta property=\"og:locale\" content=\"ca_ES\" \/>\n<meta property=\"og:type\" content=\"article\" \/>\n<meta property=\"og:title\" content=\"Realitat augmentada aplicada a campanyes de publicitat\" \/>\n<meta property=\"og:description\" content=\"Com podem treure-li partit a la realitat augmentada en publicitat? Coneix les 7 claus i descobreix alguns dels sectors on ja s&#039;aplica aquest format amb \u00e8xit.\" \/>\n<meta property=\"og:url\" content=\"https:\/\/eikonos.com\/ca\/blog\/realitat-augmentada-aplicada-campanyes-publicitat\/\" \/>\n<meta property=\"og:site_name\" content=\"EIKONOS\" \/>\n<meta property=\"article:publisher\" content=\"http:\/\/www.facebook.com\/pages\/Eikonos\/176324785746790\" \/>\n<meta property=\"article:published_time\" content=\"2019-03-19T12:30:57+00:00\" \/>\n<meta property=\"og:image\" content=\"https:\/\/eikonos.com\/wp-content\/uploads\/2019\/04\/realidad-aumentada-publicidad-1.jpg\" \/>\n\t<meta property=\"og:image:width\" content=\"724\" \/>\n\t<meta property=\"og:image:height\" content=\"432\" \/>\n\t<meta property=\"og:image:type\" content=\"image\/jpeg\" \/>\n<meta name=\"author\" content=\"Xavi Eikonos\" \/>\n<meta name=\"twitter:card\" content=\"summary_large_image\" \/>\n<meta name=\"twitter:creator\" content=\"@eikonos_sa\" \/>\n<meta name=\"twitter:site\" content=\"@eikonos_sa\" \/>\n<meta name=\"twitter:label1\" content=\"Escrit per\" \/>\n\t<meta name=\"twitter:data1\" content=\"Xavi Eikonos\" \/>\n\t<meta name=\"twitter:label2\" content=\"Temps estimat de lectura\" \/>\n\t<meta name=\"twitter:data2\" content=\"3 minuts\" \/>\n<script type=\"application\/ld+json\" class=\"yoast-schema-graph\">{\"@context\":\"https:\/\/schema.org\",\"@graph\":[{\"@type\":\"Article\",\"@id\":\"https:\/\/eikonos.com\/ca\/blog\/realitat-augmentada-aplicada-campanyes-publicitat\/#article\",\"isPartOf\":{\"@id\":\"https:\/\/eikonos.com\/ca\/blog\/realitat-augmentada-aplicada-campanyes-publicitat\/\"},\"author\":{\"name\":\"Xavi Eikonos\",\"@id\":\"https:\/\/eikonos.com\/ca\/#\/schema\/person\/82032860cc314d826959b90595a5280a\"},\"headline\":\"Realitat augmentada aplicada a campanyes de publicitat\",\"datePublished\":\"2019-03-19T12:30:57+00:00\",\"mainEntityOfPage\":{\"@id\":\"https:\/\/eikonos.com\/ca\/blog\/realitat-augmentada-aplicada-campanyes-publicitat\/\"},\"wordCount\":568,\"commentCount\":0,\"publisher\":{\"@id\":\"https:\/\/eikonos.com\/ca\/#organization\"},\"image\":{\"@id\":\"https:\/\/eikonos.com\/ca\/blog\/realitat-augmentada-aplicada-campanyes-publicitat\/#primaryimage\"},\"thumbnailUrl\":\"https:\/\/eikonos.com\/wp-content\/uploads\/2019\/04\/realidad-aumentada-publicidad-1.jpg\",\"articleSection\":[\"Creaci\u00f3 de continguts\"],\"inLanguage\":\"ca\",\"potentialAction\":[{\"@type\":\"CommentAction\",\"name\":\"Comment\",\"target\":[\"https:\/\/eikonos.com\/ca\/blog\/realitat-augmentada-aplicada-campanyes-publicitat\/#respond\"]}]},{\"@type\":\"WebPage\",\"@id\":\"https:\/\/eikonos.com\/ca\/blog\/realitat-augmentada-aplicada-campanyes-publicitat\/\",\"url\":\"https:\/\/eikonos.com\/ca\/blog\/realitat-augmentada-aplicada-campanyes-publicitat\/\",\"name\":\"Realitat augmentada aplicada a campanyes de publicitat\",\"isPartOf\":{\"@id\":\"https:\/\/eikonos.com\/ca\/#website\"},\"primaryImageOfPage\":{\"@id\":\"https:\/\/eikonos.com\/ca\/blog\/realitat-augmentada-aplicada-campanyes-publicitat\/#primaryimage\"},\"image\":{\"@id\":\"https:\/\/eikonos.com\/ca\/blog\/realitat-augmentada-aplicada-campanyes-publicitat\/#primaryimage\"},\"thumbnailUrl\":\"https:\/\/eikonos.com\/wp-content\/uploads\/2019\/04\/realidad-aumentada-publicidad-1.jpg\",\"datePublished\":\"2019-03-19T12:30:57+00:00\",\"description\":\"Com podem treure-li partit a la realitat augmentada en publicitat? Coneix les 7 claus i descobreix alguns dels sectors on ja s'aplica aquest format amb \u00e8xit.\",\"breadcrumb\":{\"@id\":\"https:\/\/eikonos.com\/ca\/blog\/realitat-augmentada-aplicada-campanyes-publicitat\/#breadcrumb\"},\"inLanguage\":\"ca\",\"potentialAction\":[{\"@type\":\"ReadAction\",\"target\":[\"https:\/\/eikonos.com\/ca\/blog\/realitat-augmentada-aplicada-campanyes-publicitat\/\"]}]},{\"@type\":\"ImageObject\",\"inLanguage\":\"ca\",\"@id\":\"https:\/\/eikonos.com\/ca\/blog\/realitat-augmentada-aplicada-campanyes-publicitat\/#primaryimage\",\"url\":\"https:\/\/eikonos.com\/wp-content\/uploads\/2019\/04\/realidad-aumentada-publicidad-1.jpg\",\"contentUrl\":\"https:\/\/eikonos.com\/wp-content\/uploads\/2019\/04\/realidad-aumentada-publicidad-1.jpg\",\"width\":724,\"height\":432},{\"@type\":\"BreadcrumbList\",\"@id\":\"https:\/\/eikonos.com\/ca\/blog\/realitat-augmentada-aplicada-campanyes-publicitat\/#breadcrumb\",\"itemListElement\":[{\"@type\":\"ListItem\",\"position\":1,\"name\":\"EIKONOS\",\"item\":\"https:\/\/eikonos.com\/ca\/inici\/\"},{\"@type\":\"ListItem\",\"position\":2,\"name\":\"Realitat augmentada aplicada a campanyes de publicitat\"}]},{\"@type\":\"WebSite\",\"@id\":\"https:\/\/eikonos.com\/ca\/#website\",\"url\":\"https:\/\/eikonos.com\/ca\/\",\"name\":\"EIKONOS\",\"description\":\"EXPERIENCIA AUDIOVISUAL\",\"publisher\":{\"@id\":\"https:\/\/eikonos.com\/ca\/#organization\"},\"potentialAction\":[{\"@type\":\"SearchAction\",\"target\":{\"@type\":\"EntryPoint\",\"urlTemplate\":\"https:\/\/eikonos.com\/ca\/?s={search_term_string}\"},\"query-input\":{\"@type\":\"PropertyValueSpecification\",\"valueRequired\":true,\"valueName\":\"search_term_string\"}}],\"inLanguage\":\"ca\"},{\"@type\":\"Organization\",\"@id\":\"https:\/\/eikonos.com\/ca\/#organization\",\"name\":\"EIKONOS | Servicios Audiovisuales, eventos y alquiler de equipos\",\"url\":\"https:\/\/eikonos.com\/ca\/\",\"logo\":{\"@type\":\"ImageObject\",\"inLanguage\":\"ca\",\"@id\":\"https:\/\/eikonos.com\/ca\/#\/schema\/logo\/image\/\",\"url\":\"https:\/\/eikonos.com\/wp-content\/uploads\/2020\/08\/logo-color.png\",\"contentUrl\":\"https:\/\/eikonos.com\/wp-content\/uploads\/2020\/08\/logo-color.png\",\"width\":376,\"height\":122,\"caption\":\"EIKONOS | Servicios Audiovisuales, eventos y alquiler de equipos\"},\"image\":{\"@id\":\"https:\/\/eikonos.com\/ca\/#\/schema\/logo\/image\/\"},\"sameAs\":[\"http:\/\/www.facebook.com\/pages\/Eikonos\/176324785746790\",\"https:\/\/x.com\/eikonos_sa\",\"http:\/\/www.linkedin.com\/company\/eikonos\",\"http:\/\/www.youtube.com\/channel\/UC8wcizWaAYbfsuqVf9wIT6w\"]},{\"@type\":\"Person\",\"@id\":\"https:\/\/eikonos.com\/ca\/#\/schema\/person\/82032860cc314d826959b90595a5280a\",\"name\":\"Xavi Eikonos\",\"image\":{\"@type\":\"ImageObject\",\"inLanguage\":\"ca\",\"@id\":\"https:\/\/eikonos.com\/ca\/#\/schema\/person\/image\/\",\"url\":\"https:\/\/secure.gravatar.com\/avatar\/a6c6b51dd0ac6902701aab24a914f6febe1518f94a5ae06db08b3d6107248dfd?s=96&d=mm&r=g\",\"contentUrl\":\"https:\/\/secure.gravatar.com\/avatar\/a6c6b51dd0ac6902701aab24a914f6febe1518f94a5ae06db08b3d6107248dfd?s=96&d=mm&r=g\",\"caption\":\"Xavi Eikonos\"}}]}<\/script>\n<!-- \/ Yoast SEO plugin. -->","yoast_head_json":{"title":"Realitat augmentada aplicada a campanyes de publicitat","description":"Com podem treure-li partit a la realitat augmentada en publicitat? Coneix les 7 claus i descobreix alguns dels sectors on ja s'aplica aquest format amb \u00e8xit.","robots":{"index":"index","follow":"follow","max-snippet":"max-snippet:-1","max-image-preview":"max-image-preview:large","max-video-preview":"max-video-preview:-1"},"canonical":"https:\/\/eikonos.com\/ca\/blog\/realitat-augmentada-aplicada-campanyes-publicitat\/","og_locale":"ca_ES","og_type":"article","og_title":"Realitat augmentada aplicada a campanyes de publicitat","og_description":"Com podem treure-li partit a la realitat augmentada en publicitat? Coneix les 7 claus i descobreix alguns dels sectors on ja s'aplica aquest format amb \u00e8xit.","og_url":"https:\/\/eikonos.com\/ca\/blog\/realitat-augmentada-aplicada-campanyes-publicitat\/","og_site_name":"EIKONOS","article_publisher":"http:\/\/www.facebook.com\/pages\/Eikonos\/176324785746790","article_published_time":"2019-03-19T12:30:57+00:00","og_image":[{"width":724,"height":432,"url":"https:\/\/eikonos.com\/wp-content\/uploads\/2019\/04\/realidad-aumentada-publicidad-1.jpg","type":"image\/jpeg"}],"author":"Xavi Eikonos","twitter_card":"summary_large_image","twitter_creator":"@eikonos_sa","twitter_site":"@eikonos_sa","twitter_misc":{"Escrit per":"Xavi Eikonos","Temps estimat de lectura":"3 minuts"},"schema":{"@context":"https:\/\/schema.org","@graph":[{"@type":"Article","@id":"https:\/\/eikonos.com\/ca\/blog\/realitat-augmentada-aplicada-campanyes-publicitat\/#article","isPartOf":{"@id":"https:\/\/eikonos.com\/ca\/blog\/realitat-augmentada-aplicada-campanyes-publicitat\/"},"author":{"name":"Xavi Eikonos","@id":"https:\/\/eikonos.com\/ca\/#\/schema\/person\/82032860cc314d826959b90595a5280a"},"headline":"Realitat augmentada aplicada a campanyes de publicitat","datePublished":"2019-03-19T12:30:57+00:00","mainEntityOfPage":{"@id":"https:\/\/eikonos.com\/ca\/blog\/realitat-augmentada-aplicada-campanyes-publicitat\/"},"wordCount":568,"commentCount":0,"publisher":{"@id":"https:\/\/eikonos.com\/ca\/#organization"},"image":{"@id":"https:\/\/eikonos.com\/ca\/blog\/realitat-augmentada-aplicada-campanyes-publicitat\/#primaryimage"},"thumbnailUrl":"https:\/\/eikonos.com\/wp-content\/uploads\/2019\/04\/realidad-aumentada-publicidad-1.jpg","articleSection":["Creaci\u00f3 de continguts"],"inLanguage":"ca","potentialAction":[{"@type":"CommentAction","name":"Comment","target":["https:\/\/eikonos.com\/ca\/blog\/realitat-augmentada-aplicada-campanyes-publicitat\/#respond"]}]},{"@type":"WebPage","@id":"https:\/\/eikonos.com\/ca\/blog\/realitat-augmentada-aplicada-campanyes-publicitat\/","url":"https:\/\/eikonos.com\/ca\/blog\/realitat-augmentada-aplicada-campanyes-publicitat\/","name":"Realitat augmentada aplicada a campanyes de publicitat","isPartOf":{"@id":"https:\/\/eikonos.com\/ca\/#website"},"primaryImageOfPage":{"@id":"https:\/\/eikonos.com\/ca\/blog\/realitat-augmentada-aplicada-campanyes-publicitat\/#primaryimage"},"image":{"@id":"https:\/\/eikonos.com\/ca\/blog\/realitat-augmentada-aplicada-campanyes-publicitat\/#primaryimage"},"thumbnailUrl":"https:\/\/eikonos.com\/wp-content\/uploads\/2019\/04\/realidad-aumentada-publicidad-1.jpg","datePublished":"2019-03-19T12:30:57+00:00","description":"Com podem treure-li partit a la realitat augmentada en publicitat? Coneix les 7 claus i descobreix alguns dels sectors on ja s'aplica aquest format amb \u00e8xit.","breadcrumb":{"@id":"https:\/\/eikonos.com\/ca\/blog\/realitat-augmentada-aplicada-campanyes-publicitat\/#breadcrumb"},"inLanguage":"ca","potentialAction":[{"@type":"ReadAction","target":["https:\/\/eikonos.com\/ca\/blog\/realitat-augmentada-aplicada-campanyes-publicitat\/"]}]},{"@type":"ImageObject","inLanguage":"ca","@id":"https:\/\/eikonos.com\/ca\/blog\/realitat-augmentada-aplicada-campanyes-publicitat\/#primaryimage","url":"https:\/\/eikonos.com\/wp-content\/uploads\/2019\/04\/realidad-aumentada-publicidad-1.jpg","contentUrl":"https:\/\/eikonos.com\/wp-content\/uploads\/2019\/04\/realidad-aumentada-publicidad-1.jpg","width":724,"height":432},{"@type":"BreadcrumbList","@id":"https:\/\/eikonos.com\/ca\/blog\/realitat-augmentada-aplicada-campanyes-publicitat\/#breadcrumb","itemListElement":[{"@type":"ListItem","position":1,"name":"EIKONOS","item":"https:\/\/eikonos.com\/ca\/inici\/"},{"@type":"ListItem","position":2,"name":"Realitat augmentada aplicada a campanyes de publicitat"}]},{"@type":"WebSite","@id":"https:\/\/eikonos.com\/ca\/#website","url":"https:\/\/eikonos.com\/ca\/","name":"EIKONOS","description":"EXPERIENCIA AUDIOVISUAL","publisher":{"@id":"https:\/\/eikonos.com\/ca\/#organization"},"potentialAction":[{"@type":"SearchAction","target":{"@type":"EntryPoint","urlTemplate":"https:\/\/eikonos.com\/ca\/?s={search_term_string}"},"query-input":{"@type":"PropertyValueSpecification","valueRequired":true,"valueName":"search_term_string"}}],"inLanguage":"ca"},{"@type":"Organization","@id":"https:\/\/eikonos.com\/ca\/#organization","name":"EIKONOS | Servicios Audiovisuales, eventos y alquiler de equipos","url":"https:\/\/eikonos.com\/ca\/","logo":{"@type":"ImageObject","inLanguage":"ca","@id":"https:\/\/eikonos.com\/ca\/#\/schema\/logo\/image\/","url":"https:\/\/eikonos.com\/wp-content\/uploads\/2020\/08\/logo-color.png","contentUrl":"https:\/\/eikonos.com\/wp-content\/uploads\/2020\/08\/logo-color.png","width":376,"height":122,"caption":"EIKONOS | Servicios Audiovisuales, eventos y alquiler de equipos"},"image":{"@id":"https:\/\/eikonos.com\/ca\/#\/schema\/logo\/image\/"},"sameAs":["http:\/\/www.facebook.com\/pages\/Eikonos\/176324785746790","https:\/\/x.com\/eikonos_sa","http:\/\/www.linkedin.com\/company\/eikonos","http:\/\/www.youtube.com\/channel\/UC8wcizWaAYbfsuqVf9wIT6w"]},{"@type":"Person","@id":"https:\/\/eikonos.com\/ca\/#\/schema\/person\/82032860cc314d826959b90595a5280a","name":"Xavi Eikonos","image":{"@type":"ImageObject","inLanguage":"ca","@id":"https:\/\/eikonos.com\/ca\/#\/schema\/person\/image\/","url":"https:\/\/secure.gravatar.com\/avatar\/a6c6b51dd0ac6902701aab24a914f6febe1518f94a5ae06db08b3d6107248dfd?s=96&d=mm&r=g","contentUrl":"https:\/\/secure.gravatar.com\/avatar\/a6c6b51dd0ac6902701aab24a914f6febe1518f94a5ae06db08b3d6107248dfd?s=96&d=mm&r=g","caption":"Xavi Eikonos"}}]}},"_links":{"self":[{"href":"https:\/\/eikonos.com\/ca\/wp-json\/wp\/v2\/posts\/6307","targetHints":{"allow":["GET"]}}],"collection":[{"href":"https:\/\/eikonos.com\/ca\/wp-json\/wp\/v2\/posts"}],"about":[{"href":"https:\/\/eikonos.com\/ca\/wp-json\/wp\/v2\/types\/post"}],"author":[{"embeddable":true,"href":"https:\/\/eikonos.com\/ca\/wp-json\/wp\/v2\/users\/6"}],"replies":[{"embeddable":true,"href":"https:\/\/eikonos.com\/ca\/wp-json\/wp\/v2\/comments?post=6307"}],"version-history":[{"count":0,"href":"https:\/\/eikonos.com\/ca\/wp-json\/wp\/v2\/posts\/6307\/revisions"}],"wp:featuredmedia":[{"embeddable":true,"href":"https:\/\/eikonos.com\/ca\/wp-json\/wp\/v2\/media\/6301"}],"wp:attachment":[{"href":"https:\/\/eikonos.com\/ca\/wp-json\/wp\/v2\/media?parent=6307"}],"wp:term":[{"taxonomy":"category","embeddable":true,"href":"https:\/\/eikonos.com\/ca\/wp-json\/wp\/v2\/categories?post=6307"},{"taxonomy":"post_tag","embeddable":true,"href":"https:\/\/eikonos.com\/ca\/wp-json\/wp\/v2\/tags?post=6307"}],"curies":[{"name":"wp","href":"https:\/\/api.w.org\/{rel}","templated":true}]}}