{"id":6294,"date":"2019-02-26T12:45:26","date_gmt":"2019-02-26T11:45:26","guid":{"rendered":"https:\/\/eikonos.com\/?p=6294"},"modified":"2019-02-26T12:45:26","modified_gmt":"2019-02-26T11:45:26","slug":"com-crear-comunitat-esdeveniment-esportiu","status":"publish","type":"post","link":"https:\/\/eikonos.com\/ca\/blog\/com-crear-comunitat-esdeveniment-esportiu\/","title":{"rendered":"Com crear comunitat en un esdeveniment esportiu?"},"content":{"rendered":"<p>L\u2019esport uneix a les persones, els fa tenir passions compartides i augmenta la vinculaci\u00f3 amb les marques. \u00c9s el motiu pel qual cada vegada les companyies fan m\u00e9s esfor\u00e7os per arribar al p\u00fablic final a trav\u00e9s del patrocini o altres accions com organitzar un esdeveniment esportiu.<\/p>\n<p>Per al departament de M\u00e0rqueting i Comunicaci\u00f3 es presenta com un repte atractiu. Per\u00f2 despr\u00e9s toca gestionar tots els detalls i \u00e9s on es fa m\u00e9s present que mai la necessitat de comptar amb un equip amb experi\u00e8ncia en gesti\u00f3 i <a href=\"https:\/\/eikonos.com\/ca\/blog\/material-audiovisual-organitzar-esdeveniment-esportiu-memorable\/\">organitzaci\u00f3 d\u2019un esdeveniment esportiu<\/a>.<\/p>\n<p>Per aix\u00f2, no nom\u00e9s es tracta de crear el concepte, decidir quin esport ens representa millor o en quina elit estem interessats. Cal aconseguir que la convocat\u00f2ria sigui prou atractiva i rellevant per a organitzar a tota una comunitat de persones entorn del nostre acte. Per\u00f2&#8230; Com aconsegueixes aix\u00f2?<\/p>\n<p>Els atributs que busquem s\u00f3n l\u2019entreteniment i l\u2019emoci\u00f3, seran la palanca que faci que <a href=\"https:\/\/eikonos.com\/ca\/serveis\/esdeveniments-audiovisuals\/\">el nostre esdeveniment audiovisual<\/a> sigui un \u00e8xit o passi desapercebut.<\/p>\n<p>&nbsp;<\/p>\n<h2><span style=\"color: #ff0000;\"><strong>O<\/strong><\/span><span style=\"color: #ff0000;\"><strong>rganitzar un esdeveniment esportiu aportant valor a l\u2019audi\u00e8nci<\/strong><\/span><span style=\"color: #ff0000;\"><strong>a<\/strong><\/span><\/h2>\n<ul>\n<li><strong>D<\/strong><strong>efineix els objectius. <\/strong>Branding, alcans, visibilitat, els nostres llan\u00e7aments&#8230; en qu\u00e8 est\u00e0s pensant? Concreta que \u00e9s el que busques invertint en el esdeveniment esportiu i de quina manera vas a obtenir el retorn que esperes.<\/li>\n<li>Confirma que <strong>la teva audi\u00e8ncia<\/strong> coincideix amb el perfil de l\u2019audi\u00e8ncia assistent a l\u2019esdeveniment que patrocines. D\u2019alguna manera han d\u2019estar alineats. De res serveix que el teu target sigui un p\u00fablic s\u00e8nior i preparis un esdeveniment per a menors, que s\u00ed t\u00e9 repercussi\u00f3 per\u00f2 no tindran cap tipus de vincle ni afiliaci\u00f3 amb la teva companyia. El director de M\u00e0rqueting haur\u00e0 d\u2019intervenir en aquest punt.<\/li>\n<li>Verifica que els <strong>valors<\/strong> que transmets en l\u2019esdeveniment coincideixen amb els de la marca que patrocines. No et quedis nom\u00e9s amb el futbol o espectacles massius. Si desitges ampliar la teva marca a n\u00ednxols joves, patrocinar eSports pot ser una bona idea. Aix\u00f2 s\u00ed, coneix molt b\u00e9 el mercat on entres.<\/li>\n<li><strong>U<\/strong><strong>tilitza els canals adequats. <\/strong>No \u00e9s el mateix un target de mitjana edat que un molt jove. En qualsevol cas, pensa en una <strong>estrat\u00e8gia omnicanal<\/strong> i no oblidis que els canals digitals s\u00f3n cr\u00edtics avui dia. Xarxes socials, cercadors i plataformes de ticketing s\u00f3n rellevants a l\u2019hora de donar visibilitat a la cita i vendre entrades.<\/li>\n<li>No es tracta de guanyar diners, sin\u00f3 de <strong>posar en valor la teva marca<\/strong>. Pots apostar per una campanya d\u2019altruisme. Un exemple a seguir \u00e9s la de responsabilitat social corporativa que acompanya a La Marat\u00f3, el projecte solidari impulsat per Televisi\u00f3 de Catalunya i TV3 que recapta fons amb fins cient\u00edfics i d\u2019investigaci\u00f3.<\/li>\n<\/ul>\n<p>&nbsp;<\/p>\n<p>Sigui quin sigui el fi que anheles, no oblidis mai d\u2019integrar en la teva estrat\u00e8gia de m\u00e0rqueting esportiu <strong>la creativitat i la innovaci\u00f3<\/strong>. Fes que, al organitzar un esdeveniment esportiu, aquest sigui memorable i, quan no tinguis els recursos propis suficients per a desenvolupar alguna de les partides que necessites, no dubtis en comptar amb experts. <strong><em>Parlem<\/em><\/strong><strong><em>!<\/em><\/strong><\/p>\n<p><a href=\"https:\/\/eikonos.com\/ca\/\"><img loading=\"lazy\" decoding=\"async\" class=\"aligncenter wp-image-6099 size-full\" title=\"EIKONOS serveis audiovisuals per a esdeveniments\" src=\"https:\/\/eikonos.com\/wp-content\/uploads\/2019\/01\/eikonos-cta-organitzacio-esdeveniments-audiovisuals-1.png\" alt=\"EIKONOS serveis audiovisuals per a esdeveniments\" width=\"741\" height=\"250\" srcset=\"https:\/\/eikonos.com\/wp-content\/uploads\/2019\/01\/eikonos-cta-organitzacio-esdeveniments-audiovisuals-1.png 741w, https:\/\/eikonos.com\/wp-content\/uploads\/2019\/01\/eikonos-cta-organitzacio-esdeveniments-audiovisuals-1-300x101.png 300w\" sizes=\"auto, (max-width: 741px) 100vw, 741px\" \/><\/a><\/p>\n","protected":false},"excerpt":{"rendered":"<p>L\u2019esport uneix a les persones, els fa tenir passions compartides i augmenta la vinculaci\u00f3 amb&#8230;<\/p>\n","protected":false},"author":6,"featured_media":6299,"comment_status":"open","ping_status":"open","sticky":false,"template":"","format":"standard","meta":{"_acf_changed":false,"footnotes":""},"categories":[260],"tags":[],"class_list":["post-6294","post","type-post","status-publish","format-standard","has-post-thumbnail","hentry","category-esdeveniments-audiovisuals"],"acf":[],"yoast_head":"<!-- This site is optimized with the Yoast SEO plugin v26.3 - https:\/\/yoast.com\/wordpress\/plugins\/seo\/ -->\n<title>Com crear comunitat en un esdeveniment esportiu? | EIKONOS<\/title>\n<meta name=\"description\" content=\"Com aconseguir una convocat\u00f2ria d&#039;assistents atractiva i com aconseguir que en organitzar un esdeveniment esportiu mobilitzem a tota una comunitat? Com podem aportar valor a l&#039;audi\u00e8ncia? Et revelem les claus per a organitzar un esdeveniment esportiu amb \u00e8xit.\" \/>\n<meta name=\"robots\" content=\"index, follow, max-snippet:-1, max-image-preview:large, max-video-preview:-1\" \/>\n<link rel=\"canonical\" href=\"https:\/\/eikonos.com\/ca\/blog\/com-crear-comunitat-esdeveniment-esportiu\/\" \/>\n<meta property=\"og:locale\" content=\"ca_ES\" \/>\n<meta property=\"og:type\" content=\"article\" \/>\n<meta property=\"og:title\" content=\"Com crear comunitat en un esdeveniment esportiu? | EIKONOS\" \/>\n<meta property=\"og:description\" content=\"Com aconseguir una convocat\u00f2ria d&#039;assistents atractiva i com aconseguir que en organitzar un esdeveniment esportiu mobilitzem a tota una comunitat? Com podem aportar valor a l&#039;audi\u00e8ncia? Et revelem les claus per a organitzar un esdeveniment esportiu amb \u00e8xit.\" \/>\n<meta property=\"og:url\" content=\"https:\/\/eikonos.com\/ca\/blog\/com-crear-comunitat-esdeveniment-esportiu\/\" \/>\n<meta property=\"og:site_name\" content=\"EIKONOS\" \/>\n<meta property=\"article:publisher\" content=\"http:\/\/www.facebook.com\/pages\/Eikonos\/176324785746790\" \/>\n<meta property=\"article:published_time\" content=\"2019-02-26T11:45:26+00:00\" \/>\n<meta property=\"og:image\" content=\"https:\/\/eikonos.com\/wp-content\/uploads\/2019\/04\/organizar-evento-deportivo-1-1.jpg\" \/>\n\t<meta property=\"og:image:width\" content=\"724\" \/>\n\t<meta property=\"og:image:height\" content=\"432\" \/>\n\t<meta property=\"og:image:type\" content=\"image\/jpeg\" \/>\n<meta name=\"author\" content=\"Xavi Eikonos\" \/>\n<meta name=\"twitter:card\" content=\"summary_large_image\" \/>\n<meta name=\"twitter:creator\" content=\"@eikonos_sa\" \/>\n<meta name=\"twitter:site\" content=\"@eikonos_sa\" \/>\n<meta name=\"twitter:label1\" content=\"Escrit per\" \/>\n\t<meta name=\"twitter:data1\" content=\"Xavi Eikonos\" \/>\n\t<meta name=\"twitter:label2\" content=\"Temps estimat de lectura\" \/>\n\t<meta name=\"twitter:data2\" content=\"3 minuts\" \/>\n<script type=\"application\/ld+json\" class=\"yoast-schema-graph\">{\"@context\":\"https:\/\/schema.org\",\"@graph\":[{\"@type\":\"Article\",\"@id\":\"https:\/\/eikonos.com\/ca\/blog\/com-crear-comunitat-esdeveniment-esportiu\/#article\",\"isPartOf\":{\"@id\":\"https:\/\/eikonos.com\/ca\/blog\/com-crear-comunitat-esdeveniment-esportiu\/\"},\"author\":{\"name\":\"Xavi Eikonos\",\"@id\":\"https:\/\/eikonos.com\/ca\/#\/schema\/person\/82032860cc314d826959b90595a5280a\"},\"headline\":\"Com crear comunitat en un esdeveniment esportiu?\",\"datePublished\":\"2019-02-26T11:45:26+00:00\",\"mainEntityOfPage\":{\"@id\":\"https:\/\/eikonos.com\/ca\/blog\/com-crear-comunitat-esdeveniment-esportiu\/\"},\"wordCount\":545,\"commentCount\":0,\"publisher\":{\"@id\":\"https:\/\/eikonos.com\/ca\/#organization\"},\"image\":{\"@id\":\"https:\/\/eikonos.com\/ca\/blog\/com-crear-comunitat-esdeveniment-esportiu\/#primaryimage\"},\"thumbnailUrl\":\"https:\/\/eikonos.com\/wp-content\/uploads\/2019\/04\/organizar-evento-deportivo-1-1.jpg\",\"articleSection\":[\"Esdeveniments audiovisuals\"],\"inLanguage\":\"ca\",\"potentialAction\":[{\"@type\":\"CommentAction\",\"name\":\"Comment\",\"target\":[\"https:\/\/eikonos.com\/ca\/blog\/com-crear-comunitat-esdeveniment-esportiu\/#respond\"]}]},{\"@type\":\"WebPage\",\"@id\":\"https:\/\/eikonos.com\/ca\/blog\/com-crear-comunitat-esdeveniment-esportiu\/\",\"url\":\"https:\/\/eikonos.com\/ca\/blog\/com-crear-comunitat-esdeveniment-esportiu\/\",\"name\":\"Com crear comunitat en un esdeveniment esportiu? | EIKONOS\",\"isPartOf\":{\"@id\":\"https:\/\/eikonos.com\/ca\/#website\"},\"primaryImageOfPage\":{\"@id\":\"https:\/\/eikonos.com\/ca\/blog\/com-crear-comunitat-esdeveniment-esportiu\/#primaryimage\"},\"image\":{\"@id\":\"https:\/\/eikonos.com\/ca\/blog\/com-crear-comunitat-esdeveniment-esportiu\/#primaryimage\"},\"thumbnailUrl\":\"https:\/\/eikonos.com\/wp-content\/uploads\/2019\/04\/organizar-evento-deportivo-1-1.jpg\",\"datePublished\":\"2019-02-26T11:45:26+00:00\",\"description\":\"Com aconseguir una convocat\u00f2ria d'assistents atractiva i com aconseguir que en organitzar un esdeveniment esportiu mobilitzem a tota una comunitat? Com podem aportar valor a l'audi\u00e8ncia? Et revelem les claus per a organitzar un esdeveniment esportiu amb \u00e8xit.\",\"breadcrumb\":{\"@id\":\"https:\/\/eikonos.com\/ca\/blog\/com-crear-comunitat-esdeveniment-esportiu\/#breadcrumb\"},\"inLanguage\":\"ca\",\"potentialAction\":[{\"@type\":\"ReadAction\",\"target\":[\"https:\/\/eikonos.com\/ca\/blog\/com-crear-comunitat-esdeveniment-esportiu\/\"]}]},{\"@type\":\"ImageObject\",\"inLanguage\":\"ca\",\"@id\":\"https:\/\/eikonos.com\/ca\/blog\/com-crear-comunitat-esdeveniment-esportiu\/#primaryimage\",\"url\":\"https:\/\/eikonos.com\/wp-content\/uploads\/2019\/04\/organizar-evento-deportivo-1-1.jpg\",\"contentUrl\":\"https:\/\/eikonos.com\/wp-content\/uploads\/2019\/04\/organizar-evento-deportivo-1-1.jpg\",\"width\":724,\"height\":432},{\"@type\":\"BreadcrumbList\",\"@id\":\"https:\/\/eikonos.com\/ca\/blog\/com-crear-comunitat-esdeveniment-esportiu\/#breadcrumb\",\"itemListElement\":[{\"@type\":\"ListItem\",\"position\":1,\"name\":\"EIKONOS\",\"item\":\"https:\/\/eikonos.com\/ca\/inici\/\"},{\"@type\":\"ListItem\",\"position\":2,\"name\":\"Com crear comunitat en un esdeveniment esportiu?\"}]},{\"@type\":\"WebSite\",\"@id\":\"https:\/\/eikonos.com\/ca\/#website\",\"url\":\"https:\/\/eikonos.com\/ca\/\",\"name\":\"EIKONOS\",\"description\":\"EXPERIENCIA AUDIOVISUAL\",\"publisher\":{\"@id\":\"https:\/\/eikonos.com\/ca\/#organization\"},\"potentialAction\":[{\"@type\":\"SearchAction\",\"target\":{\"@type\":\"EntryPoint\",\"urlTemplate\":\"https:\/\/eikonos.com\/ca\/?s={search_term_string}\"},\"query-input\":{\"@type\":\"PropertyValueSpecification\",\"valueRequired\":true,\"valueName\":\"search_term_string\"}}],\"inLanguage\":\"ca\"},{\"@type\":\"Organization\",\"@id\":\"https:\/\/eikonos.com\/ca\/#organization\",\"name\":\"EIKONOS | Servicios Audiovisuales, eventos y alquiler de equipos\",\"url\":\"https:\/\/eikonos.com\/ca\/\",\"logo\":{\"@type\":\"ImageObject\",\"inLanguage\":\"ca\",\"@id\":\"https:\/\/eikonos.com\/ca\/#\/schema\/logo\/image\/\",\"url\":\"https:\/\/eikonos.com\/wp-content\/uploads\/2020\/08\/logo-color.png\",\"contentUrl\":\"https:\/\/eikonos.com\/wp-content\/uploads\/2020\/08\/logo-color.png\",\"width\":376,\"height\":122,\"caption\":\"EIKONOS | Servicios Audiovisuales, eventos y alquiler de equipos\"},\"image\":{\"@id\":\"https:\/\/eikonos.com\/ca\/#\/schema\/logo\/image\/\"},\"sameAs\":[\"http:\/\/www.facebook.com\/pages\/Eikonos\/176324785746790\",\"https:\/\/x.com\/eikonos_sa\",\"http:\/\/www.linkedin.com\/company\/eikonos\",\"http:\/\/www.youtube.com\/channel\/UC8wcizWaAYbfsuqVf9wIT6w\"]},{\"@type\":\"Person\",\"@id\":\"https:\/\/eikonos.com\/ca\/#\/schema\/person\/82032860cc314d826959b90595a5280a\",\"name\":\"Xavi Eikonos\",\"image\":{\"@type\":\"ImageObject\",\"inLanguage\":\"ca\",\"@id\":\"https:\/\/eikonos.com\/ca\/#\/schema\/person\/image\/\",\"url\":\"https:\/\/secure.gravatar.com\/avatar\/a6c6b51dd0ac6902701aab24a914f6febe1518f94a5ae06db08b3d6107248dfd?s=96&d=mm&r=g\",\"contentUrl\":\"https:\/\/secure.gravatar.com\/avatar\/a6c6b51dd0ac6902701aab24a914f6febe1518f94a5ae06db08b3d6107248dfd?s=96&d=mm&r=g\",\"caption\":\"Xavi Eikonos\"}}]}<\/script>\n<!-- \/ Yoast SEO plugin. -->","yoast_head_json":{"title":"Com crear comunitat en un esdeveniment esportiu? | EIKONOS","description":"Com aconseguir una convocat\u00f2ria d'assistents atractiva i com aconseguir que en organitzar un esdeveniment esportiu mobilitzem a tota una comunitat? Com podem aportar valor a l'audi\u00e8ncia? Et revelem les claus per a organitzar un esdeveniment esportiu amb \u00e8xit.","robots":{"index":"index","follow":"follow","max-snippet":"max-snippet:-1","max-image-preview":"max-image-preview:large","max-video-preview":"max-video-preview:-1"},"canonical":"https:\/\/eikonos.com\/ca\/blog\/com-crear-comunitat-esdeveniment-esportiu\/","og_locale":"ca_ES","og_type":"article","og_title":"Com crear comunitat en un esdeveniment esportiu? | EIKONOS","og_description":"Com aconseguir una convocat\u00f2ria d'assistents atractiva i com aconseguir que en organitzar un esdeveniment esportiu mobilitzem a tota una comunitat? Com podem aportar valor a l'audi\u00e8ncia? Et revelem les claus per a organitzar un esdeveniment esportiu amb \u00e8xit.","og_url":"https:\/\/eikonos.com\/ca\/blog\/com-crear-comunitat-esdeveniment-esportiu\/","og_site_name":"EIKONOS","article_publisher":"http:\/\/www.facebook.com\/pages\/Eikonos\/176324785746790","article_published_time":"2019-02-26T11:45:26+00:00","og_image":[{"width":724,"height":432,"url":"https:\/\/eikonos.com\/wp-content\/uploads\/2019\/04\/organizar-evento-deportivo-1-1.jpg","type":"image\/jpeg"}],"author":"Xavi Eikonos","twitter_card":"summary_large_image","twitter_creator":"@eikonos_sa","twitter_site":"@eikonos_sa","twitter_misc":{"Escrit per":"Xavi Eikonos","Temps estimat de lectura":"3 minuts"},"schema":{"@context":"https:\/\/schema.org","@graph":[{"@type":"Article","@id":"https:\/\/eikonos.com\/ca\/blog\/com-crear-comunitat-esdeveniment-esportiu\/#article","isPartOf":{"@id":"https:\/\/eikonos.com\/ca\/blog\/com-crear-comunitat-esdeveniment-esportiu\/"},"author":{"name":"Xavi Eikonos","@id":"https:\/\/eikonos.com\/ca\/#\/schema\/person\/82032860cc314d826959b90595a5280a"},"headline":"Com crear comunitat en un esdeveniment esportiu?","datePublished":"2019-02-26T11:45:26+00:00","mainEntityOfPage":{"@id":"https:\/\/eikonos.com\/ca\/blog\/com-crear-comunitat-esdeveniment-esportiu\/"},"wordCount":545,"commentCount":0,"publisher":{"@id":"https:\/\/eikonos.com\/ca\/#organization"},"image":{"@id":"https:\/\/eikonos.com\/ca\/blog\/com-crear-comunitat-esdeveniment-esportiu\/#primaryimage"},"thumbnailUrl":"https:\/\/eikonos.com\/wp-content\/uploads\/2019\/04\/organizar-evento-deportivo-1-1.jpg","articleSection":["Esdeveniments audiovisuals"],"inLanguage":"ca","potentialAction":[{"@type":"CommentAction","name":"Comment","target":["https:\/\/eikonos.com\/ca\/blog\/com-crear-comunitat-esdeveniment-esportiu\/#respond"]}]},{"@type":"WebPage","@id":"https:\/\/eikonos.com\/ca\/blog\/com-crear-comunitat-esdeveniment-esportiu\/","url":"https:\/\/eikonos.com\/ca\/blog\/com-crear-comunitat-esdeveniment-esportiu\/","name":"Com crear comunitat en un esdeveniment esportiu? | EIKONOS","isPartOf":{"@id":"https:\/\/eikonos.com\/ca\/#website"},"primaryImageOfPage":{"@id":"https:\/\/eikonos.com\/ca\/blog\/com-crear-comunitat-esdeveniment-esportiu\/#primaryimage"},"image":{"@id":"https:\/\/eikonos.com\/ca\/blog\/com-crear-comunitat-esdeveniment-esportiu\/#primaryimage"},"thumbnailUrl":"https:\/\/eikonos.com\/wp-content\/uploads\/2019\/04\/organizar-evento-deportivo-1-1.jpg","datePublished":"2019-02-26T11:45:26+00:00","description":"Com aconseguir una convocat\u00f2ria d'assistents atractiva i com aconseguir que en organitzar un esdeveniment esportiu mobilitzem a tota una comunitat? Com podem aportar valor a l'audi\u00e8ncia? Et revelem les claus per a organitzar un esdeveniment esportiu amb \u00e8xit.","breadcrumb":{"@id":"https:\/\/eikonos.com\/ca\/blog\/com-crear-comunitat-esdeveniment-esportiu\/#breadcrumb"},"inLanguage":"ca","potentialAction":[{"@type":"ReadAction","target":["https:\/\/eikonos.com\/ca\/blog\/com-crear-comunitat-esdeveniment-esportiu\/"]}]},{"@type":"ImageObject","inLanguage":"ca","@id":"https:\/\/eikonos.com\/ca\/blog\/com-crear-comunitat-esdeveniment-esportiu\/#primaryimage","url":"https:\/\/eikonos.com\/wp-content\/uploads\/2019\/04\/organizar-evento-deportivo-1-1.jpg","contentUrl":"https:\/\/eikonos.com\/wp-content\/uploads\/2019\/04\/organizar-evento-deportivo-1-1.jpg","width":724,"height":432},{"@type":"BreadcrumbList","@id":"https:\/\/eikonos.com\/ca\/blog\/com-crear-comunitat-esdeveniment-esportiu\/#breadcrumb","itemListElement":[{"@type":"ListItem","position":1,"name":"EIKONOS","item":"https:\/\/eikonos.com\/ca\/inici\/"},{"@type":"ListItem","position":2,"name":"Com crear comunitat en un esdeveniment esportiu?"}]},{"@type":"WebSite","@id":"https:\/\/eikonos.com\/ca\/#website","url":"https:\/\/eikonos.com\/ca\/","name":"EIKONOS","description":"EXPERIENCIA AUDIOVISUAL","publisher":{"@id":"https:\/\/eikonos.com\/ca\/#organization"},"potentialAction":[{"@type":"SearchAction","target":{"@type":"EntryPoint","urlTemplate":"https:\/\/eikonos.com\/ca\/?s={search_term_string}"},"query-input":{"@type":"PropertyValueSpecification","valueRequired":true,"valueName":"search_term_string"}}],"inLanguage":"ca"},{"@type":"Organization","@id":"https:\/\/eikonos.com\/ca\/#organization","name":"EIKONOS | Servicios Audiovisuales, eventos y alquiler de equipos","url":"https:\/\/eikonos.com\/ca\/","logo":{"@type":"ImageObject","inLanguage":"ca","@id":"https:\/\/eikonos.com\/ca\/#\/schema\/logo\/image\/","url":"https:\/\/eikonos.com\/wp-content\/uploads\/2020\/08\/logo-color.png","contentUrl":"https:\/\/eikonos.com\/wp-content\/uploads\/2020\/08\/logo-color.png","width":376,"height":122,"caption":"EIKONOS | Servicios Audiovisuales, eventos y alquiler de equipos"},"image":{"@id":"https:\/\/eikonos.com\/ca\/#\/schema\/logo\/image\/"},"sameAs":["http:\/\/www.facebook.com\/pages\/Eikonos\/176324785746790","https:\/\/x.com\/eikonos_sa","http:\/\/www.linkedin.com\/company\/eikonos","http:\/\/www.youtube.com\/channel\/UC8wcizWaAYbfsuqVf9wIT6w"]},{"@type":"Person","@id":"https:\/\/eikonos.com\/ca\/#\/schema\/person\/82032860cc314d826959b90595a5280a","name":"Xavi Eikonos","image":{"@type":"ImageObject","inLanguage":"ca","@id":"https:\/\/eikonos.com\/ca\/#\/schema\/person\/image\/","url":"https:\/\/secure.gravatar.com\/avatar\/a6c6b51dd0ac6902701aab24a914f6febe1518f94a5ae06db08b3d6107248dfd?s=96&d=mm&r=g","contentUrl":"https:\/\/secure.gravatar.com\/avatar\/a6c6b51dd0ac6902701aab24a914f6febe1518f94a5ae06db08b3d6107248dfd?s=96&d=mm&r=g","caption":"Xavi Eikonos"}}]}},"_links":{"self":[{"href":"https:\/\/eikonos.com\/ca\/wp-json\/wp\/v2\/posts\/6294","targetHints":{"allow":["GET"]}}],"collection":[{"href":"https:\/\/eikonos.com\/ca\/wp-json\/wp\/v2\/posts"}],"about":[{"href":"https:\/\/eikonos.com\/ca\/wp-json\/wp\/v2\/types\/post"}],"author":[{"embeddable":true,"href":"https:\/\/eikonos.com\/ca\/wp-json\/wp\/v2\/users\/6"}],"replies":[{"embeddable":true,"href":"https:\/\/eikonos.com\/ca\/wp-json\/wp\/v2\/comments?post=6294"}],"version-history":[{"count":0,"href":"https:\/\/eikonos.com\/ca\/wp-json\/wp\/v2\/posts\/6294\/revisions"}],"wp:featuredmedia":[{"embeddable":true,"href":"https:\/\/eikonos.com\/ca\/wp-json\/wp\/v2\/media\/6299"}],"wp:attachment":[{"href":"https:\/\/eikonos.com\/ca\/wp-json\/wp\/v2\/media?parent=6294"}],"wp:term":[{"taxonomy":"category","embeddable":true,"href":"https:\/\/eikonos.com\/ca\/wp-json\/wp\/v2\/categories?post=6294"},{"taxonomy":"post_tag","embeddable":true,"href":"https:\/\/eikonos.com\/ca\/wp-json\/wp\/v2\/tags?post=6294"}],"curies":[{"name":"wp","href":"https:\/\/api.w.org\/{rel}","templated":true}]}}