{"id":6281,"date":"2019-02-19T17:16:50","date_gmt":"2019-02-19T16:16:50","guid":{"rendered":"https:\/\/eikonos.com\/?p=6281"},"modified":"2019-02-19T17:16:50","modified_gmt":"2019-02-19T16:16:50","slug":"us-aplicacions-lloguer-pantalla-led-stands","status":"publish","type":"post","link":"https:\/\/eikonos.com\/ca\/blog\/us-aplicacions-lloguer-pantalla-led-stands\/","title":{"rendered":"\u00das i aplicacions de la pantalla LED per a stands"},"content":{"rendered":"<p>Amb la sofisticaci\u00f3 del contingut audiovisual, si hi ha alguna cosa que hem apr\u00e8s dels \u00faltims anys, \u00e9s que cal fer-ho molt b\u00e9 i innovar per a captar l\u2019atenci\u00f3 de l\u2019usuari.<\/p>\n<p>No serveix de res triar un bon espai en una fira si despr\u00e9s no donem la talla amb el nostre expositor o no sabem treure partit al valor de la nostra marca. Ja no serveix nom\u00e9s amb estar, cal saber explicar una hist\u00f2ria que enganxi amb l\u2019audi\u00e8ncia. I per a aix\u00f2, el lloguer de pantalla LED per a stands pot ser una gran soluci\u00f3 audiovisual.<\/p>\n<p>Per\u00f2, com ser els pioners en un context on sembla que est\u00e0 tot inventat?<\/p>\n<p>&nbsp;<\/p>\n<h2><span style=\"color: #ff0000;\">Pantalles LED per a potenciar la teva marca en fires<\/span><\/h2>\n<p>Estem en plena \u00e8poca de presentacions de productes. Despr\u00e9s del pas del Mobile World Congress per Barcelona, arriben altres grans cites sectorials d\u2019inter\u00e8s per a moltes empreses. Tot i que les fires ja no s\u00f3n el que eren, la majoria de companyies continuen trobant en aquests esdeveniments a un dels seus principals aliats com a punt de trobada amb distribu\u00efdors i consumidors.<\/p>\n<p>Si est\u00e0s preparant la teva temporada o valorant la possibilitat de participar en una fira amb un stand, des d\u2019Eikonos et recomanem fer \u00fas d\u2019equips audiovisuals com les <a href=\"https:\/\/eikonos.com\/ca\/blog\/pantalles-led-en-esdeveniments-i-congressos-laliat-perfecte\/\">pantalles LED per a esdeveniments<\/a>, amb la garantia que captar\u00e0s l\u2019atenci\u00f3 dels assistents.<\/p>\n<p>&nbsp;<\/p>\n<p><img loading=\"lazy\" decoding=\"async\" class=\"aligncenter wp-image-6278 size-full\" src=\"https:\/\/eikonos.com\/wp-content\/uploads\/2019\/04\/alquiler-pantalla-led-para-stands-1.jpg\" alt=\"Lloguer de pantalles LED\" width=\"724\" height=\"432\" srcset=\"https:\/\/eikonos.com\/wp-content\/uploads\/2019\/04\/alquiler-pantalla-led-para-stands-1.jpg 724w, https:\/\/eikonos.com\/wp-content\/uploads\/2019\/04\/alquiler-pantalla-led-para-stands-1-300x179.jpg 300w\" sizes=\"auto, (max-width: 724px) 100vw, 724px\" \/><\/p>\n<p>&nbsp;<\/p>\n<h2><span style=\"color: #ff0000;\">Com el lloguer de pantalles LED pot ajudar-nos en el nostre stand?<\/span><\/h2>\n<p>Encara no coneixes la tecnologia LED per a esdeveniments? Entre els seus avantatges es troba la d\u2019oferir alt\u00edssima resoluci\u00f3 i que ens ajuden principalment amb dos camps:<\/p>\n<ul>\n<li>A mostrar contingut del nostre inter\u00e8s amb una pot\u00e8ncia lum\u00ednica dif\u00edcilment assolible per altres equips audiovisuals<\/li>\n<li>A donar major visibilitat als nostres v\u00eddeos, tant promocionals com corporatius<\/li>\n<\/ul>\n<p><strong>Aix\u00ed que no importa si el nostre entorn ens aporta les millors condicions lum\u00edniques<\/strong>, perqu\u00e8 el LED \u00e9s capa\u00e7 de mostrar el contingut amb la m\u00e0xima qualitat i nitidesa igualment.<\/p>\n<p><strong>Ja no depenem de les dimensions m\u00e0ximes que ofereixen els prove\u00efdors en una \u00fanica pantalla<\/strong> sin\u00f3 que podem disposar dels LED com vulguem, gr\u00e0cies al seu sistema modular, adaptat a les nostres necessitats i podent ser tot el vers\u00e0til que podem imaginar.<\/p>\n<p>Qu\u00e8 \u00e9s m\u00e9s adequat per a cada moment, ens ho comentar\u00e0 el nostre expert en solucions audiovisuals. Sempre que no comptem amb un t\u00e8cnic intern en l\u2019equip, val la pena comptar amb la confian\u00e7a d\u2019una consultora externa com Eikonos, que ens mantingui al dia de les tend\u00e8ncies i millors respostes per a cada moment. Nom\u00e9s aix\u00ed podrem assegurar-nos d\u2019oferir una imatge de marca de qualitat.<\/p>\n<p>El nostre servei de <a href=\"https:\/\/eikonos.com\/ca\/portfolio_page\/pantalles-de-leds\/\">lloguer LED<\/a> inclou equip, instal\u00b7laci\u00f3 i l&#8217;assessoria t\u00e8cnica necess\u00e0ria per a aconseguir que el teu esdeveniment sigui un \u00e8xit. Digues ad\u00e9u a dependre de grans desemborsaments en tecnologia que aviat es queda obsoleta i aposta pel lloguer en els esdeveniments que realment t&#8217;aportin un retorn de la inversi\u00f3.<\/p>\n<p>&nbsp;<\/p>\n<p>Busques un servei de lloguer de pantalla LED per a stands? <strong><em>Parlem!<\/em><\/strong> M\u00e9s de 30 anys d\u2019experi\u00e8ncia ens avalen.<\/p>\n<p>&nbsp;<\/p>\n<p><a href=\"https:\/\/eikonos.com\/ca\/serveis\/lloguer-equips\/\"><img loading=\"lazy\" decoding=\"async\" class=\"aligncenter wp-image-6099 size-full\" title=\"EIKONOS serveis audiovisuals per a esdeveniments\" src=\"https:\/\/eikonos.com\/wp-content\/uploads\/2019\/01\/eikonos-cta-organitzacio-esdeveniments-audiovisuals-1.png\" alt=\"EIKONOS serveis audiovisuals per a esdeveniments\" width=\"741\" height=\"250\" srcset=\"https:\/\/eikonos.com\/wp-content\/uploads\/2019\/01\/eikonos-cta-organitzacio-esdeveniments-audiovisuals-1.png 741w, https:\/\/eikonos.com\/wp-content\/uploads\/2019\/01\/eikonos-cta-organitzacio-esdeveniments-audiovisuals-1-300x101.png 300w\" sizes=\"auto, (max-width: 741px) 100vw, 741px\" \/><\/a><\/p>\n","protected":false},"excerpt":{"rendered":"<p>Amb la sofisticaci\u00f3 del contingut audiovisual, si hi ha alguna cosa que hem apr\u00e8s dels&#8230;<\/p>\n","protected":false},"author":6,"featured_media":6279,"comment_status":"open","ping_status":"open","sticky":false,"template":"","format":"standard","meta":{"_acf_changed":false,"footnotes":""},"categories":[262],"tags":[],"class_list":["post-6281","post","type-post","status-publish","format-standard","has-post-thumbnail","hentry","category-lloguer-dequips"],"acf":[],"yoast_head":"<!-- This site is optimized with the Yoast SEO plugin v26.3 - https:\/\/yoast.com\/wordpress\/plugins\/seo\/ -->\n<title>\u00das i aplicacions del lloguer de la pantalla LED per a stands<\/title>\n<meta name=\"description\" content=\"Sabies que el lloguer de pantalla LED per a stands pot ser una gran soluci\u00f3 audiovisual per a captar l&#039;atenci\u00f3 dels assistents d&#039;una fira? Descobreix els usos i aplicacions de la pantalla LED en fires i trobades corporatives.\" \/>\n<meta name=\"robots\" content=\"index, follow, max-snippet:-1, max-image-preview:large, max-video-preview:-1\" \/>\n<link rel=\"canonical\" href=\"https:\/\/eikonos.com\/ca\/blog\/us-aplicacions-lloguer-pantalla-led-stands\/\" \/>\n<meta property=\"og:locale\" content=\"ca_ES\" \/>\n<meta property=\"og:type\" content=\"article\" \/>\n<meta property=\"og:title\" content=\"\u00das i aplicacions del lloguer de la pantalla LED per a stands\" \/>\n<meta property=\"og:description\" content=\"Sabies que el lloguer de pantalla LED per a stands pot ser una gran soluci\u00f3 audiovisual per a captar l&#039;atenci\u00f3 dels assistents d&#039;una fira? Descobreix els usos i aplicacions de la pantalla LED en fires i trobades corporatives.\" \/>\n<meta property=\"og:url\" content=\"https:\/\/eikonos.com\/ca\/blog\/us-aplicacions-lloguer-pantalla-led-stands\/\" \/>\n<meta property=\"og:site_name\" content=\"EIKONOS\" \/>\n<meta property=\"article:publisher\" content=\"http:\/\/www.facebook.com\/pages\/Eikonos\/176324785746790\" \/>\n<meta property=\"article:published_time\" content=\"2019-02-19T16:16:50+00:00\" \/>\n<meta property=\"og:image\" content=\"https:\/\/eikonos.com\/wp-content\/uploads\/2019\/04\/alquiler-pantalla-led-stands-1.jpg\" \/>\n\t<meta property=\"og:image:width\" content=\"724\" \/>\n\t<meta property=\"og:image:height\" content=\"432\" \/>\n\t<meta property=\"og:image:type\" content=\"image\/jpeg\" \/>\n<meta name=\"author\" content=\"Xavi Eikonos\" \/>\n<meta name=\"twitter:card\" content=\"summary_large_image\" \/>\n<meta name=\"twitter:creator\" content=\"@eikonos_sa\" \/>\n<meta name=\"twitter:site\" content=\"@eikonos_sa\" \/>\n<meta name=\"twitter:label1\" content=\"Escrit per\" \/>\n\t<meta name=\"twitter:data1\" content=\"Xavi Eikonos\" \/>\n\t<meta name=\"twitter:label2\" content=\"Temps estimat de lectura\" \/>\n\t<meta name=\"twitter:data2\" content=\"3 minuts\" \/>\n<script type=\"application\/ld+json\" class=\"yoast-schema-graph\">{\"@context\":\"https:\/\/schema.org\",\"@graph\":[{\"@type\":\"Article\",\"@id\":\"https:\/\/eikonos.com\/ca\/blog\/us-aplicacions-lloguer-pantalla-led-stands\/#article\",\"isPartOf\":{\"@id\":\"https:\/\/eikonos.com\/ca\/blog\/us-aplicacions-lloguer-pantalla-led-stands\/\"},\"author\":{\"name\":\"Xavi Eikonos\",\"@id\":\"https:\/\/eikonos.com\/ca\/#\/schema\/person\/82032860cc314d826959b90595a5280a\"},\"headline\":\"\u00das i aplicacions de la pantalla LED per a stands\",\"datePublished\":\"2019-02-19T16:16:50+00:00\",\"mainEntityOfPage\":{\"@id\":\"https:\/\/eikonos.com\/ca\/blog\/us-aplicacions-lloguer-pantalla-led-stands\/\"},\"wordCount\":559,\"commentCount\":0,\"publisher\":{\"@id\":\"https:\/\/eikonos.com\/ca\/#organization\"},\"image\":{\"@id\":\"https:\/\/eikonos.com\/ca\/blog\/us-aplicacions-lloguer-pantalla-led-stands\/#primaryimage\"},\"thumbnailUrl\":\"https:\/\/eikonos.com\/wp-content\/uploads\/2019\/04\/alquiler-pantalla-led-stands-1.jpg\",\"articleSection\":[\"Lloguer d'equips\"],\"inLanguage\":\"ca\",\"potentialAction\":[{\"@type\":\"CommentAction\",\"name\":\"Comment\",\"target\":[\"https:\/\/eikonos.com\/ca\/blog\/us-aplicacions-lloguer-pantalla-led-stands\/#respond\"]}]},{\"@type\":\"WebPage\",\"@id\":\"https:\/\/eikonos.com\/ca\/blog\/us-aplicacions-lloguer-pantalla-led-stands\/\",\"url\":\"https:\/\/eikonos.com\/ca\/blog\/us-aplicacions-lloguer-pantalla-led-stands\/\",\"name\":\"\u00das i aplicacions del lloguer de la pantalla LED per a stands\",\"isPartOf\":{\"@id\":\"https:\/\/eikonos.com\/ca\/#website\"},\"primaryImageOfPage\":{\"@id\":\"https:\/\/eikonos.com\/ca\/blog\/us-aplicacions-lloguer-pantalla-led-stands\/#primaryimage\"},\"image\":{\"@id\":\"https:\/\/eikonos.com\/ca\/blog\/us-aplicacions-lloguer-pantalla-led-stands\/#primaryimage\"},\"thumbnailUrl\":\"https:\/\/eikonos.com\/wp-content\/uploads\/2019\/04\/alquiler-pantalla-led-stands-1.jpg\",\"datePublished\":\"2019-02-19T16:16:50+00:00\",\"description\":\"Sabies que el lloguer de pantalla LED per a stands pot ser una gran soluci\u00f3 audiovisual per a captar l'atenci\u00f3 dels assistents d'una fira? Descobreix els usos i aplicacions de la pantalla LED en fires i trobades corporatives.\",\"breadcrumb\":{\"@id\":\"https:\/\/eikonos.com\/ca\/blog\/us-aplicacions-lloguer-pantalla-led-stands\/#breadcrumb\"},\"inLanguage\":\"ca\",\"potentialAction\":[{\"@type\":\"ReadAction\",\"target\":[\"https:\/\/eikonos.com\/ca\/blog\/us-aplicacions-lloguer-pantalla-led-stands\/\"]}]},{\"@type\":\"ImageObject\",\"inLanguage\":\"ca\",\"@id\":\"https:\/\/eikonos.com\/ca\/blog\/us-aplicacions-lloguer-pantalla-led-stands\/#primaryimage\",\"url\":\"https:\/\/eikonos.com\/wp-content\/uploads\/2019\/04\/alquiler-pantalla-led-stands-1.jpg\",\"contentUrl\":\"https:\/\/eikonos.com\/wp-content\/uploads\/2019\/04\/alquiler-pantalla-led-stands-1.jpg\",\"width\":724,\"height\":432,\"caption\":\"Alquiler pantalla LED para stands\"},{\"@type\":\"BreadcrumbList\",\"@id\":\"https:\/\/eikonos.com\/ca\/blog\/us-aplicacions-lloguer-pantalla-led-stands\/#breadcrumb\",\"itemListElement\":[{\"@type\":\"ListItem\",\"position\":1,\"name\":\"EIKONOS\",\"item\":\"https:\/\/eikonos.com\/ca\/inici\/\"},{\"@type\":\"ListItem\",\"position\":2,\"name\":\"\u00das i aplicacions de la pantalla LED per a stands\"}]},{\"@type\":\"WebSite\",\"@id\":\"https:\/\/eikonos.com\/ca\/#website\",\"url\":\"https:\/\/eikonos.com\/ca\/\",\"name\":\"EIKONOS\",\"description\":\"EXPERIENCIA AUDIOVISUAL\",\"publisher\":{\"@id\":\"https:\/\/eikonos.com\/ca\/#organization\"},\"potentialAction\":[{\"@type\":\"SearchAction\",\"target\":{\"@type\":\"EntryPoint\",\"urlTemplate\":\"https:\/\/eikonos.com\/ca\/?s={search_term_string}\"},\"query-input\":{\"@type\":\"PropertyValueSpecification\",\"valueRequired\":true,\"valueName\":\"search_term_string\"}}],\"inLanguage\":\"ca\"},{\"@type\":\"Organization\",\"@id\":\"https:\/\/eikonos.com\/ca\/#organization\",\"name\":\"EIKONOS | Servicios Audiovisuales, eventos y alquiler de equipos\",\"url\":\"https:\/\/eikonos.com\/ca\/\",\"logo\":{\"@type\":\"ImageObject\",\"inLanguage\":\"ca\",\"@id\":\"https:\/\/eikonos.com\/ca\/#\/schema\/logo\/image\/\",\"url\":\"https:\/\/eikonos.com\/wp-content\/uploads\/2020\/08\/logo-color.png\",\"contentUrl\":\"https:\/\/eikonos.com\/wp-content\/uploads\/2020\/08\/logo-color.png\",\"width\":376,\"height\":122,\"caption\":\"EIKONOS | Servicios Audiovisuales, eventos y alquiler de equipos\"},\"image\":{\"@id\":\"https:\/\/eikonos.com\/ca\/#\/schema\/logo\/image\/\"},\"sameAs\":[\"http:\/\/www.facebook.com\/pages\/Eikonos\/176324785746790\",\"https:\/\/x.com\/eikonos_sa\",\"http:\/\/www.linkedin.com\/company\/eikonos\",\"http:\/\/www.youtube.com\/channel\/UC8wcizWaAYbfsuqVf9wIT6w\"]},{\"@type\":\"Person\",\"@id\":\"https:\/\/eikonos.com\/ca\/#\/schema\/person\/82032860cc314d826959b90595a5280a\",\"name\":\"Xavi Eikonos\",\"image\":{\"@type\":\"ImageObject\",\"inLanguage\":\"ca\",\"@id\":\"https:\/\/eikonos.com\/ca\/#\/schema\/person\/image\/\",\"url\":\"https:\/\/secure.gravatar.com\/avatar\/a6c6b51dd0ac6902701aab24a914f6febe1518f94a5ae06db08b3d6107248dfd?s=96&d=mm&r=g\",\"contentUrl\":\"https:\/\/secure.gravatar.com\/avatar\/a6c6b51dd0ac6902701aab24a914f6febe1518f94a5ae06db08b3d6107248dfd?s=96&d=mm&r=g\",\"caption\":\"Xavi Eikonos\"}}]}<\/script>\n<!-- \/ Yoast SEO plugin. -->","yoast_head_json":{"title":"\u00das i aplicacions del lloguer de la pantalla LED per a stands","description":"Sabies que el lloguer de pantalla LED per a stands pot ser una gran soluci\u00f3 audiovisual per a captar l'atenci\u00f3 dels assistents d'una fira? Descobreix els usos i aplicacions de la pantalla LED en fires i trobades corporatives.","robots":{"index":"index","follow":"follow","max-snippet":"max-snippet:-1","max-image-preview":"max-image-preview:large","max-video-preview":"max-video-preview:-1"},"canonical":"https:\/\/eikonos.com\/ca\/blog\/us-aplicacions-lloguer-pantalla-led-stands\/","og_locale":"ca_ES","og_type":"article","og_title":"\u00das i aplicacions del lloguer de la pantalla LED per a stands","og_description":"Sabies que el lloguer de pantalla LED per a stands pot ser una gran soluci\u00f3 audiovisual per a captar l'atenci\u00f3 dels assistents d'una fira? Descobreix els usos i aplicacions de la pantalla LED en fires i trobades corporatives.","og_url":"https:\/\/eikonos.com\/ca\/blog\/us-aplicacions-lloguer-pantalla-led-stands\/","og_site_name":"EIKONOS","article_publisher":"http:\/\/www.facebook.com\/pages\/Eikonos\/176324785746790","article_published_time":"2019-02-19T16:16:50+00:00","og_image":[{"width":724,"height":432,"url":"https:\/\/eikonos.com\/wp-content\/uploads\/2019\/04\/alquiler-pantalla-led-stands-1.jpg","type":"image\/jpeg"}],"author":"Xavi Eikonos","twitter_card":"summary_large_image","twitter_creator":"@eikonos_sa","twitter_site":"@eikonos_sa","twitter_misc":{"Escrit per":"Xavi Eikonos","Temps estimat de lectura":"3 minuts"},"schema":{"@context":"https:\/\/schema.org","@graph":[{"@type":"Article","@id":"https:\/\/eikonos.com\/ca\/blog\/us-aplicacions-lloguer-pantalla-led-stands\/#article","isPartOf":{"@id":"https:\/\/eikonos.com\/ca\/blog\/us-aplicacions-lloguer-pantalla-led-stands\/"},"author":{"name":"Xavi Eikonos","@id":"https:\/\/eikonos.com\/ca\/#\/schema\/person\/82032860cc314d826959b90595a5280a"},"headline":"\u00das i aplicacions de la pantalla LED per a stands","datePublished":"2019-02-19T16:16:50+00:00","mainEntityOfPage":{"@id":"https:\/\/eikonos.com\/ca\/blog\/us-aplicacions-lloguer-pantalla-led-stands\/"},"wordCount":559,"commentCount":0,"publisher":{"@id":"https:\/\/eikonos.com\/ca\/#organization"},"image":{"@id":"https:\/\/eikonos.com\/ca\/blog\/us-aplicacions-lloguer-pantalla-led-stands\/#primaryimage"},"thumbnailUrl":"https:\/\/eikonos.com\/wp-content\/uploads\/2019\/04\/alquiler-pantalla-led-stands-1.jpg","articleSection":["Lloguer d'equips"],"inLanguage":"ca","potentialAction":[{"@type":"CommentAction","name":"Comment","target":["https:\/\/eikonos.com\/ca\/blog\/us-aplicacions-lloguer-pantalla-led-stands\/#respond"]}]},{"@type":"WebPage","@id":"https:\/\/eikonos.com\/ca\/blog\/us-aplicacions-lloguer-pantalla-led-stands\/","url":"https:\/\/eikonos.com\/ca\/blog\/us-aplicacions-lloguer-pantalla-led-stands\/","name":"\u00das i aplicacions del lloguer de la pantalla LED per a stands","isPartOf":{"@id":"https:\/\/eikonos.com\/ca\/#website"},"primaryImageOfPage":{"@id":"https:\/\/eikonos.com\/ca\/blog\/us-aplicacions-lloguer-pantalla-led-stands\/#primaryimage"},"image":{"@id":"https:\/\/eikonos.com\/ca\/blog\/us-aplicacions-lloguer-pantalla-led-stands\/#primaryimage"},"thumbnailUrl":"https:\/\/eikonos.com\/wp-content\/uploads\/2019\/04\/alquiler-pantalla-led-stands-1.jpg","datePublished":"2019-02-19T16:16:50+00:00","description":"Sabies que el lloguer de pantalla LED per a stands pot ser una gran soluci\u00f3 audiovisual per a captar l'atenci\u00f3 dels assistents d'una fira? Descobreix els usos i aplicacions de la pantalla LED en fires i trobades corporatives.","breadcrumb":{"@id":"https:\/\/eikonos.com\/ca\/blog\/us-aplicacions-lloguer-pantalla-led-stands\/#breadcrumb"},"inLanguage":"ca","potentialAction":[{"@type":"ReadAction","target":["https:\/\/eikonos.com\/ca\/blog\/us-aplicacions-lloguer-pantalla-led-stands\/"]}]},{"@type":"ImageObject","inLanguage":"ca","@id":"https:\/\/eikonos.com\/ca\/blog\/us-aplicacions-lloguer-pantalla-led-stands\/#primaryimage","url":"https:\/\/eikonos.com\/wp-content\/uploads\/2019\/04\/alquiler-pantalla-led-stands-1.jpg","contentUrl":"https:\/\/eikonos.com\/wp-content\/uploads\/2019\/04\/alquiler-pantalla-led-stands-1.jpg","width":724,"height":432,"caption":"Alquiler pantalla LED para stands"},{"@type":"BreadcrumbList","@id":"https:\/\/eikonos.com\/ca\/blog\/us-aplicacions-lloguer-pantalla-led-stands\/#breadcrumb","itemListElement":[{"@type":"ListItem","position":1,"name":"EIKONOS","item":"https:\/\/eikonos.com\/ca\/inici\/"},{"@type":"ListItem","position":2,"name":"\u00das i aplicacions de la pantalla LED per a stands"}]},{"@type":"WebSite","@id":"https:\/\/eikonos.com\/ca\/#website","url":"https:\/\/eikonos.com\/ca\/","name":"EIKONOS","description":"EXPERIENCIA AUDIOVISUAL","publisher":{"@id":"https:\/\/eikonos.com\/ca\/#organization"},"potentialAction":[{"@type":"SearchAction","target":{"@type":"EntryPoint","urlTemplate":"https:\/\/eikonos.com\/ca\/?s={search_term_string}"},"query-input":{"@type":"PropertyValueSpecification","valueRequired":true,"valueName":"search_term_string"}}],"inLanguage":"ca"},{"@type":"Organization","@id":"https:\/\/eikonos.com\/ca\/#organization","name":"EIKONOS | Servicios Audiovisuales, eventos y alquiler de equipos","url":"https:\/\/eikonos.com\/ca\/","logo":{"@type":"ImageObject","inLanguage":"ca","@id":"https:\/\/eikonos.com\/ca\/#\/schema\/logo\/image\/","url":"https:\/\/eikonos.com\/wp-content\/uploads\/2020\/08\/logo-color.png","contentUrl":"https:\/\/eikonos.com\/wp-content\/uploads\/2020\/08\/logo-color.png","width":376,"height":122,"caption":"EIKONOS | Servicios Audiovisuales, eventos y alquiler de equipos"},"image":{"@id":"https:\/\/eikonos.com\/ca\/#\/schema\/logo\/image\/"},"sameAs":["http:\/\/www.facebook.com\/pages\/Eikonos\/176324785746790","https:\/\/x.com\/eikonos_sa","http:\/\/www.linkedin.com\/company\/eikonos","http:\/\/www.youtube.com\/channel\/UC8wcizWaAYbfsuqVf9wIT6w"]},{"@type":"Person","@id":"https:\/\/eikonos.com\/ca\/#\/schema\/person\/82032860cc314d826959b90595a5280a","name":"Xavi Eikonos","image":{"@type":"ImageObject","inLanguage":"ca","@id":"https:\/\/eikonos.com\/ca\/#\/schema\/person\/image\/","url":"https:\/\/secure.gravatar.com\/avatar\/a6c6b51dd0ac6902701aab24a914f6febe1518f94a5ae06db08b3d6107248dfd?s=96&d=mm&r=g","contentUrl":"https:\/\/secure.gravatar.com\/avatar\/a6c6b51dd0ac6902701aab24a914f6febe1518f94a5ae06db08b3d6107248dfd?s=96&d=mm&r=g","caption":"Xavi Eikonos"}}]}},"_links":{"self":[{"href":"https:\/\/eikonos.com\/ca\/wp-json\/wp\/v2\/posts\/6281","targetHints":{"allow":["GET"]}}],"collection":[{"href":"https:\/\/eikonos.com\/ca\/wp-json\/wp\/v2\/posts"}],"about":[{"href":"https:\/\/eikonos.com\/ca\/wp-json\/wp\/v2\/types\/post"}],"author":[{"embeddable":true,"href":"https:\/\/eikonos.com\/ca\/wp-json\/wp\/v2\/users\/6"}],"replies":[{"embeddable":true,"href":"https:\/\/eikonos.com\/ca\/wp-json\/wp\/v2\/comments?post=6281"}],"version-history":[{"count":0,"href":"https:\/\/eikonos.com\/ca\/wp-json\/wp\/v2\/posts\/6281\/revisions"}],"wp:featuredmedia":[{"embeddable":true,"href":"https:\/\/eikonos.com\/ca\/wp-json\/wp\/v2\/media\/6279"}],"wp:attachment":[{"href":"https:\/\/eikonos.com\/ca\/wp-json\/wp\/v2\/media?parent=6281"}],"wp:term":[{"taxonomy":"category","embeddable":true,"href":"https:\/\/eikonos.com\/ca\/wp-json\/wp\/v2\/categories?post=6281"},{"taxonomy":"post_tag","embeddable":true,"href":"https:\/\/eikonos.com\/ca\/wp-json\/wp\/v2\/tags?post=6281"}],"curies":[{"name":"wp","href":"https:\/\/api.w.org\/{rel}","templated":true}]}}