{"id":6268,"date":"2019-03-05T11:04:26","date_gmt":"2019-03-05T10:04:26","guid":{"rendered":"https:\/\/eikonos.com\/?p=6268"},"modified":"2019-03-05T11:04:26","modified_gmt":"2019-03-05T10:04:26","slug":"repasem-novetats-mobile-world-congress","status":"publish","type":"post","link":"https:\/\/eikonos.com\/ca\/blog\/repasem-novetats-mobile-world-congress\/","title":{"rendered":"Repasem les novetats del Mobile World Congress 2019"},"content":{"rendered":"<p>Si hi ha un esdeveniment de refer\u00e8ncia en tecnologia m\u00f2bil en el m\u00f3n, aquest \u00e9s el Mobile World Congress. Per sort, cada edici\u00f3 tenim l&#8217;oportunitat de poder veure de prop cap a on va el futur mobile. La seva seu a Barcelona fa que des de Eikonos no nom\u00e9s participem com a espectadors, sino que ens involucrem tamb\u00e9 en fer-lo possible. I \u00e9s tot un plaer.<\/p>\n<p>Avui et portem un breu resum amb les <a href=\"https:\/\/eikonos.com\/ca\/serveis\/esdeveniments-audiovisuals\/\">novetats del Mobile World Congress 2019<\/a> que no et pots perdre.<\/p>\n<p>&nbsp;<\/p>\n<h2><span style=\"color: #ff0000;\">El que hem apr\u00e8s del Mobile World Congress 2019<\/span><\/h2>\n<p>&nbsp;<\/p>\n<p>La <strong>connexi\u00f3 5G<\/strong> \u00e9s una altra de les reines de la festa encara que ocorre una mica com amb els smartphones felxibles. L&#8217;esperem molt per\u00f2 arriba a poc a poc. Sembla que la velocitat que aportar\u00e0 el 5G far\u00e0 que canvi\u00efn moltes coses per\u00f2 les operadores estan encara en fase de desplegament, per la qual cosa no la tindrem en un curt termini a les nostres llars, oficines o m\u00f2bils. Ens mantenim a l&#8217;espera!<\/p>\n<p>&nbsp;<\/p>\n<p>Els <strong>Smartphones plegables<\/strong> han estat la gran novetat del 2019. Tot i que ja hav\u00edem vist alguna cosa semblant en anys anteriors, sembla ser que les apostes de Samsung i Huawei van en serio. El Galaxy Fold de Samsung nom\u00e9s es va poder veure en una vitrina. Una petita decepci\u00f3 per a tots els assistents que es van quedar amb les ganes de tocar i provar el model mal\u00b7laeble. Per la seva part, el m\u00f2bil flexible de Huwawei \u00e9s el Mate X, exposat amb total hermetisme. En tots dos casos la sensaci\u00f3 \u00e9s que parlem de prototips i que cap de les marques es va atrevir a mostrar al m\u00f3n amb seguretat les seves noves creacions. No obstant aix\u00f2, van ser els grans protagonistes en els mitjans de comunicaci\u00f3 i segurament els podrem veure a no molt tardar en el mercat.<\/p>\n<p>&nbsp;<\/p>\n<p>La <strong>innovaci\u00f3 en el sector audiovisual<\/strong> va venir de la m\u00e0 de Nokia amb el seu model amb cinc c\u00e0meres. Inclou diversos sensors RGB i monocrom per a donar un toc professional a les imatges captades pels propis propietaris.<\/p>\n<p>&nbsp;<\/p>\n<p>Per\u00f2\u00a0el MWC \u00e9s molt m\u00e9s que m\u00f2bils. De fet, <strong>els cotxes del futur i les ciutats h\u00edperconnectades<\/strong> van tenir tamb\u00e9 el seu espai. No \u00e9s d&#8217;estrenyar en un moment en el qual els cotxes el\u00e8ctrics sense conductor i el <em>car sharing<\/em> envaeixen els carrers de les principals ciutats i es postules com una de les alternatives a seguir en els nous models de mobilitat. No nom\u00e9s va estar present Seat amb el seu nou model el\u00e8ctric. Els visitants tamb\u00e9 van poder tocar un Tesla i un McLaren completament aut\u00f2noms. Sens dubte, era dif\u00edcil marxar de la fira sense fer-te una foto amb semblants monstres.<\/p>\n<p>&nbsp;<\/p>\n<p>El mateix ocorre amb l&#8217;<strong>internet de les coses<\/strong>, present en electrodom\u00e8stics i <a href=\"https:\/\/eikonos.com\/ca\/blog\/domotica-showroom-automatitzar-espai\/\">la dom\u00f2tica, aplicable a showrooms<\/a>, entre altres instal\u00b7lacions fixes. Aquest sector est\u00e0 molt pendent de la implantaci\u00f3 del 5G que facilitar\u00e0 la connexi\u00f3 de centenars d&#8217;elements en temps r\u00e8cord encara que almenys trigarem un parell d&#8217;anys en poder gaudir-lo com ens agradaria.<\/p>\n<p>&nbsp;<\/p>\n<p><iframe loading=\"lazy\" src=\"https:\/\/www.youtube.com\/embed\/131dFSbxG_M\" width=\"560\" height=\"315\" frameborder=\"0\" allowfullscreen=\"allowfullscreen\" data-mce-fragment=\"1\"><\/iframe><\/p>\n<p>\u00a9 El Pa\u00eds<\/p>\n<p>&nbsp;<\/p>\n<p>Esperem amb ganes les novetats de la pr\u00f2xima edici\u00f3 del Mobile World Congress! Preparats? <em><strong>Parlem!<\/strong><\/em><\/p>\n<p><a href=\"https:\/\/eikonos.com\/wp-content\/uploads\/2019\/01\/eikonos-cta-organitzacio-esdeveniments-audiovisuals-1.png\"><img loading=\"lazy\" decoding=\"async\" class=\"aligncenter wp-image-6099 size-full\" title=\"EIKONOS serveis audiovisuals per a esdeveniments\" src=\"https:\/\/eikonos.com\/wp-content\/uploads\/2019\/01\/eikonos-cta-organitzacio-esdeveniments-audiovisuals-1.png\" alt=\"EIKONOS serveis audiovisuals per a esdeveniments\" width=\"741\" height=\"250\" srcset=\"https:\/\/eikonos.com\/wp-content\/uploads\/2019\/01\/eikonos-cta-organitzacio-esdeveniments-audiovisuals-1.png 741w, https:\/\/eikonos.com\/wp-content\/uploads\/2019\/01\/eikonos-cta-organitzacio-esdeveniments-audiovisuals-1-300x101.png 300w\" sizes=\"auto, (max-width: 741px) 100vw, 741px\" \/><\/a><\/p>\n","protected":false},"excerpt":{"rendered":"<p>Si hi ha un esdeveniment de refer\u00e8ncia en tecnologia m\u00f2bil en el m\u00f3n, aquest \u00e9s&#8230;<\/p>\n","protected":false},"author":6,"featured_media":6261,"comment_status":"open","ping_status":"open","sticky":false,"template":"","format":"standard","meta":{"_acf_changed":false,"footnotes":""},"categories":[260],"tags":[],"class_list":["post-6268","post","type-post","status-publish","format-standard","has-post-thumbnail","hentry","category-esdeveniments-audiovisuals"],"acf":[],"yoast_head":"<!-- This site is optimized with the Yoast SEO plugin v26.3 - https:\/\/yoast.com\/wordpress\/plugins\/seo\/ -->\n<title>Repasem les novetats del Mobile World Congress | EIKONOS<\/title>\n<meta name=\"description\" content=\"Que hem apr\u00e8s d&#039;aquesta \u00faltima edici\u00f3? Repassem tots els detalls i novetats del Mobile World Congress 2019. Segueix llegint!\" \/>\n<meta name=\"robots\" content=\"index, follow, max-snippet:-1, max-image-preview:large, max-video-preview:-1\" \/>\n<link rel=\"canonical\" href=\"https:\/\/eikonos.com\/ca\/blog\/repasem-novetats-mobile-world-congress\/\" \/>\n<meta property=\"og:locale\" content=\"ca_ES\" \/>\n<meta property=\"og:type\" content=\"article\" \/>\n<meta property=\"og:title\" content=\"Repasem les novetats del Mobile World Congress | EIKONOS\" \/>\n<meta property=\"og:description\" content=\"Que hem apr\u00e8s d&#039;aquesta \u00faltima edici\u00f3? Repassem tots els detalls i novetats del Mobile World Congress 2019. Segueix llegint!\" \/>\n<meta property=\"og:url\" content=\"https:\/\/eikonos.com\/ca\/blog\/repasem-novetats-mobile-world-congress\/\" \/>\n<meta property=\"og:site_name\" content=\"EIKONOS\" \/>\n<meta property=\"article:publisher\" content=\"http:\/\/www.facebook.com\/pages\/Eikonos\/176324785746790\" \/>\n<meta property=\"article:published_time\" content=\"2019-03-05T10:04:26+00:00\" \/>\n<meta property=\"og:image\" content=\"https:\/\/eikonos.com\/wp-content\/uploads\/2019\/03\/novedades-mobile-world-congress-1.jpg\" \/>\n\t<meta property=\"og:image:width\" content=\"724\" \/>\n\t<meta property=\"og:image:height\" content=\"432\" \/>\n\t<meta property=\"og:image:type\" content=\"image\/jpeg\" \/>\n<meta name=\"author\" content=\"Xavi Eikonos\" \/>\n<meta name=\"twitter:card\" content=\"summary_large_image\" \/>\n<meta name=\"twitter:creator\" content=\"@eikonos_sa\" \/>\n<meta name=\"twitter:site\" content=\"@eikonos_sa\" \/>\n<meta name=\"twitter:label1\" content=\"Escrit per\" \/>\n\t<meta name=\"twitter:data1\" content=\"Xavi Eikonos\" \/>\n\t<meta name=\"twitter:label2\" content=\"Temps estimat de lectura\" \/>\n\t<meta name=\"twitter:data2\" content=\"3 minuts\" \/>\n<script type=\"application\/ld+json\" class=\"yoast-schema-graph\">{\"@context\":\"https:\/\/schema.org\",\"@graph\":[{\"@type\":\"Article\",\"@id\":\"https:\/\/eikonos.com\/ca\/blog\/repasem-novetats-mobile-world-congress\/#article\",\"isPartOf\":{\"@id\":\"https:\/\/eikonos.com\/ca\/blog\/repasem-novetats-mobile-world-congress\/\"},\"author\":{\"name\":\"Xavi Eikonos\",\"@id\":\"https:\/\/eikonos.com\/ca\/#\/schema\/person\/82032860cc314d826959b90595a5280a\"},\"headline\":\"Repasem les novetats del Mobile World Congress 2019\",\"datePublished\":\"2019-03-05T10:04:26+00:00\",\"mainEntityOfPage\":{\"@id\":\"https:\/\/eikonos.com\/ca\/blog\/repasem-novetats-mobile-world-congress\/\"},\"wordCount\":570,\"commentCount\":0,\"publisher\":{\"@id\":\"https:\/\/eikonos.com\/ca\/#organization\"},\"image\":{\"@id\":\"https:\/\/eikonos.com\/ca\/blog\/repasem-novetats-mobile-world-congress\/#primaryimage\"},\"thumbnailUrl\":\"https:\/\/eikonos.com\/wp-content\/uploads\/2019\/03\/novedades-mobile-world-congress-1.jpg\",\"articleSection\":[\"Esdeveniments audiovisuals\"],\"inLanguage\":\"ca\",\"potentialAction\":[{\"@type\":\"CommentAction\",\"name\":\"Comment\",\"target\":[\"https:\/\/eikonos.com\/ca\/blog\/repasem-novetats-mobile-world-congress\/#respond\"]}]},{\"@type\":\"WebPage\",\"@id\":\"https:\/\/eikonos.com\/ca\/blog\/repasem-novetats-mobile-world-congress\/\",\"url\":\"https:\/\/eikonos.com\/ca\/blog\/repasem-novetats-mobile-world-congress\/\",\"name\":\"Repasem les novetats del Mobile World Congress | EIKONOS\",\"isPartOf\":{\"@id\":\"https:\/\/eikonos.com\/ca\/#website\"},\"primaryImageOfPage\":{\"@id\":\"https:\/\/eikonos.com\/ca\/blog\/repasem-novetats-mobile-world-congress\/#primaryimage\"},\"image\":{\"@id\":\"https:\/\/eikonos.com\/ca\/blog\/repasem-novetats-mobile-world-congress\/#primaryimage\"},\"thumbnailUrl\":\"https:\/\/eikonos.com\/wp-content\/uploads\/2019\/03\/novedades-mobile-world-congress-1.jpg\",\"datePublished\":\"2019-03-05T10:04:26+00:00\",\"description\":\"Que hem apr\u00e8s d'aquesta \u00faltima edici\u00f3? Repassem tots els detalls i novetats del Mobile World Congress 2019. Segueix llegint!\",\"breadcrumb\":{\"@id\":\"https:\/\/eikonos.com\/ca\/blog\/repasem-novetats-mobile-world-congress\/#breadcrumb\"},\"inLanguage\":\"ca\",\"potentialAction\":[{\"@type\":\"ReadAction\",\"target\":[\"https:\/\/eikonos.com\/ca\/blog\/repasem-novetats-mobile-world-congress\/\"]}]},{\"@type\":\"ImageObject\",\"inLanguage\":\"ca\",\"@id\":\"https:\/\/eikonos.com\/ca\/blog\/repasem-novetats-mobile-world-congress\/#primaryimage\",\"url\":\"https:\/\/eikonos.com\/wp-content\/uploads\/2019\/03\/novedades-mobile-world-congress-1.jpg\",\"contentUrl\":\"https:\/\/eikonos.com\/wp-content\/uploads\/2019\/03\/novedades-mobile-world-congress-1.jpg\",\"width\":724,\"height\":432,\"caption\":\"Novedades Mobile World Congress\"},{\"@type\":\"BreadcrumbList\",\"@id\":\"https:\/\/eikonos.com\/ca\/blog\/repasem-novetats-mobile-world-congress\/#breadcrumb\",\"itemListElement\":[{\"@type\":\"ListItem\",\"position\":1,\"name\":\"EIKONOS\",\"item\":\"https:\/\/eikonos.com\/ca\/inici\/\"},{\"@type\":\"ListItem\",\"position\":2,\"name\":\"Repasem les novetats del Mobile World Congress 2019\"}]},{\"@type\":\"WebSite\",\"@id\":\"https:\/\/eikonos.com\/ca\/#website\",\"url\":\"https:\/\/eikonos.com\/ca\/\",\"name\":\"EIKONOS\",\"description\":\"EXPERIENCIA AUDIOVISUAL\",\"publisher\":{\"@id\":\"https:\/\/eikonos.com\/ca\/#organization\"},\"potentialAction\":[{\"@type\":\"SearchAction\",\"target\":{\"@type\":\"EntryPoint\",\"urlTemplate\":\"https:\/\/eikonos.com\/ca\/?s={search_term_string}\"},\"query-input\":{\"@type\":\"PropertyValueSpecification\",\"valueRequired\":true,\"valueName\":\"search_term_string\"}}],\"inLanguage\":\"ca\"},{\"@type\":\"Organization\",\"@id\":\"https:\/\/eikonos.com\/ca\/#organization\",\"name\":\"EIKONOS | Servicios Audiovisuales, eventos y alquiler de equipos\",\"url\":\"https:\/\/eikonos.com\/ca\/\",\"logo\":{\"@type\":\"ImageObject\",\"inLanguage\":\"ca\",\"@id\":\"https:\/\/eikonos.com\/ca\/#\/schema\/logo\/image\/\",\"url\":\"https:\/\/eikonos.com\/wp-content\/uploads\/2020\/08\/logo-color.png\",\"contentUrl\":\"https:\/\/eikonos.com\/wp-content\/uploads\/2020\/08\/logo-color.png\",\"width\":376,\"height\":122,\"caption\":\"EIKONOS | Servicios Audiovisuales, eventos y alquiler de equipos\"},\"image\":{\"@id\":\"https:\/\/eikonos.com\/ca\/#\/schema\/logo\/image\/\"},\"sameAs\":[\"http:\/\/www.facebook.com\/pages\/Eikonos\/176324785746790\",\"https:\/\/x.com\/eikonos_sa\",\"http:\/\/www.linkedin.com\/company\/eikonos\",\"http:\/\/www.youtube.com\/channel\/UC8wcizWaAYbfsuqVf9wIT6w\"]},{\"@type\":\"Person\",\"@id\":\"https:\/\/eikonos.com\/ca\/#\/schema\/person\/82032860cc314d826959b90595a5280a\",\"name\":\"Xavi Eikonos\",\"image\":{\"@type\":\"ImageObject\",\"inLanguage\":\"ca\",\"@id\":\"https:\/\/eikonos.com\/ca\/#\/schema\/person\/image\/\",\"url\":\"https:\/\/secure.gravatar.com\/avatar\/a6c6b51dd0ac6902701aab24a914f6febe1518f94a5ae06db08b3d6107248dfd?s=96&d=mm&r=g\",\"contentUrl\":\"https:\/\/secure.gravatar.com\/avatar\/a6c6b51dd0ac6902701aab24a914f6febe1518f94a5ae06db08b3d6107248dfd?s=96&d=mm&r=g\",\"caption\":\"Xavi Eikonos\"}}]}<\/script>\n<!-- \/ Yoast SEO plugin. -->","yoast_head_json":{"title":"Repasem les novetats del Mobile World Congress | EIKONOS","description":"Que hem apr\u00e8s d'aquesta \u00faltima edici\u00f3? Repassem tots els detalls i novetats del Mobile World Congress 2019. Segueix llegint!","robots":{"index":"index","follow":"follow","max-snippet":"max-snippet:-1","max-image-preview":"max-image-preview:large","max-video-preview":"max-video-preview:-1"},"canonical":"https:\/\/eikonos.com\/ca\/blog\/repasem-novetats-mobile-world-congress\/","og_locale":"ca_ES","og_type":"article","og_title":"Repasem les novetats del Mobile World Congress | EIKONOS","og_description":"Que hem apr\u00e8s d'aquesta \u00faltima edici\u00f3? Repassem tots els detalls i novetats del Mobile World Congress 2019. Segueix llegint!","og_url":"https:\/\/eikonos.com\/ca\/blog\/repasem-novetats-mobile-world-congress\/","og_site_name":"EIKONOS","article_publisher":"http:\/\/www.facebook.com\/pages\/Eikonos\/176324785746790","article_published_time":"2019-03-05T10:04:26+00:00","og_image":[{"width":724,"height":432,"url":"https:\/\/eikonos.com\/wp-content\/uploads\/2019\/03\/novedades-mobile-world-congress-1.jpg","type":"image\/jpeg"}],"author":"Xavi Eikonos","twitter_card":"summary_large_image","twitter_creator":"@eikonos_sa","twitter_site":"@eikonos_sa","twitter_misc":{"Escrit per":"Xavi Eikonos","Temps estimat de lectura":"3 minuts"},"schema":{"@context":"https:\/\/schema.org","@graph":[{"@type":"Article","@id":"https:\/\/eikonos.com\/ca\/blog\/repasem-novetats-mobile-world-congress\/#article","isPartOf":{"@id":"https:\/\/eikonos.com\/ca\/blog\/repasem-novetats-mobile-world-congress\/"},"author":{"name":"Xavi Eikonos","@id":"https:\/\/eikonos.com\/ca\/#\/schema\/person\/82032860cc314d826959b90595a5280a"},"headline":"Repasem les novetats del Mobile World Congress 2019","datePublished":"2019-03-05T10:04:26+00:00","mainEntityOfPage":{"@id":"https:\/\/eikonos.com\/ca\/blog\/repasem-novetats-mobile-world-congress\/"},"wordCount":570,"commentCount":0,"publisher":{"@id":"https:\/\/eikonos.com\/ca\/#organization"},"image":{"@id":"https:\/\/eikonos.com\/ca\/blog\/repasem-novetats-mobile-world-congress\/#primaryimage"},"thumbnailUrl":"https:\/\/eikonos.com\/wp-content\/uploads\/2019\/03\/novedades-mobile-world-congress-1.jpg","articleSection":["Esdeveniments audiovisuals"],"inLanguage":"ca","potentialAction":[{"@type":"CommentAction","name":"Comment","target":["https:\/\/eikonos.com\/ca\/blog\/repasem-novetats-mobile-world-congress\/#respond"]}]},{"@type":"WebPage","@id":"https:\/\/eikonos.com\/ca\/blog\/repasem-novetats-mobile-world-congress\/","url":"https:\/\/eikonos.com\/ca\/blog\/repasem-novetats-mobile-world-congress\/","name":"Repasem les novetats del Mobile World Congress | EIKONOS","isPartOf":{"@id":"https:\/\/eikonos.com\/ca\/#website"},"primaryImageOfPage":{"@id":"https:\/\/eikonos.com\/ca\/blog\/repasem-novetats-mobile-world-congress\/#primaryimage"},"image":{"@id":"https:\/\/eikonos.com\/ca\/blog\/repasem-novetats-mobile-world-congress\/#primaryimage"},"thumbnailUrl":"https:\/\/eikonos.com\/wp-content\/uploads\/2019\/03\/novedades-mobile-world-congress-1.jpg","datePublished":"2019-03-05T10:04:26+00:00","description":"Que hem apr\u00e8s d'aquesta \u00faltima edici\u00f3? Repassem tots els detalls i novetats del Mobile World Congress 2019. Segueix llegint!","breadcrumb":{"@id":"https:\/\/eikonos.com\/ca\/blog\/repasem-novetats-mobile-world-congress\/#breadcrumb"},"inLanguage":"ca","potentialAction":[{"@type":"ReadAction","target":["https:\/\/eikonos.com\/ca\/blog\/repasem-novetats-mobile-world-congress\/"]}]},{"@type":"ImageObject","inLanguage":"ca","@id":"https:\/\/eikonos.com\/ca\/blog\/repasem-novetats-mobile-world-congress\/#primaryimage","url":"https:\/\/eikonos.com\/wp-content\/uploads\/2019\/03\/novedades-mobile-world-congress-1.jpg","contentUrl":"https:\/\/eikonos.com\/wp-content\/uploads\/2019\/03\/novedades-mobile-world-congress-1.jpg","width":724,"height":432,"caption":"Novedades Mobile World Congress"},{"@type":"BreadcrumbList","@id":"https:\/\/eikonos.com\/ca\/blog\/repasem-novetats-mobile-world-congress\/#breadcrumb","itemListElement":[{"@type":"ListItem","position":1,"name":"EIKONOS","item":"https:\/\/eikonos.com\/ca\/inici\/"},{"@type":"ListItem","position":2,"name":"Repasem les novetats del Mobile World Congress 2019"}]},{"@type":"WebSite","@id":"https:\/\/eikonos.com\/ca\/#website","url":"https:\/\/eikonos.com\/ca\/","name":"EIKONOS","description":"EXPERIENCIA AUDIOVISUAL","publisher":{"@id":"https:\/\/eikonos.com\/ca\/#organization"},"potentialAction":[{"@type":"SearchAction","target":{"@type":"EntryPoint","urlTemplate":"https:\/\/eikonos.com\/ca\/?s={search_term_string}"},"query-input":{"@type":"PropertyValueSpecification","valueRequired":true,"valueName":"search_term_string"}}],"inLanguage":"ca"},{"@type":"Organization","@id":"https:\/\/eikonos.com\/ca\/#organization","name":"EIKONOS | Servicios Audiovisuales, eventos y alquiler de equipos","url":"https:\/\/eikonos.com\/ca\/","logo":{"@type":"ImageObject","inLanguage":"ca","@id":"https:\/\/eikonos.com\/ca\/#\/schema\/logo\/image\/","url":"https:\/\/eikonos.com\/wp-content\/uploads\/2020\/08\/logo-color.png","contentUrl":"https:\/\/eikonos.com\/wp-content\/uploads\/2020\/08\/logo-color.png","width":376,"height":122,"caption":"EIKONOS | Servicios Audiovisuales, eventos y alquiler de equipos"},"image":{"@id":"https:\/\/eikonos.com\/ca\/#\/schema\/logo\/image\/"},"sameAs":["http:\/\/www.facebook.com\/pages\/Eikonos\/176324785746790","https:\/\/x.com\/eikonos_sa","http:\/\/www.linkedin.com\/company\/eikonos","http:\/\/www.youtube.com\/channel\/UC8wcizWaAYbfsuqVf9wIT6w"]},{"@type":"Person","@id":"https:\/\/eikonos.com\/ca\/#\/schema\/person\/82032860cc314d826959b90595a5280a","name":"Xavi Eikonos","image":{"@type":"ImageObject","inLanguage":"ca","@id":"https:\/\/eikonos.com\/ca\/#\/schema\/person\/image\/","url":"https:\/\/secure.gravatar.com\/avatar\/a6c6b51dd0ac6902701aab24a914f6febe1518f94a5ae06db08b3d6107248dfd?s=96&d=mm&r=g","contentUrl":"https:\/\/secure.gravatar.com\/avatar\/a6c6b51dd0ac6902701aab24a914f6febe1518f94a5ae06db08b3d6107248dfd?s=96&d=mm&r=g","caption":"Xavi Eikonos"}}]}},"_links":{"self":[{"href":"https:\/\/eikonos.com\/ca\/wp-json\/wp\/v2\/posts\/6268","targetHints":{"allow":["GET"]}}],"collection":[{"href":"https:\/\/eikonos.com\/ca\/wp-json\/wp\/v2\/posts"}],"about":[{"href":"https:\/\/eikonos.com\/ca\/wp-json\/wp\/v2\/types\/post"}],"author":[{"embeddable":true,"href":"https:\/\/eikonos.com\/ca\/wp-json\/wp\/v2\/users\/6"}],"replies":[{"embeddable":true,"href":"https:\/\/eikonos.com\/ca\/wp-json\/wp\/v2\/comments?post=6268"}],"version-history":[{"count":0,"href":"https:\/\/eikonos.com\/ca\/wp-json\/wp\/v2\/posts\/6268\/revisions"}],"wp:featuredmedia":[{"embeddable":true,"href":"https:\/\/eikonos.com\/ca\/wp-json\/wp\/v2\/media\/6261"}],"wp:attachment":[{"href":"https:\/\/eikonos.com\/ca\/wp-json\/wp\/v2\/media?parent=6268"}],"wp:term":[{"taxonomy":"category","embeddable":true,"href":"https:\/\/eikonos.com\/ca\/wp-json\/wp\/v2\/categories?post=6268"},{"taxonomy":"post_tag","embeddable":true,"href":"https:\/\/eikonos.com\/ca\/wp-json\/wp\/v2\/tags?post=6268"}],"curies":[{"name":"wp","href":"https:\/\/api.w.org\/{rel}","templated":true}]}}