{"id":6242,"date":"2019-02-05T17:05:13","date_gmt":"2019-02-05T16:05:13","guid":{"rendered":"https:\/\/eikonos.com\/?p=6242"},"modified":"2019-02-05T17:05:13","modified_gmt":"2019-02-05T16:05:13","slug":"tendencies-produccio-continguts-audiovisuales","status":"publish","type":"post","link":"https:\/\/eikonos.com\/ca\/blog\/tendencies-produccio-continguts-audiovisuales\/","title":{"rendered":"Tend\u00e8ncies en la producci\u00f3 de continguts audiovisuals"},"content":{"rendered":"<p>Per a ning\u00fa \u00e9s un secret que la tecnologia \u00e9s molt canviant, i no parlem del sector audiovisual on la investigaci\u00f3 i llan\u00e7aments tecnol\u00f2gics ho canvien tot. En un entorn tan disruptiu, estar al dia requereix comptar amb un equip molt preparat i una dotaci\u00f3 pressupost\u00e0ria que ens permeti estar a l\u2019\u00faltima per a prestar els millors serveis al client i crear esdeveniments que realment marquin un abans i un despr\u00e9s.<\/p>\n<p>Per sort, l\u2019acc\u00e9s i \u00fas del material audiovisual \u00e9s cada vegada una opci\u00f3 m\u00e9s viable, democratitzant l\u2019acc\u00e9s a la tecnologia que fa anys nom\u00e9s era apta per a uns pocs privilegiats.<\/p>\n<p>Coneixes ja les tend\u00e8ncies en <a href=\"https:\/\/eikonos.com\/ca\/serveis\/creacio-de-continguts\/\">producci\u00f3 de continguts audiovisuals<\/a>?<\/p>\n<p>&nbsp;<\/p>\n<h2><span style=\"color: #ff0000;\">Lidera les tend\u00e8ncies en continguts audiovisuals<\/span><\/h2>\n<p>&nbsp;<\/p>\n<h2>Videomapping<\/h2>\n<p>El videomapping per definici\u00f3, \u00e9s la projecci\u00f3 d\u2019imatges emmarcades en l\u2019arquitectura d\u2019un edifici o una construcci\u00f3 expressa. Aprofitant les formes, figures, finestres, portes i altres elements arquitect\u00f2nics de la construcci\u00f3, depenent sempre d\u2019una bona producci\u00f3 de v\u00eddeo, els efectes solen ser espectaculars. \u00c9s aix\u00ed com gr\u00e0cies a la tecnologia i a trav\u00e9s d\u2019aquesta t\u00e8cnica es podran aconseguir formats immersius i m\u00f2bils sobre superf\u00edcies tradicionalment est\u00e0tiques. <a href=\"https:\/\/eikonos.com\/ca\/blog\/mappings-audiovisuals-mes-impactants-i-les-seves-claus\/\">Els mappings audiovisuals generen gran expectaci\u00f3<\/a> i molt bons resultats davant dels assistents que presencien les projeccions.<\/p>\n<p>El mapping t\u00e9 dues parts diferenciades: <strong>els equips de projecci\u00f3<\/strong>, que poden ser des d\u20191 a n projectors depenent de la superf\u00edcie a cobrir, i <strong>la producci\u00f3<\/strong>, que es cotitza en minuts de durada del show.<\/p>\n<p>&nbsp;<\/p>\n<h2>Pantalles LED en esdeveniments<\/h2>\n<p>Ja no nom\u00e9s preval la mida sin\u00f3 la nitidesa dels LED. Les pantalles transparents tornen a escena amb m\u00e9s pot\u00e8ncia, formats 4K, pantalles corbes o formats enrotllables, molt f\u00e0cils de transportar. No hi ha fira o esdeveniment on el LED no estigui present.<\/p>\n<h2><\/h2>\n<p>&nbsp;<\/p>\n<h2>M\u00e9s l\u00famens i menys p\u00edxel pitch<\/h2>\n<p>Durant el 2019 es demanar\u00e0 un augment de l\u00famens en projeccions grans, junt a una disminuci\u00f3 del p\u00edxel pitch, per a d\u2019aquesta forma poder aconseguir molta m\u00e9s qualitat d\u2019imatge.<\/p>\n<p>&nbsp;<\/p>\n<h2>Gamificaci\u00f3 dels esdeveniments<\/h2>\n<p>Joc i negoci mai han estat tan lligats. Gr\u00e0cies a la gamificaci\u00f3 podem integrar el joc en museus, exposicions, presentacions, stands de fires&#8230; El visitant s\u2019acosta a la marca d\u2019una manera molt m\u00e9s amable i deixem una petjada en la seva mem\u00f2ria que \u00e9s dif\u00edcil d\u2019aconseguir a trav\u00e9s d\u2019accions de m\u00e0rqueting i vendes tradicionals.<\/p>\n<p>&nbsp;<\/p>\n<p><img loading=\"lazy\" decoding=\"async\" class=\"aligncenter wp-image-6249 size-full\" title=\"Gamificaci\u00f3 en esdeveniments\" src=\"https:\/\/eikonos.com\/wp-content\/uploads\/2019\/03\/gamificacion-eventos-1-1.jpg\" alt=\"Gamificaci\u00f3 en esdeveniments\" width=\"724\" height=\"432\" srcset=\"https:\/\/eikonos.com\/wp-content\/uploads\/2019\/03\/gamificacion-eventos-1-1.jpg 724w, https:\/\/eikonos.com\/wp-content\/uploads\/2019\/03\/gamificacion-eventos-1-1-300x179.jpg 300w\" sizes=\"auto, (max-width: 724px) 100vw, 724px\" \/><\/p>\n<p>&nbsp;<\/p>\n<h2>Projecci\u00f3 l\u00e0ser<\/h2>\n<p>Els projectors convencionals treballen amb llums de mercuri, que ofereixen la seva brillantor en funci\u00f3 de la seva pot\u00e8ncia, que normalment expressem en l\u00famens. I encara que han estat un standard de tota la vida, <strong>ja no es podran fabricar a partir de 2020<\/strong>.<\/p>\n<p>\u00c9s per aquesta ra\u00f3 que les diferents marques han comen\u00e7at a substituir els llums per emissors de l\u00e0ser blaus. El bloc de llum es dirigeix a un disc de f\u00f2sfor i all\u00e0 es creen els colors, dirigint-se aquesta llum tricolor als dispositius d\u2019imatge, obtenint d\u2019aquesta manera beneficis tant econ\u00f2mics com ecol\u00f2gics, ja que els llums tradicionals s\u2019havien de substituir cada 3000 hores mentre que els emissors de l\u00e0ser perduren fins a 20.000 hores.<\/p>\n<p>&nbsp;<\/p>\n<h2>Resoluci\u00f3 4K UHD<\/h2>\n<p>La resoluci\u00f3 4K ha arribat a la llar, a les pantalles comercials, oficines, c\u00e0meres de fotos, smartphones&#8230; \u00c9s imprescindible a nivell de negoci oferir la millor qualitat d\u2019imatge. Sense haver-ho explotat encara del tot, ja tenim el 8K a l\u2019espera encara de produccions de v\u00eddeo dignes de ser reprodu\u00efdes a 7680 x 4320 p\u00edxels.<\/p>\n<p>&nbsp;<\/p>\n<p>Preparat per viure de primera m\u00e0 les tend\u00e8ncies en producci\u00f3 de continguts audiovisuals? <em><strong>Parlem!<\/strong><\/em><\/p>\n<p>&nbsp;<\/p>\n<p><a href=\"https:\/\/eikonos.com\/ca\/serveis\/creacio-de-continguts\/\"><img loading=\"lazy\" decoding=\"async\" class=\"aligncenter wp-image-6250 size-full\" title=\"EIKONOS creaci\u00f3 de continguts\" src=\"https:\/\/eikonos.com\/wp-content\/uploads\/2019\/03\/eikonos-cta-creacio-contingut-1.jpg\" alt=\"EIKONOS creaci\u00f3 de continguts\" width=\"741\" height=\"250\" srcset=\"https:\/\/eikonos.com\/wp-content\/uploads\/2019\/03\/eikonos-cta-creacio-contingut-1.jpg 741w, https:\/\/eikonos.com\/wp-content\/uploads\/2019\/03\/eikonos-cta-creacio-contingut-1-300x101.jpg 300w\" sizes=\"auto, (max-width: 741px) 100vw, 741px\" \/><\/a><\/p>\n","protected":false},"excerpt":{"rendered":"<p>Per a ning\u00fa \u00e9s un secret que la tecnologia \u00e9s molt canviant, i no parlem&#8230;<\/p>\n","protected":false},"author":6,"featured_media":6236,"comment_status":"open","ping_status":"open","sticky":false,"template":"","format":"standard","meta":{"_acf_changed":false,"footnotes":""},"categories":[257],"tags":[],"class_list":["post-6242","post","type-post","status-publish","format-standard","has-post-thumbnail","hentry","category-creacio-de-continguts"],"acf":[],"yoast_head":"<!-- This site is optimized with the Yoast SEO plugin v26.3 - https:\/\/yoast.com\/wordpress\/plugins\/seo\/ -->\n<title>Tend\u00e8ncies en la producci\u00f3 de continguts audiovisuals<\/title>\n<meta name=\"description\" content=\"T&#039;expliquem les \u00faltimes tend\u00e8ncies en la producci\u00f3 de continguts audiovisuals. Preparat per a viure-les en primera m\u00e0? Parlem!\" \/>\n<meta name=\"robots\" content=\"index, follow, max-snippet:-1, max-image-preview:large, max-video-preview:-1\" \/>\n<link rel=\"canonical\" href=\"https:\/\/eikonos.com\/ca\/blog\/tendencies-produccio-continguts-audiovisuales\/\" \/>\n<meta property=\"og:locale\" content=\"ca_ES\" \/>\n<meta property=\"og:type\" content=\"article\" \/>\n<meta property=\"og:title\" content=\"Tend\u00e8ncies en la producci\u00f3 de continguts audiovisuals\" \/>\n<meta property=\"og:description\" content=\"T&#039;expliquem les \u00faltimes tend\u00e8ncies en la producci\u00f3 de continguts audiovisuals. Preparat per a viure-les en primera m\u00e0? Parlem!\" \/>\n<meta property=\"og:url\" content=\"https:\/\/eikonos.com\/ca\/blog\/tendencies-produccio-continguts-audiovisuales\/\" \/>\n<meta property=\"og:site_name\" content=\"EIKONOS\" \/>\n<meta property=\"article:publisher\" content=\"http:\/\/www.facebook.com\/pages\/Eikonos\/176324785746790\" \/>\n<meta property=\"article:published_time\" content=\"2019-02-05T16:05:13+00:00\" \/>\n<meta property=\"og:image\" content=\"https:\/\/eikonos.com\/wp-content\/uploads\/2019\/03\/tendencias-contenidos-audiovisuales-1.jpg\" \/>\n\t<meta property=\"og:image:width\" content=\"724\" \/>\n\t<meta property=\"og:image:height\" content=\"432\" \/>\n\t<meta property=\"og:image:type\" content=\"image\/jpeg\" \/>\n<meta name=\"author\" content=\"Xavi Eikonos\" \/>\n<meta name=\"twitter:card\" content=\"summary_large_image\" \/>\n<meta name=\"twitter:creator\" content=\"@eikonos_sa\" \/>\n<meta name=\"twitter:site\" content=\"@eikonos_sa\" \/>\n<meta name=\"twitter:label1\" content=\"Escrit per\" \/>\n\t<meta name=\"twitter:data1\" content=\"Xavi Eikonos\" \/>\n\t<meta name=\"twitter:label2\" content=\"Temps estimat de lectura\" \/>\n\t<meta name=\"twitter:data2\" content=\"3 minuts\" \/>\n<script type=\"application\/ld+json\" class=\"yoast-schema-graph\">{\"@context\":\"https:\/\/schema.org\",\"@graph\":[{\"@type\":\"Article\",\"@id\":\"https:\/\/eikonos.com\/ca\/blog\/tendencies-produccio-continguts-audiovisuales\/#article\",\"isPartOf\":{\"@id\":\"https:\/\/eikonos.com\/ca\/blog\/tendencies-produccio-continguts-audiovisuales\/\"},\"author\":{\"name\":\"Xavi Eikonos\",\"@id\":\"https:\/\/eikonos.com\/ca\/#\/schema\/person\/82032860cc314d826959b90595a5280a\"},\"headline\":\"Tend\u00e8ncies en la producci\u00f3 de continguts audiovisuals\",\"datePublished\":\"2019-02-05T16:05:13+00:00\",\"mainEntityOfPage\":{\"@id\":\"https:\/\/eikonos.com\/ca\/blog\/tendencies-produccio-continguts-audiovisuales\/\"},\"wordCount\":645,\"commentCount\":0,\"publisher\":{\"@id\":\"https:\/\/eikonos.com\/ca\/#organization\"},\"image\":{\"@id\":\"https:\/\/eikonos.com\/ca\/blog\/tendencies-produccio-continguts-audiovisuales\/#primaryimage\"},\"thumbnailUrl\":\"https:\/\/eikonos.com\/wp-content\/uploads\/2019\/03\/tendencias-contenidos-audiovisuales-1.jpg\",\"articleSection\":[\"Creaci\u00f3 de continguts\"],\"inLanguage\":\"ca\",\"potentialAction\":[{\"@type\":\"CommentAction\",\"name\":\"Comment\",\"target\":[\"https:\/\/eikonos.com\/ca\/blog\/tendencies-produccio-continguts-audiovisuales\/#respond\"]}]},{\"@type\":\"WebPage\",\"@id\":\"https:\/\/eikonos.com\/ca\/blog\/tendencies-produccio-continguts-audiovisuales\/\",\"url\":\"https:\/\/eikonos.com\/ca\/blog\/tendencies-produccio-continguts-audiovisuales\/\",\"name\":\"Tend\u00e8ncies en la producci\u00f3 de continguts audiovisuals\",\"isPartOf\":{\"@id\":\"https:\/\/eikonos.com\/ca\/#website\"},\"primaryImageOfPage\":{\"@id\":\"https:\/\/eikonos.com\/ca\/blog\/tendencies-produccio-continguts-audiovisuales\/#primaryimage\"},\"image\":{\"@id\":\"https:\/\/eikonos.com\/ca\/blog\/tendencies-produccio-continguts-audiovisuales\/#primaryimage\"},\"thumbnailUrl\":\"https:\/\/eikonos.com\/wp-content\/uploads\/2019\/03\/tendencias-contenidos-audiovisuales-1.jpg\",\"datePublished\":\"2019-02-05T16:05:13+00:00\",\"description\":\"T'expliquem les \u00faltimes tend\u00e8ncies en la producci\u00f3 de continguts audiovisuals. Preparat per a viure-les en primera m\u00e0? Parlem!\",\"breadcrumb\":{\"@id\":\"https:\/\/eikonos.com\/ca\/blog\/tendencies-produccio-continguts-audiovisuales\/#breadcrumb\"},\"inLanguage\":\"ca\",\"potentialAction\":[{\"@type\":\"ReadAction\",\"target\":[\"https:\/\/eikonos.com\/ca\/blog\/tendencies-produccio-continguts-audiovisuales\/\"]}]},{\"@type\":\"ImageObject\",\"inLanguage\":\"ca\",\"@id\":\"https:\/\/eikonos.com\/ca\/blog\/tendencies-produccio-continguts-audiovisuales\/#primaryimage\",\"url\":\"https:\/\/eikonos.com\/wp-content\/uploads\/2019\/03\/tendencias-contenidos-audiovisuales-1.jpg\",\"contentUrl\":\"https:\/\/eikonos.com\/wp-content\/uploads\/2019\/03\/tendencias-contenidos-audiovisuales-1.jpg\",\"width\":724,\"height\":432},{\"@type\":\"BreadcrumbList\",\"@id\":\"https:\/\/eikonos.com\/ca\/blog\/tendencies-produccio-continguts-audiovisuales\/#breadcrumb\",\"itemListElement\":[{\"@type\":\"ListItem\",\"position\":1,\"name\":\"EIKONOS\",\"item\":\"https:\/\/eikonos.com\/ca\/inici\/\"},{\"@type\":\"ListItem\",\"position\":2,\"name\":\"Tend\u00e8ncies en la producci\u00f3 de continguts audiovisuals\"}]},{\"@type\":\"WebSite\",\"@id\":\"https:\/\/eikonos.com\/ca\/#website\",\"url\":\"https:\/\/eikonos.com\/ca\/\",\"name\":\"EIKONOS\",\"description\":\"EXPERIENCIA AUDIOVISUAL\",\"publisher\":{\"@id\":\"https:\/\/eikonos.com\/ca\/#organization\"},\"potentialAction\":[{\"@type\":\"SearchAction\",\"target\":{\"@type\":\"EntryPoint\",\"urlTemplate\":\"https:\/\/eikonos.com\/ca\/?s={search_term_string}\"},\"query-input\":{\"@type\":\"PropertyValueSpecification\",\"valueRequired\":true,\"valueName\":\"search_term_string\"}}],\"inLanguage\":\"ca\"},{\"@type\":\"Organization\",\"@id\":\"https:\/\/eikonos.com\/ca\/#organization\",\"name\":\"EIKONOS | Servicios Audiovisuales, eventos y alquiler de equipos\",\"url\":\"https:\/\/eikonos.com\/ca\/\",\"logo\":{\"@type\":\"ImageObject\",\"inLanguage\":\"ca\",\"@id\":\"https:\/\/eikonos.com\/ca\/#\/schema\/logo\/image\/\",\"url\":\"https:\/\/eikonos.com\/wp-content\/uploads\/2020\/08\/logo-color.png\",\"contentUrl\":\"https:\/\/eikonos.com\/wp-content\/uploads\/2020\/08\/logo-color.png\",\"width\":376,\"height\":122,\"caption\":\"EIKONOS | Servicios Audiovisuales, eventos y alquiler de equipos\"},\"image\":{\"@id\":\"https:\/\/eikonos.com\/ca\/#\/schema\/logo\/image\/\"},\"sameAs\":[\"http:\/\/www.facebook.com\/pages\/Eikonos\/176324785746790\",\"https:\/\/x.com\/eikonos_sa\",\"http:\/\/www.linkedin.com\/company\/eikonos\",\"http:\/\/www.youtube.com\/channel\/UC8wcizWaAYbfsuqVf9wIT6w\"]},{\"@type\":\"Person\",\"@id\":\"https:\/\/eikonos.com\/ca\/#\/schema\/person\/82032860cc314d826959b90595a5280a\",\"name\":\"Xavi Eikonos\",\"image\":{\"@type\":\"ImageObject\",\"inLanguage\":\"ca\",\"@id\":\"https:\/\/eikonos.com\/ca\/#\/schema\/person\/image\/\",\"url\":\"https:\/\/secure.gravatar.com\/avatar\/a6c6b51dd0ac6902701aab24a914f6febe1518f94a5ae06db08b3d6107248dfd?s=96&d=mm&r=g\",\"contentUrl\":\"https:\/\/secure.gravatar.com\/avatar\/a6c6b51dd0ac6902701aab24a914f6febe1518f94a5ae06db08b3d6107248dfd?s=96&d=mm&r=g\",\"caption\":\"Xavi Eikonos\"}}]}<\/script>\n<!-- \/ Yoast SEO plugin. -->","yoast_head_json":{"title":"Tend\u00e8ncies en la producci\u00f3 de continguts audiovisuals","description":"T'expliquem les \u00faltimes tend\u00e8ncies en la producci\u00f3 de continguts audiovisuals. Preparat per a viure-les en primera m\u00e0? Parlem!","robots":{"index":"index","follow":"follow","max-snippet":"max-snippet:-1","max-image-preview":"max-image-preview:large","max-video-preview":"max-video-preview:-1"},"canonical":"https:\/\/eikonos.com\/ca\/blog\/tendencies-produccio-continguts-audiovisuales\/","og_locale":"ca_ES","og_type":"article","og_title":"Tend\u00e8ncies en la producci\u00f3 de continguts audiovisuals","og_description":"T'expliquem les \u00faltimes tend\u00e8ncies en la producci\u00f3 de continguts audiovisuals. Preparat per a viure-les en primera m\u00e0? Parlem!","og_url":"https:\/\/eikonos.com\/ca\/blog\/tendencies-produccio-continguts-audiovisuales\/","og_site_name":"EIKONOS","article_publisher":"http:\/\/www.facebook.com\/pages\/Eikonos\/176324785746790","article_published_time":"2019-02-05T16:05:13+00:00","og_image":[{"width":724,"height":432,"url":"https:\/\/eikonos.com\/wp-content\/uploads\/2019\/03\/tendencias-contenidos-audiovisuales-1.jpg","type":"image\/jpeg"}],"author":"Xavi Eikonos","twitter_card":"summary_large_image","twitter_creator":"@eikonos_sa","twitter_site":"@eikonos_sa","twitter_misc":{"Escrit per":"Xavi Eikonos","Temps estimat de lectura":"3 minuts"},"schema":{"@context":"https:\/\/schema.org","@graph":[{"@type":"Article","@id":"https:\/\/eikonos.com\/ca\/blog\/tendencies-produccio-continguts-audiovisuales\/#article","isPartOf":{"@id":"https:\/\/eikonos.com\/ca\/blog\/tendencies-produccio-continguts-audiovisuales\/"},"author":{"name":"Xavi Eikonos","@id":"https:\/\/eikonos.com\/ca\/#\/schema\/person\/82032860cc314d826959b90595a5280a"},"headline":"Tend\u00e8ncies en la producci\u00f3 de continguts audiovisuals","datePublished":"2019-02-05T16:05:13+00:00","mainEntityOfPage":{"@id":"https:\/\/eikonos.com\/ca\/blog\/tendencies-produccio-continguts-audiovisuales\/"},"wordCount":645,"commentCount":0,"publisher":{"@id":"https:\/\/eikonos.com\/ca\/#organization"},"image":{"@id":"https:\/\/eikonos.com\/ca\/blog\/tendencies-produccio-continguts-audiovisuales\/#primaryimage"},"thumbnailUrl":"https:\/\/eikonos.com\/wp-content\/uploads\/2019\/03\/tendencias-contenidos-audiovisuales-1.jpg","articleSection":["Creaci\u00f3 de continguts"],"inLanguage":"ca","potentialAction":[{"@type":"CommentAction","name":"Comment","target":["https:\/\/eikonos.com\/ca\/blog\/tendencies-produccio-continguts-audiovisuales\/#respond"]}]},{"@type":"WebPage","@id":"https:\/\/eikonos.com\/ca\/blog\/tendencies-produccio-continguts-audiovisuales\/","url":"https:\/\/eikonos.com\/ca\/blog\/tendencies-produccio-continguts-audiovisuales\/","name":"Tend\u00e8ncies en la producci\u00f3 de continguts audiovisuals","isPartOf":{"@id":"https:\/\/eikonos.com\/ca\/#website"},"primaryImageOfPage":{"@id":"https:\/\/eikonos.com\/ca\/blog\/tendencies-produccio-continguts-audiovisuales\/#primaryimage"},"image":{"@id":"https:\/\/eikonos.com\/ca\/blog\/tendencies-produccio-continguts-audiovisuales\/#primaryimage"},"thumbnailUrl":"https:\/\/eikonos.com\/wp-content\/uploads\/2019\/03\/tendencias-contenidos-audiovisuales-1.jpg","datePublished":"2019-02-05T16:05:13+00:00","description":"T'expliquem les \u00faltimes tend\u00e8ncies en la producci\u00f3 de continguts audiovisuals. Preparat per a viure-les en primera m\u00e0? Parlem!","breadcrumb":{"@id":"https:\/\/eikonos.com\/ca\/blog\/tendencies-produccio-continguts-audiovisuales\/#breadcrumb"},"inLanguage":"ca","potentialAction":[{"@type":"ReadAction","target":["https:\/\/eikonos.com\/ca\/blog\/tendencies-produccio-continguts-audiovisuales\/"]}]},{"@type":"ImageObject","inLanguage":"ca","@id":"https:\/\/eikonos.com\/ca\/blog\/tendencies-produccio-continguts-audiovisuales\/#primaryimage","url":"https:\/\/eikonos.com\/wp-content\/uploads\/2019\/03\/tendencias-contenidos-audiovisuales-1.jpg","contentUrl":"https:\/\/eikonos.com\/wp-content\/uploads\/2019\/03\/tendencias-contenidos-audiovisuales-1.jpg","width":724,"height":432},{"@type":"BreadcrumbList","@id":"https:\/\/eikonos.com\/ca\/blog\/tendencies-produccio-continguts-audiovisuales\/#breadcrumb","itemListElement":[{"@type":"ListItem","position":1,"name":"EIKONOS","item":"https:\/\/eikonos.com\/ca\/inici\/"},{"@type":"ListItem","position":2,"name":"Tend\u00e8ncies en la producci\u00f3 de continguts audiovisuals"}]},{"@type":"WebSite","@id":"https:\/\/eikonos.com\/ca\/#website","url":"https:\/\/eikonos.com\/ca\/","name":"EIKONOS","description":"EXPERIENCIA AUDIOVISUAL","publisher":{"@id":"https:\/\/eikonos.com\/ca\/#organization"},"potentialAction":[{"@type":"SearchAction","target":{"@type":"EntryPoint","urlTemplate":"https:\/\/eikonos.com\/ca\/?s={search_term_string}"},"query-input":{"@type":"PropertyValueSpecification","valueRequired":true,"valueName":"search_term_string"}}],"inLanguage":"ca"},{"@type":"Organization","@id":"https:\/\/eikonos.com\/ca\/#organization","name":"EIKONOS | Servicios Audiovisuales, eventos y alquiler de equipos","url":"https:\/\/eikonos.com\/ca\/","logo":{"@type":"ImageObject","inLanguage":"ca","@id":"https:\/\/eikonos.com\/ca\/#\/schema\/logo\/image\/","url":"https:\/\/eikonos.com\/wp-content\/uploads\/2020\/08\/logo-color.png","contentUrl":"https:\/\/eikonos.com\/wp-content\/uploads\/2020\/08\/logo-color.png","width":376,"height":122,"caption":"EIKONOS | Servicios Audiovisuales, eventos y alquiler de equipos"},"image":{"@id":"https:\/\/eikonos.com\/ca\/#\/schema\/logo\/image\/"},"sameAs":["http:\/\/www.facebook.com\/pages\/Eikonos\/176324785746790","https:\/\/x.com\/eikonos_sa","http:\/\/www.linkedin.com\/company\/eikonos","http:\/\/www.youtube.com\/channel\/UC8wcizWaAYbfsuqVf9wIT6w"]},{"@type":"Person","@id":"https:\/\/eikonos.com\/ca\/#\/schema\/person\/82032860cc314d826959b90595a5280a","name":"Xavi Eikonos","image":{"@type":"ImageObject","inLanguage":"ca","@id":"https:\/\/eikonos.com\/ca\/#\/schema\/person\/image\/","url":"https:\/\/secure.gravatar.com\/avatar\/a6c6b51dd0ac6902701aab24a914f6febe1518f94a5ae06db08b3d6107248dfd?s=96&d=mm&r=g","contentUrl":"https:\/\/secure.gravatar.com\/avatar\/a6c6b51dd0ac6902701aab24a914f6febe1518f94a5ae06db08b3d6107248dfd?s=96&d=mm&r=g","caption":"Xavi Eikonos"}}]}},"_links":{"self":[{"href":"https:\/\/eikonos.com\/ca\/wp-json\/wp\/v2\/posts\/6242","targetHints":{"allow":["GET"]}}],"collection":[{"href":"https:\/\/eikonos.com\/ca\/wp-json\/wp\/v2\/posts"}],"about":[{"href":"https:\/\/eikonos.com\/ca\/wp-json\/wp\/v2\/types\/post"}],"author":[{"embeddable":true,"href":"https:\/\/eikonos.com\/ca\/wp-json\/wp\/v2\/users\/6"}],"replies":[{"embeddable":true,"href":"https:\/\/eikonos.com\/ca\/wp-json\/wp\/v2\/comments?post=6242"}],"version-history":[{"count":0,"href":"https:\/\/eikonos.com\/ca\/wp-json\/wp\/v2\/posts\/6242\/revisions"}],"wp:featuredmedia":[{"embeddable":true,"href":"https:\/\/eikonos.com\/ca\/wp-json\/wp\/v2\/media\/6236"}],"wp:attachment":[{"href":"https:\/\/eikonos.com\/ca\/wp-json\/wp\/v2\/media?parent=6242"}],"wp:term":[{"taxonomy":"category","embeddable":true,"href":"https:\/\/eikonos.com\/ca\/wp-json\/wp\/v2\/categories?post=6242"},{"taxonomy":"post_tag","embeddable":true,"href":"https:\/\/eikonos.com\/ca\/wp-json\/wp\/v2\/tags?post=6242"}],"curies":[{"name":"wp","href":"https:\/\/api.w.org\/{rel}","templated":true}]}}