{"id":6229,"date":"2019-01-29T15:55:27","date_gmt":"2019-01-29T14:55:27","guid":{"rendered":"https:\/\/eikonos.com\/?p=6229"},"modified":"2019-01-29T15:55:27","modified_gmt":"2019-01-29T14:55:27","slug":"us-material-audiovisual-recurs-didactic","status":"publish","type":"post","link":"https:\/\/eikonos.com\/ca\/blog\/us-material-audiovisual-recurs-didactic\/","title":{"rendered":"\u00das del material audiovisual com a excel\u00b7lent recurs did\u00e0ctic"},"content":{"rendered":"<p>L\u2019\u00fas de <a href=\"https:\/\/eikonos.com\/ca\/serveis\/instal%C2%B7lacions-fixes\/\">material audiovisual com a recurs did\u00e0ctic<\/a> pot\u00e8ncia l\u2019inter\u00e8s, la creativitat, la retenci\u00f3 i l\u2019autoaprenentatge dels alumnes. \u00c9s dif\u00edcil imaginar la formaci\u00f3 avui en dia sense el suport del material audiovisual. De fet, ja est\u00e0 introdu\u00eft fins i tot en les primeres fases de l\u2019educaci\u00f3 acad\u00e8mica i \u00e9s un imprescindible en qualsevol esdeveniment o xerrada corporativa.<\/p>\n<p>&nbsp;<\/p>\n<p style=\"text-align: center;\"><span style=\"color: #ff0000;\"><strong><em>En termes generals, les raons principals per a utilitzar material audiovisual com a recurs did\u00e0ctic s\u00f3n la seva capacitat per a aconseguir captar l\u2019atenci\u00f3 de l\u2019alumne o assistents i la facilitat que brinda als docents per a complementar les seves explicacions, arribant a aproximar contingut m\u00e9s complex i fer-lo entenedor.<\/em><\/strong><\/span><\/p>\n<p>&nbsp;<\/p>\n<p>Lluny queden els anys en qu\u00e8 depen\u00edem dels <a href=\"https:\/\/eikonos.com\/ca\/blog\/historia-del-projector-de-video-de-lanalogic-al-digital\/\">projectors anal\u00f2gics<\/a> a l\u2019aula. Tot i que, sens dubte, avui en dia seguim tenint el projector de v\u00eddeo com a una de les tecnologies m\u00e9s v\u00e0lides a la nostra disposici\u00f3, amb varis models de gran qualitat com la tecnologia LCD i DLP.<\/p>\n<p>Amb el pas del temps aquests equips s\u2019han anat actualitzant i avui en dia es poden trobar en el mercat una quantitat de pantalles t\u00e0ctils de diferents mides i capacitats (tecnologia multitouch, \u00e9s a dir, 2-6-10 tocs), que ens faciliten el \u201ctenir a m\u00e0\u201d el dispositiu sempre que el necessitem.<\/p>\n<p>&nbsp;<\/p>\n<h2><span style=\"color: #ff0000;\">Les millors solucions audiovisuals com a recurs did\u00e0ctic<\/span><\/h2>\n<p><span style=\"color: #ff0000;\"><strong>Pissarres interactives<\/strong><\/span><\/p>\n<p>Tot i que per al seu funcionament necessiten un projector i un ordinador, aquestes pissarres s\u00f3n un recurs\u00a0tecno-educatiude primer nivell. Una dels avantatges que t\u00e9 el seu \u00fas \u00e9s la proximitat al model tradicional d&#8217;ensenyament en la qual el mestre presenta els continguts principals per a despr\u00e9s passar a les activitats individuals i grupals. Fomenten un ensenyament m\u00e9s efica\u00e7, tenint molta acceptaci\u00f3 de col\u00b7legis, instituts i universitats.<\/p>\n<p>&nbsp;<\/p>\n<p><span style=\"color: #ff0000;\"><strong>Monitors interactius<\/strong><\/span><\/p>\n<p>No requereixen de projector, per la qual cosa les aules poden aprofitar tota la llum natural que arriba a trav\u00e9s dels finestrals i que tant limiten altres equips. Aqu\u00ed ens veiem limitats per la mida dels mateixos i el preu dels grans formats (86, 98 polzades).<\/p>\n<p>&nbsp;<\/p>\n<p><span style=\"color: #ff0000;\"><strong>Projeccions<\/strong><\/span><\/p>\n<p>La idea del v\u00eddeo did\u00e0ctic va sorgir com una necessitat de tenir un recurs que s\u2019ajust\u00e9s als requeriments del docent com un suport en la seva labor educativa, podent ser explotat a causa de l\u2019impacte visual que posseeix.<\/p>\n<p>&nbsp;<\/p>\n<p>\u00c9s bo aclarir que aquest tipus de material ha de ser instal\u00b7lat per experts en la mat\u00e8ria. Parlem de tecnologia d\u2019\u00faltima generaci\u00f3 que cal saber utilitzar, sobre tot per a treure-li el partit de forma adequada. De res serveix fer una inversi\u00f3 important en un equip amb molts l\u00famens si despr\u00e9s no sabem donar-li l\u2019\u00fas adequat.\u00a0<strong>Confia en experts que no nom\u00e9s venguin el producte, sin\u00f3 que t\u2019assessorin sobre els seus beneficis<\/strong>.<\/p>\n<p>&nbsp;<\/p>\n<p>Tant si vols adquirir equips nous com rebre informaci\u00f3 sobre el millor material audiovisual com a recurs did\u00e0ctic, estarem encantats de poder ajudar-te. <strong><em>Parlem!<\/em><\/strong><\/p>\n<p>&nbsp;<\/p>\n<p><a href=\"https:\/\/eikonos.com\/ca\/serveis\/instal%C2%B7lacions-fixes\/\"><img loading=\"lazy\" decoding=\"async\" class=\"aligncenter wp-image-6115 size-full\" title=\"EIKONOS instal\u00b7lacions audiovisuals fixes\" src=\"https:\/\/eikonos.com\/wp-content\/uploads\/2019\/01\/CTA_EIKONOS_instalaciones_fijas-CAT-1.png\" alt=\"EIKONOS instal\u00b7lacions audiovisuals fixes\" width=\"741\" height=\"250\" srcset=\"https:\/\/eikonos.com\/wp-content\/uploads\/2019\/01\/CTA_EIKONOS_instalaciones_fijas-CAT-1.png 741w, https:\/\/eikonos.com\/wp-content\/uploads\/2019\/01\/CTA_EIKONOS_instalaciones_fijas-CAT-1-300x101.png 300w\" sizes=\"auto, (max-width: 741px) 100vw, 741px\" \/><\/a><\/p>\n","protected":false},"excerpt":{"rendered":"<p>L\u2019\u00fas de material audiovisual com a recurs did\u00e0ctic pot\u00e8ncia l\u2019inter\u00e8s, la creativitat, la retenci\u00f3 i&#8230;<\/p>\n","protected":false},"author":6,"featured_media":6207,"comment_status":"open","ping_status":"open","sticky":false,"template":"","format":"standard","meta":{"_acf_changed":false,"footnotes":""},"categories":[255],"tags":[],"class_list":["post-6229","post","type-post","status-publish","format-standard","has-post-thumbnail","hentry","category-installacions-fixes"],"acf":[],"yoast_head":"<!-- This site is optimized with the Yoast SEO plugin v26.3 - https:\/\/yoast.com\/wordpress\/plugins\/seo\/ -->\n<title>\u00das del material audiovisual com a excel\u00b7lent recurs did\u00e0ctic<\/title>\n<meta name=\"description\" content=\"El material audiovisual com a recurs did\u00e0ctic suposa una excel\u00b7lent soluci\u00f3 per a captar l&#039;atenci\u00f3 de l&#039;alumne o assistent i complementar la informaci\u00f3 d&#039;una manera molt m\u00e9s din\u00e0mica.\" \/>\n<meta name=\"robots\" content=\"index, follow, max-snippet:-1, max-image-preview:large, max-video-preview:-1\" \/>\n<link rel=\"canonical\" href=\"https:\/\/eikonos.com\/ca\/blog\/us-material-audiovisual-recurs-didactic\/\" \/>\n<meta property=\"og:locale\" content=\"ca_ES\" \/>\n<meta property=\"og:type\" content=\"article\" \/>\n<meta property=\"og:title\" content=\"\u00das del material audiovisual com a excel\u00b7lent recurs did\u00e0ctic\" \/>\n<meta property=\"og:description\" content=\"El material audiovisual com a recurs did\u00e0ctic suposa una excel\u00b7lent soluci\u00f3 per a captar l&#039;atenci\u00f3 de l&#039;alumne o assistent i complementar la informaci\u00f3 d&#039;una manera molt m\u00e9s din\u00e0mica.\" \/>\n<meta property=\"og:url\" content=\"https:\/\/eikonos.com\/ca\/blog\/us-material-audiovisual-recurs-didactic\/\" \/>\n<meta property=\"og:site_name\" content=\"EIKONOS\" \/>\n<meta property=\"article:publisher\" content=\"http:\/\/www.facebook.com\/pages\/Eikonos\/176324785746790\" \/>\n<meta property=\"article:published_time\" content=\"2019-01-29T14:55:27+00:00\" \/>\n<meta property=\"og:image\" content=\"https:\/\/eikonos.com\/wp-content\/uploads\/2019\/03\/material-audiovisual-recurso-didactico-1.jpg\" \/>\n\t<meta property=\"og:image:width\" content=\"724\" \/>\n\t<meta property=\"og:image:height\" content=\"432\" \/>\n\t<meta property=\"og:image:type\" content=\"image\/jpeg\" \/>\n<meta name=\"author\" content=\"Xavi Eikonos\" \/>\n<meta name=\"twitter:card\" content=\"summary_large_image\" \/>\n<meta name=\"twitter:creator\" content=\"@eikonos_sa\" \/>\n<meta name=\"twitter:site\" content=\"@eikonos_sa\" \/>\n<meta name=\"twitter:label1\" content=\"Escrit per\" \/>\n\t<meta name=\"twitter:data1\" content=\"Xavi Eikonos\" \/>\n\t<meta name=\"twitter:label2\" content=\"Temps estimat de lectura\" \/>\n\t<meta name=\"twitter:data2\" content=\"3 minuts\" \/>\n<script type=\"application\/ld+json\" class=\"yoast-schema-graph\">{\"@context\":\"https:\/\/schema.org\",\"@graph\":[{\"@type\":\"Article\",\"@id\":\"https:\/\/eikonos.com\/ca\/blog\/us-material-audiovisual-recurs-didactic\/#article\",\"isPartOf\":{\"@id\":\"https:\/\/eikonos.com\/ca\/blog\/us-material-audiovisual-recurs-didactic\/\"},\"author\":{\"name\":\"Xavi Eikonos\",\"@id\":\"https:\/\/eikonos.com\/ca\/#\/schema\/person\/82032860cc314d826959b90595a5280a\"},\"headline\":\"\u00das del material audiovisual com a excel\u00b7lent recurs did\u00e0ctic\",\"datePublished\":\"2019-01-29T14:55:27+00:00\",\"mainEntityOfPage\":{\"@id\":\"https:\/\/eikonos.com\/ca\/blog\/us-material-audiovisual-recurs-didactic\/\"},\"wordCount\":530,\"commentCount\":0,\"publisher\":{\"@id\":\"https:\/\/eikonos.com\/ca\/#organization\"},\"image\":{\"@id\":\"https:\/\/eikonos.com\/ca\/blog\/us-material-audiovisual-recurs-didactic\/#primaryimage\"},\"thumbnailUrl\":\"https:\/\/eikonos.com\/wp-content\/uploads\/2019\/03\/material-audiovisual-recurso-didactico-1.jpg\",\"articleSection\":[\"Instal\u00b7lacions fixes\"],\"inLanguage\":\"ca\",\"potentialAction\":[{\"@type\":\"CommentAction\",\"name\":\"Comment\",\"target\":[\"https:\/\/eikonos.com\/ca\/blog\/us-material-audiovisual-recurs-didactic\/#respond\"]}]},{\"@type\":\"WebPage\",\"@id\":\"https:\/\/eikonos.com\/ca\/blog\/us-material-audiovisual-recurs-didactic\/\",\"url\":\"https:\/\/eikonos.com\/ca\/blog\/us-material-audiovisual-recurs-didactic\/\",\"name\":\"\u00das del material audiovisual com a excel\u00b7lent recurs did\u00e0ctic\",\"isPartOf\":{\"@id\":\"https:\/\/eikonos.com\/ca\/#website\"},\"primaryImageOfPage\":{\"@id\":\"https:\/\/eikonos.com\/ca\/blog\/us-material-audiovisual-recurs-didactic\/#primaryimage\"},\"image\":{\"@id\":\"https:\/\/eikonos.com\/ca\/blog\/us-material-audiovisual-recurs-didactic\/#primaryimage\"},\"thumbnailUrl\":\"https:\/\/eikonos.com\/wp-content\/uploads\/2019\/03\/material-audiovisual-recurso-didactico-1.jpg\",\"datePublished\":\"2019-01-29T14:55:27+00:00\",\"description\":\"El material audiovisual com a recurs did\u00e0ctic suposa una excel\u00b7lent soluci\u00f3 per a captar l'atenci\u00f3 de l'alumne o assistent i complementar la informaci\u00f3 d'una manera molt m\u00e9s din\u00e0mica.\",\"breadcrumb\":{\"@id\":\"https:\/\/eikonos.com\/ca\/blog\/us-material-audiovisual-recurs-didactic\/#breadcrumb\"},\"inLanguage\":\"ca\",\"potentialAction\":[{\"@type\":\"ReadAction\",\"target\":[\"https:\/\/eikonos.com\/ca\/blog\/us-material-audiovisual-recurs-didactic\/\"]}]},{\"@type\":\"ImageObject\",\"inLanguage\":\"ca\",\"@id\":\"https:\/\/eikonos.com\/ca\/blog\/us-material-audiovisual-recurs-didactic\/#primaryimage\",\"url\":\"https:\/\/eikonos.com\/wp-content\/uploads\/2019\/03\/material-audiovisual-recurso-didactico-1.jpg\",\"contentUrl\":\"https:\/\/eikonos.com\/wp-content\/uploads\/2019\/03\/material-audiovisual-recurso-didactico-1.jpg\",\"width\":724,\"height\":432,\"caption\":\"Material audiovisual como recurso did\u00e1ctico\"},{\"@type\":\"BreadcrumbList\",\"@id\":\"https:\/\/eikonos.com\/ca\/blog\/us-material-audiovisual-recurs-didactic\/#breadcrumb\",\"itemListElement\":[{\"@type\":\"ListItem\",\"position\":1,\"name\":\"EIKONOS\",\"item\":\"https:\/\/eikonos.com\/ca\/inici\/\"},{\"@type\":\"ListItem\",\"position\":2,\"name\":\"\u00das del material audiovisual com a excel\u00b7lent recurs did\u00e0ctic\"}]},{\"@type\":\"WebSite\",\"@id\":\"https:\/\/eikonos.com\/ca\/#website\",\"url\":\"https:\/\/eikonos.com\/ca\/\",\"name\":\"EIKONOS\",\"description\":\"EXPERIENCIA AUDIOVISUAL\",\"publisher\":{\"@id\":\"https:\/\/eikonos.com\/ca\/#organization\"},\"potentialAction\":[{\"@type\":\"SearchAction\",\"target\":{\"@type\":\"EntryPoint\",\"urlTemplate\":\"https:\/\/eikonos.com\/ca\/?s={search_term_string}\"},\"query-input\":{\"@type\":\"PropertyValueSpecification\",\"valueRequired\":true,\"valueName\":\"search_term_string\"}}],\"inLanguage\":\"ca\"},{\"@type\":\"Organization\",\"@id\":\"https:\/\/eikonos.com\/ca\/#organization\",\"name\":\"EIKONOS | Servicios Audiovisuales, eventos y alquiler de equipos\",\"url\":\"https:\/\/eikonos.com\/ca\/\",\"logo\":{\"@type\":\"ImageObject\",\"inLanguage\":\"ca\",\"@id\":\"https:\/\/eikonos.com\/ca\/#\/schema\/logo\/image\/\",\"url\":\"https:\/\/eikonos.com\/wp-content\/uploads\/2020\/08\/logo-color.png\",\"contentUrl\":\"https:\/\/eikonos.com\/wp-content\/uploads\/2020\/08\/logo-color.png\",\"width\":376,\"height\":122,\"caption\":\"EIKONOS | Servicios Audiovisuales, eventos y alquiler de equipos\"},\"image\":{\"@id\":\"https:\/\/eikonos.com\/ca\/#\/schema\/logo\/image\/\"},\"sameAs\":[\"http:\/\/www.facebook.com\/pages\/Eikonos\/176324785746790\",\"https:\/\/x.com\/eikonos_sa\",\"http:\/\/www.linkedin.com\/company\/eikonos\",\"http:\/\/www.youtube.com\/channel\/UC8wcizWaAYbfsuqVf9wIT6w\"]},{\"@type\":\"Person\",\"@id\":\"https:\/\/eikonos.com\/ca\/#\/schema\/person\/82032860cc314d826959b90595a5280a\",\"name\":\"Xavi Eikonos\",\"image\":{\"@type\":\"ImageObject\",\"inLanguage\":\"ca\",\"@id\":\"https:\/\/eikonos.com\/ca\/#\/schema\/person\/image\/\",\"url\":\"https:\/\/secure.gravatar.com\/avatar\/a6c6b51dd0ac6902701aab24a914f6febe1518f94a5ae06db08b3d6107248dfd?s=96&d=mm&r=g\",\"contentUrl\":\"https:\/\/secure.gravatar.com\/avatar\/a6c6b51dd0ac6902701aab24a914f6febe1518f94a5ae06db08b3d6107248dfd?s=96&d=mm&r=g\",\"caption\":\"Xavi Eikonos\"}}]}<\/script>\n<!-- \/ Yoast SEO plugin. -->","yoast_head_json":{"title":"\u00das del material audiovisual com a excel\u00b7lent recurs did\u00e0ctic","description":"El material audiovisual com a recurs did\u00e0ctic suposa una excel\u00b7lent soluci\u00f3 per a captar l'atenci\u00f3 de l'alumne o assistent i complementar la informaci\u00f3 d'una manera molt m\u00e9s din\u00e0mica.","robots":{"index":"index","follow":"follow","max-snippet":"max-snippet:-1","max-image-preview":"max-image-preview:large","max-video-preview":"max-video-preview:-1"},"canonical":"https:\/\/eikonos.com\/ca\/blog\/us-material-audiovisual-recurs-didactic\/","og_locale":"ca_ES","og_type":"article","og_title":"\u00das del material audiovisual com a excel\u00b7lent recurs did\u00e0ctic","og_description":"El material audiovisual com a recurs did\u00e0ctic suposa una excel\u00b7lent soluci\u00f3 per a captar l'atenci\u00f3 de l'alumne o assistent i complementar la informaci\u00f3 d'una manera molt m\u00e9s din\u00e0mica.","og_url":"https:\/\/eikonos.com\/ca\/blog\/us-material-audiovisual-recurs-didactic\/","og_site_name":"EIKONOS","article_publisher":"http:\/\/www.facebook.com\/pages\/Eikonos\/176324785746790","article_published_time":"2019-01-29T14:55:27+00:00","og_image":[{"width":724,"height":432,"url":"https:\/\/eikonos.com\/wp-content\/uploads\/2019\/03\/material-audiovisual-recurso-didactico-1.jpg","type":"image\/jpeg"}],"author":"Xavi Eikonos","twitter_card":"summary_large_image","twitter_creator":"@eikonos_sa","twitter_site":"@eikonos_sa","twitter_misc":{"Escrit per":"Xavi Eikonos","Temps estimat de lectura":"3 minuts"},"schema":{"@context":"https:\/\/schema.org","@graph":[{"@type":"Article","@id":"https:\/\/eikonos.com\/ca\/blog\/us-material-audiovisual-recurs-didactic\/#article","isPartOf":{"@id":"https:\/\/eikonos.com\/ca\/blog\/us-material-audiovisual-recurs-didactic\/"},"author":{"name":"Xavi Eikonos","@id":"https:\/\/eikonos.com\/ca\/#\/schema\/person\/82032860cc314d826959b90595a5280a"},"headline":"\u00das del material audiovisual com a excel\u00b7lent recurs did\u00e0ctic","datePublished":"2019-01-29T14:55:27+00:00","mainEntityOfPage":{"@id":"https:\/\/eikonos.com\/ca\/blog\/us-material-audiovisual-recurs-didactic\/"},"wordCount":530,"commentCount":0,"publisher":{"@id":"https:\/\/eikonos.com\/ca\/#organization"},"image":{"@id":"https:\/\/eikonos.com\/ca\/blog\/us-material-audiovisual-recurs-didactic\/#primaryimage"},"thumbnailUrl":"https:\/\/eikonos.com\/wp-content\/uploads\/2019\/03\/material-audiovisual-recurso-didactico-1.jpg","articleSection":["Instal\u00b7lacions fixes"],"inLanguage":"ca","potentialAction":[{"@type":"CommentAction","name":"Comment","target":["https:\/\/eikonos.com\/ca\/blog\/us-material-audiovisual-recurs-didactic\/#respond"]}]},{"@type":"WebPage","@id":"https:\/\/eikonos.com\/ca\/blog\/us-material-audiovisual-recurs-didactic\/","url":"https:\/\/eikonos.com\/ca\/blog\/us-material-audiovisual-recurs-didactic\/","name":"\u00das del material audiovisual com a excel\u00b7lent recurs did\u00e0ctic","isPartOf":{"@id":"https:\/\/eikonos.com\/ca\/#website"},"primaryImageOfPage":{"@id":"https:\/\/eikonos.com\/ca\/blog\/us-material-audiovisual-recurs-didactic\/#primaryimage"},"image":{"@id":"https:\/\/eikonos.com\/ca\/blog\/us-material-audiovisual-recurs-didactic\/#primaryimage"},"thumbnailUrl":"https:\/\/eikonos.com\/wp-content\/uploads\/2019\/03\/material-audiovisual-recurso-didactico-1.jpg","datePublished":"2019-01-29T14:55:27+00:00","description":"El material audiovisual com a recurs did\u00e0ctic suposa una excel\u00b7lent soluci\u00f3 per a captar l'atenci\u00f3 de l'alumne o assistent i complementar la informaci\u00f3 d'una manera molt m\u00e9s din\u00e0mica.","breadcrumb":{"@id":"https:\/\/eikonos.com\/ca\/blog\/us-material-audiovisual-recurs-didactic\/#breadcrumb"},"inLanguage":"ca","potentialAction":[{"@type":"ReadAction","target":["https:\/\/eikonos.com\/ca\/blog\/us-material-audiovisual-recurs-didactic\/"]}]},{"@type":"ImageObject","inLanguage":"ca","@id":"https:\/\/eikonos.com\/ca\/blog\/us-material-audiovisual-recurs-didactic\/#primaryimage","url":"https:\/\/eikonos.com\/wp-content\/uploads\/2019\/03\/material-audiovisual-recurso-didactico-1.jpg","contentUrl":"https:\/\/eikonos.com\/wp-content\/uploads\/2019\/03\/material-audiovisual-recurso-didactico-1.jpg","width":724,"height":432,"caption":"Material audiovisual como recurso did\u00e1ctico"},{"@type":"BreadcrumbList","@id":"https:\/\/eikonos.com\/ca\/blog\/us-material-audiovisual-recurs-didactic\/#breadcrumb","itemListElement":[{"@type":"ListItem","position":1,"name":"EIKONOS","item":"https:\/\/eikonos.com\/ca\/inici\/"},{"@type":"ListItem","position":2,"name":"\u00das del material audiovisual com a excel\u00b7lent recurs did\u00e0ctic"}]},{"@type":"WebSite","@id":"https:\/\/eikonos.com\/ca\/#website","url":"https:\/\/eikonos.com\/ca\/","name":"EIKONOS","description":"EXPERIENCIA AUDIOVISUAL","publisher":{"@id":"https:\/\/eikonos.com\/ca\/#organization"},"potentialAction":[{"@type":"SearchAction","target":{"@type":"EntryPoint","urlTemplate":"https:\/\/eikonos.com\/ca\/?s={search_term_string}"},"query-input":{"@type":"PropertyValueSpecification","valueRequired":true,"valueName":"search_term_string"}}],"inLanguage":"ca"},{"@type":"Organization","@id":"https:\/\/eikonos.com\/ca\/#organization","name":"EIKONOS | Servicios Audiovisuales, eventos y alquiler de equipos","url":"https:\/\/eikonos.com\/ca\/","logo":{"@type":"ImageObject","inLanguage":"ca","@id":"https:\/\/eikonos.com\/ca\/#\/schema\/logo\/image\/","url":"https:\/\/eikonos.com\/wp-content\/uploads\/2020\/08\/logo-color.png","contentUrl":"https:\/\/eikonos.com\/wp-content\/uploads\/2020\/08\/logo-color.png","width":376,"height":122,"caption":"EIKONOS | Servicios Audiovisuales, eventos y alquiler de equipos"},"image":{"@id":"https:\/\/eikonos.com\/ca\/#\/schema\/logo\/image\/"},"sameAs":["http:\/\/www.facebook.com\/pages\/Eikonos\/176324785746790","https:\/\/x.com\/eikonos_sa","http:\/\/www.linkedin.com\/company\/eikonos","http:\/\/www.youtube.com\/channel\/UC8wcizWaAYbfsuqVf9wIT6w"]},{"@type":"Person","@id":"https:\/\/eikonos.com\/ca\/#\/schema\/person\/82032860cc314d826959b90595a5280a","name":"Xavi Eikonos","image":{"@type":"ImageObject","inLanguage":"ca","@id":"https:\/\/eikonos.com\/ca\/#\/schema\/person\/image\/","url":"https:\/\/secure.gravatar.com\/avatar\/a6c6b51dd0ac6902701aab24a914f6febe1518f94a5ae06db08b3d6107248dfd?s=96&d=mm&r=g","contentUrl":"https:\/\/secure.gravatar.com\/avatar\/a6c6b51dd0ac6902701aab24a914f6febe1518f94a5ae06db08b3d6107248dfd?s=96&d=mm&r=g","caption":"Xavi Eikonos"}}]}},"_links":{"self":[{"href":"https:\/\/eikonos.com\/ca\/wp-json\/wp\/v2\/posts\/6229","targetHints":{"allow":["GET"]}}],"collection":[{"href":"https:\/\/eikonos.com\/ca\/wp-json\/wp\/v2\/posts"}],"about":[{"href":"https:\/\/eikonos.com\/ca\/wp-json\/wp\/v2\/types\/post"}],"author":[{"embeddable":true,"href":"https:\/\/eikonos.com\/ca\/wp-json\/wp\/v2\/users\/6"}],"replies":[{"embeddable":true,"href":"https:\/\/eikonos.com\/ca\/wp-json\/wp\/v2\/comments?post=6229"}],"version-history":[{"count":0,"href":"https:\/\/eikonos.com\/ca\/wp-json\/wp\/v2\/posts\/6229\/revisions"}],"wp:featuredmedia":[{"embeddable":true,"href":"https:\/\/eikonos.com\/ca\/wp-json\/wp\/v2\/media\/6207"}],"wp:attachment":[{"href":"https:\/\/eikonos.com\/ca\/wp-json\/wp\/v2\/media?parent=6229"}],"wp:term":[{"taxonomy":"category","embeddable":true,"href":"https:\/\/eikonos.com\/ca\/wp-json\/wp\/v2\/categories?post=6229"},{"taxonomy":"post_tag","embeddable":true,"href":"https:\/\/eikonos.com\/ca\/wp-json\/wp\/v2\/tags?post=6229"}],"curies":[{"name":"wp","href":"https:\/\/api.w.org\/{rel}","templated":true}]}}