{"id":6188,"date":"2019-02-12T13:32:04","date_gmt":"2019-02-12T12:32:04","guid":{"rendered":"https:\/\/eikonos.com\/?p=6188"},"modified":"2019-02-12T13:32:04","modified_gmt":"2019-02-12T12:32:04","slug":"fira-ise-2019-major-esdeveniment-sector-audiovisual","status":"publish","type":"post","link":"https:\/\/eikonos.com\/ca\/blog\/fira-ise-2019-major-esdeveniment-sector-audiovisual\/","title":{"rendered":"Fira ISE 2019: aix\u00ed va ser el major esdeveniment del sector audiovisual"},"content":{"rendered":"<p>Aquest any Amsterdam va tornar a albergar la major fira audiovisual d\u2019Europa. Parlem de la Fira ISE 2019, acr\u00f2nim de Integred Systems Europe, que va comptar amb 1.200 expositors i 77.000 assistents.<\/p>\n<p>Com a gran esdeveniment de tecnologia, la cita \u00e9s esperada i molt important per a les marques, ja que es brinda la possibilitat de mostrar totes les seves novetats en <a href=\"https:\/\/eikonos.com\/ca\/\">solucions audiovisuals<\/a>, i poder tenir refer\u00e8ncia de la compet\u00e8ncia.<\/p>\n<p>&nbsp;<\/p>\n<p style=\"text-align: center;\"><strong><span style=\"color: #ff0000;\"><em>La Fira ISE va comptar amb \u00e0rees especialitzades en \u00e0udio, senyalitzaci\u00f3 digital, solucions de dom\u00f2tica per a llars i oficines, aix\u00ed com infinitat de noves aplicacions per a edificis intel\u00b7ligents.<\/em><\/span><\/strong><\/p>\n<p>&nbsp;<\/p>\n<h2><\/h2>\n<h2><\/h2>\n<h2><span style=\"color: #ff0000;\">Novetats de la Fira ISE 2019<\/span><\/h2>\n<p>Han estat un munt les novetats presentades, per\u00f2 calen destacar:<\/p>\n<ul>\n<li><strong>Monitors LED enrotllables<\/strong>. Com el Signature OLED de LG, destinat al mercat dom\u00e8stic i que prometen que sortir\u00e0 al mercat a finals de mar\u00e7 del 2019.<\/li>\n<li><strong>Pantalles LED amb marcs i vidre<\/strong> protector i amb suport integrat de fins a 120\u201d<\/li>\n<li><strong>Pantalles LED de 1,8 i 0,9mm d\u2019Unilumin i Unano<\/strong>, amb definicions de somni. Situant-te a un metre de dist\u00e0ncia, es veuen perfectament.<\/li>\n<li><strong>Pantalles LED amb formes<\/strong>, siguin ondulacions o cantonades netes.<\/li>\n<li><strong>Pantalles LED corbes flexibles<\/strong>, creant formes c\u00f2ncaves o convexes.<\/li>\n<li><strong>Terres interactius de LED<\/strong>: molt millorats a nivell de robustesa i resolucions.<\/li>\n<li><strong>Sostres de LED<\/strong>: amb m\u00f2duls que s\u2019assemblen en aspecte i mida a les plaques de sostre est\u00e0ndard.<\/li>\n<li><strong>Nous dispositius Iposter de 2,5mm i 1,9mm<\/strong>. Disponibles ja a <strong>EIKONOS<\/strong>.<\/li>\n<li><strong>Noves xarxes de gesti\u00f3<\/strong> i distribuci\u00f3 de continguts.<\/li>\n<li><strong>Pantalles interactives<\/strong>, destacant les transparents, que hem pogut veure en la majoria dels estants d\u2019expositors. Una soluci\u00f3 que s\u2019assembla a una vitrina, sobre la qual podem tocar i arrossegar elements, provar-se roba de manera virtual, sens dubte grans reclams per al sector retail.<\/li>\n<li><strong>Pantalles a doble cara ideals per a botigues.<\/strong><\/li>\n<li><strong>Millores a 4K i 8K<\/strong> en projecci\u00f3 i monitoratge industrial<\/li>\n<li><strong>Increment de la definici\u00f3<\/strong> que ofereixen els sistemes d\u2019h\u00e8lixs, gr\u00e0cies a nous softwares i millores en la freq\u00fc\u00e8ncia.<\/li>\n<li><strong>Solucions de cinema a casa<\/strong> amb altes resolucions actualitzades i sistemes de so evolucionats.<\/li>\n<li><strong>Projectes de v\u00eddeo<\/strong> i pantalles de fins a 50.000 l\u00famens.<\/li>\n<li><strong>Mapping de projecci\u00f3 en 3D<\/strong>, sobre els quals hem parlat en multitud d\u2019ocasions en el <a href=\"https:\/\/eikonos.com\/blog\/\">blog d\u2019Eikonos<\/a>, per\u00f2 aquesta vegada implementats per interactivitat.<\/li>\n<\/ul>\n<p>&nbsp;<\/p>\n<p><img loading=\"lazy\" decoding=\"async\" class=\"aligncenter wp-image-6190 size-full\" src=\"https:\/\/eikonos.com\/wp-content\/uploads\/2019\/03\/eventos-audiovisuales-1-1.jpg\" alt=\"Esdeveniments audiovisuals a Barcelona\" width=\"724\" height=\"432\" srcset=\"https:\/\/eikonos.com\/wp-content\/uploads\/2019\/03\/eventos-audiovisuales-1-1.jpg 724w, https:\/\/eikonos.com\/wp-content\/uploads\/2019\/03\/eventos-audiovisuales-1-1-300x179.jpg 300w\" sizes=\"auto, (max-width: 724px) 100vw, 724px\" \/><\/p>\n<p>&nbsp;<\/p>\n<p>A la fira tamb\u00e9 hi va haver espai per als programes de formaci\u00f3. Al llarg de quinze pavellons, els assistents van poder acudir a xerrades i consultar amb els l\u00edders de les marques creadores d\u2019aquestes tecnologies. D\u2019altra banda, cada vegada s\u00f3n m\u00e9s les propostes paral\u00b7leles que completen l\u2019oferta principal de la fira, fet que la converteix en dif\u00edcilment inigualable.<\/p>\n<p>&nbsp;<\/p>\n<h2><span style=\"color: #ff0000;\">Barcelona, nou dest\u00ed de la Fira ISE a partir de 2021<\/span><\/h2>\n<p>Com ja va anunciar l\u2019organitzaci\u00f3, l\u2019edici\u00f3 de 2020 ser\u00e0 l\u2019\u00faltima que la capital holandesa acull aquest esdeveniment mundial. Malgrat haver venut ja el 92% de la superf\u00edcie per a 2020, a partir del seg\u00fcent any ser\u00e0 la ciutat comtal \u00a0la seu permanent del ISE. Una oportunitat excepcional per a accedir de primera m\u00e0 a les solucions m\u00e9s capdavanteres en el que a pantalles i \u00e0udio d\u2019\u00fas professional es refereix.<\/p>\n<p>Cal recordar que coincideix quasi gaireb\u00e9 en dates amb el Mobile World Congress, la qual cosa posiciona al mes de febrer com el moment en qu\u00e8 les marques es posen de llarg per a mostrar el millor de si mateixes a tot el m\u00f3n, amb Barcelona com a focus de totes les mirades.<\/p>\n<p>Mentrestant, haurem d\u2019esperar a veure quines novetats ens presenten els principals fabricants mundials del 11 al 14 de febrer de 2020, en la pr\u00f2xima edici\u00f3 de la Fira ISE.<\/p>\n<p>&nbsp;<\/p>\n<p>Tens una fira o esdeveniment a la vista i vols seduir a l\u2019audi\u00e8ncia amb els millors sistemes audiovisuals? T\u2019ajudem a aconseguir-ho en Eikonos. <strong><em>Parlem!<\/em><\/strong><\/p>\n<p>&nbsp;<\/p>\n<p><a href=\"https:\/\/eikonos.com\/ca\/serveis\/esdeveniments-audiovisuals\/\"><img loading=\"lazy\" decoding=\"async\" class=\"aligncenter wp-image-6099 size-full\" title=\"EIKONOS serveis audiovisuals per a esdeveniments\" src=\"https:\/\/eikonos.com\/wp-content\/uploads\/2019\/01\/eikonos-cta-organitzacio-esdeveniments-audiovisuals-1.png\" alt=\"EIKONOS serveis audiovisuals per a esdeveniments\" width=\"741\" height=\"250\" srcset=\"https:\/\/eikonos.com\/wp-content\/uploads\/2019\/01\/eikonos-cta-organitzacio-esdeveniments-audiovisuals-1.png 741w, https:\/\/eikonos.com\/wp-content\/uploads\/2019\/01\/eikonos-cta-organitzacio-esdeveniments-audiovisuals-1-300x101.png 300w\" sizes=\"auto, (max-width: 741px) 100vw, 741px\" \/><\/a><\/p>\n","protected":false},"excerpt":{"rendered":"<p>Aquest any Amsterdam va tornar a albergar la major fira audiovisual d\u2019Europa. Parlem de la&#8230;<\/p>\n","protected":false},"author":6,"featured_media":6184,"comment_status":"open","ping_status":"open","sticky":false,"template":"","format":"standard","meta":{"_acf_changed":false,"footnotes":""},"categories":[260],"tags":[],"class_list":["post-6188","post","type-post","status-publish","format-standard","has-post-thumbnail","hentry","category-esdeveniments-audiovisuals"],"acf":[],"yoast_head":"<!-- This site is optimized with the Yoast SEO plugin v26.3 - https:\/\/yoast.com\/wordpress\/plugins\/seo\/ -->\n<title>Fira ISE 2019: aix\u00ed va ser el major esdeveniment del sector audiovisual<\/title>\n<meta name=\"description\" content=\"Visitem la Fira ISE 2019 i t&#039;expliquem totes les novetats d&#039;un dels majors esdeveniments del sector audiovisual. Tens un projecte audiovisual? T&#039;ajudem!\" \/>\n<meta name=\"robots\" content=\"index, follow, max-snippet:-1, max-image-preview:large, max-video-preview:-1\" \/>\n<link rel=\"canonical\" href=\"https:\/\/eikonos.com\/ca\/blog\/fira-ise-2019-major-esdeveniment-sector-audiovisual\/\" \/>\n<meta property=\"og:locale\" content=\"ca_ES\" \/>\n<meta property=\"og:type\" content=\"article\" \/>\n<meta property=\"og:title\" content=\"Fira ISE 2019: aix\u00ed va ser el major esdeveniment del sector audiovisual\" \/>\n<meta property=\"og:description\" content=\"Visitem la Fira ISE 2019 i t&#039;expliquem totes les novetats d&#039;un dels majors esdeveniments del sector audiovisual. Tens un projecte audiovisual? T&#039;ajudem!\" \/>\n<meta property=\"og:url\" content=\"https:\/\/eikonos.com\/ca\/blog\/fira-ise-2019-major-esdeveniment-sector-audiovisual\/\" \/>\n<meta property=\"og:site_name\" content=\"EIKONOS\" \/>\n<meta property=\"article:publisher\" content=\"http:\/\/www.facebook.com\/pages\/Eikonos\/176324785746790\" \/>\n<meta property=\"article:published_time\" content=\"2019-02-12T12:32:04+00:00\" \/>\n<meta property=\"og:image\" content=\"https:\/\/eikonos.com\/wp-content\/uploads\/2019\/03\/feria-ise-2019-1.jpg\" \/>\n\t<meta property=\"og:image:width\" content=\"724\" \/>\n\t<meta property=\"og:image:height\" content=\"432\" \/>\n\t<meta property=\"og:image:type\" content=\"image\/jpeg\" \/>\n<meta name=\"author\" content=\"Xavi Eikonos\" \/>\n<meta name=\"twitter:card\" content=\"summary_large_image\" \/>\n<meta name=\"twitter:creator\" content=\"@eikonos_sa\" \/>\n<meta name=\"twitter:site\" content=\"@eikonos_sa\" \/>\n<meta name=\"twitter:label1\" content=\"Escrit per\" \/>\n\t<meta name=\"twitter:data1\" content=\"Xavi Eikonos\" \/>\n\t<meta name=\"twitter:label2\" content=\"Temps estimat de lectura\" \/>\n\t<meta name=\"twitter:data2\" content=\"3 minuts\" \/>\n<script type=\"application\/ld+json\" class=\"yoast-schema-graph\">{\"@context\":\"https:\/\/schema.org\",\"@graph\":[{\"@type\":\"Article\",\"@id\":\"https:\/\/eikonos.com\/ca\/blog\/fira-ise-2019-major-esdeveniment-sector-audiovisual\/#article\",\"isPartOf\":{\"@id\":\"https:\/\/eikonos.com\/ca\/blog\/fira-ise-2019-major-esdeveniment-sector-audiovisual\/\"},\"author\":{\"name\":\"Xavi Eikonos\",\"@id\":\"https:\/\/eikonos.com\/ca\/#\/schema\/person\/82032860cc314d826959b90595a5280a\"},\"headline\":\"Fira ISE 2019: aix\u00ed va ser el major esdeveniment del sector audiovisual\",\"datePublished\":\"2019-02-12T12:32:04+00:00\",\"mainEntityOfPage\":{\"@id\":\"https:\/\/eikonos.com\/ca\/blog\/fira-ise-2019-major-esdeveniment-sector-audiovisual\/\"},\"wordCount\":664,\"commentCount\":0,\"publisher\":{\"@id\":\"https:\/\/eikonos.com\/ca\/#organization\"},\"image\":{\"@id\":\"https:\/\/eikonos.com\/ca\/blog\/fira-ise-2019-major-esdeveniment-sector-audiovisual\/#primaryimage\"},\"thumbnailUrl\":\"https:\/\/eikonos.com\/wp-content\/uploads\/2019\/03\/feria-ise-2019-1.jpg\",\"articleSection\":[\"Esdeveniments audiovisuals\"],\"inLanguage\":\"ca\",\"potentialAction\":[{\"@type\":\"CommentAction\",\"name\":\"Comment\",\"target\":[\"https:\/\/eikonos.com\/ca\/blog\/fira-ise-2019-major-esdeveniment-sector-audiovisual\/#respond\"]}]},{\"@type\":\"WebPage\",\"@id\":\"https:\/\/eikonos.com\/ca\/blog\/fira-ise-2019-major-esdeveniment-sector-audiovisual\/\",\"url\":\"https:\/\/eikonos.com\/ca\/blog\/fira-ise-2019-major-esdeveniment-sector-audiovisual\/\",\"name\":\"Fira ISE 2019: aix\u00ed va ser el major esdeveniment del sector audiovisual\",\"isPartOf\":{\"@id\":\"https:\/\/eikonos.com\/ca\/#website\"},\"primaryImageOfPage\":{\"@id\":\"https:\/\/eikonos.com\/ca\/blog\/fira-ise-2019-major-esdeveniment-sector-audiovisual\/#primaryimage\"},\"image\":{\"@id\":\"https:\/\/eikonos.com\/ca\/blog\/fira-ise-2019-major-esdeveniment-sector-audiovisual\/#primaryimage\"},\"thumbnailUrl\":\"https:\/\/eikonos.com\/wp-content\/uploads\/2019\/03\/feria-ise-2019-1.jpg\",\"datePublished\":\"2019-02-12T12:32:04+00:00\",\"description\":\"Visitem la Fira ISE 2019 i t'expliquem totes les novetats d'un dels majors esdeveniments del sector audiovisual. Tens un projecte audiovisual? T'ajudem!\",\"breadcrumb\":{\"@id\":\"https:\/\/eikonos.com\/ca\/blog\/fira-ise-2019-major-esdeveniment-sector-audiovisual\/#breadcrumb\"},\"inLanguage\":\"ca\",\"potentialAction\":[{\"@type\":\"ReadAction\",\"target\":[\"https:\/\/eikonos.com\/ca\/blog\/fira-ise-2019-major-esdeveniment-sector-audiovisual\/\"]}]},{\"@type\":\"ImageObject\",\"inLanguage\":\"ca\",\"@id\":\"https:\/\/eikonos.com\/ca\/blog\/fira-ise-2019-major-esdeveniment-sector-audiovisual\/#primaryimage\",\"url\":\"https:\/\/eikonos.com\/wp-content\/uploads\/2019\/03\/feria-ise-2019-1.jpg\",\"contentUrl\":\"https:\/\/eikonos.com\/wp-content\/uploads\/2019\/03\/feria-ise-2019-1.jpg\",\"width\":724,\"height\":432},{\"@type\":\"BreadcrumbList\",\"@id\":\"https:\/\/eikonos.com\/ca\/blog\/fira-ise-2019-major-esdeveniment-sector-audiovisual\/#breadcrumb\",\"itemListElement\":[{\"@type\":\"ListItem\",\"position\":1,\"name\":\"EIKONOS\",\"item\":\"https:\/\/eikonos.com\/ca\/inici\/\"},{\"@type\":\"ListItem\",\"position\":2,\"name\":\"Fira ISE 2019: aix\u00ed va ser el major esdeveniment del sector audiovisual\"}]},{\"@type\":\"WebSite\",\"@id\":\"https:\/\/eikonos.com\/ca\/#website\",\"url\":\"https:\/\/eikonos.com\/ca\/\",\"name\":\"EIKONOS\",\"description\":\"EXPERIENCIA AUDIOVISUAL\",\"publisher\":{\"@id\":\"https:\/\/eikonos.com\/ca\/#organization\"},\"potentialAction\":[{\"@type\":\"SearchAction\",\"target\":{\"@type\":\"EntryPoint\",\"urlTemplate\":\"https:\/\/eikonos.com\/ca\/?s={search_term_string}\"},\"query-input\":{\"@type\":\"PropertyValueSpecification\",\"valueRequired\":true,\"valueName\":\"search_term_string\"}}],\"inLanguage\":\"ca\"},{\"@type\":\"Organization\",\"@id\":\"https:\/\/eikonos.com\/ca\/#organization\",\"name\":\"EIKONOS | Servicios Audiovisuales, eventos y alquiler de equipos\",\"url\":\"https:\/\/eikonos.com\/ca\/\",\"logo\":{\"@type\":\"ImageObject\",\"inLanguage\":\"ca\",\"@id\":\"https:\/\/eikonos.com\/ca\/#\/schema\/logo\/image\/\",\"url\":\"https:\/\/eikonos.com\/wp-content\/uploads\/2020\/08\/logo-color.png\",\"contentUrl\":\"https:\/\/eikonos.com\/wp-content\/uploads\/2020\/08\/logo-color.png\",\"width\":376,\"height\":122,\"caption\":\"EIKONOS | Servicios Audiovisuales, eventos y alquiler de equipos\"},\"image\":{\"@id\":\"https:\/\/eikonos.com\/ca\/#\/schema\/logo\/image\/\"},\"sameAs\":[\"http:\/\/www.facebook.com\/pages\/Eikonos\/176324785746790\",\"https:\/\/x.com\/eikonos_sa\",\"http:\/\/www.linkedin.com\/company\/eikonos\",\"http:\/\/www.youtube.com\/channel\/UC8wcizWaAYbfsuqVf9wIT6w\"]},{\"@type\":\"Person\",\"@id\":\"https:\/\/eikonos.com\/ca\/#\/schema\/person\/82032860cc314d826959b90595a5280a\",\"name\":\"Xavi Eikonos\",\"image\":{\"@type\":\"ImageObject\",\"inLanguage\":\"ca\",\"@id\":\"https:\/\/eikonos.com\/ca\/#\/schema\/person\/image\/\",\"url\":\"https:\/\/secure.gravatar.com\/avatar\/a6c6b51dd0ac6902701aab24a914f6febe1518f94a5ae06db08b3d6107248dfd?s=96&d=mm&r=g\",\"contentUrl\":\"https:\/\/secure.gravatar.com\/avatar\/a6c6b51dd0ac6902701aab24a914f6febe1518f94a5ae06db08b3d6107248dfd?s=96&d=mm&r=g\",\"caption\":\"Xavi Eikonos\"}}]}<\/script>\n<!-- \/ Yoast SEO plugin. -->","yoast_head_json":{"title":"Fira ISE 2019: aix\u00ed va ser el major esdeveniment del sector audiovisual","description":"Visitem la Fira ISE 2019 i t'expliquem totes les novetats d'un dels majors esdeveniments del sector audiovisual. Tens un projecte audiovisual? T'ajudem!","robots":{"index":"index","follow":"follow","max-snippet":"max-snippet:-1","max-image-preview":"max-image-preview:large","max-video-preview":"max-video-preview:-1"},"canonical":"https:\/\/eikonos.com\/ca\/blog\/fira-ise-2019-major-esdeveniment-sector-audiovisual\/","og_locale":"ca_ES","og_type":"article","og_title":"Fira ISE 2019: aix\u00ed va ser el major esdeveniment del sector audiovisual","og_description":"Visitem la Fira ISE 2019 i t'expliquem totes les novetats d'un dels majors esdeveniments del sector audiovisual. Tens un projecte audiovisual? T'ajudem!","og_url":"https:\/\/eikonos.com\/ca\/blog\/fira-ise-2019-major-esdeveniment-sector-audiovisual\/","og_site_name":"EIKONOS","article_publisher":"http:\/\/www.facebook.com\/pages\/Eikonos\/176324785746790","article_published_time":"2019-02-12T12:32:04+00:00","og_image":[{"width":724,"height":432,"url":"https:\/\/eikonos.com\/wp-content\/uploads\/2019\/03\/feria-ise-2019-1.jpg","type":"image\/jpeg"}],"author":"Xavi Eikonos","twitter_card":"summary_large_image","twitter_creator":"@eikonos_sa","twitter_site":"@eikonos_sa","twitter_misc":{"Escrit per":"Xavi Eikonos","Temps estimat de lectura":"3 minuts"},"schema":{"@context":"https:\/\/schema.org","@graph":[{"@type":"Article","@id":"https:\/\/eikonos.com\/ca\/blog\/fira-ise-2019-major-esdeveniment-sector-audiovisual\/#article","isPartOf":{"@id":"https:\/\/eikonos.com\/ca\/blog\/fira-ise-2019-major-esdeveniment-sector-audiovisual\/"},"author":{"name":"Xavi Eikonos","@id":"https:\/\/eikonos.com\/ca\/#\/schema\/person\/82032860cc314d826959b90595a5280a"},"headline":"Fira ISE 2019: aix\u00ed va ser el major esdeveniment del sector audiovisual","datePublished":"2019-02-12T12:32:04+00:00","mainEntityOfPage":{"@id":"https:\/\/eikonos.com\/ca\/blog\/fira-ise-2019-major-esdeveniment-sector-audiovisual\/"},"wordCount":664,"commentCount":0,"publisher":{"@id":"https:\/\/eikonos.com\/ca\/#organization"},"image":{"@id":"https:\/\/eikonos.com\/ca\/blog\/fira-ise-2019-major-esdeveniment-sector-audiovisual\/#primaryimage"},"thumbnailUrl":"https:\/\/eikonos.com\/wp-content\/uploads\/2019\/03\/feria-ise-2019-1.jpg","articleSection":["Esdeveniments audiovisuals"],"inLanguage":"ca","potentialAction":[{"@type":"CommentAction","name":"Comment","target":["https:\/\/eikonos.com\/ca\/blog\/fira-ise-2019-major-esdeveniment-sector-audiovisual\/#respond"]}]},{"@type":"WebPage","@id":"https:\/\/eikonos.com\/ca\/blog\/fira-ise-2019-major-esdeveniment-sector-audiovisual\/","url":"https:\/\/eikonos.com\/ca\/blog\/fira-ise-2019-major-esdeveniment-sector-audiovisual\/","name":"Fira ISE 2019: aix\u00ed va ser el major esdeveniment del sector audiovisual","isPartOf":{"@id":"https:\/\/eikonos.com\/ca\/#website"},"primaryImageOfPage":{"@id":"https:\/\/eikonos.com\/ca\/blog\/fira-ise-2019-major-esdeveniment-sector-audiovisual\/#primaryimage"},"image":{"@id":"https:\/\/eikonos.com\/ca\/blog\/fira-ise-2019-major-esdeveniment-sector-audiovisual\/#primaryimage"},"thumbnailUrl":"https:\/\/eikonos.com\/wp-content\/uploads\/2019\/03\/feria-ise-2019-1.jpg","datePublished":"2019-02-12T12:32:04+00:00","description":"Visitem la Fira ISE 2019 i t'expliquem totes les novetats d'un dels majors esdeveniments del sector audiovisual. Tens un projecte audiovisual? T'ajudem!","breadcrumb":{"@id":"https:\/\/eikonos.com\/ca\/blog\/fira-ise-2019-major-esdeveniment-sector-audiovisual\/#breadcrumb"},"inLanguage":"ca","potentialAction":[{"@type":"ReadAction","target":["https:\/\/eikonos.com\/ca\/blog\/fira-ise-2019-major-esdeveniment-sector-audiovisual\/"]}]},{"@type":"ImageObject","inLanguage":"ca","@id":"https:\/\/eikonos.com\/ca\/blog\/fira-ise-2019-major-esdeveniment-sector-audiovisual\/#primaryimage","url":"https:\/\/eikonos.com\/wp-content\/uploads\/2019\/03\/feria-ise-2019-1.jpg","contentUrl":"https:\/\/eikonos.com\/wp-content\/uploads\/2019\/03\/feria-ise-2019-1.jpg","width":724,"height":432},{"@type":"BreadcrumbList","@id":"https:\/\/eikonos.com\/ca\/blog\/fira-ise-2019-major-esdeveniment-sector-audiovisual\/#breadcrumb","itemListElement":[{"@type":"ListItem","position":1,"name":"EIKONOS","item":"https:\/\/eikonos.com\/ca\/inici\/"},{"@type":"ListItem","position":2,"name":"Fira ISE 2019: aix\u00ed va ser el major esdeveniment del sector audiovisual"}]},{"@type":"WebSite","@id":"https:\/\/eikonos.com\/ca\/#website","url":"https:\/\/eikonos.com\/ca\/","name":"EIKONOS","description":"EXPERIENCIA AUDIOVISUAL","publisher":{"@id":"https:\/\/eikonos.com\/ca\/#organization"},"potentialAction":[{"@type":"SearchAction","target":{"@type":"EntryPoint","urlTemplate":"https:\/\/eikonos.com\/ca\/?s={search_term_string}"},"query-input":{"@type":"PropertyValueSpecification","valueRequired":true,"valueName":"search_term_string"}}],"inLanguage":"ca"},{"@type":"Organization","@id":"https:\/\/eikonos.com\/ca\/#organization","name":"EIKONOS | Servicios Audiovisuales, eventos y alquiler de equipos","url":"https:\/\/eikonos.com\/ca\/","logo":{"@type":"ImageObject","inLanguage":"ca","@id":"https:\/\/eikonos.com\/ca\/#\/schema\/logo\/image\/","url":"https:\/\/eikonos.com\/wp-content\/uploads\/2020\/08\/logo-color.png","contentUrl":"https:\/\/eikonos.com\/wp-content\/uploads\/2020\/08\/logo-color.png","width":376,"height":122,"caption":"EIKONOS | Servicios Audiovisuales, eventos y alquiler de equipos"},"image":{"@id":"https:\/\/eikonos.com\/ca\/#\/schema\/logo\/image\/"},"sameAs":["http:\/\/www.facebook.com\/pages\/Eikonos\/176324785746790","https:\/\/x.com\/eikonos_sa","http:\/\/www.linkedin.com\/company\/eikonos","http:\/\/www.youtube.com\/channel\/UC8wcizWaAYbfsuqVf9wIT6w"]},{"@type":"Person","@id":"https:\/\/eikonos.com\/ca\/#\/schema\/person\/82032860cc314d826959b90595a5280a","name":"Xavi Eikonos","image":{"@type":"ImageObject","inLanguage":"ca","@id":"https:\/\/eikonos.com\/ca\/#\/schema\/person\/image\/","url":"https:\/\/secure.gravatar.com\/avatar\/a6c6b51dd0ac6902701aab24a914f6febe1518f94a5ae06db08b3d6107248dfd?s=96&d=mm&r=g","contentUrl":"https:\/\/secure.gravatar.com\/avatar\/a6c6b51dd0ac6902701aab24a914f6febe1518f94a5ae06db08b3d6107248dfd?s=96&d=mm&r=g","caption":"Xavi Eikonos"}}]}},"_links":{"self":[{"href":"https:\/\/eikonos.com\/ca\/wp-json\/wp\/v2\/posts\/6188","targetHints":{"allow":["GET"]}}],"collection":[{"href":"https:\/\/eikonos.com\/ca\/wp-json\/wp\/v2\/posts"}],"about":[{"href":"https:\/\/eikonos.com\/ca\/wp-json\/wp\/v2\/types\/post"}],"author":[{"embeddable":true,"href":"https:\/\/eikonos.com\/ca\/wp-json\/wp\/v2\/users\/6"}],"replies":[{"embeddable":true,"href":"https:\/\/eikonos.com\/ca\/wp-json\/wp\/v2\/comments?post=6188"}],"version-history":[{"count":0,"href":"https:\/\/eikonos.com\/ca\/wp-json\/wp\/v2\/posts\/6188\/revisions"}],"wp:featuredmedia":[{"embeddable":true,"href":"https:\/\/eikonos.com\/ca\/wp-json\/wp\/v2\/media\/6184"}],"wp:attachment":[{"href":"https:\/\/eikonos.com\/ca\/wp-json\/wp\/v2\/media?parent=6188"}],"wp:term":[{"taxonomy":"category","embeddable":true,"href":"https:\/\/eikonos.com\/ca\/wp-json\/wp\/v2\/categories?post=6188"},{"taxonomy":"post_tag","embeddable":true,"href":"https:\/\/eikonos.com\/ca\/wp-json\/wp\/v2\/tags?post=6188"}],"curies":[{"name":"wp","href":"https:\/\/api.w.org\/{rel}","templated":true}]}}