{"id":6170,"date":"2019-01-22T16:51:21","date_gmt":"2019-01-22T15:51:21","guid":{"rendered":"https:\/\/eikonos.com\/?p=6170"},"modified":"2019-01-22T16:51:21","modified_gmt":"2019-01-22T15:51:21","slug":"mobile-world-congress-2019-muntatge-audiovisual-stands","status":"publish","type":"post","link":"https:\/\/eikonos.com\/ca\/blog\/mobile-world-congress-2019-muntatge-audiovisual-stands\/","title":{"rendered":"Mobile World Congress 2019: muntatge audiovisual per a stands"},"content":{"rendered":"<p>Arriba l\u2019edici\u00f3 del <a href=\"https:\/\/www.mwcbarcelona.com\/\">Mobile World Congress 2019<\/a>, el major esdeveniment de tecnologia m\u00f2bil del m\u00f3n. La cita ha guanyat en inter\u00e8s a nivell mundial amb el pas dels anys i \u00e9s una oportunitat \u00fanica per a presentar novetats corporatives i de producte a nivell global.<\/p>\n<p>Quatre dies amb una agenda d\u2019infart on s\u2019esperen novetats com el primer m\u00f2bil flexible de Samsung o el nou Smartphone de Xiaomi amb tres c\u00e0meres integrades. No faltaran els \u201ccotxes connectats\u201d i nous sistemes de control de tr\u00e0nsit on els sem\u00e0fors deixaran de tenir sentit ja que els vehicles podran incorporar sistemes de detecci\u00f3 d\u2019obstacles en temps real, fet que pot marcar un abans i un despr\u00e9s en el model de conducci\u00f3 actual.<\/p>\n<p>Desaprofitar un moment com aquest \u00e9s imperdonable, aix\u00ed que comptar amb els millors recursos i suports \u00e9s imprescindible.<\/p>\n<p>&nbsp;<\/p>\n<h2><span style=\"color: #ff0000;\">Alguns elements que has de cuidar al detall en el muntatge audiovisual per a stands<\/span><\/h2>\n<ul>\n<li><strong>Stand:<\/strong> ubicaci\u00f3, decoraci\u00f3, mobiliari, il\u00b7luminaci\u00f3, so, pantalles, expositors&#8230; Has de tenir en compte que no es tracta nom\u00e9s de muntar el stand, si no que comporta estudis previs per a la seva perfecta integraci\u00f3 en l\u2019entorn est\u00e8tic del stand. Aix\u00f2 permetr\u00e0 tamb\u00e9 que l\u2019equip pugui rendir tot el que s\u2019espera d\u2019ell.<\/li>\n<\/ul>\n<p style=\"padding-left: 30px; text-align: center;\"><strong style=\"text-align: center;\"><span style=\"color: #ff0000;\"><em>Un element imprescindible en cert\u00e0mens d\u2019aquesta categoria s\u00f3n les pantalles LED, un equip que et garantir\u00e0 la definici\u00f3, lluminositat i cridar l\u2019atenci\u00f3 del teu stand.<\/em><\/span><\/strong><\/p>\n<p>&nbsp;<\/p>\n<ul>\n<li><strong>Diferenciaci\u00f3 de la compet\u00e8ncia:<\/strong> cal destacar per a captar l\u2019atenci\u00f3 dels assistents i mitjans. Val la pena invertir en innovaci\u00f3 i comptar amb el suport dels millors equips creatius per a donar la visibilitat que es mereixen els nostres productes i serveis.<\/li>\n<\/ul>\n<p>&nbsp;<\/p>\n<ul>\n<li><strong>PR i comunicaci\u00f3:<\/strong> est\u00e0s en el millor escenari per a fer-te un forat en els horaris de primer time de programes de not\u00edcies i d\u2019actualitat. Aconseguir-ho no \u00e9s casualitat. Confia en l\u2019experi\u00e8ncia d\u2019una ag\u00e8ncia o expert en mitjans de tecnologia per a programar entrevistes.<\/li>\n<\/ul>\n<p>&nbsp;<\/p>\n<ul>\n<li><strong>Lloguer d\u2019equips audiovisuals:<\/strong> el so, la il\u00b7luminaci\u00f3 i especialment tots els equips de v\u00eddeo creen ambients i transmeten imatge de professionalitat i modernitat en fires i esdeveniments. Cuidar aquests recursos ser\u00e0 una de les claus per a la visibilitat i perduraci\u00f3 en el record dels assistents.<\/li>\n<\/ul>\n<p>&nbsp;<\/p>\n<p>En Eikonos comptem amb experi\u00e8ncia en el <a href=\"https:\/\/eikonos.com\/ca\/blog\/importancia-comunicacio-corporativa-en-stands-per-fires\/\">muntatge audiovisual per a stands i fires<\/a> dins del Mobile World Congress. Coneixem b\u00e9 les seves particularitats i l\u2019envergadura de la cita.<\/p>\n<p>&nbsp;<\/p>\n<p><img loading=\"lazy\" decoding=\"async\" class=\"aligncenter size-full wp-image-6173\" src=\"https:\/\/eikonos.com\/wp-content\/uploads\/2019\/02\/montaje-audiovisual-stands-1-1.jpg\" alt=\"\" width=\"724\" height=\"432\" srcset=\"https:\/\/eikonos.com\/wp-content\/uploads\/2019\/02\/montaje-audiovisual-stands-1-1.jpg 724w, https:\/\/eikonos.com\/wp-content\/uploads\/2019\/02\/montaje-audiovisual-stands-1-1-300x179.jpg 300w\" sizes=\"auto, (max-width: 724px) 100vw, 724px\" \/><\/p>\n<p>&nbsp;<\/p>\n<h2><span style=\"color: #ff0000;\">Lloguer de material audiovisual per al Mobile World Congress 2019<\/span><\/h2>\n<p>Amb el servei de lloguer de material no t\u2019haur\u00e0s de preocupar de traslladar material, b\u00e9 si et desplaces des d\u2019Espanya o v\u00e9ns des d\u2019altres parts del m\u00f3n. A <strong>Eikonos<\/strong> tenim a la teva disposici\u00f3 tots els equips que necessites per a destacar davant la compet\u00e8ncia i cridar l\u2019atenci\u00f3 del major nombre de clients i prove\u00efdors.<\/p>\n<p>Tens dubtes sobre el muntatge audiovisual per a stands? <em><strong>Parlem!<\/strong><\/em><\/p>\n<p>&nbsp;<\/p>\n<p><a href=\"https:\/\/eikonos.com\/ca\/serveis\/esdeveniments-audiovisuals\/\"><img loading=\"lazy\" decoding=\"async\" class=\"aligncenter wp-image-6099 size-full\" title=\"EIKONOS serveis audiovisuals per a esdeveniments\" src=\"https:\/\/eikonos.com\/wp-content\/uploads\/2019\/01\/eikonos-cta-organitzacio-esdeveniments-audiovisuals-1.png\" alt=\"EIKONOS serveis audiovisuals per a esdeveniments\" width=\"741\" height=\"250\" srcset=\"https:\/\/eikonos.com\/wp-content\/uploads\/2019\/01\/eikonos-cta-organitzacio-esdeveniments-audiovisuals-1.png 741w, https:\/\/eikonos.com\/wp-content\/uploads\/2019\/01\/eikonos-cta-organitzacio-esdeveniments-audiovisuals-1-300x101.png 300w\" sizes=\"auto, (max-width: 741px) 100vw, 741px\" \/><\/a><\/p>\n","protected":false},"excerpt":{"rendered":"<p>Arriba l\u2019edici\u00f3 del Mobile World Congress 2019, el major esdeveniment de tecnologia m\u00f2bil del m\u00f3n&#8230;.<\/p>\n","protected":false},"author":6,"featured_media":6163,"comment_status":"open","ping_status":"open","sticky":false,"template":"","format":"standard","meta":{"_acf_changed":false,"footnotes":""},"categories":[260],"tags":[],"class_list":["post-6170","post","type-post","status-publish","format-standard","has-post-thumbnail","hentry","category-esdeveniments-audiovisuals"],"acf":[],"yoast_head":"<!-- This site is optimized with the Yoast SEO plugin v26.3 - https:\/\/yoast.com\/wordpress\/plugins\/seo\/ -->\n<title>Mobile World Congress: muntatge audiovisual per a stands | EIKONOS<\/title>\n<meta name=\"description\" content=\"Arriba l\u2019edici\u00f3 del Mobile World Congress 2019, el major esdeveniment de tecnologia m\u00f2bil del m\u00f3n. En Eikonos comptem amb experi\u00e8ncia en el muntatge audiovisual per a stands i fires dins del Mobile World Congress. Coneixem b\u00e9 les seves particularitats i l\u2019envergadura de la cita.\" \/>\n<meta name=\"robots\" content=\"index, follow, max-snippet:-1, max-image-preview:large, max-video-preview:-1\" \/>\n<link rel=\"canonical\" href=\"https:\/\/eikonos.com\/ca\/blog\/mobile-world-congress-2019-muntatge-audiovisual-stands\/\" \/>\n<meta property=\"og:locale\" content=\"ca_ES\" \/>\n<meta property=\"og:type\" content=\"article\" \/>\n<meta property=\"og:title\" content=\"Mobile World Congress: muntatge audiovisual per a stands | EIKONOS\" \/>\n<meta property=\"og:description\" content=\"Arriba l\u2019edici\u00f3 del Mobile World Congress 2019, el major esdeveniment de tecnologia m\u00f2bil del m\u00f3n. En Eikonos comptem amb experi\u00e8ncia en el muntatge audiovisual per a stands i fires dins del Mobile World Congress. Coneixem b\u00e9 les seves particularitats i l\u2019envergadura de la cita.\" \/>\n<meta property=\"og:url\" content=\"https:\/\/eikonos.com\/ca\/blog\/mobile-world-congress-2019-muntatge-audiovisual-stands\/\" \/>\n<meta property=\"og:site_name\" content=\"EIKONOS\" \/>\n<meta property=\"article:publisher\" content=\"http:\/\/www.facebook.com\/pages\/Eikonos\/176324785746790\" \/>\n<meta property=\"article:published_time\" content=\"2019-01-22T15:51:21+00:00\" \/>\n<meta property=\"og:image\" content=\"https:\/\/eikonos.com\/wp-content\/uploads\/2019\/02\/mobile-world-congress-2019-1.jpg\" \/>\n\t<meta property=\"og:image:width\" content=\"724\" \/>\n\t<meta property=\"og:image:height\" content=\"432\" \/>\n\t<meta property=\"og:image:type\" content=\"image\/jpeg\" \/>\n<meta name=\"author\" content=\"Xavi Eikonos\" \/>\n<meta name=\"twitter:card\" content=\"summary_large_image\" \/>\n<meta name=\"twitter:creator\" content=\"@eikonos_sa\" \/>\n<meta name=\"twitter:site\" content=\"@eikonos_sa\" \/>\n<meta name=\"twitter:label1\" content=\"Escrit per\" \/>\n\t<meta name=\"twitter:data1\" content=\"Xavi Eikonos\" \/>\n\t<meta name=\"twitter:label2\" content=\"Temps estimat de lectura\" \/>\n\t<meta name=\"twitter:data2\" content=\"3 minuts\" \/>\n<script type=\"application\/ld+json\" class=\"yoast-schema-graph\">{\"@context\":\"https:\/\/schema.org\",\"@graph\":[{\"@type\":\"Article\",\"@id\":\"https:\/\/eikonos.com\/ca\/blog\/mobile-world-congress-2019-muntatge-audiovisual-stands\/#article\",\"isPartOf\":{\"@id\":\"https:\/\/eikonos.com\/ca\/blog\/mobile-world-congress-2019-muntatge-audiovisual-stands\/\"},\"author\":{\"name\":\"Xavi Eikonos\",\"@id\":\"https:\/\/eikonos.com\/ca\/#\/schema\/person\/82032860cc314d826959b90595a5280a\"},\"headline\":\"Mobile World Congress 2019: muntatge audiovisual per a stands\",\"datePublished\":\"2019-01-22T15:51:21+00:00\",\"mainEntityOfPage\":{\"@id\":\"https:\/\/eikonos.com\/ca\/blog\/mobile-world-congress-2019-muntatge-audiovisual-stands\/\"},\"wordCount\":523,\"commentCount\":0,\"publisher\":{\"@id\":\"https:\/\/eikonos.com\/ca\/#organization\"},\"image\":{\"@id\":\"https:\/\/eikonos.com\/ca\/blog\/mobile-world-congress-2019-muntatge-audiovisual-stands\/#primaryimage\"},\"thumbnailUrl\":\"https:\/\/eikonos.com\/wp-content\/uploads\/2019\/02\/mobile-world-congress-2019-1.jpg\",\"articleSection\":[\"Esdeveniments audiovisuals\"],\"inLanguage\":\"ca\",\"potentialAction\":[{\"@type\":\"CommentAction\",\"name\":\"Comment\",\"target\":[\"https:\/\/eikonos.com\/ca\/blog\/mobile-world-congress-2019-muntatge-audiovisual-stands\/#respond\"]}]},{\"@type\":\"WebPage\",\"@id\":\"https:\/\/eikonos.com\/ca\/blog\/mobile-world-congress-2019-muntatge-audiovisual-stands\/\",\"url\":\"https:\/\/eikonos.com\/ca\/blog\/mobile-world-congress-2019-muntatge-audiovisual-stands\/\",\"name\":\"Mobile World Congress: muntatge audiovisual per a stands | EIKONOS\",\"isPartOf\":{\"@id\":\"https:\/\/eikonos.com\/ca\/#website\"},\"primaryImageOfPage\":{\"@id\":\"https:\/\/eikonos.com\/ca\/blog\/mobile-world-congress-2019-muntatge-audiovisual-stands\/#primaryimage\"},\"image\":{\"@id\":\"https:\/\/eikonos.com\/ca\/blog\/mobile-world-congress-2019-muntatge-audiovisual-stands\/#primaryimage\"},\"thumbnailUrl\":\"https:\/\/eikonos.com\/wp-content\/uploads\/2019\/02\/mobile-world-congress-2019-1.jpg\",\"datePublished\":\"2019-01-22T15:51:21+00:00\",\"description\":\"Arriba l\u2019edici\u00f3 del Mobile World Congress 2019, el major esdeveniment de tecnologia m\u00f2bil del m\u00f3n. En Eikonos comptem amb experi\u00e8ncia en el muntatge audiovisual per a stands i fires dins del Mobile World Congress. Coneixem b\u00e9 les seves particularitats i l\u2019envergadura de la cita.\",\"breadcrumb\":{\"@id\":\"https:\/\/eikonos.com\/ca\/blog\/mobile-world-congress-2019-muntatge-audiovisual-stands\/#breadcrumb\"},\"inLanguage\":\"ca\",\"potentialAction\":[{\"@type\":\"ReadAction\",\"target\":[\"https:\/\/eikonos.com\/ca\/blog\/mobile-world-congress-2019-muntatge-audiovisual-stands\/\"]}]},{\"@type\":\"ImageObject\",\"inLanguage\":\"ca\",\"@id\":\"https:\/\/eikonos.com\/ca\/blog\/mobile-world-congress-2019-muntatge-audiovisual-stands\/#primaryimage\",\"url\":\"https:\/\/eikonos.com\/wp-content\/uploads\/2019\/02\/mobile-world-congress-2019-1.jpg\",\"contentUrl\":\"https:\/\/eikonos.com\/wp-content\/uploads\/2019\/02\/mobile-world-congress-2019-1.jpg\",\"width\":724,\"height\":432,\"caption\":\"Mobile World Congress 2019\"},{\"@type\":\"BreadcrumbList\",\"@id\":\"https:\/\/eikonos.com\/ca\/blog\/mobile-world-congress-2019-muntatge-audiovisual-stands\/#breadcrumb\",\"itemListElement\":[{\"@type\":\"ListItem\",\"position\":1,\"name\":\"EIKONOS\",\"item\":\"https:\/\/eikonos.com\/ca\/inici\/\"},{\"@type\":\"ListItem\",\"position\":2,\"name\":\"Mobile World Congress 2019: muntatge audiovisual per a stands\"}]},{\"@type\":\"WebSite\",\"@id\":\"https:\/\/eikonos.com\/ca\/#website\",\"url\":\"https:\/\/eikonos.com\/ca\/\",\"name\":\"EIKONOS\",\"description\":\"EXPERIENCIA AUDIOVISUAL\",\"publisher\":{\"@id\":\"https:\/\/eikonos.com\/ca\/#organization\"},\"potentialAction\":[{\"@type\":\"SearchAction\",\"target\":{\"@type\":\"EntryPoint\",\"urlTemplate\":\"https:\/\/eikonos.com\/ca\/?s={search_term_string}\"},\"query-input\":{\"@type\":\"PropertyValueSpecification\",\"valueRequired\":true,\"valueName\":\"search_term_string\"}}],\"inLanguage\":\"ca\"},{\"@type\":\"Organization\",\"@id\":\"https:\/\/eikonos.com\/ca\/#organization\",\"name\":\"EIKONOS | Servicios Audiovisuales, eventos y alquiler de equipos\",\"url\":\"https:\/\/eikonos.com\/ca\/\",\"logo\":{\"@type\":\"ImageObject\",\"inLanguage\":\"ca\",\"@id\":\"https:\/\/eikonos.com\/ca\/#\/schema\/logo\/image\/\",\"url\":\"https:\/\/eikonos.com\/wp-content\/uploads\/2020\/08\/logo-color.png\",\"contentUrl\":\"https:\/\/eikonos.com\/wp-content\/uploads\/2020\/08\/logo-color.png\",\"width\":376,\"height\":122,\"caption\":\"EIKONOS | Servicios Audiovisuales, eventos y alquiler de equipos\"},\"image\":{\"@id\":\"https:\/\/eikonos.com\/ca\/#\/schema\/logo\/image\/\"},\"sameAs\":[\"http:\/\/www.facebook.com\/pages\/Eikonos\/176324785746790\",\"https:\/\/x.com\/eikonos_sa\",\"http:\/\/www.linkedin.com\/company\/eikonos\",\"http:\/\/www.youtube.com\/channel\/UC8wcizWaAYbfsuqVf9wIT6w\"]},{\"@type\":\"Person\",\"@id\":\"https:\/\/eikonos.com\/ca\/#\/schema\/person\/82032860cc314d826959b90595a5280a\",\"name\":\"Xavi Eikonos\",\"image\":{\"@type\":\"ImageObject\",\"inLanguage\":\"ca\",\"@id\":\"https:\/\/eikonos.com\/ca\/#\/schema\/person\/image\/\",\"url\":\"https:\/\/secure.gravatar.com\/avatar\/a6c6b51dd0ac6902701aab24a914f6febe1518f94a5ae06db08b3d6107248dfd?s=96&d=mm&r=g\",\"contentUrl\":\"https:\/\/secure.gravatar.com\/avatar\/a6c6b51dd0ac6902701aab24a914f6febe1518f94a5ae06db08b3d6107248dfd?s=96&d=mm&r=g\",\"caption\":\"Xavi Eikonos\"}}]}<\/script>\n<!-- \/ Yoast SEO plugin. -->","yoast_head_json":{"title":"Mobile World Congress: muntatge audiovisual per a stands | EIKONOS","description":"Arriba l\u2019edici\u00f3 del Mobile World Congress 2019, el major esdeveniment de tecnologia m\u00f2bil del m\u00f3n. En Eikonos comptem amb experi\u00e8ncia en el muntatge audiovisual per a stands i fires dins del Mobile World Congress. Coneixem b\u00e9 les seves particularitats i l\u2019envergadura de la cita.","robots":{"index":"index","follow":"follow","max-snippet":"max-snippet:-1","max-image-preview":"max-image-preview:large","max-video-preview":"max-video-preview:-1"},"canonical":"https:\/\/eikonos.com\/ca\/blog\/mobile-world-congress-2019-muntatge-audiovisual-stands\/","og_locale":"ca_ES","og_type":"article","og_title":"Mobile World Congress: muntatge audiovisual per a stands | EIKONOS","og_description":"Arriba l\u2019edici\u00f3 del Mobile World Congress 2019, el major esdeveniment de tecnologia m\u00f2bil del m\u00f3n. En Eikonos comptem amb experi\u00e8ncia en el muntatge audiovisual per a stands i fires dins del Mobile World Congress. Coneixem b\u00e9 les seves particularitats i l\u2019envergadura de la cita.","og_url":"https:\/\/eikonos.com\/ca\/blog\/mobile-world-congress-2019-muntatge-audiovisual-stands\/","og_site_name":"EIKONOS","article_publisher":"http:\/\/www.facebook.com\/pages\/Eikonos\/176324785746790","article_published_time":"2019-01-22T15:51:21+00:00","og_image":[{"width":724,"height":432,"url":"https:\/\/eikonos.com\/wp-content\/uploads\/2019\/02\/mobile-world-congress-2019-1.jpg","type":"image\/jpeg"}],"author":"Xavi Eikonos","twitter_card":"summary_large_image","twitter_creator":"@eikonos_sa","twitter_site":"@eikonos_sa","twitter_misc":{"Escrit per":"Xavi Eikonos","Temps estimat de lectura":"3 minuts"},"schema":{"@context":"https:\/\/schema.org","@graph":[{"@type":"Article","@id":"https:\/\/eikonos.com\/ca\/blog\/mobile-world-congress-2019-muntatge-audiovisual-stands\/#article","isPartOf":{"@id":"https:\/\/eikonos.com\/ca\/blog\/mobile-world-congress-2019-muntatge-audiovisual-stands\/"},"author":{"name":"Xavi Eikonos","@id":"https:\/\/eikonos.com\/ca\/#\/schema\/person\/82032860cc314d826959b90595a5280a"},"headline":"Mobile World Congress 2019: muntatge audiovisual per a stands","datePublished":"2019-01-22T15:51:21+00:00","mainEntityOfPage":{"@id":"https:\/\/eikonos.com\/ca\/blog\/mobile-world-congress-2019-muntatge-audiovisual-stands\/"},"wordCount":523,"commentCount":0,"publisher":{"@id":"https:\/\/eikonos.com\/ca\/#organization"},"image":{"@id":"https:\/\/eikonos.com\/ca\/blog\/mobile-world-congress-2019-muntatge-audiovisual-stands\/#primaryimage"},"thumbnailUrl":"https:\/\/eikonos.com\/wp-content\/uploads\/2019\/02\/mobile-world-congress-2019-1.jpg","articleSection":["Esdeveniments audiovisuals"],"inLanguage":"ca","potentialAction":[{"@type":"CommentAction","name":"Comment","target":["https:\/\/eikonos.com\/ca\/blog\/mobile-world-congress-2019-muntatge-audiovisual-stands\/#respond"]}]},{"@type":"WebPage","@id":"https:\/\/eikonos.com\/ca\/blog\/mobile-world-congress-2019-muntatge-audiovisual-stands\/","url":"https:\/\/eikonos.com\/ca\/blog\/mobile-world-congress-2019-muntatge-audiovisual-stands\/","name":"Mobile World Congress: muntatge audiovisual per a stands | EIKONOS","isPartOf":{"@id":"https:\/\/eikonos.com\/ca\/#website"},"primaryImageOfPage":{"@id":"https:\/\/eikonos.com\/ca\/blog\/mobile-world-congress-2019-muntatge-audiovisual-stands\/#primaryimage"},"image":{"@id":"https:\/\/eikonos.com\/ca\/blog\/mobile-world-congress-2019-muntatge-audiovisual-stands\/#primaryimage"},"thumbnailUrl":"https:\/\/eikonos.com\/wp-content\/uploads\/2019\/02\/mobile-world-congress-2019-1.jpg","datePublished":"2019-01-22T15:51:21+00:00","description":"Arriba l\u2019edici\u00f3 del Mobile World Congress 2019, el major esdeveniment de tecnologia m\u00f2bil del m\u00f3n. En Eikonos comptem amb experi\u00e8ncia en el muntatge audiovisual per a stands i fires dins del Mobile World Congress. Coneixem b\u00e9 les seves particularitats i l\u2019envergadura de la cita.","breadcrumb":{"@id":"https:\/\/eikonos.com\/ca\/blog\/mobile-world-congress-2019-muntatge-audiovisual-stands\/#breadcrumb"},"inLanguage":"ca","potentialAction":[{"@type":"ReadAction","target":["https:\/\/eikonos.com\/ca\/blog\/mobile-world-congress-2019-muntatge-audiovisual-stands\/"]}]},{"@type":"ImageObject","inLanguage":"ca","@id":"https:\/\/eikonos.com\/ca\/blog\/mobile-world-congress-2019-muntatge-audiovisual-stands\/#primaryimage","url":"https:\/\/eikonos.com\/wp-content\/uploads\/2019\/02\/mobile-world-congress-2019-1.jpg","contentUrl":"https:\/\/eikonos.com\/wp-content\/uploads\/2019\/02\/mobile-world-congress-2019-1.jpg","width":724,"height":432,"caption":"Mobile World Congress 2019"},{"@type":"BreadcrumbList","@id":"https:\/\/eikonos.com\/ca\/blog\/mobile-world-congress-2019-muntatge-audiovisual-stands\/#breadcrumb","itemListElement":[{"@type":"ListItem","position":1,"name":"EIKONOS","item":"https:\/\/eikonos.com\/ca\/inici\/"},{"@type":"ListItem","position":2,"name":"Mobile World Congress 2019: muntatge audiovisual per a stands"}]},{"@type":"WebSite","@id":"https:\/\/eikonos.com\/ca\/#website","url":"https:\/\/eikonos.com\/ca\/","name":"EIKONOS","description":"EXPERIENCIA AUDIOVISUAL","publisher":{"@id":"https:\/\/eikonos.com\/ca\/#organization"},"potentialAction":[{"@type":"SearchAction","target":{"@type":"EntryPoint","urlTemplate":"https:\/\/eikonos.com\/ca\/?s={search_term_string}"},"query-input":{"@type":"PropertyValueSpecification","valueRequired":true,"valueName":"search_term_string"}}],"inLanguage":"ca"},{"@type":"Organization","@id":"https:\/\/eikonos.com\/ca\/#organization","name":"EIKONOS | Servicios Audiovisuales, eventos y alquiler de equipos","url":"https:\/\/eikonos.com\/ca\/","logo":{"@type":"ImageObject","inLanguage":"ca","@id":"https:\/\/eikonos.com\/ca\/#\/schema\/logo\/image\/","url":"https:\/\/eikonos.com\/wp-content\/uploads\/2020\/08\/logo-color.png","contentUrl":"https:\/\/eikonos.com\/wp-content\/uploads\/2020\/08\/logo-color.png","width":376,"height":122,"caption":"EIKONOS | Servicios Audiovisuales, eventos y alquiler de equipos"},"image":{"@id":"https:\/\/eikonos.com\/ca\/#\/schema\/logo\/image\/"},"sameAs":["http:\/\/www.facebook.com\/pages\/Eikonos\/176324785746790","https:\/\/x.com\/eikonos_sa","http:\/\/www.linkedin.com\/company\/eikonos","http:\/\/www.youtube.com\/channel\/UC8wcizWaAYbfsuqVf9wIT6w"]},{"@type":"Person","@id":"https:\/\/eikonos.com\/ca\/#\/schema\/person\/82032860cc314d826959b90595a5280a","name":"Xavi Eikonos","image":{"@type":"ImageObject","inLanguage":"ca","@id":"https:\/\/eikonos.com\/ca\/#\/schema\/person\/image\/","url":"https:\/\/secure.gravatar.com\/avatar\/a6c6b51dd0ac6902701aab24a914f6febe1518f94a5ae06db08b3d6107248dfd?s=96&d=mm&r=g","contentUrl":"https:\/\/secure.gravatar.com\/avatar\/a6c6b51dd0ac6902701aab24a914f6febe1518f94a5ae06db08b3d6107248dfd?s=96&d=mm&r=g","caption":"Xavi Eikonos"}}]}},"_links":{"self":[{"href":"https:\/\/eikonos.com\/ca\/wp-json\/wp\/v2\/posts\/6170","targetHints":{"allow":["GET"]}}],"collection":[{"href":"https:\/\/eikonos.com\/ca\/wp-json\/wp\/v2\/posts"}],"about":[{"href":"https:\/\/eikonos.com\/ca\/wp-json\/wp\/v2\/types\/post"}],"author":[{"embeddable":true,"href":"https:\/\/eikonos.com\/ca\/wp-json\/wp\/v2\/users\/6"}],"replies":[{"embeddable":true,"href":"https:\/\/eikonos.com\/ca\/wp-json\/wp\/v2\/comments?post=6170"}],"version-history":[{"count":0,"href":"https:\/\/eikonos.com\/ca\/wp-json\/wp\/v2\/posts\/6170\/revisions"}],"wp:featuredmedia":[{"embeddable":true,"href":"https:\/\/eikonos.com\/ca\/wp-json\/wp\/v2\/media\/6163"}],"wp:attachment":[{"href":"https:\/\/eikonos.com\/ca\/wp-json\/wp\/v2\/media?parent=6170"}],"wp:term":[{"taxonomy":"category","embeddable":true,"href":"https:\/\/eikonos.com\/ca\/wp-json\/wp\/v2\/categories?post=6170"},{"taxonomy":"post_tag","embeddable":true,"href":"https:\/\/eikonos.com\/ca\/wp-json\/wp\/v2\/tags?post=6170"}],"curies":[{"name":"wp","href":"https:\/\/api.w.org\/{rel}","templated":true}]}}