{"id":6149,"date":"2018-12-28T11:35:55","date_gmt":"2018-12-28T10:35:55","guid":{"rendered":"https:\/\/eikonos.com\/?p=6149"},"modified":"2018-12-28T11:35:55","modified_gmt":"2018-12-28T10:35:55","slug":"tendencies-sector-audiovisual-2019","status":"publish","type":"post","link":"https:\/\/eikonos.com\/ca\/blog\/tendencies-sector-audiovisual-2019\/","title":{"rendered":"Cinc tend\u00e8ncies del sector audiovisual, qu\u00e8 ens oferir\u00e0  el 2019?"},"content":{"rendered":"<p>Semblava lluny\u00e0, per\u00f2 el 2019 ja est\u00e0 aqu\u00ed i amb aquest nou any arriben renovades idees en el sector audiovisual (i estem molt contents d\u2019aix\u00f2). La tecnologia avan\u00e7a tan de pressa que costa estar al dia del qu\u00e8 arriba i els seus avantatges per a fer millor la nostra feina, ser m\u00e9s productius, estalviar costos&#8230; Per aix\u00f2, no ho demorem m\u00e9s i parlem de les <a href=\"https:\/\/eikonos.com\/ca\/blog\/5-tendencies-audiovisuals-que-arriben-per-quedarse\/\">tend\u00e8ncies del sector audiovisual<\/a> que estan per arribar. Pren nota!<\/p>\n<p>&nbsp;<\/p>\n<h2><span style=\"color: #ff0000;\">Tend\u00e8ncies del sector audiovisual: El que no et pots perdre per a sorprendre en els pr\u00f2xims esdeveniments<\/span><\/h2>\n<p>&nbsp;<\/p>\n<p><strong>1. Videomapping<\/strong><\/p>\n<p>Aquesta \u00e9s una t\u00e8cnica que uneix <strong>projectors de v\u00eddeo i superf\u00edcies reals<\/strong>, amb la finalitat d\u2019aconseguir un efecte en relleu. \u00c9s gr\u00e0cies a la tecnologia que amb aquesta t\u00e8cnica es poden aconseguir <strong>formats m\u00e9s m\u00f2bils i immersius<\/strong>. Si penses dur a terme una cita on sorprendre a tots els teus convidats i assistents, et recomanem l\u2019\u00fas del videomapping.<\/p>\n<p>&nbsp;<\/p>\n<p><strong>2. Videomarketing<\/strong><\/p>\n<p>En el m\u00f3n de les xarxes socials i internet, el <strong>contingut audiovisual<\/strong> adquireix cada vegada m\u00e9s rellev\u00e0ncia. YouTube \u00e9s ja el segon motor de cerca i si ens dirigim a p\u00fablics joves, hem d\u2019entendre la nova cultura visual que impera. Si est\u00e0s pensant dur a terme una <strong>estrat\u00e8gia de videomarketing<\/strong>, \u00e9s aconsellable que contactis amb una empresa <strong>productora audiovisual<\/strong> experta. A Eikonos t\u2019assessorem per a dissenyar la teva estrat\u00e8gia de la forma m\u00e9s professional.<a href=\"https:\/\/eikonos.com\/ca\/serveis\/creacio-de-continguts\/\"> El contingut segueix sent el rei<\/a>, \u00e9s el format d\u2019aquest contingut el que ha canviat.<\/p>\n<p>&nbsp;<\/p>\n<p><strong>3. Pantalles LED, grans formats per a grans esdeveniments<\/strong><\/p>\n<p>A mesura que van passant els anys, els usuaris s\u00f3n cada vegada m\u00e9s exigents. \u00c9s normal, l\u2019acc\u00e9s a c\u00e0meres m\u00f2bils i resoluci\u00f3 4K est\u00e0 a l\u2019abast de gaireb\u00e9 tothom i, com a empresa, hem d\u2019estar a l\u2019altura. \u00c9s per aix\u00f2 que les pantalles LED es reafirmen com a tend\u00e8ncia del sector audiovisual al 2019. De fet, s\u2019aconseguir\u00e0 que els assistents aconsegueixin estar m\u00e9s immersos en els grans esdeveniments, ja siguin interiors o exteriors, com passa amb els esdeveniments esportius.<\/p>\n<p>&nbsp;<\/p>\n<p><strong>4. M\u00e9s l\u00famens i menor p\u00edxel pitch<\/strong><\/p>\n<p>Si no coneixes el mitj\u00e0 audiovisual, ara estar\u00e0s pensant que qu\u00e8 \u00e9s aix\u00f2 dels l\u00famens i el p\u00edxel pitch. Els <strong>l\u00famens<\/strong> s\u00f3n la unitat de mesura per a fer el mesurament del flux llumin\u00f3s, \u00e9s a dir, la pot\u00e8ncia. El <strong>p\u00edxel pitch<\/strong>, \u00e9s la dist\u00e0ncia que hi ha entre els punts de f\u00f2sfors. \u00c9s aix\u00ed com en el 2019 <strong>hi haur\u00e0 un augment en la demanda dels l\u00famens en grans projeccions, i una disminuci\u00f3 del p\u00edxel pitch<\/strong>, per a qu\u00e8 d\u2019aquesta forma tenir una major qualitat en les imatges.<\/p>\n<p>&nbsp;<\/p>\n<p><strong>5. Gamificaci\u00f3 dels esdeveniments<\/strong><\/p>\n<p>Els participants en confer\u00e8ncies i grans trobades reclamen una immersi\u00f3 major. Aix\u00f2, es pot aconseguir gr\u00e0cies a la <strong>gamificaci\u00f3 i els avan\u00e7os tecnol\u00f2gics<\/strong> fent l\u2019experi\u00e8ncia m\u00e9s sensitiva, fent \u00fas de tecnologies com la <strong>realitat virtual<\/strong>.<\/p>\n<p>&nbsp;<\/p>\n<p>Si vols incorporar als teus esdeveniments les noves tend\u00e8ncies del sector audiovisual que ens porta el 2019, contacta amb Eikonos. Explica\u2019ns la idea que vols implementar i t\u2019ajudem a fer-la realitat. <em><strong>Parlem!<\/strong><\/em><\/p>\n<p>&nbsp;<\/p>\n<p><a href=\"https:\/\/eikonos.com\/ca\/\"><img loading=\"lazy\" decoding=\"async\" class=\"aligncenter wp-image-6055 size-full\" title=\"EIKONOS serveis audiovisuals per a esdeveniments\" src=\"https:\/\/eikonos.com\/wp-content\/uploads\/2018\/12\/eikonos-cta-equips-audiovisuals-de-lloguer-1.png\" alt=\"EIKONOS serveis audiovisuals per a esdeveniments\" width=\"741\" height=\"250\" srcset=\"https:\/\/eikonos.com\/wp-content\/uploads\/2018\/12\/eikonos-cta-equips-audiovisuals-de-lloguer-1.png 741w, https:\/\/eikonos.com\/wp-content\/uploads\/2018\/12\/eikonos-cta-equips-audiovisuals-de-lloguer-1-300x101.png 300w\" sizes=\"auto, (max-width: 741px) 100vw, 741px\" \/><\/a><\/p>\n","protected":false},"excerpt":{"rendered":"<p>Semblava lluny\u00e0, per\u00f2 el 2019 ja est\u00e0 aqu\u00ed i amb aquest nou any arriben renovades&#8230;<\/p>\n","protected":false},"author":6,"featured_media":6148,"comment_status":"open","ping_status":"open","sticky":false,"template":"","format":"standard","meta":{"_acf_changed":false,"footnotes":""},"categories":[260],"tags":[],"class_list":["post-6149","post","type-post","status-publish","format-standard","has-post-thumbnail","hentry","category-esdeveniments-audiovisuals"],"acf":[],"yoast_head":"<!-- This site is optimized with the Yoast SEO plugin v26.3 - https:\/\/yoast.com\/wordpress\/plugins\/seo\/ -->\n<title>Cinc tend\u00e8ncies del sector audiovisual, qu\u00e8 ens oferir\u00e0 el 2019?<\/title>\n<meta name=\"description\" content=\"Vols incorporar en els teus pr\u00f2xims esdeveniments les tend\u00e8ncies del sector audiovisual i estar actualitzat? Coneix les cinc tend\u00e8ncies que marcaran la difer\u00e8ncia en el teu projecte audiovisual. Segueix llegint!\" \/>\n<meta name=\"robots\" content=\"index, follow, max-snippet:-1, max-image-preview:large, max-video-preview:-1\" \/>\n<link rel=\"canonical\" href=\"https:\/\/eikonos.com\/ca\/blog\/tendencies-sector-audiovisual-2019\/\" \/>\n<meta property=\"og:locale\" content=\"ca_ES\" \/>\n<meta property=\"og:type\" content=\"article\" \/>\n<meta property=\"og:title\" content=\"Cinc tend\u00e8ncies del sector audiovisual, qu\u00e8 ens oferir\u00e0 el 2019?\" \/>\n<meta property=\"og:description\" content=\"Vols incorporar en els teus pr\u00f2xims esdeveniments les tend\u00e8ncies del sector audiovisual i estar actualitzat? Coneix les cinc tend\u00e8ncies que marcaran la difer\u00e8ncia en el teu projecte audiovisual. Segueix llegint!\" \/>\n<meta property=\"og:url\" content=\"https:\/\/eikonos.com\/ca\/blog\/tendencies-sector-audiovisual-2019\/\" \/>\n<meta property=\"og:site_name\" content=\"EIKONOS\" \/>\n<meta property=\"article:publisher\" content=\"http:\/\/www.facebook.com\/pages\/Eikonos\/176324785746790\" \/>\n<meta property=\"article:published_time\" content=\"2018-12-28T10:35:55+00:00\" \/>\n<meta property=\"og:image\" content=\"https:\/\/eikonos.com\/wp-content\/uploads\/2019\/01\/tendencias-sector-audiovisual-1.jpg\" \/>\n\t<meta property=\"og:image:width\" content=\"724\" \/>\n\t<meta property=\"og:image:height\" content=\"432\" \/>\n\t<meta property=\"og:image:type\" content=\"image\/jpeg\" \/>\n<meta name=\"author\" content=\"Xavi Eikonos\" \/>\n<meta name=\"twitter:card\" content=\"summary_large_image\" \/>\n<meta name=\"twitter:creator\" content=\"@eikonos_sa\" \/>\n<meta name=\"twitter:site\" content=\"@eikonos_sa\" \/>\n<meta name=\"twitter:label1\" content=\"Escrit per\" \/>\n\t<meta name=\"twitter:data1\" content=\"Xavi Eikonos\" \/>\n\t<meta name=\"twitter:label2\" content=\"Temps estimat de lectura\" \/>\n\t<meta name=\"twitter:data2\" content=\"3 minuts\" \/>\n<script type=\"application\/ld+json\" class=\"yoast-schema-graph\">{\"@context\":\"https:\/\/schema.org\",\"@graph\":[{\"@type\":\"Article\",\"@id\":\"https:\/\/eikonos.com\/ca\/blog\/tendencies-sector-audiovisual-2019\/#article\",\"isPartOf\":{\"@id\":\"https:\/\/eikonos.com\/ca\/blog\/tendencies-sector-audiovisual-2019\/\"},\"author\":{\"name\":\"Xavi Eikonos\",\"@id\":\"https:\/\/eikonos.com\/ca\/#\/schema\/person\/82032860cc314d826959b90595a5280a\"},\"headline\":\"Cinc tend\u00e8ncies del sector audiovisual, qu\u00e8 ens oferir\u00e0 el 2019?\",\"datePublished\":\"2018-12-28T10:35:55+00:00\",\"mainEntityOfPage\":{\"@id\":\"https:\/\/eikonos.com\/ca\/blog\/tendencies-sector-audiovisual-2019\/\"},\"wordCount\":572,\"commentCount\":0,\"publisher\":{\"@id\":\"https:\/\/eikonos.com\/ca\/#organization\"},\"image\":{\"@id\":\"https:\/\/eikonos.com\/ca\/blog\/tendencies-sector-audiovisual-2019\/#primaryimage\"},\"thumbnailUrl\":\"https:\/\/eikonos.com\/wp-content\/uploads\/2019\/01\/tendencias-sector-audiovisual-1.jpg\",\"articleSection\":[\"Esdeveniments audiovisuals\"],\"inLanguage\":\"ca\",\"potentialAction\":[{\"@type\":\"CommentAction\",\"name\":\"Comment\",\"target\":[\"https:\/\/eikonos.com\/ca\/blog\/tendencies-sector-audiovisual-2019\/#respond\"]}]},{\"@type\":\"WebPage\",\"@id\":\"https:\/\/eikonos.com\/ca\/blog\/tendencies-sector-audiovisual-2019\/\",\"url\":\"https:\/\/eikonos.com\/ca\/blog\/tendencies-sector-audiovisual-2019\/\",\"name\":\"Cinc tend\u00e8ncies del sector audiovisual, qu\u00e8 ens oferir\u00e0 el 2019?\",\"isPartOf\":{\"@id\":\"https:\/\/eikonos.com\/ca\/#website\"},\"primaryImageOfPage\":{\"@id\":\"https:\/\/eikonos.com\/ca\/blog\/tendencies-sector-audiovisual-2019\/#primaryimage\"},\"image\":{\"@id\":\"https:\/\/eikonos.com\/ca\/blog\/tendencies-sector-audiovisual-2019\/#primaryimage\"},\"thumbnailUrl\":\"https:\/\/eikonos.com\/wp-content\/uploads\/2019\/01\/tendencias-sector-audiovisual-1.jpg\",\"datePublished\":\"2018-12-28T10:35:55+00:00\",\"description\":\"Vols incorporar en els teus pr\u00f2xims esdeveniments les tend\u00e8ncies del sector audiovisual i estar actualitzat? Coneix les cinc tend\u00e8ncies que marcaran la difer\u00e8ncia en el teu projecte audiovisual. Segueix llegint!\",\"breadcrumb\":{\"@id\":\"https:\/\/eikonos.com\/ca\/blog\/tendencies-sector-audiovisual-2019\/#breadcrumb\"},\"inLanguage\":\"ca\",\"potentialAction\":[{\"@type\":\"ReadAction\",\"target\":[\"https:\/\/eikonos.com\/ca\/blog\/tendencies-sector-audiovisual-2019\/\"]}]},{\"@type\":\"ImageObject\",\"inLanguage\":\"ca\",\"@id\":\"https:\/\/eikonos.com\/ca\/blog\/tendencies-sector-audiovisual-2019\/#primaryimage\",\"url\":\"https:\/\/eikonos.com\/wp-content\/uploads\/2019\/01\/tendencias-sector-audiovisual-1.jpg\",\"contentUrl\":\"https:\/\/eikonos.com\/wp-content\/uploads\/2019\/01\/tendencias-sector-audiovisual-1.jpg\",\"width\":724,\"height\":432,\"caption\":\"Tendencias del sector audiovisual\"},{\"@type\":\"BreadcrumbList\",\"@id\":\"https:\/\/eikonos.com\/ca\/blog\/tendencies-sector-audiovisual-2019\/#breadcrumb\",\"itemListElement\":[{\"@type\":\"ListItem\",\"position\":1,\"name\":\"EIKONOS\",\"item\":\"https:\/\/eikonos.com\/ca\/inici\/\"},{\"@type\":\"ListItem\",\"position\":2,\"name\":\"Cinc tend\u00e8ncies del sector audiovisual, qu\u00e8 ens oferir\u00e0 el 2019?\"}]},{\"@type\":\"WebSite\",\"@id\":\"https:\/\/eikonos.com\/ca\/#website\",\"url\":\"https:\/\/eikonos.com\/ca\/\",\"name\":\"EIKONOS\",\"description\":\"EXPERIENCIA AUDIOVISUAL\",\"publisher\":{\"@id\":\"https:\/\/eikonos.com\/ca\/#organization\"},\"potentialAction\":[{\"@type\":\"SearchAction\",\"target\":{\"@type\":\"EntryPoint\",\"urlTemplate\":\"https:\/\/eikonos.com\/ca\/?s={search_term_string}\"},\"query-input\":{\"@type\":\"PropertyValueSpecification\",\"valueRequired\":true,\"valueName\":\"search_term_string\"}}],\"inLanguage\":\"ca\"},{\"@type\":\"Organization\",\"@id\":\"https:\/\/eikonos.com\/ca\/#organization\",\"name\":\"EIKONOS | Servicios Audiovisuales, eventos y alquiler de equipos\",\"url\":\"https:\/\/eikonos.com\/ca\/\",\"logo\":{\"@type\":\"ImageObject\",\"inLanguage\":\"ca\",\"@id\":\"https:\/\/eikonos.com\/ca\/#\/schema\/logo\/image\/\",\"url\":\"https:\/\/eikonos.com\/wp-content\/uploads\/2020\/08\/logo-color.png\",\"contentUrl\":\"https:\/\/eikonos.com\/wp-content\/uploads\/2020\/08\/logo-color.png\",\"width\":376,\"height\":122,\"caption\":\"EIKONOS | Servicios Audiovisuales, eventos y alquiler de equipos\"},\"image\":{\"@id\":\"https:\/\/eikonos.com\/ca\/#\/schema\/logo\/image\/\"},\"sameAs\":[\"http:\/\/www.facebook.com\/pages\/Eikonos\/176324785746790\",\"https:\/\/x.com\/eikonos_sa\",\"http:\/\/www.linkedin.com\/company\/eikonos\",\"http:\/\/www.youtube.com\/channel\/UC8wcizWaAYbfsuqVf9wIT6w\"]},{\"@type\":\"Person\",\"@id\":\"https:\/\/eikonos.com\/ca\/#\/schema\/person\/82032860cc314d826959b90595a5280a\",\"name\":\"Xavi Eikonos\",\"image\":{\"@type\":\"ImageObject\",\"inLanguage\":\"ca\",\"@id\":\"https:\/\/eikonos.com\/ca\/#\/schema\/person\/image\/\",\"url\":\"https:\/\/secure.gravatar.com\/avatar\/a6c6b51dd0ac6902701aab24a914f6febe1518f94a5ae06db08b3d6107248dfd?s=96&d=mm&r=g\",\"contentUrl\":\"https:\/\/secure.gravatar.com\/avatar\/a6c6b51dd0ac6902701aab24a914f6febe1518f94a5ae06db08b3d6107248dfd?s=96&d=mm&r=g\",\"caption\":\"Xavi Eikonos\"}}]}<\/script>\n<!-- \/ Yoast SEO plugin. -->","yoast_head_json":{"title":"Cinc tend\u00e8ncies del sector audiovisual, qu\u00e8 ens oferir\u00e0 el 2019?","description":"Vols incorporar en els teus pr\u00f2xims esdeveniments les tend\u00e8ncies del sector audiovisual i estar actualitzat? Coneix les cinc tend\u00e8ncies que marcaran la difer\u00e8ncia en el teu projecte audiovisual. Segueix llegint!","robots":{"index":"index","follow":"follow","max-snippet":"max-snippet:-1","max-image-preview":"max-image-preview:large","max-video-preview":"max-video-preview:-1"},"canonical":"https:\/\/eikonos.com\/ca\/blog\/tendencies-sector-audiovisual-2019\/","og_locale":"ca_ES","og_type":"article","og_title":"Cinc tend\u00e8ncies del sector audiovisual, qu\u00e8 ens oferir\u00e0 el 2019?","og_description":"Vols incorporar en els teus pr\u00f2xims esdeveniments les tend\u00e8ncies del sector audiovisual i estar actualitzat? Coneix les cinc tend\u00e8ncies que marcaran la difer\u00e8ncia en el teu projecte audiovisual. Segueix llegint!","og_url":"https:\/\/eikonos.com\/ca\/blog\/tendencies-sector-audiovisual-2019\/","og_site_name":"EIKONOS","article_publisher":"http:\/\/www.facebook.com\/pages\/Eikonos\/176324785746790","article_published_time":"2018-12-28T10:35:55+00:00","og_image":[{"width":724,"height":432,"url":"https:\/\/eikonos.com\/wp-content\/uploads\/2019\/01\/tendencias-sector-audiovisual-1.jpg","type":"image\/jpeg"}],"author":"Xavi Eikonos","twitter_card":"summary_large_image","twitter_creator":"@eikonos_sa","twitter_site":"@eikonos_sa","twitter_misc":{"Escrit per":"Xavi Eikonos","Temps estimat de lectura":"3 minuts"},"schema":{"@context":"https:\/\/schema.org","@graph":[{"@type":"Article","@id":"https:\/\/eikonos.com\/ca\/blog\/tendencies-sector-audiovisual-2019\/#article","isPartOf":{"@id":"https:\/\/eikonos.com\/ca\/blog\/tendencies-sector-audiovisual-2019\/"},"author":{"name":"Xavi Eikonos","@id":"https:\/\/eikonos.com\/ca\/#\/schema\/person\/82032860cc314d826959b90595a5280a"},"headline":"Cinc tend\u00e8ncies del sector audiovisual, qu\u00e8 ens oferir\u00e0 el 2019?","datePublished":"2018-12-28T10:35:55+00:00","mainEntityOfPage":{"@id":"https:\/\/eikonos.com\/ca\/blog\/tendencies-sector-audiovisual-2019\/"},"wordCount":572,"commentCount":0,"publisher":{"@id":"https:\/\/eikonos.com\/ca\/#organization"},"image":{"@id":"https:\/\/eikonos.com\/ca\/blog\/tendencies-sector-audiovisual-2019\/#primaryimage"},"thumbnailUrl":"https:\/\/eikonos.com\/wp-content\/uploads\/2019\/01\/tendencias-sector-audiovisual-1.jpg","articleSection":["Esdeveniments audiovisuals"],"inLanguage":"ca","potentialAction":[{"@type":"CommentAction","name":"Comment","target":["https:\/\/eikonos.com\/ca\/blog\/tendencies-sector-audiovisual-2019\/#respond"]}]},{"@type":"WebPage","@id":"https:\/\/eikonos.com\/ca\/blog\/tendencies-sector-audiovisual-2019\/","url":"https:\/\/eikonos.com\/ca\/blog\/tendencies-sector-audiovisual-2019\/","name":"Cinc tend\u00e8ncies del sector audiovisual, qu\u00e8 ens oferir\u00e0 el 2019?","isPartOf":{"@id":"https:\/\/eikonos.com\/ca\/#website"},"primaryImageOfPage":{"@id":"https:\/\/eikonos.com\/ca\/blog\/tendencies-sector-audiovisual-2019\/#primaryimage"},"image":{"@id":"https:\/\/eikonos.com\/ca\/blog\/tendencies-sector-audiovisual-2019\/#primaryimage"},"thumbnailUrl":"https:\/\/eikonos.com\/wp-content\/uploads\/2019\/01\/tendencias-sector-audiovisual-1.jpg","datePublished":"2018-12-28T10:35:55+00:00","description":"Vols incorporar en els teus pr\u00f2xims esdeveniments les tend\u00e8ncies del sector audiovisual i estar actualitzat? Coneix les cinc tend\u00e8ncies que marcaran la difer\u00e8ncia en el teu projecte audiovisual. Segueix llegint!","breadcrumb":{"@id":"https:\/\/eikonos.com\/ca\/blog\/tendencies-sector-audiovisual-2019\/#breadcrumb"},"inLanguage":"ca","potentialAction":[{"@type":"ReadAction","target":["https:\/\/eikonos.com\/ca\/blog\/tendencies-sector-audiovisual-2019\/"]}]},{"@type":"ImageObject","inLanguage":"ca","@id":"https:\/\/eikonos.com\/ca\/blog\/tendencies-sector-audiovisual-2019\/#primaryimage","url":"https:\/\/eikonos.com\/wp-content\/uploads\/2019\/01\/tendencias-sector-audiovisual-1.jpg","contentUrl":"https:\/\/eikonos.com\/wp-content\/uploads\/2019\/01\/tendencias-sector-audiovisual-1.jpg","width":724,"height":432,"caption":"Tendencias del sector audiovisual"},{"@type":"BreadcrumbList","@id":"https:\/\/eikonos.com\/ca\/blog\/tendencies-sector-audiovisual-2019\/#breadcrumb","itemListElement":[{"@type":"ListItem","position":1,"name":"EIKONOS","item":"https:\/\/eikonos.com\/ca\/inici\/"},{"@type":"ListItem","position":2,"name":"Cinc tend\u00e8ncies del sector audiovisual, qu\u00e8 ens oferir\u00e0 el 2019?"}]},{"@type":"WebSite","@id":"https:\/\/eikonos.com\/ca\/#website","url":"https:\/\/eikonos.com\/ca\/","name":"EIKONOS","description":"EXPERIENCIA AUDIOVISUAL","publisher":{"@id":"https:\/\/eikonos.com\/ca\/#organization"},"potentialAction":[{"@type":"SearchAction","target":{"@type":"EntryPoint","urlTemplate":"https:\/\/eikonos.com\/ca\/?s={search_term_string}"},"query-input":{"@type":"PropertyValueSpecification","valueRequired":true,"valueName":"search_term_string"}}],"inLanguage":"ca"},{"@type":"Organization","@id":"https:\/\/eikonos.com\/ca\/#organization","name":"EIKONOS | Servicios Audiovisuales, eventos y alquiler de equipos","url":"https:\/\/eikonos.com\/ca\/","logo":{"@type":"ImageObject","inLanguage":"ca","@id":"https:\/\/eikonos.com\/ca\/#\/schema\/logo\/image\/","url":"https:\/\/eikonos.com\/wp-content\/uploads\/2020\/08\/logo-color.png","contentUrl":"https:\/\/eikonos.com\/wp-content\/uploads\/2020\/08\/logo-color.png","width":376,"height":122,"caption":"EIKONOS | Servicios Audiovisuales, eventos y alquiler de equipos"},"image":{"@id":"https:\/\/eikonos.com\/ca\/#\/schema\/logo\/image\/"},"sameAs":["http:\/\/www.facebook.com\/pages\/Eikonos\/176324785746790","https:\/\/x.com\/eikonos_sa","http:\/\/www.linkedin.com\/company\/eikonos","http:\/\/www.youtube.com\/channel\/UC8wcizWaAYbfsuqVf9wIT6w"]},{"@type":"Person","@id":"https:\/\/eikonos.com\/ca\/#\/schema\/person\/82032860cc314d826959b90595a5280a","name":"Xavi Eikonos","image":{"@type":"ImageObject","inLanguage":"ca","@id":"https:\/\/eikonos.com\/ca\/#\/schema\/person\/image\/","url":"https:\/\/secure.gravatar.com\/avatar\/a6c6b51dd0ac6902701aab24a914f6febe1518f94a5ae06db08b3d6107248dfd?s=96&d=mm&r=g","contentUrl":"https:\/\/secure.gravatar.com\/avatar\/a6c6b51dd0ac6902701aab24a914f6febe1518f94a5ae06db08b3d6107248dfd?s=96&d=mm&r=g","caption":"Xavi Eikonos"}}]}},"_links":{"self":[{"href":"https:\/\/eikonos.com\/ca\/wp-json\/wp\/v2\/posts\/6149","targetHints":{"allow":["GET"]}}],"collection":[{"href":"https:\/\/eikonos.com\/ca\/wp-json\/wp\/v2\/posts"}],"about":[{"href":"https:\/\/eikonos.com\/ca\/wp-json\/wp\/v2\/types\/post"}],"author":[{"embeddable":true,"href":"https:\/\/eikonos.com\/ca\/wp-json\/wp\/v2\/users\/6"}],"replies":[{"embeddable":true,"href":"https:\/\/eikonos.com\/ca\/wp-json\/wp\/v2\/comments?post=6149"}],"version-history":[{"count":0,"href":"https:\/\/eikonos.com\/ca\/wp-json\/wp\/v2\/posts\/6149\/revisions"}],"wp:featuredmedia":[{"embeddable":true,"href":"https:\/\/eikonos.com\/ca\/wp-json\/wp\/v2\/media\/6148"}],"wp:attachment":[{"href":"https:\/\/eikonos.com\/ca\/wp-json\/wp\/v2\/media?parent=6149"}],"wp:term":[{"taxonomy":"category","embeddable":true,"href":"https:\/\/eikonos.com\/ca\/wp-json\/wp\/v2\/categories?post=6149"},{"taxonomy":"post_tag","embeddable":true,"href":"https:\/\/eikonos.com\/ca\/wp-json\/wp\/v2\/tags?post=6149"}],"curies":[{"name":"wp","href":"https:\/\/api.w.org\/{rel}","templated":true}]}}