{"id":6130,"date":"2018-12-18T11:27:00","date_gmt":"2018-12-18T10:27:00","guid":{"rendered":"https:\/\/eikonos.com\/?p=6130"},"modified":"2018-12-18T11:27:00","modified_gmt":"2018-12-18T10:27:00","slug":"consells-practics-lloguer-projectors-barcelona","status":"publish","type":"post","link":"https:\/\/eikonos.com\/ca\/blog\/consells-practics-lloguer-projectors-barcelona\/","title":{"rendered":"Consells pr\u00e0ctics per al lloguer de projectors a Barcelona"},"content":{"rendered":"<p>Si et trobes a Barcelona i est\u00e0s organitzant un esdeveniment sigui de l\u2019envergadura que sigui, <a href=\"https:\/\/eikonos.com\/blog\/como-ayuda-el-alquiler-de-equipos-audiovisuales-en-los-proyectos\/\">llogar un equip audiovisual<\/a> pot arribar a ser bastant complicat a causa de la varietat d\u2019empreses que ofereixen aquest tipus de servei per internet. Una recomanaci\u00f3 que no has de passar per alt \u00e9s que no tots els equips s\u00f3n iguals, compten amb un manteniment adequat o no compten amb el personal necessari capa\u00e7os d\u2019orientar-te per a trobar la soluci\u00f3 adequada a cada cas.<\/p>\n<p>Si busques una empresa de confian\u00e7a especialitzada <a href=\"https:\/\/eikonos.com\/ca\/portfolio_page\/projectors\/\">en lloguer de projectors a Barcelona<\/a>, tingues en compte varis factors. D\u2019una banda, confirma que qui te\u2019l lloga tamb\u00e9 s\u2019encarrega del muntatge i t\u2019ofereix pautes per a utilitzar-lo. Si delegues aquesta tasca, segur que \u00e9s perqu\u00e8 tens una cita important i poc temps.<\/p>\n<p>Des de Eikonos sabem la import\u00e0ncia del servei pre i postventa, <strong>per aix\u00f2 acompanyem en tot el proc\u00e9s als nostres clients<\/strong>.<\/p>\n<p>&nbsp;<\/p>\n<h2><span style=\"color: #ff0000;\">Qu\u00e8 fer abans d\u2019iniciar el lloguer de projectors a Barcelona?<\/span><\/h2>\n<p>&nbsp;<\/p>\n<h4><strong>Redactar un document<\/strong><\/h4>\n<p>Especifica quines s\u00f3n les teves necessitats d\u2019acord amb l\u2019esdeveniment que est\u00e0s organitzant, incloent una descripci\u00f3 del tipus de projector que t\u2019agradaria tenir. No oblidis incloure el pressupost que tens disponible i la magnitud de l\u2019esdeveniment que far\u00e0s. Has d\u2019aportar la major informaci\u00f3 perqu\u00e8 l\u2019empresa contractista tingui una major idea del que pot oferir-te: a qui va dirigit, en quina sala s\u2019utilitzar\u00e0, per a quanta gent, tipus de llum de l\u2019espai, l\u00famens, imprescindibles, etc\u00e8tera.<\/p>\n<p>&nbsp;<\/p>\n<h4><strong>Determinar el pressupost per al lloguer de projectors<\/strong><\/h4>\n<p>Sigues realista. De res et serveix convocar als possibles assistents, ser un gran amfitri\u00f3 si despr\u00e9s escatimes en els equips amb els quals treballes. Ser auster et pot sortir car aix\u00ed que dedica una quantitat pressupost\u00e0ria adaptada a la cita.<\/p>\n<p>&nbsp;<\/p>\n<h4><strong>Indaga i estudia totes les possibilitats de prove\u00efdors existents<\/strong><\/h4>\n<p>Considerant les teves necessitats i pressupost pots trair el prove\u00efdor que m\u00e9s et convingui; per\u00f2 en realitat has de basar la teva contractaci\u00f3 en els anys d\u2019experi\u00e8ncia que la empresa tingui en el m\u00f3n de la producci\u00f3 d\u2019esdeveniments i la confian\u00e7a que ells generen. Per a dur a terme aix\u00f2, <a href=\"https:\/\/eikonos.com\/ca\/\">consulta la seva p\u00e0gina web<\/a>, opinions, refer\u00e8ncies&#8230;<\/p>\n<p>&nbsp;<\/p>\n<h4><strong>Condicions d\u2019\u00fas<\/strong><\/h4>\n<p>Fixa\u2019t b\u00e9 en els serveis que contractes. A qu\u00e8 ens referim? A temps d\u2019\u00fas de la m\u00e0quina, a com te l\u2019embalen, com es recull, horaris disponibles, si t\u00e9 segur, qu\u00e8 passa en cas de dany, servei postvenda, tel\u00e8fon d\u2019atenci\u00f3 al client, suport t\u00e8cnic si tenim dubtes&#8230; Cada element dels exposats que estigui resolt encarir\u00e0 el servei, per\u00f2 tamb\u00e9 et donar\u00e0 seguretat i tranquil\u00b7litat. O vols deixar l\u2019\u00e8xit de la teva xerrada en mans de l\u2019atzar?<\/p>\n<p>&nbsp;<\/p>\n<p>Si est\u00e0s a la ciutat comtal i busques un servei de qualitat de lloguer per a projectors a Barcelona, estarem encantats d\u2019ajudar-te: comptem amb els millors projectors del mercat per al teu proper esdeveniment. <strong><em>Parlem!<\/em><\/strong><\/p>\n<p>&nbsp;<\/p>\n<p><a href=\"https:\/\/eikonos.com\/ca\/serveis\/lloguer-equips\/\"><img loading=\"lazy\" decoding=\"async\" class=\"aligncenter wp-image-6055 size-full\" title=\"Equips audiovisuals de lloguer a Barcelona\" src=\"https:\/\/eikonos.com\/wp-content\/uploads\/2018\/12\/eikonos-cta-equips-audiovisuals-de-lloguer-1.png\" alt=\"Equips audiovisuals de lloguer a Barcelona\" width=\"741\" height=\"250\" srcset=\"https:\/\/eikonos.com\/wp-content\/uploads\/2018\/12\/eikonos-cta-equips-audiovisuals-de-lloguer-1.png 741w, https:\/\/eikonos.com\/wp-content\/uploads\/2018\/12\/eikonos-cta-equips-audiovisuals-de-lloguer-1-300x101.png 300w\" sizes=\"auto, (max-width: 741px) 100vw, 741px\" \/><\/a><\/p>\n","protected":false},"excerpt":{"rendered":"<p>Si et trobes a Barcelona i est\u00e0s organitzant un esdeveniment sigui de l\u2019envergadura que sigui,&#8230;<\/p>\n","protected":false},"author":6,"featured_media":6127,"comment_status":"open","ping_status":"open","sticky":false,"template":"","format":"standard","meta":{"_acf_changed":false,"footnotes":""},"categories":[262],"tags":[],"class_list":["post-6130","post","type-post","status-publish","format-standard","has-post-thumbnail","hentry","category-lloguer-dequips"],"acf":[],"yoast_head":"<!-- This site is optimized with the Yoast SEO plugin v26.3 - https:\/\/yoast.com\/wordpress\/plugins\/seo\/ -->\n<title>Consells pr\u00e0ctics per al lloguer de projectors a Barcelona | EIKONOS<\/title>\n<meta name=\"description\" content=\"Saps quins factors has de tenir en compte amb el lloguer de projectors a Barcelona? Si est\u00e0s en la ciutat comtal i necessites un servei de lloguer d\u2019equips audiovisuals de qualitat, podem ajudar-te!\" \/>\n<meta name=\"robots\" content=\"index, follow, max-snippet:-1, max-image-preview:large, max-video-preview:-1\" \/>\n<link rel=\"canonical\" href=\"https:\/\/eikonos.com\/ca\/blog\/consells-practics-lloguer-projectors-barcelona\/\" \/>\n<meta property=\"og:locale\" content=\"ca_ES\" \/>\n<meta property=\"og:type\" content=\"article\" \/>\n<meta property=\"og:title\" content=\"Consells pr\u00e0ctics per al lloguer de projectors a Barcelona | EIKONOS\" \/>\n<meta property=\"og:description\" content=\"Saps quins factors has de tenir en compte amb el lloguer de projectors a Barcelona? Si est\u00e0s en la ciutat comtal i necessites un servei de lloguer d\u2019equips audiovisuals de qualitat, podem ajudar-te!\" \/>\n<meta property=\"og:url\" content=\"https:\/\/eikonos.com\/ca\/blog\/consells-practics-lloguer-projectors-barcelona\/\" \/>\n<meta property=\"og:site_name\" content=\"EIKONOS\" \/>\n<meta property=\"article:publisher\" content=\"http:\/\/www.facebook.com\/pages\/Eikonos\/176324785746790\" \/>\n<meta property=\"article:published_time\" content=\"2018-12-18T10:27:00+00:00\" \/>\n<meta property=\"og:image\" content=\"https:\/\/eikonos.com\/wp-content\/uploads\/2019\/01\/alquiler-proyectores-barcelona-1.jpg\" \/>\n\t<meta property=\"og:image:width\" content=\"724\" \/>\n\t<meta property=\"og:image:height\" content=\"432\" \/>\n\t<meta property=\"og:image:type\" content=\"image\/jpeg\" \/>\n<meta name=\"author\" content=\"Xavi Eikonos\" \/>\n<meta name=\"twitter:card\" content=\"summary_large_image\" \/>\n<meta name=\"twitter:creator\" content=\"@eikonos_sa\" \/>\n<meta name=\"twitter:site\" content=\"@eikonos_sa\" \/>\n<meta name=\"twitter:label1\" content=\"Escrit per\" \/>\n\t<meta name=\"twitter:data1\" content=\"Xavi Eikonos\" \/>\n\t<meta name=\"twitter:label2\" content=\"Temps estimat de lectura\" \/>\n\t<meta name=\"twitter:data2\" content=\"3 minuts\" \/>\n<script type=\"application\/ld+json\" class=\"yoast-schema-graph\">{\"@context\":\"https:\/\/schema.org\",\"@graph\":[{\"@type\":\"Article\",\"@id\":\"https:\/\/eikonos.com\/ca\/blog\/consells-practics-lloguer-projectors-barcelona\/#article\",\"isPartOf\":{\"@id\":\"https:\/\/eikonos.com\/ca\/blog\/consells-practics-lloguer-projectors-barcelona\/\"},\"author\":{\"name\":\"Xavi Eikonos\",\"@id\":\"https:\/\/eikonos.com\/ca\/#\/schema\/person\/82032860cc314d826959b90595a5280a\"},\"headline\":\"Consells pr\u00e0ctics per al lloguer de projectors a Barcelona\",\"datePublished\":\"2018-12-18T10:27:00+00:00\",\"mainEntityOfPage\":{\"@id\":\"https:\/\/eikonos.com\/ca\/blog\/consells-practics-lloguer-projectors-barcelona\/\"},\"wordCount\":531,\"commentCount\":0,\"publisher\":{\"@id\":\"https:\/\/eikonos.com\/ca\/#organization\"},\"image\":{\"@id\":\"https:\/\/eikonos.com\/ca\/blog\/consells-practics-lloguer-projectors-barcelona\/#primaryimage\"},\"thumbnailUrl\":\"https:\/\/eikonos.com\/wp-content\/uploads\/2019\/01\/alquiler-proyectores-barcelona-1.jpg\",\"articleSection\":[\"Lloguer d'equips\"],\"inLanguage\":\"ca\",\"potentialAction\":[{\"@type\":\"CommentAction\",\"name\":\"Comment\",\"target\":[\"https:\/\/eikonos.com\/ca\/blog\/consells-practics-lloguer-projectors-barcelona\/#respond\"]}]},{\"@type\":\"WebPage\",\"@id\":\"https:\/\/eikonos.com\/ca\/blog\/consells-practics-lloguer-projectors-barcelona\/\",\"url\":\"https:\/\/eikonos.com\/ca\/blog\/consells-practics-lloguer-projectors-barcelona\/\",\"name\":\"Consells pr\u00e0ctics per al lloguer de projectors a Barcelona | EIKONOS\",\"isPartOf\":{\"@id\":\"https:\/\/eikonos.com\/ca\/#website\"},\"primaryImageOfPage\":{\"@id\":\"https:\/\/eikonos.com\/ca\/blog\/consells-practics-lloguer-projectors-barcelona\/#primaryimage\"},\"image\":{\"@id\":\"https:\/\/eikonos.com\/ca\/blog\/consells-practics-lloguer-projectors-barcelona\/#primaryimage\"},\"thumbnailUrl\":\"https:\/\/eikonos.com\/wp-content\/uploads\/2019\/01\/alquiler-proyectores-barcelona-1.jpg\",\"datePublished\":\"2018-12-18T10:27:00+00:00\",\"description\":\"Saps quins factors has de tenir en compte amb el lloguer de projectors a Barcelona? Si est\u00e0s en la ciutat comtal i necessites un servei de lloguer d\u2019equips audiovisuals de qualitat, podem ajudar-te!\",\"breadcrumb\":{\"@id\":\"https:\/\/eikonos.com\/ca\/blog\/consells-practics-lloguer-projectors-barcelona\/#breadcrumb\"},\"inLanguage\":\"ca\",\"potentialAction\":[{\"@type\":\"ReadAction\",\"target\":[\"https:\/\/eikonos.com\/ca\/blog\/consells-practics-lloguer-projectors-barcelona\/\"]}]},{\"@type\":\"ImageObject\",\"inLanguage\":\"ca\",\"@id\":\"https:\/\/eikonos.com\/ca\/blog\/consells-practics-lloguer-projectors-barcelona\/#primaryimage\",\"url\":\"https:\/\/eikonos.com\/wp-content\/uploads\/2019\/01\/alquiler-proyectores-barcelona-1.jpg\",\"contentUrl\":\"https:\/\/eikonos.com\/wp-content\/uploads\/2019\/01\/alquiler-proyectores-barcelona-1.jpg\",\"width\":724,\"height\":432,\"caption\":\"Alquiler de proyectores en Barcelona\"},{\"@type\":\"BreadcrumbList\",\"@id\":\"https:\/\/eikonos.com\/ca\/blog\/consells-practics-lloguer-projectors-barcelona\/#breadcrumb\",\"itemListElement\":[{\"@type\":\"ListItem\",\"position\":1,\"name\":\"EIKONOS\",\"item\":\"https:\/\/eikonos.com\/ca\/inici\/\"},{\"@type\":\"ListItem\",\"position\":2,\"name\":\"Consells pr\u00e0ctics per al lloguer de projectors a Barcelona\"}]},{\"@type\":\"WebSite\",\"@id\":\"https:\/\/eikonos.com\/ca\/#website\",\"url\":\"https:\/\/eikonos.com\/ca\/\",\"name\":\"EIKONOS\",\"description\":\"EXPERIENCIA AUDIOVISUAL\",\"publisher\":{\"@id\":\"https:\/\/eikonos.com\/ca\/#organization\"},\"potentialAction\":[{\"@type\":\"SearchAction\",\"target\":{\"@type\":\"EntryPoint\",\"urlTemplate\":\"https:\/\/eikonos.com\/ca\/?s={search_term_string}\"},\"query-input\":{\"@type\":\"PropertyValueSpecification\",\"valueRequired\":true,\"valueName\":\"search_term_string\"}}],\"inLanguage\":\"ca\"},{\"@type\":\"Organization\",\"@id\":\"https:\/\/eikonos.com\/ca\/#organization\",\"name\":\"EIKONOS | Servicios Audiovisuales, eventos y alquiler de equipos\",\"url\":\"https:\/\/eikonos.com\/ca\/\",\"logo\":{\"@type\":\"ImageObject\",\"inLanguage\":\"ca\",\"@id\":\"https:\/\/eikonos.com\/ca\/#\/schema\/logo\/image\/\",\"url\":\"https:\/\/eikonos.com\/wp-content\/uploads\/2020\/08\/logo-color.png\",\"contentUrl\":\"https:\/\/eikonos.com\/wp-content\/uploads\/2020\/08\/logo-color.png\",\"width\":376,\"height\":122,\"caption\":\"EIKONOS | Servicios Audiovisuales, eventos y alquiler de equipos\"},\"image\":{\"@id\":\"https:\/\/eikonos.com\/ca\/#\/schema\/logo\/image\/\"},\"sameAs\":[\"http:\/\/www.facebook.com\/pages\/Eikonos\/176324785746790\",\"https:\/\/x.com\/eikonos_sa\",\"http:\/\/www.linkedin.com\/company\/eikonos\",\"http:\/\/www.youtube.com\/channel\/UC8wcizWaAYbfsuqVf9wIT6w\"]},{\"@type\":\"Person\",\"@id\":\"https:\/\/eikonos.com\/ca\/#\/schema\/person\/82032860cc314d826959b90595a5280a\",\"name\":\"Xavi Eikonos\",\"image\":{\"@type\":\"ImageObject\",\"inLanguage\":\"ca\",\"@id\":\"https:\/\/eikonos.com\/ca\/#\/schema\/person\/image\/\",\"url\":\"https:\/\/secure.gravatar.com\/avatar\/a6c6b51dd0ac6902701aab24a914f6febe1518f94a5ae06db08b3d6107248dfd?s=96&d=mm&r=g\",\"contentUrl\":\"https:\/\/secure.gravatar.com\/avatar\/a6c6b51dd0ac6902701aab24a914f6febe1518f94a5ae06db08b3d6107248dfd?s=96&d=mm&r=g\",\"caption\":\"Xavi Eikonos\"}}]}<\/script>\n<!-- \/ Yoast SEO plugin. -->","yoast_head_json":{"title":"Consells pr\u00e0ctics per al lloguer de projectors a Barcelona | EIKONOS","description":"Saps quins factors has de tenir en compte amb el lloguer de projectors a Barcelona? Si est\u00e0s en la ciutat comtal i necessites un servei de lloguer d\u2019equips audiovisuals de qualitat, podem ajudar-te!","robots":{"index":"index","follow":"follow","max-snippet":"max-snippet:-1","max-image-preview":"max-image-preview:large","max-video-preview":"max-video-preview:-1"},"canonical":"https:\/\/eikonos.com\/ca\/blog\/consells-practics-lloguer-projectors-barcelona\/","og_locale":"ca_ES","og_type":"article","og_title":"Consells pr\u00e0ctics per al lloguer de projectors a Barcelona | EIKONOS","og_description":"Saps quins factors has de tenir en compte amb el lloguer de projectors a Barcelona? Si est\u00e0s en la ciutat comtal i necessites un servei de lloguer d\u2019equips audiovisuals de qualitat, podem ajudar-te!","og_url":"https:\/\/eikonos.com\/ca\/blog\/consells-practics-lloguer-projectors-barcelona\/","og_site_name":"EIKONOS","article_publisher":"http:\/\/www.facebook.com\/pages\/Eikonos\/176324785746790","article_published_time":"2018-12-18T10:27:00+00:00","og_image":[{"width":724,"height":432,"url":"https:\/\/eikonos.com\/wp-content\/uploads\/2019\/01\/alquiler-proyectores-barcelona-1.jpg","type":"image\/jpeg"}],"author":"Xavi Eikonos","twitter_card":"summary_large_image","twitter_creator":"@eikonos_sa","twitter_site":"@eikonos_sa","twitter_misc":{"Escrit per":"Xavi Eikonos","Temps estimat de lectura":"3 minuts"},"schema":{"@context":"https:\/\/schema.org","@graph":[{"@type":"Article","@id":"https:\/\/eikonos.com\/ca\/blog\/consells-practics-lloguer-projectors-barcelona\/#article","isPartOf":{"@id":"https:\/\/eikonos.com\/ca\/blog\/consells-practics-lloguer-projectors-barcelona\/"},"author":{"name":"Xavi Eikonos","@id":"https:\/\/eikonos.com\/ca\/#\/schema\/person\/82032860cc314d826959b90595a5280a"},"headline":"Consells pr\u00e0ctics per al lloguer de projectors a Barcelona","datePublished":"2018-12-18T10:27:00+00:00","mainEntityOfPage":{"@id":"https:\/\/eikonos.com\/ca\/blog\/consells-practics-lloguer-projectors-barcelona\/"},"wordCount":531,"commentCount":0,"publisher":{"@id":"https:\/\/eikonos.com\/ca\/#organization"},"image":{"@id":"https:\/\/eikonos.com\/ca\/blog\/consells-practics-lloguer-projectors-barcelona\/#primaryimage"},"thumbnailUrl":"https:\/\/eikonos.com\/wp-content\/uploads\/2019\/01\/alquiler-proyectores-barcelona-1.jpg","articleSection":["Lloguer d'equips"],"inLanguage":"ca","potentialAction":[{"@type":"CommentAction","name":"Comment","target":["https:\/\/eikonos.com\/ca\/blog\/consells-practics-lloguer-projectors-barcelona\/#respond"]}]},{"@type":"WebPage","@id":"https:\/\/eikonos.com\/ca\/blog\/consells-practics-lloguer-projectors-barcelona\/","url":"https:\/\/eikonos.com\/ca\/blog\/consells-practics-lloguer-projectors-barcelona\/","name":"Consells pr\u00e0ctics per al lloguer de projectors a Barcelona | EIKONOS","isPartOf":{"@id":"https:\/\/eikonos.com\/ca\/#website"},"primaryImageOfPage":{"@id":"https:\/\/eikonos.com\/ca\/blog\/consells-practics-lloguer-projectors-barcelona\/#primaryimage"},"image":{"@id":"https:\/\/eikonos.com\/ca\/blog\/consells-practics-lloguer-projectors-barcelona\/#primaryimage"},"thumbnailUrl":"https:\/\/eikonos.com\/wp-content\/uploads\/2019\/01\/alquiler-proyectores-barcelona-1.jpg","datePublished":"2018-12-18T10:27:00+00:00","description":"Saps quins factors has de tenir en compte amb el lloguer de projectors a Barcelona? Si est\u00e0s en la ciutat comtal i necessites un servei de lloguer d\u2019equips audiovisuals de qualitat, podem ajudar-te!","breadcrumb":{"@id":"https:\/\/eikonos.com\/ca\/blog\/consells-practics-lloguer-projectors-barcelona\/#breadcrumb"},"inLanguage":"ca","potentialAction":[{"@type":"ReadAction","target":["https:\/\/eikonos.com\/ca\/blog\/consells-practics-lloguer-projectors-barcelona\/"]}]},{"@type":"ImageObject","inLanguage":"ca","@id":"https:\/\/eikonos.com\/ca\/blog\/consells-practics-lloguer-projectors-barcelona\/#primaryimage","url":"https:\/\/eikonos.com\/wp-content\/uploads\/2019\/01\/alquiler-proyectores-barcelona-1.jpg","contentUrl":"https:\/\/eikonos.com\/wp-content\/uploads\/2019\/01\/alquiler-proyectores-barcelona-1.jpg","width":724,"height":432,"caption":"Alquiler de proyectores en Barcelona"},{"@type":"BreadcrumbList","@id":"https:\/\/eikonos.com\/ca\/blog\/consells-practics-lloguer-projectors-barcelona\/#breadcrumb","itemListElement":[{"@type":"ListItem","position":1,"name":"EIKONOS","item":"https:\/\/eikonos.com\/ca\/inici\/"},{"@type":"ListItem","position":2,"name":"Consells pr\u00e0ctics per al lloguer de projectors a Barcelona"}]},{"@type":"WebSite","@id":"https:\/\/eikonos.com\/ca\/#website","url":"https:\/\/eikonos.com\/ca\/","name":"EIKONOS","description":"EXPERIENCIA AUDIOVISUAL","publisher":{"@id":"https:\/\/eikonos.com\/ca\/#organization"},"potentialAction":[{"@type":"SearchAction","target":{"@type":"EntryPoint","urlTemplate":"https:\/\/eikonos.com\/ca\/?s={search_term_string}"},"query-input":{"@type":"PropertyValueSpecification","valueRequired":true,"valueName":"search_term_string"}}],"inLanguage":"ca"},{"@type":"Organization","@id":"https:\/\/eikonos.com\/ca\/#organization","name":"EIKONOS | Servicios Audiovisuales, eventos y alquiler de equipos","url":"https:\/\/eikonos.com\/ca\/","logo":{"@type":"ImageObject","inLanguage":"ca","@id":"https:\/\/eikonos.com\/ca\/#\/schema\/logo\/image\/","url":"https:\/\/eikonos.com\/wp-content\/uploads\/2020\/08\/logo-color.png","contentUrl":"https:\/\/eikonos.com\/wp-content\/uploads\/2020\/08\/logo-color.png","width":376,"height":122,"caption":"EIKONOS | Servicios Audiovisuales, eventos y alquiler de equipos"},"image":{"@id":"https:\/\/eikonos.com\/ca\/#\/schema\/logo\/image\/"},"sameAs":["http:\/\/www.facebook.com\/pages\/Eikonos\/176324785746790","https:\/\/x.com\/eikonos_sa","http:\/\/www.linkedin.com\/company\/eikonos","http:\/\/www.youtube.com\/channel\/UC8wcizWaAYbfsuqVf9wIT6w"]},{"@type":"Person","@id":"https:\/\/eikonos.com\/ca\/#\/schema\/person\/82032860cc314d826959b90595a5280a","name":"Xavi Eikonos","image":{"@type":"ImageObject","inLanguage":"ca","@id":"https:\/\/eikonos.com\/ca\/#\/schema\/person\/image\/","url":"https:\/\/secure.gravatar.com\/avatar\/a6c6b51dd0ac6902701aab24a914f6febe1518f94a5ae06db08b3d6107248dfd?s=96&d=mm&r=g","contentUrl":"https:\/\/secure.gravatar.com\/avatar\/a6c6b51dd0ac6902701aab24a914f6febe1518f94a5ae06db08b3d6107248dfd?s=96&d=mm&r=g","caption":"Xavi Eikonos"}}]}},"_links":{"self":[{"href":"https:\/\/eikonos.com\/ca\/wp-json\/wp\/v2\/posts\/6130","targetHints":{"allow":["GET"]}}],"collection":[{"href":"https:\/\/eikonos.com\/ca\/wp-json\/wp\/v2\/posts"}],"about":[{"href":"https:\/\/eikonos.com\/ca\/wp-json\/wp\/v2\/types\/post"}],"author":[{"embeddable":true,"href":"https:\/\/eikonos.com\/ca\/wp-json\/wp\/v2\/users\/6"}],"replies":[{"embeddable":true,"href":"https:\/\/eikonos.com\/ca\/wp-json\/wp\/v2\/comments?post=6130"}],"version-history":[{"count":0,"href":"https:\/\/eikonos.com\/ca\/wp-json\/wp\/v2\/posts\/6130\/revisions"}],"wp:featuredmedia":[{"embeddable":true,"href":"https:\/\/eikonos.com\/ca\/wp-json\/wp\/v2\/media\/6127"}],"wp:attachment":[{"href":"https:\/\/eikonos.com\/ca\/wp-json\/wp\/v2\/media?parent=6130"}],"wp:term":[{"taxonomy":"category","embeddable":true,"href":"https:\/\/eikonos.com\/ca\/wp-json\/wp\/v2\/categories?post=6130"},{"taxonomy":"post_tag","embeddable":true,"href":"https:\/\/eikonos.com\/ca\/wp-json\/wp\/v2\/tags?post=6130"}],"curies":[{"name":"wp","href":"https:\/\/api.w.org\/{rel}","templated":true}]}}