{"id":6110,"date":"2018-12-04T11:53:09","date_gmt":"2018-12-04T10:53:09","guid":{"rendered":"https:\/\/eikonos.com\/?p=6110"},"modified":"2018-12-04T11:53:09","modified_gmt":"2018-12-04T10:53:09","slug":"suports-recursos-audiovisuales-museus-exposicions","status":"publish","type":"post","link":"https:\/\/eikonos.com\/ca\/blog\/suports-recursos-audiovisuales-museus-exposicions\/","title":{"rendered":"Suports i recursos audiovisuales per a museus i exposicions"},"content":{"rendered":"<p>Independentment de la naturalesa del contingut de cada exposici\u00f3, <strong>els suports i recursos audiovisuals s\u00f3n un element de pes en aquests espais<\/strong>. Es confirma que en un m\u00f3n cada vegada m\u00e9s digital i interactiu, la tecnologia i la innovaci\u00f3 tamb\u00e9 tenen el seu forat en el m\u00f3n de l\u2019art i la cultura.<\/p>\n<p>Els <a href=\"https:\/\/eikonos.com\/ca\/portfolio_page\/museus\/\">recursos audiovisuals per a museus<\/a> ajuden a modular l\u2019experi\u00e8ncia del visitant. L\u2019objectiu no \u00e9s altre que magnificar les sensacions i el significat dels continguts exposats mitjan\u00e7ant la imatge i el so.<\/p>\n<p>Per\u00f2, de quins recursos per a museus parlem?<\/p>\n<p>&nbsp;<\/p>\n<h2><span style=\"color: #ff0000;\">Recursos audiovisuals per a museus i sales d\u2019exposicions<\/span><\/h2>\n<p>Per a tot aquell aficionat a les visites a les galeries, sales d\u2019exposicions i museus o com a organitzador\/promotor d\u2019aquests, la pres\u00e8ncia i l\u2019\u00fas de recursos audiovisuals \u00e9s cada vegada m\u00e9s habitual en exposicions.<br \/>\n\u00c9s una forma diferents de completar el missatge a transmetre i d\u2019arribar a un p\u00fablic molt acostumat a l\u2019impacte de les noves tecnologies.<\/p>\n<p>Per tant, si volem estar al nivell de les millors sales, en la nostra mostra no poden faltar els recursos audiovisuals. Per a aix\u00f2, \u00e9s important identificar o crear un espai adequat perqu\u00e8 els equips puguin ser utilitzats en tot el seu potencial.<br \/>\nL\u2019avan\u00e7 en la tecnologia dels <strong>displays<\/strong> (ja siguin monitors o panells de LED) ha possibilitat trobar solucions preparades per a tot tipus d\u2019espais. Fins i tot en espais oberts, amb llum directa del sol o condicions lum\u00edniques poc afavorides. Les <strong>pantalles LED<\/strong> s\u00f3n un clar exemple d\u2019aix\u00f2.<\/p>\n<p>Al tractar-se d\u2019un espai p\u00fablic, en un gran nombre de casos hem de donar especial import\u00e0ncia tant a la imatge com a la narrativa, utilitzant per a aquesta <strong>\u00faltima subt\u00edtols en diversos idiomes o la locuci\u00f3 mitjan\u00e7ant l\u2019\u00fas d\u2019\u00e0udioguies<\/strong> \u00a0que acompanyin al visitant. D\u2019aquesta manera, imatge i so cobren protagonisme i faciliten que el discurs expositiu sigui m\u00e9s enriquidor i comprensible.<\/p>\n<p>En definitiva, tots els recursos audiovisuals es presten per a millorar l\u2019experi\u00e8ncia del visitant, sempre que es coordinin i cobrin sentit en el seu conjunt.<\/p>\n<p><strong>Aqu\u00ed \u00e9s on cobra protagonisme tant la dom\u00f2tica com l\u2019automatitzaci\u00f3 d\u2019espais,<\/strong> creant entorns totalment gestionats de forma din\u00e0mica i els continguts de la qual es mostrin de forma coordinada i intel\u00b7ligible a l\u2019observador.<\/p>\n<p>&nbsp;<\/p>\n<h2><span style=\"color: #ff0000;\">Millorar l\u2019experi\u00e8ncia del visitant \u00e9s possible<\/span><\/h2>\n<p>A m\u00e9s,<strong> confiar en les t\u00e8cniques de gamificaci\u00f3<\/strong> faran l\u2019exposici\u00f3 molt m\u00e9s amena. Utilitzarem el joc per a ampliar coneixement, seguir explorant sobre els autors, la hist\u00f2ria, etc\u00e8tera. Ho aconseguirem a trav\u00e9s de pantalles interactives, so, il\u00b7luminaci\u00f3 i altres elements propis del joc l\u00fadic aplicat a entorns muse\u00edstics.<\/p>\n<p>Com veiem, s\u00f3n molts els recursos audiovisuals que es poden alternar amb els diferents objectes del museu. Val la pena contemplar els <a href=\"https:\/\/eikonos.com\/ca\/blog\/audiovisuals-museus-formats-interactius-sorprendre\/\">formats interactius i immersius per a sorprendre<\/a> i fer la narraci\u00f3 amena, que atrapi l\u2019atenci\u00f3 dels visitants.<\/p>\n<p>&nbsp;<\/p>\n<p style=\"text-align: center;\"><em><strong><span style=\"color: #ff0000;\">&#8220;Hi ha un tipus de muntatge per a cada exposici\u00f3, per a cada museu, per a cada galeria. Nom\u00e9s hem de planificar i comptar amb un equip d\u2019experts que ens ajudin a treure el m\u00e0xim partit al material exposat&#8221;<\/span><\/strong><\/em><\/p>\n<p>&nbsp;<\/p>\n<p>Ja sigui una exposici\u00f3 temporal o fixa, a EIKONOS t\u2019ajudem en tot el proc\u00e9s de disseny, selecci\u00f3, instal\u00b7laci\u00f3 i gesti\u00f3 dels recursos audiovisuals per a museus.<\/p>\n<p>Tens una idea i la vols fer realitat? <strong><em>Parlem!<\/em><\/strong><\/p>\n<p>&nbsp;<\/p>\n<p><a href=\"https:\/\/eikonos.com\/ca\/serveis\/instal%C2%B7lacions-fixes\/\"><img loading=\"lazy\" decoding=\"async\" class=\"aligncenter wp-image-6115 size-full\" title=\"Eikonos instal\u00b7lacions audiovisuals fixes\" src=\"https:\/\/eikonos.com\/wp-content\/uploads\/2019\/01\/CTA_EIKONOS_instalaciones_fijas-CAT-1.png\" alt=\"Eikonos instal\u00b7lacions audiovisuals fixes\" width=\"741\" height=\"250\" srcset=\"https:\/\/eikonos.com\/wp-content\/uploads\/2019\/01\/CTA_EIKONOS_instalaciones_fijas-CAT-1.png 741w, https:\/\/eikonos.com\/wp-content\/uploads\/2019\/01\/CTA_EIKONOS_instalaciones_fijas-CAT-1-300x101.png 300w\" sizes=\"auto, (max-width: 741px) 100vw, 741px\" \/><\/a><\/p>\n","protected":false},"excerpt":{"rendered":"<p>Independentment de la naturalesa del contingut de cada exposici\u00f3, els suports i recursos audiovisuals s\u00f3n&#8230;<\/p>\n","protected":false},"author":6,"featured_media":6108,"comment_status":"open","ping_status":"open","sticky":false,"template":"","format":"standard","meta":{"_acf_changed":false,"footnotes":""},"categories":[255],"tags":[],"class_list":["post-6110","post","type-post","status-publish","format-standard","has-post-thumbnail","hentry","category-installacions-fixes"],"acf":[],"yoast_head":"<!-- This site is optimized with the Yoast SEO plugin v26.3 - https:\/\/yoast.com\/wordpress\/plugins\/seo\/ -->\n<title>Suport i recursos audiovisuals per a museus i exposicions | EIKONOS<\/title>\n<meta name=\"description\" content=\"La tecnologia ha calat amb for\u00e7a en les sales d\u2019exposicions. Els recursos audiovisuals per a museus suposen un important suport per a millorar l\u2019experi\u00e8ncia dels visitants en aquests espais. Saps com treure el m\u00e0xim potencial del nostre equip audiovisual per a donar vida a aquests espais?\" \/>\n<meta name=\"robots\" content=\"index, follow, max-snippet:-1, max-image-preview:large, max-video-preview:-1\" \/>\n<link rel=\"canonical\" href=\"https:\/\/eikonos.com\/ca\/blog\/suports-recursos-audiovisuales-museus-exposicions\/\" \/>\n<meta property=\"og:locale\" content=\"ca_ES\" \/>\n<meta property=\"og:type\" content=\"article\" \/>\n<meta property=\"og:title\" content=\"Suport i recursos audiovisuals per a museus i exposicions | EIKONOS\" \/>\n<meta property=\"og:description\" content=\"La tecnologia ha calat amb for\u00e7a en les sales d\u2019exposicions. Els recursos audiovisuals per a museus suposen un important suport per a millorar l\u2019experi\u00e8ncia dels visitants en aquests espais. Saps com treure el m\u00e0xim potencial del nostre equip audiovisual per a donar vida a aquests espais?\" \/>\n<meta property=\"og:url\" content=\"https:\/\/eikonos.com\/ca\/blog\/suports-recursos-audiovisuales-museus-exposicions\/\" \/>\n<meta property=\"og:site_name\" content=\"EIKONOS\" \/>\n<meta property=\"article:publisher\" content=\"http:\/\/www.facebook.com\/pages\/Eikonos\/176324785746790\" \/>\n<meta property=\"article:published_time\" content=\"2018-12-04T10:53:09+00:00\" \/>\n<meta property=\"og:image\" content=\"https:\/\/eikonos.com\/wp-content\/uploads\/2019\/01\/recursos-audiovisuales-museos-1.jpg\" \/>\n\t<meta property=\"og:image:width\" content=\"724\" \/>\n\t<meta property=\"og:image:height\" content=\"432\" \/>\n\t<meta property=\"og:image:type\" content=\"image\/jpeg\" \/>\n<meta name=\"author\" content=\"Xavi Eikonos\" \/>\n<meta name=\"twitter:card\" content=\"summary_large_image\" \/>\n<meta name=\"twitter:creator\" content=\"@eikonos_sa\" \/>\n<meta name=\"twitter:site\" content=\"@eikonos_sa\" \/>\n<meta name=\"twitter:label1\" content=\"Escrit per\" \/>\n\t<meta name=\"twitter:data1\" content=\"Xavi Eikonos\" \/>\n\t<meta name=\"twitter:label2\" content=\"Temps estimat de lectura\" \/>\n\t<meta name=\"twitter:data2\" content=\"3 minuts\" \/>\n<script type=\"application\/ld+json\" class=\"yoast-schema-graph\">{\"@context\":\"https:\/\/schema.org\",\"@graph\":[{\"@type\":\"Article\",\"@id\":\"https:\/\/eikonos.com\/ca\/blog\/suports-recursos-audiovisuales-museus-exposicions\/#article\",\"isPartOf\":{\"@id\":\"https:\/\/eikonos.com\/ca\/blog\/suports-recursos-audiovisuales-museus-exposicions\/\"},\"author\":{\"name\":\"Xavi Eikonos\",\"@id\":\"https:\/\/eikonos.com\/ca\/#\/schema\/person\/82032860cc314d826959b90595a5280a\"},\"headline\":\"Suports i recursos audiovisuales per a museus i exposicions\",\"datePublished\":\"2018-12-04T10:53:09+00:00\",\"mainEntityOfPage\":{\"@id\":\"https:\/\/eikonos.com\/ca\/blog\/suports-recursos-audiovisuales-museus-exposicions\/\"},\"wordCount\":608,\"commentCount\":0,\"publisher\":{\"@id\":\"https:\/\/eikonos.com\/ca\/#organization\"},\"image\":{\"@id\":\"https:\/\/eikonos.com\/ca\/blog\/suports-recursos-audiovisuales-museus-exposicions\/#primaryimage\"},\"thumbnailUrl\":\"https:\/\/eikonos.com\/wp-content\/uploads\/2019\/01\/recursos-audiovisuales-museos-1.jpg\",\"articleSection\":[\"Instal\u00b7lacions fixes\"],\"inLanguage\":\"ca\",\"potentialAction\":[{\"@type\":\"CommentAction\",\"name\":\"Comment\",\"target\":[\"https:\/\/eikonos.com\/ca\/blog\/suports-recursos-audiovisuales-museus-exposicions\/#respond\"]}]},{\"@type\":\"WebPage\",\"@id\":\"https:\/\/eikonos.com\/ca\/blog\/suports-recursos-audiovisuales-museus-exposicions\/\",\"url\":\"https:\/\/eikonos.com\/ca\/blog\/suports-recursos-audiovisuales-museus-exposicions\/\",\"name\":\"Suport i recursos audiovisuals per a museus i exposicions | EIKONOS\",\"isPartOf\":{\"@id\":\"https:\/\/eikonos.com\/ca\/#website\"},\"primaryImageOfPage\":{\"@id\":\"https:\/\/eikonos.com\/ca\/blog\/suports-recursos-audiovisuales-museus-exposicions\/#primaryimage\"},\"image\":{\"@id\":\"https:\/\/eikonos.com\/ca\/blog\/suports-recursos-audiovisuales-museus-exposicions\/#primaryimage\"},\"thumbnailUrl\":\"https:\/\/eikonos.com\/wp-content\/uploads\/2019\/01\/recursos-audiovisuales-museos-1.jpg\",\"datePublished\":\"2018-12-04T10:53:09+00:00\",\"description\":\"La tecnologia ha calat amb for\u00e7a en les sales d\u2019exposicions. Els recursos audiovisuals per a museus suposen un important suport per a millorar l\u2019experi\u00e8ncia dels visitants en aquests espais. Saps com treure el m\u00e0xim potencial del nostre equip audiovisual per a donar vida a aquests espais?\",\"breadcrumb\":{\"@id\":\"https:\/\/eikonos.com\/ca\/blog\/suports-recursos-audiovisuales-museus-exposicions\/#breadcrumb\"},\"inLanguage\":\"ca\",\"potentialAction\":[{\"@type\":\"ReadAction\",\"target\":[\"https:\/\/eikonos.com\/ca\/blog\/suports-recursos-audiovisuales-museus-exposicions\/\"]}]},{\"@type\":\"ImageObject\",\"inLanguage\":\"ca\",\"@id\":\"https:\/\/eikonos.com\/ca\/blog\/suports-recursos-audiovisuales-museus-exposicions\/#primaryimage\",\"url\":\"https:\/\/eikonos.com\/wp-content\/uploads\/2019\/01\/recursos-audiovisuales-museos-1.jpg\",\"contentUrl\":\"https:\/\/eikonos.com\/wp-content\/uploads\/2019\/01\/recursos-audiovisuales-museos-1.jpg\",\"width\":724,\"height\":432,\"caption\":\"Recursos audiovisuales para museos\"},{\"@type\":\"BreadcrumbList\",\"@id\":\"https:\/\/eikonos.com\/ca\/blog\/suports-recursos-audiovisuales-museus-exposicions\/#breadcrumb\",\"itemListElement\":[{\"@type\":\"ListItem\",\"position\":1,\"name\":\"EIKONOS\",\"item\":\"https:\/\/eikonos.com\/ca\/inici\/\"},{\"@type\":\"ListItem\",\"position\":2,\"name\":\"Suports i recursos audiovisuales per a museus i exposicions\"}]},{\"@type\":\"WebSite\",\"@id\":\"https:\/\/eikonos.com\/ca\/#website\",\"url\":\"https:\/\/eikonos.com\/ca\/\",\"name\":\"EIKONOS\",\"description\":\"EXPERIENCIA AUDIOVISUAL\",\"publisher\":{\"@id\":\"https:\/\/eikonos.com\/ca\/#organization\"},\"potentialAction\":[{\"@type\":\"SearchAction\",\"target\":{\"@type\":\"EntryPoint\",\"urlTemplate\":\"https:\/\/eikonos.com\/ca\/?s={search_term_string}\"},\"query-input\":{\"@type\":\"PropertyValueSpecification\",\"valueRequired\":true,\"valueName\":\"search_term_string\"}}],\"inLanguage\":\"ca\"},{\"@type\":\"Organization\",\"@id\":\"https:\/\/eikonos.com\/ca\/#organization\",\"name\":\"EIKONOS | Servicios Audiovisuales, eventos y alquiler de equipos\",\"url\":\"https:\/\/eikonos.com\/ca\/\",\"logo\":{\"@type\":\"ImageObject\",\"inLanguage\":\"ca\",\"@id\":\"https:\/\/eikonos.com\/ca\/#\/schema\/logo\/image\/\",\"url\":\"https:\/\/eikonos.com\/wp-content\/uploads\/2020\/08\/logo-color.png\",\"contentUrl\":\"https:\/\/eikonos.com\/wp-content\/uploads\/2020\/08\/logo-color.png\",\"width\":376,\"height\":122,\"caption\":\"EIKONOS | Servicios Audiovisuales, eventos y alquiler de equipos\"},\"image\":{\"@id\":\"https:\/\/eikonos.com\/ca\/#\/schema\/logo\/image\/\"},\"sameAs\":[\"http:\/\/www.facebook.com\/pages\/Eikonos\/176324785746790\",\"https:\/\/x.com\/eikonos_sa\",\"http:\/\/www.linkedin.com\/company\/eikonos\",\"http:\/\/www.youtube.com\/channel\/UC8wcizWaAYbfsuqVf9wIT6w\"]},{\"@type\":\"Person\",\"@id\":\"https:\/\/eikonos.com\/ca\/#\/schema\/person\/82032860cc314d826959b90595a5280a\",\"name\":\"Xavi Eikonos\",\"image\":{\"@type\":\"ImageObject\",\"inLanguage\":\"ca\",\"@id\":\"https:\/\/eikonos.com\/ca\/#\/schema\/person\/image\/\",\"url\":\"https:\/\/secure.gravatar.com\/avatar\/a6c6b51dd0ac6902701aab24a914f6febe1518f94a5ae06db08b3d6107248dfd?s=96&d=mm&r=g\",\"contentUrl\":\"https:\/\/secure.gravatar.com\/avatar\/a6c6b51dd0ac6902701aab24a914f6febe1518f94a5ae06db08b3d6107248dfd?s=96&d=mm&r=g\",\"caption\":\"Xavi Eikonos\"}}]}<\/script>\n<!-- \/ Yoast SEO plugin. -->","yoast_head_json":{"title":"Suport i recursos audiovisuals per a museus i exposicions | EIKONOS","description":"La tecnologia ha calat amb for\u00e7a en les sales d\u2019exposicions. Els recursos audiovisuals per a museus suposen un important suport per a millorar l\u2019experi\u00e8ncia dels visitants en aquests espais. Saps com treure el m\u00e0xim potencial del nostre equip audiovisual per a donar vida a aquests espais?","robots":{"index":"index","follow":"follow","max-snippet":"max-snippet:-1","max-image-preview":"max-image-preview:large","max-video-preview":"max-video-preview:-1"},"canonical":"https:\/\/eikonos.com\/ca\/blog\/suports-recursos-audiovisuales-museus-exposicions\/","og_locale":"ca_ES","og_type":"article","og_title":"Suport i recursos audiovisuals per a museus i exposicions | EIKONOS","og_description":"La tecnologia ha calat amb for\u00e7a en les sales d\u2019exposicions. Els recursos audiovisuals per a museus suposen un important suport per a millorar l\u2019experi\u00e8ncia dels visitants en aquests espais. Saps com treure el m\u00e0xim potencial del nostre equip audiovisual per a donar vida a aquests espais?","og_url":"https:\/\/eikonos.com\/ca\/blog\/suports-recursos-audiovisuales-museus-exposicions\/","og_site_name":"EIKONOS","article_publisher":"http:\/\/www.facebook.com\/pages\/Eikonos\/176324785746790","article_published_time":"2018-12-04T10:53:09+00:00","og_image":[{"width":724,"height":432,"url":"https:\/\/eikonos.com\/wp-content\/uploads\/2019\/01\/recursos-audiovisuales-museos-1.jpg","type":"image\/jpeg"}],"author":"Xavi Eikonos","twitter_card":"summary_large_image","twitter_creator":"@eikonos_sa","twitter_site":"@eikonos_sa","twitter_misc":{"Escrit per":"Xavi Eikonos","Temps estimat de lectura":"3 minuts"},"schema":{"@context":"https:\/\/schema.org","@graph":[{"@type":"Article","@id":"https:\/\/eikonos.com\/ca\/blog\/suports-recursos-audiovisuales-museus-exposicions\/#article","isPartOf":{"@id":"https:\/\/eikonos.com\/ca\/blog\/suports-recursos-audiovisuales-museus-exposicions\/"},"author":{"name":"Xavi Eikonos","@id":"https:\/\/eikonos.com\/ca\/#\/schema\/person\/82032860cc314d826959b90595a5280a"},"headline":"Suports i recursos audiovisuales per a museus i exposicions","datePublished":"2018-12-04T10:53:09+00:00","mainEntityOfPage":{"@id":"https:\/\/eikonos.com\/ca\/blog\/suports-recursos-audiovisuales-museus-exposicions\/"},"wordCount":608,"commentCount":0,"publisher":{"@id":"https:\/\/eikonos.com\/ca\/#organization"},"image":{"@id":"https:\/\/eikonos.com\/ca\/blog\/suports-recursos-audiovisuales-museus-exposicions\/#primaryimage"},"thumbnailUrl":"https:\/\/eikonos.com\/wp-content\/uploads\/2019\/01\/recursos-audiovisuales-museos-1.jpg","articleSection":["Instal\u00b7lacions fixes"],"inLanguage":"ca","potentialAction":[{"@type":"CommentAction","name":"Comment","target":["https:\/\/eikonos.com\/ca\/blog\/suports-recursos-audiovisuales-museus-exposicions\/#respond"]}]},{"@type":"WebPage","@id":"https:\/\/eikonos.com\/ca\/blog\/suports-recursos-audiovisuales-museus-exposicions\/","url":"https:\/\/eikonos.com\/ca\/blog\/suports-recursos-audiovisuales-museus-exposicions\/","name":"Suport i recursos audiovisuals per a museus i exposicions | EIKONOS","isPartOf":{"@id":"https:\/\/eikonos.com\/ca\/#website"},"primaryImageOfPage":{"@id":"https:\/\/eikonos.com\/ca\/blog\/suports-recursos-audiovisuales-museus-exposicions\/#primaryimage"},"image":{"@id":"https:\/\/eikonos.com\/ca\/blog\/suports-recursos-audiovisuales-museus-exposicions\/#primaryimage"},"thumbnailUrl":"https:\/\/eikonos.com\/wp-content\/uploads\/2019\/01\/recursos-audiovisuales-museos-1.jpg","datePublished":"2018-12-04T10:53:09+00:00","description":"La tecnologia ha calat amb for\u00e7a en les sales d\u2019exposicions. Els recursos audiovisuals per a museus suposen un important suport per a millorar l\u2019experi\u00e8ncia dels visitants en aquests espais. Saps com treure el m\u00e0xim potencial del nostre equip audiovisual per a donar vida a aquests espais?","breadcrumb":{"@id":"https:\/\/eikonos.com\/ca\/blog\/suports-recursos-audiovisuales-museus-exposicions\/#breadcrumb"},"inLanguage":"ca","potentialAction":[{"@type":"ReadAction","target":["https:\/\/eikonos.com\/ca\/blog\/suports-recursos-audiovisuales-museus-exposicions\/"]}]},{"@type":"ImageObject","inLanguage":"ca","@id":"https:\/\/eikonos.com\/ca\/blog\/suports-recursos-audiovisuales-museus-exposicions\/#primaryimage","url":"https:\/\/eikonos.com\/wp-content\/uploads\/2019\/01\/recursos-audiovisuales-museos-1.jpg","contentUrl":"https:\/\/eikonos.com\/wp-content\/uploads\/2019\/01\/recursos-audiovisuales-museos-1.jpg","width":724,"height":432,"caption":"Recursos audiovisuales para museos"},{"@type":"BreadcrumbList","@id":"https:\/\/eikonos.com\/ca\/blog\/suports-recursos-audiovisuales-museus-exposicions\/#breadcrumb","itemListElement":[{"@type":"ListItem","position":1,"name":"EIKONOS","item":"https:\/\/eikonos.com\/ca\/inici\/"},{"@type":"ListItem","position":2,"name":"Suports i recursos audiovisuales per a museus i exposicions"}]},{"@type":"WebSite","@id":"https:\/\/eikonos.com\/ca\/#website","url":"https:\/\/eikonos.com\/ca\/","name":"EIKONOS","description":"EXPERIENCIA AUDIOVISUAL","publisher":{"@id":"https:\/\/eikonos.com\/ca\/#organization"},"potentialAction":[{"@type":"SearchAction","target":{"@type":"EntryPoint","urlTemplate":"https:\/\/eikonos.com\/ca\/?s={search_term_string}"},"query-input":{"@type":"PropertyValueSpecification","valueRequired":true,"valueName":"search_term_string"}}],"inLanguage":"ca"},{"@type":"Organization","@id":"https:\/\/eikonos.com\/ca\/#organization","name":"EIKONOS | Servicios Audiovisuales, eventos y alquiler de equipos","url":"https:\/\/eikonos.com\/ca\/","logo":{"@type":"ImageObject","inLanguage":"ca","@id":"https:\/\/eikonos.com\/ca\/#\/schema\/logo\/image\/","url":"https:\/\/eikonos.com\/wp-content\/uploads\/2020\/08\/logo-color.png","contentUrl":"https:\/\/eikonos.com\/wp-content\/uploads\/2020\/08\/logo-color.png","width":376,"height":122,"caption":"EIKONOS | Servicios Audiovisuales, eventos y alquiler de equipos"},"image":{"@id":"https:\/\/eikonos.com\/ca\/#\/schema\/logo\/image\/"},"sameAs":["http:\/\/www.facebook.com\/pages\/Eikonos\/176324785746790","https:\/\/x.com\/eikonos_sa","http:\/\/www.linkedin.com\/company\/eikonos","http:\/\/www.youtube.com\/channel\/UC8wcizWaAYbfsuqVf9wIT6w"]},{"@type":"Person","@id":"https:\/\/eikonos.com\/ca\/#\/schema\/person\/82032860cc314d826959b90595a5280a","name":"Xavi Eikonos","image":{"@type":"ImageObject","inLanguage":"ca","@id":"https:\/\/eikonos.com\/ca\/#\/schema\/person\/image\/","url":"https:\/\/secure.gravatar.com\/avatar\/a6c6b51dd0ac6902701aab24a914f6febe1518f94a5ae06db08b3d6107248dfd?s=96&d=mm&r=g","contentUrl":"https:\/\/secure.gravatar.com\/avatar\/a6c6b51dd0ac6902701aab24a914f6febe1518f94a5ae06db08b3d6107248dfd?s=96&d=mm&r=g","caption":"Xavi Eikonos"}}]}},"_links":{"self":[{"href":"https:\/\/eikonos.com\/ca\/wp-json\/wp\/v2\/posts\/6110","targetHints":{"allow":["GET"]}}],"collection":[{"href":"https:\/\/eikonos.com\/ca\/wp-json\/wp\/v2\/posts"}],"about":[{"href":"https:\/\/eikonos.com\/ca\/wp-json\/wp\/v2\/types\/post"}],"author":[{"embeddable":true,"href":"https:\/\/eikonos.com\/ca\/wp-json\/wp\/v2\/users\/6"}],"replies":[{"embeddable":true,"href":"https:\/\/eikonos.com\/ca\/wp-json\/wp\/v2\/comments?post=6110"}],"version-history":[{"count":0,"href":"https:\/\/eikonos.com\/ca\/wp-json\/wp\/v2\/posts\/6110\/revisions"}],"wp:featuredmedia":[{"embeddable":true,"href":"https:\/\/eikonos.com\/ca\/wp-json\/wp\/v2\/media\/6108"}],"wp:attachment":[{"href":"https:\/\/eikonos.com\/ca\/wp-json\/wp\/v2\/media?parent=6110"}],"wp:term":[{"taxonomy":"category","embeddable":true,"href":"https:\/\/eikonos.com\/ca\/wp-json\/wp\/v2\/categories?post=6110"},{"taxonomy":"post_tag","embeddable":true,"href":"https:\/\/eikonos.com\/ca\/wp-json\/wp\/v2\/tags?post=6110"}],"curies":[{"name":"wp","href":"https:\/\/api.w.org\/{rel}","templated":true}]}}