{"id":6094,"date":"2018-11-27T13:56:03","date_gmt":"2018-11-27T12:56:03","guid":{"rendered":"https:\/\/eikonos.com\/?p=6094"},"modified":"2018-11-27T13:56:03","modified_gmt":"2018-11-27T12:56:03","slug":"lloguer-pantalles-led-amb-remolc-esdeveniments-gires-promocionals","status":"publish","type":"post","link":"https:\/\/eikonos.com\/ca\/blog\/lloguer-pantalles-led-amb-remolc-esdeveniments-gires-promocionals\/","title":{"rendered":"Lloguer de pantalles LED amb remolc per a gires promocionals"},"content":{"rendered":"<p>Les gires promocionals m\u00e9s al\u00b7lucinants tenen un denominador com\u00fa: <strong>fan un \u00fas excepcional dels elements audiovisuals per a captar als espectadors.<\/strong><\/p>\n<p>\u00c9s dif\u00edcil imaginar un gran concert, esdeveniment, espectacle, presentaci\u00f3&#8230; a on no hi hagi pantalles gegants, efectes lum\u00ednics o un so perfecte. Per\u00f2 aquests elements no s\u00f3n propis de grans gires. \u00c9s quelcom que podem extrapolar a qualsevol convocat\u00f2ria i que hem de cuidar al detall.<\/p>\n<p>Pensa-hi. Quines eines has utilitzat fins ara perqu\u00e8 la teva cita sigui el m\u00e9s convincent, atractiva i inoblidable? El lloguer de <a href=\"https:\/\/eikonos.com\/ca\/portfolio_page\/remolc-led-ek-12\/\">pantalles LED amb remolc per a esdeveniments<\/a> \u00e9s una de les solucions de major creixement en la ind\u00fastria de producci\u00f3 i esdeveniments en viu.<\/p>\n<p>Agregar personalitat i una dimensi\u00f3 diferent a la teva gira \u00e9s possible. <strong>Les pantalles LED no requereixen gaireb\u00e9 d\u2019instal\u00b7laci\u00f3. Llestes per a ser utilitzades all\u00e0 a on pugui accedir el remol, tamb\u00e9 cobreixen un gran camp de visi\u00f3 amb la seva elevaci\u00f3 controlable i compten amb una alta rotaci\u00f3. <\/strong>Per naturalesa, s\u00f3n adaptables i es poden configurar per a complir una s\u00e8rie de funcions diferents en configuracions de qualsevol mida.<\/p>\n<p>Si b\u00e9 \u00e9s cert que la gran majoria de les persones pensen que els lloguers de pantalles LED tenen sentit per a grans esdeveniments, la veritat \u00e9s que aquestes pantalles poden ser utilitzades en una \u00e0mplia gamma d\u2019escenaris en viu i entorns molt m\u00e9s comuns com: stands de fires, esdeveniments corporatius i reunions, aix\u00ed com a transmissions i gravacions de televisi\u00f3 en viu.<\/p>\n<p><strong>\u00a0<\/strong><\/p>\n<h2><span style=\"color: #ff0000;\">Les pantalles LED, \u00fatils en fires i representacions <\/span><\/h2>\n<p>A<strong> Eikonos tenim un enfocament integral per a la integraci\u00f3 del lloguer de pantalles LED per a gires promocionals <\/strong>i sabem l\u2019important que \u00e9s transmetre el teu missatge de forma adequada.<\/p>\n<p>No tot val, de la mateixa manera que no qualsevol suport pot fer arribar el teu comunicat de forma id\u00f2nia. Per aix\u00f2, t\u2019assessorem personalment i comptem amb un equip t\u00e8cnic que d\u00f3na suport durant tota la durada del congr\u00e9s, perqu\u00e8 no hi hagi espai per a les improvisacions ni l\u2019error.<\/p>\n<p>Quantes vegades has llogat material \u00fanicament pel dia de la convocat\u00f2ria per a estalviar costos i arriba el moment que no saps utilitzar-lo? Com et sents quan comen\u00e7a una presentaci\u00f3 i comen\u00e7a a fallar l\u2019equip, el so, la imatge i ning\u00fa del teu equip \u00e9s expert en audiovisuals? Al final, s\u2019acaba transmetent just la imatge contr\u00e0ria: desordre i caos.<\/p>\n<p>&nbsp;<\/p>\n<h2><span style=\"color: #ff0000;\">Per qu\u00e8 apostar per les pantalles LED en esdeveniments?<\/span><\/h2>\n<p><strong>Esdeveniments din\u00e0mics<br \/>\n<\/strong>En primer lloc, aposta per les \u00faltimes tend\u00e8ncies de la producci\u00f3 en viu i desperta el dinamisme en la forma de consumir el contingut audiovisual. No et limitis a mostrar el teu producte, fes que els assistents interactu\u00efn amb ell i aportin valor a l\u2019esdeveniment.<\/p>\n<p>&nbsp;<\/p>\n<p><strong>Lloguer innovador en tecnologia LED<\/strong><br \/>\nEls efectes visuals captivadors tenen el poder de fer o desfer el teu esdeveniment. Amb les pantalles LED de lloguer i sotware de control, tens llibertat per a crear els efectes que desitgis sense limitacions. Pensa en el motiu del teu esdeveniment, els objectius que vols complir i el missatge que vols transmetre per a connectar amb nous p\u00fablics o amb el teu p\u00fablic m\u00e9s fidel.<br \/>\nComunicar-te amb la teva audi\u00e8ncia mitjan\u00e7ant un format audiovisual pot repercutir positivament en l\u2019experi\u00e8ncia de l\u2019esdeveniment i despertar l\u2019inter\u00e8s de noves generacions.<\/p>\n<p>&nbsp;<\/p>\n<p><strong>Personal expert<\/strong><strong><br \/>\n<\/strong>El nostre personal compta amb l\u2019experi\u00e8ncia necess\u00e0ria per a proporcionar-te l\u2019atenci\u00f3 i el <a href=\"https:\/\/eikonos.com\/ca\/blog\/equip-tecnic-festivals-espectaculars\/\">suport t\u00e8cnic que necessites<\/a>. A m\u00e9s, amb el model de lloguer per a esdeveniments audiovisuals sempre tindr\u00e0s el control sobre els costos. Deixa el teu projecte en bones mans, on no hi ha cabuda a la improvisaci\u00f3.<\/p>\n<p>&nbsp;<\/p>\n<p>Vols organitzar una gira promocional de la teva marca o nou producte i no saps per on comen\u00e7ar? Vols comptar amb una pantalla LED amb remolc per a esdeveniments? <strong><em>Parlem!<\/em><\/strong><\/p>\n<p>&nbsp;<\/p>\n<p><a href=\"https:\/\/eikonos.com\/ca\/serveis\/esdeveniments-audiovisuals\/\"><img loading=\"lazy\" decoding=\"async\" class=\"aligncenter wp-image-6099 size-full\" title=\"EIKONOS serveis audiovisuals per a esdeveniments\" src=\"https:\/\/eikonos.com\/wp-content\/uploads\/2019\/01\/eikonos-cta-organitzacio-esdeveniments-audiovisuals-1.png\" alt=\"EIKONOS serveis audiovisuals per a esdeveniments\" width=\"741\" height=\"250\" srcset=\"https:\/\/eikonos.com\/wp-content\/uploads\/2019\/01\/eikonos-cta-organitzacio-esdeveniments-audiovisuals-1.png 741w, https:\/\/eikonos.com\/wp-content\/uploads\/2019\/01\/eikonos-cta-organitzacio-esdeveniments-audiovisuals-1-300x101.png 300w\" sizes=\"auto, (max-width: 741px) 100vw, 741px\" \/><\/a><\/p>\n","protected":false},"excerpt":{"rendered":"<p>Les gires promocionals m\u00e9s al\u00b7lucinants tenen un denominador com\u00fa: fan un \u00fas excepcional dels elements&#8230;<\/p>\n","protected":false},"author":6,"featured_media":6102,"comment_status":"open","ping_status":"open","sticky":false,"template":"","format":"standard","meta":{"_acf_changed":false,"footnotes":""},"categories":[260],"tags":[],"class_list":["post-6094","post","type-post","status-publish","format-standard","has-post-thumbnail","hentry","category-esdeveniments-audiovisuals"],"acf":[],"yoast_head":"<!-- This site is optimized with the Yoast SEO plugin v26.3 - https:\/\/yoast.com\/wordpress\/plugins\/seo\/ -->\n<title>Lloguer de pantalles LED amb remolc per a esdeveniments i gires<\/title>\n<meta name=\"description\" content=\"T&#039;expliquem les raons per les quals hauries d&#039;invertir en el lloguer de pantalles LED amb remolc per a esdeveniments o gires promocionals. Segueix llegint!\" \/>\n<meta name=\"robots\" content=\"index, follow, max-snippet:-1, max-image-preview:large, max-video-preview:-1\" \/>\n<link rel=\"canonical\" href=\"https:\/\/eikonos.com\/ca\/blog\/lloguer-pantalles-led-amb-remolc-esdeveniments-gires-promocionals\/\" \/>\n<meta property=\"og:locale\" content=\"ca_ES\" \/>\n<meta property=\"og:type\" content=\"article\" \/>\n<meta property=\"og:title\" content=\"Lloguer de pantalles LED amb remolc per a esdeveniments i gires\" \/>\n<meta property=\"og:description\" content=\"T&#039;expliquem les raons per les quals hauries d&#039;invertir en el lloguer de pantalles LED amb remolc per a esdeveniments o gires promocionals. Segueix llegint!\" \/>\n<meta property=\"og:url\" content=\"https:\/\/eikonos.com\/ca\/blog\/lloguer-pantalles-led-amb-remolc-esdeveniments-gires-promocionals\/\" \/>\n<meta property=\"og:site_name\" content=\"EIKONOS\" \/>\n<meta property=\"article:publisher\" content=\"http:\/\/www.facebook.com\/pages\/Eikonos\/176324785746790\" \/>\n<meta property=\"article:published_time\" content=\"2018-11-27T12:56:03+00:00\" \/>\n<meta property=\"og:image\" content=\"https:\/\/eikonos.com\/wp-content\/uploads\/2018\/11\/led-remolque-1.jpg\" \/>\n\t<meta property=\"og:image:width\" content=\"724\" \/>\n\t<meta property=\"og:image:height\" content=\"432\" \/>\n\t<meta property=\"og:image:type\" content=\"image\/jpeg\" \/>\n<meta name=\"author\" content=\"Xavi Eikonos\" \/>\n<meta name=\"twitter:card\" content=\"summary_large_image\" \/>\n<meta name=\"twitter:creator\" content=\"@eikonos_sa\" \/>\n<meta name=\"twitter:site\" content=\"@eikonos_sa\" \/>\n<meta name=\"twitter:label1\" content=\"Escrit per\" \/>\n\t<meta name=\"twitter:data1\" content=\"Xavi Eikonos\" \/>\n\t<meta name=\"twitter:label2\" content=\"Temps estimat de lectura\" \/>\n\t<meta name=\"twitter:data2\" content=\"3 minuts\" \/>\n<script type=\"application\/ld+json\" class=\"yoast-schema-graph\">{\"@context\":\"https:\/\/schema.org\",\"@graph\":[{\"@type\":\"Article\",\"@id\":\"https:\/\/eikonos.com\/ca\/blog\/lloguer-pantalles-led-amb-remolc-esdeveniments-gires-promocionals\/#article\",\"isPartOf\":{\"@id\":\"https:\/\/eikonos.com\/ca\/blog\/lloguer-pantalles-led-amb-remolc-esdeveniments-gires-promocionals\/\"},\"author\":{\"name\":\"Xavi Eikonos\",\"@id\":\"https:\/\/eikonos.com\/ca\/#\/schema\/person\/82032860cc314d826959b90595a5280a\"},\"headline\":\"Lloguer de pantalles LED amb remolc per a gires promocionals\",\"datePublished\":\"2018-11-27T12:56:03+00:00\",\"mainEntityOfPage\":{\"@id\":\"https:\/\/eikonos.com\/ca\/blog\/lloguer-pantalles-led-amb-remolc-esdeveniments-gires-promocionals\/\"},\"wordCount\":688,\"commentCount\":0,\"publisher\":{\"@id\":\"https:\/\/eikonos.com\/ca\/#organization\"},\"image\":{\"@id\":\"https:\/\/eikonos.com\/ca\/blog\/lloguer-pantalles-led-amb-remolc-esdeveniments-gires-promocionals\/#primaryimage\"},\"thumbnailUrl\":\"https:\/\/eikonos.com\/wp-content\/uploads\/2018\/11\/led-remolque-1.jpg\",\"articleSection\":[\"Esdeveniments audiovisuals\"],\"inLanguage\":\"ca\",\"potentialAction\":[{\"@type\":\"CommentAction\",\"name\":\"Comment\",\"target\":[\"https:\/\/eikonos.com\/ca\/blog\/lloguer-pantalles-led-amb-remolc-esdeveniments-gires-promocionals\/#respond\"]}]},{\"@type\":\"WebPage\",\"@id\":\"https:\/\/eikonos.com\/ca\/blog\/lloguer-pantalles-led-amb-remolc-esdeveniments-gires-promocionals\/\",\"url\":\"https:\/\/eikonos.com\/ca\/blog\/lloguer-pantalles-led-amb-remolc-esdeveniments-gires-promocionals\/\",\"name\":\"Lloguer de pantalles LED amb remolc per a esdeveniments i gires\",\"isPartOf\":{\"@id\":\"https:\/\/eikonos.com\/ca\/#website\"},\"primaryImageOfPage\":{\"@id\":\"https:\/\/eikonos.com\/ca\/blog\/lloguer-pantalles-led-amb-remolc-esdeveniments-gires-promocionals\/#primaryimage\"},\"image\":{\"@id\":\"https:\/\/eikonos.com\/ca\/blog\/lloguer-pantalles-led-amb-remolc-esdeveniments-gires-promocionals\/#primaryimage\"},\"thumbnailUrl\":\"https:\/\/eikonos.com\/wp-content\/uploads\/2018\/11\/led-remolque-1.jpg\",\"datePublished\":\"2018-11-27T12:56:03+00:00\",\"description\":\"T'expliquem les raons per les quals hauries d'invertir en el lloguer de pantalles LED amb remolc per a esdeveniments o gires promocionals. Segueix llegint!\",\"breadcrumb\":{\"@id\":\"https:\/\/eikonos.com\/ca\/blog\/lloguer-pantalles-led-amb-remolc-esdeveniments-gires-promocionals\/#breadcrumb\"},\"inLanguage\":\"ca\",\"potentialAction\":[{\"@type\":\"ReadAction\",\"target\":[\"https:\/\/eikonos.com\/ca\/blog\/lloguer-pantalles-led-amb-remolc-esdeveniments-gires-promocionals\/\"]}]},{\"@type\":\"ImageObject\",\"inLanguage\":\"ca\",\"@id\":\"https:\/\/eikonos.com\/ca\/blog\/lloguer-pantalles-led-amb-remolc-esdeveniments-gires-promocionals\/#primaryimage\",\"url\":\"https:\/\/eikonos.com\/wp-content\/uploads\/2018\/11\/led-remolque-1.jpg\",\"contentUrl\":\"https:\/\/eikonos.com\/wp-content\/uploads\/2018\/11\/led-remolque-1.jpg\",\"width\":724,\"height\":432,\"caption\":\"Pantalla led con remolque para eventos\"},{\"@type\":\"BreadcrumbList\",\"@id\":\"https:\/\/eikonos.com\/ca\/blog\/lloguer-pantalles-led-amb-remolc-esdeveniments-gires-promocionals\/#breadcrumb\",\"itemListElement\":[{\"@type\":\"ListItem\",\"position\":1,\"name\":\"EIKONOS\",\"item\":\"https:\/\/eikonos.com\/ca\/inici\/\"},{\"@type\":\"ListItem\",\"position\":2,\"name\":\"Lloguer de pantalles LED amb remolc per a gires promocionals\"}]},{\"@type\":\"WebSite\",\"@id\":\"https:\/\/eikonos.com\/ca\/#website\",\"url\":\"https:\/\/eikonos.com\/ca\/\",\"name\":\"EIKONOS\",\"description\":\"EXPERIENCIA AUDIOVISUAL\",\"publisher\":{\"@id\":\"https:\/\/eikonos.com\/ca\/#organization\"},\"potentialAction\":[{\"@type\":\"SearchAction\",\"target\":{\"@type\":\"EntryPoint\",\"urlTemplate\":\"https:\/\/eikonos.com\/ca\/?s={search_term_string}\"},\"query-input\":{\"@type\":\"PropertyValueSpecification\",\"valueRequired\":true,\"valueName\":\"search_term_string\"}}],\"inLanguage\":\"ca\"},{\"@type\":\"Organization\",\"@id\":\"https:\/\/eikonos.com\/ca\/#organization\",\"name\":\"EIKONOS | Servicios Audiovisuales, eventos y alquiler de equipos\",\"url\":\"https:\/\/eikonos.com\/ca\/\",\"logo\":{\"@type\":\"ImageObject\",\"inLanguage\":\"ca\",\"@id\":\"https:\/\/eikonos.com\/ca\/#\/schema\/logo\/image\/\",\"url\":\"https:\/\/eikonos.com\/wp-content\/uploads\/2020\/08\/logo-color.png\",\"contentUrl\":\"https:\/\/eikonos.com\/wp-content\/uploads\/2020\/08\/logo-color.png\",\"width\":376,\"height\":122,\"caption\":\"EIKONOS | Servicios Audiovisuales, eventos y alquiler de equipos\"},\"image\":{\"@id\":\"https:\/\/eikonos.com\/ca\/#\/schema\/logo\/image\/\"},\"sameAs\":[\"http:\/\/www.facebook.com\/pages\/Eikonos\/176324785746790\",\"https:\/\/x.com\/eikonos_sa\",\"http:\/\/www.linkedin.com\/company\/eikonos\",\"http:\/\/www.youtube.com\/channel\/UC8wcizWaAYbfsuqVf9wIT6w\"]},{\"@type\":\"Person\",\"@id\":\"https:\/\/eikonos.com\/ca\/#\/schema\/person\/82032860cc314d826959b90595a5280a\",\"name\":\"Xavi Eikonos\",\"image\":{\"@type\":\"ImageObject\",\"inLanguage\":\"ca\",\"@id\":\"https:\/\/eikonos.com\/ca\/#\/schema\/person\/image\/\",\"url\":\"https:\/\/secure.gravatar.com\/avatar\/a6c6b51dd0ac6902701aab24a914f6febe1518f94a5ae06db08b3d6107248dfd?s=96&d=mm&r=g\",\"contentUrl\":\"https:\/\/secure.gravatar.com\/avatar\/a6c6b51dd0ac6902701aab24a914f6febe1518f94a5ae06db08b3d6107248dfd?s=96&d=mm&r=g\",\"caption\":\"Xavi Eikonos\"}}]}<\/script>\n<!-- \/ Yoast SEO plugin. -->","yoast_head_json":{"title":"Lloguer de pantalles LED amb remolc per a esdeveniments i gires","description":"T'expliquem les raons per les quals hauries d'invertir en el lloguer de pantalles LED amb remolc per a esdeveniments o gires promocionals. Segueix llegint!","robots":{"index":"index","follow":"follow","max-snippet":"max-snippet:-1","max-image-preview":"max-image-preview:large","max-video-preview":"max-video-preview:-1"},"canonical":"https:\/\/eikonos.com\/ca\/blog\/lloguer-pantalles-led-amb-remolc-esdeveniments-gires-promocionals\/","og_locale":"ca_ES","og_type":"article","og_title":"Lloguer de pantalles LED amb remolc per a esdeveniments i gires","og_description":"T'expliquem les raons per les quals hauries d'invertir en el lloguer de pantalles LED amb remolc per a esdeveniments o gires promocionals. Segueix llegint!","og_url":"https:\/\/eikonos.com\/ca\/blog\/lloguer-pantalles-led-amb-remolc-esdeveniments-gires-promocionals\/","og_site_name":"EIKONOS","article_publisher":"http:\/\/www.facebook.com\/pages\/Eikonos\/176324785746790","article_published_time":"2018-11-27T12:56:03+00:00","og_image":[{"width":724,"height":432,"url":"https:\/\/eikonos.com\/wp-content\/uploads\/2018\/11\/led-remolque-1.jpg","type":"image\/jpeg"}],"author":"Xavi Eikonos","twitter_card":"summary_large_image","twitter_creator":"@eikonos_sa","twitter_site":"@eikonos_sa","twitter_misc":{"Escrit per":"Xavi Eikonos","Temps estimat de lectura":"3 minuts"},"schema":{"@context":"https:\/\/schema.org","@graph":[{"@type":"Article","@id":"https:\/\/eikonos.com\/ca\/blog\/lloguer-pantalles-led-amb-remolc-esdeveniments-gires-promocionals\/#article","isPartOf":{"@id":"https:\/\/eikonos.com\/ca\/blog\/lloguer-pantalles-led-amb-remolc-esdeveniments-gires-promocionals\/"},"author":{"name":"Xavi Eikonos","@id":"https:\/\/eikonos.com\/ca\/#\/schema\/person\/82032860cc314d826959b90595a5280a"},"headline":"Lloguer de pantalles LED amb remolc per a gires promocionals","datePublished":"2018-11-27T12:56:03+00:00","mainEntityOfPage":{"@id":"https:\/\/eikonos.com\/ca\/blog\/lloguer-pantalles-led-amb-remolc-esdeveniments-gires-promocionals\/"},"wordCount":688,"commentCount":0,"publisher":{"@id":"https:\/\/eikonos.com\/ca\/#organization"},"image":{"@id":"https:\/\/eikonos.com\/ca\/blog\/lloguer-pantalles-led-amb-remolc-esdeveniments-gires-promocionals\/#primaryimage"},"thumbnailUrl":"https:\/\/eikonos.com\/wp-content\/uploads\/2018\/11\/led-remolque-1.jpg","articleSection":["Esdeveniments audiovisuals"],"inLanguage":"ca","potentialAction":[{"@type":"CommentAction","name":"Comment","target":["https:\/\/eikonos.com\/ca\/blog\/lloguer-pantalles-led-amb-remolc-esdeveniments-gires-promocionals\/#respond"]}]},{"@type":"WebPage","@id":"https:\/\/eikonos.com\/ca\/blog\/lloguer-pantalles-led-amb-remolc-esdeveniments-gires-promocionals\/","url":"https:\/\/eikonos.com\/ca\/blog\/lloguer-pantalles-led-amb-remolc-esdeveniments-gires-promocionals\/","name":"Lloguer de pantalles LED amb remolc per a esdeveniments i gires","isPartOf":{"@id":"https:\/\/eikonos.com\/ca\/#website"},"primaryImageOfPage":{"@id":"https:\/\/eikonos.com\/ca\/blog\/lloguer-pantalles-led-amb-remolc-esdeveniments-gires-promocionals\/#primaryimage"},"image":{"@id":"https:\/\/eikonos.com\/ca\/blog\/lloguer-pantalles-led-amb-remolc-esdeveniments-gires-promocionals\/#primaryimage"},"thumbnailUrl":"https:\/\/eikonos.com\/wp-content\/uploads\/2018\/11\/led-remolque-1.jpg","datePublished":"2018-11-27T12:56:03+00:00","description":"T'expliquem les raons per les quals hauries d'invertir en el lloguer de pantalles LED amb remolc per a esdeveniments o gires promocionals. Segueix llegint!","breadcrumb":{"@id":"https:\/\/eikonos.com\/ca\/blog\/lloguer-pantalles-led-amb-remolc-esdeveniments-gires-promocionals\/#breadcrumb"},"inLanguage":"ca","potentialAction":[{"@type":"ReadAction","target":["https:\/\/eikonos.com\/ca\/blog\/lloguer-pantalles-led-amb-remolc-esdeveniments-gires-promocionals\/"]}]},{"@type":"ImageObject","inLanguage":"ca","@id":"https:\/\/eikonos.com\/ca\/blog\/lloguer-pantalles-led-amb-remolc-esdeveniments-gires-promocionals\/#primaryimage","url":"https:\/\/eikonos.com\/wp-content\/uploads\/2018\/11\/led-remolque-1.jpg","contentUrl":"https:\/\/eikonos.com\/wp-content\/uploads\/2018\/11\/led-remolque-1.jpg","width":724,"height":432,"caption":"Pantalla led con remolque para eventos"},{"@type":"BreadcrumbList","@id":"https:\/\/eikonos.com\/ca\/blog\/lloguer-pantalles-led-amb-remolc-esdeveniments-gires-promocionals\/#breadcrumb","itemListElement":[{"@type":"ListItem","position":1,"name":"EIKONOS","item":"https:\/\/eikonos.com\/ca\/inici\/"},{"@type":"ListItem","position":2,"name":"Lloguer de pantalles LED amb remolc per a gires promocionals"}]},{"@type":"WebSite","@id":"https:\/\/eikonos.com\/ca\/#website","url":"https:\/\/eikonos.com\/ca\/","name":"EIKONOS","description":"EXPERIENCIA AUDIOVISUAL","publisher":{"@id":"https:\/\/eikonos.com\/ca\/#organization"},"potentialAction":[{"@type":"SearchAction","target":{"@type":"EntryPoint","urlTemplate":"https:\/\/eikonos.com\/ca\/?s={search_term_string}"},"query-input":{"@type":"PropertyValueSpecification","valueRequired":true,"valueName":"search_term_string"}}],"inLanguage":"ca"},{"@type":"Organization","@id":"https:\/\/eikonos.com\/ca\/#organization","name":"EIKONOS | Servicios Audiovisuales, eventos y alquiler de equipos","url":"https:\/\/eikonos.com\/ca\/","logo":{"@type":"ImageObject","inLanguage":"ca","@id":"https:\/\/eikonos.com\/ca\/#\/schema\/logo\/image\/","url":"https:\/\/eikonos.com\/wp-content\/uploads\/2020\/08\/logo-color.png","contentUrl":"https:\/\/eikonos.com\/wp-content\/uploads\/2020\/08\/logo-color.png","width":376,"height":122,"caption":"EIKONOS | Servicios Audiovisuales, eventos y alquiler de equipos"},"image":{"@id":"https:\/\/eikonos.com\/ca\/#\/schema\/logo\/image\/"},"sameAs":["http:\/\/www.facebook.com\/pages\/Eikonos\/176324785746790","https:\/\/x.com\/eikonos_sa","http:\/\/www.linkedin.com\/company\/eikonos","http:\/\/www.youtube.com\/channel\/UC8wcizWaAYbfsuqVf9wIT6w"]},{"@type":"Person","@id":"https:\/\/eikonos.com\/ca\/#\/schema\/person\/82032860cc314d826959b90595a5280a","name":"Xavi Eikonos","image":{"@type":"ImageObject","inLanguage":"ca","@id":"https:\/\/eikonos.com\/ca\/#\/schema\/person\/image\/","url":"https:\/\/secure.gravatar.com\/avatar\/a6c6b51dd0ac6902701aab24a914f6febe1518f94a5ae06db08b3d6107248dfd?s=96&d=mm&r=g","contentUrl":"https:\/\/secure.gravatar.com\/avatar\/a6c6b51dd0ac6902701aab24a914f6febe1518f94a5ae06db08b3d6107248dfd?s=96&d=mm&r=g","caption":"Xavi Eikonos"}}]}},"_links":{"self":[{"href":"https:\/\/eikonos.com\/ca\/wp-json\/wp\/v2\/posts\/6094","targetHints":{"allow":["GET"]}}],"collection":[{"href":"https:\/\/eikonos.com\/ca\/wp-json\/wp\/v2\/posts"}],"about":[{"href":"https:\/\/eikonos.com\/ca\/wp-json\/wp\/v2\/types\/post"}],"author":[{"embeddable":true,"href":"https:\/\/eikonos.com\/ca\/wp-json\/wp\/v2\/users\/6"}],"replies":[{"embeddable":true,"href":"https:\/\/eikonos.com\/ca\/wp-json\/wp\/v2\/comments?post=6094"}],"version-history":[{"count":0,"href":"https:\/\/eikonos.com\/ca\/wp-json\/wp\/v2\/posts\/6094\/revisions"}],"wp:featuredmedia":[{"embeddable":true,"href":"https:\/\/eikonos.com\/ca\/wp-json\/wp\/v2\/media\/6102"}],"wp:attachment":[{"href":"https:\/\/eikonos.com\/ca\/wp-json\/wp\/v2\/media?parent=6094"}],"wp:term":[{"taxonomy":"category","embeddable":true,"href":"https:\/\/eikonos.com\/ca\/wp-json\/wp\/v2\/categories?post=6094"},{"taxonomy":"post_tag","embeddable":true,"href":"https:\/\/eikonos.com\/ca\/wp-json\/wp\/v2\/tags?post=6094"}],"curies":[{"name":"wp","href":"https:\/\/api.w.org\/{rel}","templated":true}]}}