{"id":6083,"date":"2018-11-20T12:00:08","date_gmt":"2018-11-20T11:00:08","guid":{"rendered":"https:\/\/eikonos.com\/?p=6083"},"modified":"2018-11-20T12:00:08","modified_gmt":"2018-11-20T11:00:08","slug":"material-audiovisual-organitzar-esdeveniment-esportiu-memorable","status":"publish","type":"post","link":"https:\/\/eikonos.com\/ca\/blog\/material-audiovisual-organitzar-esdeveniment-esportiu-memorable\/","title":{"rendered":"Material audiovisual per a organitzar un esdeveniment esportiu memorable"},"content":{"rendered":"<p>L\u2019esport aixeca passions i veure\u2019l en directe \u00e9s una afici\u00f3 cada vegada m\u00e9s estesa. No nom\u00e9s parlem de futbol. El tenis, la F1, el baseball o els cada vegada m\u00e9s famosos e-games atreuen a milers de persones a cada cita. Avui en dia, existeix una enorme quantitat de negocis entorn del sector i organitzar un esdeveniment esportiu amb \u00e8xit \u00e9s tot un repte. El seu p\u00fablic \u00e9s exigent i acostumat a un gran impacte visual, les millors pantalles, efectes, so, sincronitzaci\u00f3, contingut&#8230;<\/p>\n<p>Si a la teva agenda est\u00e0 <a href=\"https:\/\/eikonos.com\/ca\/portfolio_page\/esdeveniments-esportius\/\">organitzar un esdeveniment esportiu<\/a>, avui en el blog d\u2019Eikonos et donem algunes claus per destacar.<\/p>\n<p>&nbsp;<\/p>\n<h2><span style=\"color: #ff0000;\">Organitzar un esdeveniment esportiu i fer que sigui memorable<\/span><\/h2>\n<p>En primer lloc, \u00e9s important destacar que darrere d\u2019una gran cita hi ha un gran equip. L\u2019\u00e8xit no \u00e9s fruit de la casualitat sin\u00f3 d\u2019una cuidada log\u00edstica que comen\u00e7a des del moment que es posa data a la cita i tots els mesos que segueixen. Per on comen\u00e7ar?<\/p>\n<p>&nbsp;<\/p>\n<ul>\n<li><strong>Consultoria:<\/strong> En primer lloc, assessora\u2019t <a href=\"https:\/\/eikonos.com\/ca\/blog\/infraestructures-audiovisuales-pel-muntatge-desdeveniments-esportius\/\">d\u2019experts en muntatge d\u2019esdeveniments esportius<\/a>. Els esdeveniments han de sortir perfectes, qualsevol error en imatge, en so, en control, en organitzaci\u00f3, en seguretat&#8230; q\u00fcestiona tot el treball realitzat. I vols enviar al trast tot l\u2019esfor\u00e7 hum\u00e0 i econ\u00f2mic per no haver-te anticipat? A Eikonos tenim m\u00e9s de 20 anys d\u2019experi\u00e8ncia i brindem molt m\u00e9s que la nostra experi\u00e8ncia t\u00e8cnica. Els serveis corresponents, com la creaci\u00f3 de continguts, la visualitzaci\u00f3 3D, After Effects i la gesti\u00f3 de projectes, tamb\u00e9 formen part de les opcions.<\/li>\n<li><strong>Innovaci\u00f3:<\/strong> Apostar per la tecnologia t\u2019ajudar\u00e0 a impactar al teu p\u00fablic. No serveix fer el mateix que la resta, per ser el millor cal sorprendre. A Eikonos estem a l\u2019avantguarda del mercat. Digues quin \u00e9s el teu somni i el convertirem en realitat.<\/li>\n<li><strong>Solucions audiovisuals:<\/strong> compta amb les millors solucions en imatge i en so en tot moment. Per a aix\u00f2 no \u00e9s necessari que hagis de fer grans desemborsaments perqu\u00e8 el lloguer d\u2019equips t\u00e8cnics et facilitar\u00e0 l\u2019acc\u00e9s als \u00faltims models i nom\u00e9s pagar\u00e0s per ells quan realment els necessites. El millor \u00e9s que evitis acumular material que pugui quedar-se obsolet de forma r\u00e0pida sense gaireb\u00e9 haver-li tret partit.<\/li>\n<li><strong>Suport:<\/strong> Finalment, res seria igual sense un equip hum\u00e0 capa\u00e7 de garantir l\u2019\u00e8xit de l\u2019esdeveniment en tot moment. No t\u2019arrisquis a donar el tret de sortida del teu esdeveniment; compta amb la cobertura de t\u00e8cnics de so que estan presents fins a la finalitzaci\u00f3 del mateix. Mai saps quan els necessitar\u00e0s.<\/li>\n<\/ul>\n<p>&nbsp;<\/p>\n<p>A Eikonos tenim un equip t\u00e8cnic atent i implicat amb cada projecte. M\u00e9s de 20 anys d\u2019experi\u00e8ncia \u00e9s el que podem oferir-te. Saps en qu\u00e8 es tradueix? En seguretat i la confian\u00e7a de transformar un concepte o idea en un gran projecte.<\/p>\n<p>Busques un partner que t\u2019acompanyi en el cam\u00ed a l\u2019hora d\u2019organitzar un esdeveniment esportiu? <strong><em>Parlem!<\/em><\/strong><\/p>\n<p>&nbsp;<\/p>\n<p><a href=\"https:\/\/eikonos.com\/ca\/serveis\/esdeveniments-audiovisuals\/\"><img loading=\"lazy\" decoding=\"async\" class=\"aligncenter wp-image-6055 size-full\" title=\"EIKONOS serveis audiovisuals per a esdeveniments\" src=\"https:\/\/eikonos.com\/wp-content\/uploads\/2018\/12\/eikonos-cta-equips-audiovisuals-de-lloguer-1.png\" alt=\"EIKONOS serveis audiovisuals per a esdeveniments\" width=\"741\" height=\"250\" srcset=\"https:\/\/eikonos.com\/wp-content\/uploads\/2018\/12\/eikonos-cta-equips-audiovisuals-de-lloguer-1.png 741w, https:\/\/eikonos.com\/wp-content\/uploads\/2018\/12\/eikonos-cta-equips-audiovisuals-de-lloguer-1-300x101.png 300w\" sizes=\"auto, (max-width: 741px) 100vw, 741px\" \/><\/a><\/p>\n","protected":false},"excerpt":{"rendered":"<p>L\u2019esport aixeca passions i veure\u2019l en directe \u00e9s una afici\u00f3 cada vegada m\u00e9s estesa. No&#8230;<\/p>\n","protected":false},"author":6,"featured_media":6065,"comment_status":"open","ping_status":"open","sticky":false,"template":"","format":"standard","meta":{"_acf_changed":false,"footnotes":""},"categories":[260],"tags":[],"class_list":["post-6083","post","type-post","status-publish","format-standard","has-post-thumbnail","hentry","category-esdeveniments-audiovisuals"],"acf":[],"yoast_head":"<!-- This site is optimized with the Yoast SEO plugin v26.3 - https:\/\/yoast.com\/wordpress\/plugins\/seo\/ -->\n<title>Material audiovisual per a organitzar un esdeveniment esportiu<\/title>\n<meta name=\"description\" content=\"Necessites ajuda per a organitzar un esdeveniment esportiu amb \u00e8xit? T&#039;ensenyem les claus per a aconseguir un gran impacte audiovisual en la teva audi\u00e8ncia.\" \/>\n<meta name=\"robots\" content=\"index, follow, max-snippet:-1, max-image-preview:large, max-video-preview:-1\" \/>\n<link rel=\"canonical\" href=\"https:\/\/eikonos.com\/ca\/blog\/material-audiovisual-organitzar-esdeveniment-esportiu-memorable\/\" \/>\n<meta property=\"og:locale\" content=\"ca_ES\" \/>\n<meta property=\"og:type\" content=\"article\" \/>\n<meta property=\"og:title\" content=\"Material audiovisual per a organitzar un esdeveniment esportiu\" \/>\n<meta property=\"og:description\" content=\"Necessites ajuda per a organitzar un esdeveniment esportiu amb \u00e8xit? T&#039;ensenyem les claus per a aconseguir un gran impacte audiovisual en la teva audi\u00e8ncia.\" \/>\n<meta property=\"og:url\" content=\"https:\/\/eikonos.com\/ca\/blog\/material-audiovisual-organitzar-esdeveniment-esportiu-memorable\/\" \/>\n<meta property=\"og:site_name\" content=\"EIKONOS\" \/>\n<meta property=\"article:publisher\" content=\"http:\/\/www.facebook.com\/pages\/Eikonos\/176324785746790\" \/>\n<meta property=\"article:published_time\" content=\"2018-11-20T11:00:08+00:00\" \/>\n<meta property=\"og:image\" content=\"https:\/\/eikonos.com\/wp-content\/uploads\/2019\/01\/organizar-evento-deportivo-1.jpg\" \/>\n\t<meta property=\"og:image:width\" content=\"724\" \/>\n\t<meta property=\"og:image:height\" content=\"432\" \/>\n\t<meta property=\"og:image:type\" content=\"image\/jpeg\" \/>\n<meta name=\"author\" content=\"Xavi Eikonos\" \/>\n<meta name=\"twitter:card\" content=\"summary_large_image\" \/>\n<meta name=\"twitter:creator\" content=\"@eikonos_sa\" \/>\n<meta name=\"twitter:site\" content=\"@eikonos_sa\" \/>\n<meta name=\"twitter:label1\" content=\"Escrit per\" \/>\n\t<meta name=\"twitter:data1\" content=\"Xavi Eikonos\" \/>\n\t<meta name=\"twitter:label2\" content=\"Temps estimat de lectura\" \/>\n\t<meta name=\"twitter:data2\" content=\"3 minuts\" \/>\n<script type=\"application\/ld+json\" class=\"yoast-schema-graph\">{\"@context\":\"https:\/\/schema.org\",\"@graph\":[{\"@type\":\"Article\",\"@id\":\"https:\/\/eikonos.com\/ca\/blog\/material-audiovisual-organitzar-esdeveniment-esportiu-memorable\/#article\",\"isPartOf\":{\"@id\":\"https:\/\/eikonos.com\/ca\/blog\/material-audiovisual-organitzar-esdeveniment-esportiu-memorable\/\"},\"author\":{\"name\":\"Xavi Eikonos\",\"@id\":\"https:\/\/eikonos.com\/ca\/#\/schema\/person\/82032860cc314d826959b90595a5280a\"},\"headline\":\"Material audiovisual per a organitzar un esdeveniment esportiu memorable\",\"datePublished\":\"2018-11-20T11:00:08+00:00\",\"mainEntityOfPage\":{\"@id\":\"https:\/\/eikonos.com\/ca\/blog\/material-audiovisual-organitzar-esdeveniment-esportiu-memorable\/\"},\"wordCount\":524,\"commentCount\":0,\"publisher\":{\"@id\":\"https:\/\/eikonos.com\/ca\/#organization\"},\"image\":{\"@id\":\"https:\/\/eikonos.com\/ca\/blog\/material-audiovisual-organitzar-esdeveniment-esportiu-memorable\/#primaryimage\"},\"thumbnailUrl\":\"https:\/\/eikonos.com\/wp-content\/uploads\/2019\/01\/organizar-evento-deportivo-1.jpg\",\"articleSection\":[\"Esdeveniments audiovisuals\"],\"inLanguage\":\"ca\",\"potentialAction\":[{\"@type\":\"CommentAction\",\"name\":\"Comment\",\"target\":[\"https:\/\/eikonos.com\/ca\/blog\/material-audiovisual-organitzar-esdeveniment-esportiu-memorable\/#respond\"]}]},{\"@type\":\"WebPage\",\"@id\":\"https:\/\/eikonos.com\/ca\/blog\/material-audiovisual-organitzar-esdeveniment-esportiu-memorable\/\",\"url\":\"https:\/\/eikonos.com\/ca\/blog\/material-audiovisual-organitzar-esdeveniment-esportiu-memorable\/\",\"name\":\"Material audiovisual per a organitzar un esdeveniment esportiu\",\"isPartOf\":{\"@id\":\"https:\/\/eikonos.com\/ca\/#website\"},\"primaryImageOfPage\":{\"@id\":\"https:\/\/eikonos.com\/ca\/blog\/material-audiovisual-organitzar-esdeveniment-esportiu-memorable\/#primaryimage\"},\"image\":{\"@id\":\"https:\/\/eikonos.com\/ca\/blog\/material-audiovisual-organitzar-esdeveniment-esportiu-memorable\/#primaryimage\"},\"thumbnailUrl\":\"https:\/\/eikonos.com\/wp-content\/uploads\/2019\/01\/organizar-evento-deportivo-1.jpg\",\"datePublished\":\"2018-11-20T11:00:08+00:00\",\"description\":\"Necessites ajuda per a organitzar un esdeveniment esportiu amb \u00e8xit? T'ensenyem les claus per a aconseguir un gran impacte audiovisual en la teva audi\u00e8ncia.\",\"breadcrumb\":{\"@id\":\"https:\/\/eikonos.com\/ca\/blog\/material-audiovisual-organitzar-esdeveniment-esportiu-memorable\/#breadcrumb\"},\"inLanguage\":\"ca\",\"potentialAction\":[{\"@type\":\"ReadAction\",\"target\":[\"https:\/\/eikonos.com\/ca\/blog\/material-audiovisual-organitzar-esdeveniment-esportiu-memorable\/\"]}]},{\"@type\":\"ImageObject\",\"inLanguage\":\"ca\",\"@id\":\"https:\/\/eikonos.com\/ca\/blog\/material-audiovisual-organitzar-esdeveniment-esportiu-memorable\/#primaryimage\",\"url\":\"https:\/\/eikonos.com\/wp-content\/uploads\/2019\/01\/organizar-evento-deportivo-1.jpg\",\"contentUrl\":\"https:\/\/eikonos.com\/wp-content\/uploads\/2019\/01\/organizar-evento-deportivo-1.jpg\",\"width\":724,\"height\":432},{\"@type\":\"BreadcrumbList\",\"@id\":\"https:\/\/eikonos.com\/ca\/blog\/material-audiovisual-organitzar-esdeveniment-esportiu-memorable\/#breadcrumb\",\"itemListElement\":[{\"@type\":\"ListItem\",\"position\":1,\"name\":\"EIKONOS\",\"item\":\"https:\/\/eikonos.com\/ca\/inici\/\"},{\"@type\":\"ListItem\",\"position\":2,\"name\":\"Material audiovisual per a organitzar un esdeveniment esportiu memorable\"}]},{\"@type\":\"WebSite\",\"@id\":\"https:\/\/eikonos.com\/ca\/#website\",\"url\":\"https:\/\/eikonos.com\/ca\/\",\"name\":\"EIKONOS\",\"description\":\"EXPERIENCIA AUDIOVISUAL\",\"publisher\":{\"@id\":\"https:\/\/eikonos.com\/ca\/#organization\"},\"potentialAction\":[{\"@type\":\"SearchAction\",\"target\":{\"@type\":\"EntryPoint\",\"urlTemplate\":\"https:\/\/eikonos.com\/ca\/?s={search_term_string}\"},\"query-input\":{\"@type\":\"PropertyValueSpecification\",\"valueRequired\":true,\"valueName\":\"search_term_string\"}}],\"inLanguage\":\"ca\"},{\"@type\":\"Organization\",\"@id\":\"https:\/\/eikonos.com\/ca\/#organization\",\"name\":\"EIKONOS | Servicios Audiovisuales, eventos y alquiler de equipos\",\"url\":\"https:\/\/eikonos.com\/ca\/\",\"logo\":{\"@type\":\"ImageObject\",\"inLanguage\":\"ca\",\"@id\":\"https:\/\/eikonos.com\/ca\/#\/schema\/logo\/image\/\",\"url\":\"https:\/\/eikonos.com\/wp-content\/uploads\/2020\/08\/logo-color.png\",\"contentUrl\":\"https:\/\/eikonos.com\/wp-content\/uploads\/2020\/08\/logo-color.png\",\"width\":376,\"height\":122,\"caption\":\"EIKONOS | Servicios Audiovisuales, eventos y alquiler de equipos\"},\"image\":{\"@id\":\"https:\/\/eikonos.com\/ca\/#\/schema\/logo\/image\/\"},\"sameAs\":[\"http:\/\/www.facebook.com\/pages\/Eikonos\/176324785746790\",\"https:\/\/x.com\/eikonos_sa\",\"http:\/\/www.linkedin.com\/company\/eikonos\",\"http:\/\/www.youtube.com\/channel\/UC8wcizWaAYbfsuqVf9wIT6w\"]},{\"@type\":\"Person\",\"@id\":\"https:\/\/eikonos.com\/ca\/#\/schema\/person\/82032860cc314d826959b90595a5280a\",\"name\":\"Xavi Eikonos\",\"image\":{\"@type\":\"ImageObject\",\"inLanguage\":\"ca\",\"@id\":\"https:\/\/eikonos.com\/ca\/#\/schema\/person\/image\/\",\"url\":\"https:\/\/secure.gravatar.com\/avatar\/a6c6b51dd0ac6902701aab24a914f6febe1518f94a5ae06db08b3d6107248dfd?s=96&d=mm&r=g\",\"contentUrl\":\"https:\/\/secure.gravatar.com\/avatar\/a6c6b51dd0ac6902701aab24a914f6febe1518f94a5ae06db08b3d6107248dfd?s=96&d=mm&r=g\",\"caption\":\"Xavi Eikonos\"}}]}<\/script>\n<!-- \/ Yoast SEO plugin. -->","yoast_head_json":{"title":"Material audiovisual per a organitzar un esdeveniment esportiu","description":"Necessites ajuda per a organitzar un esdeveniment esportiu amb \u00e8xit? T'ensenyem les claus per a aconseguir un gran impacte audiovisual en la teva audi\u00e8ncia.","robots":{"index":"index","follow":"follow","max-snippet":"max-snippet:-1","max-image-preview":"max-image-preview:large","max-video-preview":"max-video-preview:-1"},"canonical":"https:\/\/eikonos.com\/ca\/blog\/material-audiovisual-organitzar-esdeveniment-esportiu-memorable\/","og_locale":"ca_ES","og_type":"article","og_title":"Material audiovisual per a organitzar un esdeveniment esportiu","og_description":"Necessites ajuda per a organitzar un esdeveniment esportiu amb \u00e8xit? T'ensenyem les claus per a aconseguir un gran impacte audiovisual en la teva audi\u00e8ncia.","og_url":"https:\/\/eikonos.com\/ca\/blog\/material-audiovisual-organitzar-esdeveniment-esportiu-memorable\/","og_site_name":"EIKONOS","article_publisher":"http:\/\/www.facebook.com\/pages\/Eikonos\/176324785746790","article_published_time":"2018-11-20T11:00:08+00:00","og_image":[{"width":724,"height":432,"url":"https:\/\/eikonos.com\/wp-content\/uploads\/2019\/01\/organizar-evento-deportivo-1.jpg","type":"image\/jpeg"}],"author":"Xavi Eikonos","twitter_card":"summary_large_image","twitter_creator":"@eikonos_sa","twitter_site":"@eikonos_sa","twitter_misc":{"Escrit per":"Xavi Eikonos","Temps estimat de lectura":"3 minuts"},"schema":{"@context":"https:\/\/schema.org","@graph":[{"@type":"Article","@id":"https:\/\/eikonos.com\/ca\/blog\/material-audiovisual-organitzar-esdeveniment-esportiu-memorable\/#article","isPartOf":{"@id":"https:\/\/eikonos.com\/ca\/blog\/material-audiovisual-organitzar-esdeveniment-esportiu-memorable\/"},"author":{"name":"Xavi Eikonos","@id":"https:\/\/eikonos.com\/ca\/#\/schema\/person\/82032860cc314d826959b90595a5280a"},"headline":"Material audiovisual per a organitzar un esdeveniment esportiu memorable","datePublished":"2018-11-20T11:00:08+00:00","mainEntityOfPage":{"@id":"https:\/\/eikonos.com\/ca\/blog\/material-audiovisual-organitzar-esdeveniment-esportiu-memorable\/"},"wordCount":524,"commentCount":0,"publisher":{"@id":"https:\/\/eikonos.com\/ca\/#organization"},"image":{"@id":"https:\/\/eikonos.com\/ca\/blog\/material-audiovisual-organitzar-esdeveniment-esportiu-memorable\/#primaryimage"},"thumbnailUrl":"https:\/\/eikonos.com\/wp-content\/uploads\/2019\/01\/organizar-evento-deportivo-1.jpg","articleSection":["Esdeveniments audiovisuals"],"inLanguage":"ca","potentialAction":[{"@type":"CommentAction","name":"Comment","target":["https:\/\/eikonos.com\/ca\/blog\/material-audiovisual-organitzar-esdeveniment-esportiu-memorable\/#respond"]}]},{"@type":"WebPage","@id":"https:\/\/eikonos.com\/ca\/blog\/material-audiovisual-organitzar-esdeveniment-esportiu-memorable\/","url":"https:\/\/eikonos.com\/ca\/blog\/material-audiovisual-organitzar-esdeveniment-esportiu-memorable\/","name":"Material audiovisual per a organitzar un esdeveniment esportiu","isPartOf":{"@id":"https:\/\/eikonos.com\/ca\/#website"},"primaryImageOfPage":{"@id":"https:\/\/eikonos.com\/ca\/blog\/material-audiovisual-organitzar-esdeveniment-esportiu-memorable\/#primaryimage"},"image":{"@id":"https:\/\/eikonos.com\/ca\/blog\/material-audiovisual-organitzar-esdeveniment-esportiu-memorable\/#primaryimage"},"thumbnailUrl":"https:\/\/eikonos.com\/wp-content\/uploads\/2019\/01\/organizar-evento-deportivo-1.jpg","datePublished":"2018-11-20T11:00:08+00:00","description":"Necessites ajuda per a organitzar un esdeveniment esportiu amb \u00e8xit? T'ensenyem les claus per a aconseguir un gran impacte audiovisual en la teva audi\u00e8ncia.","breadcrumb":{"@id":"https:\/\/eikonos.com\/ca\/blog\/material-audiovisual-organitzar-esdeveniment-esportiu-memorable\/#breadcrumb"},"inLanguage":"ca","potentialAction":[{"@type":"ReadAction","target":["https:\/\/eikonos.com\/ca\/blog\/material-audiovisual-organitzar-esdeveniment-esportiu-memorable\/"]}]},{"@type":"ImageObject","inLanguage":"ca","@id":"https:\/\/eikonos.com\/ca\/blog\/material-audiovisual-organitzar-esdeveniment-esportiu-memorable\/#primaryimage","url":"https:\/\/eikonos.com\/wp-content\/uploads\/2019\/01\/organizar-evento-deportivo-1.jpg","contentUrl":"https:\/\/eikonos.com\/wp-content\/uploads\/2019\/01\/organizar-evento-deportivo-1.jpg","width":724,"height":432},{"@type":"BreadcrumbList","@id":"https:\/\/eikonos.com\/ca\/blog\/material-audiovisual-organitzar-esdeveniment-esportiu-memorable\/#breadcrumb","itemListElement":[{"@type":"ListItem","position":1,"name":"EIKONOS","item":"https:\/\/eikonos.com\/ca\/inici\/"},{"@type":"ListItem","position":2,"name":"Material audiovisual per a organitzar un esdeveniment esportiu memorable"}]},{"@type":"WebSite","@id":"https:\/\/eikonos.com\/ca\/#website","url":"https:\/\/eikonos.com\/ca\/","name":"EIKONOS","description":"EXPERIENCIA AUDIOVISUAL","publisher":{"@id":"https:\/\/eikonos.com\/ca\/#organization"},"potentialAction":[{"@type":"SearchAction","target":{"@type":"EntryPoint","urlTemplate":"https:\/\/eikonos.com\/ca\/?s={search_term_string}"},"query-input":{"@type":"PropertyValueSpecification","valueRequired":true,"valueName":"search_term_string"}}],"inLanguage":"ca"},{"@type":"Organization","@id":"https:\/\/eikonos.com\/ca\/#organization","name":"EIKONOS | Servicios Audiovisuales, eventos y alquiler de equipos","url":"https:\/\/eikonos.com\/ca\/","logo":{"@type":"ImageObject","inLanguage":"ca","@id":"https:\/\/eikonos.com\/ca\/#\/schema\/logo\/image\/","url":"https:\/\/eikonos.com\/wp-content\/uploads\/2020\/08\/logo-color.png","contentUrl":"https:\/\/eikonos.com\/wp-content\/uploads\/2020\/08\/logo-color.png","width":376,"height":122,"caption":"EIKONOS | Servicios Audiovisuales, eventos y alquiler de equipos"},"image":{"@id":"https:\/\/eikonos.com\/ca\/#\/schema\/logo\/image\/"},"sameAs":["http:\/\/www.facebook.com\/pages\/Eikonos\/176324785746790","https:\/\/x.com\/eikonos_sa","http:\/\/www.linkedin.com\/company\/eikonos","http:\/\/www.youtube.com\/channel\/UC8wcizWaAYbfsuqVf9wIT6w"]},{"@type":"Person","@id":"https:\/\/eikonos.com\/ca\/#\/schema\/person\/82032860cc314d826959b90595a5280a","name":"Xavi Eikonos","image":{"@type":"ImageObject","inLanguage":"ca","@id":"https:\/\/eikonos.com\/ca\/#\/schema\/person\/image\/","url":"https:\/\/secure.gravatar.com\/avatar\/a6c6b51dd0ac6902701aab24a914f6febe1518f94a5ae06db08b3d6107248dfd?s=96&d=mm&r=g","contentUrl":"https:\/\/secure.gravatar.com\/avatar\/a6c6b51dd0ac6902701aab24a914f6febe1518f94a5ae06db08b3d6107248dfd?s=96&d=mm&r=g","caption":"Xavi Eikonos"}}]}},"_links":{"self":[{"href":"https:\/\/eikonos.com\/ca\/wp-json\/wp\/v2\/posts\/6083","targetHints":{"allow":["GET"]}}],"collection":[{"href":"https:\/\/eikonos.com\/ca\/wp-json\/wp\/v2\/posts"}],"about":[{"href":"https:\/\/eikonos.com\/ca\/wp-json\/wp\/v2\/types\/post"}],"author":[{"embeddable":true,"href":"https:\/\/eikonos.com\/ca\/wp-json\/wp\/v2\/users\/6"}],"replies":[{"embeddable":true,"href":"https:\/\/eikonos.com\/ca\/wp-json\/wp\/v2\/comments?post=6083"}],"version-history":[{"count":0,"href":"https:\/\/eikonos.com\/ca\/wp-json\/wp\/v2\/posts\/6083\/revisions"}],"wp:featuredmedia":[{"embeddable":true,"href":"https:\/\/eikonos.com\/ca\/wp-json\/wp\/v2\/media\/6065"}],"wp:attachment":[{"href":"https:\/\/eikonos.com\/ca\/wp-json\/wp\/v2\/media?parent=6083"}],"wp:term":[{"taxonomy":"category","embeddable":true,"href":"https:\/\/eikonos.com\/ca\/wp-json\/wp\/v2\/categories?post=6083"},{"taxonomy":"post_tag","embeddable":true,"href":"https:\/\/eikonos.com\/ca\/wp-json\/wp\/v2\/tags?post=6083"}],"curies":[{"name":"wp","href":"https:\/\/api.w.org\/{rel}","templated":true}]}}