{"id":6013,"date":"2018-10-30T16:52:11","date_gmt":"2018-10-30T15:52:11","guid":{"rendered":"https:\/\/eikonos.com\/?p=6013"},"modified":"2018-10-30T16:52:11","modified_gmt":"2018-10-30T15:52:11","slug":"transmetre-identitat-marca-disseny-pagines-web","status":"publish","type":"post","link":"https:\/\/eikonos.com\/ca\/blog\/transmetre-identitat-marca-disseny-pagines-web\/","title":{"rendered":"Com transmetre la identitat d\u2019una marca amb el disseny de p\u00e0gines web"},"content":{"rendered":"<p>Quantes hores passa cada usuari a internet? Amb el m\u00f2bil, amb l\u2019ordinador, la Tablet, a la feina, en el transport p\u00fablic, en el sof\u00e0, durant els \u00e0pats&#8230; Vivim enganxats a la pantalla.<\/p>\n<p>La meitat dels visitants de cada web triaran quedar-se a la seva p\u00e0gina o anar a una altra en nom\u00e9s uns segons. Est\u00e0 m\u00e9s que clar: el teu site necessita dir en un primer impacte qu\u00e8 \u00e9s exactament el que ofereixes. M\u00e9s que mai la primera aparen\u00e7a \u00e9s la que guanya, i el <a href=\"https:\/\/eikonos.com\/ca\/portfolio_page\/disseny-grafic-i-web\/\">disseny de p\u00e0gines web<\/a> compta amb moltes eines per a aix\u00f2.<\/p>\n<p>Com podem atreure a l\u2019usuari en q\u00fcesti\u00f3 de segons<strong>? Aix\u00f2 nom\u00e9s s\u2019aconsegueix mitjan\u00e7ant un disseny que comuniqui de manera instant\u00e0nia i efectiva la teva proposta de valor<\/strong>. Un que reflecteixi la teva identitat de marca i que convenci. Que convidi a seguir navegant, a saber de tu, qu\u00e8 et fa diferent i per qu\u00e8 ets millor que la resta.<\/p>\n<p>&nbsp;<\/p>\n<h2><span style=\"color: #ff0000;\">Transmet el disseny de la teva p\u00e0gina web realment els teus valors de marca?<\/span><\/h2>\n<p>No totes les companyies tenen una imatge de marca cuidada per\u00f2 totes les exitoses s\u00ed la tenen. Casualitat? La identitat de marca permet que la teva empresa es distingeixi dels teus competidors. Per\u00f2 no nom\u00e9s aix\u00f2, \u00e9s aquell <em>intangible<\/em> que <strong>ajuda a crear una connexi\u00f3 emocional amb els teus clients<\/strong>.<\/p>\n<p>Qu\u00e8 ha de tenir la teva web perqu\u00e8 funcioni?<\/p>\n<p>&nbsp;<\/p>\n<p><img loading=\"lazy\" decoding=\"async\" class=\"aligncenter wp-image-5998 size-full\" title=\"Disseny de p\u00e0gines web\" src=\"https:\/\/eikonos.com\/wp-content\/uploads\/2018\/11\/diseno-pagina-web-1.jpg\" alt=\"Disseny de p\u00e0gines web\" width=\"724\" height=\"432\" srcset=\"https:\/\/eikonos.com\/wp-content\/uploads\/2018\/11\/diseno-pagina-web-1.jpg 724w, https:\/\/eikonos.com\/wp-content\/uploads\/2018\/11\/diseno-pagina-web-1-300x179.jpg 300w\" sizes=\"auto, (max-width: 724px) 100vw, 724px\" \/><\/p>\n<p>&nbsp;<\/p>\n<h3><span style=\"color: #ff0000;\">Set aspectes que hauria de complir el disseny de la teva p\u00e0gina web<\/span><\/h3>\n<p>&nbsp;<\/p>\n<ol>\n<li><strong>Ser simple<\/strong>, f\u00e0cil, senzilla en navegaci\u00f3. <a href=\"https:\/\/eikonos.com\/ca\/blog\/la-importancia-duna-bona-experiencia-dusuari-en-el-disseny-web\/\">L\u2019experi\u00e8ncia d\u2019usuari a la teva web<\/a> ha de ser bona i intu\u00eftiva, no complexa.<\/li>\n<li><strong>Estructura ordenada<\/strong>. Comunicar moltes coses en poc espai nom\u00e9s portar\u00e0 a que l\u2019usuari se senti atordit i marxi.<\/li>\n<li><strong>Imatges i contingut audiovisual cuidat<\/strong><strong>. <\/strong>Crea contingut propi, treballa les teves imatges amb un equip de dissenyadors i genera v\u00eddeos que parlin de tu. Si no tens a qui dirigir-te, comenta-ho amb el teu equip de disseny de p\u00e0gines web.<\/li>\n<li><strong>Pensa en el posicionament. <\/strong>Els teus usuaris igual no et busquen per la teva marca per\u00f2 saben que necessiten els teus serveis. Posa\u2019ls-hi f\u00e0cil als cercadors per aconseguir les primeres posicions. Google \u00e9s el rei.<\/li>\n<li><strong>Enlla\u00e7 a les xarxes socials. <\/strong>Augmenta la teva comunitat i el teu engagement. Configura cada canal de forma adequada i crea un pla de continguts per a alimentar-los adequadament. Crea un vincle entre els teus perfils socials i la teva p\u00e0gina web per crear un discurs m\u00e9s complet.<\/li>\n<li><strong>P\u00e0gina de contacte. <\/strong>Segur que \u00e9s f\u00e0cil que els visitants es posin en contacte amb tu? En aquest cas, una p\u00e0gina de contacte amb un formulari i la localitzaci\u00f3 de les teves oficines poden servir de gran ajuda.<\/li>\n<li><strong>La web \u00e9s un espai viu<\/strong>. De la mateixa manera que si tens un comer\u00e7 local, no se t\u2019ocorreria estar anys sense canviar l\u2019aparador, no pots crear una web i oblidar-te d\u2019ella. Quan comencis el projecte pensa a llarg termini i en qui s\u2019encarregar\u00e0 del seu manteniment, actualitzaci\u00f3 i cura.<\/li>\n<\/ol>\n<p>&nbsp;<\/p>\n<p>A <strong>Eikonos<\/strong> t\u2019oferim assessorament personalitzat en disseny gr\u00e0fic, creaci\u00f3 de p\u00e0gines web i en <a href=\"https:\/\/eikonos.com\/ca\/serveis\/creacio-de-continguts\/\">contingut audiovisual<\/a>. Tant si comences des de zero, com si vols realitzar un restyling de la teva imatge digital, podem ajudar-te. <em><strong>Parlem!<\/strong><\/em><\/p>\n<p>&nbsp;<\/p>\n<p><a href=\"https:\/\/eikonos.com\/ca\/serveis\/creacio-de-continguts\/\"><img loading=\"lazy\" decoding=\"async\" class=\"aligncenter wp-image-5152 size-full\" title=\"EIKONOS creaci\u00f3 de continguts\" src=\"https:\/\/eikonos.com\/wp-content\/uploads\/2018\/02\/eikonos-cta-creacio-contingut-1.jpg\" alt=\"EIKONOS creaci\u00f3 de continguts\" width=\"741\" height=\"250\" srcset=\"https:\/\/eikonos.com\/wp-content\/uploads\/2018\/02\/eikonos-cta-creacio-contingut-1.jpg 741w, https:\/\/eikonos.com\/wp-content\/uploads\/2018\/02\/eikonos-cta-creacio-contingut-1-300x101.jpg 300w\" sizes=\"auto, (max-width: 741px) 100vw, 741px\" \/><\/a><\/p>\n","protected":false},"excerpt":{"rendered":"<p>Quantes hores passa cada usuari a internet? Amb el m\u00f2bil, amb l\u2019ordinador, la Tablet, a&#8230;<\/p>\n","protected":false},"author":6,"featured_media":5999,"comment_status":"open","ping_status":"open","sticky":false,"template":"","format":"standard","meta":{"_acf_changed":false,"footnotes":""},"categories":[257],"tags":[],"class_list":["post-6013","post","type-post","status-publish","format-standard","has-post-thumbnail","hentry","category-creacio-de-continguts"],"acf":[],"yoast_head":"<!-- This site is optimized with the Yoast SEO plugin v26.3 - https:\/\/yoast.com\/wordpress\/plugins\/seo\/ -->\n<title>Com transmetre la identitat d\u2019una marca amb el disseny de p\u00e0gines web<\/title>\n<meta name=\"description\" content=\"El disseny de p\u00e0gines web resulta imprescindible per diferenciar-nos en el entorn online i comunicar la nostra marca de forma visual. Coneixes els set principis b\u00e0sics per aconseguir-ho? Segueix llegint!\" \/>\n<meta name=\"robots\" content=\"index, follow, max-snippet:-1, max-image-preview:large, max-video-preview:-1\" \/>\n<link rel=\"canonical\" href=\"https:\/\/eikonos.com\/ca\/blog\/transmetre-identitat-marca-disseny-pagines-web\/\" \/>\n<meta property=\"og:locale\" content=\"ca_ES\" \/>\n<meta property=\"og:type\" content=\"article\" \/>\n<meta property=\"og:title\" content=\"Com transmetre la identitat d\u2019una marca amb el disseny de p\u00e0gines web\" \/>\n<meta property=\"og:description\" content=\"El disseny de p\u00e0gines web resulta imprescindible per diferenciar-nos en el entorn online i comunicar la nostra marca de forma visual. Coneixes els set principis b\u00e0sics per aconseguir-ho? Segueix llegint!\" \/>\n<meta property=\"og:url\" content=\"https:\/\/eikonos.com\/ca\/blog\/transmetre-identitat-marca-disseny-pagines-web\/\" \/>\n<meta property=\"og:site_name\" content=\"EIKONOS\" \/>\n<meta property=\"article:publisher\" content=\"http:\/\/www.facebook.com\/pages\/Eikonos\/176324785746790\" \/>\n<meta property=\"article:published_time\" content=\"2018-10-30T15:52:11+00:00\" \/>\n<meta property=\"og:image\" content=\"https:\/\/eikonos.com\/wp-content\/uploads\/2018\/11\/diseno-paginas-web-eikonos-1.jpg\" \/>\n\t<meta property=\"og:image:width\" content=\"724\" \/>\n\t<meta property=\"og:image:height\" content=\"432\" \/>\n\t<meta property=\"og:image:type\" content=\"image\/jpeg\" \/>\n<meta name=\"author\" content=\"Xavi Eikonos\" \/>\n<meta name=\"twitter:card\" content=\"summary_large_image\" \/>\n<meta name=\"twitter:creator\" content=\"@eikonos_sa\" \/>\n<meta name=\"twitter:site\" content=\"@eikonos_sa\" \/>\n<meta name=\"twitter:label1\" content=\"Escrit per\" \/>\n\t<meta name=\"twitter:data1\" content=\"Xavi Eikonos\" \/>\n\t<meta name=\"twitter:label2\" content=\"Temps estimat de lectura\" \/>\n\t<meta name=\"twitter:data2\" content=\"3 minuts\" \/>\n<script type=\"application\/ld+json\" class=\"yoast-schema-graph\">{\"@context\":\"https:\/\/schema.org\",\"@graph\":[{\"@type\":\"Article\",\"@id\":\"https:\/\/eikonos.com\/ca\/blog\/transmetre-identitat-marca-disseny-pagines-web\/#article\",\"isPartOf\":{\"@id\":\"https:\/\/eikonos.com\/ca\/blog\/transmetre-identitat-marca-disseny-pagines-web\/\"},\"author\":{\"name\":\"Xavi Eikonos\",\"@id\":\"https:\/\/eikonos.com\/ca\/#\/schema\/person\/82032860cc314d826959b90595a5280a\"},\"headline\":\"Com transmetre la identitat d\u2019una marca amb el disseny de p\u00e0gines web\",\"datePublished\":\"2018-10-30T15:52:11+00:00\",\"mainEntityOfPage\":{\"@id\":\"https:\/\/eikonos.com\/ca\/blog\/transmetre-identitat-marca-disseny-pagines-web\/\"},\"wordCount\":587,\"commentCount\":0,\"publisher\":{\"@id\":\"https:\/\/eikonos.com\/ca\/#organization\"},\"image\":{\"@id\":\"https:\/\/eikonos.com\/ca\/blog\/transmetre-identitat-marca-disseny-pagines-web\/#primaryimage\"},\"thumbnailUrl\":\"https:\/\/eikonos.com\/wp-content\/uploads\/2018\/11\/diseno-paginas-web-eikonos-1.jpg\",\"articleSection\":[\"Creaci\u00f3 de continguts\"],\"inLanguage\":\"ca\",\"potentialAction\":[{\"@type\":\"CommentAction\",\"name\":\"Comment\",\"target\":[\"https:\/\/eikonos.com\/ca\/blog\/transmetre-identitat-marca-disseny-pagines-web\/#respond\"]}]},{\"@type\":\"WebPage\",\"@id\":\"https:\/\/eikonos.com\/ca\/blog\/transmetre-identitat-marca-disseny-pagines-web\/\",\"url\":\"https:\/\/eikonos.com\/ca\/blog\/transmetre-identitat-marca-disseny-pagines-web\/\",\"name\":\"Com transmetre la identitat d\u2019una marca amb el disseny de p\u00e0gines web\",\"isPartOf\":{\"@id\":\"https:\/\/eikonos.com\/ca\/#website\"},\"primaryImageOfPage\":{\"@id\":\"https:\/\/eikonos.com\/ca\/blog\/transmetre-identitat-marca-disseny-pagines-web\/#primaryimage\"},\"image\":{\"@id\":\"https:\/\/eikonos.com\/ca\/blog\/transmetre-identitat-marca-disseny-pagines-web\/#primaryimage\"},\"thumbnailUrl\":\"https:\/\/eikonos.com\/wp-content\/uploads\/2018\/11\/diseno-paginas-web-eikonos-1.jpg\",\"datePublished\":\"2018-10-30T15:52:11+00:00\",\"description\":\"El disseny de p\u00e0gines web resulta imprescindible per diferenciar-nos en el entorn online i comunicar la nostra marca de forma visual. Coneixes els set principis b\u00e0sics per aconseguir-ho? Segueix llegint!\",\"breadcrumb\":{\"@id\":\"https:\/\/eikonos.com\/ca\/blog\/transmetre-identitat-marca-disseny-pagines-web\/#breadcrumb\"},\"inLanguage\":\"ca\",\"potentialAction\":[{\"@type\":\"ReadAction\",\"target\":[\"https:\/\/eikonos.com\/ca\/blog\/transmetre-identitat-marca-disseny-pagines-web\/\"]}]},{\"@type\":\"ImageObject\",\"inLanguage\":\"ca\",\"@id\":\"https:\/\/eikonos.com\/ca\/blog\/transmetre-identitat-marca-disseny-pagines-web\/#primaryimage\",\"url\":\"https:\/\/eikonos.com\/wp-content\/uploads\/2018\/11\/diseno-paginas-web-eikonos-1.jpg\",\"contentUrl\":\"https:\/\/eikonos.com\/wp-content\/uploads\/2018\/11\/diseno-paginas-web-eikonos-1.jpg\",\"width\":724,\"height\":432},{\"@type\":\"BreadcrumbList\",\"@id\":\"https:\/\/eikonos.com\/ca\/blog\/transmetre-identitat-marca-disseny-pagines-web\/#breadcrumb\",\"itemListElement\":[{\"@type\":\"ListItem\",\"position\":1,\"name\":\"EIKONOS\",\"item\":\"https:\/\/eikonos.com\/ca\/inici\/\"},{\"@type\":\"ListItem\",\"position\":2,\"name\":\"Com transmetre la identitat d\u2019una marca amb el disseny de p\u00e0gines web\"}]},{\"@type\":\"WebSite\",\"@id\":\"https:\/\/eikonos.com\/ca\/#website\",\"url\":\"https:\/\/eikonos.com\/ca\/\",\"name\":\"EIKONOS\",\"description\":\"EXPERIENCIA AUDIOVISUAL\",\"publisher\":{\"@id\":\"https:\/\/eikonos.com\/ca\/#organization\"},\"potentialAction\":[{\"@type\":\"SearchAction\",\"target\":{\"@type\":\"EntryPoint\",\"urlTemplate\":\"https:\/\/eikonos.com\/ca\/?s={search_term_string}\"},\"query-input\":{\"@type\":\"PropertyValueSpecification\",\"valueRequired\":true,\"valueName\":\"search_term_string\"}}],\"inLanguage\":\"ca\"},{\"@type\":\"Organization\",\"@id\":\"https:\/\/eikonos.com\/ca\/#organization\",\"name\":\"EIKONOS | Servicios Audiovisuales, eventos y alquiler de equipos\",\"url\":\"https:\/\/eikonos.com\/ca\/\",\"logo\":{\"@type\":\"ImageObject\",\"inLanguage\":\"ca\",\"@id\":\"https:\/\/eikonos.com\/ca\/#\/schema\/logo\/image\/\",\"url\":\"https:\/\/eikonos.com\/wp-content\/uploads\/2020\/08\/logo-color.png\",\"contentUrl\":\"https:\/\/eikonos.com\/wp-content\/uploads\/2020\/08\/logo-color.png\",\"width\":376,\"height\":122,\"caption\":\"EIKONOS | Servicios Audiovisuales, eventos y alquiler de equipos\"},\"image\":{\"@id\":\"https:\/\/eikonos.com\/ca\/#\/schema\/logo\/image\/\"},\"sameAs\":[\"http:\/\/www.facebook.com\/pages\/Eikonos\/176324785746790\",\"https:\/\/x.com\/eikonos_sa\",\"http:\/\/www.linkedin.com\/company\/eikonos\",\"http:\/\/www.youtube.com\/channel\/UC8wcizWaAYbfsuqVf9wIT6w\"]},{\"@type\":\"Person\",\"@id\":\"https:\/\/eikonos.com\/ca\/#\/schema\/person\/82032860cc314d826959b90595a5280a\",\"name\":\"Xavi Eikonos\",\"image\":{\"@type\":\"ImageObject\",\"inLanguage\":\"ca\",\"@id\":\"https:\/\/eikonos.com\/ca\/#\/schema\/person\/image\/\",\"url\":\"https:\/\/secure.gravatar.com\/avatar\/a6c6b51dd0ac6902701aab24a914f6febe1518f94a5ae06db08b3d6107248dfd?s=96&d=mm&r=g\",\"contentUrl\":\"https:\/\/secure.gravatar.com\/avatar\/a6c6b51dd0ac6902701aab24a914f6febe1518f94a5ae06db08b3d6107248dfd?s=96&d=mm&r=g\",\"caption\":\"Xavi Eikonos\"}}]}<\/script>\n<!-- \/ Yoast SEO plugin. -->","yoast_head_json":{"title":"Com transmetre la identitat d\u2019una marca amb el disseny de p\u00e0gines web","description":"El disseny de p\u00e0gines web resulta imprescindible per diferenciar-nos en el entorn online i comunicar la nostra marca de forma visual. Coneixes els set principis b\u00e0sics per aconseguir-ho? Segueix llegint!","robots":{"index":"index","follow":"follow","max-snippet":"max-snippet:-1","max-image-preview":"max-image-preview:large","max-video-preview":"max-video-preview:-1"},"canonical":"https:\/\/eikonos.com\/ca\/blog\/transmetre-identitat-marca-disseny-pagines-web\/","og_locale":"ca_ES","og_type":"article","og_title":"Com transmetre la identitat d\u2019una marca amb el disseny de p\u00e0gines web","og_description":"El disseny de p\u00e0gines web resulta imprescindible per diferenciar-nos en el entorn online i comunicar la nostra marca de forma visual. Coneixes els set principis b\u00e0sics per aconseguir-ho? Segueix llegint!","og_url":"https:\/\/eikonos.com\/ca\/blog\/transmetre-identitat-marca-disseny-pagines-web\/","og_site_name":"EIKONOS","article_publisher":"http:\/\/www.facebook.com\/pages\/Eikonos\/176324785746790","article_published_time":"2018-10-30T15:52:11+00:00","og_image":[{"width":724,"height":432,"url":"https:\/\/eikonos.com\/wp-content\/uploads\/2018\/11\/diseno-paginas-web-eikonos-1.jpg","type":"image\/jpeg"}],"author":"Xavi Eikonos","twitter_card":"summary_large_image","twitter_creator":"@eikonos_sa","twitter_site":"@eikonos_sa","twitter_misc":{"Escrit per":"Xavi Eikonos","Temps estimat de lectura":"3 minuts"},"schema":{"@context":"https:\/\/schema.org","@graph":[{"@type":"Article","@id":"https:\/\/eikonos.com\/ca\/blog\/transmetre-identitat-marca-disseny-pagines-web\/#article","isPartOf":{"@id":"https:\/\/eikonos.com\/ca\/blog\/transmetre-identitat-marca-disseny-pagines-web\/"},"author":{"name":"Xavi Eikonos","@id":"https:\/\/eikonos.com\/ca\/#\/schema\/person\/82032860cc314d826959b90595a5280a"},"headline":"Com transmetre la identitat d\u2019una marca amb el disseny de p\u00e0gines web","datePublished":"2018-10-30T15:52:11+00:00","mainEntityOfPage":{"@id":"https:\/\/eikonos.com\/ca\/blog\/transmetre-identitat-marca-disseny-pagines-web\/"},"wordCount":587,"commentCount":0,"publisher":{"@id":"https:\/\/eikonos.com\/ca\/#organization"},"image":{"@id":"https:\/\/eikonos.com\/ca\/blog\/transmetre-identitat-marca-disseny-pagines-web\/#primaryimage"},"thumbnailUrl":"https:\/\/eikonos.com\/wp-content\/uploads\/2018\/11\/diseno-paginas-web-eikonos-1.jpg","articleSection":["Creaci\u00f3 de continguts"],"inLanguage":"ca","potentialAction":[{"@type":"CommentAction","name":"Comment","target":["https:\/\/eikonos.com\/ca\/blog\/transmetre-identitat-marca-disseny-pagines-web\/#respond"]}]},{"@type":"WebPage","@id":"https:\/\/eikonos.com\/ca\/blog\/transmetre-identitat-marca-disseny-pagines-web\/","url":"https:\/\/eikonos.com\/ca\/blog\/transmetre-identitat-marca-disseny-pagines-web\/","name":"Com transmetre la identitat d\u2019una marca amb el disseny de p\u00e0gines web","isPartOf":{"@id":"https:\/\/eikonos.com\/ca\/#website"},"primaryImageOfPage":{"@id":"https:\/\/eikonos.com\/ca\/blog\/transmetre-identitat-marca-disseny-pagines-web\/#primaryimage"},"image":{"@id":"https:\/\/eikonos.com\/ca\/blog\/transmetre-identitat-marca-disseny-pagines-web\/#primaryimage"},"thumbnailUrl":"https:\/\/eikonos.com\/wp-content\/uploads\/2018\/11\/diseno-paginas-web-eikonos-1.jpg","datePublished":"2018-10-30T15:52:11+00:00","description":"El disseny de p\u00e0gines web resulta imprescindible per diferenciar-nos en el entorn online i comunicar la nostra marca de forma visual. Coneixes els set principis b\u00e0sics per aconseguir-ho? Segueix llegint!","breadcrumb":{"@id":"https:\/\/eikonos.com\/ca\/blog\/transmetre-identitat-marca-disseny-pagines-web\/#breadcrumb"},"inLanguage":"ca","potentialAction":[{"@type":"ReadAction","target":["https:\/\/eikonos.com\/ca\/blog\/transmetre-identitat-marca-disseny-pagines-web\/"]}]},{"@type":"ImageObject","inLanguage":"ca","@id":"https:\/\/eikonos.com\/ca\/blog\/transmetre-identitat-marca-disseny-pagines-web\/#primaryimage","url":"https:\/\/eikonos.com\/wp-content\/uploads\/2018\/11\/diseno-paginas-web-eikonos-1.jpg","contentUrl":"https:\/\/eikonos.com\/wp-content\/uploads\/2018\/11\/diseno-paginas-web-eikonos-1.jpg","width":724,"height":432},{"@type":"BreadcrumbList","@id":"https:\/\/eikonos.com\/ca\/blog\/transmetre-identitat-marca-disseny-pagines-web\/#breadcrumb","itemListElement":[{"@type":"ListItem","position":1,"name":"EIKONOS","item":"https:\/\/eikonos.com\/ca\/inici\/"},{"@type":"ListItem","position":2,"name":"Com transmetre la identitat d\u2019una marca amb el disseny de p\u00e0gines web"}]},{"@type":"WebSite","@id":"https:\/\/eikonos.com\/ca\/#website","url":"https:\/\/eikonos.com\/ca\/","name":"EIKONOS","description":"EXPERIENCIA AUDIOVISUAL","publisher":{"@id":"https:\/\/eikonos.com\/ca\/#organization"},"potentialAction":[{"@type":"SearchAction","target":{"@type":"EntryPoint","urlTemplate":"https:\/\/eikonos.com\/ca\/?s={search_term_string}"},"query-input":{"@type":"PropertyValueSpecification","valueRequired":true,"valueName":"search_term_string"}}],"inLanguage":"ca"},{"@type":"Organization","@id":"https:\/\/eikonos.com\/ca\/#organization","name":"EIKONOS | Servicios Audiovisuales, eventos y alquiler de equipos","url":"https:\/\/eikonos.com\/ca\/","logo":{"@type":"ImageObject","inLanguage":"ca","@id":"https:\/\/eikonos.com\/ca\/#\/schema\/logo\/image\/","url":"https:\/\/eikonos.com\/wp-content\/uploads\/2020\/08\/logo-color.png","contentUrl":"https:\/\/eikonos.com\/wp-content\/uploads\/2020\/08\/logo-color.png","width":376,"height":122,"caption":"EIKONOS | Servicios Audiovisuales, eventos y alquiler de equipos"},"image":{"@id":"https:\/\/eikonos.com\/ca\/#\/schema\/logo\/image\/"},"sameAs":["http:\/\/www.facebook.com\/pages\/Eikonos\/176324785746790","https:\/\/x.com\/eikonos_sa","http:\/\/www.linkedin.com\/company\/eikonos","http:\/\/www.youtube.com\/channel\/UC8wcizWaAYbfsuqVf9wIT6w"]},{"@type":"Person","@id":"https:\/\/eikonos.com\/ca\/#\/schema\/person\/82032860cc314d826959b90595a5280a","name":"Xavi Eikonos","image":{"@type":"ImageObject","inLanguage":"ca","@id":"https:\/\/eikonos.com\/ca\/#\/schema\/person\/image\/","url":"https:\/\/secure.gravatar.com\/avatar\/a6c6b51dd0ac6902701aab24a914f6febe1518f94a5ae06db08b3d6107248dfd?s=96&d=mm&r=g","contentUrl":"https:\/\/secure.gravatar.com\/avatar\/a6c6b51dd0ac6902701aab24a914f6febe1518f94a5ae06db08b3d6107248dfd?s=96&d=mm&r=g","caption":"Xavi Eikonos"}}]}},"_links":{"self":[{"href":"https:\/\/eikonos.com\/ca\/wp-json\/wp\/v2\/posts\/6013","targetHints":{"allow":["GET"]}}],"collection":[{"href":"https:\/\/eikonos.com\/ca\/wp-json\/wp\/v2\/posts"}],"about":[{"href":"https:\/\/eikonos.com\/ca\/wp-json\/wp\/v2\/types\/post"}],"author":[{"embeddable":true,"href":"https:\/\/eikonos.com\/ca\/wp-json\/wp\/v2\/users\/6"}],"replies":[{"embeddable":true,"href":"https:\/\/eikonos.com\/ca\/wp-json\/wp\/v2\/comments?post=6013"}],"version-history":[{"count":0,"href":"https:\/\/eikonos.com\/ca\/wp-json\/wp\/v2\/posts\/6013\/revisions"}],"wp:featuredmedia":[{"embeddable":true,"href":"https:\/\/eikonos.com\/ca\/wp-json\/wp\/v2\/media\/5999"}],"wp:attachment":[{"href":"https:\/\/eikonos.com\/ca\/wp-json\/wp\/v2\/media?parent=6013"}],"wp:term":[{"taxonomy":"category","embeddable":true,"href":"https:\/\/eikonos.com\/ca\/wp-json\/wp\/v2\/categories?post=6013"},{"taxonomy":"post_tag","embeddable":true,"href":"https:\/\/eikonos.com\/ca\/wp-json\/wp\/v2\/tags?post=6013"}],"curies":[{"name":"wp","href":"https:\/\/api.w.org\/{rel}","templated":true}]}}