{"id":6004,"date":"2018-10-23T09:24:24","date_gmt":"2018-10-23T07:24:24","guid":{"rendered":"https:\/\/eikonos.com\/?p=6004"},"modified":"2018-10-23T09:24:24","modified_gmt":"2018-10-23T07:24:24","slug":"escollir-projector-esdeveniments-importancia-lumens","status":"publish","type":"post","link":"https:\/\/eikonos.com\/ca\/blog\/escollir-projector-esdeveniments-importancia-lumens\/","title":{"rendered":"Escollir projector per a esdeveniments: la import\u00e0ncia dels l\u00famens"},"content":{"rendered":"<p>Fa temps que els <a href=\"https:\/\/eikonos.com\/ca\/blog\/historia-del-projector-de-video-de-lanalogic-al-digital\/\">projectors de v\u00eddeo<\/a> es van instal\u00b7lar en els centres de treball com a \u00fatil eina de treball. Amb el pas dels anys han evolucionat, guanyant en nitidesa i prestacions i segueixen sent imprescindibles en tots els llocs on es fan presentacions i es mantenen reunions.<\/p>\n<p>No \u00e9s per a menys. La seva funcionalitat i la quantitat d\u2019avantatges que aporten en el treball en equip, fan que <a href=\"https:\/\/eikonos.com\/ca\/portfolio_page\/projectors\/\">triar un projector per a esdeveniments<\/a> sigui pr\u00e0cticament obligatori. Per\u00f2, qu\u00e8 hem de tenir en compte? Quins aspectes ens ajudaran a descartar opcions? L\u2019immens cat\u00e0leg al mercat ve carregat de dubtes. Per aix\u00f2, a Eikonos t\u2019ajudem amb aquesta \u00e0rdua tasca centrant-nos en un dels aspectes t\u00e8cnics m\u00e9s importants: <strong>els l\u00famens<\/strong>.<\/p>\n<h2><\/h2>\n<p>&nbsp;<\/p>\n<h2><span style=\"color: #ff0000;\">La import\u00e0ncia dels l\u00famens a l\u2019hora d\u2019escollir un projector<\/span><\/h2>\n<p><strong>La pot\u00e8ncia lum\u00ednica \u00e9s un dels factors que marquen la difer\u00e8ncia a l\u2019hora d\u2019escollir un projector o un altre. <\/strong>Aquesta variable determina, explicat de manera simple, la quantitat de brillo que emet el nostre projector.<\/p>\n<p>Per poder decidir entre diferents equips, un dels m\u00e8todes m\u00e9s fiables de mesurament \u00e9s l\u2019establert per l\u2019Institut Nacional Nord-americ\u00e0 d\u2019Est\u00e0ndards (ANSI), per la qual cosa acostumem a parlar de \u201cl\u00famens ANSI\u201d.<\/p>\n<p>I quins s\u00f3n els par\u00e0metres que hem de tenir en compte per determinar la pot\u00e8ncia lum\u00ednica necess\u00e0ria per assegurar una correcta?<\/p>\n<h3><\/h3>\n<p>&nbsp;<\/p>\n<h3><span style=\"color: #ff0000;\">Par\u00e0metres per determinar la pot\u00e8ncia lum\u00ednica<\/span><\/h3>\n<p>&nbsp;<\/p>\n<ul>\n<li><strong>\u00c0rea de la superf\u00edcie a projectar. <\/strong>No \u00e9s el mateix projectar sobre una superf\u00edcie, per exemple, de 3x2m (6m2) que en 6&#215;4 (24m2). Com podem veure al augmentar al doble l\u2019altura i ampl\u00e0ria de projecci\u00f3, l\u2019\u00e0rea a projectar s\u2019ha incrementat 4 vegades. Per tant, en les mateixes condicions de projecci\u00f3, al duplicar la grand\u00e0ria de pantalla hem de quadruplicar la pot\u00e8ncia lum\u00ednica necess\u00e0ria.<\/li>\n<\/ul>\n<p><strong>\u00a0<\/strong><\/p>\n<ul>\n<li><strong>Tipus de superf\u00edcie sobre la qual es realitzar\u00e0 la projecci\u00f3.<\/strong> Les necessitats canvien totalment segons on projectem. Un exemple: s\u2019incrementen si en comptes de projectar sobre una superf\u00edcie ideal, com pot ser una pantalla de projecci\u00f3, ho fem, per exemple, sobre una fa\u00e7ana de pedra fosca.<\/li>\n<\/ul>\n<p><strong>\u00a0<\/strong><strong>\u00a0<\/strong><\/p>\n<ul>\n<li><strong>Condicions ambientals d\u2019il\u00b7luminaci\u00f3 a la zona de projecci\u00f3.<\/strong> La qualitat final de la projecci\u00f3 est\u00e0 molt relacionada amb l\u2019entorn en qu\u00e8 s\u2019ha de realitzar. No \u00e9s el mateix projectar en una sala fosca (cinema) o en semi penombra que en un entorn d\u2019oficina o, en un entorn de llum difusa di\u00fcrna. Aix\u00ed mateix, l\u2019\u00e0rea projectada pot veure\u2019s compromesa per l\u2019exist\u00e8ncia de focus pr\u00f2xims que incideixin sobre aquesta o per reflexes d\u2019altres fonts lum\u00edniques.<\/li>\n<\/ul>\n<div class=\"mceTemp\"><\/div>\n<figure id=\"attachment_6017\" aria-describedby=\"caption-attachment-6017\" style=\"width: 680px\" class=\"wp-caption aligncenter\"><img loading=\"lazy\" decoding=\"async\" class=\"wp-image-6017 size-full\" title=\"Pot\u00e8ncia lum\u00ednica per escollir projector\" src=\"https:\/\/eikonos.com\/wp-content\/uploads\/2018\/11\/lumens-elegir-projector-1.jpg\" alt=\"Pot\u00e8ncia lum\u00ednica per escollir projector\" width=\"680\" height=\"200\" srcset=\"https:\/\/eikonos.com\/wp-content\/uploads\/2018\/11\/lumens-elegir-projector-1.jpg 680w, https:\/\/eikonos.com\/wp-content\/uploads\/2018\/11\/lumens-elegir-projector-1-300x88.jpg 300w\" sizes=\"auto, (max-width: 680px) 100vw, 680px\" \/><figcaption id=\"caption-attachment-6017\" class=\"wp-caption-text\">N.B.: Projectant sobre una superf\u00edcie preparada tal com una pantalla de projecci\u00f3<\/figcaption><\/figure>\n<p>&nbsp;<\/p>\n<p><strong>I per qu\u00e8 hem d\u2019estudiar l\u2019entorn on realitzarem la projecci\u00f3? Per qu\u00e8 \u00e9s tan important?<\/strong><\/p>\n<p>En primer lloc, analitzar l\u2019entorn ens permetr\u00e0 <strong>determinar quina pot\u00e8ncia lum\u00ednica \u00e9s la ideal<\/strong> en cada cas. Tal i com mostrem a la taula anterior, el tipus d\u2019il\u00b7luminaci\u00f3 d\u2019un espai ens indica les necessitats lum\u00edniques que requereix la pantalla. En segon lloc, ens ajuda a identificar i <strong>corregir les possibles situacions que puguin comprometre a la correcta visualitzaci\u00f3<\/strong> del contingut a projectar.<\/p>\n<p>&nbsp;<\/p>\n<p>Si est\u00e0s buscant un projector per a esdeveniments, en Eikonos comptem amb la millor tecnologia i la posem totalment a la teva disposici\u00f3 per aportar solucions a les teves necessitats. Recorda que, per a determinades situacions, el <a href=\"https:\/\/eikonos.com\/ca\/serveis\/lloguer-equips\/\">lloguer d\u2019equips audiovisuals<\/a> \u00e9s una altra opci\u00f3 excel\u00b7lent, un servei en el qual estem especialitzats.<\/p>\n<p>T\u2019animes a fer realitat el teu projecte? <strong><em>Parlem!<\/em><\/strong><\/p>\n<p>&nbsp;<\/p>\n<p><a href=\"https:\/\/eikonos.com\/ca\/serveis\/lloguer-equips\/\"><img loading=\"lazy\" decoding=\"async\" class=\"wp-image-4119 size-full aligncenter\" title=\"Equips Audiovisuals de lloguer amb EIKONOS\" src=\"https:\/\/eikonos.com\/wp-content\/uploads\/2017\/05\/eikonos-cta-equips-audiovisuals-de-lloguer.png\" alt=\"Equips Audiovisuals de lloguer amb EIKONOS\" width=\"741\" height=\"250\" srcset=\"https:\/\/eikonos.com\/wp-content\/uploads\/2017\/05\/eikonos-cta-equips-audiovisuals-de-lloguer.png 741w, https:\/\/eikonos.com\/wp-content\/uploads\/2017\/05\/eikonos-cta-equips-audiovisuals-de-lloguer-300x101.png 300w\" sizes=\"auto, (max-width: 741px) 100vw, 741px\" \/><\/a><\/p>\n","protected":false},"excerpt":{"rendered":"<p>Fa temps que els projectors de v\u00eddeo es van instal\u00b7lar en els centres de treball&#8230;<\/p>\n","protected":false},"author":6,"featured_media":5995,"comment_status":"open","ping_status":"open","sticky":false,"template":"","format":"standard","meta":{"_acf_changed":false,"footnotes":""},"categories":[262],"tags":[],"class_list":["post-6004","post","type-post","status-publish","format-standard","has-post-thumbnail","hentry","category-lloguer-dequips"],"acf":[],"yoast_head":"<!-- This site is optimized with the Yoast SEO plugin v26.3 - https:\/\/yoast.com\/wordpress\/plugins\/seo\/ -->\n<title>Escollir projector per a esdeveniments: la import\u00e0ncia dels l\u00famens<\/title>\n<meta name=\"description\" content=\"Tens dubtes a l&#039;hora d&#039;escollir projector per a esdeveniments? En aquest article t&#039;expliquem la import\u00e0ncia dels l\u00famens a l&#039;hora d&#039;escollir un projector, aix\u00ed com l&#039;estudi de l&#039;entorn on realitzarem la projecci\u00f3. Segueix llegint!\" \/>\n<meta name=\"robots\" content=\"index, follow, max-snippet:-1, max-image-preview:large, max-video-preview:-1\" \/>\n<link rel=\"canonical\" href=\"https:\/\/eikonos.com\/ca\/blog\/escollir-projector-esdeveniments-importancia-lumens\/\" \/>\n<meta property=\"og:locale\" content=\"ca_ES\" \/>\n<meta property=\"og:type\" content=\"article\" \/>\n<meta property=\"og:title\" content=\"Escollir projector per a esdeveniments: la import\u00e0ncia dels l\u00famens\" \/>\n<meta property=\"og:description\" content=\"Tens dubtes a l&#039;hora d&#039;escollir projector per a esdeveniments? En aquest article t&#039;expliquem la import\u00e0ncia dels l\u00famens a l&#039;hora d&#039;escollir un projector, aix\u00ed com l&#039;estudi de l&#039;entorn on realitzarem la projecci\u00f3. Segueix llegint!\" \/>\n<meta property=\"og:url\" content=\"https:\/\/eikonos.com\/ca\/blog\/escollir-projector-esdeveniments-importancia-lumens\/\" \/>\n<meta property=\"og:site_name\" content=\"EIKONOS\" \/>\n<meta property=\"article:publisher\" content=\"http:\/\/www.facebook.com\/pages\/Eikonos\/176324785746790\" \/>\n<meta property=\"article:published_time\" content=\"2018-10-23T07:24:24+00:00\" \/>\n<meta property=\"og:image\" content=\"https:\/\/eikonos.com\/wp-content\/uploads\/2018\/11\/elegir-proyector-eventos-1.jpg\" \/>\n\t<meta property=\"og:image:width\" content=\"724\" \/>\n\t<meta property=\"og:image:height\" content=\"432\" \/>\n\t<meta property=\"og:image:type\" content=\"image\/jpeg\" \/>\n<meta name=\"author\" content=\"Xavi Eikonos\" \/>\n<meta name=\"twitter:card\" content=\"summary_large_image\" \/>\n<meta name=\"twitter:creator\" content=\"@eikonos_sa\" \/>\n<meta name=\"twitter:site\" content=\"@eikonos_sa\" \/>\n<meta name=\"twitter:label1\" content=\"Escrit per\" \/>\n\t<meta name=\"twitter:data1\" content=\"Xavi Eikonos\" \/>\n\t<meta name=\"twitter:label2\" content=\"Temps estimat de lectura\" \/>\n\t<meta name=\"twitter:data2\" content=\"3 minuts\" \/>\n<script type=\"application\/ld+json\" class=\"yoast-schema-graph\">{\"@context\":\"https:\/\/schema.org\",\"@graph\":[{\"@type\":\"Article\",\"@id\":\"https:\/\/eikonos.com\/ca\/blog\/escollir-projector-esdeveniments-importancia-lumens\/#article\",\"isPartOf\":{\"@id\":\"https:\/\/eikonos.com\/ca\/blog\/escollir-projector-esdeveniments-importancia-lumens\/\"},\"author\":{\"name\":\"Xavi Eikonos\",\"@id\":\"https:\/\/eikonos.com\/ca\/#\/schema\/person\/82032860cc314d826959b90595a5280a\"},\"headline\":\"Escollir projector per a esdeveniments: la import\u00e0ncia dels l\u00famens\",\"datePublished\":\"2018-10-23T07:24:24+00:00\",\"mainEntityOfPage\":{\"@id\":\"https:\/\/eikonos.com\/ca\/blog\/escollir-projector-esdeveniments-importancia-lumens\/\"},\"wordCount\":653,\"commentCount\":0,\"publisher\":{\"@id\":\"https:\/\/eikonos.com\/ca\/#organization\"},\"image\":{\"@id\":\"https:\/\/eikonos.com\/ca\/blog\/escollir-projector-esdeveniments-importancia-lumens\/#primaryimage\"},\"thumbnailUrl\":\"https:\/\/eikonos.com\/wp-content\/uploads\/2018\/11\/elegir-proyector-eventos-1.jpg\",\"articleSection\":[\"Lloguer d'equips\"],\"inLanguage\":\"ca\",\"potentialAction\":[{\"@type\":\"CommentAction\",\"name\":\"Comment\",\"target\":[\"https:\/\/eikonos.com\/ca\/blog\/escollir-projector-esdeveniments-importancia-lumens\/#respond\"]}]},{\"@type\":\"WebPage\",\"@id\":\"https:\/\/eikonos.com\/ca\/blog\/escollir-projector-esdeveniments-importancia-lumens\/\",\"url\":\"https:\/\/eikonos.com\/ca\/blog\/escollir-projector-esdeveniments-importancia-lumens\/\",\"name\":\"Escollir projector per a esdeveniments: la import\u00e0ncia dels l\u00famens\",\"isPartOf\":{\"@id\":\"https:\/\/eikonos.com\/ca\/#website\"},\"primaryImageOfPage\":{\"@id\":\"https:\/\/eikonos.com\/ca\/blog\/escollir-projector-esdeveniments-importancia-lumens\/#primaryimage\"},\"image\":{\"@id\":\"https:\/\/eikonos.com\/ca\/blog\/escollir-projector-esdeveniments-importancia-lumens\/#primaryimage\"},\"thumbnailUrl\":\"https:\/\/eikonos.com\/wp-content\/uploads\/2018\/11\/elegir-proyector-eventos-1.jpg\",\"datePublished\":\"2018-10-23T07:24:24+00:00\",\"description\":\"Tens dubtes a l'hora d'escollir projector per a esdeveniments? En aquest article t'expliquem la import\u00e0ncia dels l\u00famens a l'hora d'escollir un projector, aix\u00ed com l'estudi de l'entorn on realitzarem la projecci\u00f3. Segueix llegint!\",\"breadcrumb\":{\"@id\":\"https:\/\/eikonos.com\/ca\/blog\/escollir-projector-esdeveniments-importancia-lumens\/#breadcrumb\"},\"inLanguage\":\"ca\",\"potentialAction\":[{\"@type\":\"ReadAction\",\"target\":[\"https:\/\/eikonos.com\/ca\/blog\/escollir-projector-esdeveniments-importancia-lumens\/\"]}]},{\"@type\":\"ImageObject\",\"inLanguage\":\"ca\",\"@id\":\"https:\/\/eikonos.com\/ca\/blog\/escollir-projector-esdeveniments-importancia-lumens\/#primaryimage\",\"url\":\"https:\/\/eikonos.com\/wp-content\/uploads\/2018\/11\/elegir-proyector-eventos-1.jpg\",\"contentUrl\":\"https:\/\/eikonos.com\/wp-content\/uploads\/2018\/11\/elegir-proyector-eventos-1.jpg\",\"width\":724,\"height\":432},{\"@type\":\"BreadcrumbList\",\"@id\":\"https:\/\/eikonos.com\/ca\/blog\/escollir-projector-esdeveniments-importancia-lumens\/#breadcrumb\",\"itemListElement\":[{\"@type\":\"ListItem\",\"position\":1,\"name\":\"EIKONOS\",\"item\":\"https:\/\/eikonos.com\/ca\/inici\/\"},{\"@type\":\"ListItem\",\"position\":2,\"name\":\"Escollir projector per a esdeveniments: la import\u00e0ncia dels l\u00famens\"}]},{\"@type\":\"WebSite\",\"@id\":\"https:\/\/eikonos.com\/ca\/#website\",\"url\":\"https:\/\/eikonos.com\/ca\/\",\"name\":\"EIKONOS\",\"description\":\"EXPERIENCIA AUDIOVISUAL\",\"publisher\":{\"@id\":\"https:\/\/eikonos.com\/ca\/#organization\"},\"potentialAction\":[{\"@type\":\"SearchAction\",\"target\":{\"@type\":\"EntryPoint\",\"urlTemplate\":\"https:\/\/eikonos.com\/ca\/?s={search_term_string}\"},\"query-input\":{\"@type\":\"PropertyValueSpecification\",\"valueRequired\":true,\"valueName\":\"search_term_string\"}}],\"inLanguage\":\"ca\"},{\"@type\":\"Organization\",\"@id\":\"https:\/\/eikonos.com\/ca\/#organization\",\"name\":\"EIKONOS | Servicios Audiovisuales, eventos y alquiler de equipos\",\"url\":\"https:\/\/eikonos.com\/ca\/\",\"logo\":{\"@type\":\"ImageObject\",\"inLanguage\":\"ca\",\"@id\":\"https:\/\/eikonos.com\/ca\/#\/schema\/logo\/image\/\",\"url\":\"https:\/\/eikonos.com\/wp-content\/uploads\/2020\/08\/logo-color.png\",\"contentUrl\":\"https:\/\/eikonos.com\/wp-content\/uploads\/2020\/08\/logo-color.png\",\"width\":376,\"height\":122,\"caption\":\"EIKONOS | Servicios Audiovisuales, eventos y alquiler de equipos\"},\"image\":{\"@id\":\"https:\/\/eikonos.com\/ca\/#\/schema\/logo\/image\/\"},\"sameAs\":[\"http:\/\/www.facebook.com\/pages\/Eikonos\/176324785746790\",\"https:\/\/x.com\/eikonos_sa\",\"http:\/\/www.linkedin.com\/company\/eikonos\",\"http:\/\/www.youtube.com\/channel\/UC8wcizWaAYbfsuqVf9wIT6w\"]},{\"@type\":\"Person\",\"@id\":\"https:\/\/eikonos.com\/ca\/#\/schema\/person\/82032860cc314d826959b90595a5280a\",\"name\":\"Xavi Eikonos\",\"image\":{\"@type\":\"ImageObject\",\"inLanguage\":\"ca\",\"@id\":\"https:\/\/eikonos.com\/ca\/#\/schema\/person\/image\/\",\"url\":\"https:\/\/secure.gravatar.com\/avatar\/a6c6b51dd0ac6902701aab24a914f6febe1518f94a5ae06db08b3d6107248dfd?s=96&d=mm&r=g\",\"contentUrl\":\"https:\/\/secure.gravatar.com\/avatar\/a6c6b51dd0ac6902701aab24a914f6febe1518f94a5ae06db08b3d6107248dfd?s=96&d=mm&r=g\",\"caption\":\"Xavi Eikonos\"}}]}<\/script>\n<!-- \/ Yoast SEO plugin. -->","yoast_head_json":{"title":"Escollir projector per a esdeveniments: la import\u00e0ncia dels l\u00famens","description":"Tens dubtes a l'hora d'escollir projector per a esdeveniments? En aquest article t'expliquem la import\u00e0ncia dels l\u00famens a l'hora d'escollir un projector, aix\u00ed com l'estudi de l'entorn on realitzarem la projecci\u00f3. Segueix llegint!","robots":{"index":"index","follow":"follow","max-snippet":"max-snippet:-1","max-image-preview":"max-image-preview:large","max-video-preview":"max-video-preview:-1"},"canonical":"https:\/\/eikonos.com\/ca\/blog\/escollir-projector-esdeveniments-importancia-lumens\/","og_locale":"ca_ES","og_type":"article","og_title":"Escollir projector per a esdeveniments: la import\u00e0ncia dels l\u00famens","og_description":"Tens dubtes a l'hora d'escollir projector per a esdeveniments? En aquest article t'expliquem la import\u00e0ncia dels l\u00famens a l'hora d'escollir un projector, aix\u00ed com l'estudi de l'entorn on realitzarem la projecci\u00f3. Segueix llegint!","og_url":"https:\/\/eikonos.com\/ca\/blog\/escollir-projector-esdeveniments-importancia-lumens\/","og_site_name":"EIKONOS","article_publisher":"http:\/\/www.facebook.com\/pages\/Eikonos\/176324785746790","article_published_time":"2018-10-23T07:24:24+00:00","og_image":[{"width":724,"height":432,"url":"https:\/\/eikonos.com\/wp-content\/uploads\/2018\/11\/elegir-proyector-eventos-1.jpg","type":"image\/jpeg"}],"author":"Xavi Eikonos","twitter_card":"summary_large_image","twitter_creator":"@eikonos_sa","twitter_site":"@eikonos_sa","twitter_misc":{"Escrit per":"Xavi Eikonos","Temps estimat de lectura":"3 minuts"},"schema":{"@context":"https:\/\/schema.org","@graph":[{"@type":"Article","@id":"https:\/\/eikonos.com\/ca\/blog\/escollir-projector-esdeveniments-importancia-lumens\/#article","isPartOf":{"@id":"https:\/\/eikonos.com\/ca\/blog\/escollir-projector-esdeveniments-importancia-lumens\/"},"author":{"name":"Xavi Eikonos","@id":"https:\/\/eikonos.com\/ca\/#\/schema\/person\/82032860cc314d826959b90595a5280a"},"headline":"Escollir projector per a esdeveniments: la import\u00e0ncia dels l\u00famens","datePublished":"2018-10-23T07:24:24+00:00","mainEntityOfPage":{"@id":"https:\/\/eikonos.com\/ca\/blog\/escollir-projector-esdeveniments-importancia-lumens\/"},"wordCount":653,"commentCount":0,"publisher":{"@id":"https:\/\/eikonos.com\/ca\/#organization"},"image":{"@id":"https:\/\/eikonos.com\/ca\/blog\/escollir-projector-esdeveniments-importancia-lumens\/#primaryimage"},"thumbnailUrl":"https:\/\/eikonos.com\/wp-content\/uploads\/2018\/11\/elegir-proyector-eventos-1.jpg","articleSection":["Lloguer d'equips"],"inLanguage":"ca","potentialAction":[{"@type":"CommentAction","name":"Comment","target":["https:\/\/eikonos.com\/ca\/blog\/escollir-projector-esdeveniments-importancia-lumens\/#respond"]}]},{"@type":"WebPage","@id":"https:\/\/eikonos.com\/ca\/blog\/escollir-projector-esdeveniments-importancia-lumens\/","url":"https:\/\/eikonos.com\/ca\/blog\/escollir-projector-esdeveniments-importancia-lumens\/","name":"Escollir projector per a esdeveniments: la import\u00e0ncia dels l\u00famens","isPartOf":{"@id":"https:\/\/eikonos.com\/ca\/#website"},"primaryImageOfPage":{"@id":"https:\/\/eikonos.com\/ca\/blog\/escollir-projector-esdeveniments-importancia-lumens\/#primaryimage"},"image":{"@id":"https:\/\/eikonos.com\/ca\/blog\/escollir-projector-esdeveniments-importancia-lumens\/#primaryimage"},"thumbnailUrl":"https:\/\/eikonos.com\/wp-content\/uploads\/2018\/11\/elegir-proyector-eventos-1.jpg","datePublished":"2018-10-23T07:24:24+00:00","description":"Tens dubtes a l'hora d'escollir projector per a esdeveniments? En aquest article t'expliquem la import\u00e0ncia dels l\u00famens a l'hora d'escollir un projector, aix\u00ed com l'estudi de l'entorn on realitzarem la projecci\u00f3. Segueix llegint!","breadcrumb":{"@id":"https:\/\/eikonos.com\/ca\/blog\/escollir-projector-esdeveniments-importancia-lumens\/#breadcrumb"},"inLanguage":"ca","potentialAction":[{"@type":"ReadAction","target":["https:\/\/eikonos.com\/ca\/blog\/escollir-projector-esdeveniments-importancia-lumens\/"]}]},{"@type":"ImageObject","inLanguage":"ca","@id":"https:\/\/eikonos.com\/ca\/blog\/escollir-projector-esdeveniments-importancia-lumens\/#primaryimage","url":"https:\/\/eikonos.com\/wp-content\/uploads\/2018\/11\/elegir-proyector-eventos-1.jpg","contentUrl":"https:\/\/eikonos.com\/wp-content\/uploads\/2018\/11\/elegir-proyector-eventos-1.jpg","width":724,"height":432},{"@type":"BreadcrumbList","@id":"https:\/\/eikonos.com\/ca\/blog\/escollir-projector-esdeveniments-importancia-lumens\/#breadcrumb","itemListElement":[{"@type":"ListItem","position":1,"name":"EIKONOS","item":"https:\/\/eikonos.com\/ca\/inici\/"},{"@type":"ListItem","position":2,"name":"Escollir projector per a esdeveniments: la import\u00e0ncia dels l\u00famens"}]},{"@type":"WebSite","@id":"https:\/\/eikonos.com\/ca\/#website","url":"https:\/\/eikonos.com\/ca\/","name":"EIKONOS","description":"EXPERIENCIA AUDIOVISUAL","publisher":{"@id":"https:\/\/eikonos.com\/ca\/#organization"},"potentialAction":[{"@type":"SearchAction","target":{"@type":"EntryPoint","urlTemplate":"https:\/\/eikonos.com\/ca\/?s={search_term_string}"},"query-input":{"@type":"PropertyValueSpecification","valueRequired":true,"valueName":"search_term_string"}}],"inLanguage":"ca"},{"@type":"Organization","@id":"https:\/\/eikonos.com\/ca\/#organization","name":"EIKONOS | Servicios Audiovisuales, eventos y alquiler de equipos","url":"https:\/\/eikonos.com\/ca\/","logo":{"@type":"ImageObject","inLanguage":"ca","@id":"https:\/\/eikonos.com\/ca\/#\/schema\/logo\/image\/","url":"https:\/\/eikonos.com\/wp-content\/uploads\/2020\/08\/logo-color.png","contentUrl":"https:\/\/eikonos.com\/wp-content\/uploads\/2020\/08\/logo-color.png","width":376,"height":122,"caption":"EIKONOS | Servicios Audiovisuales, eventos y alquiler de equipos"},"image":{"@id":"https:\/\/eikonos.com\/ca\/#\/schema\/logo\/image\/"},"sameAs":["http:\/\/www.facebook.com\/pages\/Eikonos\/176324785746790","https:\/\/x.com\/eikonos_sa","http:\/\/www.linkedin.com\/company\/eikonos","http:\/\/www.youtube.com\/channel\/UC8wcizWaAYbfsuqVf9wIT6w"]},{"@type":"Person","@id":"https:\/\/eikonos.com\/ca\/#\/schema\/person\/82032860cc314d826959b90595a5280a","name":"Xavi Eikonos","image":{"@type":"ImageObject","inLanguage":"ca","@id":"https:\/\/eikonos.com\/ca\/#\/schema\/person\/image\/","url":"https:\/\/secure.gravatar.com\/avatar\/a6c6b51dd0ac6902701aab24a914f6febe1518f94a5ae06db08b3d6107248dfd?s=96&d=mm&r=g","contentUrl":"https:\/\/secure.gravatar.com\/avatar\/a6c6b51dd0ac6902701aab24a914f6febe1518f94a5ae06db08b3d6107248dfd?s=96&d=mm&r=g","caption":"Xavi Eikonos"}}]}},"_links":{"self":[{"href":"https:\/\/eikonos.com\/ca\/wp-json\/wp\/v2\/posts\/6004","targetHints":{"allow":["GET"]}}],"collection":[{"href":"https:\/\/eikonos.com\/ca\/wp-json\/wp\/v2\/posts"}],"about":[{"href":"https:\/\/eikonos.com\/ca\/wp-json\/wp\/v2\/types\/post"}],"author":[{"embeddable":true,"href":"https:\/\/eikonos.com\/ca\/wp-json\/wp\/v2\/users\/6"}],"replies":[{"embeddable":true,"href":"https:\/\/eikonos.com\/ca\/wp-json\/wp\/v2\/comments?post=6004"}],"version-history":[{"count":0,"href":"https:\/\/eikonos.com\/ca\/wp-json\/wp\/v2\/posts\/6004\/revisions"}],"wp:featuredmedia":[{"embeddable":true,"href":"https:\/\/eikonos.com\/ca\/wp-json\/wp\/v2\/media\/5995"}],"wp:attachment":[{"href":"https:\/\/eikonos.com\/ca\/wp-json\/wp\/v2\/media?parent=6004"}],"wp:term":[{"taxonomy":"category","embeddable":true,"href":"https:\/\/eikonos.com\/ca\/wp-json\/wp\/v2\/categories?post=6004"},{"taxonomy":"post_tag","embeddable":true,"href":"https:\/\/eikonos.com\/ca\/wp-json\/wp\/v2\/tags?post=6004"}],"curies":[{"name":"wp","href":"https:\/\/api.w.org\/{rel}","templated":true}]}}