{"id":5882,"date":"2018-09-18T18:01:31","date_gmt":"2018-09-18T16:01:31","guid":{"rendered":"https:\/\/eikonos.com\/?p=5882"},"modified":"2018-09-18T18:01:31","modified_gmt":"2018-09-18T16:01:31","slug":"equipament-audiovisual-sales-reunions-productives","status":"publish","type":"post","link":"https:\/\/eikonos.com\/ca\/blog\/equipament-audiovisual-sales-reunions-productives\/","title":{"rendered":"Reunions m\u00e9s productives amb l\u2019equipament audiovisual per a sales de reunions"},"content":{"rendered":"<p>Els espais polivalents s\u2019han convertit en un espai imprescindible en moltes companyies. S\u00f3n sales on es poden presentar un producte, reunir-se amb clients o prove\u00efdors per negociar diferents condicions o citar al propi equip per treballar sobre algun projecte i posar punts en com\u00fa.<\/p>\n<p>Aquestes reunions solen ser clau a l\u2019hora de prendre decisions o marcar estrat\u00e8gies per a un projecte. D\u2019aqu\u00ed la import\u00e0ncia de comptar amb un entorn adequat. En aquest sentit, els recursos audiovisuals s\u2019han convertit en un element molt present i <a href=\"https:\/\/eikonos.com\/ca\/portfolio_page\/instal%C2%B7lacions-corporatives\/\">l\u2019equipament per a sales de reunions<\/a> \u00e9s un <em>must<\/em> en els pressupostos anuals.<\/p>\n<p>Tens clar ja el per qu\u00e8? Segueix llegint!<\/p>\n<p>&nbsp;<\/p>\n<h2><span style=\"color: #ff0000;\">Per qu\u00e8 invertir en equipament per a sales de reunions <\/span><\/h2>\n<p>Sens dubte l\u2019equipament per a sales de reunions t\u00e9 un objectiu: <strong>millorar els resultats de la nostra reuni\u00f3<\/strong>. Per a aix\u00f2, \u00e9s vital disposar de displays o projeccions de gran format per facilitar el visionat d\u2019informacions, ofertes, v\u00eddeos, demostratius&#8230; parlem de monitors de gran format (t\u00e0ctils o no), projecci\u00f3 o fins i tot pantalles de leds d\u2019alta resoluci\u00f3.<\/p>\n<p>&nbsp;<\/p>\n<p><strong>ENTORNS COL\u00b7LABORATIUS<\/strong><\/p>\n<p>Un dels punts m\u00e9s complexes \u00e9s la <strong>infraestructura de cablejat necess\u00e0ria<\/strong>, la connexi\u00f3 amb cables per la taula dels port\u00e0tils, tablets que utilitzem per controlar la presentaci\u00f3&#8230; Per a aix\u00f2, \u00e9s aconsellable equipar-les amb entorns col\u00b7laboratius que permetin la connexi\u00f3 sense fil per transmetre les imatges o presentacions tant en PCs, tablets o m\u00f2bils. A m\u00e9s, alguns dispositius permeten mostrar fins i tot elements simultanis en pantalla per si \u00e9s una m\u00faltiple reuni\u00f3 i \u00e9s necessari comprar diferents elements.<\/p>\n<h3><\/h3>\n<p>&nbsp;<\/p>\n<p><strong>OFERIR FACILITATS <\/strong><\/p>\n<p>Aquests dispositius estan pensats per oferir diferents facilitats en les diferents sales de reunions dutes a terme en les seus corporatives de qualsevol organitzaci\u00f3. Des de facilitar la comunicaci\u00f3 i l\u2019intercanvi de dades, fins a aconseguir una millor exposici\u00f3 de la informaci\u00f3, l\u2019equipament audiovisual en un espai tan crucial per una empresa com la sala de reunions, sempre suma a favor nostra.<\/p>\n<p>&nbsp;<\/p>\n<p><strong>OPTIMITZACI\u00d3<\/strong><\/p>\n<p>Un equipament audiovisual adequat ens ajudar\u00e0 a <strong>optimitzar el temps<\/strong>, presentar els diferents continguts o informaci\u00f3 a trav\u00e9s d\u2019un projector far\u00e0 que aquests es transmetin de manera m\u00e9s r\u00e0pida.<\/p>\n<p>El mateix passa si ho fem a trav\u00e9s de <strong>sistemes de difusi\u00f3 tipus e-meeting, videoconfer\u00e8ncies o streaming<\/strong>, els quals permeten que <strong>la informaci\u00f3 arribi a m\u00e9s audi\u00e8ncia i en menys temps<\/strong>. A m\u00e9s, s\u2019aconsegueix captar millor l\u2019atenci\u00f3 gr\u00e0cies a l\u2019impacte visual que podem aconseguir en una bona presentaci\u00f3, per exemple.<\/p>\n<p><strong>\u00a0<img loading=\"lazy\" decoding=\"async\" class=\"aligncenter wp-image-5875 size-full\" title=\"Equipament audiovisual per a reunions\" src=\"https:\/\/eikonos.com\/wp-content\/uploads\/2018\/10\/equipamiento-audiovisual-reuniones-1.jpg\" alt=\"Equipament audiovisual per a reunions\" width=\"724\" height=\"432\" srcset=\"https:\/\/eikonos.com\/wp-content\/uploads\/2018\/10\/equipamiento-audiovisual-reuniones-1.jpg 724w, https:\/\/eikonos.com\/wp-content\/uploads\/2018\/10\/equipamiento-audiovisual-reuniones-1-300x179.jpg 300w\" sizes=\"auto, (max-width: 724px) 100vw, 724px\" \/><\/strong><\/p>\n<p>&nbsp;<\/p>\n<h2><\/h2>\n<h2><\/h2>\n<h2><span style=\"color: #ff0000;\">Transformaci\u00f3 digital mitjan\u00e7ant equipaments audiovisuals <\/span><\/h2>\n<p>La incorporaci\u00f3 de noves tecnologies ens obre a nous models de treball, arribant incl\u00fas a redefinir el nostre propi; tamb\u00e9 a noves oportunitats de negoci o actuaci\u00f3 i ens converteixen en empreses m\u00e9s eficients que milloren la seva productivitat, les seves vendes o redueixen els seus costos gr\u00e0cies a la tecnologia.<\/p>\n<p>Aquest nou entorn digital <strong>afavoreix la productivitat<\/strong> de la nostra organitzaci\u00f3. S\u2019incrementa la participaci\u00f3 dels assistents, s\u2019agilitzen les reunions i s\u2019estalvien costos en temps i despla\u00e7ament dels assistents. La tecnologia convida a ser part\u00edcips i els nostres treballadors es senten m\u00e9s involucrats i acaben sent m\u00e9s part\u00edcips en les diferents reunions o projectes que s\u2019aborden en l\u2019organitzaci\u00f3.<\/p>\n<p>Tot aix\u00f2 porta a una millor <strong>consecuci\u00f3 d\u2019objectius<\/strong>. Un millor equip audiovisual ens permet observar de manera m\u00e9s detallada tot all\u00f2 relacionat amb el nostre entorn.<\/p>\n<p>Compartir la informaci\u00f3 o dades de la nostra empresa a trav\u00e9s de la digitalitzaci\u00f3 afavorir\u00e0 el treball de les persones, la seva participaci\u00f3 i el treball per millorar o corregir accions ser\u00e0 major i de m\u00e9s qualitat.<\/p>\n<p>&nbsp;<\/p>\n<p>Si vols que les reunions a la teva seu corporativa prenguin un nou rumb, a EIKONOS estem preparats per ajudar-te. Compta amb equipament per a sales de reunions i observa tu mateix el canvi. <strong><em>Parlem!<\/em><\/strong><\/p>\n<p>&nbsp;<\/p>\n<p><a href=\"https:\/\/eikonos.com\/ca\/serveis\/instal%C2%B7lacions-fixes\/\"><img loading=\"lazy\" decoding=\"async\" class=\"aligncenter wp-image-5478 size-full\" title=\"Eikonos instal\u00b7lacions audiovisuals fixes\" src=\"https:\/\/eikonos.com\/wp-content\/uploads\/2018\/05\/CTA_EIKONOS_instalaciones_fijas-CAT-1.png\" alt=\"Eikonos instal\u00b7lacions audiovisuals fixes\" width=\"741\" height=\"250\" srcset=\"https:\/\/eikonos.com\/wp-content\/uploads\/2018\/05\/CTA_EIKONOS_instalaciones_fijas-CAT-1.png 741w, https:\/\/eikonos.com\/wp-content\/uploads\/2018\/05\/CTA_EIKONOS_instalaciones_fijas-CAT-1-300x101.png 300w\" sizes=\"auto, (max-width: 741px) 100vw, 741px\" \/><\/a><\/p>\n","protected":false},"excerpt":{"rendered":"<p>Els espais polivalents s\u2019han convertit en un espai imprescindible en moltes companyies. S\u00f3n sales on&#8230;<\/p>\n","protected":false},"author":6,"featured_media":5876,"comment_status":"open","ping_status":"open","sticky":false,"template":"","format":"standard","meta":{"_acf_changed":false,"footnotes":""},"categories":[255],"tags":[],"class_list":["post-5882","post","type-post","status-publish","format-standard","has-post-thumbnail","hentry","category-installacions-fixes"],"acf":[],"yoast_head":"<!-- This site is optimized with the Yoast SEO plugin v26.3 - https:\/\/yoast.com\/wordpress\/plugins\/seo\/ -->\n<title>Equipament audiovisual per a sales de reunions productives | EIKONOS<\/title>\n<meta name=\"description\" content=\"Necessites incorporar noves tecnologies a la teva seu corporativa i apostar per la transformaci\u00f3 digital? T\u2019expliquem per qu\u00e8 comptar amb equipament audiovisual per a sales de reunions \u00e9s clau per aconseguir reunions m\u00e9s productives.\" \/>\n<meta name=\"robots\" content=\"index, follow, max-snippet:-1, max-image-preview:large, max-video-preview:-1\" \/>\n<link rel=\"canonical\" href=\"https:\/\/eikonos.com\/ca\/blog\/equipament-audiovisual-sales-reunions-productives\/\" \/>\n<meta property=\"og:locale\" content=\"ca_ES\" \/>\n<meta property=\"og:type\" content=\"article\" \/>\n<meta property=\"og:title\" content=\"Equipament audiovisual per a sales de reunions productives | EIKONOS\" \/>\n<meta property=\"og:description\" content=\"Necessites incorporar noves tecnologies a la teva seu corporativa i apostar per la transformaci\u00f3 digital? T\u2019expliquem per qu\u00e8 comptar amb equipament audiovisual per a sales de reunions \u00e9s clau per aconseguir reunions m\u00e9s productives.\" \/>\n<meta property=\"og:url\" content=\"https:\/\/eikonos.com\/ca\/blog\/equipament-audiovisual-sales-reunions-productives\/\" \/>\n<meta property=\"og:site_name\" content=\"EIKONOS\" \/>\n<meta property=\"article:publisher\" content=\"http:\/\/www.facebook.com\/pages\/Eikonos\/176324785746790\" \/>\n<meta property=\"article:published_time\" content=\"2018-09-18T16:01:31+00:00\" \/>\n<meta property=\"og:image\" content=\"https:\/\/eikonos.com\/wp-content\/uploads\/2018\/10\/equipamiento-audiovisual-salas-reuniones-1.jpg\" \/>\n\t<meta property=\"og:image:width\" content=\"724\" \/>\n\t<meta property=\"og:image:height\" content=\"432\" \/>\n\t<meta property=\"og:image:type\" content=\"image\/jpeg\" \/>\n<meta name=\"author\" content=\"Xavi Eikonos\" \/>\n<meta name=\"twitter:card\" content=\"summary_large_image\" \/>\n<meta name=\"twitter:creator\" content=\"@eikonos_sa\" \/>\n<meta name=\"twitter:site\" content=\"@eikonos_sa\" \/>\n<meta name=\"twitter:label1\" content=\"Escrit per\" \/>\n\t<meta name=\"twitter:data1\" content=\"Xavi Eikonos\" \/>\n\t<meta name=\"twitter:label2\" content=\"Temps estimat de lectura\" \/>\n\t<meta name=\"twitter:data2\" content=\"3 minuts\" \/>\n<script type=\"application\/ld+json\" class=\"yoast-schema-graph\">{\"@context\":\"https:\/\/schema.org\",\"@graph\":[{\"@type\":\"Article\",\"@id\":\"https:\/\/eikonos.com\/ca\/blog\/equipament-audiovisual-sales-reunions-productives\/#article\",\"isPartOf\":{\"@id\":\"https:\/\/eikonos.com\/ca\/blog\/equipament-audiovisual-sales-reunions-productives\/\"},\"author\":{\"name\":\"Xavi Eikonos\",\"@id\":\"https:\/\/eikonos.com\/ca\/#\/schema\/person\/82032860cc314d826959b90595a5280a\"},\"headline\":\"Reunions m\u00e9s productives amb l\u2019equipament audiovisual per a sales de reunions\",\"datePublished\":\"2018-09-18T16:01:31+00:00\",\"mainEntityOfPage\":{\"@id\":\"https:\/\/eikonos.com\/ca\/blog\/equipament-audiovisual-sales-reunions-productives\/\"},\"wordCount\":684,\"commentCount\":0,\"publisher\":{\"@id\":\"https:\/\/eikonos.com\/ca\/#organization\"},\"image\":{\"@id\":\"https:\/\/eikonos.com\/ca\/blog\/equipament-audiovisual-sales-reunions-productives\/#primaryimage\"},\"thumbnailUrl\":\"https:\/\/eikonos.com\/wp-content\/uploads\/2018\/10\/equipamiento-audiovisual-salas-reuniones-1.jpg\",\"articleSection\":[\"Instal\u00b7lacions fixes\"],\"inLanguage\":\"ca\",\"potentialAction\":[{\"@type\":\"CommentAction\",\"name\":\"Comment\",\"target\":[\"https:\/\/eikonos.com\/ca\/blog\/equipament-audiovisual-sales-reunions-productives\/#respond\"]}]},{\"@type\":\"WebPage\",\"@id\":\"https:\/\/eikonos.com\/ca\/blog\/equipament-audiovisual-sales-reunions-productives\/\",\"url\":\"https:\/\/eikonos.com\/ca\/blog\/equipament-audiovisual-sales-reunions-productives\/\",\"name\":\"Equipament audiovisual per a sales de reunions productives | EIKONOS\",\"isPartOf\":{\"@id\":\"https:\/\/eikonos.com\/ca\/#website\"},\"primaryImageOfPage\":{\"@id\":\"https:\/\/eikonos.com\/ca\/blog\/equipament-audiovisual-sales-reunions-productives\/#primaryimage\"},\"image\":{\"@id\":\"https:\/\/eikonos.com\/ca\/blog\/equipament-audiovisual-sales-reunions-productives\/#primaryimage\"},\"thumbnailUrl\":\"https:\/\/eikonos.com\/wp-content\/uploads\/2018\/10\/equipamiento-audiovisual-salas-reuniones-1.jpg\",\"datePublished\":\"2018-09-18T16:01:31+00:00\",\"description\":\"Necessites incorporar noves tecnologies a la teva seu corporativa i apostar per la transformaci\u00f3 digital? T\u2019expliquem per qu\u00e8 comptar amb equipament audiovisual per a sales de reunions \u00e9s clau per aconseguir reunions m\u00e9s productives.\",\"breadcrumb\":{\"@id\":\"https:\/\/eikonos.com\/ca\/blog\/equipament-audiovisual-sales-reunions-productives\/#breadcrumb\"},\"inLanguage\":\"ca\",\"potentialAction\":[{\"@type\":\"ReadAction\",\"target\":[\"https:\/\/eikonos.com\/ca\/blog\/equipament-audiovisual-sales-reunions-productives\/\"]}]},{\"@type\":\"ImageObject\",\"inLanguage\":\"ca\",\"@id\":\"https:\/\/eikonos.com\/ca\/blog\/equipament-audiovisual-sales-reunions-productives\/#primaryimage\",\"url\":\"https:\/\/eikonos.com\/wp-content\/uploads\/2018\/10\/equipamiento-audiovisual-salas-reuniones-1.jpg\",\"contentUrl\":\"https:\/\/eikonos.com\/wp-content\/uploads\/2018\/10\/equipamiento-audiovisual-salas-reuniones-1.jpg\",\"width\":724,\"height\":432,\"caption\":\"Equipamiento audiovisual para salas de reuniones\"},{\"@type\":\"BreadcrumbList\",\"@id\":\"https:\/\/eikonos.com\/ca\/blog\/equipament-audiovisual-sales-reunions-productives\/#breadcrumb\",\"itemListElement\":[{\"@type\":\"ListItem\",\"position\":1,\"name\":\"EIKONOS\",\"item\":\"https:\/\/eikonos.com\/ca\/inici\/\"},{\"@type\":\"ListItem\",\"position\":2,\"name\":\"Reunions m\u00e9s productives amb l\u2019equipament audiovisual per a sales de reunions\"}]},{\"@type\":\"WebSite\",\"@id\":\"https:\/\/eikonos.com\/ca\/#website\",\"url\":\"https:\/\/eikonos.com\/ca\/\",\"name\":\"EIKONOS\",\"description\":\"EXPERIENCIA AUDIOVISUAL\",\"publisher\":{\"@id\":\"https:\/\/eikonos.com\/ca\/#organization\"},\"potentialAction\":[{\"@type\":\"SearchAction\",\"target\":{\"@type\":\"EntryPoint\",\"urlTemplate\":\"https:\/\/eikonos.com\/ca\/?s={search_term_string}\"},\"query-input\":{\"@type\":\"PropertyValueSpecification\",\"valueRequired\":true,\"valueName\":\"search_term_string\"}}],\"inLanguage\":\"ca\"},{\"@type\":\"Organization\",\"@id\":\"https:\/\/eikonos.com\/ca\/#organization\",\"name\":\"EIKONOS | Servicios Audiovisuales, eventos y alquiler de equipos\",\"url\":\"https:\/\/eikonos.com\/ca\/\",\"logo\":{\"@type\":\"ImageObject\",\"inLanguage\":\"ca\",\"@id\":\"https:\/\/eikonos.com\/ca\/#\/schema\/logo\/image\/\",\"url\":\"https:\/\/eikonos.com\/wp-content\/uploads\/2020\/08\/logo-color.png\",\"contentUrl\":\"https:\/\/eikonos.com\/wp-content\/uploads\/2020\/08\/logo-color.png\",\"width\":376,\"height\":122,\"caption\":\"EIKONOS | Servicios Audiovisuales, eventos y alquiler de equipos\"},\"image\":{\"@id\":\"https:\/\/eikonos.com\/ca\/#\/schema\/logo\/image\/\"},\"sameAs\":[\"http:\/\/www.facebook.com\/pages\/Eikonos\/176324785746790\",\"https:\/\/x.com\/eikonos_sa\",\"http:\/\/www.linkedin.com\/company\/eikonos\",\"http:\/\/www.youtube.com\/channel\/UC8wcizWaAYbfsuqVf9wIT6w\"]},{\"@type\":\"Person\",\"@id\":\"https:\/\/eikonos.com\/ca\/#\/schema\/person\/82032860cc314d826959b90595a5280a\",\"name\":\"Xavi Eikonos\",\"image\":{\"@type\":\"ImageObject\",\"inLanguage\":\"ca\",\"@id\":\"https:\/\/eikonos.com\/ca\/#\/schema\/person\/image\/\",\"url\":\"https:\/\/secure.gravatar.com\/avatar\/a6c6b51dd0ac6902701aab24a914f6febe1518f94a5ae06db08b3d6107248dfd?s=96&d=mm&r=g\",\"contentUrl\":\"https:\/\/secure.gravatar.com\/avatar\/a6c6b51dd0ac6902701aab24a914f6febe1518f94a5ae06db08b3d6107248dfd?s=96&d=mm&r=g\",\"caption\":\"Xavi Eikonos\"}}]}<\/script>\n<!-- \/ Yoast SEO plugin. -->","yoast_head_json":{"title":"Equipament audiovisual per a sales de reunions productives | EIKONOS","description":"Necessites incorporar noves tecnologies a la teva seu corporativa i apostar per la transformaci\u00f3 digital? T\u2019expliquem per qu\u00e8 comptar amb equipament audiovisual per a sales de reunions \u00e9s clau per aconseguir reunions m\u00e9s productives.","robots":{"index":"index","follow":"follow","max-snippet":"max-snippet:-1","max-image-preview":"max-image-preview:large","max-video-preview":"max-video-preview:-1"},"canonical":"https:\/\/eikonos.com\/ca\/blog\/equipament-audiovisual-sales-reunions-productives\/","og_locale":"ca_ES","og_type":"article","og_title":"Equipament audiovisual per a sales de reunions productives | EIKONOS","og_description":"Necessites incorporar noves tecnologies a la teva seu corporativa i apostar per la transformaci\u00f3 digital? T\u2019expliquem per qu\u00e8 comptar amb equipament audiovisual per a sales de reunions \u00e9s clau per aconseguir reunions m\u00e9s productives.","og_url":"https:\/\/eikonos.com\/ca\/blog\/equipament-audiovisual-sales-reunions-productives\/","og_site_name":"EIKONOS","article_publisher":"http:\/\/www.facebook.com\/pages\/Eikonos\/176324785746790","article_published_time":"2018-09-18T16:01:31+00:00","og_image":[{"width":724,"height":432,"url":"https:\/\/eikonos.com\/wp-content\/uploads\/2018\/10\/equipamiento-audiovisual-salas-reuniones-1.jpg","type":"image\/jpeg"}],"author":"Xavi Eikonos","twitter_card":"summary_large_image","twitter_creator":"@eikonos_sa","twitter_site":"@eikonos_sa","twitter_misc":{"Escrit per":"Xavi Eikonos","Temps estimat de lectura":"3 minuts"},"schema":{"@context":"https:\/\/schema.org","@graph":[{"@type":"Article","@id":"https:\/\/eikonos.com\/ca\/blog\/equipament-audiovisual-sales-reunions-productives\/#article","isPartOf":{"@id":"https:\/\/eikonos.com\/ca\/blog\/equipament-audiovisual-sales-reunions-productives\/"},"author":{"name":"Xavi Eikonos","@id":"https:\/\/eikonos.com\/ca\/#\/schema\/person\/82032860cc314d826959b90595a5280a"},"headline":"Reunions m\u00e9s productives amb l\u2019equipament audiovisual per a sales de reunions","datePublished":"2018-09-18T16:01:31+00:00","mainEntityOfPage":{"@id":"https:\/\/eikonos.com\/ca\/blog\/equipament-audiovisual-sales-reunions-productives\/"},"wordCount":684,"commentCount":0,"publisher":{"@id":"https:\/\/eikonos.com\/ca\/#organization"},"image":{"@id":"https:\/\/eikonos.com\/ca\/blog\/equipament-audiovisual-sales-reunions-productives\/#primaryimage"},"thumbnailUrl":"https:\/\/eikonos.com\/wp-content\/uploads\/2018\/10\/equipamiento-audiovisual-salas-reuniones-1.jpg","articleSection":["Instal\u00b7lacions fixes"],"inLanguage":"ca","potentialAction":[{"@type":"CommentAction","name":"Comment","target":["https:\/\/eikonos.com\/ca\/blog\/equipament-audiovisual-sales-reunions-productives\/#respond"]}]},{"@type":"WebPage","@id":"https:\/\/eikonos.com\/ca\/blog\/equipament-audiovisual-sales-reunions-productives\/","url":"https:\/\/eikonos.com\/ca\/blog\/equipament-audiovisual-sales-reunions-productives\/","name":"Equipament audiovisual per a sales de reunions productives | EIKONOS","isPartOf":{"@id":"https:\/\/eikonos.com\/ca\/#website"},"primaryImageOfPage":{"@id":"https:\/\/eikonos.com\/ca\/blog\/equipament-audiovisual-sales-reunions-productives\/#primaryimage"},"image":{"@id":"https:\/\/eikonos.com\/ca\/blog\/equipament-audiovisual-sales-reunions-productives\/#primaryimage"},"thumbnailUrl":"https:\/\/eikonos.com\/wp-content\/uploads\/2018\/10\/equipamiento-audiovisual-salas-reuniones-1.jpg","datePublished":"2018-09-18T16:01:31+00:00","description":"Necessites incorporar noves tecnologies a la teva seu corporativa i apostar per la transformaci\u00f3 digital? T\u2019expliquem per qu\u00e8 comptar amb equipament audiovisual per a sales de reunions \u00e9s clau per aconseguir reunions m\u00e9s productives.","breadcrumb":{"@id":"https:\/\/eikonos.com\/ca\/blog\/equipament-audiovisual-sales-reunions-productives\/#breadcrumb"},"inLanguage":"ca","potentialAction":[{"@type":"ReadAction","target":["https:\/\/eikonos.com\/ca\/blog\/equipament-audiovisual-sales-reunions-productives\/"]}]},{"@type":"ImageObject","inLanguage":"ca","@id":"https:\/\/eikonos.com\/ca\/blog\/equipament-audiovisual-sales-reunions-productives\/#primaryimage","url":"https:\/\/eikonos.com\/wp-content\/uploads\/2018\/10\/equipamiento-audiovisual-salas-reuniones-1.jpg","contentUrl":"https:\/\/eikonos.com\/wp-content\/uploads\/2018\/10\/equipamiento-audiovisual-salas-reuniones-1.jpg","width":724,"height":432,"caption":"Equipamiento audiovisual para salas de reuniones"},{"@type":"BreadcrumbList","@id":"https:\/\/eikonos.com\/ca\/blog\/equipament-audiovisual-sales-reunions-productives\/#breadcrumb","itemListElement":[{"@type":"ListItem","position":1,"name":"EIKONOS","item":"https:\/\/eikonos.com\/ca\/inici\/"},{"@type":"ListItem","position":2,"name":"Reunions m\u00e9s productives amb l\u2019equipament audiovisual per a sales de reunions"}]},{"@type":"WebSite","@id":"https:\/\/eikonos.com\/ca\/#website","url":"https:\/\/eikonos.com\/ca\/","name":"EIKONOS","description":"EXPERIENCIA AUDIOVISUAL","publisher":{"@id":"https:\/\/eikonos.com\/ca\/#organization"},"potentialAction":[{"@type":"SearchAction","target":{"@type":"EntryPoint","urlTemplate":"https:\/\/eikonos.com\/ca\/?s={search_term_string}"},"query-input":{"@type":"PropertyValueSpecification","valueRequired":true,"valueName":"search_term_string"}}],"inLanguage":"ca"},{"@type":"Organization","@id":"https:\/\/eikonos.com\/ca\/#organization","name":"EIKONOS | Servicios Audiovisuales, eventos y alquiler de equipos","url":"https:\/\/eikonos.com\/ca\/","logo":{"@type":"ImageObject","inLanguage":"ca","@id":"https:\/\/eikonos.com\/ca\/#\/schema\/logo\/image\/","url":"https:\/\/eikonos.com\/wp-content\/uploads\/2020\/08\/logo-color.png","contentUrl":"https:\/\/eikonos.com\/wp-content\/uploads\/2020\/08\/logo-color.png","width":376,"height":122,"caption":"EIKONOS | Servicios Audiovisuales, eventos y alquiler de equipos"},"image":{"@id":"https:\/\/eikonos.com\/ca\/#\/schema\/logo\/image\/"},"sameAs":["http:\/\/www.facebook.com\/pages\/Eikonos\/176324785746790","https:\/\/x.com\/eikonos_sa","http:\/\/www.linkedin.com\/company\/eikonos","http:\/\/www.youtube.com\/channel\/UC8wcizWaAYbfsuqVf9wIT6w"]},{"@type":"Person","@id":"https:\/\/eikonos.com\/ca\/#\/schema\/person\/82032860cc314d826959b90595a5280a","name":"Xavi Eikonos","image":{"@type":"ImageObject","inLanguage":"ca","@id":"https:\/\/eikonos.com\/ca\/#\/schema\/person\/image\/","url":"https:\/\/secure.gravatar.com\/avatar\/a6c6b51dd0ac6902701aab24a914f6febe1518f94a5ae06db08b3d6107248dfd?s=96&d=mm&r=g","contentUrl":"https:\/\/secure.gravatar.com\/avatar\/a6c6b51dd0ac6902701aab24a914f6febe1518f94a5ae06db08b3d6107248dfd?s=96&d=mm&r=g","caption":"Xavi Eikonos"}}]}},"_links":{"self":[{"href":"https:\/\/eikonos.com\/ca\/wp-json\/wp\/v2\/posts\/5882","targetHints":{"allow":["GET"]}}],"collection":[{"href":"https:\/\/eikonos.com\/ca\/wp-json\/wp\/v2\/posts"}],"about":[{"href":"https:\/\/eikonos.com\/ca\/wp-json\/wp\/v2\/types\/post"}],"author":[{"embeddable":true,"href":"https:\/\/eikonos.com\/ca\/wp-json\/wp\/v2\/users\/6"}],"replies":[{"embeddable":true,"href":"https:\/\/eikonos.com\/ca\/wp-json\/wp\/v2\/comments?post=5882"}],"version-history":[{"count":0,"href":"https:\/\/eikonos.com\/ca\/wp-json\/wp\/v2\/posts\/5882\/revisions"}],"wp:featuredmedia":[{"embeddable":true,"href":"https:\/\/eikonos.com\/ca\/wp-json\/wp\/v2\/media\/5876"}],"wp:attachment":[{"href":"https:\/\/eikonos.com\/ca\/wp-json\/wp\/v2\/media?parent=5882"}],"wp:term":[{"taxonomy":"category","embeddable":true,"href":"https:\/\/eikonos.com\/ca\/wp-json\/wp\/v2\/categories?post=5882"},{"taxonomy":"post_tag","embeddable":true,"href":"https:\/\/eikonos.com\/ca\/wp-json\/wp\/v2\/tags?post=5882"}],"curies":[{"name":"wp","href":"https:\/\/api.w.org\/{rel}","templated":true}]}}