{"id":5851,"date":"2018-09-04T10:36:58","date_gmt":"2018-09-04T08:36:58","guid":{"rendered":"https:\/\/eikonos.com\/?p=5851"},"modified":"2018-09-04T10:36:58","modified_gmt":"2018-09-04T08:36:58","slug":"transforma-oficines-instal%c2%b7lacions-audiovisuals-empreses","status":"publish","type":"post","link":"https:\/\/eikonos.com\/ca\/blog\/transforma-oficines-instal%c2%b7lacions-audiovisuals-empreses\/","title":{"rendered":"Transforma les teves oficines amb instal\u00b7lacions audiovisuals per a empreses"},"content":{"rendered":"<p>El m\u00f3n empresarial porta anys immers en la famosa transforaci\u00f3 digital. Els continus avan\u00e7os obliguen a tota organitzaci\u00f3 a evolucionar i transformar-se al mateix temps que aquests van sorgint.<\/p>\n<p>La nova era ens obliga a optimitzar temps, automatitzar processos i a aprofitar els nostres recursos. En definitiva, ser m\u00e9s digitals i adaptar-nos al nou entorn digital-audiovisual.<\/p>\n<p>Les<a href=\"https:\/\/eikonos.com\/ca\/portfolio_page\/instal%C2%B7lacions-corporatives\/\"> instal\u00b7lacions audiovisuals per a empreses<\/a> fa temps que van donar un gir a les planes oficines de treball de fa d\u00e8cades. De fet, s\u2019han convertit en centres de treball polivalents a on es reben visites, es duen a terme reunions i presentacions en les que la tecnologia \u00e9s omnipresent.<\/p>\n<p>&nbsp;<\/p>\n<h2><span style=\"color: #ff0000;\">Com adaptem la nostra seu als nous temps amb instal\u00b7lacions audiovisuals?<\/span><\/h2>\n<p>Hi ha diverses consideracions que has de tenir en compte a l\u2019hora de <a href=\"https:\/\/eikonos.com\/ca\/blog\/instalacions-audiovisuals-per-oficines-i-seus-corporatives\/\">digitalitzar a nivell audiovisual la teva companyia<\/a>. La gesti\u00f3 dels recursos de la nostra empresa tant en espais com en equips, ens porta a sistemes digitals de reserva de sales.<\/p>\n<p>Amb aquesta digitalitzaci\u00f3, permetem evitar convocar reunions i que despr\u00e9s les diferents sales estiguin ocupades a la mateixa hora, aix\u00ed com optimitzar els horaris d\u2019\u00fas de les mateixes, permetent un \u00fas continuat i administrant els recursos de la nostra empresa.<\/p>\n<p>&nbsp;<\/p>\n<h3><strong>SISTEMES DE RESERVA<\/strong><\/h3>\n<p>Els diferents sistemes permeten la <strong>gesti\u00f3 d\u2019horaris disponibles de la sala amb calendaris<\/strong>, com \u00e9s el cas del programa Outlook, que la majoria utilitzem di\u00e0riament en els nostres ordinadors o equips m\u00f2bils.<\/p>\n<p>Aix\u00ed, a nivell de gesti\u00f3 podem veure el grau d\u2019\u00fas de les sales i <strong>detectar si \u00e9s necessari ampliar m\u00e9s espais d\u2019aquest tipus<\/strong>.<\/p>\n<p>Tamb\u00e9, la gesti\u00f3 de les instal\u00b7lacions audiovisuals a les diferents sales (projectors, monitors, videoconfer\u00e8ncies&#8230;) poden incloure\u2019s en el<strong> sistema de reserva<\/strong> de sales. Per exemple, en un coworking, fins i tot es pot facturar el lloguer de la sala i els recursos de manera organitzada.<\/p>\n<p>&nbsp;<\/p>\n<h3><strong>DISPONIBILITAT DE LA SALA<\/strong><\/h3>\n<p>Als sistemes comentats podem afegir <strong>elements de senyalitzaci\u00f3<\/strong> que ens ajudin en l\u2019organitzaci\u00f3 dels espais. Pantalles a la porta, indicant qui t\u00e9 la sala reservada i quin horari, saber en quin moment est\u00e0 lliure&#8230;<\/p>\n<p>La<strong> inclusi\u00f3 de t\u00f2tems o panels informatius<\/strong> en zones generals o de pas indicant les reunions actives i futures s\u00f3n un format excel\u00b7lent.<\/p>\n<p>&nbsp;<\/p>\n<p><img loading=\"lazy\" decoding=\"async\" class=\"aligncenter wp-image-5849 size-full\" title=\"Instal\u00b7lacions audiovisuals per a empreses\" src=\"https:\/\/eikonos.com\/wp-content\/uploads\/2018\/10\/instalaciones-audiovisuales-empresas-1.jpg\" alt=\"Instal\u00b7lacions audiovisuals per a empreses\" width=\"724\" height=\"432\" srcset=\"https:\/\/eikonos.com\/wp-content\/uploads\/2018\/10\/instalaciones-audiovisuales-empresas-1.jpg 724w, https:\/\/eikonos.com\/wp-content\/uploads\/2018\/10\/instalaciones-audiovisuales-empresas-1-300x179.jpg 300w\" sizes=\"auto, (max-width: 724px) 100vw, 724px\" \/><\/p>\n<h2><\/h2>\n<p>&nbsp;<\/p>\n<h2><span style=\"color: #ff0000;\">La transformaci\u00f3 digital de la teva empresa en mans d\u2019experts<\/span><\/h2>\n<p>Si t\u2019espanta el proc\u00e9s al que s\u2019enfronta la teva empresa, <strong>confia sempre en consultors que t\u2019ajudin a donar els primers passos en el m\u00f3n connectat<\/strong>. Despr\u00e9s podr\u00e0s crear un equip que entengui el nou llenguatge i sigui capa\u00e7 de traslladar-lo a tota l\u2019empresa i integrar-lo en la cultura corporativa.<\/p>\n<p>No ho has d\u2019entendre com un repte a superar. <strong>\u00c9s nom\u00e9s un proc\u00e9s que ajudar\u00e0 al fet que la companyia sigui millor i m\u00e9s competitiva. <\/strong>Els diferents elements audiovisuals que pots incorporar a la teva seu estan concebuts per facilitar la comprensi\u00f3 del que es comunica a dins. Es tracta d\u2019alguna cosa que sempre demanar\u00e0 millores, per tant, escollir sistemes escalables i de f\u00e0cil ampliaci\u00f3 o modificaci\u00f3 \u00e9s un punt clau a l\u2019hora de triar. D\u2019una manera o altra es troben sempre possibilitats de facilitar la comunicaci\u00f3 interna i externa d\u2019una empresa.<\/p>\n<p>&nbsp;<\/p>\n<p>Si vols ser part d\u2019un nou model de treball i comunicaci\u00f3 i estar a l\u2019altura dels \u00faltims avan\u00e7os digitals en quant a instal\u00b7lacions audiovisuals per a empreses, des d\u2019EIKONOS comptem amb els millors professionals i recursos perqu\u00e8 puguis aconseguir-ho. Comencem? <strong><em>Parlem!<\/em><\/strong><\/p>\n<p>&nbsp;<\/p>\n<p><a href=\"https:\/\/eikonos.com\/ca\/serveis\/instal%C2%B7lacions-fixes\/\"><img loading=\"lazy\" decoding=\"async\" class=\"aligncenter wp-image-5478 size-full\" title=\"Eikonos instal\u00b7lacions audiovisuals fixes\" src=\"https:\/\/eikonos.com\/wp-content\/uploads\/2018\/05\/CTA_EIKONOS_instalaciones_fijas-CAT-1.png\" alt=\"Eikonos instal\u00b7lacions audiovisuals fixes\" width=\"741\" height=\"250\" srcset=\"https:\/\/eikonos.com\/wp-content\/uploads\/2018\/05\/CTA_EIKONOS_instalaciones_fijas-CAT-1.png 741w, https:\/\/eikonos.com\/wp-content\/uploads\/2018\/05\/CTA_EIKONOS_instalaciones_fijas-CAT-1-300x101.png 300w\" sizes=\"auto, (max-width: 741px) 100vw, 741px\" \/><\/a><\/p>\n<p>&nbsp;<\/p>\n","protected":false},"excerpt":{"rendered":"<p>El m\u00f3n empresarial porta anys immers en la famosa transforaci\u00f3 digital. Els continus avan\u00e7os obliguen&#8230;<\/p>\n","protected":false},"author":6,"featured_media":5848,"comment_status":"open","ping_status":"open","sticky":false,"template":"","format":"standard","meta":{"_acf_changed":false,"footnotes":""},"categories":[255],"tags":[],"class_list":["post-5851","post","type-post","status-publish","format-standard","has-post-thumbnail","hentry","category-installacions-fixes"],"acf":[],"yoast_head":"<!-- This site is optimized with the Yoast SEO plugin v26.3 - https:\/\/yoast.com\/wordpress\/plugins\/seo\/ -->\n<title>Transforma les teves oficines amb instal\u00b7lacions audiovisuals | EIKONOS<\/title>\n<meta name=\"description\" content=\"Ja saps com donar el pas a la transforamci\u00f3 difital de la teva empresa i adaptar la teva seu corporativa als nous temps? Les instal\u00b7lacions audiovisuals per a empreses poden ser un recurs excel\u00b7lent per donar el salt! T&#039;ho expliquem en el blog d&#039;Eikonos.\" \/>\n<meta name=\"robots\" content=\"index, follow, max-snippet:-1, max-image-preview:large, max-video-preview:-1\" \/>\n<link rel=\"canonical\" href=\"https:\/\/eikonos.com\/ca\/blog\/transforma-oficines-instal%c2%b7lacions-audiovisuals-empreses\/\" \/>\n<meta property=\"og:locale\" content=\"ca_ES\" \/>\n<meta property=\"og:type\" content=\"article\" \/>\n<meta property=\"og:title\" content=\"Transforma les teves oficines amb instal\u00b7lacions audiovisuals | EIKONOS\" \/>\n<meta property=\"og:description\" content=\"Ja saps com donar el pas a la transforamci\u00f3 difital de la teva empresa i adaptar la teva seu corporativa als nous temps? Les instal\u00b7lacions audiovisuals per a empreses poden ser un recurs excel\u00b7lent per donar el salt! T&#039;ho expliquem en el blog d&#039;Eikonos.\" \/>\n<meta property=\"og:url\" content=\"https:\/\/eikonos.com\/ca\/blog\/transforma-oficines-instal%c2%b7lacions-audiovisuals-empreses\/\" \/>\n<meta property=\"og:site_name\" content=\"EIKONOS\" \/>\n<meta property=\"article:publisher\" content=\"http:\/\/www.facebook.com\/pages\/Eikonos\/176324785746790\" \/>\n<meta property=\"article:published_time\" content=\"2018-09-04T08:36:58+00:00\" \/>\n<meta property=\"og:image\" content=\"https:\/\/eikonos.com\/wp-content\/uploads\/2018\/10\/instalaciones-audiovisuales-salas-reuniones-1.jpg\" \/>\n\t<meta property=\"og:image:width\" content=\"724\" \/>\n\t<meta property=\"og:image:height\" content=\"432\" \/>\n\t<meta property=\"og:image:type\" content=\"image\/jpeg\" \/>\n<meta name=\"author\" content=\"Xavi Eikonos\" \/>\n<meta name=\"twitter:card\" content=\"summary_large_image\" \/>\n<meta name=\"twitter:creator\" content=\"@eikonos_sa\" \/>\n<meta name=\"twitter:site\" content=\"@eikonos_sa\" \/>\n<meta name=\"twitter:label1\" content=\"Escrit per\" \/>\n\t<meta name=\"twitter:data1\" content=\"Xavi Eikonos\" \/>\n\t<meta name=\"twitter:label2\" content=\"Temps estimat de lectura\" \/>\n\t<meta name=\"twitter:data2\" content=\"3 minuts\" \/>\n<script type=\"application\/ld+json\" class=\"yoast-schema-graph\">{\"@context\":\"https:\/\/schema.org\",\"@graph\":[{\"@type\":\"Article\",\"@id\":\"https:\/\/eikonos.com\/ca\/blog\/transforma-oficines-instal%c2%b7lacions-audiovisuals-empreses\/#article\",\"isPartOf\":{\"@id\":\"https:\/\/eikonos.com\/ca\/blog\/transforma-oficines-instal%c2%b7lacions-audiovisuals-empreses\/\"},\"author\":{\"name\":\"Xavi Eikonos\",\"@id\":\"https:\/\/eikonos.com\/ca\/#\/schema\/person\/82032860cc314d826959b90595a5280a\"},\"headline\":\"Transforma les teves oficines amb instal\u00b7lacions audiovisuals per a empreses\",\"datePublished\":\"2018-09-04T08:36:58+00:00\",\"mainEntityOfPage\":{\"@id\":\"https:\/\/eikonos.com\/ca\/blog\/transforma-oficines-instal%c2%b7lacions-audiovisuals-empreses\/\"},\"wordCount\":621,\"commentCount\":0,\"publisher\":{\"@id\":\"https:\/\/eikonos.com\/ca\/#organization\"},\"image\":{\"@id\":\"https:\/\/eikonos.com\/ca\/blog\/transforma-oficines-instal%c2%b7lacions-audiovisuals-empreses\/#primaryimage\"},\"thumbnailUrl\":\"https:\/\/eikonos.com\/wp-content\/uploads\/2018\/10\/instalaciones-audiovisuales-salas-reuniones-1.jpg\",\"articleSection\":[\"Instal\u00b7lacions fixes\"],\"inLanguage\":\"ca\",\"potentialAction\":[{\"@type\":\"CommentAction\",\"name\":\"Comment\",\"target\":[\"https:\/\/eikonos.com\/ca\/blog\/transforma-oficines-instal%c2%b7lacions-audiovisuals-empreses\/#respond\"]}]},{\"@type\":\"WebPage\",\"@id\":\"https:\/\/eikonos.com\/ca\/blog\/transforma-oficines-instal%c2%b7lacions-audiovisuals-empreses\/\",\"url\":\"https:\/\/eikonos.com\/ca\/blog\/transforma-oficines-instal%c2%b7lacions-audiovisuals-empreses\/\",\"name\":\"Transforma les teves oficines amb instal\u00b7lacions audiovisuals | EIKONOS\",\"isPartOf\":{\"@id\":\"https:\/\/eikonos.com\/ca\/#website\"},\"primaryImageOfPage\":{\"@id\":\"https:\/\/eikonos.com\/ca\/blog\/transforma-oficines-instal%c2%b7lacions-audiovisuals-empreses\/#primaryimage\"},\"image\":{\"@id\":\"https:\/\/eikonos.com\/ca\/blog\/transforma-oficines-instal%c2%b7lacions-audiovisuals-empreses\/#primaryimage\"},\"thumbnailUrl\":\"https:\/\/eikonos.com\/wp-content\/uploads\/2018\/10\/instalaciones-audiovisuales-salas-reuniones-1.jpg\",\"datePublished\":\"2018-09-04T08:36:58+00:00\",\"description\":\"Ja saps com donar el pas a la transforamci\u00f3 difital de la teva empresa i adaptar la teva seu corporativa als nous temps? Les instal\u00b7lacions audiovisuals per a empreses poden ser un recurs excel\u00b7lent per donar el salt! T'ho expliquem en el blog d'Eikonos.\",\"breadcrumb\":{\"@id\":\"https:\/\/eikonos.com\/ca\/blog\/transforma-oficines-instal%c2%b7lacions-audiovisuals-empreses\/#breadcrumb\"},\"inLanguage\":\"ca\",\"potentialAction\":[{\"@type\":\"ReadAction\",\"target\":[\"https:\/\/eikonos.com\/ca\/blog\/transforma-oficines-instal%c2%b7lacions-audiovisuals-empreses\/\"]}]},{\"@type\":\"ImageObject\",\"inLanguage\":\"ca\",\"@id\":\"https:\/\/eikonos.com\/ca\/blog\/transforma-oficines-instal%c2%b7lacions-audiovisuals-empreses\/#primaryimage\",\"url\":\"https:\/\/eikonos.com\/wp-content\/uploads\/2018\/10\/instalaciones-audiovisuales-salas-reuniones-1.jpg\",\"contentUrl\":\"https:\/\/eikonos.com\/wp-content\/uploads\/2018\/10\/instalaciones-audiovisuales-salas-reuniones-1.jpg\",\"width\":724,\"height\":432,\"caption\":\"Instalaciones audiovisuales para empresas\"},{\"@type\":\"BreadcrumbList\",\"@id\":\"https:\/\/eikonos.com\/ca\/blog\/transforma-oficines-instal%c2%b7lacions-audiovisuals-empreses\/#breadcrumb\",\"itemListElement\":[{\"@type\":\"ListItem\",\"position\":1,\"name\":\"EIKONOS\",\"item\":\"https:\/\/eikonos.com\/ca\/inici\/\"},{\"@type\":\"ListItem\",\"position\":2,\"name\":\"Transforma les teves oficines amb instal\u00b7lacions audiovisuals per a empreses\"}]},{\"@type\":\"WebSite\",\"@id\":\"https:\/\/eikonos.com\/ca\/#website\",\"url\":\"https:\/\/eikonos.com\/ca\/\",\"name\":\"EIKONOS\",\"description\":\"EXPERIENCIA AUDIOVISUAL\",\"publisher\":{\"@id\":\"https:\/\/eikonos.com\/ca\/#organization\"},\"potentialAction\":[{\"@type\":\"SearchAction\",\"target\":{\"@type\":\"EntryPoint\",\"urlTemplate\":\"https:\/\/eikonos.com\/ca\/?s={search_term_string}\"},\"query-input\":{\"@type\":\"PropertyValueSpecification\",\"valueRequired\":true,\"valueName\":\"search_term_string\"}}],\"inLanguage\":\"ca\"},{\"@type\":\"Organization\",\"@id\":\"https:\/\/eikonos.com\/ca\/#organization\",\"name\":\"EIKONOS | Servicios Audiovisuales, eventos y alquiler de equipos\",\"url\":\"https:\/\/eikonos.com\/ca\/\",\"logo\":{\"@type\":\"ImageObject\",\"inLanguage\":\"ca\",\"@id\":\"https:\/\/eikonos.com\/ca\/#\/schema\/logo\/image\/\",\"url\":\"https:\/\/eikonos.com\/wp-content\/uploads\/2020\/08\/logo-color.png\",\"contentUrl\":\"https:\/\/eikonos.com\/wp-content\/uploads\/2020\/08\/logo-color.png\",\"width\":376,\"height\":122,\"caption\":\"EIKONOS | Servicios Audiovisuales, eventos y alquiler de equipos\"},\"image\":{\"@id\":\"https:\/\/eikonos.com\/ca\/#\/schema\/logo\/image\/\"},\"sameAs\":[\"http:\/\/www.facebook.com\/pages\/Eikonos\/176324785746790\",\"https:\/\/x.com\/eikonos_sa\",\"http:\/\/www.linkedin.com\/company\/eikonos\",\"http:\/\/www.youtube.com\/channel\/UC8wcizWaAYbfsuqVf9wIT6w\"]},{\"@type\":\"Person\",\"@id\":\"https:\/\/eikonos.com\/ca\/#\/schema\/person\/82032860cc314d826959b90595a5280a\",\"name\":\"Xavi Eikonos\",\"image\":{\"@type\":\"ImageObject\",\"inLanguage\":\"ca\",\"@id\":\"https:\/\/eikonos.com\/ca\/#\/schema\/person\/image\/\",\"url\":\"https:\/\/secure.gravatar.com\/avatar\/a6c6b51dd0ac6902701aab24a914f6febe1518f94a5ae06db08b3d6107248dfd?s=96&d=mm&r=g\",\"contentUrl\":\"https:\/\/secure.gravatar.com\/avatar\/a6c6b51dd0ac6902701aab24a914f6febe1518f94a5ae06db08b3d6107248dfd?s=96&d=mm&r=g\",\"caption\":\"Xavi Eikonos\"}}]}<\/script>\n<!-- \/ Yoast SEO plugin. -->","yoast_head_json":{"title":"Transforma les teves oficines amb instal\u00b7lacions audiovisuals | EIKONOS","description":"Ja saps com donar el pas a la transforamci\u00f3 difital de la teva empresa i adaptar la teva seu corporativa als nous temps? Les instal\u00b7lacions audiovisuals per a empreses poden ser un recurs excel\u00b7lent per donar el salt! T'ho expliquem en el blog d'Eikonos.","robots":{"index":"index","follow":"follow","max-snippet":"max-snippet:-1","max-image-preview":"max-image-preview:large","max-video-preview":"max-video-preview:-1"},"canonical":"https:\/\/eikonos.com\/ca\/blog\/transforma-oficines-instal%c2%b7lacions-audiovisuals-empreses\/","og_locale":"ca_ES","og_type":"article","og_title":"Transforma les teves oficines amb instal\u00b7lacions audiovisuals | EIKONOS","og_description":"Ja saps com donar el pas a la transforamci\u00f3 difital de la teva empresa i adaptar la teva seu corporativa als nous temps? Les instal\u00b7lacions audiovisuals per a empreses poden ser un recurs excel\u00b7lent per donar el salt! T'ho expliquem en el blog d'Eikonos.","og_url":"https:\/\/eikonos.com\/ca\/blog\/transforma-oficines-instal%c2%b7lacions-audiovisuals-empreses\/","og_site_name":"EIKONOS","article_publisher":"http:\/\/www.facebook.com\/pages\/Eikonos\/176324785746790","article_published_time":"2018-09-04T08:36:58+00:00","og_image":[{"width":724,"height":432,"url":"https:\/\/eikonos.com\/wp-content\/uploads\/2018\/10\/instalaciones-audiovisuales-salas-reuniones-1.jpg","type":"image\/jpeg"}],"author":"Xavi Eikonos","twitter_card":"summary_large_image","twitter_creator":"@eikonos_sa","twitter_site":"@eikonos_sa","twitter_misc":{"Escrit per":"Xavi Eikonos","Temps estimat de lectura":"3 minuts"},"schema":{"@context":"https:\/\/schema.org","@graph":[{"@type":"Article","@id":"https:\/\/eikonos.com\/ca\/blog\/transforma-oficines-instal%c2%b7lacions-audiovisuals-empreses\/#article","isPartOf":{"@id":"https:\/\/eikonos.com\/ca\/blog\/transforma-oficines-instal%c2%b7lacions-audiovisuals-empreses\/"},"author":{"name":"Xavi Eikonos","@id":"https:\/\/eikonos.com\/ca\/#\/schema\/person\/82032860cc314d826959b90595a5280a"},"headline":"Transforma les teves oficines amb instal\u00b7lacions audiovisuals per a empreses","datePublished":"2018-09-04T08:36:58+00:00","mainEntityOfPage":{"@id":"https:\/\/eikonos.com\/ca\/blog\/transforma-oficines-instal%c2%b7lacions-audiovisuals-empreses\/"},"wordCount":621,"commentCount":0,"publisher":{"@id":"https:\/\/eikonos.com\/ca\/#organization"},"image":{"@id":"https:\/\/eikonos.com\/ca\/blog\/transforma-oficines-instal%c2%b7lacions-audiovisuals-empreses\/#primaryimage"},"thumbnailUrl":"https:\/\/eikonos.com\/wp-content\/uploads\/2018\/10\/instalaciones-audiovisuales-salas-reuniones-1.jpg","articleSection":["Instal\u00b7lacions fixes"],"inLanguage":"ca","potentialAction":[{"@type":"CommentAction","name":"Comment","target":["https:\/\/eikonos.com\/ca\/blog\/transforma-oficines-instal%c2%b7lacions-audiovisuals-empreses\/#respond"]}]},{"@type":"WebPage","@id":"https:\/\/eikonos.com\/ca\/blog\/transforma-oficines-instal%c2%b7lacions-audiovisuals-empreses\/","url":"https:\/\/eikonos.com\/ca\/blog\/transforma-oficines-instal%c2%b7lacions-audiovisuals-empreses\/","name":"Transforma les teves oficines amb instal\u00b7lacions audiovisuals | EIKONOS","isPartOf":{"@id":"https:\/\/eikonos.com\/ca\/#website"},"primaryImageOfPage":{"@id":"https:\/\/eikonos.com\/ca\/blog\/transforma-oficines-instal%c2%b7lacions-audiovisuals-empreses\/#primaryimage"},"image":{"@id":"https:\/\/eikonos.com\/ca\/blog\/transforma-oficines-instal%c2%b7lacions-audiovisuals-empreses\/#primaryimage"},"thumbnailUrl":"https:\/\/eikonos.com\/wp-content\/uploads\/2018\/10\/instalaciones-audiovisuales-salas-reuniones-1.jpg","datePublished":"2018-09-04T08:36:58+00:00","description":"Ja saps com donar el pas a la transforamci\u00f3 difital de la teva empresa i adaptar la teva seu corporativa als nous temps? Les instal\u00b7lacions audiovisuals per a empreses poden ser un recurs excel\u00b7lent per donar el salt! T'ho expliquem en el blog d'Eikonos.","breadcrumb":{"@id":"https:\/\/eikonos.com\/ca\/blog\/transforma-oficines-instal%c2%b7lacions-audiovisuals-empreses\/#breadcrumb"},"inLanguage":"ca","potentialAction":[{"@type":"ReadAction","target":["https:\/\/eikonos.com\/ca\/blog\/transforma-oficines-instal%c2%b7lacions-audiovisuals-empreses\/"]}]},{"@type":"ImageObject","inLanguage":"ca","@id":"https:\/\/eikonos.com\/ca\/blog\/transforma-oficines-instal%c2%b7lacions-audiovisuals-empreses\/#primaryimage","url":"https:\/\/eikonos.com\/wp-content\/uploads\/2018\/10\/instalaciones-audiovisuales-salas-reuniones-1.jpg","contentUrl":"https:\/\/eikonos.com\/wp-content\/uploads\/2018\/10\/instalaciones-audiovisuales-salas-reuniones-1.jpg","width":724,"height":432,"caption":"Instalaciones audiovisuales para empresas"},{"@type":"BreadcrumbList","@id":"https:\/\/eikonos.com\/ca\/blog\/transforma-oficines-instal%c2%b7lacions-audiovisuals-empreses\/#breadcrumb","itemListElement":[{"@type":"ListItem","position":1,"name":"EIKONOS","item":"https:\/\/eikonos.com\/ca\/inici\/"},{"@type":"ListItem","position":2,"name":"Transforma les teves oficines amb instal\u00b7lacions audiovisuals per a empreses"}]},{"@type":"WebSite","@id":"https:\/\/eikonos.com\/ca\/#website","url":"https:\/\/eikonos.com\/ca\/","name":"EIKONOS","description":"EXPERIENCIA AUDIOVISUAL","publisher":{"@id":"https:\/\/eikonos.com\/ca\/#organization"},"potentialAction":[{"@type":"SearchAction","target":{"@type":"EntryPoint","urlTemplate":"https:\/\/eikonos.com\/ca\/?s={search_term_string}"},"query-input":{"@type":"PropertyValueSpecification","valueRequired":true,"valueName":"search_term_string"}}],"inLanguage":"ca"},{"@type":"Organization","@id":"https:\/\/eikonos.com\/ca\/#organization","name":"EIKONOS | Servicios Audiovisuales, eventos y alquiler de equipos","url":"https:\/\/eikonos.com\/ca\/","logo":{"@type":"ImageObject","inLanguage":"ca","@id":"https:\/\/eikonos.com\/ca\/#\/schema\/logo\/image\/","url":"https:\/\/eikonos.com\/wp-content\/uploads\/2020\/08\/logo-color.png","contentUrl":"https:\/\/eikonos.com\/wp-content\/uploads\/2020\/08\/logo-color.png","width":376,"height":122,"caption":"EIKONOS | Servicios Audiovisuales, eventos y alquiler de equipos"},"image":{"@id":"https:\/\/eikonos.com\/ca\/#\/schema\/logo\/image\/"},"sameAs":["http:\/\/www.facebook.com\/pages\/Eikonos\/176324785746790","https:\/\/x.com\/eikonos_sa","http:\/\/www.linkedin.com\/company\/eikonos","http:\/\/www.youtube.com\/channel\/UC8wcizWaAYbfsuqVf9wIT6w"]},{"@type":"Person","@id":"https:\/\/eikonos.com\/ca\/#\/schema\/person\/82032860cc314d826959b90595a5280a","name":"Xavi Eikonos","image":{"@type":"ImageObject","inLanguage":"ca","@id":"https:\/\/eikonos.com\/ca\/#\/schema\/person\/image\/","url":"https:\/\/secure.gravatar.com\/avatar\/a6c6b51dd0ac6902701aab24a914f6febe1518f94a5ae06db08b3d6107248dfd?s=96&d=mm&r=g","contentUrl":"https:\/\/secure.gravatar.com\/avatar\/a6c6b51dd0ac6902701aab24a914f6febe1518f94a5ae06db08b3d6107248dfd?s=96&d=mm&r=g","caption":"Xavi Eikonos"}}]}},"_links":{"self":[{"href":"https:\/\/eikonos.com\/ca\/wp-json\/wp\/v2\/posts\/5851","targetHints":{"allow":["GET"]}}],"collection":[{"href":"https:\/\/eikonos.com\/ca\/wp-json\/wp\/v2\/posts"}],"about":[{"href":"https:\/\/eikonos.com\/ca\/wp-json\/wp\/v2\/types\/post"}],"author":[{"embeddable":true,"href":"https:\/\/eikonos.com\/ca\/wp-json\/wp\/v2\/users\/6"}],"replies":[{"embeddable":true,"href":"https:\/\/eikonos.com\/ca\/wp-json\/wp\/v2\/comments?post=5851"}],"version-history":[{"count":0,"href":"https:\/\/eikonos.com\/ca\/wp-json\/wp\/v2\/posts\/5851\/revisions"}],"wp:featuredmedia":[{"embeddable":true,"href":"https:\/\/eikonos.com\/ca\/wp-json\/wp\/v2\/media\/5848"}],"wp:attachment":[{"href":"https:\/\/eikonos.com\/ca\/wp-json\/wp\/v2\/media?parent=5851"}],"wp:term":[{"taxonomy":"category","embeddable":true,"href":"https:\/\/eikonos.com\/ca\/wp-json\/wp\/v2\/categories?post=5851"},{"taxonomy":"post_tag","embeddable":true,"href":"https:\/\/eikonos.com\/ca\/wp-json\/wp\/v2\/tags?post=5851"}],"curies":[{"name":"wp","href":"https:\/\/api.w.org\/{rel}","templated":true}]}}