{"id":5833,"date":"2018-08-28T10:15:35","date_gmt":"2018-08-28T08:15:35","guid":{"rendered":"https:\/\/eikonos.com\/?p=5833"},"modified":"2018-08-28T10:15:35","modified_gmt":"2018-08-28T08:15:35","slug":"cinc-formats-contingut-audiovisual-conferencia","status":"publish","type":"post","link":"https:\/\/eikonos.com\/ca\/blog\/cinc-formats-contingut-audiovisual-conferencia\/","title":{"rendered":"Cinc formats de contingut audiovisual per a la teva propera confer\u00e8ncia"},"content":{"rendered":"<p>La tecnologia ens envaeix i la comunicaci\u00f3 digital s\u2019ha convertit en alguna cosa indispensable en el nostre dia a dia. Les possibilitats s\u00f3n cada vegada m\u00e9s \u00e0mplies, l\u2019expectaci\u00f3 davant de nous formats i opcions no deixa de cr\u00e9ixer. I en el camp dels <a href=\"https:\/\/eikonos.com\/ca\/serveis\/esdeveniments-audiovisuals\/\">audiovisuals per a esdeveniments<\/a> no \u00e9s diferent.<\/p>\n<p>Quan parlem d\u2019empreses o organitzacions el concepte \u00e9s tamb\u00e9 inseparable. Les companyies es veuen en la necessitat d\u2019incorporar aquests nous formats comunicatius en els seus diferents esdeveniments per estar a l\u2019ordre del dia, poder sorprendre i connectar amb el seu p\u00fablic.<\/p>\n<p>Esdeveniments, gal\u00b7les, confer\u00e8ncies&#8230; van de la m\u00e0 de tot el poder\u00f3s contingut audiovisual que puja la qualitat i l\u2019\u00e8xit un gra\u00f3 per sobre. Com? Si est\u00e0s darrera de l\u2019organitzaci\u00f3 de la propera confer\u00e8ncia de la teva empresa i aquest \u00e9s el teu dubte, aqu\u00ed van algunes idees amb cinc formats de continguts audiovisuals que marcaran la difer\u00e8ncia.<\/p>\n<p>&nbsp;<\/p>\n<h2><span style=\"color: #ff0000;\">Formats audiovisuals efectius per a esdeveniments<\/span><\/h2>\n<p>&nbsp;<\/p>\n<h3><span style=\"color: #ff0000;\"><strong>V\u00eddeo corporatiu introductori <\/strong><\/span><\/h3>\n<p>Les confer\u00e8ncies solen programar-se amb un fi determinat: presentar un nou producte, un llan\u00e7ament, anunciar alguna cosa important, etc. A m\u00e9s, s\u00f3n un bon aparador per traslladar la nostra imatge de marca de manera m\u00e9s global.<\/p>\n<p>El v\u00eddeo corporatiu \u00e9s una de les millors opcions per captar l\u2019atenci\u00f3 de la nostra audi\u00e8ncia. A m\u00e9s, t\u00e9 la capacitat de contextualitzar i situar a la nostra organitzaci\u00f3 en la ment dels espectadors en uns termes molt concrets.<\/p>\n<p>&nbsp;<\/p>\n<h3><span style=\"color: #ff0000;\"><strong>Temps real de l\u2019activitat en xarxes socials<\/strong><\/span><\/h3>\n<p>\u00c9s una de les grans tend\u00e8ncies actuals. Internet permet accedir a la informaci\u00f3 i als continguts en temps real i aquesta \u00e9s una de les possibilitats que m\u00e9s atrauen a l\u2019usuari: <a href=\"https:\/\/eikonos.com\/ca\/portfolio_page\/esdeveniments-esportius\/\">proves esportives<\/a>, concerts, xerrades, gal\u00b7les, etc.<\/p>\n<p>Esdeveniments de tot tipus opten per estar presents en les xarxes socials i connectar amb un p\u00fablic m\u00e9s ampli que, des de qualsevol part, pot seguir en temps real tot all\u00f2 que passa.<\/p>\n<p>V\u00eddeos, directes, fotografies, comentaris, xat&#8230; contingut que connecta, crea inter\u00e8s i que, fins i tot, es pot fer viral. Les xarxes socials s\u00f3n el millor i m\u00e9s accessible aparador de l\u2019actualitat.<\/p>\n<p>&nbsp;<\/p>\n<h3><span style=\"color: #ff0000;\"><strong>V\u00eddeos animats explicatius <\/strong><\/span><\/h3>\n<p>En diverses ocasions hem parlat de la necessitat de convertir qualsevol esdeveniment en una experi\u00e8ncia concreta i diferent, que ens aporti un valor afegit. Per aconseguir-ho, necessitem captar l\u2019atenci\u00f3 del nostre p\u00fablic i sorprendre; aqu\u00ed \u00e9s on entren en joc els diferents formats audiovisuals i la <a href=\"https:\/\/eikonos.com\/ca\/blog\/contingut-audiovisual-atractiu-el-real-amb-el-virtual\/\">creaci\u00f3 de continguts atractius<\/a>.<\/p>\n<p>Els v\u00eddeos animats explicatius s\u00f3n la millor opci\u00f3 per compartir informaci\u00f3 amb el p\u00fablic mentre aconseguim que aquests no perdin l\u2019inter\u00e8s. Les dades, la informaci\u00f3, els n\u00fameros poden produir la \u201cdesconnexi\u00f3\u201d del nostre auditori.<\/p>\n<p>No obstant aix\u00f2, una animaci\u00f3 din\u00e0mica i entretinguda mantindr\u00e0 en alerta i atents als nostres assistents que gaudiran amb la nostra creativitat al mateix temps que assimilen la informaci\u00f3 que volem traslladar.<\/p>\n<p>&nbsp;<\/p>\n<h3><span style=\"color: #ff0000;\"><strong>Interacci\u00f3<\/strong> <strong>innovadors entre el speaker i els mitjans tecnol\u00f2gics per a presentacions<\/strong><\/span><\/h3>\n<p>En la cerca de captar aquesta atenci\u00f3 de l\u2019audi\u00e8ncia, neixen nous formats com el <em>Bird<\/em>. Una eina audiovisual que involucra al p\u00fablic mentre s\u2019interactua directament amb la presentaci\u00f3.<\/p>\n<p style=\"text-align: center;\"><iframe loading=\"lazy\" src=\"https:\/\/www.youtube.com\/embed\/QvhOZGPoxTo\" width=\"560\" height=\"315\" frameborder=\"0\" allowfullscreen=\"allowfullscreen\"><\/iframe><\/p>\n<p style=\"text-align: center;\">\u00a9 MUV Interactive<\/p>\n<p><em>Bird <\/em>ofereix una experi\u00e8ncia visual diferent a trav\u00e9s d\u2019un petit aparell que es col\u00b7loca en el dit i ofereix possibilitats infinites per jugar amb la presentaci\u00f3: des d\u2019ampliar imatges, fins a modificar-les, passar p\u00e0gines o dibuixar sobre la projecci\u00f3.<\/p>\n<p>&nbsp;<\/p>\n<h3><span style=\"color: #ff0000;\"><strong>Aftermovie<\/strong><\/span><\/h3>\n<p>Junt a aquesta cerca de l\u2019atenci\u00f3 del p\u00fablic trobem la necessitat d\u2019ampliar l\u2019espectre de difusi\u00f3, com coment\u00e0vem respecte a les xarxes socials. Fruit d\u2019aix\u00f2 sorgeix tamb\u00e9 <a href=\"https:\/\/eikonos.com\/ca\/blog\/aftermovie-dun-esdeveniment-el-producte-estrella-dels-festivals\/\">l\u2019aftermovie: el \u201cv\u00eddeo resum\u201d que publiquem despr\u00e9s de l\u2019esdeveniment<\/a>.<\/p>\n<p>Es tracta d\u2019aprofitar les nostres accions, no deixar que morin o es limitin a l\u2019instant concret en el qual ocorren; a m\u00e9s de portar-les a la major quantitat de persones possibles.<\/p>\n<p>&nbsp;<\/p>\n<p>Aprofita el potencial dels recursos audiovisuals per a esdeveniments i d\u00f3na vida a la teva propera confer\u00e8ncia o trobada empresarial. Tens un projecte? <strong><em>Parlem!<\/em><\/strong><\/p>\n<p><a href=\"https:\/\/eikonos.com\/ca\/serveis\/creacio-de-continguts\/\"><img loading=\"lazy\" decoding=\"async\" class=\"wp-image-5152 size-full aligncenter\" title=\"EIKONOS creaci\u00f3 de continguts\" src=\"https:\/\/eikonos.com\/wp-content\/uploads\/2018\/02\/eikonos-cta-creacio-contingut-1.jpg\" alt=\"EIKONOS creaci\u00f3 de continguts\" width=\"741\" height=\"250\" srcset=\"https:\/\/eikonos.com\/wp-content\/uploads\/2018\/02\/eikonos-cta-creacio-contingut-1.jpg 741w, https:\/\/eikonos.com\/wp-content\/uploads\/2018\/02\/eikonos-cta-creacio-contingut-1-300x101.jpg 300w\" sizes=\"auto, (max-width: 741px) 100vw, 741px\" \/><\/a><\/p>\n","protected":false},"excerpt":{"rendered":"<p>La tecnologia ens envaeix i la comunicaci\u00f3 digital s\u2019ha convertit en alguna cosa indispensable en&#8230;<\/p>\n","protected":false},"author":6,"featured_media":5817,"comment_status":"open","ping_status":"open","sticky":false,"template":"","format":"standard","meta":{"_acf_changed":false,"footnotes":""},"categories":[257],"tags":[],"class_list":["post-5833","post","type-post","status-publish","format-standard","has-post-thumbnail","hentry","category-creacio-de-continguts"],"acf":[],"yoast_head":"<!-- This site is optimized with the Yoast SEO plugin v26.3 - https:\/\/yoast.com\/wordpress\/plugins\/seo\/ -->\n<title>Formats de continguts audiovisuals per la teva confer\u00e8ncia | EIKONOS<\/title>\n<meta name=\"description\" content=\"Necessites nous formats audiovisuals per a esdeveniments per estar a l&#039;ordre del dia i connectar amb el teu p\u00fablic? Tenim la soluci\u00f3! T&#039;expliquem cinc foramts audiovisuals i innovadors que pots utilitzar en la teva propera confer\u00e8ncia.\" \/>\n<meta name=\"robots\" content=\"index, follow, max-snippet:-1, max-image-preview:large, max-video-preview:-1\" \/>\n<link rel=\"canonical\" href=\"https:\/\/eikonos.com\/ca\/blog\/cinc-formats-contingut-audiovisual-conferencia\/\" \/>\n<meta property=\"og:locale\" content=\"ca_ES\" \/>\n<meta property=\"og:type\" content=\"article\" \/>\n<meta property=\"og:title\" content=\"Formats de continguts audiovisuals per la teva confer\u00e8ncia | EIKONOS\" \/>\n<meta property=\"og:description\" content=\"Necessites nous formats audiovisuals per a esdeveniments per estar a l&#039;ordre del dia i connectar amb el teu p\u00fablic? Tenim la soluci\u00f3! T&#039;expliquem cinc foramts audiovisuals i innovadors que pots utilitzar en la teva propera confer\u00e8ncia.\" \/>\n<meta property=\"og:url\" content=\"https:\/\/eikonos.com\/ca\/blog\/cinc-formats-contingut-audiovisual-conferencia\/\" \/>\n<meta property=\"og:site_name\" content=\"EIKONOS\" \/>\n<meta property=\"article:publisher\" content=\"http:\/\/www.facebook.com\/pages\/Eikonos\/176324785746790\" \/>\n<meta property=\"article:published_time\" content=\"2018-08-28T08:15:35+00:00\" \/>\n<meta property=\"og:image\" content=\"https:\/\/eikonos.com\/wp-content\/uploads\/2018\/10\/formatos-audiovisuales-eventos-1.jpg\" \/>\n\t<meta property=\"og:image:width\" content=\"724\" \/>\n\t<meta property=\"og:image:height\" content=\"432\" \/>\n\t<meta property=\"og:image:type\" content=\"image\/jpeg\" \/>\n<meta name=\"author\" content=\"Xavi Eikonos\" \/>\n<meta name=\"twitter:card\" content=\"summary_large_image\" \/>\n<meta name=\"twitter:creator\" content=\"@eikonos_sa\" \/>\n<meta name=\"twitter:site\" content=\"@eikonos_sa\" \/>\n<meta name=\"twitter:label1\" content=\"Escrit per\" \/>\n\t<meta name=\"twitter:data1\" content=\"Xavi Eikonos\" \/>\n\t<meta name=\"twitter:label2\" content=\"Temps estimat de lectura\" \/>\n\t<meta name=\"twitter:data2\" content=\"4 minuts\" \/>\n<script type=\"application\/ld+json\" class=\"yoast-schema-graph\">{\"@context\":\"https:\/\/schema.org\",\"@graph\":[{\"@type\":\"Article\",\"@id\":\"https:\/\/eikonos.com\/ca\/blog\/cinc-formats-contingut-audiovisual-conferencia\/#article\",\"isPartOf\":{\"@id\":\"https:\/\/eikonos.com\/ca\/blog\/cinc-formats-contingut-audiovisual-conferencia\/\"},\"author\":{\"name\":\"Xavi Eikonos\",\"@id\":\"https:\/\/eikonos.com\/ca\/#\/schema\/person\/82032860cc314d826959b90595a5280a\"},\"headline\":\"Cinc formats de contingut audiovisual per a la teva propera confer\u00e8ncia\",\"datePublished\":\"2018-08-28T08:15:35+00:00\",\"mainEntityOfPage\":{\"@id\":\"https:\/\/eikonos.com\/ca\/blog\/cinc-formats-contingut-audiovisual-conferencia\/\"},\"wordCount\":726,\"commentCount\":0,\"publisher\":{\"@id\":\"https:\/\/eikonos.com\/ca\/#organization\"},\"image\":{\"@id\":\"https:\/\/eikonos.com\/ca\/blog\/cinc-formats-contingut-audiovisual-conferencia\/#primaryimage\"},\"thumbnailUrl\":\"https:\/\/eikonos.com\/wp-content\/uploads\/2018\/10\/formatos-audiovisuales-eventos-1.jpg\",\"articleSection\":[\"Creaci\u00f3 de continguts\"],\"inLanguage\":\"ca\",\"potentialAction\":[{\"@type\":\"CommentAction\",\"name\":\"Comment\",\"target\":[\"https:\/\/eikonos.com\/ca\/blog\/cinc-formats-contingut-audiovisual-conferencia\/#respond\"]}]},{\"@type\":\"WebPage\",\"@id\":\"https:\/\/eikonos.com\/ca\/blog\/cinc-formats-contingut-audiovisual-conferencia\/\",\"url\":\"https:\/\/eikonos.com\/ca\/blog\/cinc-formats-contingut-audiovisual-conferencia\/\",\"name\":\"Formats de continguts audiovisuals per la teva confer\u00e8ncia | EIKONOS\",\"isPartOf\":{\"@id\":\"https:\/\/eikonos.com\/ca\/#website\"},\"primaryImageOfPage\":{\"@id\":\"https:\/\/eikonos.com\/ca\/blog\/cinc-formats-contingut-audiovisual-conferencia\/#primaryimage\"},\"image\":{\"@id\":\"https:\/\/eikonos.com\/ca\/blog\/cinc-formats-contingut-audiovisual-conferencia\/#primaryimage\"},\"thumbnailUrl\":\"https:\/\/eikonos.com\/wp-content\/uploads\/2018\/10\/formatos-audiovisuales-eventos-1.jpg\",\"datePublished\":\"2018-08-28T08:15:35+00:00\",\"description\":\"Necessites nous formats audiovisuals per a esdeveniments per estar a l'ordre del dia i connectar amb el teu p\u00fablic? Tenim la soluci\u00f3! T'expliquem cinc foramts audiovisuals i innovadors que pots utilitzar en la teva propera confer\u00e8ncia.\",\"breadcrumb\":{\"@id\":\"https:\/\/eikonos.com\/ca\/blog\/cinc-formats-contingut-audiovisual-conferencia\/#breadcrumb\"},\"inLanguage\":\"ca\",\"potentialAction\":[{\"@type\":\"ReadAction\",\"target\":[\"https:\/\/eikonos.com\/ca\/blog\/cinc-formats-contingut-audiovisual-conferencia\/\"]}]},{\"@type\":\"ImageObject\",\"inLanguage\":\"ca\",\"@id\":\"https:\/\/eikonos.com\/ca\/blog\/cinc-formats-contingut-audiovisual-conferencia\/#primaryimage\",\"url\":\"https:\/\/eikonos.com\/wp-content\/uploads\/2018\/10\/formatos-audiovisuales-eventos-1.jpg\",\"contentUrl\":\"https:\/\/eikonos.com\/wp-content\/uploads\/2018\/10\/formatos-audiovisuales-eventos-1.jpg\",\"width\":724,\"height\":432,\"caption\":\"Formatos audiovisuales para eventos\"},{\"@type\":\"BreadcrumbList\",\"@id\":\"https:\/\/eikonos.com\/ca\/blog\/cinc-formats-contingut-audiovisual-conferencia\/#breadcrumb\",\"itemListElement\":[{\"@type\":\"ListItem\",\"position\":1,\"name\":\"EIKONOS\",\"item\":\"https:\/\/eikonos.com\/ca\/inici\/\"},{\"@type\":\"ListItem\",\"position\":2,\"name\":\"Cinc formats de contingut audiovisual per a la teva propera confer\u00e8ncia\"}]},{\"@type\":\"WebSite\",\"@id\":\"https:\/\/eikonos.com\/ca\/#website\",\"url\":\"https:\/\/eikonos.com\/ca\/\",\"name\":\"EIKONOS\",\"description\":\"EXPERIENCIA AUDIOVISUAL\",\"publisher\":{\"@id\":\"https:\/\/eikonos.com\/ca\/#organization\"},\"potentialAction\":[{\"@type\":\"SearchAction\",\"target\":{\"@type\":\"EntryPoint\",\"urlTemplate\":\"https:\/\/eikonos.com\/ca\/?s={search_term_string}\"},\"query-input\":{\"@type\":\"PropertyValueSpecification\",\"valueRequired\":true,\"valueName\":\"search_term_string\"}}],\"inLanguage\":\"ca\"},{\"@type\":\"Organization\",\"@id\":\"https:\/\/eikonos.com\/ca\/#organization\",\"name\":\"EIKONOS | Servicios Audiovisuales, eventos y alquiler de equipos\",\"url\":\"https:\/\/eikonos.com\/ca\/\",\"logo\":{\"@type\":\"ImageObject\",\"inLanguage\":\"ca\",\"@id\":\"https:\/\/eikonos.com\/ca\/#\/schema\/logo\/image\/\",\"url\":\"https:\/\/eikonos.com\/wp-content\/uploads\/2020\/08\/logo-color.png\",\"contentUrl\":\"https:\/\/eikonos.com\/wp-content\/uploads\/2020\/08\/logo-color.png\",\"width\":376,\"height\":122,\"caption\":\"EIKONOS | Servicios Audiovisuales, eventos y alquiler de equipos\"},\"image\":{\"@id\":\"https:\/\/eikonos.com\/ca\/#\/schema\/logo\/image\/\"},\"sameAs\":[\"http:\/\/www.facebook.com\/pages\/Eikonos\/176324785746790\",\"https:\/\/x.com\/eikonos_sa\",\"http:\/\/www.linkedin.com\/company\/eikonos\",\"http:\/\/www.youtube.com\/channel\/UC8wcizWaAYbfsuqVf9wIT6w\"]},{\"@type\":\"Person\",\"@id\":\"https:\/\/eikonos.com\/ca\/#\/schema\/person\/82032860cc314d826959b90595a5280a\",\"name\":\"Xavi Eikonos\",\"image\":{\"@type\":\"ImageObject\",\"inLanguage\":\"ca\",\"@id\":\"https:\/\/eikonos.com\/ca\/#\/schema\/person\/image\/\",\"url\":\"https:\/\/secure.gravatar.com\/avatar\/a6c6b51dd0ac6902701aab24a914f6febe1518f94a5ae06db08b3d6107248dfd?s=96&d=mm&r=g\",\"contentUrl\":\"https:\/\/secure.gravatar.com\/avatar\/a6c6b51dd0ac6902701aab24a914f6febe1518f94a5ae06db08b3d6107248dfd?s=96&d=mm&r=g\",\"caption\":\"Xavi Eikonos\"}}]}<\/script>\n<!-- \/ Yoast SEO plugin. -->","yoast_head_json":{"title":"Formats de continguts audiovisuals per la teva confer\u00e8ncia | EIKONOS","description":"Necessites nous formats audiovisuals per a esdeveniments per estar a l'ordre del dia i connectar amb el teu p\u00fablic? Tenim la soluci\u00f3! T'expliquem cinc foramts audiovisuals i innovadors que pots utilitzar en la teva propera confer\u00e8ncia.","robots":{"index":"index","follow":"follow","max-snippet":"max-snippet:-1","max-image-preview":"max-image-preview:large","max-video-preview":"max-video-preview:-1"},"canonical":"https:\/\/eikonos.com\/ca\/blog\/cinc-formats-contingut-audiovisual-conferencia\/","og_locale":"ca_ES","og_type":"article","og_title":"Formats de continguts audiovisuals per la teva confer\u00e8ncia | EIKONOS","og_description":"Necessites nous formats audiovisuals per a esdeveniments per estar a l'ordre del dia i connectar amb el teu p\u00fablic? Tenim la soluci\u00f3! T'expliquem cinc foramts audiovisuals i innovadors que pots utilitzar en la teva propera confer\u00e8ncia.","og_url":"https:\/\/eikonos.com\/ca\/blog\/cinc-formats-contingut-audiovisual-conferencia\/","og_site_name":"EIKONOS","article_publisher":"http:\/\/www.facebook.com\/pages\/Eikonos\/176324785746790","article_published_time":"2018-08-28T08:15:35+00:00","og_image":[{"width":724,"height":432,"url":"https:\/\/eikonos.com\/wp-content\/uploads\/2018\/10\/formatos-audiovisuales-eventos-1.jpg","type":"image\/jpeg"}],"author":"Xavi Eikonos","twitter_card":"summary_large_image","twitter_creator":"@eikonos_sa","twitter_site":"@eikonos_sa","twitter_misc":{"Escrit per":"Xavi Eikonos","Temps estimat de lectura":"4 minuts"},"schema":{"@context":"https:\/\/schema.org","@graph":[{"@type":"Article","@id":"https:\/\/eikonos.com\/ca\/blog\/cinc-formats-contingut-audiovisual-conferencia\/#article","isPartOf":{"@id":"https:\/\/eikonos.com\/ca\/blog\/cinc-formats-contingut-audiovisual-conferencia\/"},"author":{"name":"Xavi Eikonos","@id":"https:\/\/eikonos.com\/ca\/#\/schema\/person\/82032860cc314d826959b90595a5280a"},"headline":"Cinc formats de contingut audiovisual per a la teva propera confer\u00e8ncia","datePublished":"2018-08-28T08:15:35+00:00","mainEntityOfPage":{"@id":"https:\/\/eikonos.com\/ca\/blog\/cinc-formats-contingut-audiovisual-conferencia\/"},"wordCount":726,"commentCount":0,"publisher":{"@id":"https:\/\/eikonos.com\/ca\/#organization"},"image":{"@id":"https:\/\/eikonos.com\/ca\/blog\/cinc-formats-contingut-audiovisual-conferencia\/#primaryimage"},"thumbnailUrl":"https:\/\/eikonos.com\/wp-content\/uploads\/2018\/10\/formatos-audiovisuales-eventos-1.jpg","articleSection":["Creaci\u00f3 de continguts"],"inLanguage":"ca","potentialAction":[{"@type":"CommentAction","name":"Comment","target":["https:\/\/eikonos.com\/ca\/blog\/cinc-formats-contingut-audiovisual-conferencia\/#respond"]}]},{"@type":"WebPage","@id":"https:\/\/eikonos.com\/ca\/blog\/cinc-formats-contingut-audiovisual-conferencia\/","url":"https:\/\/eikonos.com\/ca\/blog\/cinc-formats-contingut-audiovisual-conferencia\/","name":"Formats de continguts audiovisuals per la teva confer\u00e8ncia | EIKONOS","isPartOf":{"@id":"https:\/\/eikonos.com\/ca\/#website"},"primaryImageOfPage":{"@id":"https:\/\/eikonos.com\/ca\/blog\/cinc-formats-contingut-audiovisual-conferencia\/#primaryimage"},"image":{"@id":"https:\/\/eikonos.com\/ca\/blog\/cinc-formats-contingut-audiovisual-conferencia\/#primaryimage"},"thumbnailUrl":"https:\/\/eikonos.com\/wp-content\/uploads\/2018\/10\/formatos-audiovisuales-eventos-1.jpg","datePublished":"2018-08-28T08:15:35+00:00","description":"Necessites nous formats audiovisuals per a esdeveniments per estar a l'ordre del dia i connectar amb el teu p\u00fablic? Tenim la soluci\u00f3! T'expliquem cinc foramts audiovisuals i innovadors que pots utilitzar en la teva propera confer\u00e8ncia.","breadcrumb":{"@id":"https:\/\/eikonos.com\/ca\/blog\/cinc-formats-contingut-audiovisual-conferencia\/#breadcrumb"},"inLanguage":"ca","potentialAction":[{"@type":"ReadAction","target":["https:\/\/eikonos.com\/ca\/blog\/cinc-formats-contingut-audiovisual-conferencia\/"]}]},{"@type":"ImageObject","inLanguage":"ca","@id":"https:\/\/eikonos.com\/ca\/blog\/cinc-formats-contingut-audiovisual-conferencia\/#primaryimage","url":"https:\/\/eikonos.com\/wp-content\/uploads\/2018\/10\/formatos-audiovisuales-eventos-1.jpg","contentUrl":"https:\/\/eikonos.com\/wp-content\/uploads\/2018\/10\/formatos-audiovisuales-eventos-1.jpg","width":724,"height":432,"caption":"Formatos audiovisuales para eventos"},{"@type":"BreadcrumbList","@id":"https:\/\/eikonos.com\/ca\/blog\/cinc-formats-contingut-audiovisual-conferencia\/#breadcrumb","itemListElement":[{"@type":"ListItem","position":1,"name":"EIKONOS","item":"https:\/\/eikonos.com\/ca\/inici\/"},{"@type":"ListItem","position":2,"name":"Cinc formats de contingut audiovisual per a la teva propera confer\u00e8ncia"}]},{"@type":"WebSite","@id":"https:\/\/eikonos.com\/ca\/#website","url":"https:\/\/eikonos.com\/ca\/","name":"EIKONOS","description":"EXPERIENCIA AUDIOVISUAL","publisher":{"@id":"https:\/\/eikonos.com\/ca\/#organization"},"potentialAction":[{"@type":"SearchAction","target":{"@type":"EntryPoint","urlTemplate":"https:\/\/eikonos.com\/ca\/?s={search_term_string}"},"query-input":{"@type":"PropertyValueSpecification","valueRequired":true,"valueName":"search_term_string"}}],"inLanguage":"ca"},{"@type":"Organization","@id":"https:\/\/eikonos.com\/ca\/#organization","name":"EIKONOS | Servicios Audiovisuales, eventos y alquiler de equipos","url":"https:\/\/eikonos.com\/ca\/","logo":{"@type":"ImageObject","inLanguage":"ca","@id":"https:\/\/eikonos.com\/ca\/#\/schema\/logo\/image\/","url":"https:\/\/eikonos.com\/wp-content\/uploads\/2020\/08\/logo-color.png","contentUrl":"https:\/\/eikonos.com\/wp-content\/uploads\/2020\/08\/logo-color.png","width":376,"height":122,"caption":"EIKONOS | Servicios Audiovisuales, eventos y alquiler de equipos"},"image":{"@id":"https:\/\/eikonos.com\/ca\/#\/schema\/logo\/image\/"},"sameAs":["http:\/\/www.facebook.com\/pages\/Eikonos\/176324785746790","https:\/\/x.com\/eikonos_sa","http:\/\/www.linkedin.com\/company\/eikonos","http:\/\/www.youtube.com\/channel\/UC8wcizWaAYbfsuqVf9wIT6w"]},{"@type":"Person","@id":"https:\/\/eikonos.com\/ca\/#\/schema\/person\/82032860cc314d826959b90595a5280a","name":"Xavi Eikonos","image":{"@type":"ImageObject","inLanguage":"ca","@id":"https:\/\/eikonos.com\/ca\/#\/schema\/person\/image\/","url":"https:\/\/secure.gravatar.com\/avatar\/a6c6b51dd0ac6902701aab24a914f6febe1518f94a5ae06db08b3d6107248dfd?s=96&d=mm&r=g","contentUrl":"https:\/\/secure.gravatar.com\/avatar\/a6c6b51dd0ac6902701aab24a914f6febe1518f94a5ae06db08b3d6107248dfd?s=96&d=mm&r=g","caption":"Xavi Eikonos"}}]}},"_links":{"self":[{"href":"https:\/\/eikonos.com\/ca\/wp-json\/wp\/v2\/posts\/5833","targetHints":{"allow":["GET"]}}],"collection":[{"href":"https:\/\/eikonos.com\/ca\/wp-json\/wp\/v2\/posts"}],"about":[{"href":"https:\/\/eikonos.com\/ca\/wp-json\/wp\/v2\/types\/post"}],"author":[{"embeddable":true,"href":"https:\/\/eikonos.com\/ca\/wp-json\/wp\/v2\/users\/6"}],"replies":[{"embeddable":true,"href":"https:\/\/eikonos.com\/ca\/wp-json\/wp\/v2\/comments?post=5833"}],"version-history":[{"count":0,"href":"https:\/\/eikonos.com\/ca\/wp-json\/wp\/v2\/posts\/5833\/revisions"}],"wp:featuredmedia":[{"embeddable":true,"href":"https:\/\/eikonos.com\/ca\/wp-json\/wp\/v2\/media\/5817"}],"wp:attachment":[{"href":"https:\/\/eikonos.com\/ca\/wp-json\/wp\/v2\/media?parent=5833"}],"wp:term":[{"taxonomy":"category","embeddable":true,"href":"https:\/\/eikonos.com\/ca\/wp-json\/wp\/v2\/categories?post=5833"},{"taxonomy":"post_tag","embeddable":true,"href":"https:\/\/eikonos.com\/ca\/wp-json\/wp\/v2\/tags?post=5833"}],"curies":[{"name":"wp","href":"https:\/\/api.w.org\/{rel}","templated":true}]}}