{"id":5824,"date":"2018-08-21T12:56:39","date_gmt":"2018-08-21T10:56:39","guid":{"rendered":"https:\/\/eikonos.com\/?p=5824"},"modified":"2018-08-21T12:56:39","modified_gmt":"2018-08-21T10:56:39","slug":"encertar-lloguer-projectors-esdeveniments-professionals","status":"publish","type":"post","link":"https:\/\/eikonos.com\/ca\/blog\/encertar-lloguer-projectors-esdeveniments-professionals\/","title":{"rendered":"Com encertar en el lloguer de projectors per a esdeveniments professionals"},"content":{"rendered":"<p>El poder de la imatge \u00e9s inq\u00fcestionable i pocs s\u2019atreveixen a realitzar una important presentaci\u00f3 en p\u00fablic sense la seva ajuda. La imatge aporta valor, enriqueix el contingut, suporta la nostra paraula i atreu l\u2019atenci\u00f3 del p\u00fablic.<\/p>\n<p>En els esdeveniments, les eines audiovisuals s\u00f3n protagonistes i cada vegada les empreses dediquen m\u00e9s recursos i esfor\u00e7os per <a href=\"https:\/\/eikonos.com\/blog\/recursos-creativos-para-sorprender-al-publico-en-eventos-audiovisuales\/\">captar l\u2019atenci\u00f3 dels visitants<\/a>: amb timelapse, solucions interactives, mapping, realitat augmentada&#8230; Per\u00f2 no ens podem oblidar dels \u201cb\u00e0sics\u201d.<\/p>\n<p>Una pantalla de plasma o un projector s\u00f3n imprescindibles per al dia a dia a m\u00e9s de salvar molts imprevistos si falla alguna cosa en l\u2019espai a on anirem a parlar. Si el teu \u00e9s tenir sempre l\u2019\u00faltima tecnologia, <a href=\"https:\/\/eikonos.com\/ca\/portfolio_page\/projectors\/\">llogar un projector per a esdeveniments<\/a> \u00e9s el que necessites.<\/p>\n<p>En els \u00faltims anys, els projectors han evolucionat considerablement i trobem una \u00e0mplia gamma que fa m\u00e9s f\u00e0cil qualsevol esdeveniment per\u00f2 que ens complica la feina de decidir-nos per un model concret.<\/p>\n<p>A continuaci\u00f3, us deixem una llista d\u2019aspectes importants a tenir en compte que us ajudaran a triar un bon projector per al vostre proper esdeveniment audiovisual.<\/p>\n<p>&nbsp;<\/p>\n<h2><span style=\"color: #ff0000;\">Com encertar amb el lloguer de projectors per a esdeveniments: factors a considerar\u00a0<\/span><\/h2>\n<h3><\/h3>\n<p>&nbsp;<\/p>\n<h3><span style=\"color: #ff0000;\"><strong>Grand\u00e0ria de la projecci\u00f3 i dist\u00e0ncia<\/strong><\/span><\/h3>\n<p>Hem de tenir clar a on anem a fer la presentaci\u00f3, la dimensi\u00f3 de la sala i a qu\u00e8 ens enfrontem. D\u2019aix\u00f2 dependr\u00e0 la pot\u00e8ncia del nostre equip i la nitidesa de la imatge. No tots els projectors per a esdeveniments s\u00f3n v\u00e0lids per a qualsevol dist\u00e0ncia o mida de pantalla.<\/p>\n<h3><\/h3>\n<p>&nbsp;<\/p>\n<h3><strong><span style=\"color: #ff0000;\">Resoluci\u00f3<\/span><\/strong><\/h3>\n<p>La resoluci\u00f3 d\u2019un projector determina la relaci\u00f3 d\u2019aspecte i la definici\u00f3 de la imatge. <strong>Depenent de l\u2019\u00fas que se li vagi a donar i de la mida de la pantalla<\/strong>, no necessitarem rec\u00f3rrer a resolucions m\u00e9s altres, com Full HD o 4k. <em>A nivell de relaci\u00f3 d\u2019aspecte, dif\u00edcilment recorrerem a projeccions 4\/3; l\u2019est\u00e0ndard actual \u00e9s el de 16\/9<\/em>.<\/p>\n<p>Els rangs de pot\u00e8ncia s\u00f3n molt amplis, aix\u00ed com els tipus d\u2019\u00f2ptica per adaptar-nos a les diferents grand\u00e0ries de projecci\u00f3 o les diferents dist\u00e0ncies en les quals ens podem veure for\u00e7ats a treballar.<\/p>\n<blockquote>\n<p style=\"text-align: center;\"><span style=\"color: #ff0000;\">\u00a0\u201cDes de 1.000 a 40.000 l\u00famens de pot\u00e8ncia lum\u00ednica o de 40 cent\u00edmetres a 30 metres de dist\u00e0ncia de projecci\u00f3 el ventall d\u2019equips ha de ser ampli per cobrir totes les variables\u201d.<\/span><\/p>\n<\/blockquote>\n<h3><\/h3>\n<p>&nbsp;<\/p>\n<h3><strong><span style=\"color: #ff0000;\">Il\u00b7luminaci\u00f3 de l\u2019espai<\/span><\/strong><\/h3>\n<p>L\u2019ambient lum\u00ednic de l\u2019espai \u00e9s crucial per valorar l\u2019\u00fas de la projecci\u00f3 o fins i tot descartar-ho. Concretament valorarem la llum que incideix de forma directa sobre la pantalla.<\/p>\n<p>Un dels factors que determinen la qualitat de la imatge \u00e9s el contrast, \u00e9s a dir, la relaci\u00f3 entre la pres\u00e8ncia de llum i l\u2019abs\u00e8ncia de la mateixa. Si la nostra pantalla no est\u00e0 prou fosca en abs\u00e8ncia de projecci\u00f3, no tindrem els \u201cnegres\u201d que contrastin i ens perfilin la imatge projectada. Encara que utilitzem un projector s\u00faper potent en certes circumst\u00e0ncies, la projecci\u00f3 no \u00e9s la soluci\u00f3.<\/p>\n<p>&nbsp;<\/p>\n<p><img loading=\"lazy\" decoding=\"async\" class=\"aligncenter wp-image-5808 size-full\" title=\"Lloguer de projectors EIKONOS\" src=\"https:\/\/eikonos.com\/wp-content\/uploads\/2018\/10\/proyectores-eventos-eikonos-1.jpg\" alt=\"Lloguer de projectors EIKONOS\" width=\"724\" height=\"432\" srcset=\"https:\/\/eikonos.com\/wp-content\/uploads\/2018\/10\/proyectores-eventos-eikonos-1.jpg 724w, https:\/\/eikonos.com\/wp-content\/uploads\/2018\/10\/proyectores-eventos-eikonos-1-300x179.jpg 300w\" sizes=\"auto, (max-width: 724px) 100vw, 724px\" \/><\/p>\n<p>&nbsp;<\/p>\n<p>D\u2019altra banda, <strong>podem determinar la pot\u00e8ncia de la llum necess\u00e0ria tenint en compte la superf\u00edcie a cobrir i el nivell de penombra o foscor a la sala<\/strong>. Per a un cinema, per exemple, encara que la pantalla pot ser molt gran, la sala est\u00e0 molt fosca pel que utilitzarem menys pot\u00e8ncia que per a una pantalla equivalent en una sala de reunions on la llum ambiental \u00e9s molt superior.<\/p>\n<h3><\/h3>\n<p>&nbsp;<\/p>\n<h3><strong><span style=\"color: #ff0000;\">Soroll de fons<\/span><\/strong><\/h3>\n<p>Els projectors de m\u00e9s pot\u00e8ncia solen produir m\u00e9s <strong>soroll de fons a causa dels sistemes de ventilaci\u00f3 que precisen<\/strong>. En aquests casos, cal valorar el seu \u00fas si no \u00e9s que els podem situar lluny del p\u00fablic o a\u00efllar-los per evitar les mol\u00e8sties a la nostra audi\u00e8ncia. De totes maneres, la millora de la tecnologia i l\u2019\u00fas de <strong>noves fonts de llum com el l\u00e0ser<\/strong> permeten fabricar equips cada vegada m\u00e9s silenciosos.<\/p>\n<h3><\/h3>\n<p>&nbsp;<\/p>\n<h3><strong><span style=\"color: #ff0000;\">\u00das intensiu ocasional<\/span><\/strong><\/h3>\n<p>Un altre dels factors a l\u2019hora de lloguer un projector per a esdeveniments s\u00f3n les <strong>hores d\u2019\u00fas<\/strong> que li anem a donar.<\/p>\n<p>Els projectors tenen un <strong>element principal fungible: el llum<\/strong>. Si l\u2019equip s\u2019anir\u00e0 a utilitzar espor\u00e0dicament, la relaci\u00f3 qualitat-preu dels llums d\u2019incandesc\u00e8ncia \u00e9s la m\u00e9s adequada. No obstant aix\u00f2, en cas d\u2019\u00fas intensiu diari, la soluci\u00f3 s\u00f3n els projectors amb tecnologia l\u00e0ser amb durabilitat de fins a 30.000 hores.<\/p>\n<p>&nbsp;<\/p>\n<p>Des d\u2019Eikonos, com a professionals i especialistes en el sector, oferim al client les millors prestacions en funci\u00f3 de les diferents necessitats del seu esdeveniment. Per aix\u00f2 ens encarreguem de decidir quin \u00e9s el lloguer de projectors per a esdeveniments ideal per a la teva empresa, escollint el model adequat dins de la nostra gamma de productes.<\/p>\n<p>Necessites m\u00e9s informaci\u00f3? <strong><em>Parlem del nostre servei de <a href=\"https:\/\/eikonos.com\/ca\/serveis\/lloguer-equips\/\">lloguer d\u2019equips<\/a>!<\/em><\/strong><\/p>\n<p><a href=\"https:\/\/eikonos.com\/ca\/serveis\/lloguer-equips\/\"><img loading=\"lazy\" decoding=\"async\" class=\"aligncenter wp-image-4119 size-full\" title=\"Lloguer d'equips\" src=\"https:\/\/eikonos.com\/wp-content\/uploads\/2017\/05\/eikonos-cta-equips-audiovisuals-de-lloguer.png\" alt=\"Lloguer d'equips\" width=\"741\" height=\"250\" srcset=\"https:\/\/eikonos.com\/wp-content\/uploads\/2017\/05\/eikonos-cta-equips-audiovisuals-de-lloguer.png 741w, https:\/\/eikonos.com\/wp-content\/uploads\/2017\/05\/eikonos-cta-equips-audiovisuals-de-lloguer-300x101.png 300w\" sizes=\"auto, (max-width: 741px) 100vw, 741px\" \/><\/a><\/p>\n","protected":false},"excerpt":{"rendered":"<p>El poder de la imatge \u00e9s inq\u00fcestionable i pocs s\u2019atreveixen a realitzar una important presentaci\u00f3&#8230;<\/p>\n","protected":false},"author":6,"featured_media":5793,"comment_status":"open","ping_status":"open","sticky":false,"template":"","format":"standard","meta":{"_acf_changed":false,"footnotes":""},"categories":[262],"tags":[],"class_list":["post-5824","post","type-post","status-publish","format-standard","has-post-thumbnail","hentry","category-lloguer-dequips"],"acf":[],"yoast_head":"<!-- This site is optimized with the Yoast SEO plugin v26.3 - https:\/\/yoast.com\/wordpress\/plugins\/seo\/ -->\n<title>Com encertar amb el lloguer de projectors per professionals | EIKONOS<\/title>\n<meta name=\"description\" content=\"En trobades empresarials i confer\u00e8ncies, l&#039;equip audiovisual resulta essencial, com \u00e9s el cas del lloguer de projectors per a esdeveniments, per\u00f2, saps quins factors s\u00f3n importants a l&#039;hora d&#039;encertar amb un projector? En el blog de EIKONOS t&#039;ho comentem!\" \/>\n<meta name=\"robots\" content=\"index, follow, max-snippet:-1, max-image-preview:large, max-video-preview:-1\" \/>\n<link rel=\"canonical\" href=\"https:\/\/eikonos.com\/ca\/blog\/encertar-lloguer-projectors-esdeveniments-professionals\/\" \/>\n<meta property=\"og:locale\" content=\"ca_ES\" \/>\n<meta property=\"og:type\" content=\"article\" \/>\n<meta property=\"og:title\" content=\"Com encertar amb el lloguer de projectors per professionals | EIKONOS\" \/>\n<meta property=\"og:description\" content=\"En trobades empresarials i confer\u00e8ncies, l&#039;equip audiovisual resulta essencial, com \u00e9s el cas del lloguer de projectors per a esdeveniments, per\u00f2, saps quins factors s\u00f3n importants a l&#039;hora d&#039;encertar amb un projector? En el blog de EIKONOS t&#039;ho comentem!\" \/>\n<meta property=\"og:url\" content=\"https:\/\/eikonos.com\/ca\/blog\/encertar-lloguer-projectors-esdeveniments-professionals\/\" \/>\n<meta property=\"og:site_name\" content=\"EIKONOS\" \/>\n<meta property=\"article:publisher\" content=\"http:\/\/www.facebook.com\/pages\/Eikonos\/176324785746790\" \/>\n<meta property=\"article:published_time\" content=\"2018-08-21T10:56:39+00:00\" \/>\n<meta property=\"og:image\" content=\"https:\/\/eikonos.com\/wp-content\/uploads\/2018\/09\/alquiler-proyector-eventos-1.jpg\" \/>\n\t<meta property=\"og:image:width\" content=\"724\" \/>\n\t<meta property=\"og:image:height\" content=\"432\" \/>\n\t<meta property=\"og:image:type\" content=\"image\/jpeg\" \/>\n<meta name=\"author\" content=\"Xavi Eikonos\" \/>\n<meta name=\"twitter:card\" content=\"summary_large_image\" \/>\n<meta name=\"twitter:creator\" content=\"@eikonos_sa\" \/>\n<meta name=\"twitter:site\" content=\"@eikonos_sa\" \/>\n<meta name=\"twitter:label1\" content=\"Escrit per\" \/>\n\t<meta name=\"twitter:data1\" content=\"Xavi Eikonos\" \/>\n\t<meta name=\"twitter:label2\" content=\"Temps estimat de lectura\" \/>\n\t<meta name=\"twitter:data2\" content=\"4 minuts\" \/>\n<script type=\"application\/ld+json\" class=\"yoast-schema-graph\">{\"@context\":\"https:\/\/schema.org\",\"@graph\":[{\"@type\":\"Article\",\"@id\":\"https:\/\/eikonos.com\/ca\/blog\/encertar-lloguer-projectors-esdeveniments-professionals\/#article\",\"isPartOf\":{\"@id\":\"https:\/\/eikonos.com\/ca\/blog\/encertar-lloguer-projectors-esdeveniments-professionals\/\"},\"author\":{\"name\":\"Xavi Eikonos\",\"@id\":\"https:\/\/eikonos.com\/ca\/#\/schema\/person\/82032860cc314d826959b90595a5280a\"},\"headline\":\"Com encertar en el lloguer de projectors per a esdeveniments professionals\",\"datePublished\":\"2018-08-21T10:56:39+00:00\",\"mainEntityOfPage\":{\"@id\":\"https:\/\/eikonos.com\/ca\/blog\/encertar-lloguer-projectors-esdeveniments-professionals\/\"},\"wordCount\":859,\"commentCount\":0,\"publisher\":{\"@id\":\"https:\/\/eikonos.com\/ca\/#organization\"},\"image\":{\"@id\":\"https:\/\/eikonos.com\/ca\/blog\/encertar-lloguer-projectors-esdeveniments-professionals\/#primaryimage\"},\"thumbnailUrl\":\"https:\/\/eikonos.com\/wp-content\/uploads\/2018\/09\/alquiler-proyector-eventos-1.jpg\",\"articleSection\":[\"Lloguer d'equips\"],\"inLanguage\":\"ca\",\"potentialAction\":[{\"@type\":\"CommentAction\",\"name\":\"Comment\",\"target\":[\"https:\/\/eikonos.com\/ca\/blog\/encertar-lloguer-projectors-esdeveniments-professionals\/#respond\"]}]},{\"@type\":\"WebPage\",\"@id\":\"https:\/\/eikonos.com\/ca\/blog\/encertar-lloguer-projectors-esdeveniments-professionals\/\",\"url\":\"https:\/\/eikonos.com\/ca\/blog\/encertar-lloguer-projectors-esdeveniments-professionals\/\",\"name\":\"Com encertar amb el lloguer de projectors per professionals | EIKONOS\",\"isPartOf\":{\"@id\":\"https:\/\/eikonos.com\/ca\/#website\"},\"primaryImageOfPage\":{\"@id\":\"https:\/\/eikonos.com\/ca\/blog\/encertar-lloguer-projectors-esdeveniments-professionals\/#primaryimage\"},\"image\":{\"@id\":\"https:\/\/eikonos.com\/ca\/blog\/encertar-lloguer-projectors-esdeveniments-professionals\/#primaryimage\"},\"thumbnailUrl\":\"https:\/\/eikonos.com\/wp-content\/uploads\/2018\/09\/alquiler-proyector-eventos-1.jpg\",\"datePublished\":\"2018-08-21T10:56:39+00:00\",\"description\":\"En trobades empresarials i confer\u00e8ncies, l'equip audiovisual resulta essencial, com \u00e9s el cas del lloguer de projectors per a esdeveniments, per\u00f2, saps quins factors s\u00f3n importants a l'hora d'encertar amb un projector? En el blog de EIKONOS t'ho comentem!\",\"breadcrumb\":{\"@id\":\"https:\/\/eikonos.com\/ca\/blog\/encertar-lloguer-projectors-esdeveniments-professionals\/#breadcrumb\"},\"inLanguage\":\"ca\",\"potentialAction\":[{\"@type\":\"ReadAction\",\"target\":[\"https:\/\/eikonos.com\/ca\/blog\/encertar-lloguer-projectors-esdeveniments-professionals\/\"]}]},{\"@type\":\"ImageObject\",\"inLanguage\":\"ca\",\"@id\":\"https:\/\/eikonos.com\/ca\/blog\/encertar-lloguer-projectors-esdeveniments-professionals\/#primaryimage\",\"url\":\"https:\/\/eikonos.com\/wp-content\/uploads\/2018\/09\/alquiler-proyector-eventos-1.jpg\",\"contentUrl\":\"https:\/\/eikonos.com\/wp-content\/uploads\/2018\/09\/alquiler-proyector-eventos-1.jpg\",\"width\":724,\"height\":432,\"caption\":\"Alquilar proyector para eventos\"},{\"@type\":\"BreadcrumbList\",\"@id\":\"https:\/\/eikonos.com\/ca\/blog\/encertar-lloguer-projectors-esdeveniments-professionals\/#breadcrumb\",\"itemListElement\":[{\"@type\":\"ListItem\",\"position\":1,\"name\":\"EIKONOS\",\"item\":\"https:\/\/eikonos.com\/ca\/inici\/\"},{\"@type\":\"ListItem\",\"position\":2,\"name\":\"Com encertar en el lloguer de projectors per a esdeveniments professionals\"}]},{\"@type\":\"WebSite\",\"@id\":\"https:\/\/eikonos.com\/ca\/#website\",\"url\":\"https:\/\/eikonos.com\/ca\/\",\"name\":\"EIKONOS\",\"description\":\"EXPERIENCIA AUDIOVISUAL\",\"publisher\":{\"@id\":\"https:\/\/eikonos.com\/ca\/#organization\"},\"potentialAction\":[{\"@type\":\"SearchAction\",\"target\":{\"@type\":\"EntryPoint\",\"urlTemplate\":\"https:\/\/eikonos.com\/ca\/?s={search_term_string}\"},\"query-input\":{\"@type\":\"PropertyValueSpecification\",\"valueRequired\":true,\"valueName\":\"search_term_string\"}}],\"inLanguage\":\"ca\"},{\"@type\":\"Organization\",\"@id\":\"https:\/\/eikonos.com\/ca\/#organization\",\"name\":\"EIKONOS | Servicios Audiovisuales, eventos y alquiler de equipos\",\"url\":\"https:\/\/eikonos.com\/ca\/\",\"logo\":{\"@type\":\"ImageObject\",\"inLanguage\":\"ca\",\"@id\":\"https:\/\/eikonos.com\/ca\/#\/schema\/logo\/image\/\",\"url\":\"https:\/\/eikonos.com\/wp-content\/uploads\/2020\/08\/logo-color.png\",\"contentUrl\":\"https:\/\/eikonos.com\/wp-content\/uploads\/2020\/08\/logo-color.png\",\"width\":376,\"height\":122,\"caption\":\"EIKONOS | Servicios Audiovisuales, eventos y alquiler de equipos\"},\"image\":{\"@id\":\"https:\/\/eikonos.com\/ca\/#\/schema\/logo\/image\/\"},\"sameAs\":[\"http:\/\/www.facebook.com\/pages\/Eikonos\/176324785746790\",\"https:\/\/x.com\/eikonos_sa\",\"http:\/\/www.linkedin.com\/company\/eikonos\",\"http:\/\/www.youtube.com\/channel\/UC8wcizWaAYbfsuqVf9wIT6w\"]},{\"@type\":\"Person\",\"@id\":\"https:\/\/eikonos.com\/ca\/#\/schema\/person\/82032860cc314d826959b90595a5280a\",\"name\":\"Xavi Eikonos\",\"image\":{\"@type\":\"ImageObject\",\"inLanguage\":\"ca\",\"@id\":\"https:\/\/eikonos.com\/ca\/#\/schema\/person\/image\/\",\"url\":\"https:\/\/secure.gravatar.com\/avatar\/a6c6b51dd0ac6902701aab24a914f6febe1518f94a5ae06db08b3d6107248dfd?s=96&d=mm&r=g\",\"contentUrl\":\"https:\/\/secure.gravatar.com\/avatar\/a6c6b51dd0ac6902701aab24a914f6febe1518f94a5ae06db08b3d6107248dfd?s=96&d=mm&r=g\",\"caption\":\"Xavi Eikonos\"}}]}<\/script>\n<!-- \/ Yoast SEO plugin. -->","yoast_head_json":{"title":"Com encertar amb el lloguer de projectors per professionals | EIKONOS","description":"En trobades empresarials i confer\u00e8ncies, l'equip audiovisual resulta essencial, com \u00e9s el cas del lloguer de projectors per a esdeveniments, per\u00f2, saps quins factors s\u00f3n importants a l'hora d'encertar amb un projector? En el blog de EIKONOS t'ho comentem!","robots":{"index":"index","follow":"follow","max-snippet":"max-snippet:-1","max-image-preview":"max-image-preview:large","max-video-preview":"max-video-preview:-1"},"canonical":"https:\/\/eikonos.com\/ca\/blog\/encertar-lloguer-projectors-esdeveniments-professionals\/","og_locale":"ca_ES","og_type":"article","og_title":"Com encertar amb el lloguer de projectors per professionals | EIKONOS","og_description":"En trobades empresarials i confer\u00e8ncies, l'equip audiovisual resulta essencial, com \u00e9s el cas del lloguer de projectors per a esdeveniments, per\u00f2, saps quins factors s\u00f3n importants a l'hora d'encertar amb un projector? En el blog de EIKONOS t'ho comentem!","og_url":"https:\/\/eikonos.com\/ca\/blog\/encertar-lloguer-projectors-esdeveniments-professionals\/","og_site_name":"EIKONOS","article_publisher":"http:\/\/www.facebook.com\/pages\/Eikonos\/176324785746790","article_published_time":"2018-08-21T10:56:39+00:00","og_image":[{"width":724,"height":432,"url":"https:\/\/eikonos.com\/wp-content\/uploads\/2018\/09\/alquiler-proyector-eventos-1.jpg","type":"image\/jpeg"}],"author":"Xavi Eikonos","twitter_card":"summary_large_image","twitter_creator":"@eikonos_sa","twitter_site":"@eikonos_sa","twitter_misc":{"Escrit per":"Xavi Eikonos","Temps estimat de lectura":"4 minuts"},"schema":{"@context":"https:\/\/schema.org","@graph":[{"@type":"Article","@id":"https:\/\/eikonos.com\/ca\/blog\/encertar-lloguer-projectors-esdeveniments-professionals\/#article","isPartOf":{"@id":"https:\/\/eikonos.com\/ca\/blog\/encertar-lloguer-projectors-esdeveniments-professionals\/"},"author":{"name":"Xavi Eikonos","@id":"https:\/\/eikonos.com\/ca\/#\/schema\/person\/82032860cc314d826959b90595a5280a"},"headline":"Com encertar en el lloguer de projectors per a esdeveniments professionals","datePublished":"2018-08-21T10:56:39+00:00","mainEntityOfPage":{"@id":"https:\/\/eikonos.com\/ca\/blog\/encertar-lloguer-projectors-esdeveniments-professionals\/"},"wordCount":859,"commentCount":0,"publisher":{"@id":"https:\/\/eikonos.com\/ca\/#organization"},"image":{"@id":"https:\/\/eikonos.com\/ca\/blog\/encertar-lloguer-projectors-esdeveniments-professionals\/#primaryimage"},"thumbnailUrl":"https:\/\/eikonos.com\/wp-content\/uploads\/2018\/09\/alquiler-proyector-eventos-1.jpg","articleSection":["Lloguer d'equips"],"inLanguage":"ca","potentialAction":[{"@type":"CommentAction","name":"Comment","target":["https:\/\/eikonos.com\/ca\/blog\/encertar-lloguer-projectors-esdeveniments-professionals\/#respond"]}]},{"@type":"WebPage","@id":"https:\/\/eikonos.com\/ca\/blog\/encertar-lloguer-projectors-esdeveniments-professionals\/","url":"https:\/\/eikonos.com\/ca\/blog\/encertar-lloguer-projectors-esdeveniments-professionals\/","name":"Com encertar amb el lloguer de projectors per professionals | EIKONOS","isPartOf":{"@id":"https:\/\/eikonos.com\/ca\/#website"},"primaryImageOfPage":{"@id":"https:\/\/eikonos.com\/ca\/blog\/encertar-lloguer-projectors-esdeveniments-professionals\/#primaryimage"},"image":{"@id":"https:\/\/eikonos.com\/ca\/blog\/encertar-lloguer-projectors-esdeveniments-professionals\/#primaryimage"},"thumbnailUrl":"https:\/\/eikonos.com\/wp-content\/uploads\/2018\/09\/alquiler-proyector-eventos-1.jpg","datePublished":"2018-08-21T10:56:39+00:00","description":"En trobades empresarials i confer\u00e8ncies, l'equip audiovisual resulta essencial, com \u00e9s el cas del lloguer de projectors per a esdeveniments, per\u00f2, saps quins factors s\u00f3n importants a l'hora d'encertar amb un projector? En el blog de EIKONOS t'ho comentem!","breadcrumb":{"@id":"https:\/\/eikonos.com\/ca\/blog\/encertar-lloguer-projectors-esdeveniments-professionals\/#breadcrumb"},"inLanguage":"ca","potentialAction":[{"@type":"ReadAction","target":["https:\/\/eikonos.com\/ca\/blog\/encertar-lloguer-projectors-esdeveniments-professionals\/"]}]},{"@type":"ImageObject","inLanguage":"ca","@id":"https:\/\/eikonos.com\/ca\/blog\/encertar-lloguer-projectors-esdeveniments-professionals\/#primaryimage","url":"https:\/\/eikonos.com\/wp-content\/uploads\/2018\/09\/alquiler-proyector-eventos-1.jpg","contentUrl":"https:\/\/eikonos.com\/wp-content\/uploads\/2018\/09\/alquiler-proyector-eventos-1.jpg","width":724,"height":432,"caption":"Alquilar proyector para eventos"},{"@type":"BreadcrumbList","@id":"https:\/\/eikonos.com\/ca\/blog\/encertar-lloguer-projectors-esdeveniments-professionals\/#breadcrumb","itemListElement":[{"@type":"ListItem","position":1,"name":"EIKONOS","item":"https:\/\/eikonos.com\/ca\/inici\/"},{"@type":"ListItem","position":2,"name":"Com encertar en el lloguer de projectors per a esdeveniments professionals"}]},{"@type":"WebSite","@id":"https:\/\/eikonos.com\/ca\/#website","url":"https:\/\/eikonos.com\/ca\/","name":"EIKONOS","description":"EXPERIENCIA AUDIOVISUAL","publisher":{"@id":"https:\/\/eikonos.com\/ca\/#organization"},"potentialAction":[{"@type":"SearchAction","target":{"@type":"EntryPoint","urlTemplate":"https:\/\/eikonos.com\/ca\/?s={search_term_string}"},"query-input":{"@type":"PropertyValueSpecification","valueRequired":true,"valueName":"search_term_string"}}],"inLanguage":"ca"},{"@type":"Organization","@id":"https:\/\/eikonos.com\/ca\/#organization","name":"EIKONOS | Servicios Audiovisuales, eventos y alquiler de equipos","url":"https:\/\/eikonos.com\/ca\/","logo":{"@type":"ImageObject","inLanguage":"ca","@id":"https:\/\/eikonos.com\/ca\/#\/schema\/logo\/image\/","url":"https:\/\/eikonos.com\/wp-content\/uploads\/2020\/08\/logo-color.png","contentUrl":"https:\/\/eikonos.com\/wp-content\/uploads\/2020\/08\/logo-color.png","width":376,"height":122,"caption":"EIKONOS | Servicios Audiovisuales, eventos y alquiler de equipos"},"image":{"@id":"https:\/\/eikonos.com\/ca\/#\/schema\/logo\/image\/"},"sameAs":["http:\/\/www.facebook.com\/pages\/Eikonos\/176324785746790","https:\/\/x.com\/eikonos_sa","http:\/\/www.linkedin.com\/company\/eikonos","http:\/\/www.youtube.com\/channel\/UC8wcizWaAYbfsuqVf9wIT6w"]},{"@type":"Person","@id":"https:\/\/eikonos.com\/ca\/#\/schema\/person\/82032860cc314d826959b90595a5280a","name":"Xavi Eikonos","image":{"@type":"ImageObject","inLanguage":"ca","@id":"https:\/\/eikonos.com\/ca\/#\/schema\/person\/image\/","url":"https:\/\/secure.gravatar.com\/avatar\/a6c6b51dd0ac6902701aab24a914f6febe1518f94a5ae06db08b3d6107248dfd?s=96&d=mm&r=g","contentUrl":"https:\/\/secure.gravatar.com\/avatar\/a6c6b51dd0ac6902701aab24a914f6febe1518f94a5ae06db08b3d6107248dfd?s=96&d=mm&r=g","caption":"Xavi Eikonos"}}]}},"_links":{"self":[{"href":"https:\/\/eikonos.com\/ca\/wp-json\/wp\/v2\/posts\/5824","targetHints":{"allow":["GET"]}}],"collection":[{"href":"https:\/\/eikonos.com\/ca\/wp-json\/wp\/v2\/posts"}],"about":[{"href":"https:\/\/eikonos.com\/ca\/wp-json\/wp\/v2\/types\/post"}],"author":[{"embeddable":true,"href":"https:\/\/eikonos.com\/ca\/wp-json\/wp\/v2\/users\/6"}],"replies":[{"embeddable":true,"href":"https:\/\/eikonos.com\/ca\/wp-json\/wp\/v2\/comments?post=5824"}],"version-history":[{"count":0,"href":"https:\/\/eikonos.com\/ca\/wp-json\/wp\/v2\/posts\/5824\/revisions"}],"wp:featuredmedia":[{"embeddable":true,"href":"https:\/\/eikonos.com\/ca\/wp-json\/wp\/v2\/media\/5793"}],"wp:attachment":[{"href":"https:\/\/eikonos.com\/ca\/wp-json\/wp\/v2\/media?parent=5824"}],"wp:term":[{"taxonomy":"category","embeddable":true,"href":"https:\/\/eikonos.com\/ca\/wp-json\/wp\/v2\/categories?post=5824"},{"taxonomy":"post_tag","embeddable":true,"href":"https:\/\/eikonos.com\/ca\/wp-json\/wp\/v2\/tags?post=5824"}],"curies":[{"name":"wp","href":"https:\/\/api.w.org\/{rel}","templated":true}]}}