{"id":5800,"date":"2014-12-30T16:21:50","date_gmt":"2014-12-30T15:21:50","guid":{"rendered":"https:\/\/eikonos.com\/?p=5800"},"modified":"2014-12-30T16:21:50","modified_gmt":"2014-12-30T15:21:50","slug":"triar-projector-esdeveniment-audiovisual","status":"publish","type":"post","link":"https:\/\/eikonos.com\/ca\/blog\/triar-projector-esdeveniment-audiovisual\/","title":{"rendered":"Com triar el millor projector per al teu esdeveniment audiovisual"},"content":{"rendered":"<p>Els projectors han evolucionat molt\u00edssim des dels seus inicis, quan l\u2019\u00fanica forma de categoritzar-los era pel seu pes. No obstant aix\u00f2, actualment <strong>hi ha multitud de tipus de projectors diferents que si b\u00e9 augmenten les possibilitats de qualsevol esdeveniment audiovisual, tamb\u00e9 dificulta en certa manera l\u2019elecci\u00f3 de cada equip<\/strong>.<\/p>\n<p>Distingim varies categories en funci\u00f3 de l\u2019\u00fas previst (per presentacions de negoci, cinema a casa, jugar a videojocs, esdeveniments audiovisuals); de la tecnologia que utilitzen (LCD, DLP, LCOS); de la dist\u00e0ncia que necessiten de la pantalla&#8230; Per trobar el millor <a href=\"https:\/\/eikonos.com\/ca\/portfolio_page\/projectors\/\">projector de lloguer per a esdeveniments audiovisuals<\/a>, aquestes s\u00f3n algunes de les preguntes que podem respondre i aix\u00ed <strong>trobar un projector amb les caracter\u00edstiques adequades i el rendiment necessari per les nostres necessitats<\/strong>.<\/p>\n<p>&nbsp;<\/p>\n<p><strong><span style=\"color: #ff0000;\">Quin tipus d\u2019imatges es projectaran en l\u2019esdeveniment?<\/span><\/strong><\/p>\n<p>Hi ha b\u00e0sicament quatre tipus d\u2019imatges que es poden mostrar en un projector: dades, v\u00eddeo, fotos i jocs. La majoria dels projectors es venen com a projectors per a empreses, que transmeten dades i, per altra banda, projectors d\u2019entreteniment.<\/p>\n<p>Els projectors professionals poden transmetre perfectament dades, informaci\u00f3, presentacions, fulls de c\u00e0lcul, arxius en pdf&#8230; En canvi, els d\u2019entreteniment estan m\u00e9s centrats en la imatge i el v\u00eddeo.<\/p>\n<p>&nbsp;<\/p>\n<p><strong><span style=\"color: #ff0000;\">Ha de ser molt portable?<\/span><\/strong><\/p>\n<p>Podem trobar projectors de diferent pes y grand\u00e0ria, petits i lleugers que caben en una butxaca, fins a grans i pesats per a instal\u00b7lacions permanents.<\/p>\n<p>Si volem un projector per portar a reunions de negocis per a presentacions, un projector de videojocs per portar a casa d\u2019un amic o, un projector de cinema a casa que es pugui guardar quan no s\u2019estigui utilitzant, necessitarem escollir una grand\u00e0ria i pes adequats.<\/p>\n<p>&nbsp;<\/p>\n<p><strong><span style=\"color: #ff0000;\">Quina resoluci\u00f3 necessita?<\/span><\/strong><\/p>\n<p>L\u2019ideal seria fer coincidir la resoluci\u00f3 nativa del projector amb la resoluci\u00f3 que anem a utilitzar amb m\u00e9s freq\u00fc\u00e8ncia. Els projectors poden escalar imatges per sobre o per sota de les seves resolucions natives, per\u00f2 la qualitat de la imatge es veu perjudicada.<\/p>\n<p>&nbsp;<\/p>\n<p><strong><span style=\"color: #ff0000;\">Quin format de pantalla necessita?<\/span><\/strong><\/p>\n<p>Per al v\u00eddeo i els jocs \u00e9s gaireb\u00e9 segur que necessitarem un format de pantalla ampla. Incl\u00fas per projectors de dades, resolucions natives de pantalla ampla s\u2019han tornat comuns. Si creem les nostres publicacions en un port\u00e0til de pantalla ampla o monitor, haur\u00edem d\u2019intentar tamb\u00e9 aconseguir una projecci\u00f3 en format panor\u00e0mic tamb\u00e9, per tal de distorsionar el m\u00ednim possible la qualitat de la imatge.<\/p>\n","protected":false},"excerpt":{"rendered":"<p>Els projectors han evolucionat molt\u00edssim des dels seus inicis, quan l\u2019\u00fanica forma de categoritzar-los era&#8230;<\/p>\n","protected":false},"author":6,"featured_media":5801,"comment_status":"open","ping_status":"open","sticky":false,"template":"","format":"standard","meta":{"_acf_changed":false,"footnotes":""},"categories":[260,262],"tags":[],"class_list":["post-5800","post","type-post","status-publish","format-standard","has-post-thumbnail","hentry","category-esdeveniments-audiovisuals","category-lloguer-dequips"],"acf":[],"yoast_head":"<!-- This site is optimized with the Yoast SEO plugin v26.3 - https:\/\/yoast.com\/wordpress\/plugins\/seo\/ -->\n<title>Com triar el millor projector per un esdeveniment audiovisual I EIKONOS<\/title>\n<meta name=\"description\" content=\"Per trobar el millor projector de lloguer per a esdeveniments audiovisuals, aquestes s\u00f3n algunes de les preguntes que podem respondre i aix\u00ed trobar un projector amb les caracter\u00edstiques adequades i el rendiment necessari per les nostres necessitats\" \/>\n<meta name=\"robots\" content=\"index, follow, max-snippet:-1, max-image-preview:large, max-video-preview:-1\" \/>\n<link rel=\"canonical\" href=\"https:\/\/eikonos.com\/ca\/blog\/triar-projector-esdeveniment-audiovisual\/\" \/>\n<meta property=\"og:locale\" content=\"ca_ES\" \/>\n<meta property=\"og:type\" content=\"article\" \/>\n<meta property=\"og:title\" content=\"Com triar el millor projector per un esdeveniment audiovisual I EIKONOS\" \/>\n<meta property=\"og:description\" content=\"Per trobar el millor projector de lloguer per a esdeveniments audiovisuals, aquestes s\u00f3n algunes de les preguntes que podem respondre i aix\u00ed trobar un projector amb les caracter\u00edstiques adequades i el rendiment necessari per les nostres necessitats\" \/>\n<meta property=\"og:url\" content=\"https:\/\/eikonos.com\/ca\/blog\/triar-projector-esdeveniment-audiovisual\/\" \/>\n<meta property=\"og:site_name\" content=\"EIKONOS\" \/>\n<meta property=\"article:publisher\" content=\"http:\/\/www.facebook.com\/pages\/Eikonos\/176324785746790\" \/>\n<meta property=\"article:published_time\" content=\"2014-12-30T15:21:50+00:00\" \/>\n<meta property=\"og:image\" content=\"https:\/\/eikonos.com\/wp-content\/uploads\/2018\/09\/Fotolia_4916343_Subscription_Monthly_M-1.jpg\" \/>\n\t<meta property=\"og:image:width\" content=\"1688\" \/>\n\t<meta property=\"og:image:height\" content=\"1125\" \/>\n\t<meta property=\"og:image:type\" content=\"image\/jpeg\" \/>\n<meta name=\"author\" content=\"Xavi Eikonos\" \/>\n<meta name=\"twitter:card\" content=\"summary_large_image\" \/>\n<meta name=\"twitter:creator\" content=\"@eikonos_sa\" \/>\n<meta name=\"twitter:site\" content=\"@eikonos_sa\" \/>\n<meta name=\"twitter:label1\" content=\"Escrit per\" \/>\n\t<meta name=\"twitter:data1\" content=\"Xavi Eikonos\" \/>\n\t<meta name=\"twitter:label2\" content=\"Temps estimat de lectura\" \/>\n\t<meta name=\"twitter:data2\" content=\"2 minuts\" \/>\n<script type=\"application\/ld+json\" class=\"yoast-schema-graph\">{\"@context\":\"https:\/\/schema.org\",\"@graph\":[{\"@type\":\"Article\",\"@id\":\"https:\/\/eikonos.com\/ca\/blog\/triar-projector-esdeveniment-audiovisual\/#article\",\"isPartOf\":{\"@id\":\"https:\/\/eikonos.com\/ca\/blog\/triar-projector-esdeveniment-audiovisual\/\"},\"author\":{\"name\":\"Xavi Eikonos\",\"@id\":\"https:\/\/eikonos.com\/ca\/#\/schema\/person\/82032860cc314d826959b90595a5280a\"},\"headline\":\"Com triar el millor projector per al teu esdeveniment audiovisual\",\"datePublished\":\"2014-12-30T15:21:50+00:00\",\"mainEntityOfPage\":{\"@id\":\"https:\/\/eikonos.com\/ca\/blog\/triar-projector-esdeveniment-audiovisual\/\"},\"wordCount\":433,\"commentCount\":0,\"publisher\":{\"@id\":\"https:\/\/eikonos.com\/ca\/#organization\"},\"image\":{\"@id\":\"https:\/\/eikonos.com\/ca\/blog\/triar-projector-esdeveniment-audiovisual\/#primaryimage\"},\"thumbnailUrl\":\"https:\/\/eikonos.com\/wp-content\/uploads\/2018\/09\/Fotolia_4916343_Subscription_Monthly_M-1.jpg\",\"articleSection\":[\"Esdeveniments audiovisuals\",\"Lloguer d'equips\"],\"inLanguage\":\"ca\",\"potentialAction\":[{\"@type\":\"CommentAction\",\"name\":\"Comment\",\"target\":[\"https:\/\/eikonos.com\/ca\/blog\/triar-projector-esdeveniment-audiovisual\/#respond\"]}]},{\"@type\":\"WebPage\",\"@id\":\"https:\/\/eikonos.com\/ca\/blog\/triar-projector-esdeveniment-audiovisual\/\",\"url\":\"https:\/\/eikonos.com\/ca\/blog\/triar-projector-esdeveniment-audiovisual\/\",\"name\":\"Com triar el millor projector per un esdeveniment audiovisual I EIKONOS\",\"isPartOf\":{\"@id\":\"https:\/\/eikonos.com\/ca\/#website\"},\"primaryImageOfPage\":{\"@id\":\"https:\/\/eikonos.com\/ca\/blog\/triar-projector-esdeveniment-audiovisual\/#primaryimage\"},\"image\":{\"@id\":\"https:\/\/eikonos.com\/ca\/blog\/triar-projector-esdeveniment-audiovisual\/#primaryimage\"},\"thumbnailUrl\":\"https:\/\/eikonos.com\/wp-content\/uploads\/2018\/09\/Fotolia_4916343_Subscription_Monthly_M-1.jpg\",\"datePublished\":\"2014-12-30T15:21:50+00:00\",\"description\":\"Per trobar el millor projector de lloguer per a esdeveniments audiovisuals, aquestes s\u00f3n algunes de les preguntes que podem respondre i aix\u00ed trobar un projector amb les caracter\u00edstiques adequades i el rendiment necessari per les nostres necessitats\",\"breadcrumb\":{\"@id\":\"https:\/\/eikonos.com\/ca\/blog\/triar-projector-esdeveniment-audiovisual\/#breadcrumb\"},\"inLanguage\":\"ca\",\"potentialAction\":[{\"@type\":\"ReadAction\",\"target\":[\"https:\/\/eikonos.com\/ca\/blog\/triar-projector-esdeveniment-audiovisual\/\"]}]},{\"@type\":\"ImageObject\",\"inLanguage\":\"ca\",\"@id\":\"https:\/\/eikonos.com\/ca\/blog\/triar-projector-esdeveniment-audiovisual\/#primaryimage\",\"url\":\"https:\/\/eikonos.com\/wp-content\/uploads\/2018\/09\/Fotolia_4916343_Subscription_Monthly_M-1.jpg\",\"contentUrl\":\"https:\/\/eikonos.com\/wp-content\/uploads\/2018\/09\/Fotolia_4916343_Subscription_Monthly_M-1.jpg\",\"width\":1688,\"height\":1125,\"caption\":\"Com triar el millor projector per al teu esdeveniment audiovisual\"},{\"@type\":\"BreadcrumbList\",\"@id\":\"https:\/\/eikonos.com\/ca\/blog\/triar-projector-esdeveniment-audiovisual\/#breadcrumb\",\"itemListElement\":[{\"@type\":\"ListItem\",\"position\":1,\"name\":\"EIKONOS\",\"item\":\"https:\/\/eikonos.com\/ca\/inici\/\"},{\"@type\":\"ListItem\",\"position\":2,\"name\":\"Com triar el millor projector per al teu esdeveniment audiovisual\"}]},{\"@type\":\"WebSite\",\"@id\":\"https:\/\/eikonos.com\/ca\/#website\",\"url\":\"https:\/\/eikonos.com\/ca\/\",\"name\":\"EIKONOS\",\"description\":\"EXPERIENCIA AUDIOVISUAL\",\"publisher\":{\"@id\":\"https:\/\/eikonos.com\/ca\/#organization\"},\"potentialAction\":[{\"@type\":\"SearchAction\",\"target\":{\"@type\":\"EntryPoint\",\"urlTemplate\":\"https:\/\/eikonos.com\/ca\/?s={search_term_string}\"},\"query-input\":{\"@type\":\"PropertyValueSpecification\",\"valueRequired\":true,\"valueName\":\"search_term_string\"}}],\"inLanguage\":\"ca\"},{\"@type\":\"Organization\",\"@id\":\"https:\/\/eikonos.com\/ca\/#organization\",\"name\":\"EIKONOS | Servicios Audiovisuales, eventos y alquiler de equipos\",\"url\":\"https:\/\/eikonos.com\/ca\/\",\"logo\":{\"@type\":\"ImageObject\",\"inLanguage\":\"ca\",\"@id\":\"https:\/\/eikonos.com\/ca\/#\/schema\/logo\/image\/\",\"url\":\"https:\/\/eikonos.com\/wp-content\/uploads\/2020\/08\/logo-color.png\",\"contentUrl\":\"https:\/\/eikonos.com\/wp-content\/uploads\/2020\/08\/logo-color.png\",\"width\":376,\"height\":122,\"caption\":\"EIKONOS | Servicios Audiovisuales, eventos y alquiler de equipos\"},\"image\":{\"@id\":\"https:\/\/eikonos.com\/ca\/#\/schema\/logo\/image\/\"},\"sameAs\":[\"http:\/\/www.facebook.com\/pages\/Eikonos\/176324785746790\",\"https:\/\/x.com\/eikonos_sa\",\"http:\/\/www.linkedin.com\/company\/eikonos\",\"http:\/\/www.youtube.com\/channel\/UC8wcizWaAYbfsuqVf9wIT6w\"]},{\"@type\":\"Person\",\"@id\":\"https:\/\/eikonos.com\/ca\/#\/schema\/person\/82032860cc314d826959b90595a5280a\",\"name\":\"Xavi Eikonos\",\"image\":{\"@type\":\"ImageObject\",\"inLanguage\":\"ca\",\"@id\":\"https:\/\/eikonos.com\/ca\/#\/schema\/person\/image\/\",\"url\":\"https:\/\/secure.gravatar.com\/avatar\/a6c6b51dd0ac6902701aab24a914f6febe1518f94a5ae06db08b3d6107248dfd?s=96&d=mm&r=g\",\"contentUrl\":\"https:\/\/secure.gravatar.com\/avatar\/a6c6b51dd0ac6902701aab24a914f6febe1518f94a5ae06db08b3d6107248dfd?s=96&d=mm&r=g\",\"caption\":\"Xavi Eikonos\"}}]}<\/script>\n<!-- \/ Yoast SEO plugin. -->","yoast_head_json":{"title":"Com triar el millor projector per un esdeveniment audiovisual I EIKONOS","description":"Per trobar el millor projector de lloguer per a esdeveniments audiovisuals, aquestes s\u00f3n algunes de les preguntes que podem respondre i aix\u00ed trobar un projector amb les caracter\u00edstiques adequades i el rendiment necessari per les nostres necessitats","robots":{"index":"index","follow":"follow","max-snippet":"max-snippet:-1","max-image-preview":"max-image-preview:large","max-video-preview":"max-video-preview:-1"},"canonical":"https:\/\/eikonos.com\/ca\/blog\/triar-projector-esdeveniment-audiovisual\/","og_locale":"ca_ES","og_type":"article","og_title":"Com triar el millor projector per un esdeveniment audiovisual I EIKONOS","og_description":"Per trobar el millor projector de lloguer per a esdeveniments audiovisuals, aquestes s\u00f3n algunes de les preguntes que podem respondre i aix\u00ed trobar un projector amb les caracter\u00edstiques adequades i el rendiment necessari per les nostres necessitats","og_url":"https:\/\/eikonos.com\/ca\/blog\/triar-projector-esdeveniment-audiovisual\/","og_site_name":"EIKONOS","article_publisher":"http:\/\/www.facebook.com\/pages\/Eikonos\/176324785746790","article_published_time":"2014-12-30T15:21:50+00:00","og_image":[{"width":1688,"height":1125,"url":"https:\/\/eikonos.com\/wp-content\/uploads\/2018\/09\/Fotolia_4916343_Subscription_Monthly_M-1.jpg","type":"image\/jpeg"}],"author":"Xavi Eikonos","twitter_card":"summary_large_image","twitter_creator":"@eikonos_sa","twitter_site":"@eikonos_sa","twitter_misc":{"Escrit per":"Xavi Eikonos","Temps estimat de lectura":"2 minuts"},"schema":{"@context":"https:\/\/schema.org","@graph":[{"@type":"Article","@id":"https:\/\/eikonos.com\/ca\/blog\/triar-projector-esdeveniment-audiovisual\/#article","isPartOf":{"@id":"https:\/\/eikonos.com\/ca\/blog\/triar-projector-esdeveniment-audiovisual\/"},"author":{"name":"Xavi Eikonos","@id":"https:\/\/eikonos.com\/ca\/#\/schema\/person\/82032860cc314d826959b90595a5280a"},"headline":"Com triar el millor projector per al teu esdeveniment audiovisual","datePublished":"2014-12-30T15:21:50+00:00","mainEntityOfPage":{"@id":"https:\/\/eikonos.com\/ca\/blog\/triar-projector-esdeveniment-audiovisual\/"},"wordCount":433,"commentCount":0,"publisher":{"@id":"https:\/\/eikonos.com\/ca\/#organization"},"image":{"@id":"https:\/\/eikonos.com\/ca\/blog\/triar-projector-esdeveniment-audiovisual\/#primaryimage"},"thumbnailUrl":"https:\/\/eikonos.com\/wp-content\/uploads\/2018\/09\/Fotolia_4916343_Subscription_Monthly_M-1.jpg","articleSection":["Esdeveniments audiovisuals","Lloguer d'equips"],"inLanguage":"ca","potentialAction":[{"@type":"CommentAction","name":"Comment","target":["https:\/\/eikonos.com\/ca\/blog\/triar-projector-esdeveniment-audiovisual\/#respond"]}]},{"@type":"WebPage","@id":"https:\/\/eikonos.com\/ca\/blog\/triar-projector-esdeveniment-audiovisual\/","url":"https:\/\/eikonos.com\/ca\/blog\/triar-projector-esdeveniment-audiovisual\/","name":"Com triar el millor projector per un esdeveniment audiovisual I EIKONOS","isPartOf":{"@id":"https:\/\/eikonos.com\/ca\/#website"},"primaryImageOfPage":{"@id":"https:\/\/eikonos.com\/ca\/blog\/triar-projector-esdeveniment-audiovisual\/#primaryimage"},"image":{"@id":"https:\/\/eikonos.com\/ca\/blog\/triar-projector-esdeveniment-audiovisual\/#primaryimage"},"thumbnailUrl":"https:\/\/eikonos.com\/wp-content\/uploads\/2018\/09\/Fotolia_4916343_Subscription_Monthly_M-1.jpg","datePublished":"2014-12-30T15:21:50+00:00","description":"Per trobar el millor projector de lloguer per a esdeveniments audiovisuals, aquestes s\u00f3n algunes de les preguntes que podem respondre i aix\u00ed trobar un projector amb les caracter\u00edstiques adequades i el rendiment necessari per les nostres necessitats","breadcrumb":{"@id":"https:\/\/eikonos.com\/ca\/blog\/triar-projector-esdeveniment-audiovisual\/#breadcrumb"},"inLanguage":"ca","potentialAction":[{"@type":"ReadAction","target":["https:\/\/eikonos.com\/ca\/blog\/triar-projector-esdeveniment-audiovisual\/"]}]},{"@type":"ImageObject","inLanguage":"ca","@id":"https:\/\/eikonos.com\/ca\/blog\/triar-projector-esdeveniment-audiovisual\/#primaryimage","url":"https:\/\/eikonos.com\/wp-content\/uploads\/2018\/09\/Fotolia_4916343_Subscription_Monthly_M-1.jpg","contentUrl":"https:\/\/eikonos.com\/wp-content\/uploads\/2018\/09\/Fotolia_4916343_Subscription_Monthly_M-1.jpg","width":1688,"height":1125,"caption":"Com triar el millor projector per al teu esdeveniment audiovisual"},{"@type":"BreadcrumbList","@id":"https:\/\/eikonos.com\/ca\/blog\/triar-projector-esdeveniment-audiovisual\/#breadcrumb","itemListElement":[{"@type":"ListItem","position":1,"name":"EIKONOS","item":"https:\/\/eikonos.com\/ca\/inici\/"},{"@type":"ListItem","position":2,"name":"Com triar el millor projector per al teu esdeveniment audiovisual"}]},{"@type":"WebSite","@id":"https:\/\/eikonos.com\/ca\/#website","url":"https:\/\/eikonos.com\/ca\/","name":"EIKONOS","description":"EXPERIENCIA AUDIOVISUAL","publisher":{"@id":"https:\/\/eikonos.com\/ca\/#organization"},"potentialAction":[{"@type":"SearchAction","target":{"@type":"EntryPoint","urlTemplate":"https:\/\/eikonos.com\/ca\/?s={search_term_string}"},"query-input":{"@type":"PropertyValueSpecification","valueRequired":true,"valueName":"search_term_string"}}],"inLanguage":"ca"},{"@type":"Organization","@id":"https:\/\/eikonos.com\/ca\/#organization","name":"EIKONOS | Servicios Audiovisuales, eventos y alquiler de equipos","url":"https:\/\/eikonos.com\/ca\/","logo":{"@type":"ImageObject","inLanguage":"ca","@id":"https:\/\/eikonos.com\/ca\/#\/schema\/logo\/image\/","url":"https:\/\/eikonos.com\/wp-content\/uploads\/2020\/08\/logo-color.png","contentUrl":"https:\/\/eikonos.com\/wp-content\/uploads\/2020\/08\/logo-color.png","width":376,"height":122,"caption":"EIKONOS | Servicios Audiovisuales, eventos y alquiler de equipos"},"image":{"@id":"https:\/\/eikonos.com\/ca\/#\/schema\/logo\/image\/"},"sameAs":["http:\/\/www.facebook.com\/pages\/Eikonos\/176324785746790","https:\/\/x.com\/eikonos_sa","http:\/\/www.linkedin.com\/company\/eikonos","http:\/\/www.youtube.com\/channel\/UC8wcizWaAYbfsuqVf9wIT6w"]},{"@type":"Person","@id":"https:\/\/eikonos.com\/ca\/#\/schema\/person\/82032860cc314d826959b90595a5280a","name":"Xavi Eikonos","image":{"@type":"ImageObject","inLanguage":"ca","@id":"https:\/\/eikonos.com\/ca\/#\/schema\/person\/image\/","url":"https:\/\/secure.gravatar.com\/avatar\/a6c6b51dd0ac6902701aab24a914f6febe1518f94a5ae06db08b3d6107248dfd?s=96&d=mm&r=g","contentUrl":"https:\/\/secure.gravatar.com\/avatar\/a6c6b51dd0ac6902701aab24a914f6febe1518f94a5ae06db08b3d6107248dfd?s=96&d=mm&r=g","caption":"Xavi Eikonos"}}]}},"_links":{"self":[{"href":"https:\/\/eikonos.com\/ca\/wp-json\/wp\/v2\/posts\/5800","targetHints":{"allow":["GET"]}}],"collection":[{"href":"https:\/\/eikonos.com\/ca\/wp-json\/wp\/v2\/posts"}],"about":[{"href":"https:\/\/eikonos.com\/ca\/wp-json\/wp\/v2\/types\/post"}],"author":[{"embeddable":true,"href":"https:\/\/eikonos.com\/ca\/wp-json\/wp\/v2\/users\/6"}],"replies":[{"embeddable":true,"href":"https:\/\/eikonos.com\/ca\/wp-json\/wp\/v2\/comments?post=5800"}],"version-history":[{"count":0,"href":"https:\/\/eikonos.com\/ca\/wp-json\/wp\/v2\/posts\/5800\/revisions"}],"wp:featuredmedia":[{"embeddable":true,"href":"https:\/\/eikonos.com\/ca\/wp-json\/wp\/v2\/media\/5801"}],"wp:attachment":[{"href":"https:\/\/eikonos.com\/ca\/wp-json\/wp\/v2\/media?parent=5800"}],"wp:term":[{"taxonomy":"category","embeddable":true,"href":"https:\/\/eikonos.com\/ca\/wp-json\/wp\/v2\/categories?post=5800"},{"taxonomy":"post_tag","embeddable":true,"href":"https:\/\/eikonos.com\/ca\/wp-json\/wp\/v2\/tags?post=5800"}],"curies":[{"name":"wp","href":"https:\/\/api.w.org\/{rel}","templated":true}]}}