{"id":5784,"date":"2015-01-13T10:19:50","date_gmt":"2015-01-13T09:19:50","guid":{"rendered":"https:\/\/eikonos.com\/?p=5784"},"modified":"2015-01-13T10:19:50","modified_gmt":"2015-01-13T09:19:50","slug":"tips-stand-corporatiu-perfecte","status":"publish","type":"post","link":"https:\/\/eikonos.com\/ca\/blog\/tips-stand-corporatiu-perfecte\/","title":{"rendered":"3 tips per aconseguir un stand corporatiu perfecte en un congr\u00e9s empresarial"},"content":{"rendered":"<p>Davant la celebraci\u00f3 d\u2019una fira o esdeveniment d\u2019un sector en concret, les companyies interessades han d\u2019estar atentes a totes les novetats per no perdre l\u2019oportunitat d\u2019exhibir-se davant els assistents.<\/p>\n<p>En ciutats com Madrid o Barcelona en les quals cada setmana se celebra una fira d\u2019un sector, <strong>la compet\u00e8ncia entre els exhibidors \u00e9s m\u00e0xima<\/strong> pel que en aquests casos, necessitarem anticipar-nos i actuar r\u00e0pidament.<\/p>\n<h2><span style=\"color: #ff0000;\">Reservar el nostre stand corporatiu amb antelaci\u00f3<\/span><\/h2>\n<p>Hem de ser r\u00e0pids ja que en moltes fires i congressos, un stand corporatiu est\u00e0 molt sol\u00b7licitat i en ocasions no hi ha espai per tots els expositors que desitgen assistir. <strong>Amb una reserva anticipada podrem planificar millor el disseny i construcci\u00f3 del stand, a m\u00e9s de que ens podrem beneficiar d\u2019alguns descomptes<\/strong>.<\/p>\n<p>Per a aquesta reserva hem de tenir en compte el pressupost disponible i l\u2019espai necessari, aix\u00ed com la ubicaci\u00f3 que tindr\u00e0 el nostre stand. Sempre \u00e9s recomanable intentar situar-lo en zones amb un alt flux d\u2019assistents com en l\u2019entrada, a prop de la cafeteria o en una cantonada.<\/p>\n<h2><span style=\"color: #ff0000;\">Com dissenyar el nostre stand corporatiu?<\/span><\/h2>\n<p>Sempre que el pressupost ho permeti, conv\u00e9 rec\u00f3rre a professionals en <a href=\"https:\/\/eikonos.com\/ca\/portfolio_page\/stands\/\">disseny de stands corporatius per a fires i esdeveniments<\/a>. D\u2019aquesta forma <strong>aconseguirem un stand d\u2019\u00e8xit que cridi l\u2019atenci\u00f3<\/strong>, es diferenci\u00ef de la resta i pugui causar impacte en els assistents de l\u2019esdeveniment.<\/p>\n<p>Si, per contra, el pressupost no ho permet <strong>haurem de trobar la forma d\u2019aconseguir una diferenciaci\u00f3 de la resta d\u2019expositors<\/strong> canviant alguns elements de la decoraci\u00f3, els colors, les parets&#8230;<\/p>\n<p>El disseny i configuraci\u00f3 del stand ha de ser eficient perqu\u00e8 els visitants s\u00e0piguen a primera vista qu\u00e8 fem, a qu\u00e8 ens dediquem, sempre posant \u00e8mfasi en el nostre producte o servei. Una altra consideraci\u00f3 important \u00e9s <strong>no omplir el stand amb mobiliari<\/strong> per exemple. Hi ha d\u2019haver espai suficient perqu\u00e8 els visitants puguis passejar-se c\u00f2modament.<\/p>\n<p><strong>Els mitjans audiovisuals s\u00f3n actualment fonamentals en qualsevol stans corporatiu<\/strong>. Quan parlem de mitjans audiovisuals ens referim a fer \u00fas de la tecnologia que tenim disponible per fer del nostre stand un conjunt \u00fanic: caixes de llum, pantalles, banners, efectes&#8230; Tenint en compte les necessitats de l\u2019esdeveniment i del stand, utilitzarem <strong>els mitjans necessaris al nostre abast per transmetre el nostre missatge<\/strong> de la forma m\u00e9s efectiva possible.<\/p>\n<h2><span style=\"color: #ff0000;\">Promou la participaci\u00f3 i la interactivitat<\/span><\/h2>\n<p>Per assegurar l\u2019\u00e8xit del nostre stand necessitem mobilitzar al m\u00e0xim als nostres clients. Podem enviar un email a cadascun informant de la nostra pres\u00e8ncia al congr\u00e9s i fer-los part\u00edcips a ells tamb\u00e9.<\/p>\n<p>Rec\u00f3rrer a sorteigs, promocions o concursos s\u00f3n accions molt efectives que ens poden ajudar a animar una mica el certamen en q\u00fcesti\u00f3<strong>. Les xarxes socials tamb\u00e9 jugaran un paper rellevant<\/strong> en un m\u00f3n com l\u2019actual en el qual qui m\u00e9s i qui menys t\u00e9 un perfil social des del qual est\u00e0 disposat a interactuar amb les companyies. \u00c9s important al final de l\u2019esdeveniment fer una <strong>recopilaci\u00f3 de dades<\/strong> per tenir un seguiment de tot el que ha succe\u00eft i dels resultats obtinguts. Aix\u00ed podrem utilitzar aquesta informaci\u00f3 com a aprenentatge i servir\u00e0 com una experi\u00e8ncia addicional per a futurs esdeveniments.<\/p>\n","protected":false},"excerpt":{"rendered":"<p>Davant la celebraci\u00f3 d\u2019una fira o esdeveniment d\u2019un sector en concret, les companyies interessades han&#8230;<\/p>\n","protected":false},"author":6,"featured_media":5786,"comment_status":"open","ping_status":"open","sticky":false,"template":"","format":"standard","meta":{"_acf_changed":false,"footnotes":""},"categories":[255],"tags":[],"class_list":["post-5784","post","type-post","status-publish","format-standard","has-post-thumbnail","hentry","category-installacions-fixes"],"acf":[],"yoast_head":"<!-- This site is optimized with the Yoast SEO plugin v26.3 - https:\/\/yoast.com\/wordpress\/plugins\/seo\/ -->\n<title>Tips per aconseguir un stand corporatiu perfecte I EIKONOS<\/title>\n<meta name=\"description\" content=\"Hem de ser r\u00e0pids ja que en moltes fires i congressos, un stand corporatiu est\u00e0 molt sol\u00b7licitat i en ocasions no hi ha espai per tots els expositors que desitgen assistir. Amb una reserva anticipada podrem planificar millor el disseny i construcci\u00f3 del stand, a m\u00e9s de que ens podrem beneficiar d\u2019alguns descomptes.\" \/>\n<meta name=\"robots\" content=\"index, follow, max-snippet:-1, max-image-preview:large, max-video-preview:-1\" \/>\n<link rel=\"canonical\" href=\"https:\/\/eikonos.com\/ca\/blog\/tips-stand-corporatiu-perfecte\/\" \/>\n<meta property=\"og:locale\" content=\"ca_ES\" \/>\n<meta property=\"og:type\" content=\"article\" \/>\n<meta property=\"og:title\" content=\"Tips per aconseguir un stand corporatiu perfecte I EIKONOS\" \/>\n<meta property=\"og:description\" content=\"Hem de ser r\u00e0pids ja que en moltes fires i congressos, un stand corporatiu est\u00e0 molt sol\u00b7licitat i en ocasions no hi ha espai per tots els expositors que desitgen assistir. Amb una reserva anticipada podrem planificar millor el disseny i construcci\u00f3 del stand, a m\u00e9s de que ens podrem beneficiar d\u2019alguns descomptes.\" \/>\n<meta property=\"og:url\" content=\"https:\/\/eikonos.com\/ca\/blog\/tips-stand-corporatiu-perfecte\/\" \/>\n<meta property=\"og:site_name\" content=\"EIKONOS\" \/>\n<meta property=\"article:publisher\" content=\"http:\/\/www.facebook.com\/pages\/Eikonos\/176324785746790\" \/>\n<meta property=\"article:published_time\" content=\"2015-01-13T09:19:50+00:00\" \/>\n<meta property=\"og:image\" content=\"https:\/\/eikonos.com\/wp-content\/uploads\/2018\/09\/FOTOS-FIRA-AIGUA-NOV-2011-001-1.jpg\" \/>\n\t<meta property=\"og:image:width\" content=\"1024\" \/>\n\t<meta property=\"og:image:height\" content=\"768\" \/>\n\t<meta property=\"og:image:type\" content=\"image\/jpeg\" \/>\n<meta name=\"author\" content=\"Xavi Eikonos\" \/>\n<meta name=\"twitter:card\" content=\"summary_large_image\" \/>\n<meta name=\"twitter:creator\" content=\"@eikonos_sa\" \/>\n<meta name=\"twitter:site\" content=\"@eikonos_sa\" \/>\n<meta name=\"twitter:label1\" content=\"Escrit per\" \/>\n\t<meta name=\"twitter:data1\" content=\"Xavi Eikonos\" \/>\n\t<meta name=\"twitter:label2\" content=\"Temps estimat de lectura\" \/>\n\t<meta name=\"twitter:data2\" content=\"3 minuts\" \/>\n<script type=\"application\/ld+json\" class=\"yoast-schema-graph\">{\"@context\":\"https:\/\/schema.org\",\"@graph\":[{\"@type\":\"Article\",\"@id\":\"https:\/\/eikonos.com\/ca\/blog\/tips-stand-corporatiu-perfecte\/#article\",\"isPartOf\":{\"@id\":\"https:\/\/eikonos.com\/ca\/blog\/tips-stand-corporatiu-perfecte\/\"},\"author\":{\"name\":\"Xavi Eikonos\",\"@id\":\"https:\/\/eikonos.com\/ca\/#\/schema\/person\/82032860cc314d826959b90595a5280a\"},\"headline\":\"3 tips per aconseguir un stand corporatiu perfecte en un congr\u00e9s empresarial\",\"datePublished\":\"2015-01-13T09:19:50+00:00\",\"mainEntityOfPage\":{\"@id\":\"https:\/\/eikonos.com\/ca\/blog\/tips-stand-corporatiu-perfecte\/\"},\"wordCount\":567,\"commentCount\":0,\"publisher\":{\"@id\":\"https:\/\/eikonos.com\/ca\/#organization\"},\"image\":{\"@id\":\"https:\/\/eikonos.com\/ca\/blog\/tips-stand-corporatiu-perfecte\/#primaryimage\"},\"thumbnailUrl\":\"https:\/\/eikonos.com\/wp-content\/uploads\/2018\/09\/FOTOS-FIRA-AIGUA-NOV-2011-001-1.jpg\",\"articleSection\":[\"Instal\u00b7lacions fixes\"],\"inLanguage\":\"ca\",\"potentialAction\":[{\"@type\":\"CommentAction\",\"name\":\"Comment\",\"target\":[\"https:\/\/eikonos.com\/ca\/blog\/tips-stand-corporatiu-perfecte\/#respond\"]}]},{\"@type\":\"WebPage\",\"@id\":\"https:\/\/eikonos.com\/ca\/blog\/tips-stand-corporatiu-perfecte\/\",\"url\":\"https:\/\/eikonos.com\/ca\/blog\/tips-stand-corporatiu-perfecte\/\",\"name\":\"Tips per aconseguir un stand corporatiu perfecte I EIKONOS\",\"isPartOf\":{\"@id\":\"https:\/\/eikonos.com\/ca\/#website\"},\"primaryImageOfPage\":{\"@id\":\"https:\/\/eikonos.com\/ca\/blog\/tips-stand-corporatiu-perfecte\/#primaryimage\"},\"image\":{\"@id\":\"https:\/\/eikonos.com\/ca\/blog\/tips-stand-corporatiu-perfecte\/#primaryimage\"},\"thumbnailUrl\":\"https:\/\/eikonos.com\/wp-content\/uploads\/2018\/09\/FOTOS-FIRA-AIGUA-NOV-2011-001-1.jpg\",\"datePublished\":\"2015-01-13T09:19:50+00:00\",\"description\":\"Hem de ser r\u00e0pids ja que en moltes fires i congressos, un stand corporatiu est\u00e0 molt sol\u00b7licitat i en ocasions no hi ha espai per tots els expositors que desitgen assistir. Amb una reserva anticipada podrem planificar millor el disseny i construcci\u00f3 del stand, a m\u00e9s de que ens podrem beneficiar d\u2019alguns descomptes.\",\"breadcrumb\":{\"@id\":\"https:\/\/eikonos.com\/ca\/blog\/tips-stand-corporatiu-perfecte\/#breadcrumb\"},\"inLanguage\":\"ca\",\"potentialAction\":[{\"@type\":\"ReadAction\",\"target\":[\"https:\/\/eikonos.com\/ca\/blog\/tips-stand-corporatiu-perfecte\/\"]}]},{\"@type\":\"ImageObject\",\"inLanguage\":\"ca\",\"@id\":\"https:\/\/eikonos.com\/ca\/blog\/tips-stand-corporatiu-perfecte\/#primaryimage\",\"url\":\"https:\/\/eikonos.com\/wp-content\/uploads\/2018\/09\/FOTOS-FIRA-AIGUA-NOV-2011-001-1.jpg\",\"contentUrl\":\"https:\/\/eikonos.com\/wp-content\/uploads\/2018\/09\/FOTOS-FIRA-AIGUA-NOV-2011-001-1.jpg\",\"width\":1024,\"height\":768,\"caption\":\"3 tips per aconseguir un stand corporatiu perfecte en un congr\u00e9s empresarial\"},{\"@type\":\"BreadcrumbList\",\"@id\":\"https:\/\/eikonos.com\/ca\/blog\/tips-stand-corporatiu-perfecte\/#breadcrumb\",\"itemListElement\":[{\"@type\":\"ListItem\",\"position\":1,\"name\":\"EIKONOS\",\"item\":\"https:\/\/eikonos.com\/ca\/inici\/\"},{\"@type\":\"ListItem\",\"position\":2,\"name\":\"3 tips per aconseguir un stand corporatiu perfecte en un congr\u00e9s empresarial\"}]},{\"@type\":\"WebSite\",\"@id\":\"https:\/\/eikonos.com\/ca\/#website\",\"url\":\"https:\/\/eikonos.com\/ca\/\",\"name\":\"EIKONOS\",\"description\":\"EXPERIENCIA AUDIOVISUAL\",\"publisher\":{\"@id\":\"https:\/\/eikonos.com\/ca\/#organization\"},\"potentialAction\":[{\"@type\":\"SearchAction\",\"target\":{\"@type\":\"EntryPoint\",\"urlTemplate\":\"https:\/\/eikonos.com\/ca\/?s={search_term_string}\"},\"query-input\":{\"@type\":\"PropertyValueSpecification\",\"valueRequired\":true,\"valueName\":\"search_term_string\"}}],\"inLanguage\":\"ca\"},{\"@type\":\"Organization\",\"@id\":\"https:\/\/eikonos.com\/ca\/#organization\",\"name\":\"EIKONOS | Servicios Audiovisuales, eventos y alquiler de equipos\",\"url\":\"https:\/\/eikonos.com\/ca\/\",\"logo\":{\"@type\":\"ImageObject\",\"inLanguage\":\"ca\",\"@id\":\"https:\/\/eikonos.com\/ca\/#\/schema\/logo\/image\/\",\"url\":\"https:\/\/eikonos.com\/wp-content\/uploads\/2020\/08\/logo-color.png\",\"contentUrl\":\"https:\/\/eikonos.com\/wp-content\/uploads\/2020\/08\/logo-color.png\",\"width\":376,\"height\":122,\"caption\":\"EIKONOS | Servicios Audiovisuales, eventos y alquiler de equipos\"},\"image\":{\"@id\":\"https:\/\/eikonos.com\/ca\/#\/schema\/logo\/image\/\"},\"sameAs\":[\"http:\/\/www.facebook.com\/pages\/Eikonos\/176324785746790\",\"https:\/\/x.com\/eikonos_sa\",\"http:\/\/www.linkedin.com\/company\/eikonos\",\"http:\/\/www.youtube.com\/channel\/UC8wcizWaAYbfsuqVf9wIT6w\"]},{\"@type\":\"Person\",\"@id\":\"https:\/\/eikonos.com\/ca\/#\/schema\/person\/82032860cc314d826959b90595a5280a\",\"name\":\"Xavi Eikonos\",\"image\":{\"@type\":\"ImageObject\",\"inLanguage\":\"ca\",\"@id\":\"https:\/\/eikonos.com\/ca\/#\/schema\/person\/image\/\",\"url\":\"https:\/\/secure.gravatar.com\/avatar\/a6c6b51dd0ac6902701aab24a914f6febe1518f94a5ae06db08b3d6107248dfd?s=96&d=mm&r=g\",\"contentUrl\":\"https:\/\/secure.gravatar.com\/avatar\/a6c6b51dd0ac6902701aab24a914f6febe1518f94a5ae06db08b3d6107248dfd?s=96&d=mm&r=g\",\"caption\":\"Xavi Eikonos\"}}]}<\/script>\n<!-- \/ Yoast SEO plugin. -->","yoast_head_json":{"title":"Tips per aconseguir un stand corporatiu perfecte I EIKONOS","description":"Hem de ser r\u00e0pids ja que en moltes fires i congressos, un stand corporatiu est\u00e0 molt sol\u00b7licitat i en ocasions no hi ha espai per tots els expositors que desitgen assistir. Amb una reserva anticipada podrem planificar millor el disseny i construcci\u00f3 del stand, a m\u00e9s de que ens podrem beneficiar d\u2019alguns descomptes.","robots":{"index":"index","follow":"follow","max-snippet":"max-snippet:-1","max-image-preview":"max-image-preview:large","max-video-preview":"max-video-preview:-1"},"canonical":"https:\/\/eikonos.com\/ca\/blog\/tips-stand-corporatiu-perfecte\/","og_locale":"ca_ES","og_type":"article","og_title":"Tips per aconseguir un stand corporatiu perfecte I EIKONOS","og_description":"Hem de ser r\u00e0pids ja que en moltes fires i congressos, un stand corporatiu est\u00e0 molt sol\u00b7licitat i en ocasions no hi ha espai per tots els expositors que desitgen assistir. Amb una reserva anticipada podrem planificar millor el disseny i construcci\u00f3 del stand, a m\u00e9s de que ens podrem beneficiar d\u2019alguns descomptes.","og_url":"https:\/\/eikonos.com\/ca\/blog\/tips-stand-corporatiu-perfecte\/","og_site_name":"EIKONOS","article_publisher":"http:\/\/www.facebook.com\/pages\/Eikonos\/176324785746790","article_published_time":"2015-01-13T09:19:50+00:00","og_image":[{"width":1024,"height":768,"url":"https:\/\/eikonos.com\/wp-content\/uploads\/2018\/09\/FOTOS-FIRA-AIGUA-NOV-2011-001-1.jpg","type":"image\/jpeg"}],"author":"Xavi Eikonos","twitter_card":"summary_large_image","twitter_creator":"@eikonos_sa","twitter_site":"@eikonos_sa","twitter_misc":{"Escrit per":"Xavi Eikonos","Temps estimat de lectura":"3 minuts"},"schema":{"@context":"https:\/\/schema.org","@graph":[{"@type":"Article","@id":"https:\/\/eikonos.com\/ca\/blog\/tips-stand-corporatiu-perfecte\/#article","isPartOf":{"@id":"https:\/\/eikonos.com\/ca\/blog\/tips-stand-corporatiu-perfecte\/"},"author":{"name":"Xavi Eikonos","@id":"https:\/\/eikonos.com\/ca\/#\/schema\/person\/82032860cc314d826959b90595a5280a"},"headline":"3 tips per aconseguir un stand corporatiu perfecte en un congr\u00e9s empresarial","datePublished":"2015-01-13T09:19:50+00:00","mainEntityOfPage":{"@id":"https:\/\/eikonos.com\/ca\/blog\/tips-stand-corporatiu-perfecte\/"},"wordCount":567,"commentCount":0,"publisher":{"@id":"https:\/\/eikonos.com\/ca\/#organization"},"image":{"@id":"https:\/\/eikonos.com\/ca\/blog\/tips-stand-corporatiu-perfecte\/#primaryimage"},"thumbnailUrl":"https:\/\/eikonos.com\/wp-content\/uploads\/2018\/09\/FOTOS-FIRA-AIGUA-NOV-2011-001-1.jpg","articleSection":["Instal\u00b7lacions fixes"],"inLanguage":"ca","potentialAction":[{"@type":"CommentAction","name":"Comment","target":["https:\/\/eikonos.com\/ca\/blog\/tips-stand-corporatiu-perfecte\/#respond"]}]},{"@type":"WebPage","@id":"https:\/\/eikonos.com\/ca\/blog\/tips-stand-corporatiu-perfecte\/","url":"https:\/\/eikonos.com\/ca\/blog\/tips-stand-corporatiu-perfecte\/","name":"Tips per aconseguir un stand corporatiu perfecte I EIKONOS","isPartOf":{"@id":"https:\/\/eikonos.com\/ca\/#website"},"primaryImageOfPage":{"@id":"https:\/\/eikonos.com\/ca\/blog\/tips-stand-corporatiu-perfecte\/#primaryimage"},"image":{"@id":"https:\/\/eikonos.com\/ca\/blog\/tips-stand-corporatiu-perfecte\/#primaryimage"},"thumbnailUrl":"https:\/\/eikonos.com\/wp-content\/uploads\/2018\/09\/FOTOS-FIRA-AIGUA-NOV-2011-001-1.jpg","datePublished":"2015-01-13T09:19:50+00:00","description":"Hem de ser r\u00e0pids ja que en moltes fires i congressos, un stand corporatiu est\u00e0 molt sol\u00b7licitat i en ocasions no hi ha espai per tots els expositors que desitgen assistir. Amb una reserva anticipada podrem planificar millor el disseny i construcci\u00f3 del stand, a m\u00e9s de que ens podrem beneficiar d\u2019alguns descomptes.","breadcrumb":{"@id":"https:\/\/eikonos.com\/ca\/blog\/tips-stand-corporatiu-perfecte\/#breadcrumb"},"inLanguage":"ca","potentialAction":[{"@type":"ReadAction","target":["https:\/\/eikonos.com\/ca\/blog\/tips-stand-corporatiu-perfecte\/"]}]},{"@type":"ImageObject","inLanguage":"ca","@id":"https:\/\/eikonos.com\/ca\/blog\/tips-stand-corporatiu-perfecte\/#primaryimage","url":"https:\/\/eikonos.com\/wp-content\/uploads\/2018\/09\/FOTOS-FIRA-AIGUA-NOV-2011-001-1.jpg","contentUrl":"https:\/\/eikonos.com\/wp-content\/uploads\/2018\/09\/FOTOS-FIRA-AIGUA-NOV-2011-001-1.jpg","width":1024,"height":768,"caption":"3 tips per aconseguir un stand corporatiu perfecte en un congr\u00e9s empresarial"},{"@type":"BreadcrumbList","@id":"https:\/\/eikonos.com\/ca\/blog\/tips-stand-corporatiu-perfecte\/#breadcrumb","itemListElement":[{"@type":"ListItem","position":1,"name":"EIKONOS","item":"https:\/\/eikonos.com\/ca\/inici\/"},{"@type":"ListItem","position":2,"name":"3 tips per aconseguir un stand corporatiu perfecte en un congr\u00e9s empresarial"}]},{"@type":"WebSite","@id":"https:\/\/eikonos.com\/ca\/#website","url":"https:\/\/eikonos.com\/ca\/","name":"EIKONOS","description":"EXPERIENCIA AUDIOVISUAL","publisher":{"@id":"https:\/\/eikonos.com\/ca\/#organization"},"potentialAction":[{"@type":"SearchAction","target":{"@type":"EntryPoint","urlTemplate":"https:\/\/eikonos.com\/ca\/?s={search_term_string}"},"query-input":{"@type":"PropertyValueSpecification","valueRequired":true,"valueName":"search_term_string"}}],"inLanguage":"ca"},{"@type":"Organization","@id":"https:\/\/eikonos.com\/ca\/#organization","name":"EIKONOS | Servicios Audiovisuales, eventos y alquiler de equipos","url":"https:\/\/eikonos.com\/ca\/","logo":{"@type":"ImageObject","inLanguage":"ca","@id":"https:\/\/eikonos.com\/ca\/#\/schema\/logo\/image\/","url":"https:\/\/eikonos.com\/wp-content\/uploads\/2020\/08\/logo-color.png","contentUrl":"https:\/\/eikonos.com\/wp-content\/uploads\/2020\/08\/logo-color.png","width":376,"height":122,"caption":"EIKONOS | Servicios Audiovisuales, eventos y alquiler de equipos"},"image":{"@id":"https:\/\/eikonos.com\/ca\/#\/schema\/logo\/image\/"},"sameAs":["http:\/\/www.facebook.com\/pages\/Eikonos\/176324785746790","https:\/\/x.com\/eikonos_sa","http:\/\/www.linkedin.com\/company\/eikonos","http:\/\/www.youtube.com\/channel\/UC8wcizWaAYbfsuqVf9wIT6w"]},{"@type":"Person","@id":"https:\/\/eikonos.com\/ca\/#\/schema\/person\/82032860cc314d826959b90595a5280a","name":"Xavi Eikonos","image":{"@type":"ImageObject","inLanguage":"ca","@id":"https:\/\/eikonos.com\/ca\/#\/schema\/person\/image\/","url":"https:\/\/secure.gravatar.com\/avatar\/a6c6b51dd0ac6902701aab24a914f6febe1518f94a5ae06db08b3d6107248dfd?s=96&d=mm&r=g","contentUrl":"https:\/\/secure.gravatar.com\/avatar\/a6c6b51dd0ac6902701aab24a914f6febe1518f94a5ae06db08b3d6107248dfd?s=96&d=mm&r=g","caption":"Xavi Eikonos"}}]}},"_links":{"self":[{"href":"https:\/\/eikonos.com\/ca\/wp-json\/wp\/v2\/posts\/5784","targetHints":{"allow":["GET"]}}],"collection":[{"href":"https:\/\/eikonos.com\/ca\/wp-json\/wp\/v2\/posts"}],"about":[{"href":"https:\/\/eikonos.com\/ca\/wp-json\/wp\/v2\/types\/post"}],"author":[{"embeddable":true,"href":"https:\/\/eikonos.com\/ca\/wp-json\/wp\/v2\/users\/6"}],"replies":[{"embeddable":true,"href":"https:\/\/eikonos.com\/ca\/wp-json\/wp\/v2\/comments?post=5784"}],"version-history":[{"count":0,"href":"https:\/\/eikonos.com\/ca\/wp-json\/wp\/v2\/posts\/5784\/revisions"}],"wp:featuredmedia":[{"embeddable":true,"href":"https:\/\/eikonos.com\/ca\/wp-json\/wp\/v2\/media\/5786"}],"wp:attachment":[{"href":"https:\/\/eikonos.com\/ca\/wp-json\/wp\/v2\/media?parent=5784"}],"wp:term":[{"taxonomy":"category","embeddable":true,"href":"https:\/\/eikonos.com\/ca\/wp-json\/wp\/v2\/categories?post=5784"},{"taxonomy":"post_tag","embeddable":true,"href":"https:\/\/eikonos.com\/ca\/wp-json\/wp\/v2\/tags?post=5784"}],"curies":[{"name":"wp","href":"https:\/\/api.w.org\/{rel}","templated":true}]}}