{"id":5694,"date":"2018-08-14T10:26:14","date_gmt":"2018-08-14T08:26:14","guid":{"rendered":"https:\/\/eikonos.com\/?p=5694"},"modified":"2018-08-14T10:26:14","modified_gmt":"2018-08-14T08:26:14","slug":"guia-basica-passos-timelapse-professional","status":"publish","type":"post","link":"https:\/\/eikonos.com\/ca\/blog\/guia-basica-passos-timelapse-professional\/","title":{"rendered":"Guia b\u00e0sica: cinc passos per fer un bon timelapse professional"},"content":{"rendered":"<p>Una de les t\u00e8cniques que ha agafat for\u00e7a en els \u00faltims anys i amb la qual ens topem gaireb\u00e9 sense adonar-nos en pel\u00b7l\u00edcules, curtmetratges, videoclips, documentals i tot tipus de formats audiovisuals \u00e9s el timelapse.<\/p>\n<p>Es tracta d\u2019una t\u00e8cnica que simula un pas accelerat del temps, mostrant un per\u00edode extens en un v\u00eddeo de curta durada. S\u00f3n els t\u00edpics v\u00eddeos que circulen sovint en xarxes socials sobre el tr\u00e0fic o moviment a les grans ciutats, el muntatge o desmuntatge d\u2019estructures, escenaris, festivals; l\u2019evoluci\u00f3 en la construcci\u00f3 d\u2019edificis o una posta de sol.<\/p>\n<p>No cap dubte de la seva pot\u00e8ncia a nivell est\u00e8tic i per aix\u00f2 no \u00e9s d\u2019estranyar que el seu \u00fas s\u2019hagi est\u00e8s a les gravacions que fem, fins i tot, amb el m\u00f2bil. En el cas dels v\u00eddeos corporatius, promocionals i altres v\u00eddeos publicitaris, s\u2019ofereixen tant un alt impacte com una gran capacitat de <a href=\"https:\/\/eikonos.com\/ca\/blog\/per-que-un-video-en\/\">captar l\u2019atenci\u00f3<\/a> que no mereixen la pena deixar passar de llarg.<\/p>\n<p>Amb el pas dels anys el timelapse s\u2019ha sofisticat, incloent <strong>t\u00e8cniques ja conegudes de v\u00eddeo com la desceleraci\u00f3 de la imatge, els travellings, el stop motion, etc<\/strong>. Ara es juga, per exemple, amb el canvi de velocitats en la reproducci\u00f3.<\/p>\n<p>Per\u00f2, sabem <a href=\"https:\/\/eikonos.com\/ca\/portfolio_page\/timelapse\/\">com fer un timelapse<\/a> de qualitat professional? Des de l\u2019equip d\u2019Eikonos et portem alguns consells perqu\u00e8 el resultat dels teus v\u00eddeos no passin desapercebuts.<\/p>\n<p>&nbsp;<\/p>\n<p><img loading=\"lazy\" decoding=\"async\" class=\"aligncenter wp-image-5684 size-full\" title=\"guia per fer un timelapse\" src=\"https:\/\/eikonos.com\/wp-content\/uploads\/2018\/09\/hacer-timelapse-1.jpg\" alt=\"guia per fer un timelapse\" width=\"724\" height=\"432\" srcset=\"https:\/\/eikonos.com\/wp-content\/uploads\/2018\/09\/hacer-timelapse-1.jpg 724w, https:\/\/eikonos.com\/wp-content\/uploads\/2018\/09\/hacer-timelapse-1-300x179.jpg 300w\" sizes=\"auto, (max-width: 724px) 100vw, 724px\" \/><\/p>\n<h2><\/h2>\n<p>&nbsp;<\/p>\n<h2><\/h2>\n<h2><span style=\"color: #ff0000;\">Per qu\u00e8 escollir un time-lapse?<\/span><\/h2>\n<p>Com coment\u00e0vem, aquest format aconsegueix atraure al p\u00fablic gr\u00e0cies a l\u2019impacte que s\u2019aconsegueix amb les seves imatges. A m\u00e9s, una de les seves grans avantatges \u00e9s que pot mostrar o explicar esdeveniments de llarga durada en un simple cop d\u2019ull.<\/p>\n<p>El timelapse no funciona en tots els projectes audiovisuals per\u00f2, en el cas dels esdeveniments, \u00e9s una gran eina per mostrar el seu desenvolupament, el com es va fer, el muntatge del mateix, etc.<\/p>\n<p>&nbsp;<\/p>\n<h3><span style=\"color: #ff0000;\"><strong>Tenir clara la idea<\/strong><\/span><\/h3>\n<p>Una de les coses m\u00e9s importants a l\u2019hora de desenvolupar un timelapse \u00e9s tenir clar el concepte que volem transmetre, la idea. No \u00e9s el mateix explicar la hist\u00f2ria i valors d\u2019una marca que presentar una novetat comercial. Es tracta de conceptes diferents i, per tant, l\u2019enfocament ha de ser diferent.<\/p>\n<p><strong>\u00a0<\/strong><\/p>\n<h3><span style=\"color: #ff0000;\"><strong>Ubicaci\u00f3 de la c\u00e0mera <\/strong><\/span><\/h3>\n<p>En el timelapse la c\u00e0mera es fixa en un punt concret o es realitza un travelling hiperlent. Haurem de valorar qu\u00e8 volem mostrar, el que passar\u00e0 dins del quadre en q\u00fcesti\u00f3, el punt de vista, la il\u00b7luminaci\u00f3 i els diferents aspectes. Una vegada que comenci la gravaci\u00f3 no hi ha marge d\u2019error, encara que aqu\u00ed t\u2019oferim m\u00e9s <a href=\"https:\/\/eikonos.com\/ca\/blog\/6-consells-per-fer-el-millor-timelapse-de-video\/\">consells per fer un timelapse perfecte<\/a>, per si t\u2019animes a fer-ne un.<\/p>\n<p><strong>\u00a0<\/strong><\/p>\n<h3><span style=\"color: #ff0000;\"><strong>Configurar l\u2019equip <\/strong><\/span><\/h3>\n<p>Al fil de l\u2019anterior, hem de decidir quina \u00e9s la correcta exposici\u00f3 de la c\u00e0mera, l\u2019obertura del diafragma, els intervals de temps en els quals es faran les imatges, etc. Molt a tenir en compte la durada i el possible canvi de condicions lum\u00edniques, sobretot en exteriors.<\/p>\n<p><strong>\u00a0<\/strong><\/p>\n<h3><span style=\"color: #ff0000;\"><strong>Postproducci\u00f3<\/strong><\/span><\/h3>\n<p>Per descomptat en la l\u00ednia del nostre objectiu i del concepte a transmetre haur\u00e0 d\u2019anar el muntatge, els efectes, la m\u00fasica, els gr\u00e0fics. Els productes audiovisuals s\u00f3n un puzle de moltes peces que actuen com a una \u00fanica per transmetre un determinat missatge, emoci\u00f3 o explicar una hist\u00f2ria amb un valor o significat.<\/p>\n<p>&nbsp;<\/p>\n<p>Necessites m\u00e9s informaci\u00f3 sobre com fer un timelapse? T\u2019agradaria fer \u00fas d\u2019aquest format en el teu nou projecte i busques un equip professional que s\u2019encarregui d\u2019ell? <strong><em>Parlem!<\/em><\/strong><\/p>\n<p>&nbsp;<\/p>\n<p><a href=\"https:\/\/eikonos.com\/ca\/serveis\/creacio-de-continguts\/\"><img loading=\"lazy\" decoding=\"async\" class=\"aligncenter wp-image-5152 size-full\" title=\"EIKONOS creaci\u00f3n de contenidos\" src=\"https:\/\/eikonos.com\/wp-content\/uploads\/2018\/02\/eikonos-cta-creacio-contingut-1.jpg\" alt=\"EIKONOS creaci\u00f3n de contenidos\" width=\"741\" height=\"250\" srcset=\"https:\/\/eikonos.com\/wp-content\/uploads\/2018\/02\/eikonos-cta-creacio-contingut-1.jpg 741w, https:\/\/eikonos.com\/wp-content\/uploads\/2018\/02\/eikonos-cta-creacio-contingut-1-300x101.jpg 300w\" sizes=\"auto, (max-width: 741px) 100vw, 741px\" \/><\/a><\/p>\n","protected":false},"excerpt":{"rendered":"<p>Una de les t\u00e8cniques que ha agafat for\u00e7a en els \u00faltims anys i amb la&#8230;<\/p>\n","protected":false},"author":6,"featured_media":5683,"comment_status":"open","ping_status":"open","sticky":false,"template":"","format":"standard","meta":{"_acf_changed":false,"footnotes":""},"categories":[257],"tags":[],"class_list":["post-5694","post","type-post","status-publish","format-standard","has-post-thumbnail","hentry","category-creacio-de-continguts"],"acf":[],"yoast_head":"<!-- This site is optimized with the Yoast SEO plugin v26.3 - https:\/\/yoast.com\/wordpress\/plugins\/seo\/ -->\n<title>Guia b\u00e0sica: com fer un bon timelapse professional | EIKONOS<\/title>\n<meta name=\"description\" content=\"Saps com fer un timelape de qualitat? Et deixem una guia b\u00e0sica perqu\u00e8 puguis treure-li el m\u00e0xim partit. No oblidis comptar amb els millors professionals en creaci\u00f3 de continguts per fer-ho realitat!\" \/>\n<meta name=\"robots\" content=\"index, follow, max-snippet:-1, max-image-preview:large, max-video-preview:-1\" \/>\n<link rel=\"canonical\" href=\"https:\/\/eikonos.com\/ca\/blog\/guia-basica-passos-timelapse-professional\/\" \/>\n<meta property=\"og:locale\" content=\"ca_ES\" \/>\n<meta property=\"og:type\" content=\"article\" \/>\n<meta property=\"og:title\" content=\"Guia b\u00e0sica: com fer un bon timelapse professional | EIKONOS\" \/>\n<meta property=\"og:description\" content=\"Saps com fer un timelape de qualitat? Et deixem una guia b\u00e0sica perqu\u00e8 puguis treure-li el m\u00e0xim partit. No oblidis comptar amb els millors professionals en creaci\u00f3 de continguts per fer-ho realitat!\" \/>\n<meta property=\"og:url\" content=\"https:\/\/eikonos.com\/ca\/blog\/guia-basica-passos-timelapse-professional\/\" \/>\n<meta property=\"og:site_name\" content=\"EIKONOS\" \/>\n<meta property=\"article:publisher\" content=\"http:\/\/www.facebook.com\/pages\/Eikonos\/176324785746790\" \/>\n<meta property=\"article:published_time\" content=\"2018-08-14T08:26:14+00:00\" \/>\n<meta property=\"og:image\" content=\"https:\/\/eikonos.com\/wp-content\/uploads\/2018\/09\/como-hacer-timelapse-eikonos-1.jpg\" \/>\n\t<meta property=\"og:image:width\" content=\"724\" \/>\n\t<meta property=\"og:image:height\" content=\"432\" \/>\n\t<meta property=\"og:image:type\" content=\"image\/jpeg\" \/>\n<meta name=\"author\" content=\"Xavi Eikonos\" \/>\n<meta name=\"twitter:card\" content=\"summary_large_image\" \/>\n<meta name=\"twitter:creator\" content=\"@eikonos_sa\" \/>\n<meta name=\"twitter:site\" content=\"@eikonos_sa\" \/>\n<meta name=\"twitter:label1\" content=\"Escrit per\" \/>\n\t<meta name=\"twitter:data1\" content=\"Xavi Eikonos\" \/>\n\t<meta name=\"twitter:label2\" content=\"Temps estimat de lectura\" \/>\n\t<meta name=\"twitter:data2\" content=\"3 minuts\" \/>\n<script type=\"application\/ld+json\" class=\"yoast-schema-graph\">{\"@context\":\"https:\/\/schema.org\",\"@graph\":[{\"@type\":\"Article\",\"@id\":\"https:\/\/eikonos.com\/ca\/blog\/guia-basica-passos-timelapse-professional\/#article\",\"isPartOf\":{\"@id\":\"https:\/\/eikonos.com\/ca\/blog\/guia-basica-passos-timelapse-professional\/\"},\"author\":{\"name\":\"Xavi Eikonos\",\"@id\":\"https:\/\/eikonos.com\/ca\/#\/schema\/person\/82032860cc314d826959b90595a5280a\"},\"headline\":\"Guia b\u00e0sica: cinc passos per fer un bon timelapse professional\",\"datePublished\":\"2018-08-14T08:26:14+00:00\",\"mainEntityOfPage\":{\"@id\":\"https:\/\/eikonos.com\/ca\/blog\/guia-basica-passos-timelapse-professional\/\"},\"wordCount\":643,\"commentCount\":0,\"publisher\":{\"@id\":\"https:\/\/eikonos.com\/ca\/#organization\"},\"image\":{\"@id\":\"https:\/\/eikonos.com\/ca\/blog\/guia-basica-passos-timelapse-professional\/#primaryimage\"},\"thumbnailUrl\":\"https:\/\/eikonos.com\/wp-content\/uploads\/2018\/09\/como-hacer-timelapse-eikonos-1.jpg\",\"articleSection\":[\"Creaci\u00f3 de continguts\"],\"inLanguage\":\"ca\",\"potentialAction\":[{\"@type\":\"CommentAction\",\"name\":\"Comment\",\"target\":[\"https:\/\/eikonos.com\/ca\/blog\/guia-basica-passos-timelapse-professional\/#respond\"]}]},{\"@type\":\"WebPage\",\"@id\":\"https:\/\/eikonos.com\/ca\/blog\/guia-basica-passos-timelapse-professional\/\",\"url\":\"https:\/\/eikonos.com\/ca\/blog\/guia-basica-passos-timelapse-professional\/\",\"name\":\"Guia b\u00e0sica: com fer un bon timelapse professional | EIKONOS\",\"isPartOf\":{\"@id\":\"https:\/\/eikonos.com\/ca\/#website\"},\"primaryImageOfPage\":{\"@id\":\"https:\/\/eikonos.com\/ca\/blog\/guia-basica-passos-timelapse-professional\/#primaryimage\"},\"image\":{\"@id\":\"https:\/\/eikonos.com\/ca\/blog\/guia-basica-passos-timelapse-professional\/#primaryimage\"},\"thumbnailUrl\":\"https:\/\/eikonos.com\/wp-content\/uploads\/2018\/09\/como-hacer-timelapse-eikonos-1.jpg\",\"datePublished\":\"2018-08-14T08:26:14+00:00\",\"description\":\"Saps com fer un timelape de qualitat? Et deixem una guia b\u00e0sica perqu\u00e8 puguis treure-li el m\u00e0xim partit. No oblidis comptar amb els millors professionals en creaci\u00f3 de continguts per fer-ho realitat!\",\"breadcrumb\":{\"@id\":\"https:\/\/eikonos.com\/ca\/blog\/guia-basica-passos-timelapse-professional\/#breadcrumb\"},\"inLanguage\":\"ca\",\"potentialAction\":[{\"@type\":\"ReadAction\",\"target\":[\"https:\/\/eikonos.com\/ca\/blog\/guia-basica-passos-timelapse-professional\/\"]}]},{\"@type\":\"ImageObject\",\"inLanguage\":\"ca\",\"@id\":\"https:\/\/eikonos.com\/ca\/blog\/guia-basica-passos-timelapse-professional\/#primaryimage\",\"url\":\"https:\/\/eikonos.com\/wp-content\/uploads\/2018\/09\/como-hacer-timelapse-eikonos-1.jpg\",\"contentUrl\":\"https:\/\/eikonos.com\/wp-content\/uploads\/2018\/09\/como-hacer-timelapse-eikonos-1.jpg\",\"width\":724,\"height\":432,\"caption\":\"c\u00f3mo hacer un timelapse\"},{\"@type\":\"BreadcrumbList\",\"@id\":\"https:\/\/eikonos.com\/ca\/blog\/guia-basica-passos-timelapse-professional\/#breadcrumb\",\"itemListElement\":[{\"@type\":\"ListItem\",\"position\":1,\"name\":\"EIKONOS\",\"item\":\"https:\/\/eikonos.com\/ca\/inici\/\"},{\"@type\":\"ListItem\",\"position\":2,\"name\":\"Guia b\u00e0sica: cinc passos per fer un bon timelapse professional\"}]},{\"@type\":\"WebSite\",\"@id\":\"https:\/\/eikonos.com\/ca\/#website\",\"url\":\"https:\/\/eikonos.com\/ca\/\",\"name\":\"EIKONOS\",\"description\":\"EXPERIENCIA AUDIOVISUAL\",\"publisher\":{\"@id\":\"https:\/\/eikonos.com\/ca\/#organization\"},\"potentialAction\":[{\"@type\":\"SearchAction\",\"target\":{\"@type\":\"EntryPoint\",\"urlTemplate\":\"https:\/\/eikonos.com\/ca\/?s={search_term_string}\"},\"query-input\":{\"@type\":\"PropertyValueSpecification\",\"valueRequired\":true,\"valueName\":\"search_term_string\"}}],\"inLanguage\":\"ca\"},{\"@type\":\"Organization\",\"@id\":\"https:\/\/eikonos.com\/ca\/#organization\",\"name\":\"EIKONOS | Servicios Audiovisuales, eventos y alquiler de equipos\",\"url\":\"https:\/\/eikonos.com\/ca\/\",\"logo\":{\"@type\":\"ImageObject\",\"inLanguage\":\"ca\",\"@id\":\"https:\/\/eikonos.com\/ca\/#\/schema\/logo\/image\/\",\"url\":\"https:\/\/eikonos.com\/wp-content\/uploads\/2020\/08\/logo-color.png\",\"contentUrl\":\"https:\/\/eikonos.com\/wp-content\/uploads\/2020\/08\/logo-color.png\",\"width\":376,\"height\":122,\"caption\":\"EIKONOS | Servicios Audiovisuales, eventos y alquiler de equipos\"},\"image\":{\"@id\":\"https:\/\/eikonos.com\/ca\/#\/schema\/logo\/image\/\"},\"sameAs\":[\"http:\/\/www.facebook.com\/pages\/Eikonos\/176324785746790\",\"https:\/\/x.com\/eikonos_sa\",\"http:\/\/www.linkedin.com\/company\/eikonos\",\"http:\/\/www.youtube.com\/channel\/UC8wcizWaAYbfsuqVf9wIT6w\"]},{\"@type\":\"Person\",\"@id\":\"https:\/\/eikonos.com\/ca\/#\/schema\/person\/82032860cc314d826959b90595a5280a\",\"name\":\"Xavi Eikonos\",\"image\":{\"@type\":\"ImageObject\",\"inLanguage\":\"ca\",\"@id\":\"https:\/\/eikonos.com\/ca\/#\/schema\/person\/image\/\",\"url\":\"https:\/\/secure.gravatar.com\/avatar\/a6c6b51dd0ac6902701aab24a914f6febe1518f94a5ae06db08b3d6107248dfd?s=96&d=mm&r=g\",\"contentUrl\":\"https:\/\/secure.gravatar.com\/avatar\/a6c6b51dd0ac6902701aab24a914f6febe1518f94a5ae06db08b3d6107248dfd?s=96&d=mm&r=g\",\"caption\":\"Xavi Eikonos\"}}]}<\/script>\n<!-- \/ Yoast SEO plugin. -->","yoast_head_json":{"title":"Guia b\u00e0sica: com fer un bon timelapse professional | EIKONOS","description":"Saps com fer un timelape de qualitat? Et deixem una guia b\u00e0sica perqu\u00e8 puguis treure-li el m\u00e0xim partit. No oblidis comptar amb els millors professionals en creaci\u00f3 de continguts per fer-ho realitat!","robots":{"index":"index","follow":"follow","max-snippet":"max-snippet:-1","max-image-preview":"max-image-preview:large","max-video-preview":"max-video-preview:-1"},"canonical":"https:\/\/eikonos.com\/ca\/blog\/guia-basica-passos-timelapse-professional\/","og_locale":"ca_ES","og_type":"article","og_title":"Guia b\u00e0sica: com fer un bon timelapse professional | EIKONOS","og_description":"Saps com fer un timelape de qualitat? Et deixem una guia b\u00e0sica perqu\u00e8 puguis treure-li el m\u00e0xim partit. No oblidis comptar amb els millors professionals en creaci\u00f3 de continguts per fer-ho realitat!","og_url":"https:\/\/eikonos.com\/ca\/blog\/guia-basica-passos-timelapse-professional\/","og_site_name":"EIKONOS","article_publisher":"http:\/\/www.facebook.com\/pages\/Eikonos\/176324785746790","article_published_time":"2018-08-14T08:26:14+00:00","og_image":[{"width":724,"height":432,"url":"https:\/\/eikonos.com\/wp-content\/uploads\/2018\/09\/como-hacer-timelapse-eikonos-1.jpg","type":"image\/jpeg"}],"author":"Xavi Eikonos","twitter_card":"summary_large_image","twitter_creator":"@eikonos_sa","twitter_site":"@eikonos_sa","twitter_misc":{"Escrit per":"Xavi Eikonos","Temps estimat de lectura":"3 minuts"},"schema":{"@context":"https:\/\/schema.org","@graph":[{"@type":"Article","@id":"https:\/\/eikonos.com\/ca\/blog\/guia-basica-passos-timelapse-professional\/#article","isPartOf":{"@id":"https:\/\/eikonos.com\/ca\/blog\/guia-basica-passos-timelapse-professional\/"},"author":{"name":"Xavi Eikonos","@id":"https:\/\/eikonos.com\/ca\/#\/schema\/person\/82032860cc314d826959b90595a5280a"},"headline":"Guia b\u00e0sica: cinc passos per fer un bon timelapse professional","datePublished":"2018-08-14T08:26:14+00:00","mainEntityOfPage":{"@id":"https:\/\/eikonos.com\/ca\/blog\/guia-basica-passos-timelapse-professional\/"},"wordCount":643,"commentCount":0,"publisher":{"@id":"https:\/\/eikonos.com\/ca\/#organization"},"image":{"@id":"https:\/\/eikonos.com\/ca\/blog\/guia-basica-passos-timelapse-professional\/#primaryimage"},"thumbnailUrl":"https:\/\/eikonos.com\/wp-content\/uploads\/2018\/09\/como-hacer-timelapse-eikonos-1.jpg","articleSection":["Creaci\u00f3 de continguts"],"inLanguage":"ca","potentialAction":[{"@type":"CommentAction","name":"Comment","target":["https:\/\/eikonos.com\/ca\/blog\/guia-basica-passos-timelapse-professional\/#respond"]}]},{"@type":"WebPage","@id":"https:\/\/eikonos.com\/ca\/blog\/guia-basica-passos-timelapse-professional\/","url":"https:\/\/eikonos.com\/ca\/blog\/guia-basica-passos-timelapse-professional\/","name":"Guia b\u00e0sica: com fer un bon timelapse professional | EIKONOS","isPartOf":{"@id":"https:\/\/eikonos.com\/ca\/#website"},"primaryImageOfPage":{"@id":"https:\/\/eikonos.com\/ca\/blog\/guia-basica-passos-timelapse-professional\/#primaryimage"},"image":{"@id":"https:\/\/eikonos.com\/ca\/blog\/guia-basica-passos-timelapse-professional\/#primaryimage"},"thumbnailUrl":"https:\/\/eikonos.com\/wp-content\/uploads\/2018\/09\/como-hacer-timelapse-eikonos-1.jpg","datePublished":"2018-08-14T08:26:14+00:00","description":"Saps com fer un timelape de qualitat? Et deixem una guia b\u00e0sica perqu\u00e8 puguis treure-li el m\u00e0xim partit. No oblidis comptar amb els millors professionals en creaci\u00f3 de continguts per fer-ho realitat!","breadcrumb":{"@id":"https:\/\/eikonos.com\/ca\/blog\/guia-basica-passos-timelapse-professional\/#breadcrumb"},"inLanguage":"ca","potentialAction":[{"@type":"ReadAction","target":["https:\/\/eikonos.com\/ca\/blog\/guia-basica-passos-timelapse-professional\/"]}]},{"@type":"ImageObject","inLanguage":"ca","@id":"https:\/\/eikonos.com\/ca\/blog\/guia-basica-passos-timelapse-professional\/#primaryimage","url":"https:\/\/eikonos.com\/wp-content\/uploads\/2018\/09\/como-hacer-timelapse-eikonos-1.jpg","contentUrl":"https:\/\/eikonos.com\/wp-content\/uploads\/2018\/09\/como-hacer-timelapse-eikonos-1.jpg","width":724,"height":432,"caption":"c\u00f3mo hacer un timelapse"},{"@type":"BreadcrumbList","@id":"https:\/\/eikonos.com\/ca\/blog\/guia-basica-passos-timelapse-professional\/#breadcrumb","itemListElement":[{"@type":"ListItem","position":1,"name":"EIKONOS","item":"https:\/\/eikonos.com\/ca\/inici\/"},{"@type":"ListItem","position":2,"name":"Guia b\u00e0sica: cinc passos per fer un bon timelapse professional"}]},{"@type":"WebSite","@id":"https:\/\/eikonos.com\/ca\/#website","url":"https:\/\/eikonos.com\/ca\/","name":"EIKONOS","description":"EXPERIENCIA AUDIOVISUAL","publisher":{"@id":"https:\/\/eikonos.com\/ca\/#organization"},"potentialAction":[{"@type":"SearchAction","target":{"@type":"EntryPoint","urlTemplate":"https:\/\/eikonos.com\/ca\/?s={search_term_string}"},"query-input":{"@type":"PropertyValueSpecification","valueRequired":true,"valueName":"search_term_string"}}],"inLanguage":"ca"},{"@type":"Organization","@id":"https:\/\/eikonos.com\/ca\/#organization","name":"EIKONOS | Servicios Audiovisuales, eventos y alquiler de equipos","url":"https:\/\/eikonos.com\/ca\/","logo":{"@type":"ImageObject","inLanguage":"ca","@id":"https:\/\/eikonos.com\/ca\/#\/schema\/logo\/image\/","url":"https:\/\/eikonos.com\/wp-content\/uploads\/2020\/08\/logo-color.png","contentUrl":"https:\/\/eikonos.com\/wp-content\/uploads\/2020\/08\/logo-color.png","width":376,"height":122,"caption":"EIKONOS | Servicios Audiovisuales, eventos y alquiler de equipos"},"image":{"@id":"https:\/\/eikonos.com\/ca\/#\/schema\/logo\/image\/"},"sameAs":["http:\/\/www.facebook.com\/pages\/Eikonos\/176324785746790","https:\/\/x.com\/eikonos_sa","http:\/\/www.linkedin.com\/company\/eikonos","http:\/\/www.youtube.com\/channel\/UC8wcizWaAYbfsuqVf9wIT6w"]},{"@type":"Person","@id":"https:\/\/eikonos.com\/ca\/#\/schema\/person\/82032860cc314d826959b90595a5280a","name":"Xavi Eikonos","image":{"@type":"ImageObject","inLanguage":"ca","@id":"https:\/\/eikonos.com\/ca\/#\/schema\/person\/image\/","url":"https:\/\/secure.gravatar.com\/avatar\/a6c6b51dd0ac6902701aab24a914f6febe1518f94a5ae06db08b3d6107248dfd?s=96&d=mm&r=g","contentUrl":"https:\/\/secure.gravatar.com\/avatar\/a6c6b51dd0ac6902701aab24a914f6febe1518f94a5ae06db08b3d6107248dfd?s=96&d=mm&r=g","caption":"Xavi Eikonos"}}]}},"_links":{"self":[{"href":"https:\/\/eikonos.com\/ca\/wp-json\/wp\/v2\/posts\/5694","targetHints":{"allow":["GET"]}}],"collection":[{"href":"https:\/\/eikonos.com\/ca\/wp-json\/wp\/v2\/posts"}],"about":[{"href":"https:\/\/eikonos.com\/ca\/wp-json\/wp\/v2\/types\/post"}],"author":[{"embeddable":true,"href":"https:\/\/eikonos.com\/ca\/wp-json\/wp\/v2\/users\/6"}],"replies":[{"embeddable":true,"href":"https:\/\/eikonos.com\/ca\/wp-json\/wp\/v2\/comments?post=5694"}],"version-history":[{"count":0,"href":"https:\/\/eikonos.com\/ca\/wp-json\/wp\/v2\/posts\/5694\/revisions"}],"wp:featuredmedia":[{"embeddable":true,"href":"https:\/\/eikonos.com\/ca\/wp-json\/wp\/v2\/media\/5683"}],"wp:attachment":[{"href":"https:\/\/eikonos.com\/ca\/wp-json\/wp\/v2\/media?parent=5694"}],"wp:term":[{"taxonomy":"category","embeddable":true,"href":"https:\/\/eikonos.com\/ca\/wp-json\/wp\/v2\/categories?post=5694"},{"taxonomy":"post_tag","embeddable":true,"href":"https:\/\/eikonos.com\/ca\/wp-json\/wp\/v2\/tags?post=5694"}],"curies":[{"name":"wp","href":"https:\/\/api.w.org\/{rel}","templated":true}]}}