{"id":5673,"date":"2018-08-07T10:25:33","date_gmt":"2018-08-07T08:25:33","guid":{"rendered":"https:\/\/eikonos.com\/?p=5673"},"modified":"2018-08-07T10:25:33","modified_gmt":"2018-08-07T08:25:33","slug":"videowall-esdeveniments-factors","status":"publish","type":"post","link":"https:\/\/eikonos.com\/ca\/blog\/videowall-esdeveniments-factors\/","title":{"rendered":"Videowall per a esdeveniments: quins factors tenir en compte?"},"content":{"rendered":"<p>La tecnologia ens acompanya de la m\u00e0 en el nostre dia a dia. En la nostra era, tot es mou a ritmes vertiginosos i costa estar al dia de les novetats i \u00faltimes tecnologies. M\u00e9s que mai, comptar amb el suport d\u2019equips multidisciplinaris, apostar pel outsourcing i el\u00a0<a href=\"https:\/\/eikonos.com\/ca\/serveis\/lloguer-equips\/\">lloguer de material<\/a> si som organitzadors, \u00e9s un <em>must<\/em>.<\/p>\n<p>No anava a ser menys la comunicaci\u00f3 i l\u2019audiovisual, on els diferents mitjans i equips evolucionen i amb ells sorgeixen nous formats i conceptes. Gran part de culpa de l\u2019aparici\u00f3 d\u2019aquestes noves formes de comunicar la t\u00e9 un espectador cada vegada m\u00e9s exigent, coneixedor dels avan\u00e7os.<\/p>\n<p>Dins de les tend\u00e8ncies que han sorgit en els \u00faltims anys, trobem les pantalles de gran format que s\u00f3n, generalment, de dos tipus: <a href=\"https:\/\/eikonos.com\/ca\/blog\/videowalls-gran-format-platos-televisio\/\">videowalls de gran format<\/a> i pantalles de LED.<\/p>\n<p>Qu\u00e8 he de tenir en compte a l\u2019hora de llogar una pantalla per al meu esdeveniment? \u00c9s preferible <a href=\"https:\/\/eikonos.com\/ca\/portfolio_page\/videowalls\/\">videowall per a esdeveniments<\/a> o un altre tipus de pantalles? A continuaci\u00f3, tractem d\u2019aclarir alguns dubtes i et presentem algunes de les avantatges d\u2019aquest material audiovisual.<\/p>\n<p>&nbsp;<\/p>\n<p><img loading=\"lazy\" decoding=\"async\" class=\"aligncenter wp-image-5668 size-full\" title=\"Pantalles videowall per a esdeveniments\" src=\"https:\/\/eikonos.com\/wp-content\/uploads\/2018\/09\/videowall-eventos-1.jpg\" alt=\"Pantalles videowall per a esdeveniments\" width=\"724\" height=\"432\" srcset=\"https:\/\/eikonos.com\/wp-content\/uploads\/2018\/09\/videowall-eventos-1.jpg 724w, https:\/\/eikonos.com\/wp-content\/uploads\/2018\/09\/videowall-eventos-1-300x179.jpg 300w\" sizes=\"auto, (max-width: 724px) 100vw, 724px\" \/><\/p>\n<p>&nbsp;<\/p>\n<h2><span style=\"color: #ff0000;\">Quan conv\u00e9 un videowall per a esdeveniments? <\/span><\/h2>\n<p>Principalment dep\u00e8n de l\u2019empla\u00e7ament de la mateixa. En interiors s\u00f3n m\u00e9s habituals les pantalles de videowall, sobretot per la seva gran definici\u00f3 en dist\u00e0ncies properes, com tendeix a ser habitual en recintes tancats de menor espai, per exemple stands o zones d\u2019exposici\u00f3 en congressos i fires.<\/p>\n<p>Encara que en interiors tamb\u00e9 s\u00f3n v\u00e0lides les pantalles de LED, aquestes s\u2019acostumen a veure m\u00e9s en exteriors degut a causa que s\u00f3n m\u00e9s resistents a les condicions de temps adverses i el seu major rendiment en aquestes condicions lum\u00edniques.<\/p>\n<p>&nbsp;<\/p>\n<ul>\n<li><strong>Versatilitat<\/strong><\/li>\n<\/ul>\n<p>Al estar formada per diferents pantalles o m\u00f2duls, les pantalles videowall presenten una caracter\u00edstica molt cridanera. Aquestes pantalles permeten mostrar imatges diferents en cadascuna d\u2019elles, emeten diversos continguts de manera simult\u00e0nia, o formar una pantalla completa amb la suma de totes elles per aconseguir un impacte major en l\u2019assistent.<\/p>\n<p>Permet fer imatges diferents i contingut diferenciats, la quantitat de combinacions \u00e9s pr\u00e0cticament infinita. Tot aix\u00f2 treballant amb alta definici\u00f3, ja que cadascun dels diferents monitors t\u00e9 resoluci\u00f3 FULL HD.<\/p>\n<p>&nbsp;<\/p>\n<ul>\n<li><strong>Sony Ziris Canvas<\/strong><\/li>\n<\/ul>\n<p>Aquest sistema desenvolupat per Sony per VideoWall es va introduir al 2008 i ens va descobrir una infinitat d\u2019opcions creatives. Des de col\u00b7locar els monitors en diferents angles des de 0 a 360 graus, formar mosaics amb monitors de diferents grand\u00e0ries i en diverses orientacions, superposar uns monitors sobre uns altres i controlar, multitud de pantalles diferents en resolucions de fins a Ultra HD.<\/p>\n<p>&nbsp;<\/p>\n<ul>\n<li><strong>Un major impacte <\/strong><\/li>\n<\/ul>\n<p>La versatilitat dels videowalls, les seves opcions infinites de formes i angles, la capacitat de jugar amb les imatges gr\u00e0cies a sistemes com Sony Ziris fan d\u2019aquests equips una de les millors opcions a l\u2019hora d\u2019aconseguir resultats impactants.<\/p>\n<p>Al contrari que altres elements, el videowall no est\u00e0 present en qualsevol esdeveniment. Comptar amb una pantalla d\u2019aquest tipus en el nostre, far\u00e0 que el nostre p\u00fablic visqui una experi\u00e8ncia innovadora, atractiva i dif\u00edcil d\u2019oblidar.<\/p>\n<p>Si necessites una pantalla de gran format pel teu proper esdeveniment, a Eikonos posem a la teva disposici\u00f3 els millors mitjans i un gran equip de professionals amb d\u00e8cades d\u2019experi\u00e8ncia en el sector. <strong><em>Parlem!<\/em><\/strong><\/p>\n<p>&nbsp;<\/p>\n<p><a href=\"https:\/\/eikonos.com\/ca\/serveis\/esdeveniments-audiovisuals\/\"><img loading=\"lazy\" decoding=\"async\" class=\"aligncenter wp-image-5478 size-full\" title=\"Eikonos instal\u00b7lacions audiovisuals fixes\" src=\"https:\/\/eikonos.com\/wp-content\/uploads\/2018\/05\/CTA_EIKONOS_instalaciones_fijas-CAT-1.png\" alt=\"Eikonos instal\u00b7lacions audiovisuals fixes\" width=\"741\" height=\"250\" srcset=\"https:\/\/eikonos.com\/wp-content\/uploads\/2018\/05\/CTA_EIKONOS_instalaciones_fijas-CAT-1.png 741w, https:\/\/eikonos.com\/wp-content\/uploads\/2018\/05\/CTA_EIKONOS_instalaciones_fijas-CAT-1-300x101.png 300w\" sizes=\"auto, (max-width: 741px) 100vw, 741px\" \/><\/a><\/p>\n","protected":false},"excerpt":{"rendered":"<p>La tecnologia ens acompanya de la m\u00e0 en el nostre dia a dia. En la&#8230;<\/p>\n","protected":false},"author":6,"featured_media":5669,"comment_status":"open","ping_status":"open","sticky":false,"template":"","format":"standard","meta":{"_acf_changed":false,"footnotes":""},"categories":[260],"tags":[],"class_list":["post-5673","post","type-post","status-publish","format-standard","has-post-thumbnail","hentry","category-esdeveniments-audiovisuals"],"acf":[],"yoast_head":"<!-- This site is optimized with the Yoast SEO plugin v26.3 - https:\/\/yoast.com\/wordpress\/plugins\/seo\/ -->\n<title>Videowall per a esdeveniments: quins factors tenir en compte | EIKONOS<\/title>\n<meta name=\"description\" content=\"Les pantalles videowall s\u00f3n un dels equips audiovisuals de lloguer m\u00e9s imprescindibles per a esdeveniments. Descobreix com aconseguir un major impacte i qu\u00e8 tenir en compte a l&#039;hora de llogar-ho. Nom\u00e9s en el blog d&#039;Eikonos!\" \/>\n<meta name=\"robots\" content=\"index, follow, max-snippet:-1, max-image-preview:large, max-video-preview:-1\" \/>\n<link rel=\"canonical\" href=\"https:\/\/eikonos.com\/ca\/blog\/videowall-esdeveniments-factors\/\" \/>\n<meta property=\"og:locale\" content=\"ca_ES\" \/>\n<meta property=\"og:type\" content=\"article\" \/>\n<meta property=\"og:title\" content=\"Videowall per a esdeveniments: quins factors tenir en compte | EIKONOS\" \/>\n<meta property=\"og:description\" content=\"Les pantalles videowall s\u00f3n un dels equips audiovisuals de lloguer m\u00e9s imprescindibles per a esdeveniments. Descobreix com aconseguir un major impacte i qu\u00e8 tenir en compte a l&#039;hora de llogar-ho. Nom\u00e9s en el blog d&#039;Eikonos!\" \/>\n<meta property=\"og:url\" content=\"https:\/\/eikonos.com\/ca\/blog\/videowall-esdeveniments-factors\/\" \/>\n<meta property=\"og:site_name\" content=\"EIKONOS\" \/>\n<meta property=\"article:publisher\" content=\"http:\/\/www.facebook.com\/pages\/Eikonos\/176324785746790\" \/>\n<meta property=\"article:published_time\" content=\"2018-08-07T08:25:33+00:00\" \/>\n<meta property=\"og:image\" content=\"https:\/\/eikonos.com\/wp-content\/uploads\/2018\/09\/ziris_canvas_eikonos-1.jpg\" \/>\n\t<meta property=\"og:image:width\" content=\"724\" \/>\n\t<meta property=\"og:image:height\" content=\"432\" \/>\n\t<meta property=\"og:image:type\" content=\"image\/jpeg\" \/>\n<meta name=\"author\" content=\"Xavi Eikonos\" \/>\n<meta name=\"twitter:card\" content=\"summary_large_image\" \/>\n<meta name=\"twitter:creator\" content=\"@eikonos_sa\" \/>\n<meta name=\"twitter:site\" content=\"@eikonos_sa\" \/>\n<meta name=\"twitter:label1\" content=\"Escrit per\" \/>\n\t<meta name=\"twitter:data1\" content=\"Xavi Eikonos\" \/>\n\t<meta name=\"twitter:label2\" content=\"Temps estimat de lectura\" \/>\n\t<meta name=\"twitter:data2\" content=\"3 minuts\" \/>\n<script type=\"application\/ld+json\" class=\"yoast-schema-graph\">{\"@context\":\"https:\/\/schema.org\",\"@graph\":[{\"@type\":\"Article\",\"@id\":\"https:\/\/eikonos.com\/ca\/blog\/videowall-esdeveniments-factors\/#article\",\"isPartOf\":{\"@id\":\"https:\/\/eikonos.com\/ca\/blog\/videowall-esdeveniments-factors\/\"},\"author\":{\"name\":\"Xavi Eikonos\",\"@id\":\"https:\/\/eikonos.com\/ca\/#\/schema\/person\/82032860cc314d826959b90595a5280a\"},\"headline\":\"Videowall per a esdeveniments: quins factors tenir en compte?\",\"datePublished\":\"2018-08-07T08:25:33+00:00\",\"mainEntityOfPage\":{\"@id\":\"https:\/\/eikonos.com\/ca\/blog\/videowall-esdeveniments-factors\/\"},\"wordCount\":587,\"commentCount\":0,\"publisher\":{\"@id\":\"https:\/\/eikonos.com\/ca\/#organization\"},\"image\":{\"@id\":\"https:\/\/eikonos.com\/ca\/blog\/videowall-esdeveniments-factors\/#primaryimage\"},\"thumbnailUrl\":\"https:\/\/eikonos.com\/wp-content\/uploads\/2018\/09\/ziris_canvas_eikonos-1.jpg\",\"articleSection\":[\"Esdeveniments audiovisuals\"],\"inLanguage\":\"ca\",\"potentialAction\":[{\"@type\":\"CommentAction\",\"name\":\"Comment\",\"target\":[\"https:\/\/eikonos.com\/ca\/blog\/videowall-esdeveniments-factors\/#respond\"]}]},{\"@type\":\"WebPage\",\"@id\":\"https:\/\/eikonos.com\/ca\/blog\/videowall-esdeveniments-factors\/\",\"url\":\"https:\/\/eikonos.com\/ca\/blog\/videowall-esdeveniments-factors\/\",\"name\":\"Videowall per a esdeveniments: quins factors tenir en compte | EIKONOS\",\"isPartOf\":{\"@id\":\"https:\/\/eikonos.com\/ca\/#website\"},\"primaryImageOfPage\":{\"@id\":\"https:\/\/eikonos.com\/ca\/blog\/videowall-esdeveniments-factors\/#primaryimage\"},\"image\":{\"@id\":\"https:\/\/eikonos.com\/ca\/blog\/videowall-esdeveniments-factors\/#primaryimage\"},\"thumbnailUrl\":\"https:\/\/eikonos.com\/wp-content\/uploads\/2018\/09\/ziris_canvas_eikonos-1.jpg\",\"datePublished\":\"2018-08-07T08:25:33+00:00\",\"description\":\"Les pantalles videowall s\u00f3n un dels equips audiovisuals de lloguer m\u00e9s imprescindibles per a esdeveniments. Descobreix com aconseguir un major impacte i qu\u00e8 tenir en compte a l'hora de llogar-ho. Nom\u00e9s en el blog d'Eikonos!\",\"breadcrumb\":{\"@id\":\"https:\/\/eikonos.com\/ca\/blog\/videowall-esdeveniments-factors\/#breadcrumb\"},\"inLanguage\":\"ca\",\"potentialAction\":[{\"@type\":\"ReadAction\",\"target\":[\"https:\/\/eikonos.com\/ca\/blog\/videowall-esdeveniments-factors\/\"]}]},{\"@type\":\"ImageObject\",\"inLanguage\":\"ca\",\"@id\":\"https:\/\/eikonos.com\/ca\/blog\/videowall-esdeveniments-factors\/#primaryimage\",\"url\":\"https:\/\/eikonos.com\/wp-content\/uploads\/2018\/09\/ziris_canvas_eikonos-1.jpg\",\"contentUrl\":\"https:\/\/eikonos.com\/wp-content\/uploads\/2018\/09\/ziris_canvas_eikonos-1.jpg\",\"width\":724,\"height\":432},{\"@type\":\"BreadcrumbList\",\"@id\":\"https:\/\/eikonos.com\/ca\/blog\/videowall-esdeveniments-factors\/#breadcrumb\",\"itemListElement\":[{\"@type\":\"ListItem\",\"position\":1,\"name\":\"EIKONOS\",\"item\":\"https:\/\/eikonos.com\/ca\/inici\/\"},{\"@type\":\"ListItem\",\"position\":2,\"name\":\"Videowall per a esdeveniments: quins factors tenir en compte?\"}]},{\"@type\":\"WebSite\",\"@id\":\"https:\/\/eikonos.com\/ca\/#website\",\"url\":\"https:\/\/eikonos.com\/ca\/\",\"name\":\"EIKONOS\",\"description\":\"EXPERIENCIA AUDIOVISUAL\",\"publisher\":{\"@id\":\"https:\/\/eikonos.com\/ca\/#organization\"},\"potentialAction\":[{\"@type\":\"SearchAction\",\"target\":{\"@type\":\"EntryPoint\",\"urlTemplate\":\"https:\/\/eikonos.com\/ca\/?s={search_term_string}\"},\"query-input\":{\"@type\":\"PropertyValueSpecification\",\"valueRequired\":true,\"valueName\":\"search_term_string\"}}],\"inLanguage\":\"ca\"},{\"@type\":\"Organization\",\"@id\":\"https:\/\/eikonos.com\/ca\/#organization\",\"name\":\"EIKONOS | Servicios Audiovisuales, eventos y alquiler de equipos\",\"url\":\"https:\/\/eikonos.com\/ca\/\",\"logo\":{\"@type\":\"ImageObject\",\"inLanguage\":\"ca\",\"@id\":\"https:\/\/eikonos.com\/ca\/#\/schema\/logo\/image\/\",\"url\":\"https:\/\/eikonos.com\/wp-content\/uploads\/2020\/08\/logo-color.png\",\"contentUrl\":\"https:\/\/eikonos.com\/wp-content\/uploads\/2020\/08\/logo-color.png\",\"width\":376,\"height\":122,\"caption\":\"EIKONOS | Servicios Audiovisuales, eventos y alquiler de equipos\"},\"image\":{\"@id\":\"https:\/\/eikonos.com\/ca\/#\/schema\/logo\/image\/\"},\"sameAs\":[\"http:\/\/www.facebook.com\/pages\/Eikonos\/176324785746790\",\"https:\/\/x.com\/eikonos_sa\",\"http:\/\/www.linkedin.com\/company\/eikonos\",\"http:\/\/www.youtube.com\/channel\/UC8wcizWaAYbfsuqVf9wIT6w\"]},{\"@type\":\"Person\",\"@id\":\"https:\/\/eikonos.com\/ca\/#\/schema\/person\/82032860cc314d826959b90595a5280a\",\"name\":\"Xavi Eikonos\",\"image\":{\"@type\":\"ImageObject\",\"inLanguage\":\"ca\",\"@id\":\"https:\/\/eikonos.com\/ca\/#\/schema\/person\/image\/\",\"url\":\"https:\/\/secure.gravatar.com\/avatar\/a6c6b51dd0ac6902701aab24a914f6febe1518f94a5ae06db08b3d6107248dfd?s=96&d=mm&r=g\",\"contentUrl\":\"https:\/\/secure.gravatar.com\/avatar\/a6c6b51dd0ac6902701aab24a914f6febe1518f94a5ae06db08b3d6107248dfd?s=96&d=mm&r=g\",\"caption\":\"Xavi Eikonos\"}}]}<\/script>\n<!-- \/ Yoast SEO plugin. -->","yoast_head_json":{"title":"Videowall per a esdeveniments: quins factors tenir en compte | EIKONOS","description":"Les pantalles videowall s\u00f3n un dels equips audiovisuals de lloguer m\u00e9s imprescindibles per a esdeveniments. Descobreix com aconseguir un major impacte i qu\u00e8 tenir en compte a l'hora de llogar-ho. Nom\u00e9s en el blog d'Eikonos!","robots":{"index":"index","follow":"follow","max-snippet":"max-snippet:-1","max-image-preview":"max-image-preview:large","max-video-preview":"max-video-preview:-1"},"canonical":"https:\/\/eikonos.com\/ca\/blog\/videowall-esdeveniments-factors\/","og_locale":"ca_ES","og_type":"article","og_title":"Videowall per a esdeveniments: quins factors tenir en compte | EIKONOS","og_description":"Les pantalles videowall s\u00f3n un dels equips audiovisuals de lloguer m\u00e9s imprescindibles per a esdeveniments. Descobreix com aconseguir un major impacte i qu\u00e8 tenir en compte a l'hora de llogar-ho. Nom\u00e9s en el blog d'Eikonos!","og_url":"https:\/\/eikonos.com\/ca\/blog\/videowall-esdeveniments-factors\/","og_site_name":"EIKONOS","article_publisher":"http:\/\/www.facebook.com\/pages\/Eikonos\/176324785746790","article_published_time":"2018-08-07T08:25:33+00:00","og_image":[{"width":724,"height":432,"url":"https:\/\/eikonos.com\/wp-content\/uploads\/2018\/09\/ziris_canvas_eikonos-1.jpg","type":"image\/jpeg"}],"author":"Xavi Eikonos","twitter_card":"summary_large_image","twitter_creator":"@eikonos_sa","twitter_site":"@eikonos_sa","twitter_misc":{"Escrit per":"Xavi Eikonos","Temps estimat de lectura":"3 minuts"},"schema":{"@context":"https:\/\/schema.org","@graph":[{"@type":"Article","@id":"https:\/\/eikonos.com\/ca\/blog\/videowall-esdeveniments-factors\/#article","isPartOf":{"@id":"https:\/\/eikonos.com\/ca\/blog\/videowall-esdeveniments-factors\/"},"author":{"name":"Xavi Eikonos","@id":"https:\/\/eikonos.com\/ca\/#\/schema\/person\/82032860cc314d826959b90595a5280a"},"headline":"Videowall per a esdeveniments: quins factors tenir en compte?","datePublished":"2018-08-07T08:25:33+00:00","mainEntityOfPage":{"@id":"https:\/\/eikonos.com\/ca\/blog\/videowall-esdeveniments-factors\/"},"wordCount":587,"commentCount":0,"publisher":{"@id":"https:\/\/eikonos.com\/ca\/#organization"},"image":{"@id":"https:\/\/eikonos.com\/ca\/blog\/videowall-esdeveniments-factors\/#primaryimage"},"thumbnailUrl":"https:\/\/eikonos.com\/wp-content\/uploads\/2018\/09\/ziris_canvas_eikonos-1.jpg","articleSection":["Esdeveniments audiovisuals"],"inLanguage":"ca","potentialAction":[{"@type":"CommentAction","name":"Comment","target":["https:\/\/eikonos.com\/ca\/blog\/videowall-esdeveniments-factors\/#respond"]}]},{"@type":"WebPage","@id":"https:\/\/eikonos.com\/ca\/blog\/videowall-esdeveniments-factors\/","url":"https:\/\/eikonos.com\/ca\/blog\/videowall-esdeveniments-factors\/","name":"Videowall per a esdeveniments: quins factors tenir en compte | EIKONOS","isPartOf":{"@id":"https:\/\/eikonos.com\/ca\/#website"},"primaryImageOfPage":{"@id":"https:\/\/eikonos.com\/ca\/blog\/videowall-esdeveniments-factors\/#primaryimage"},"image":{"@id":"https:\/\/eikonos.com\/ca\/blog\/videowall-esdeveniments-factors\/#primaryimage"},"thumbnailUrl":"https:\/\/eikonos.com\/wp-content\/uploads\/2018\/09\/ziris_canvas_eikonos-1.jpg","datePublished":"2018-08-07T08:25:33+00:00","description":"Les pantalles videowall s\u00f3n un dels equips audiovisuals de lloguer m\u00e9s imprescindibles per a esdeveniments. Descobreix com aconseguir un major impacte i qu\u00e8 tenir en compte a l'hora de llogar-ho. Nom\u00e9s en el blog d'Eikonos!","breadcrumb":{"@id":"https:\/\/eikonos.com\/ca\/blog\/videowall-esdeveniments-factors\/#breadcrumb"},"inLanguage":"ca","potentialAction":[{"@type":"ReadAction","target":["https:\/\/eikonos.com\/ca\/blog\/videowall-esdeveniments-factors\/"]}]},{"@type":"ImageObject","inLanguage":"ca","@id":"https:\/\/eikonos.com\/ca\/blog\/videowall-esdeveniments-factors\/#primaryimage","url":"https:\/\/eikonos.com\/wp-content\/uploads\/2018\/09\/ziris_canvas_eikonos-1.jpg","contentUrl":"https:\/\/eikonos.com\/wp-content\/uploads\/2018\/09\/ziris_canvas_eikonos-1.jpg","width":724,"height":432},{"@type":"BreadcrumbList","@id":"https:\/\/eikonos.com\/ca\/blog\/videowall-esdeveniments-factors\/#breadcrumb","itemListElement":[{"@type":"ListItem","position":1,"name":"EIKONOS","item":"https:\/\/eikonos.com\/ca\/inici\/"},{"@type":"ListItem","position":2,"name":"Videowall per a esdeveniments: quins factors tenir en compte?"}]},{"@type":"WebSite","@id":"https:\/\/eikonos.com\/ca\/#website","url":"https:\/\/eikonos.com\/ca\/","name":"EIKONOS","description":"EXPERIENCIA AUDIOVISUAL","publisher":{"@id":"https:\/\/eikonos.com\/ca\/#organization"},"potentialAction":[{"@type":"SearchAction","target":{"@type":"EntryPoint","urlTemplate":"https:\/\/eikonos.com\/ca\/?s={search_term_string}"},"query-input":{"@type":"PropertyValueSpecification","valueRequired":true,"valueName":"search_term_string"}}],"inLanguage":"ca"},{"@type":"Organization","@id":"https:\/\/eikonos.com\/ca\/#organization","name":"EIKONOS | Servicios Audiovisuales, eventos y alquiler de equipos","url":"https:\/\/eikonos.com\/ca\/","logo":{"@type":"ImageObject","inLanguage":"ca","@id":"https:\/\/eikonos.com\/ca\/#\/schema\/logo\/image\/","url":"https:\/\/eikonos.com\/wp-content\/uploads\/2020\/08\/logo-color.png","contentUrl":"https:\/\/eikonos.com\/wp-content\/uploads\/2020\/08\/logo-color.png","width":376,"height":122,"caption":"EIKONOS | Servicios Audiovisuales, eventos y alquiler de equipos"},"image":{"@id":"https:\/\/eikonos.com\/ca\/#\/schema\/logo\/image\/"},"sameAs":["http:\/\/www.facebook.com\/pages\/Eikonos\/176324785746790","https:\/\/x.com\/eikonos_sa","http:\/\/www.linkedin.com\/company\/eikonos","http:\/\/www.youtube.com\/channel\/UC8wcizWaAYbfsuqVf9wIT6w"]},{"@type":"Person","@id":"https:\/\/eikonos.com\/ca\/#\/schema\/person\/82032860cc314d826959b90595a5280a","name":"Xavi Eikonos","image":{"@type":"ImageObject","inLanguage":"ca","@id":"https:\/\/eikonos.com\/ca\/#\/schema\/person\/image\/","url":"https:\/\/secure.gravatar.com\/avatar\/a6c6b51dd0ac6902701aab24a914f6febe1518f94a5ae06db08b3d6107248dfd?s=96&d=mm&r=g","contentUrl":"https:\/\/secure.gravatar.com\/avatar\/a6c6b51dd0ac6902701aab24a914f6febe1518f94a5ae06db08b3d6107248dfd?s=96&d=mm&r=g","caption":"Xavi Eikonos"}}]}},"_links":{"self":[{"href":"https:\/\/eikonos.com\/ca\/wp-json\/wp\/v2\/posts\/5673","targetHints":{"allow":["GET"]}}],"collection":[{"href":"https:\/\/eikonos.com\/ca\/wp-json\/wp\/v2\/posts"}],"about":[{"href":"https:\/\/eikonos.com\/ca\/wp-json\/wp\/v2\/types\/post"}],"author":[{"embeddable":true,"href":"https:\/\/eikonos.com\/ca\/wp-json\/wp\/v2\/users\/6"}],"replies":[{"embeddable":true,"href":"https:\/\/eikonos.com\/ca\/wp-json\/wp\/v2\/comments?post=5673"}],"version-history":[{"count":0,"href":"https:\/\/eikonos.com\/ca\/wp-json\/wp\/v2\/posts\/5673\/revisions"}],"wp:featuredmedia":[{"embeddable":true,"href":"https:\/\/eikonos.com\/ca\/wp-json\/wp\/v2\/media\/5669"}],"wp:attachment":[{"href":"https:\/\/eikonos.com\/ca\/wp-json\/wp\/v2\/media?parent=5673"}],"wp:term":[{"taxonomy":"category","embeddable":true,"href":"https:\/\/eikonos.com\/ca\/wp-json\/wp\/v2\/categories?post=5673"},{"taxonomy":"post_tag","embeddable":true,"href":"https:\/\/eikonos.com\/ca\/wp-json\/wp\/v2\/tags?post=5673"}],"curies":[{"name":"wp","href":"https:\/\/api.w.org\/{rel}","templated":true}]}}