{"id":5630,"date":"2018-07-18T12:37:36","date_gmt":"2018-07-18T10:37:36","guid":{"rendered":"https:\/\/eikonos.com\/?p=5630"},"modified":"2018-07-18T12:37:36","modified_gmt":"2018-07-18T10:37:36","slug":"equip-audiovisual-necessito-plato-televisio","status":"publish","type":"post","link":"https:\/\/eikonos.com\/ca\/blog\/equip-audiovisual-necessito-plato-televisio\/","title":{"rendered":"Quin equip audiovisual necessito per muntar un plat\u00f3 de televisi\u00f3?"},"content":{"rendered":"<p>Un dels entramats m\u00e9s complexos que ens podem trobar en l\u2019\u00e0mbit audiovisual \u00e9s un plat\u00f3 de televisi\u00f3. Aquests escenaris s\u00f3n tan complexos que fins i tot s\u2019organitzen visites guiades en les quals es poden admirar la gran quantitat d\u2019elements que els conformen i que donen lloc a la m\u00e0gia.<\/p>\n<p>Els nous formats televisius i la tend\u00e8ncia creixent a l\u2019espectacularitzaci\u00f3 de la comunicaci\u00f3, han donat lloc a una forma de fer tele en la qual se\u2019ns mostren les entranyes d\u2019aquesta. No obstant aix\u00f2, hi ha qui encara desconeix tot el que s\u2019amaga darrere les c\u00e0meres.<\/p>\n<p>L\u2019<a href=\"https:\/\/eikonos.com\/ca\/portfolio_page\/platos-de-tv-i-rodatges\/\">equip per a plat\u00f3 de televisi\u00f3<\/a> est\u00e0 conformat per multitud d\u2019elements que s\u2019uneixen com un puzle, junt a un incre\u00efble grup de professionals que fan possible que des de casa gaudim dels nostres programes preferits.<\/p>\n<p>&nbsp;<\/p>\n<h2><span style=\"color: #ff0000;\">Equips de captaci\u00f3 d\u2019imatge, gravaci\u00f3, il\u00b7luminaci\u00f3 i so<\/span><\/h2>\n<p>S\u00f3n els bra\u00e7os armats d\u2019un plat\u00f3. Els equips de v\u00eddeo-gravaci\u00f3, il\u00b7luminaci\u00f3 i so estan en continu \u201cmoviment\u201d, pateixen un canvi constant en funci\u00f3 de les necessitats del programa. Tot i aix\u00f2, el nivell de planificaci\u00f3 en televisi\u00f3 arriba precisament a preveure possibles situacions i poder disposar dels mitjans per escometre-les.<\/p>\n<p>Les <strong>c\u00e0meres<\/strong> van i venen, canvien de plans, des de la realitzaci\u00f3 es va d\u2019una a una altra per construir l\u2019emissi\u00f3 i donar-li ritme. Poden ser robotitzades, operades per control remot, a l\u2019espatlla, amb tr\u00edpode, en grua, muntades en un rail de <em>travelling<\/em>&#8230; \u00c9s a dir, existeixen totes les possibilitats perqu\u00e8 la creativitat no trobi l\u00edmits t\u00e8cnics.<\/p>\n<p><strong>La graella sobre el plat\u00f3<\/strong> situa sobre l\u2019escenari un sistema d\u2019il\u00b7luminaci\u00f3, com pantalles KINO, focus HMI o Fresnel, encarregats d\u2019aconseguir el millor ambient a trav\u00e9s de diferents tipus de llums i temperatures de color, cuidant tots els angles, evitant ombres no desitjades i no tacant pantalles de v\u00eddeo o led.<br \/>\nNo es tracta nom\u00e9s de \u201cposar llum\u201d, ja que l\u2019art d\u2019il\u00b7luminar perqu\u00e8 surti b\u00e9 en pantalla \u00e9s un verdader exercici d\u2019equilibri entre la tecnologia i la creativitat art\u00edstica.<\/p>\n<p>El <strong>so<\/strong> tamb\u00e9 \u00e9s important. Els presentadors precisen de sistemes que recullen la seva veu, a m\u00e9s de la necessitat de qu\u00e8 tot l\u2019equip (c\u00e0meres, realitzaci\u00f3, regidor, director, productor, etc\u00e8tera) estiguin connectats entre si, mitjan\u00e7ant equips d\u2019intercomunicaci\u00f3. Els <strong>micr\u00f2fons<\/strong> (de m\u00e0, de diadema, de sobretaula, ambientals) o, incl\u00fas monitors per portar el so al p\u00fablic del plat\u00f3 ho completen.<\/p>\n<p>&nbsp;<\/p>\n<h2><span style=\"color: #ff0000;\">Panels de LED o pantalles de plasma<\/span><\/h2>\n<p>Tant com per aportar informaci\u00f3 al p\u00fablic durant la pr\u00f2pia emissi\u00f3 com per informar o guiar als propis presentadors, els <strong>panels i<\/strong> <strong>pantalles<\/strong> s\u00f3n un equip per plat\u00f3s de televisi\u00f3 indispensable. Incorporen elements gr\u00e0fics, fotografies o v\u00eddeos que recolzen, a manera de tel\u00f3 de fons, les paraules del presentador i col\u00b7laboradors.<\/p>\n<p>Les <a href=\"https:\/\/eikonos.com\/ca\/portfolio_page\/pantalles-de-leds\/\">pantalles LED<\/a> aporten molt valor als continguts i afavoreixen el que veiem el programa com un espectacle sense parang\u00f3.<\/p>\n<p><strong>\u00a0<\/strong><\/p>\n<h2><span style=\"color: #ff0000;\">Pantalles no convencionals<\/span><\/h2>\n<p>De la mateixa manera que les pantalles de LED o plasma de gran format, trobem <strong>pantalles de corbes, c\u00f2ncaves o convexes, pantalles que es mouen. <\/strong><\/p>\n<p>Aquestes poden ser, a m\u00e9s, d\u2019una sola pe\u00e7a o formada per diverses creant un mosaic, el que converteix la projecci\u00f3 de la imatge en un gran conjunt visual que ho podem adequar a la mida que desitgem.<\/p>\n<p>Poden fer la mateixa funci\u00f3 que les primeres o podem trobar-les fora de pla, on compleixen altres funcions: ajudar al presentador o col\u00b7laboradors, o formar part de l\u2019ambientaci\u00f3. Poden tant mostrar l\u2019emissi\u00f3 en directe o informaci\u00f3 necess\u00e0ria per conduir el programa, com ser un complement decoratiu amb textures i colors.<\/p>\n<p><strong>\u00a0<\/strong><\/p>\n<h2><span style=\"color: #ff0000;\">Dissenyador d\u2019escenografia<\/span><\/h2>\n<p>Aquesta figura de l\u2019equip \u00e9s l\u2019encarregada de concebre l\u2019aspecte f\u00edsic del programa, el mobiliari, els elements decoratius&#8230; En complicitat amb el dissenyador d\u2019il\u00b7luminaci\u00f3, ser\u00e0 el primer canal de comunicaci\u00f3 amb el p\u00fablic.<\/p>\n<p>No \u00e9s el mateix dissenyar el plat\u00f3 d\u2019un noticiari, d\u2019un <em>late night <\/em>o d\u2019un programa tipus magazine. Tot t\u00e9 el seu car\u00e0cter, incl\u00fas la idiosincr\u00e0sia de la cadena per la qual s\u2019emet ha d\u2019estar representada en la idea general del que veurem a les nostres pantalles.<\/p>\n<p>&nbsp;<\/p>\n<p>Necessites m\u00e9s informaci\u00f3 sobre l\u2019equip per a plat\u00f3s de televisi\u00f3? <strong><em>Parlem!<\/em><\/strong><\/p>\n<p><a href=\"https:\/\/eikonos.com\/ca\/serveis\/instal%C2%B7lacions-fixes\/\"><img loading=\"lazy\" decoding=\"async\" class=\"aligncenter wp-image-5478 size-full\" title=\"Eikonos instal\u00b7lacions audiovisuals fixes\" src=\"https:\/\/eikonos.com\/wp-content\/uploads\/2018\/05\/CTA_EIKONOS_instalaciones_fijas-CAT-1.png\" alt=\"Eikonos instal\u00b7lacions audiovisuals fixes\" width=\"741\" height=\"250\" srcset=\"https:\/\/eikonos.com\/wp-content\/uploads\/2018\/05\/CTA_EIKONOS_instalaciones_fijas-CAT-1.png 741w, https:\/\/eikonos.com\/wp-content\/uploads\/2018\/05\/CTA_EIKONOS_instalaciones_fijas-CAT-1-300x101.png 300w\" sizes=\"auto, (max-width: 741px) 100vw, 741px\" \/><\/a><\/p>\n","protected":false},"excerpt":{"rendered":"<p>Un dels entramats m\u00e9s complexos que ens podem trobar en l\u2019\u00e0mbit audiovisual \u00e9s un plat\u00f3&#8230;<\/p>\n","protected":false},"author":6,"featured_media":5577,"comment_status":"open","ping_status":"open","sticky":false,"template":"","format":"standard","meta":{"_acf_changed":false,"footnotes":""},"categories":[255],"tags":[],"class_list":["post-5630","post","type-post","status-publish","format-standard","has-post-thumbnail","hentry","category-installacions-fixes"],"acf":[],"yoast_head":"<!-- This site is optimized with the Yoast SEO plugin v26.3 - https:\/\/yoast.com\/wordpress\/plugins\/seo\/ -->\n<title>Quin equip audiovisual necessito per muntar un plat\u00f3 de televisi\u00f3? | EIKONOS<\/title>\n<meta name=\"description\" content=\"Que hi ha darrere de la c\u00e0mera? Qui s\u2019amaga rere la pantalla? T\u2019expliquem l\u2019equip per muntar un plat\u00f3 de televisi\u00f3 i l\u2019equip de professionals que ho fa tot possible, Nom\u00e9s en el blog de Eikonos.\" \/>\n<meta name=\"robots\" content=\"index, follow, max-snippet:-1, max-image-preview:large, max-video-preview:-1\" \/>\n<link rel=\"canonical\" href=\"https:\/\/eikonos.com\/ca\/blog\/equip-audiovisual-necessito-plato-televisio\/\" \/>\n<meta property=\"og:locale\" content=\"ca_ES\" \/>\n<meta property=\"og:type\" content=\"article\" \/>\n<meta property=\"og:title\" content=\"Quin equip audiovisual necessito per muntar un plat\u00f3 de televisi\u00f3? | EIKONOS\" \/>\n<meta property=\"og:description\" content=\"Que hi ha darrere de la c\u00e0mera? Qui s\u2019amaga rere la pantalla? T\u2019expliquem l\u2019equip per muntar un plat\u00f3 de televisi\u00f3 i l\u2019equip de professionals que ho fa tot possible, Nom\u00e9s en el blog de Eikonos.\" \/>\n<meta property=\"og:url\" content=\"https:\/\/eikonos.com\/ca\/blog\/equip-audiovisual-necessito-plato-televisio\/\" \/>\n<meta property=\"og:site_name\" content=\"EIKONOS\" \/>\n<meta property=\"article:publisher\" content=\"http:\/\/www.facebook.com\/pages\/Eikonos\/176324785746790\" \/>\n<meta property=\"article:published_time\" content=\"2018-07-18T10:37:36+00:00\" \/>\n<meta property=\"og:image\" content=\"https:\/\/eikonos.com\/wp-content\/uploads\/2018\/07\/equipo-platos-television-1.jpg\" \/>\n\t<meta property=\"og:image:width\" content=\"724\" \/>\n\t<meta property=\"og:image:height\" content=\"432\" \/>\n\t<meta property=\"og:image:type\" content=\"image\/jpeg\" \/>\n<meta name=\"author\" content=\"Xavi Eikonos\" \/>\n<meta name=\"twitter:card\" content=\"summary_large_image\" \/>\n<meta name=\"twitter:creator\" content=\"@eikonos_sa\" \/>\n<meta name=\"twitter:site\" content=\"@eikonos_sa\" \/>\n<meta name=\"twitter:label1\" content=\"Escrit per\" \/>\n\t<meta name=\"twitter:data1\" content=\"Xavi Eikonos\" \/>\n\t<meta name=\"twitter:label2\" content=\"Temps estimat de lectura\" \/>\n\t<meta name=\"twitter:data2\" content=\"4 minuts\" \/>\n<script type=\"application\/ld+json\" class=\"yoast-schema-graph\">{\"@context\":\"https:\/\/schema.org\",\"@graph\":[{\"@type\":\"Article\",\"@id\":\"https:\/\/eikonos.com\/ca\/blog\/equip-audiovisual-necessito-plato-televisio\/#article\",\"isPartOf\":{\"@id\":\"https:\/\/eikonos.com\/ca\/blog\/equip-audiovisual-necessito-plato-televisio\/\"},\"author\":{\"name\":\"Xavi Eikonos\",\"@id\":\"https:\/\/eikonos.com\/ca\/#\/schema\/person\/82032860cc314d826959b90595a5280a\"},\"headline\":\"Quin equip audiovisual necessito per muntar un plat\u00f3 de televisi\u00f3?\",\"datePublished\":\"2018-07-18T10:37:36+00:00\",\"mainEntityOfPage\":{\"@id\":\"https:\/\/eikonos.com\/ca\/blog\/equip-audiovisual-necessito-plato-televisio\/\"},\"wordCount\":763,\"commentCount\":0,\"publisher\":{\"@id\":\"https:\/\/eikonos.com\/ca\/#organization\"},\"image\":{\"@id\":\"https:\/\/eikonos.com\/ca\/blog\/equip-audiovisual-necessito-plato-televisio\/#primaryimage\"},\"thumbnailUrl\":\"https:\/\/eikonos.com\/wp-content\/uploads\/2018\/07\/equipo-platos-television-1.jpg\",\"articleSection\":[\"Instal\u00b7lacions fixes\"],\"inLanguage\":\"ca\",\"potentialAction\":[{\"@type\":\"CommentAction\",\"name\":\"Comment\",\"target\":[\"https:\/\/eikonos.com\/ca\/blog\/equip-audiovisual-necessito-plato-televisio\/#respond\"]}]},{\"@type\":\"WebPage\",\"@id\":\"https:\/\/eikonos.com\/ca\/blog\/equip-audiovisual-necessito-plato-televisio\/\",\"url\":\"https:\/\/eikonos.com\/ca\/blog\/equip-audiovisual-necessito-plato-televisio\/\",\"name\":\"Quin equip audiovisual necessito per muntar un plat\u00f3 de televisi\u00f3? | EIKONOS\",\"isPartOf\":{\"@id\":\"https:\/\/eikonos.com\/ca\/#website\"},\"primaryImageOfPage\":{\"@id\":\"https:\/\/eikonos.com\/ca\/blog\/equip-audiovisual-necessito-plato-televisio\/#primaryimage\"},\"image\":{\"@id\":\"https:\/\/eikonos.com\/ca\/blog\/equip-audiovisual-necessito-plato-televisio\/#primaryimage\"},\"thumbnailUrl\":\"https:\/\/eikonos.com\/wp-content\/uploads\/2018\/07\/equipo-platos-television-1.jpg\",\"datePublished\":\"2018-07-18T10:37:36+00:00\",\"description\":\"Que hi ha darrere de la c\u00e0mera? Qui s\u2019amaga rere la pantalla? T\u2019expliquem l\u2019equip per muntar un plat\u00f3 de televisi\u00f3 i l\u2019equip de professionals que ho fa tot possible, Nom\u00e9s en el blog de Eikonos.\",\"breadcrumb\":{\"@id\":\"https:\/\/eikonos.com\/ca\/blog\/equip-audiovisual-necessito-plato-televisio\/#breadcrumb\"},\"inLanguage\":\"ca\",\"potentialAction\":[{\"@type\":\"ReadAction\",\"target\":[\"https:\/\/eikonos.com\/ca\/blog\/equip-audiovisual-necessito-plato-televisio\/\"]}]},{\"@type\":\"ImageObject\",\"inLanguage\":\"ca\",\"@id\":\"https:\/\/eikonos.com\/ca\/blog\/equip-audiovisual-necessito-plato-televisio\/#primaryimage\",\"url\":\"https:\/\/eikonos.com\/wp-content\/uploads\/2018\/07\/equipo-platos-television-1.jpg\",\"contentUrl\":\"https:\/\/eikonos.com\/wp-content\/uploads\/2018\/07\/equipo-platos-television-1.jpg\",\"width\":724,\"height\":432,\"caption\":\"Equipo para plat\u00f3s de televisi\u00f3n\"},{\"@type\":\"BreadcrumbList\",\"@id\":\"https:\/\/eikonos.com\/ca\/blog\/equip-audiovisual-necessito-plato-televisio\/#breadcrumb\",\"itemListElement\":[{\"@type\":\"ListItem\",\"position\":1,\"name\":\"EIKONOS\",\"item\":\"https:\/\/eikonos.com\/ca\/inici\/\"},{\"@type\":\"ListItem\",\"position\":2,\"name\":\"Quin equip audiovisual necessito per muntar un plat\u00f3 de televisi\u00f3?\"}]},{\"@type\":\"WebSite\",\"@id\":\"https:\/\/eikonos.com\/ca\/#website\",\"url\":\"https:\/\/eikonos.com\/ca\/\",\"name\":\"EIKONOS\",\"description\":\"EXPERIENCIA AUDIOVISUAL\",\"publisher\":{\"@id\":\"https:\/\/eikonos.com\/ca\/#organization\"},\"potentialAction\":[{\"@type\":\"SearchAction\",\"target\":{\"@type\":\"EntryPoint\",\"urlTemplate\":\"https:\/\/eikonos.com\/ca\/?s={search_term_string}\"},\"query-input\":{\"@type\":\"PropertyValueSpecification\",\"valueRequired\":true,\"valueName\":\"search_term_string\"}}],\"inLanguage\":\"ca\"},{\"@type\":\"Organization\",\"@id\":\"https:\/\/eikonos.com\/ca\/#organization\",\"name\":\"EIKONOS | Servicios Audiovisuales, eventos y alquiler de equipos\",\"url\":\"https:\/\/eikonos.com\/ca\/\",\"logo\":{\"@type\":\"ImageObject\",\"inLanguage\":\"ca\",\"@id\":\"https:\/\/eikonos.com\/ca\/#\/schema\/logo\/image\/\",\"url\":\"https:\/\/eikonos.com\/wp-content\/uploads\/2020\/08\/logo-color.png\",\"contentUrl\":\"https:\/\/eikonos.com\/wp-content\/uploads\/2020\/08\/logo-color.png\",\"width\":376,\"height\":122,\"caption\":\"EIKONOS | Servicios Audiovisuales, eventos y alquiler de equipos\"},\"image\":{\"@id\":\"https:\/\/eikonos.com\/ca\/#\/schema\/logo\/image\/\"},\"sameAs\":[\"http:\/\/www.facebook.com\/pages\/Eikonos\/176324785746790\",\"https:\/\/x.com\/eikonos_sa\",\"http:\/\/www.linkedin.com\/company\/eikonos\",\"http:\/\/www.youtube.com\/channel\/UC8wcizWaAYbfsuqVf9wIT6w\"]},{\"@type\":\"Person\",\"@id\":\"https:\/\/eikonos.com\/ca\/#\/schema\/person\/82032860cc314d826959b90595a5280a\",\"name\":\"Xavi Eikonos\",\"image\":{\"@type\":\"ImageObject\",\"inLanguage\":\"ca\",\"@id\":\"https:\/\/eikonos.com\/ca\/#\/schema\/person\/image\/\",\"url\":\"https:\/\/secure.gravatar.com\/avatar\/a6c6b51dd0ac6902701aab24a914f6febe1518f94a5ae06db08b3d6107248dfd?s=96&d=mm&r=g\",\"contentUrl\":\"https:\/\/secure.gravatar.com\/avatar\/a6c6b51dd0ac6902701aab24a914f6febe1518f94a5ae06db08b3d6107248dfd?s=96&d=mm&r=g\",\"caption\":\"Xavi Eikonos\"}}]}<\/script>\n<!-- \/ Yoast SEO plugin. -->","yoast_head_json":{"title":"Quin equip audiovisual necessito per muntar un plat\u00f3 de televisi\u00f3? | EIKONOS","description":"Que hi ha darrere de la c\u00e0mera? Qui s\u2019amaga rere la pantalla? T\u2019expliquem l\u2019equip per muntar un plat\u00f3 de televisi\u00f3 i l\u2019equip de professionals que ho fa tot possible, Nom\u00e9s en el blog de Eikonos.","robots":{"index":"index","follow":"follow","max-snippet":"max-snippet:-1","max-image-preview":"max-image-preview:large","max-video-preview":"max-video-preview:-1"},"canonical":"https:\/\/eikonos.com\/ca\/blog\/equip-audiovisual-necessito-plato-televisio\/","og_locale":"ca_ES","og_type":"article","og_title":"Quin equip audiovisual necessito per muntar un plat\u00f3 de televisi\u00f3? | EIKONOS","og_description":"Que hi ha darrere de la c\u00e0mera? Qui s\u2019amaga rere la pantalla? T\u2019expliquem l\u2019equip per muntar un plat\u00f3 de televisi\u00f3 i l\u2019equip de professionals que ho fa tot possible, Nom\u00e9s en el blog de Eikonos.","og_url":"https:\/\/eikonos.com\/ca\/blog\/equip-audiovisual-necessito-plato-televisio\/","og_site_name":"EIKONOS","article_publisher":"http:\/\/www.facebook.com\/pages\/Eikonos\/176324785746790","article_published_time":"2018-07-18T10:37:36+00:00","og_image":[{"width":724,"height":432,"url":"https:\/\/eikonos.com\/wp-content\/uploads\/2018\/07\/equipo-platos-television-1.jpg","type":"image\/jpeg"}],"author":"Xavi Eikonos","twitter_card":"summary_large_image","twitter_creator":"@eikonos_sa","twitter_site":"@eikonos_sa","twitter_misc":{"Escrit per":"Xavi Eikonos","Temps estimat de lectura":"4 minuts"},"schema":{"@context":"https:\/\/schema.org","@graph":[{"@type":"Article","@id":"https:\/\/eikonos.com\/ca\/blog\/equip-audiovisual-necessito-plato-televisio\/#article","isPartOf":{"@id":"https:\/\/eikonos.com\/ca\/blog\/equip-audiovisual-necessito-plato-televisio\/"},"author":{"name":"Xavi Eikonos","@id":"https:\/\/eikonos.com\/ca\/#\/schema\/person\/82032860cc314d826959b90595a5280a"},"headline":"Quin equip audiovisual necessito per muntar un plat\u00f3 de televisi\u00f3?","datePublished":"2018-07-18T10:37:36+00:00","mainEntityOfPage":{"@id":"https:\/\/eikonos.com\/ca\/blog\/equip-audiovisual-necessito-plato-televisio\/"},"wordCount":763,"commentCount":0,"publisher":{"@id":"https:\/\/eikonos.com\/ca\/#organization"},"image":{"@id":"https:\/\/eikonos.com\/ca\/blog\/equip-audiovisual-necessito-plato-televisio\/#primaryimage"},"thumbnailUrl":"https:\/\/eikonos.com\/wp-content\/uploads\/2018\/07\/equipo-platos-television-1.jpg","articleSection":["Instal\u00b7lacions fixes"],"inLanguage":"ca","potentialAction":[{"@type":"CommentAction","name":"Comment","target":["https:\/\/eikonos.com\/ca\/blog\/equip-audiovisual-necessito-plato-televisio\/#respond"]}]},{"@type":"WebPage","@id":"https:\/\/eikonos.com\/ca\/blog\/equip-audiovisual-necessito-plato-televisio\/","url":"https:\/\/eikonos.com\/ca\/blog\/equip-audiovisual-necessito-plato-televisio\/","name":"Quin equip audiovisual necessito per muntar un plat\u00f3 de televisi\u00f3? | EIKONOS","isPartOf":{"@id":"https:\/\/eikonos.com\/ca\/#website"},"primaryImageOfPage":{"@id":"https:\/\/eikonos.com\/ca\/blog\/equip-audiovisual-necessito-plato-televisio\/#primaryimage"},"image":{"@id":"https:\/\/eikonos.com\/ca\/blog\/equip-audiovisual-necessito-plato-televisio\/#primaryimage"},"thumbnailUrl":"https:\/\/eikonos.com\/wp-content\/uploads\/2018\/07\/equipo-platos-television-1.jpg","datePublished":"2018-07-18T10:37:36+00:00","description":"Que hi ha darrere de la c\u00e0mera? Qui s\u2019amaga rere la pantalla? T\u2019expliquem l\u2019equip per muntar un plat\u00f3 de televisi\u00f3 i l\u2019equip de professionals que ho fa tot possible, Nom\u00e9s en el blog de Eikonos.","breadcrumb":{"@id":"https:\/\/eikonos.com\/ca\/blog\/equip-audiovisual-necessito-plato-televisio\/#breadcrumb"},"inLanguage":"ca","potentialAction":[{"@type":"ReadAction","target":["https:\/\/eikonos.com\/ca\/blog\/equip-audiovisual-necessito-plato-televisio\/"]}]},{"@type":"ImageObject","inLanguage":"ca","@id":"https:\/\/eikonos.com\/ca\/blog\/equip-audiovisual-necessito-plato-televisio\/#primaryimage","url":"https:\/\/eikonos.com\/wp-content\/uploads\/2018\/07\/equipo-platos-television-1.jpg","contentUrl":"https:\/\/eikonos.com\/wp-content\/uploads\/2018\/07\/equipo-platos-television-1.jpg","width":724,"height":432,"caption":"Equipo para plat\u00f3s de televisi\u00f3n"},{"@type":"BreadcrumbList","@id":"https:\/\/eikonos.com\/ca\/blog\/equip-audiovisual-necessito-plato-televisio\/#breadcrumb","itemListElement":[{"@type":"ListItem","position":1,"name":"EIKONOS","item":"https:\/\/eikonos.com\/ca\/inici\/"},{"@type":"ListItem","position":2,"name":"Quin equip audiovisual necessito per muntar un plat\u00f3 de televisi\u00f3?"}]},{"@type":"WebSite","@id":"https:\/\/eikonos.com\/ca\/#website","url":"https:\/\/eikonos.com\/ca\/","name":"EIKONOS","description":"EXPERIENCIA AUDIOVISUAL","publisher":{"@id":"https:\/\/eikonos.com\/ca\/#organization"},"potentialAction":[{"@type":"SearchAction","target":{"@type":"EntryPoint","urlTemplate":"https:\/\/eikonos.com\/ca\/?s={search_term_string}"},"query-input":{"@type":"PropertyValueSpecification","valueRequired":true,"valueName":"search_term_string"}}],"inLanguage":"ca"},{"@type":"Organization","@id":"https:\/\/eikonos.com\/ca\/#organization","name":"EIKONOS | Servicios Audiovisuales, eventos y alquiler de equipos","url":"https:\/\/eikonos.com\/ca\/","logo":{"@type":"ImageObject","inLanguage":"ca","@id":"https:\/\/eikonos.com\/ca\/#\/schema\/logo\/image\/","url":"https:\/\/eikonos.com\/wp-content\/uploads\/2020\/08\/logo-color.png","contentUrl":"https:\/\/eikonos.com\/wp-content\/uploads\/2020\/08\/logo-color.png","width":376,"height":122,"caption":"EIKONOS | Servicios Audiovisuales, eventos y alquiler de equipos"},"image":{"@id":"https:\/\/eikonos.com\/ca\/#\/schema\/logo\/image\/"},"sameAs":["http:\/\/www.facebook.com\/pages\/Eikonos\/176324785746790","https:\/\/x.com\/eikonos_sa","http:\/\/www.linkedin.com\/company\/eikonos","http:\/\/www.youtube.com\/channel\/UC8wcizWaAYbfsuqVf9wIT6w"]},{"@type":"Person","@id":"https:\/\/eikonos.com\/ca\/#\/schema\/person\/82032860cc314d826959b90595a5280a","name":"Xavi Eikonos","image":{"@type":"ImageObject","inLanguage":"ca","@id":"https:\/\/eikonos.com\/ca\/#\/schema\/person\/image\/","url":"https:\/\/secure.gravatar.com\/avatar\/a6c6b51dd0ac6902701aab24a914f6febe1518f94a5ae06db08b3d6107248dfd?s=96&d=mm&r=g","contentUrl":"https:\/\/secure.gravatar.com\/avatar\/a6c6b51dd0ac6902701aab24a914f6febe1518f94a5ae06db08b3d6107248dfd?s=96&d=mm&r=g","caption":"Xavi Eikonos"}}]}},"_links":{"self":[{"href":"https:\/\/eikonos.com\/ca\/wp-json\/wp\/v2\/posts\/5630","targetHints":{"allow":["GET"]}}],"collection":[{"href":"https:\/\/eikonos.com\/ca\/wp-json\/wp\/v2\/posts"}],"about":[{"href":"https:\/\/eikonos.com\/ca\/wp-json\/wp\/v2\/types\/post"}],"author":[{"embeddable":true,"href":"https:\/\/eikonos.com\/ca\/wp-json\/wp\/v2\/users\/6"}],"replies":[{"embeddable":true,"href":"https:\/\/eikonos.com\/ca\/wp-json\/wp\/v2\/comments?post=5630"}],"version-history":[{"count":0,"href":"https:\/\/eikonos.com\/ca\/wp-json\/wp\/v2\/posts\/5630\/revisions"}],"wp:featuredmedia":[{"embeddable":true,"href":"https:\/\/eikonos.com\/ca\/wp-json\/wp\/v2\/media\/5577"}],"wp:attachment":[{"href":"https:\/\/eikonos.com\/ca\/wp-json\/wp\/v2\/media?parent=5630"}],"wp:term":[{"taxonomy":"category","embeddable":true,"href":"https:\/\/eikonos.com\/ca\/wp-json\/wp\/v2\/categories?post=5630"},{"taxonomy":"post_tag","embeddable":true,"href":"https:\/\/eikonos.com\/ca\/wp-json\/wp\/v2\/tags?post=5630"}],"curies":[{"name":"wp","href":"https:\/\/api.w.org\/{rel}","templated":true}]}}