{"id":5624,"date":"2018-07-11T11:48:43","date_gmt":"2018-07-11T09:48:43","guid":{"rendered":"https:\/\/eikonos.com\/?p=5624"},"modified":"2018-07-11T11:48:43","modified_gmt":"2018-07-11T09:48:43","slug":"videowalls-gran-format-platos-televisio","status":"publish","type":"post","link":"https:\/\/eikonos.com\/ca\/blog\/videowalls-gran-format-platos-televisio\/","title":{"rendered":"Videowalls de gran format: equipament audiovisual per a plat\u00f3s de televisi\u00f3"},"content":{"rendered":"<p>Les pantalles de videowall segueixen sent un referent en tot tipus de comunicaci\u00f3 i esdeveniments: publicitat i m\u00e0rqueting, festivals, aparadors, congressos, fires, etc.<\/p>\n<p>Es tracta d\u2019una <strong>pantalla gegant creada a partir de la uni\u00f3 de m\u00faltiples monitors<\/strong> de mida normal que permeten diferents ajusts per a poder adaptar-se a diferents espais i necessitats; un dels principals motius del seu \u00e8xit.<\/p>\n<p>La seva facilitat de muntatge i la seva versatilitat per a traslladar contingut els ha convertit en un gran recurs comunicatiu en l\u2019actualitat i cada vegada estan m\u00e9s presents en plat\u00f3s de televisi\u00f3; \u00e9s molt com\u00fa la seva presencia en informatius, encara que tamb\u00e9 les trobem en programes d\u2019entreteniment i altres formats.<\/p>\n<p>Per\u00f2 perqu\u00e8 val la pena comptar amb un <a href=\"https:\/\/eikonos.com\/ca\/portfolio_page\/videowalls\/\">videowall per a plat\u00f3s de televisi\u00f3<\/a>? Com milloren l\u2019experi\u00e8ncia de l\u2019audi\u00e8ncia?<\/p>\n<h2><span style=\"color: #ff0000;\">Digues si al videowall en les teves produccions<\/span><\/h2>\n<h3><span style=\"color: #ff0000;\"><strong>Menor cost i millor qualitat<\/strong><\/span><\/h3>\n<p>A causa de la proliferaci\u00f3 del seu \u00fas, la inversi\u00f3 a realitzar per adquirir aquestes pantalles gegants \u00e9s cada vegada menor. A m\u00e9s, les prestacions han augmentat en els \u00faltims anys, quelcom molt importat en un plat\u00f3 de TV on \u00e9s necessari comptar amb un equip de gran qualitat. Ara trobem videowall per a plat\u00f3s amb una qualitat d\u2019imatge i lluminositat millorades, aix\u00ed com una major resist\u00e8ncia.<\/p>\n<h3><span style=\"color: #ff0000;\"><strong>Creaci\u00f3 d\u2019atmosfera gr\u00e0cies al gran format<\/strong><\/span><\/h3>\n<p>El fet de ser un element modular permet que els videowalls s\u2019ajustin a les necessitats de qualsevol espai, creant pantalles de m\u00faltiples mides i formes. En televisi\u00f3 podem arribar a veure videowalls de gran format que creen una atmosfera i situen a l\u2019espectador en un context determinat de manera molt m\u00e9s simple i directa.<\/p>\n<h3><span style=\"color: #ff0000;\"><strong>Gran suport comunicatiu <\/strong><\/span><\/h3>\n<p>Una de les seves principals bases \u00e9s el valor comunicatiu que aporten. En un m\u00f3n on el visual i la imatge cada vegada tenen m\u00e9s pes, un videowall ens ajuda a traslladar informaci\u00f3 a l\u2019espectador. Des de sumaris, gr\u00e0fiques, dades, titulars, informaci\u00f3 de seccions, infografies, imatges de suport. Les possibilitats comunicatives s\u00f3n infinites i fan del discurs quelcom m\u00e9s din\u00e0mic i directe.<\/p>\n<h3><span style=\"color: #ff0000;\"><strong>L\u2019arribada de les pantalles LED<\/strong><\/span><\/h3>\n<p>\u00c9s cert que <a href=\"https:\/\/eikonos.com\/ca\/blog\/quan-el-lloguer-de-pantalles-led-es-una-bona-opcio-per-esdeveniments\/\">les pantalles LED<\/a> han agafat tamb\u00e9 molt protagonisme i a vegades es generen dubtes a l\u2019hora de decidir-se per una tecnologia o altra. Cada una reuneix una s\u00e8rie de caracter\u00edstiques que les fan diferents i les avala en funci\u00f3 de les necessitats.<\/p>\n<p>Aix\u00ed, les pantalles de LEDS tendeixen a ser les m\u00e9s utilitzades i s\u00f3n les m\u00e9s buscades, sobretot en superf\u00edcies extenses o per a crear formes extremes com cercles, corbes o tires capaces de reproduir v\u00eddeo i adaptar-se per exemple als esglaons d\u2019una escala o fer un terra de v\u00eddeo. Les resolucions no pares de millorar i el seu poder lum\u00ednic \u00e9s inq\u00fcestionable!<\/p>\n<p>Tanmateix, la gran qualitat d\u2019imatge que ofereixen els videowalls per a plat\u00f3s de televisi\u00f3, capa\u00e7os avui en dia d\u2019oferir una resoluci\u00f3 <em>full hd o 4k en cada un dels seus components<\/em>, els segueixen convertint en la millor opci\u00f3 en dist\u00e0ncies curtes on es necessita una molt alta definici\u00f3.<\/p>\n<p>Vols m\u00e9s informaci\u00f3?\u00a0<strong><em>Parlem!<\/em><\/strong><\/p>\n<p><a href=\"https:\/\/eikonos.com\/ca\/serveis\/lloguer-equips\/\"><img loading=\"lazy\" decoding=\"async\" class=\"aligncenter wp-image-5478 size-full\" title=\"Equips audiovisuals de lloger amb EIKONOS\" src=\"https:\/\/eikonos.com\/wp-content\/uploads\/2018\/05\/CTA_EIKONOS_instalaciones_fijas-CAT-1.png\" alt=\"Eikonos instal\u00b7lacions audiovisuals fixes\" width=\"741\" height=\"250\" srcset=\"https:\/\/eikonos.com\/wp-content\/uploads\/2018\/05\/CTA_EIKONOS_instalaciones_fijas-CAT-1.png 741w, https:\/\/eikonos.com\/wp-content\/uploads\/2018\/05\/CTA_EIKONOS_instalaciones_fijas-CAT-1-300x101.png 300w\" sizes=\"auto, (max-width: 741px) 100vw, 741px\" \/><\/a><\/p>\n","protected":false},"excerpt":{"rendered":"<p>Les pantalles de videowall segueixen sent un referent en tot tipus de comunicaci\u00f3 i esdeveniments:&#8230;<\/p>\n","protected":false},"author":6,"featured_media":5566,"comment_status":"open","ping_status":"open","sticky":false,"template":"","format":"standard","meta":{"_acf_changed":false,"footnotes":""},"categories":[262],"tags":[],"class_list":["post-5624","post","type-post","status-publish","format-standard","has-post-thumbnail","hentry","category-lloguer-dequips"],"acf":[],"yoast_head":"<!-- This site is optimized with the Yoast SEO plugin v26.3 - https:\/\/yoast.com\/wordpress\/plugins\/seo\/ -->\n<title>Videowalls de gran format: audiovisuals per a plat\u00f3s de televisi\u00f3 | EIKONOS<\/title>\n<meta name=\"description\" content=\"Els videowalls per a plat\u00f3s de televisi\u00f3 compten amb una facilitat de muntatge i la seva versatilitat per traslladar continguts els ha convertit en un gran recurs comunicatiu en l\u2019actualitat.\" \/>\n<meta name=\"robots\" content=\"index, follow, max-snippet:-1, max-image-preview:large, max-video-preview:-1\" \/>\n<link rel=\"canonical\" href=\"https:\/\/eikonos.com\/ca\/blog\/videowalls-gran-format-platos-televisio\/\" \/>\n<meta property=\"og:locale\" content=\"ca_ES\" \/>\n<meta property=\"og:type\" content=\"article\" \/>\n<meta property=\"og:title\" content=\"Videowalls de gran format: audiovisuals per a plat\u00f3s de televisi\u00f3 | EIKONOS\" \/>\n<meta property=\"og:description\" content=\"Els videowalls per a plat\u00f3s de televisi\u00f3 compten amb una facilitat de muntatge i la seva versatilitat per traslladar continguts els ha convertit en un gran recurs comunicatiu en l\u2019actualitat.\" \/>\n<meta property=\"og:url\" content=\"https:\/\/eikonos.com\/ca\/blog\/videowalls-gran-format-platos-televisio\/\" \/>\n<meta property=\"og:site_name\" content=\"EIKONOS\" \/>\n<meta property=\"article:publisher\" content=\"http:\/\/www.facebook.com\/pages\/Eikonos\/176324785746790\" \/>\n<meta property=\"article:published_time\" content=\"2018-07-11T09:48:43+00:00\" \/>\n<meta property=\"og:image\" content=\"https:\/\/eikonos.com\/wp-content\/uploads\/2018\/07\/videowalls-platos-television-1.jpg\" \/>\n\t<meta property=\"og:image:width\" content=\"724\" \/>\n\t<meta property=\"og:image:height\" content=\"432\" \/>\n\t<meta property=\"og:image:type\" content=\"image\/jpeg\" \/>\n<meta name=\"author\" content=\"Xavi Eikonos\" \/>\n<meta name=\"twitter:card\" content=\"summary_large_image\" \/>\n<meta name=\"twitter:creator\" content=\"@eikonos_sa\" \/>\n<meta name=\"twitter:site\" content=\"@eikonos_sa\" \/>\n<meta name=\"twitter:label1\" content=\"Escrit per\" \/>\n\t<meta name=\"twitter:data1\" content=\"Xavi Eikonos\" \/>\n\t<meta name=\"twitter:label2\" content=\"Temps estimat de lectura\" \/>\n\t<meta name=\"twitter:data2\" content=\"3 minuts\" \/>\n<script type=\"application\/ld+json\" class=\"yoast-schema-graph\">{\"@context\":\"https:\/\/schema.org\",\"@graph\":[{\"@type\":\"Article\",\"@id\":\"https:\/\/eikonos.com\/ca\/blog\/videowalls-gran-format-platos-televisio\/#article\",\"isPartOf\":{\"@id\":\"https:\/\/eikonos.com\/ca\/blog\/videowalls-gran-format-platos-televisio\/\"},\"author\":{\"name\":\"Xavi Eikonos\",\"@id\":\"https:\/\/eikonos.com\/ca\/#\/schema\/person\/82032860cc314d826959b90595a5280a\"},\"headline\":\"Videowalls de gran format: equipament audiovisual per a plat\u00f3s de televisi\u00f3\",\"datePublished\":\"2018-07-11T09:48:43+00:00\",\"mainEntityOfPage\":{\"@id\":\"https:\/\/eikonos.com\/ca\/blog\/videowalls-gran-format-platos-televisio\/\"},\"wordCount\":560,\"commentCount\":0,\"publisher\":{\"@id\":\"https:\/\/eikonos.com\/ca\/#organization\"},\"image\":{\"@id\":\"https:\/\/eikonos.com\/ca\/blog\/videowalls-gran-format-platos-televisio\/#primaryimage\"},\"thumbnailUrl\":\"https:\/\/eikonos.com\/wp-content\/uploads\/2018\/07\/videowalls-platos-television-1.jpg\",\"articleSection\":[\"Lloguer d'equips\"],\"inLanguage\":\"ca\",\"potentialAction\":[{\"@type\":\"CommentAction\",\"name\":\"Comment\",\"target\":[\"https:\/\/eikonos.com\/ca\/blog\/videowalls-gran-format-platos-televisio\/#respond\"]}]},{\"@type\":\"WebPage\",\"@id\":\"https:\/\/eikonos.com\/ca\/blog\/videowalls-gran-format-platos-televisio\/\",\"url\":\"https:\/\/eikonos.com\/ca\/blog\/videowalls-gran-format-platos-televisio\/\",\"name\":\"Videowalls de gran format: audiovisuals per a plat\u00f3s de televisi\u00f3 | EIKONOS\",\"isPartOf\":{\"@id\":\"https:\/\/eikonos.com\/ca\/#website\"},\"primaryImageOfPage\":{\"@id\":\"https:\/\/eikonos.com\/ca\/blog\/videowalls-gran-format-platos-televisio\/#primaryimage\"},\"image\":{\"@id\":\"https:\/\/eikonos.com\/ca\/blog\/videowalls-gran-format-platos-televisio\/#primaryimage\"},\"thumbnailUrl\":\"https:\/\/eikonos.com\/wp-content\/uploads\/2018\/07\/videowalls-platos-television-1.jpg\",\"datePublished\":\"2018-07-11T09:48:43+00:00\",\"description\":\"Els videowalls per a plat\u00f3s de televisi\u00f3 compten amb una facilitat de muntatge i la seva versatilitat per traslladar continguts els ha convertit en un gran recurs comunicatiu en l\u2019actualitat.\",\"breadcrumb\":{\"@id\":\"https:\/\/eikonos.com\/ca\/blog\/videowalls-gran-format-platos-televisio\/#breadcrumb\"},\"inLanguage\":\"ca\",\"potentialAction\":[{\"@type\":\"ReadAction\",\"target\":[\"https:\/\/eikonos.com\/ca\/blog\/videowalls-gran-format-platos-televisio\/\"]}]},{\"@type\":\"ImageObject\",\"inLanguage\":\"ca\",\"@id\":\"https:\/\/eikonos.com\/ca\/blog\/videowalls-gran-format-platos-televisio\/#primaryimage\",\"url\":\"https:\/\/eikonos.com\/wp-content\/uploads\/2018\/07\/videowalls-platos-television-1.jpg\",\"contentUrl\":\"https:\/\/eikonos.com\/wp-content\/uploads\/2018\/07\/videowalls-platos-television-1.jpg\",\"width\":724,\"height\":432,\"caption\":\"Videowalls para plat\u00f3s de televisi\u00f3n\"},{\"@type\":\"BreadcrumbList\",\"@id\":\"https:\/\/eikonos.com\/ca\/blog\/videowalls-gran-format-platos-televisio\/#breadcrumb\",\"itemListElement\":[{\"@type\":\"ListItem\",\"position\":1,\"name\":\"EIKONOS\",\"item\":\"https:\/\/eikonos.com\/ca\/inici\/\"},{\"@type\":\"ListItem\",\"position\":2,\"name\":\"Videowalls de gran format: equipament audiovisual per a plat\u00f3s de televisi\u00f3\"}]},{\"@type\":\"WebSite\",\"@id\":\"https:\/\/eikonos.com\/ca\/#website\",\"url\":\"https:\/\/eikonos.com\/ca\/\",\"name\":\"EIKONOS\",\"description\":\"EXPERIENCIA AUDIOVISUAL\",\"publisher\":{\"@id\":\"https:\/\/eikonos.com\/ca\/#organization\"},\"potentialAction\":[{\"@type\":\"SearchAction\",\"target\":{\"@type\":\"EntryPoint\",\"urlTemplate\":\"https:\/\/eikonos.com\/ca\/?s={search_term_string}\"},\"query-input\":{\"@type\":\"PropertyValueSpecification\",\"valueRequired\":true,\"valueName\":\"search_term_string\"}}],\"inLanguage\":\"ca\"},{\"@type\":\"Organization\",\"@id\":\"https:\/\/eikonos.com\/ca\/#organization\",\"name\":\"EIKONOS | Servicios Audiovisuales, eventos y alquiler de equipos\",\"url\":\"https:\/\/eikonos.com\/ca\/\",\"logo\":{\"@type\":\"ImageObject\",\"inLanguage\":\"ca\",\"@id\":\"https:\/\/eikonos.com\/ca\/#\/schema\/logo\/image\/\",\"url\":\"https:\/\/eikonos.com\/wp-content\/uploads\/2020\/08\/logo-color.png\",\"contentUrl\":\"https:\/\/eikonos.com\/wp-content\/uploads\/2020\/08\/logo-color.png\",\"width\":376,\"height\":122,\"caption\":\"EIKONOS | Servicios Audiovisuales, eventos y alquiler de equipos\"},\"image\":{\"@id\":\"https:\/\/eikonos.com\/ca\/#\/schema\/logo\/image\/\"},\"sameAs\":[\"http:\/\/www.facebook.com\/pages\/Eikonos\/176324785746790\",\"https:\/\/x.com\/eikonos_sa\",\"http:\/\/www.linkedin.com\/company\/eikonos\",\"http:\/\/www.youtube.com\/channel\/UC8wcizWaAYbfsuqVf9wIT6w\"]},{\"@type\":\"Person\",\"@id\":\"https:\/\/eikonos.com\/ca\/#\/schema\/person\/82032860cc314d826959b90595a5280a\",\"name\":\"Xavi Eikonos\",\"image\":{\"@type\":\"ImageObject\",\"inLanguage\":\"ca\",\"@id\":\"https:\/\/eikonos.com\/ca\/#\/schema\/person\/image\/\",\"url\":\"https:\/\/secure.gravatar.com\/avatar\/a6c6b51dd0ac6902701aab24a914f6febe1518f94a5ae06db08b3d6107248dfd?s=96&d=mm&r=g\",\"contentUrl\":\"https:\/\/secure.gravatar.com\/avatar\/a6c6b51dd0ac6902701aab24a914f6febe1518f94a5ae06db08b3d6107248dfd?s=96&d=mm&r=g\",\"caption\":\"Xavi Eikonos\"}}]}<\/script>\n<!-- \/ Yoast SEO plugin. -->","yoast_head_json":{"title":"Videowalls de gran format: audiovisuals per a plat\u00f3s de televisi\u00f3 | EIKONOS","description":"Els videowalls per a plat\u00f3s de televisi\u00f3 compten amb una facilitat de muntatge i la seva versatilitat per traslladar continguts els ha convertit en un gran recurs comunicatiu en l\u2019actualitat.","robots":{"index":"index","follow":"follow","max-snippet":"max-snippet:-1","max-image-preview":"max-image-preview:large","max-video-preview":"max-video-preview:-1"},"canonical":"https:\/\/eikonos.com\/ca\/blog\/videowalls-gran-format-platos-televisio\/","og_locale":"ca_ES","og_type":"article","og_title":"Videowalls de gran format: audiovisuals per a plat\u00f3s de televisi\u00f3 | EIKONOS","og_description":"Els videowalls per a plat\u00f3s de televisi\u00f3 compten amb una facilitat de muntatge i la seva versatilitat per traslladar continguts els ha convertit en un gran recurs comunicatiu en l\u2019actualitat.","og_url":"https:\/\/eikonos.com\/ca\/blog\/videowalls-gran-format-platos-televisio\/","og_site_name":"EIKONOS","article_publisher":"http:\/\/www.facebook.com\/pages\/Eikonos\/176324785746790","article_published_time":"2018-07-11T09:48:43+00:00","og_image":[{"width":724,"height":432,"url":"https:\/\/eikonos.com\/wp-content\/uploads\/2018\/07\/videowalls-platos-television-1.jpg","type":"image\/jpeg"}],"author":"Xavi Eikonos","twitter_card":"summary_large_image","twitter_creator":"@eikonos_sa","twitter_site":"@eikonos_sa","twitter_misc":{"Escrit per":"Xavi Eikonos","Temps estimat de lectura":"3 minuts"},"schema":{"@context":"https:\/\/schema.org","@graph":[{"@type":"Article","@id":"https:\/\/eikonos.com\/ca\/blog\/videowalls-gran-format-platos-televisio\/#article","isPartOf":{"@id":"https:\/\/eikonos.com\/ca\/blog\/videowalls-gran-format-platos-televisio\/"},"author":{"name":"Xavi Eikonos","@id":"https:\/\/eikonos.com\/ca\/#\/schema\/person\/82032860cc314d826959b90595a5280a"},"headline":"Videowalls de gran format: equipament audiovisual per a plat\u00f3s de televisi\u00f3","datePublished":"2018-07-11T09:48:43+00:00","mainEntityOfPage":{"@id":"https:\/\/eikonos.com\/ca\/blog\/videowalls-gran-format-platos-televisio\/"},"wordCount":560,"commentCount":0,"publisher":{"@id":"https:\/\/eikonos.com\/ca\/#organization"},"image":{"@id":"https:\/\/eikonos.com\/ca\/blog\/videowalls-gran-format-platos-televisio\/#primaryimage"},"thumbnailUrl":"https:\/\/eikonos.com\/wp-content\/uploads\/2018\/07\/videowalls-platos-television-1.jpg","articleSection":["Lloguer d'equips"],"inLanguage":"ca","potentialAction":[{"@type":"CommentAction","name":"Comment","target":["https:\/\/eikonos.com\/ca\/blog\/videowalls-gran-format-platos-televisio\/#respond"]}]},{"@type":"WebPage","@id":"https:\/\/eikonos.com\/ca\/blog\/videowalls-gran-format-platos-televisio\/","url":"https:\/\/eikonos.com\/ca\/blog\/videowalls-gran-format-platos-televisio\/","name":"Videowalls de gran format: audiovisuals per a plat\u00f3s de televisi\u00f3 | EIKONOS","isPartOf":{"@id":"https:\/\/eikonos.com\/ca\/#website"},"primaryImageOfPage":{"@id":"https:\/\/eikonos.com\/ca\/blog\/videowalls-gran-format-platos-televisio\/#primaryimage"},"image":{"@id":"https:\/\/eikonos.com\/ca\/blog\/videowalls-gran-format-platos-televisio\/#primaryimage"},"thumbnailUrl":"https:\/\/eikonos.com\/wp-content\/uploads\/2018\/07\/videowalls-platos-television-1.jpg","datePublished":"2018-07-11T09:48:43+00:00","description":"Els videowalls per a plat\u00f3s de televisi\u00f3 compten amb una facilitat de muntatge i la seva versatilitat per traslladar continguts els ha convertit en un gran recurs comunicatiu en l\u2019actualitat.","breadcrumb":{"@id":"https:\/\/eikonos.com\/ca\/blog\/videowalls-gran-format-platos-televisio\/#breadcrumb"},"inLanguage":"ca","potentialAction":[{"@type":"ReadAction","target":["https:\/\/eikonos.com\/ca\/blog\/videowalls-gran-format-platos-televisio\/"]}]},{"@type":"ImageObject","inLanguage":"ca","@id":"https:\/\/eikonos.com\/ca\/blog\/videowalls-gran-format-platos-televisio\/#primaryimage","url":"https:\/\/eikonos.com\/wp-content\/uploads\/2018\/07\/videowalls-platos-television-1.jpg","contentUrl":"https:\/\/eikonos.com\/wp-content\/uploads\/2018\/07\/videowalls-platos-television-1.jpg","width":724,"height":432,"caption":"Videowalls para plat\u00f3s de televisi\u00f3n"},{"@type":"BreadcrumbList","@id":"https:\/\/eikonos.com\/ca\/blog\/videowalls-gran-format-platos-televisio\/#breadcrumb","itemListElement":[{"@type":"ListItem","position":1,"name":"EIKONOS","item":"https:\/\/eikonos.com\/ca\/inici\/"},{"@type":"ListItem","position":2,"name":"Videowalls de gran format: equipament audiovisual per a plat\u00f3s de televisi\u00f3"}]},{"@type":"WebSite","@id":"https:\/\/eikonos.com\/ca\/#website","url":"https:\/\/eikonos.com\/ca\/","name":"EIKONOS","description":"EXPERIENCIA AUDIOVISUAL","publisher":{"@id":"https:\/\/eikonos.com\/ca\/#organization"},"potentialAction":[{"@type":"SearchAction","target":{"@type":"EntryPoint","urlTemplate":"https:\/\/eikonos.com\/ca\/?s={search_term_string}"},"query-input":{"@type":"PropertyValueSpecification","valueRequired":true,"valueName":"search_term_string"}}],"inLanguage":"ca"},{"@type":"Organization","@id":"https:\/\/eikonos.com\/ca\/#organization","name":"EIKONOS | Servicios Audiovisuales, eventos y alquiler de equipos","url":"https:\/\/eikonos.com\/ca\/","logo":{"@type":"ImageObject","inLanguage":"ca","@id":"https:\/\/eikonos.com\/ca\/#\/schema\/logo\/image\/","url":"https:\/\/eikonos.com\/wp-content\/uploads\/2020\/08\/logo-color.png","contentUrl":"https:\/\/eikonos.com\/wp-content\/uploads\/2020\/08\/logo-color.png","width":376,"height":122,"caption":"EIKONOS | Servicios Audiovisuales, eventos y alquiler de equipos"},"image":{"@id":"https:\/\/eikonos.com\/ca\/#\/schema\/logo\/image\/"},"sameAs":["http:\/\/www.facebook.com\/pages\/Eikonos\/176324785746790","https:\/\/x.com\/eikonos_sa","http:\/\/www.linkedin.com\/company\/eikonos","http:\/\/www.youtube.com\/channel\/UC8wcizWaAYbfsuqVf9wIT6w"]},{"@type":"Person","@id":"https:\/\/eikonos.com\/ca\/#\/schema\/person\/82032860cc314d826959b90595a5280a","name":"Xavi Eikonos","image":{"@type":"ImageObject","inLanguage":"ca","@id":"https:\/\/eikonos.com\/ca\/#\/schema\/person\/image\/","url":"https:\/\/secure.gravatar.com\/avatar\/a6c6b51dd0ac6902701aab24a914f6febe1518f94a5ae06db08b3d6107248dfd?s=96&d=mm&r=g","contentUrl":"https:\/\/secure.gravatar.com\/avatar\/a6c6b51dd0ac6902701aab24a914f6febe1518f94a5ae06db08b3d6107248dfd?s=96&d=mm&r=g","caption":"Xavi Eikonos"}}]}},"_links":{"self":[{"href":"https:\/\/eikonos.com\/ca\/wp-json\/wp\/v2\/posts\/5624","targetHints":{"allow":["GET"]}}],"collection":[{"href":"https:\/\/eikonos.com\/ca\/wp-json\/wp\/v2\/posts"}],"about":[{"href":"https:\/\/eikonos.com\/ca\/wp-json\/wp\/v2\/types\/post"}],"author":[{"embeddable":true,"href":"https:\/\/eikonos.com\/ca\/wp-json\/wp\/v2\/users\/6"}],"replies":[{"embeddable":true,"href":"https:\/\/eikonos.com\/ca\/wp-json\/wp\/v2\/comments?post=5624"}],"version-history":[{"count":0,"href":"https:\/\/eikonos.com\/ca\/wp-json\/wp\/v2\/posts\/5624\/revisions"}],"wp:featuredmedia":[{"embeddable":true,"href":"https:\/\/eikonos.com\/ca\/wp-json\/wp\/v2\/media\/5566"}],"wp:attachment":[{"href":"https:\/\/eikonos.com\/ca\/wp-json\/wp\/v2\/media?parent=5624"}],"wp:term":[{"taxonomy":"category","embeddable":true,"href":"https:\/\/eikonos.com\/ca\/wp-json\/wp\/v2\/categories?post=5624"},{"taxonomy":"post_tag","embeddable":true,"href":"https:\/\/eikonos.com\/ca\/wp-json\/wp\/v2\/tags?post=5624"}],"curies":[{"name":"wp","href":"https:\/\/api.w.org\/{rel}","templated":true}]}}