{"id":5608,"date":"2018-06-19T16:57:18","date_gmt":"2018-06-19T14:57:18","guid":{"rendered":"https:\/\/eikonos.com\/?p=5608"},"modified":"2018-06-19T16:57:18","modified_gmt":"2018-06-19T14:57:18","slug":"equip-tecnic-festivals-espectaculars","status":"publish","type":"post","link":"https:\/\/eikonos.com\/ca\/blog\/equip-tecnic-festivals-espectaculars\/","title":{"rendered":"L\u2019equip t\u00e8cnic que necessites per muntar un festival espectacular"},"content":{"rendered":"<p>No hi ha \u00e8xits sense un equip amb talent que ho faci possible. Els professionals que giren entorn a l\u2019organitzaci\u00f3 de qualsevol esdeveniment s\u00f3n una de les bases del mateix.<\/p>\n<p>Darrere dels escenaris, de les llums i el so, dels stands, de l\u2019atenci\u00f3 al p\u00fablic, del m\u00e0rqueting, de les ventes, de la publicitat, del control de servei, de la negociaci\u00f3 amb grups, etc\u00e8tera s\u2019amaga un grup hum\u00e0 amb l\u2019enorme responsabilitat d\u2019aconseguir que tot surti segons el pla, que flueixi.<\/p>\n<p>A m\u00e9s de disposar i encaixar les peces que construeixen un festival, l\u2019<a href=\"https:\/\/eikonos.com\/ca\/portfolio_page\/concerts\/\">equip t\u00e8cnic per a festivals<\/a> haur\u00e0 d\u2019estar preparat per afrontar qualsevol contratemps amb qu\u00e8 es pugui trobar al llarg de la seva execuci\u00f3.<\/p>\n<p>&nbsp;<\/p>\n<h2><span style=\"color: #ff0000;\">Dos grans pilars perqu\u00e8 el teu festival sigui un \u00e8xit<\/span><\/h2>\n<h3><\/h3>\n<p>&nbsp;<\/p>\n<h3><span style=\"color: #ff0000;\">1.IMATGE I COMUNICACI\u00d3<\/span><strong><br \/>\n<\/strong><\/h3>\n<p>&nbsp;<\/p>\n<ul>\n<li><strong>Equip de disseny i multim\u00e8dia <\/strong><\/li>\n<\/ul>\n<p>S\u00f3n els responsables de situar el festival en la ment del p\u00fablic. Duen a terme tot el disseny gr\u00e0fic i de marca, li donen identitat al festival amb el disseny de logos, cartellera, flyers, merchandising. A m\u00e9s dissenyen la web, s\u2019encarreguen de la realitzaci\u00f3 de v\u00eddeos, els banners publicitaris. La imatge \u00e9s la primera impressi\u00f3 dels assistents sobre el festival; d\u00f3na-li la import\u00e0ncia que es mereix!<\/p>\n<ul>\n<li><strong>Comunicaci\u00f3 i m\u00e0rqueting<\/strong><\/li>\n<\/ul>\n<p>Si d\u2019alguna cosa necessita un festival avui en dia, \u00e9s de promoci\u00f3. L\u2019oferta interminable de festivals fa que des de l\u2019organitzaci\u00f3 hagin de donar-li un impuls continu a la cita. El responsable de comunicaci\u00f3 i m\u00e0rqueting haur\u00e0 d\u2019establir l\u2019estrat\u00e8gia i determinar qui executar\u00e0 cada tasca. Parlem de gestionar xarxes socials i el seu contingut: estar en contacte amb els mitjans de comunicaci\u00f3, generar continguts de valor, negociar amb suports publicitaris, definir en quins canals s\u2019invertir\u00e0, etc\u00e8tera.<\/p>\n<p>&nbsp;<\/p>\n<p><img loading=\"lazy\" decoding=\"async\" class=\"aligncenter wp-image-5556 size-full\" title=\"Equip t\u00e8cnic per festivals\" src=\"https:\/\/eikonos.com\/wp-content\/uploads\/2018\/06\/eikonos-eventos-audiovisuales-1.jpg\" alt=\"Equip t\u00e8cnic per festivals\" width=\"724\" height=\"432\" srcset=\"https:\/\/eikonos.com\/wp-content\/uploads\/2018\/06\/eikonos-eventos-audiovisuales-1.jpg 724w, https:\/\/eikonos.com\/wp-content\/uploads\/2018\/06\/eikonos-eventos-audiovisuales-1-300x179.jpg 300w\" sizes=\"auto, (max-width: 724px) 100vw, 724px\" \/><\/p>\n<h3><\/h3>\n<p>&nbsp;<\/p>\n<h3><span style=\"color: #ff0000;\">2.L\u2019ARTISTA I L\u2019EQUIP T\u00c8CNIC <\/span><\/h3>\n<p>&nbsp;<\/p>\n<p>A m\u00e9s de la part de comunicaci\u00f3 i imatge, imprescindibles per donar a con\u00e8ixer, promocionar i aportar identitat pr\u00f2pia al festival, existeix un altre pilar b\u00e0sic per explotar tot el potencial de l\u2019artista: l\u2019equip t\u00e8cnic de professionals per a festivals.<\/p>\n<p>Aquest ex\u00e8rcit d\u2019experts en audiovisuals ajuda a fer que l\u2019artista connecti amb el seu p\u00fablic i aquest puguin viure una experi\u00e8ncia inoblidable, gr\u00e0cies al coneixement dels diferents recursos audiovisuals com s\u00f3n el so i la il\u00b7luminaci\u00f3, entre altres.<\/p>\n<p>&nbsp;<\/p>\n<ul>\n<li><strong>Imatge i so <\/strong><\/li>\n<\/ul>\n<p>Els <a href=\"https:\/\/eikonos.com\/ca\/nosaltres\/\">t\u00e8cnics de so i imatge<\/a> s\u2019encarreguen de qu\u00e8 durant el directe la nitidesa del so sigui perfecta i que les pantalles estiguin sincronitzades i emetin el contingut adequat. Per aix\u00f2, pr\u00e8viament estableixen quin material ser\u00e0 el m\u00e9s idoni, la seva ubicaci\u00f3 i qui s\u2019encarregar\u00e0. No \u00e9s el mateix un esdeveniment exterior que interior, aix\u00ed com el nombre de p\u00fablic assistent o el tipus d\u2019acte, condicionen enormement al material necessari. En aquests casos, <a href=\"https:\/\/eikonos.com\/ca\/serveis\/lloguer-equips\/\">llogar l\u2019\u00faltima tecnologia<\/a> ens resultar\u00e0 una bona opci\u00f3 per contenir costos.<\/p>\n<p>En un festival, la imatge i el so condicionen un alt percentatge de la bona o mala experi\u00e8ncia que el p\u00fablic pot arribar a viure durant l\u2019espectacle.<\/p>\n<p>&nbsp;<\/p>\n<ul>\n<li><strong>T\u00e8cnics d\u2019il\u00b7luminaci\u00f3 <\/strong><\/li>\n<\/ul>\n<p>Aquesta \u00e0rea tamb\u00e9 compta amb el seu equip especialitzat que s\u2019encarrega del muntatge i control de l\u2019equip d\u2019il\u00b7luminaci\u00f3 i altres efectes escenogr\u00e0fics.<\/p>\n<p>Jugar amb la il\u00b7luminaci\u00f3 en l\u2019escenari \u00e9s vital per emfatitzar moments del show, assenyalar amb un gran feix de llum l\u2019artista o crear una coreografia lum\u00ednica al ritme de la m\u00fasica.<\/p>\n<p>&nbsp;<\/p>\n<ul>\n<li><strong>Equip de muntatge <\/strong><\/li>\n<\/ul>\n<p>Format per t\u00e8cnics experts en habilitar la infraestructura necess\u00e0ria per dur-ho a terme: delimitar l\u2019espai, muntatge d\u2019escenaris, connexions el\u00e8ctriques, graderies, carpes, elements de publicitat, etc\u00e8tera. L\u2019experi\u00e8ncia dels professionals es reflectir\u00e0 clarament en la rapidesa i bona aplicaci\u00f3 del muntatge, el coneixement de l\u2019espai i dels equips audiovisuals, entre altres factors.<\/p>\n<p>&nbsp;<\/p>\n<ul>\n<li><strong>Equip de producci\u00f3<\/strong><\/li>\n<\/ul>\n<p>Estableix les necessitats del festival pel que fa a materials, localitzacions, equip hum\u00e0, pressupost, equip t\u00e8cnic, artistes i disposar el necessari per satisfer-les.<\/p>\n<p>&nbsp;<\/p>\n<ul>\n<li><strong>Equip auxiliar <\/strong><\/li>\n<\/ul>\n<p>Per \u00faltim, trobem un immens equip d\u2019auxiliar i ajudants que participen en m\u00faltiples tasques de preproducci\u00f3 i muntatge, aix\u00ed com durant el mateix desenvolupament del festival ajudant als diferents equips t\u00e8cnics en les seves tasques.<\/p>\n<p>&nbsp;<\/p>\n<p>Amb aquests dos grans pilars t\u2019assegurar\u00e0s de promocionar el teu esdeveniment tal com es mereix i comptar\u00e0s amb tot un equip de professionals per estar a l\u2019altura dels artistes del teu festival.<\/p>\n<p>Vols assessorament per a l\u2019organitzaci\u00f3 de la pr\u00f2xima edici\u00f3 del teu festival? <strong><em>Parlem!<\/em><\/strong><\/p>\n<p>&nbsp;<\/p>\n<p><a href=\"https:\/\/eikonos.com\/ca\/serveis\/esdeveniments-audiovisuals\/\"><img loading=\"lazy\" decoding=\"async\" class=\"aligncenter wp-image-5478 size-full\" src=\"https:\/\/eikonos.com\/wp-content\/uploads\/2018\/05\/CTA_EIKONOS_instalaciones_fijas-CAT-1.png\" alt=\"Eikonos instal\u00b7lacions audiovisuals fixes\" width=\"741\" height=\"250\" srcset=\"https:\/\/eikonos.com\/wp-content\/uploads\/2018\/05\/CTA_EIKONOS_instalaciones_fijas-CAT-1.png 741w, https:\/\/eikonos.com\/wp-content\/uploads\/2018\/05\/CTA_EIKONOS_instalaciones_fijas-CAT-1-300x101.png 300w\" sizes=\"auto, (max-width: 741px) 100vw, 741px\" \/><\/a><\/p>\n","protected":false},"excerpt":{"rendered":"<p>No hi ha \u00e8xits sense un equip amb talent que ho faci possible. Els professionals&#8230;<\/p>\n","protected":false},"author":6,"featured_media":5555,"comment_status":"open","ping_status":"open","sticky":false,"template":"","format":"standard","meta":{"_acf_changed":false,"footnotes":""},"categories":[260],"tags":[],"class_list":["post-5608","post","type-post","status-publish","format-standard","has-post-thumbnail","hentry","category-esdeveniments-audiovisuals"],"acf":[],"yoast_head":"<!-- This site is optimized with the Yoast SEO plugin v26.3 - https:\/\/yoast.com\/wordpress\/plugins\/seo\/ -->\n<title>L&#039;equip t\u00e8cnic que necessites per muntar festivals | EIKONOS<\/title>\n<meta name=\"description\" content=\"Coneixes l\u2019equip t\u00e8cnic per festivals que necessites per aconseguir un espectacle memorable? Agafa nota de l\u2019equip de professionals que vas a necessitar per estar a l\u2019altura dels artistes del festival.\" \/>\n<meta name=\"robots\" content=\"index, follow, max-snippet:-1, max-image-preview:large, max-video-preview:-1\" \/>\n<link rel=\"canonical\" href=\"https:\/\/eikonos.com\/ca\/blog\/equip-tecnic-festivals-espectaculars\/\" \/>\n<meta property=\"og:locale\" content=\"ca_ES\" \/>\n<meta property=\"og:type\" content=\"article\" \/>\n<meta property=\"og:title\" content=\"L&#039;equip t\u00e8cnic que necessites per muntar festivals | EIKONOS\" \/>\n<meta property=\"og:description\" content=\"Coneixes l\u2019equip t\u00e8cnic per festivals que necessites per aconseguir un espectacle memorable? Agafa nota de l\u2019equip de professionals que vas a necessitar per estar a l\u2019altura dels artistes del festival.\" \/>\n<meta property=\"og:url\" content=\"https:\/\/eikonos.com\/ca\/blog\/equip-tecnic-festivals-espectaculars\/\" \/>\n<meta property=\"og:site_name\" content=\"EIKONOS\" \/>\n<meta property=\"article:publisher\" content=\"http:\/\/www.facebook.com\/pages\/Eikonos\/176324785746790\" \/>\n<meta property=\"article:published_time\" content=\"2018-06-19T14:57:18+00:00\" \/>\n<meta property=\"og:image\" content=\"https:\/\/eikonos.com\/wp-content\/uploads\/2018\/06\/equipo-tecnico-festivales-1.jpg\" \/>\n\t<meta property=\"og:image:width\" content=\"724\" \/>\n\t<meta property=\"og:image:height\" content=\"432\" \/>\n\t<meta property=\"og:image:type\" content=\"image\/jpeg\" \/>\n<meta name=\"author\" content=\"Xavi Eikonos\" \/>\n<meta name=\"twitter:card\" content=\"summary_large_image\" \/>\n<meta name=\"twitter:creator\" content=\"@eikonos_sa\" \/>\n<meta name=\"twitter:site\" content=\"@eikonos_sa\" \/>\n<meta name=\"twitter:label1\" content=\"Escrit per\" \/>\n\t<meta name=\"twitter:data1\" content=\"Xavi Eikonos\" \/>\n\t<meta name=\"twitter:label2\" content=\"Temps estimat de lectura\" \/>\n\t<meta name=\"twitter:data2\" content=\"4 minuts\" \/>\n<script type=\"application\/ld+json\" class=\"yoast-schema-graph\">{\"@context\":\"https:\/\/schema.org\",\"@graph\":[{\"@type\":\"Article\",\"@id\":\"https:\/\/eikonos.com\/ca\/blog\/equip-tecnic-festivals-espectaculars\/#article\",\"isPartOf\":{\"@id\":\"https:\/\/eikonos.com\/ca\/blog\/equip-tecnic-festivals-espectaculars\/\"},\"author\":{\"name\":\"Xavi Eikonos\",\"@id\":\"https:\/\/eikonos.com\/ca\/#\/schema\/person\/82032860cc314d826959b90595a5280a\"},\"headline\":\"L\u2019equip t\u00e8cnic que necessites per muntar un festival espectacular\",\"datePublished\":\"2018-06-19T14:57:18+00:00\",\"mainEntityOfPage\":{\"@id\":\"https:\/\/eikonos.com\/ca\/blog\/equip-tecnic-festivals-espectaculars\/\"},\"wordCount\":806,\"commentCount\":0,\"publisher\":{\"@id\":\"https:\/\/eikonos.com\/ca\/#organization\"},\"image\":{\"@id\":\"https:\/\/eikonos.com\/ca\/blog\/equip-tecnic-festivals-espectaculars\/#primaryimage\"},\"thumbnailUrl\":\"https:\/\/eikonos.com\/wp-content\/uploads\/2018\/06\/equipo-tecnico-festivales-1.jpg\",\"articleSection\":[\"Esdeveniments audiovisuals\"],\"inLanguage\":\"ca\",\"potentialAction\":[{\"@type\":\"CommentAction\",\"name\":\"Comment\",\"target\":[\"https:\/\/eikonos.com\/ca\/blog\/equip-tecnic-festivals-espectaculars\/#respond\"]}]},{\"@type\":\"WebPage\",\"@id\":\"https:\/\/eikonos.com\/ca\/blog\/equip-tecnic-festivals-espectaculars\/\",\"url\":\"https:\/\/eikonos.com\/ca\/blog\/equip-tecnic-festivals-espectaculars\/\",\"name\":\"L'equip t\u00e8cnic que necessites per muntar festivals | EIKONOS\",\"isPartOf\":{\"@id\":\"https:\/\/eikonos.com\/ca\/#website\"},\"primaryImageOfPage\":{\"@id\":\"https:\/\/eikonos.com\/ca\/blog\/equip-tecnic-festivals-espectaculars\/#primaryimage\"},\"image\":{\"@id\":\"https:\/\/eikonos.com\/ca\/blog\/equip-tecnic-festivals-espectaculars\/#primaryimage\"},\"thumbnailUrl\":\"https:\/\/eikonos.com\/wp-content\/uploads\/2018\/06\/equipo-tecnico-festivales-1.jpg\",\"datePublished\":\"2018-06-19T14:57:18+00:00\",\"description\":\"Coneixes l\u2019equip t\u00e8cnic per festivals que necessites per aconseguir un espectacle memorable? Agafa nota de l\u2019equip de professionals que vas a necessitar per estar a l\u2019altura dels artistes del festival.\",\"breadcrumb\":{\"@id\":\"https:\/\/eikonos.com\/ca\/blog\/equip-tecnic-festivals-espectaculars\/#breadcrumb\"},\"inLanguage\":\"ca\",\"potentialAction\":[{\"@type\":\"ReadAction\",\"target\":[\"https:\/\/eikonos.com\/ca\/blog\/equip-tecnic-festivals-espectaculars\/\"]}]},{\"@type\":\"ImageObject\",\"inLanguage\":\"ca\",\"@id\":\"https:\/\/eikonos.com\/ca\/blog\/equip-tecnic-festivals-espectaculars\/#primaryimage\",\"url\":\"https:\/\/eikonos.com\/wp-content\/uploads\/2018\/06\/equipo-tecnico-festivales-1.jpg\",\"contentUrl\":\"https:\/\/eikonos.com\/wp-content\/uploads\/2018\/06\/equipo-tecnico-festivales-1.jpg\",\"width\":724,\"height\":432,\"caption\":\"Equip t\u00e8cnico para festivals\"},{\"@type\":\"BreadcrumbList\",\"@id\":\"https:\/\/eikonos.com\/ca\/blog\/equip-tecnic-festivals-espectaculars\/#breadcrumb\",\"itemListElement\":[{\"@type\":\"ListItem\",\"position\":1,\"name\":\"EIKONOS\",\"item\":\"https:\/\/eikonos.com\/ca\/inici\/\"},{\"@type\":\"ListItem\",\"position\":2,\"name\":\"L\u2019equip t\u00e8cnic que necessites per muntar un festival espectacular\"}]},{\"@type\":\"WebSite\",\"@id\":\"https:\/\/eikonos.com\/ca\/#website\",\"url\":\"https:\/\/eikonos.com\/ca\/\",\"name\":\"EIKONOS\",\"description\":\"EXPERIENCIA AUDIOVISUAL\",\"publisher\":{\"@id\":\"https:\/\/eikonos.com\/ca\/#organization\"},\"potentialAction\":[{\"@type\":\"SearchAction\",\"target\":{\"@type\":\"EntryPoint\",\"urlTemplate\":\"https:\/\/eikonos.com\/ca\/?s={search_term_string}\"},\"query-input\":{\"@type\":\"PropertyValueSpecification\",\"valueRequired\":true,\"valueName\":\"search_term_string\"}}],\"inLanguage\":\"ca\"},{\"@type\":\"Organization\",\"@id\":\"https:\/\/eikonos.com\/ca\/#organization\",\"name\":\"EIKONOS | Servicios Audiovisuales, eventos y alquiler de equipos\",\"url\":\"https:\/\/eikonos.com\/ca\/\",\"logo\":{\"@type\":\"ImageObject\",\"inLanguage\":\"ca\",\"@id\":\"https:\/\/eikonos.com\/ca\/#\/schema\/logo\/image\/\",\"url\":\"https:\/\/eikonos.com\/wp-content\/uploads\/2020\/08\/logo-color.png\",\"contentUrl\":\"https:\/\/eikonos.com\/wp-content\/uploads\/2020\/08\/logo-color.png\",\"width\":376,\"height\":122,\"caption\":\"EIKONOS | Servicios Audiovisuales, eventos y alquiler de equipos\"},\"image\":{\"@id\":\"https:\/\/eikonos.com\/ca\/#\/schema\/logo\/image\/\"},\"sameAs\":[\"http:\/\/www.facebook.com\/pages\/Eikonos\/176324785746790\",\"https:\/\/x.com\/eikonos_sa\",\"http:\/\/www.linkedin.com\/company\/eikonos\",\"http:\/\/www.youtube.com\/channel\/UC8wcizWaAYbfsuqVf9wIT6w\"]},{\"@type\":\"Person\",\"@id\":\"https:\/\/eikonos.com\/ca\/#\/schema\/person\/82032860cc314d826959b90595a5280a\",\"name\":\"Xavi Eikonos\",\"image\":{\"@type\":\"ImageObject\",\"inLanguage\":\"ca\",\"@id\":\"https:\/\/eikonos.com\/ca\/#\/schema\/person\/image\/\",\"url\":\"https:\/\/secure.gravatar.com\/avatar\/a6c6b51dd0ac6902701aab24a914f6febe1518f94a5ae06db08b3d6107248dfd?s=96&d=mm&r=g\",\"contentUrl\":\"https:\/\/secure.gravatar.com\/avatar\/a6c6b51dd0ac6902701aab24a914f6febe1518f94a5ae06db08b3d6107248dfd?s=96&d=mm&r=g\",\"caption\":\"Xavi Eikonos\"}}]}<\/script>\n<!-- \/ Yoast SEO plugin. -->","yoast_head_json":{"title":"L'equip t\u00e8cnic que necessites per muntar festivals | EIKONOS","description":"Coneixes l\u2019equip t\u00e8cnic per festivals que necessites per aconseguir un espectacle memorable? Agafa nota de l\u2019equip de professionals que vas a necessitar per estar a l\u2019altura dels artistes del festival.","robots":{"index":"index","follow":"follow","max-snippet":"max-snippet:-1","max-image-preview":"max-image-preview:large","max-video-preview":"max-video-preview:-1"},"canonical":"https:\/\/eikonos.com\/ca\/blog\/equip-tecnic-festivals-espectaculars\/","og_locale":"ca_ES","og_type":"article","og_title":"L'equip t\u00e8cnic que necessites per muntar festivals | EIKONOS","og_description":"Coneixes l\u2019equip t\u00e8cnic per festivals que necessites per aconseguir un espectacle memorable? Agafa nota de l\u2019equip de professionals que vas a necessitar per estar a l\u2019altura dels artistes del festival.","og_url":"https:\/\/eikonos.com\/ca\/blog\/equip-tecnic-festivals-espectaculars\/","og_site_name":"EIKONOS","article_publisher":"http:\/\/www.facebook.com\/pages\/Eikonos\/176324785746790","article_published_time":"2018-06-19T14:57:18+00:00","og_image":[{"width":724,"height":432,"url":"https:\/\/eikonos.com\/wp-content\/uploads\/2018\/06\/equipo-tecnico-festivales-1.jpg","type":"image\/jpeg"}],"author":"Xavi Eikonos","twitter_card":"summary_large_image","twitter_creator":"@eikonos_sa","twitter_site":"@eikonos_sa","twitter_misc":{"Escrit per":"Xavi Eikonos","Temps estimat de lectura":"4 minuts"},"schema":{"@context":"https:\/\/schema.org","@graph":[{"@type":"Article","@id":"https:\/\/eikonos.com\/ca\/blog\/equip-tecnic-festivals-espectaculars\/#article","isPartOf":{"@id":"https:\/\/eikonos.com\/ca\/blog\/equip-tecnic-festivals-espectaculars\/"},"author":{"name":"Xavi Eikonos","@id":"https:\/\/eikonos.com\/ca\/#\/schema\/person\/82032860cc314d826959b90595a5280a"},"headline":"L\u2019equip t\u00e8cnic que necessites per muntar un festival espectacular","datePublished":"2018-06-19T14:57:18+00:00","mainEntityOfPage":{"@id":"https:\/\/eikonos.com\/ca\/blog\/equip-tecnic-festivals-espectaculars\/"},"wordCount":806,"commentCount":0,"publisher":{"@id":"https:\/\/eikonos.com\/ca\/#organization"},"image":{"@id":"https:\/\/eikonos.com\/ca\/blog\/equip-tecnic-festivals-espectaculars\/#primaryimage"},"thumbnailUrl":"https:\/\/eikonos.com\/wp-content\/uploads\/2018\/06\/equipo-tecnico-festivales-1.jpg","articleSection":["Esdeveniments audiovisuals"],"inLanguage":"ca","potentialAction":[{"@type":"CommentAction","name":"Comment","target":["https:\/\/eikonos.com\/ca\/blog\/equip-tecnic-festivals-espectaculars\/#respond"]}]},{"@type":"WebPage","@id":"https:\/\/eikonos.com\/ca\/blog\/equip-tecnic-festivals-espectaculars\/","url":"https:\/\/eikonos.com\/ca\/blog\/equip-tecnic-festivals-espectaculars\/","name":"L'equip t\u00e8cnic que necessites per muntar festivals | EIKONOS","isPartOf":{"@id":"https:\/\/eikonos.com\/ca\/#website"},"primaryImageOfPage":{"@id":"https:\/\/eikonos.com\/ca\/blog\/equip-tecnic-festivals-espectaculars\/#primaryimage"},"image":{"@id":"https:\/\/eikonos.com\/ca\/blog\/equip-tecnic-festivals-espectaculars\/#primaryimage"},"thumbnailUrl":"https:\/\/eikonos.com\/wp-content\/uploads\/2018\/06\/equipo-tecnico-festivales-1.jpg","datePublished":"2018-06-19T14:57:18+00:00","description":"Coneixes l\u2019equip t\u00e8cnic per festivals que necessites per aconseguir un espectacle memorable? Agafa nota de l\u2019equip de professionals que vas a necessitar per estar a l\u2019altura dels artistes del festival.","breadcrumb":{"@id":"https:\/\/eikonos.com\/ca\/blog\/equip-tecnic-festivals-espectaculars\/#breadcrumb"},"inLanguage":"ca","potentialAction":[{"@type":"ReadAction","target":["https:\/\/eikonos.com\/ca\/blog\/equip-tecnic-festivals-espectaculars\/"]}]},{"@type":"ImageObject","inLanguage":"ca","@id":"https:\/\/eikonos.com\/ca\/blog\/equip-tecnic-festivals-espectaculars\/#primaryimage","url":"https:\/\/eikonos.com\/wp-content\/uploads\/2018\/06\/equipo-tecnico-festivales-1.jpg","contentUrl":"https:\/\/eikonos.com\/wp-content\/uploads\/2018\/06\/equipo-tecnico-festivales-1.jpg","width":724,"height":432,"caption":"Equip t\u00e8cnico para festivals"},{"@type":"BreadcrumbList","@id":"https:\/\/eikonos.com\/ca\/blog\/equip-tecnic-festivals-espectaculars\/#breadcrumb","itemListElement":[{"@type":"ListItem","position":1,"name":"EIKONOS","item":"https:\/\/eikonos.com\/ca\/inici\/"},{"@type":"ListItem","position":2,"name":"L\u2019equip t\u00e8cnic que necessites per muntar un festival espectacular"}]},{"@type":"WebSite","@id":"https:\/\/eikonos.com\/ca\/#website","url":"https:\/\/eikonos.com\/ca\/","name":"EIKONOS","description":"EXPERIENCIA AUDIOVISUAL","publisher":{"@id":"https:\/\/eikonos.com\/ca\/#organization"},"potentialAction":[{"@type":"SearchAction","target":{"@type":"EntryPoint","urlTemplate":"https:\/\/eikonos.com\/ca\/?s={search_term_string}"},"query-input":{"@type":"PropertyValueSpecification","valueRequired":true,"valueName":"search_term_string"}}],"inLanguage":"ca"},{"@type":"Organization","@id":"https:\/\/eikonos.com\/ca\/#organization","name":"EIKONOS | Servicios Audiovisuales, eventos y alquiler de equipos","url":"https:\/\/eikonos.com\/ca\/","logo":{"@type":"ImageObject","inLanguage":"ca","@id":"https:\/\/eikonos.com\/ca\/#\/schema\/logo\/image\/","url":"https:\/\/eikonos.com\/wp-content\/uploads\/2020\/08\/logo-color.png","contentUrl":"https:\/\/eikonos.com\/wp-content\/uploads\/2020\/08\/logo-color.png","width":376,"height":122,"caption":"EIKONOS | Servicios Audiovisuales, eventos y alquiler de equipos"},"image":{"@id":"https:\/\/eikonos.com\/ca\/#\/schema\/logo\/image\/"},"sameAs":["http:\/\/www.facebook.com\/pages\/Eikonos\/176324785746790","https:\/\/x.com\/eikonos_sa","http:\/\/www.linkedin.com\/company\/eikonos","http:\/\/www.youtube.com\/channel\/UC8wcizWaAYbfsuqVf9wIT6w"]},{"@type":"Person","@id":"https:\/\/eikonos.com\/ca\/#\/schema\/person\/82032860cc314d826959b90595a5280a","name":"Xavi Eikonos","image":{"@type":"ImageObject","inLanguage":"ca","@id":"https:\/\/eikonos.com\/ca\/#\/schema\/person\/image\/","url":"https:\/\/secure.gravatar.com\/avatar\/a6c6b51dd0ac6902701aab24a914f6febe1518f94a5ae06db08b3d6107248dfd?s=96&d=mm&r=g","contentUrl":"https:\/\/secure.gravatar.com\/avatar\/a6c6b51dd0ac6902701aab24a914f6febe1518f94a5ae06db08b3d6107248dfd?s=96&d=mm&r=g","caption":"Xavi Eikonos"}}]}},"_links":{"self":[{"href":"https:\/\/eikonos.com\/ca\/wp-json\/wp\/v2\/posts\/5608","targetHints":{"allow":["GET"]}}],"collection":[{"href":"https:\/\/eikonos.com\/ca\/wp-json\/wp\/v2\/posts"}],"about":[{"href":"https:\/\/eikonos.com\/ca\/wp-json\/wp\/v2\/types\/post"}],"author":[{"embeddable":true,"href":"https:\/\/eikonos.com\/ca\/wp-json\/wp\/v2\/users\/6"}],"replies":[{"embeddable":true,"href":"https:\/\/eikonos.com\/ca\/wp-json\/wp\/v2\/comments?post=5608"}],"version-history":[{"count":0,"href":"https:\/\/eikonos.com\/ca\/wp-json\/wp\/v2\/posts\/5608\/revisions"}],"wp:featuredmedia":[{"embeddable":true,"href":"https:\/\/eikonos.com\/ca\/wp-json\/wp\/v2\/media\/5555"}],"wp:attachment":[{"href":"https:\/\/eikonos.com\/ca\/wp-json\/wp\/v2\/media?parent=5608"}],"wp:term":[{"taxonomy":"category","embeddable":true,"href":"https:\/\/eikonos.com\/ca\/wp-json\/wp\/v2\/categories?post=5608"},{"taxonomy":"post_tag","embeddable":true,"href":"https:\/\/eikonos.com\/ca\/wp-json\/wp\/v2\/tags?post=5608"}],"curies":[{"name":"wp","href":"https:\/\/api.w.org\/{rel}","templated":true}]}}